{"id":10525,"date":"2020-12-18T08:43:50","date_gmt":"2020-12-18T07:43:50","guid":{"rendered":"http:\/\/www.caudete.org\/ayuntamiento\/?p=10525"},"modified":"2020-12-19T20:05:59","modified_gmt":"2020-12-19T19:05:59","slug":"comunicado-municipal-medidas-nivel-iii-situacion-actual-covid-19","status":"publish","type":"post","link":"https:\/\/www.caudete.org\/ayuntamiento\/comunicado-municipal-medidas-nivel-iii-situacion-actual-covid-19\/","title":{"rendered":"COMUNICADO MUNICIPAL &#8211; Medidas Nivel III &#8211; Situaci\u00f3n actual Covid-19"},"content":{"rendered":"<p style=\"text-align: justify;\">El M. I. Ayuntamiento de Caudete, con la firme intenci\u00f3n de mantener informados a todos los ciudadanos de Caudete, y comunicar el obligado cumplimiento de las medidas vigentes ante la situaci\u00f3n sanitaria existente en la localidad, emite el siguiente Comunicado Oficial.<br \/>\nDonde se recogen las principales Medidas especiales en materia de Salud P\u00fablica para la contenci\u00f3n de la expansi\u00f3n del Covid-19 en Caudete (Albacete), recogidas en la Resoluci\u00f3n de 17 de Diciembre de 2020 de la Delegada Provincial de Sanidad; as\u00ed como la Ampliaci\u00f3n de medidas adoptadas por la Alcald\u00eda de Caudete, como complemento de las establecidas por la Autoridad Sanitaria, mediante Resoluci\u00f3n de Alcald\u00eda n\u00ba2747 de 17\/12\/2020.<\/p>\n<p style=\"text-align: justify;\"><strong>RESUMEN<\/strong><br \/>\nDe la Resoluci\u00f3n de 17 de Diciembre de 2020 de la Delegada Provincial de Sanidad, por la que se adoptan medidas de la Ley Org\u00e1nica 3\/1986, de 14 de Abril, de Medidas Especiales en Materia de Salud P\u00fablica para la contenci\u00f3n de la expansi\u00f3n del Covid-19 en Caudete (Albacete).<br \/>\n<strong>1\u00ba.-<\/strong>\u00a0Las medidas especiales son obligatorias y de aplicaci\u00f3n inmediata desde la fecha de su firma. Por ello, en estos momentos ya est\u00e1n vigentes y son de obligado cumplimiento.<br \/>\n<strong>2\u00ba.-<\/strong>\u00a0Las medidas adoptadas se aplicar\u00e1n durante 10 d\u00edas, pudiendo prorrogarse en funci\u00f3n de la evoluci\u00f3n, que en caso de empeorar se adoptar\u00edan medidas complementarias a las ya establecidas.<\/p>\n<p style=\"text-align: justify;\"><strong>ACTUACIONES SOBRE LOCALES DE OCIO<\/strong><br \/>\n<strong>3\u00ba.-<\/strong>\u00a0Cierre de hogares de jubilados y centros colectivos de sociedades recreativas y culturales.<br \/>\n<strong>4\u00ba.-<\/strong>\u00a0Suspensi\u00f3n de la actividad en el interior de locales de Bares, Restaurantes y resto de establecimientos de hosteler\u00eda, as\u00ed como en establecimientos considerados como salas de bin-go, casinos, salones recreativos y de juegos y locales espec\u00edficos de apuestas en los que pueda existir servicio de hosteler\u00eda asociado a su actividad.<br \/>\nSe except\u00faan de esta medida aquellos locales y establecimientos que en virtud de sus especiales caracter\u00edsticas presten un servicio que se pueda considerar esencial o no sustituible:<br \/>\n&#8211; Servicios de hosteler\u00eda de hospitales y cl\u00ednicas, para uso de usuarios y profesionales.<br \/>\n&#8211; Servicios de hosteler\u00eda y restauraci\u00f3n de establecimientos hoteleros, para uso exclusivo de los clientes alojados en los mismos.<br \/>\n&#8211; Servicios de hosteler\u00eda y restauraci\u00f3n situados en empresas y lugares de trabajo, para uso exclusivo a empleados.<br \/>\nEn los antedichos supuestos, queda suspendido el servicio en barra y su aforo m\u00e1ximo se establecer\u00e1 en un tercio del fijado habitualmente, manteniendo en todo momento el resto de medidas establecidas en la normativa en cuanto a distancias de seguridad y agrupaci\u00f3n.<br \/>\n<strong>5\u00ba.-<\/strong>\u00a0Los espacios al aire libre de bares y restaurantes reducir\u00e1n su aforo al 50% del n\u00famero m\u00e1ximo de mesas que tuvieran establecido previamente con distancia de al menos 2 metros entre las sillas de diferentes mesas, manteniendo en todo momento el resto de medidas establecidas en la normativa en cuanto a distancias de seguridad y agrupaci\u00f3n.<br \/>\n<strong>6\u00ba.-<\/strong>\u00a0Cierre de bares, pubs, cafeter\u00edas, establecimientos de restauraci\u00f3n y similares a las 23:00 horas.<br \/>\n<strong>7\u00ba.-\u00a0<\/strong>Para garantizar el control de aforo y el mantenimiento de las medidas de seguridad, en establecimientos de hosteler\u00eda queda prohibido el servicio a las personas usuarias que no se encuentren sentadas en las mesas dispuestas a tal efecto, tanto en espacios al aire libre como cerrados, as\u00ed como el consumo de comidas y bebidas fuera de estas.<br \/>\n<strong>8\u00ba.-<\/strong> Las celebraciones posteriores a eventos como bodas, comuniones, bautizos y otros de similares caracter\u00edsticas en locales de hosteler\u00eda y restauraci\u00f3n tendr\u00e1n limitado su aforo a 60 personas en espacio abierto. Si estas celebraciones posteriores se llevan a cabo en otro tipo de instalaciones, no se podr\u00e1 superar el n\u00famero m\u00e1ximo de 6 personas. Se deber\u00e1 garantizar el resto de las medidas recogidas en la regulaci\u00f3n en vigor siempre garantizando el resto de las medidas recogidas en la regulaci\u00f3n en vigor.<br \/>\n<strong>9\u00ba.-<\/strong>\u00a0En establecimientos considerados como salas de bingo, casinos, salones recreativos y de juegos y locales espec\u00edficos de apuestas, en los que no exista servicio de hosteler\u00eda se li-mitar\u00e1 el aforo m\u00e1ximo al 30% del establecido.<\/p>\n<p style=\"text-align: justify;\"><strong>ACTUACIONES SOBRE CENTROS SOCIO-SANITARIOS<\/strong><br \/>\n<strong>10\u00ba.-<\/strong> Suspensi\u00f3n cautelar de la actividad en los Centros de D\u00eda de personas mayores y personas con discapacidad y de servicios de estancias diurnas de personas mayores.<br \/>\n<strong>11\u00ba.-<\/strong> Suspensi\u00f3n de visitas sociales en residencias de mayores, centros para personas con discapacidad grave, viviendas tuteladas de mayores y centros residenciales sociosanitarios. La entrada a estos centros de personas ajenas a los mismos se limitar\u00e1 a lo estrictamente necesario. Las viviendas supervisadas y las viviendas para personas con discapacidad quedan exceptuadas del cumplimiento de esta medida, pero deber\u00e1n observarse todas las medidas preventivas generales (distanciamiento, uso de mascarillas, uso de soluciones hidroalcoh\u00f3licas, y resto de medidas de prevenci\u00f3n de posibles contagios).<\/p>\n<p style=\"text-align: justify;\"><strong>ACTIVIDADES RELIGIOSAS DE \u00c1MBITO SOCIAL<\/strong><br \/>\n<strong>12\u00ba.-\u00a0<\/strong>Velatorios y comitivas f\u00fanebres: un m\u00e1ximo de 6 personas en los velatorios y comitivas f\u00fanebres.<br \/>\n<strong>13\u00ba.-\u00a0<\/strong>Restricci\u00f3n del n\u00famero de personas en eventos sociales tales como bodas y bautizos: Se limita la permanencia de personas en lugares de culto en espacios cerrados mediante la fijaci\u00f3n del 40% de aforo. La permanencia de personas en lugares de culto en espacios al aire libre deber\u00e1 garantizar la distancia de seguridad interpersonal y el resto de la normativa higi\u00e9nico sanitaria sobre prevenci\u00f3n y contenci\u00f3n del COVID-19, no debiendo superar el n\u00famero m\u00e1ximo de cien personas.<\/p>\n<p style=\"text-align: justify;\"><strong>CONSUMO DE ALCOHOL<\/strong><br \/>\n<strong>14\u00ba.-<\/strong>\u00a0Se reforzar\u00e1n los controles para impedir el consumo de alcohol que no estuviera autorizado y otras actividades no permitidas en la v\u00eda p\u00fablica. En este sentido, la comunidad aut\u00f3noma de Castilla-La Mancha y la autoridad aplicar\u00e1n rigurosamente las sanciones correspondientes.<br \/>\n<strong>15\u00ba.-\u00a0<\/strong>El Ayuntamiento aumentar\u00e1 la vigilancia para detectar y sancionar estos comportamientos y actividades.<\/p>\n<p style=\"text-align: justify;\"><strong>MEDIDAS COMPLEMENTARIAS<\/strong><br \/>\n16\u00ba.- Suspensi\u00f3n de actividades colectivas de ocio, tales como espect\u00e1culos, eventos culturales, deportivos, taurinos u otros que puedan suponer la concentraci\u00f3n de personas y no est\u00e9n reflejados en los otros supuestos contenidos en estas medidas. Podr\u00e1n celebrarse estas actividades cuando est\u00e9n promovidas por asociaciones, pe\u00f1as y particulares siempre que no se supere el grupo m\u00e1ximo de 6 personas.<br \/>\n<strong>17\u00ba.-\u00a0<\/strong>Las competiciones de \u00e1mbito federativo podr\u00e1n celebrarse sin la presencia de p\u00fablico, y conforme a los protocolos en vigencia en cada caso. Se podr\u00e1n celebrar competiciones deportivas no federadas siempre que no se supere el grupo m\u00e1ximo de 6 personas.<br \/>\n<strong>18\u00ba.-<\/strong>\u00a0Las visitas guiadas a monumento y lugares de inter\u00e9s cultural ver\u00e1n limitado el tama\u00f1o m\u00e1ximo de los grupos a seis personas.<br \/>\n<strong>19\u00ba.-\u00a0<\/strong>Academias, autoescuelas y otros centros de formaci\u00f3n no reglada disminuir\u00e1n su aforo m\u00e1ximo al 50% por ciento del habitual.<br \/>\n<strong>20\u00ba.-<\/strong>\u00a0Cierre cautelar de cines, teatros y auditorios.<br \/>\n<strong>21\u00ba.-\u00a0<\/strong>Cierre cautelar de Bibliotecas y Museos.<br \/>\n<strong>22\u00ba.-\u00a0<\/strong>En instalaciones deportivas de cualquier titularidad, el aforo m\u00e1ximo ser\u00e1 del 20% en espacios interiores y del 50% en espacios exteriores.<br \/>\n<strong>23\u00ba.-<\/strong> Cierre de las Piscinas Municipales y otras instalaciones de este tipo para uso recreativo p\u00fablico independientemente de su titularidad.<br \/>\n<strong>24\u00ba.-\u00a0<\/strong>Mercadillos y mercados al aire libre deber\u00e1n limitar el n\u00famero de puestos instalados a 1\/3 del previamente establecido. Se deber\u00e1 asegurar una distancia de seguridad entre puestos de al menos 4 metros.<br \/>\n<strong>25\u00ba.-<\/strong> Cierre cautelar de parques, jardines y espacios p\u00fablicos de caracter\u00edsticas similares durante el horario comprendido entre las 22:00 y las 08:00 horas. Durante su apertura se supervisar\u00e1 el mantenimiento de las medidas de prevenci\u00f3n y protecci\u00f3n individual adecuadas.<br \/>\n<strong>26\u00ba.-<\/strong> En las tiendas y dem\u00e1s establecimientos comerciales, se extremar\u00e1n las medidas higi\u00e9nicosanitarias. Se deber\u00e1 realizar higiene de manos con gel hidroalcoh\u00f3lico en la entrada del establecimiento. Los locales comerciales, incluyendo supermercados y centros comerciales, limitar\u00e1n su aforo a un tercio del aforo m\u00e1ximo.<br \/>\n<strong>27\u00ba.-\u00a0<\/strong>Se limitar\u00e1 al 50% la ocupaci\u00f3n de autobuses urbanos y taxis.<\/p>\n<p style=\"text-align: justify;\"><strong>MEDIDAS ADOPTADAS POR LA ALCALD\u00cdA DE CAUDETE<\/strong><br \/>\nComo complemento de las establecidas por la Autoridad Sanitaria; mediante Resoluci\u00f3n de Alcald\u00eda n\u00ba2747 de 17\/12\/2020.<br \/>\nMientras est\u00e9n vigentes las medidas anteriores, se resuelve:<\/p>\n<p style=\"text-align: justify;\"><strong>PRIMERO.-\u00a0<\/strong>Suspender la celebraci\u00f3n de todos los eventos y actividades municipales. A tal efecto, se mantendr\u00e1n cerradas cautelarmente las siguientes instalaciones municipales:<br \/>\n\u2022El edificio de Casa de la Cultura, que incluye las instalaciones de la Biblioteca P\u00fablica Munici-pal \u201cAna Mar\u00eda Matute\u201d, Sala de Exposiciones \u201cPintor Perezgil\u201d, Museo de Acuarela \u201cRafael Requena\u201d, Auditorio, Centro Joven y actividades de la Universidad Popular.<br \/>\n\u2022Las instalaciones deportivas municipales, que incluye la Piscina Cubierta Municipal, Ciudad Deportiva \u201cAntonio Amor\u00f3s\u201d y Escuelas Deportivas Municipales.<br \/>\n\u2022El Centro Social \u201cAlcalde Vicente Lillo\u201d y restantes espacios municipales cedidos a asocia-ciones locales.<\/p>\n<p style=\"text-align: justify;\"><strong>SEGUNDO.-<\/strong>\u00a0Los Parques, Jardines y espacios p\u00fablicos de caracter\u00edsticas similares permane-cer\u00e1n cerrados cautelarmente las 24 horas del d\u00eda.<\/p>\n<p style=\"text-align: justify;\">Se ruega a la ciudadan\u00eda el cumplimiento total de las normas establecidas por las diferentes ad-ministraciones p\u00fablicas para hacer frente con las mayores garant\u00edas a la situaci\u00f3n sanitaria, y frenar por tanto los contagios.<\/p>\n<p style=\"text-align: justify;\"><strong>EL ALCALDE<\/strong><br \/>\nMois\u00e9s L\u00f3pez Mart\u00ednez<\/p>\n<p style=\"text-align: justify;\"><strong>AQU\u00cd LA INFORMACI\u00d3N EN V\u00cdDEO:<\/strong><br \/>\n<a href=\"https:\/\/youtu.be\/cq0JSvvsN9I\" target=\"_blank\" rel=\"nofollow\">https:\/\/youtu.be\/cq0JSvvsN9I<\/a><\/p>\n<p style=\"text-align: justify;\"><a href=\"http:\/\/www.caudete.org\/ayuntamiento\/wp-content\/uploads\/2020\/12\/COMUNICADO_OFICIAL_MEDIDAS_NIVEL_III_-_17122020_-_SEFYCU_2397672.pdf\" class=\"mtli_attachment mtli_pdf\"><strong>COMUNICADO OFICIAL MEDIDAS NIVEL III\u00a0 \u00a0Clic aqu\u00ed.<\/strong><\/a><\/p>\n<p style=\"text-align: justify;\"><a href=\"http:\/\/www.caudete.org\/ayuntamiento\/wp-content\/uploads\/2020\/12\/COMUNICADO_OFICIAL_MEDIDAS_NIVEL_III_-_17122020_-_SEFYCU_2397672.pdf\" class=\"mtli_attachment mtli_pdf\"><img fetchpriority=\"high\" decoding=\"async\" class=\"alignnone size-medium wp-image-10539\" src=\"http:\/\/www.caudete.org\/ayuntamiento\/wp-content\/uploads\/2020\/12\/COMUNICADO-OFICIAL-MEDIDAS-NIVEL-III-300x219.jpg\" rel='prettyPhoto' alt=\"\" width=\"300\" height=\"219\" srcset=\"https:\/\/www.caudete.org\/ayuntamiento\/wp-content\/uploads\/2020\/12\/COMUNICADO-OFICIAL-MEDIDAS-NIVEL-III-300x219.jpg 300w, https:\/\/www.caudete.org\/ayuntamiento\/wp-content\/uploads\/2020\/12\/COMUNICADO-OFICIAL-MEDIDAS-NIVEL-III-1024x747.jpg 1024w, https:\/\/www.caudete.org\/ayuntamiento\/wp-content\/uploads\/2020\/12\/COMUNICADO-OFICIAL-MEDIDAS-NIVEL-III-768x561.jpg 768w, https:\/\/www.caudete.org\/ayuntamiento\/wp-content\/uploads\/2020\/12\/COMUNICADO-OFICIAL-MEDIDAS-NIVEL-III.jpg 1140w\" sizes=\"(max-width: 300px) 100vw, 300px\" \/><\/a><\/p>\n<p>&nbsp;<\/p>\n<p><a href=\"http:\/\/www.caudete.org\/ayuntamiento\/wp-content\/uploads\/2020\/12\/RESOLUCION-17-12-20-CAUDETE.pdf\" class=\"mtli_attachment mtli_pdf\"><strong>MEDIDAS ADOPTADAS POR LA DELEGACI\u00d3N PROVINCIAL SANIDAD PARA CAUDETE\u00a0 Clic aqu\u00ed.<\/strong><\/a><\/p>\n<p><a href=\"http:\/\/www.caudete.org\/ayuntamiento\/wp-content\/uploads\/2020\/12\/RESOLUCION-17-12-20-CAUDETE.pdf\" class=\"mtli_attachment mtli_pdf\"><img decoding=\"async\" class=\"alignnone size-medium wp-image-10540\" src=\"http:\/\/www.caudete.org\/ayuntamiento\/wp-content\/uploads\/2020\/12\/MEDIDAS-ADOPTADAS-POR-LA-DELEGACION-PROVINCIAL-SANIDAD-PARA-CAUDETE-300x140.jpg\" rel='prettyPhoto' alt=\"\" width=\"300\" height=\"140\" srcset=\"https:\/\/www.caudete.org\/ayuntamiento\/wp-content\/uploads\/2020\/12\/MEDIDAS-ADOPTADAS-POR-LA-DELEGACION-PROVINCIAL-SANIDAD-PARA-CAUDETE-300x140.jpg 300w, https:\/\/www.caudete.org\/ayuntamiento\/wp-content\/uploads\/2020\/12\/MEDIDAS-ADOPTADAS-POR-LA-DELEGACION-PROVINCIAL-SANIDAD-PARA-CAUDETE-1024x478.jpg 1024w, https:\/\/www.caudete.org\/ayuntamiento\/wp-content\/uploads\/2020\/12\/MEDIDAS-ADOPTADAS-POR-LA-DELEGACION-PROVINCIAL-SANIDAD-PARA-CAUDETE-768x359.jpg 768w, https:\/\/www.caudete.org\/ayuntamiento\/wp-content\/uploads\/2020\/12\/MEDIDAS-ADOPTADAS-POR-LA-DELEGACION-PROVINCIAL-SANIDAD-PARA-CAUDETE.jpg 1325w\" sizes=\"(max-width: 300px) 100vw, 300px\" \/><\/a><\/p>\n","protected":false},"excerpt":{"rendered":"<p>El M. I. Ayuntamiento de Caudete, con la firme intenci\u00f3n de mantener informados a todos los ciudadanos de Caudete, y comunicar el obligado cumplimiento de las medidas vigentes ante la situaci\u00f3n sanitaria existente en la localidad, emite el siguiente Comunicado Oficial. Donde se recogen las principales Medidas especiales en materia de Salud P\u00fablica para la &hellip;<\/p>\n","protected":false},"author":2,"featured_media":10594,"comment_status":"closed","ping_status":"open","sticky":false,"template":"","format":"standard","meta":{"ngg_post_thumbnail":0,"footnotes":""},"categories":[41,16],"tags":[],"class_list":["post-10525","post","type-post","status-publish","format-standard","has-post-thumbnail","hentry","category-emergencias","category-sanidad"],"yoast_head":"<!-- This site is optimized with the Yoast SEO plugin v27.5 - https:\/\/yoast.com\/product\/yoast-seo-wordpress\/ -->\n<title>COMUNICADO MUNICIPAL - Medidas Nivel III - Situaci\u00f3n actual Covid-19 - MI Ayuntamiento de Caudete<\/title>\n<meta name=\"description\" content=\"P\u00e1gina Oficial del Ayuntamiento de Caudete (Albacete)\" \/>\n<meta name=\"robots\" content=\"index, follow, max-snippet:-1, max-image-preview:large, max-video-preview:-1\" \/>\n<link rel=\"canonical\" href=\"https:\/\/www.caudete.org\/ayuntamiento\/comunicado-municipal-medidas-nivel-iii-situacion-actual-covid-19\/\" \/>\n<meta property=\"og:locale\" content=\"es_ES\" \/>\n<meta property=\"og:type\" content=\"article\" \/>\n<meta property=\"og:title\" content=\"COMUNICADO MUNICIPAL - Medidas Nivel III - Situaci\u00f3n actual Covid-19 - MI Ayuntamiento de Caudete\" \/>\n<meta property=\"og:description\" content=\"P\u00e1gina Oficial del Ayuntamiento de Caudete (Albacete)\" \/>\n<meta property=\"og:url\" content=\"https:\/\/www.caudete.org\/ayuntamiento\/comunicado-municipal-medidas-nivel-iii-situacion-actual-covid-19\/\" \/>\n<meta property=\"og:site_name\" content=\"MI Ayuntamiento de Caudete\" \/>\n<meta property=\"article:publisher\" content=\"https:\/\/www.facebook.com\/ayuntamientocaudete\/\" \/>\n<meta property=\"article:published_time\" content=\"2020-12-18T07:43:50+00:00\" \/>\n<meta property=\"article:modified_time\" content=\"2020-12-19T19:05:59+00:00\" \/>\n<meta property=\"og:image\" content=\"https:\/\/www.caudete.org\/ayuntamiento\/wp-content\/uploads\/2020\/12\/COMUNICADO-OFICIAL-BUENO.jpg\" \/>\n\t<meta property=\"og:image:width\" content=\"1920\" \/>\n\t<meta property=\"og:image:height\" content=\"958\" \/>\n\t<meta property=\"og:image:type\" content=\"image\/jpeg\" \/>\n<meta name=\"author\" content=\"Juan\" \/>\n<meta name=\"twitter:card\" content=\"summary_large_image\" \/>\n<meta name=\"twitter:label1\" content=\"Escrito por\" \/>\n\t<meta name=\"twitter:data1\" content=\"Juan\" \/>\n\t<meta name=\"twitter:label2\" content=\"Tiempo de lectura\" \/>\n\t<meta name=\"twitter:data2\" content=\"8 minutos\" \/>\n<script type=\"application\/ld+json\" class=\"yoast-schema-graph\">{\"@context\":\"https:\\\/\\\/schema.org\",\"@graph\":[{\"@type\":\"Article\",\"@id\":\"https:\\\/\\\/www.caudete.org\\\/ayuntamiento\\\/comunicado-municipal-medidas-nivel-iii-situacion-actual-covid-19\\\/#article\",\"isPartOf\":{\"@id\":\"https:\\\/\\\/www.caudete.org\\\/ayuntamiento\\\/comunicado-municipal-medidas-nivel-iii-situacion-actual-covid-19\\\/\"},\"author\":{\"name\":\"Juan\",\"@id\":\"https:\\\/\\\/www.caudete.org\\\/ayuntamiento\\\/#\\\/schema\\\/person\\\/7656a5bb58fca95b9814e940de0fda63\"},\"headline\":\"COMUNICADO MUNICIPAL &#8211; Medidas Nivel III &#8211; Situaci\u00f3n actual Covid-19\",\"datePublished\":\"2020-12-18T07:43:50+00:00\",\"dateModified\":\"2020-12-19T19:05:59+00:00\",\"mainEntityOfPage\":{\"@id\":\"https:\\\/\\\/www.caudete.org\\\/ayuntamiento\\\/comunicado-municipal-medidas-nivel-iii-situacion-actual-covid-19\\\/\"},\"wordCount\":1578,\"publisher\":{\"@id\":\"https:\\\/\\\/www.caudete.org\\\/ayuntamiento\\\/#organization\"},\"image\":{\"@id\":\"https:\\\/\\\/www.caudete.org\\\/ayuntamiento\\\/comunicado-municipal-medidas-nivel-iii-situacion-actual-covid-19\\\/#primaryimage\"},\"thumbnailUrl\":\"https:\\\/\\\/www.caudete.org\\\/ayuntamiento\\\/wp-content\\\/uploads\\\/2020\\\/12\\\/COMUNICADO-OFICIAL-BUENO.jpg\",\"articleSection\":[\"Emergencias\",\"Sanidad\"],\"inLanguage\":\"es\"},{\"@type\":\"WebPage\",\"@id\":\"https:\\\/\\\/www.caudete.org\\\/ayuntamiento\\\/comunicado-municipal-medidas-nivel-iii-situacion-actual-covid-19\\\/\",\"url\":\"https:\\\/\\\/www.caudete.org\\\/ayuntamiento\\\/comunicado-municipal-medidas-nivel-iii-situacion-actual-covid-19\\\/\",\"name\":\"COMUNICADO MUNICIPAL - Medidas Nivel III - Situaci\u00f3n actual Covid-19 - MI Ayuntamiento de Caudete\",\"isPartOf\":{\"@id\":\"https:\\\/\\\/www.caudete.org\\\/ayuntamiento\\\/#website\"},\"primaryImageOfPage\":{\"@id\":\"https:\\\/\\\/www.caudete.org\\\/ayuntamiento\\\/comunicado-municipal-medidas-nivel-iii-situacion-actual-covid-19\\\/#primaryimage\"},\"image\":{\"@id\":\"https:\\\/\\\/www.caudete.org\\\/ayuntamiento\\\/comunicado-municipal-medidas-nivel-iii-situacion-actual-covid-19\\\/#primaryimage\"},\"thumbnailUrl\":\"https:\\\/\\\/www.caudete.org\\\/ayuntamiento\\\/wp-content\\\/uploads\\\/2020\\\/12\\\/COMUNICADO-OFICIAL-BUENO.jpg\",\"datePublished\":\"2020-12-18T07:43:50+00:00\",\"dateModified\":\"2020-12-19T19:05:59+00:00\",\"description\":\"P\u00e1gina Oficial del Ayuntamiento de Caudete (Albacete)\",\"breadcrumb\":{\"@id\":\"https:\\\/\\\/www.caudete.org\\\/ayuntamiento\\\/comunicado-municipal-medidas-nivel-iii-situacion-actual-covid-19\\\/#breadcrumb\"},\"inLanguage\":\"es\",\"potentialAction\":[{\"@type\":\"ReadAction\",\"target\":[\"https:\\\/\\\/www.caudete.org\\\/ayuntamiento\\\/comunicado-municipal-medidas-nivel-iii-situacion-actual-covid-19\\\/\"]}]},{\"@type\":\"ImageObject\",\"inLanguage\":\"es\",\"@id\":\"https:\\\/\\\/www.caudete.org\\\/ayuntamiento\\\/comunicado-municipal-medidas-nivel-iii-situacion-actual-covid-19\\\/#primaryimage\",\"url\":\"https:\\\/\\\/www.caudete.org\\\/ayuntamiento\\\/wp-content\\\/uploads\\\/2020\\\/12\\\/COMUNICADO-OFICIAL-BUENO.jpg\",\"contentUrl\":\"https:\\\/\\\/www.caudete.org\\\/ayuntamiento\\\/wp-content\\\/uploads\\\/2020\\\/12\\\/COMUNICADO-OFICIAL-BUENO.jpg\",\"width\":1920,\"height\":958},{\"@type\":\"BreadcrumbList\",\"@id\":\"https:\\\/\\\/www.caudete.org\\\/ayuntamiento\\\/comunicado-municipal-medidas-nivel-iii-situacion-actual-covid-19\\\/#breadcrumb\",\"itemListElement\":[{\"@type\":\"ListItem\",\"position\":1,\"name\":\"Inicio\",\"item\":\"https:\\\/\\\/www.caudete.org\\\/ayuntamiento\\\/\"},{\"@type\":\"ListItem\",\"position\":2,\"name\":\"COMUNICADO MUNICIPAL &#8211; Medidas Nivel III &#8211; Situaci\u00f3n actual Covid-19\"}]},{\"@type\":\"WebSite\",\"@id\":\"https:\\\/\\\/www.caudete.org\\\/ayuntamiento\\\/#website\",\"url\":\"https:\\\/\\\/www.caudete.org\\\/ayuntamiento\\\/\",\"name\":\"MI Ayuntamiento de Caudete\",\"description\":\"P\u00e1gina Oficial del MI Ayuntamiento de Caudete\",\"publisher\":{\"@id\":\"https:\\\/\\\/www.caudete.org\\\/ayuntamiento\\\/#organization\"},\"potentialAction\":[{\"@type\":\"SearchAction\",\"target\":{\"@type\":\"EntryPoint\",\"urlTemplate\":\"https:\\\/\\\/www.caudete.org\\\/ayuntamiento\\\/?s={search_term_string}\"},\"query-input\":{\"@type\":\"PropertyValueSpecification\",\"valueRequired\":true,\"valueName\":\"search_term_string\"}}],\"inLanguage\":\"es\"},{\"@type\":\"Organization\",\"@id\":\"https:\\\/\\\/www.caudete.org\\\/ayuntamiento\\\/#organization\",\"name\":\"Ayuntamiento de Caudete\",\"url\":\"https:\\\/\\\/www.caudete.org\\\/ayuntamiento\\\/\",\"logo\":{\"@type\":\"ImageObject\",\"inLanguage\":\"es\",\"@id\":\"https:\\\/\\\/www.caudete.org\\\/ayuntamiento\\\/#\\\/schema\\\/logo\\\/image\\\/\",\"url\":\"https:\\\/\\\/www.caudete.org\\\/ayuntamiento\\\/wp-content\\\/uploads\\\/2020\\\/11\\\/logo_ayuntamiento_caudete.jpg\",\"contentUrl\":\"https:\\\/\\\/www.caudete.org\\\/ayuntamiento\\\/wp-content\\\/uploads\\\/2020\\\/11\\\/logo_ayuntamiento_caudete.jpg\",\"width\":600,\"height\":150,\"caption\":\"Ayuntamiento de Caudete\"},\"image\":{\"@id\":\"https:\\\/\\\/www.caudete.org\\\/ayuntamiento\\\/#\\\/schema\\\/logo\\\/image\\\/\"},\"sameAs\":[\"https:\\\/\\\/www.facebook.com\\\/ayuntamientocaudete\\\/\",\"https:\\\/\\\/www.youtube.com\\\/channel\\\/UC6VztHaooNsGpw-tNoBEFnQ\"]},{\"@type\":\"Person\",\"@id\":\"https:\\\/\\\/www.caudete.org\\\/ayuntamiento\\\/#\\\/schema\\\/person\\\/7656a5bb58fca95b9814e940de0fda63\",\"name\":\"Juan\",\"image\":{\"@type\":\"ImageObject\",\"inLanguage\":\"es\",\"@id\":\"https:\\\/\\\/secure.gravatar.com\\\/avatar\\\/dd53e51c0cd6ab23f52d4f3e4f1c59730240727763de3dbbf26750b079a2c292?s=96&d=mm&r=g\",\"url\":\"https:\\\/\\\/secure.gravatar.com\\\/avatar\\\/dd53e51c0cd6ab23f52d4f3e4f1c59730240727763de3dbbf26750b079a2c292?s=96&d=mm&r=g\",\"contentUrl\":\"https:\\\/\\\/secure.gravatar.com\\\/avatar\\\/dd53e51c0cd6ab23f52d4f3e4f1c59730240727763de3dbbf26750b079a2c292?s=96&d=mm&r=g\",\"caption\":\"Juan\"},\"url\":\"https:\\\/\\\/www.caudete.org\\\/ayuntamiento\\\/author\\\/centrodeinternet\\\/\"}]}<\/script>\n<!-- \/ Yoast SEO plugin. -->","yoast_head_json":{"title":"COMUNICADO MUNICIPAL - Medidas Nivel III - Situaci\u00f3n actual Covid-19 - MI Ayuntamiento de Caudete","description":"P\u00e1gina Oficial del Ayuntamiento de Caudete (Albacete)","robots":{"index":"index","follow":"follow","max-snippet":"max-snippet:-1","max-image-preview":"max-image-preview:large","max-video-preview":"max-video-preview:-1"},"canonical":"https:\/\/www.caudete.org\/ayuntamiento\/comunicado-municipal-medidas-nivel-iii-situacion-actual-covid-19\/","og_locale":"es_ES","og_type":"article","og_title":"COMUNICADO MUNICIPAL - Medidas Nivel III - Situaci\u00f3n actual Covid-19 - MI Ayuntamiento de Caudete","og_description":"P\u00e1gina Oficial del Ayuntamiento de Caudete (Albacete)","og_url":"https:\/\/www.caudete.org\/ayuntamiento\/comunicado-municipal-medidas-nivel-iii-situacion-actual-covid-19\/","og_site_name":"MI Ayuntamiento de Caudete","article_publisher":"https:\/\/www.facebook.com\/ayuntamientocaudete\/","article_published_time":"2020-12-18T07:43:50+00:00","article_modified_time":"2020-12-19T19:05:59+00:00","og_image":[{"width":1920,"height":958,"url":"https:\/\/www.caudete.org\/ayuntamiento\/wp-content\/uploads\/2020\/12\/COMUNICADO-OFICIAL-BUENO.jpg","type":"image\/jpeg"}],"author":"Juan","twitter_card":"summary_large_image","twitter_misc":{"Escrito por":"Juan","Tiempo de lectura":"8 minutos"},"schema":{"@context":"https:\/\/schema.org","@graph":[{"@type":"Article","@id":"https:\/\/www.caudete.org\/ayuntamiento\/comunicado-municipal-medidas-nivel-iii-situacion-actual-covid-19\/#article","isPartOf":{"@id":"https:\/\/www.caudete.org\/ayuntamiento\/comunicado-municipal-medidas-nivel-iii-situacion-actual-covid-19\/"},"author":{"name":"Juan","@id":"https:\/\/www.caudete.org\/ayuntamiento\/#\/schema\/person\/7656a5bb58fca95b9814e940de0fda63"},"headline":"COMUNICADO MUNICIPAL &#8211; Medidas Nivel III &#8211; Situaci\u00f3n actual Covid-19","datePublished":"2020-12-18T07:43:50+00:00","dateModified":"2020-12-19T19:05:59+00:00","mainEntityOfPage":{"@id":"https:\/\/www.caudete.org\/ayuntamiento\/comunicado-municipal-medidas-nivel-iii-situacion-actual-covid-19\/"},"wordCount":1578,"publisher":{"@id":"https:\/\/www.caudete.org\/ayuntamiento\/#organization"},"image":{"@id":"https:\/\/www.caudete.org\/ayuntamiento\/comunicado-municipal-medidas-nivel-iii-situacion-actual-covid-19\/#primaryimage"},"thumbnailUrl":"https:\/\/www.caudete.org\/ayuntamiento\/wp-content\/uploads\/2020\/12\/COMUNICADO-OFICIAL-BUENO.jpg","articleSection":["Emergencias","Sanidad"],"inLanguage":"es"},{"@type":"WebPage","@id":"https:\/\/www.caudete.org\/ayuntamiento\/comunicado-municipal-medidas-nivel-iii-situacion-actual-covid-19\/","url":"https:\/\/www.caudete.org\/ayuntamiento\/comunicado-municipal-medidas-nivel-iii-situacion-actual-covid-19\/","name":"COMUNICADO MUNICIPAL - Medidas Nivel III - Situaci\u00f3n actual Covid-19 - MI Ayuntamiento de Caudete","isPartOf":{"@id":"https:\/\/www.caudete.org\/ayuntamiento\/#website"},"primaryImageOfPage":{"@id":"https:\/\/www.caudete.org\/ayuntamiento\/comunicado-municipal-medidas-nivel-iii-situacion-actual-covid-19\/#primaryimage"},"image":{"@id":"https:\/\/www.caudete.org\/ayuntamiento\/comunicado-municipal-medidas-nivel-iii-situacion-actual-covid-19\/#primaryimage"},"thumbnailUrl":"https:\/\/www.caudete.org\/ayuntamiento\/wp-content\/uploads\/2020\/12\/COMUNICADO-OFICIAL-BUENO.jpg","datePublished":"2020-12-18T07:43:50+00:00","dateModified":"2020-12-19T19:05:59+00:00","description":"P\u00e1gina Oficial del Ayuntamiento de Caudete (Albacete)","breadcrumb":{"@id":"https:\/\/www.caudete.org\/ayuntamiento\/comunicado-municipal-medidas-nivel-iii-situacion-actual-covid-19\/#breadcrumb"},"inLanguage":"es","potentialAction":[{"@type":"ReadAction","target":["https:\/\/www.caudete.org\/ayuntamiento\/comunicado-municipal-medidas-nivel-iii-situacion-actual-covid-19\/"]}]},{"@type":"ImageObject","inLanguage":"es","@id":"https:\/\/www.caudete.org\/ayuntamiento\/comunicado-municipal-medidas-nivel-iii-situacion-actual-covid-19\/#primaryimage","url":"https:\/\/www.caudete.org\/ayuntamiento\/wp-content\/uploads\/2020\/12\/COMUNICADO-OFICIAL-BUENO.jpg","contentUrl":"https:\/\/www.caudete.org\/ayuntamiento\/wp-content\/uploads\/2020\/12\/COMUNICADO-OFICIAL-BUENO.jpg","width":1920,"height":958},{"@type":"BreadcrumbList","@id":"https:\/\/www.caudete.org\/ayuntamiento\/comunicado-municipal-medidas-nivel-iii-situacion-actual-covid-19\/#breadcrumb","itemListElement":[{"@type":"ListItem","position":1,"name":"Inicio","item":"https:\/\/www.caudete.org\/ayuntamiento\/"},{"@type":"ListItem","position":2,"name":"COMUNICADO MUNICIPAL &#8211; Medidas Nivel III &#8211; Situaci\u00f3n actual Covid-19"}]},{"@type":"WebSite","@id":"https:\/\/www.caudete.org\/ayuntamiento\/#website","url":"https:\/\/www.caudete.org\/ayuntamiento\/","name":"MI Ayuntamiento de Caudete","description":"P\u00e1gina Oficial del MI Ayuntamiento de Caudete","publisher":{"@id":"https:\/\/www.caudete.org\/ayuntamiento\/#organization"},"potentialAction":[{"@type":"SearchAction","target":{"@type":"EntryPoint","urlTemplate":"https:\/\/www.caudete.org\/ayuntamiento\/?s={search_term_string}"},"query-input":{"@type":"PropertyValueSpecification","valueRequired":true,"valueName":"search_term_string"}}],"inLanguage":"es"},{"@type":"Organization","@id":"https:\/\/www.caudete.org\/ayuntamiento\/#organization","name":"Ayuntamiento de Caudete","url":"https:\/\/www.caudete.org\/ayuntamiento\/","logo":{"@type":"ImageObject","inLanguage":"es","@id":"https:\/\/www.caudete.org\/ayuntamiento\/#\/schema\/logo\/image\/","url":"https:\/\/www.caudete.org\/ayuntamiento\/wp-content\/uploads\/2020\/11\/logo_ayuntamiento_caudete.jpg","contentUrl":"https:\/\/www.caudete.org\/ayuntamiento\/wp-content\/uploads\/2020\/11\/logo_ayuntamiento_caudete.jpg","width":600,"height":150,"caption":"Ayuntamiento de Caudete"},"image":{"@id":"https:\/\/www.caudete.org\/ayuntamiento\/#\/schema\/logo\/image\/"},"sameAs":["https:\/\/www.facebook.com\/ayuntamientocaudete\/","https:\/\/www.youtube.com\/channel\/UC6VztHaooNsGpw-tNoBEFnQ"]},{"@type":"Person","@id":"https:\/\/www.caudete.org\/ayuntamiento\/#\/schema\/person\/7656a5bb58fca95b9814e940de0fda63","name":"Juan","image":{"@type":"ImageObject","inLanguage":"es","@id":"https:\/\/secure.gravatar.com\/avatar\/dd53e51c0cd6ab23f52d4f3e4f1c59730240727763de3dbbf26750b079a2c292?s=96&d=mm&r=g","url":"https:\/\/secure.gravatar.com\/avatar\/dd53e51c0cd6ab23f52d4f3e4f1c59730240727763de3dbbf26750b079a2c292?s=96&d=mm&r=g","contentUrl":"https:\/\/secure.gravatar.com\/avatar\/dd53e51c0cd6ab23f52d4f3e4f1c59730240727763de3dbbf26750b079a2c292?s=96&d=mm&r=g","caption":"Juan"},"url":"https:\/\/www.caudete.org\/ayuntamiento\/author\/centrodeinternet\/"}]}},"_links":{"self":[{"href":"https:\/\/www.caudete.org\/ayuntamiento\/wp-json\/wp\/v2\/posts\/10525","targetHints":{"allow":["GET"]}}],"collection":[{"href":"https:\/\/www.caudete.org\/ayuntamiento\/wp-json\/wp\/v2\/posts"}],"about":[{"href":"https:\/\/www.caudete.org\/ayuntamiento\/wp-json\/wp\/v2\/types\/post"}],"author":[{"embeddable":true,"href":"https:\/\/www.caudete.org\/ayuntamiento\/wp-json\/wp\/v2\/users\/2"}],"replies":[{"embeddable":true,"href":"https:\/\/www.caudete.org\/ayuntamiento\/wp-json\/wp\/v2\/comments?post=10525"}],"version-history":[{"count":10,"href":"https:\/\/www.caudete.org\/ayuntamiento\/wp-json\/wp\/v2\/posts\/10525\/revisions"}],"predecessor-version":[{"id":10593,"href":"https:\/\/www.caudete.org\/ayuntamiento\/wp-json\/wp\/v2\/posts\/10525\/revisions\/10593"}],"wp:featuredmedia":[{"embeddable":true,"href":"https:\/\/www.caudete.org\/ayuntamiento\/wp-json\/wp\/v2\/media\/10594"}],"wp:attachment":[{"href":"https:\/\/www.caudete.org\/ayuntamiento\/wp-json\/wp\/v2\/media?parent=10525"}],"wp:term":[{"taxonomy":"category","embeddable":true,"href":"https:\/\/www.caudete.org\/ayuntamiento\/wp-json\/wp\/v2\/categories?post=10525"},{"taxonomy":"post_tag","embeddable":true,"href":"https:\/\/www.caudete.org\/ayuntamiento\/wp-json\/wp\/v2\/tags?post=10525"}],"curies":[{"name":"wp","href":"https:\/\/api.w.org\/{rel}","templated":true}]}}