{"id":10579,"date":"2020-12-18T23:15:42","date_gmt":"2020-12-18T22:15:42","guid":{"rendered":"http:\/\/www.caudete.org\/ayuntamiento\/?p=10579"},"modified":"2020-12-20T23:49:53","modified_gmt":"2020-12-20T22:49:53","slug":"el-ayuntamiento-solicita-la-suspension-de-clases-lectivas-a-las-autoridades-competentes-ante-el-nivel-iii","status":"publish","type":"post","link":"https:\/\/www.caudete.org\/ayuntamiento\/el-ayuntamiento-solicita-la-suspension-de-clases-lectivas-a-las-autoridades-competentes-ante-el-nivel-iii\/","title":{"rendered":"El Ayuntamiento solicita la suspensi\u00f3n de clases lectivas a las autoridades competentes ante el nivel III"},"content":{"rendered":"<p>Pasadas las 7 de la ma\u00f1ana el Alcalde firmaba una SOLICITUD dirigida a la Delegaci\u00f3n Provincial de Educaci\u00f3n por la que se ruega que ante la situaci\u00f3n sanitaria, se adopten los acuerdos necesarios para si procede, suspender las clases lectivas en la localidad de la pr\u00f3xima semana, ya que estamos en Nivel III, y los esfuerzos en la contenci\u00f3n del virus han de extremarse para garantizar la salud de los ciudadanos. La misma solicitud se ha remitido a la Delegaci\u00f3n Provincial de Sanidad y la Consejer\u00eda de Sanidad del Gobierno de Castilla La Mancha.<\/p>\n<p>Ahora queda esperar a la respuesta de las autoridades competentes de la JCCM sobre la decisi\u00f3n que adopten, lo que ser\u00e1 trasladado a la ciudadan\u00eda en el momento se tenga.<\/p>\n<p>El Alcalde ya ha trasladado a los Directores de los diferentes Centros Educativos de la localidad la gesti\u00f3n realizada, manteni\u00e9ndolos al tanto de las novedades que se puedan producir.<\/p>\n<p>El texto \u00edntegro de la SOLICITUD es el siguiente:<\/p>\n<p>D. MOIS\u00c9S L\u00d3PEZ MART\u00cdNEZ, Alcalde-Presidente del M.I. Ayuntamiento de Caudete (Albacete).<\/p>\n<p>Seg\u00fan el informe emitido por el Servicio de Salud P\u00fablica de la Delegaci\u00f3n Provincial de Sanidad de Albacete de fecha de 17 de diciembre, se desprende que el municipio de Caudete se encuentra en un escenario de transmisi\u00f3n comunitaria lo que exige la adopci\u00f3n de medidas de Nivel III del denominado &#8220;Plan de actuaci\u00f3n y conjunto de medidas de control a aplicar en el \u00e1mbito municipal en un escenario de brotes complejos y\/o transmisi\u00f3n comunitaria de COVID\u00b719&#8221; incluido en el Procedimiento de actuaci\u00f3n para la implantaci\u00f3n de medidas especiales dirigidas a la contenci\u00f3n del SARS\u00b7CoV\u00b72, elaborado por la Consejer\u00eda de Sanidad, complementarias a las medidas generales aplicadas por la Consejer\u00eda de Sanidad en todo el territorio regional, con el objeto de salvaguardar el inter\u00e9s p\u00fablico y evitar la transmisi\u00f3n del virus dado el potencial pand\u00e9mico de la enfermedad y el alto riesgo de contagio de infecci\u00f3n por SARS-CoV-2.<\/p>\n<p>Mediante Resoluci\u00f3n de 17 de diciembre de 2020, de la Delegada Provincial de Sanidad de Albacete, por la que se adoptan medidas de la Ley Org\u00e1nica 3\/1986, de 14 de abril, de medidas especiales en materia de Salud P\u00fablica, para la contenci\u00f3n de la expansi\u00f3n delCOVID-19 en Caudete (Albacete), en la que se resuelve la adopci\u00f3n de una serie de medidas especiales en el municipio seg\u00fan la Instrucci\u00f3n 14\/2020 de la Direcci\u00f3n General de Salud P\u00fablica, las cuales son obligatorias y de aplicaci\u00f3n inmediata desde la fecha de su firma.<\/p>\n<p>Dada la situaci\u00f3n, se considera muy necesario que las medidas especiales adoptadas se ampl\u00eden al \u00e1mbito educativo, y que se decrete por el \u00f3rgano competente de la JCCM, la suspensi\u00f3n cautelar de las clases de forma inmediata y que se mantenga durante el tiempo en que est\u00e9n vigentes las medidas especiales del Nivel III en Caudete.<\/p>\n<p>Por lo expuesto, esta Alcald\u00eda- Presidencia, en el ejercicio de las atribuciones que le confiere el art. 21.1 de la Ley 7\/1985, de 2 de abril, reguladora de las Bases de R\u00e9gimen Local, SOLICITA<\/p>\n<p>La autorizaci\u00f3n para la suspensi\u00f3n de las actividades lectivas y el cierre de todos los centros educativos de Caudete, con efectos inmediatos, pues s\u00f3lo quedan tres d\u00edas lectivos antes de las vacaciones de Navidad y debido a las especiales circunstancias de agravamiento de la situaci\u00f3n sanitaria en Caudete.<\/p>\n<p>Se entender\u00e1n incluidas las escuelas infantiles, centros de educaci\u00f3n primaria y secundaria, la escuela municipal de m\u00fasica y danza, la escuela de adultos y la escuela de idiomas durante el periodo en que el municipio de Caudete deba permanecer en el Nivel III del &#8220;Plan de actuaci\u00f3n y conjunto de medidas de control a aplicar en el \u00e1mbito municipal en un escenario de brotes complejos y\/o transmisi\u00f3n comunitaria de COVID\u00b719&#8221;.<\/p>\n","protected":false},"excerpt":{"rendered":"<p>Pasadas las 7 de la ma\u00f1ana el Alcalde firmaba una SOLICITUD dirigida a la Delegaci\u00f3n Provincial de Educaci\u00f3n por la que se ruega que ante la situaci\u00f3n sanitaria, se adopten los acuerdos necesarios para si procede, suspender las clases lectivas en la localidad de la pr\u00f3xima semana, ya que estamos en Nivel III, y los &hellip;<\/p>\n","protected":false},"author":2,"featured_media":10580,"comment_status":"closed","ping_status":"open","sticky":false,"template":"","format":"standard","meta":{"ngg_post_thumbnail":0,"footnotes":""},"categories":[25],"tags":[],"class_list":["post-10579","post","type-post","status-publish","format-standard","has-post-thumbnail","hentry","category-educacion"],"yoast_head":"<!-- This site is optimized with the Yoast SEO plugin v27.4 - https:\/\/yoast.com\/product\/yoast-seo-wordpress\/ -->\n<title>El Ayuntamiento solicita la suspensi\u00f3n de clases lectivas a las autoridades competentes ante el nivel III - MI Ayuntamiento de Caudete<\/title>\n<meta name=\"description\" content=\"P\u00e1gina Oficial del Ayuntamiento de Caudete (Albacete)\" \/>\n<meta name=\"robots\" content=\"index, follow, max-snippet:-1, max-image-preview:large, max-video-preview:-1\" \/>\n<link rel=\"canonical\" href=\"https:\/\/www.caudete.org\/ayuntamiento\/el-ayuntamiento-solicita-la-suspension-de-clases-lectivas-a-las-autoridades-competentes-ante-el-nivel-iii\/\" \/>\n<meta property=\"og:locale\" content=\"es_ES\" \/>\n<meta property=\"og:type\" content=\"article\" \/>\n<meta property=\"og:title\" content=\"El Ayuntamiento solicita la suspensi\u00f3n de clases lectivas a las autoridades competentes ante el nivel III - MI Ayuntamiento de Caudete\" \/>\n<meta property=\"og:description\" content=\"P\u00e1gina Oficial del Ayuntamiento de Caudete (Albacete)\" \/>\n<meta property=\"og:url\" content=\"https:\/\/www.caudete.org\/ayuntamiento\/el-ayuntamiento-solicita-la-suspension-de-clases-lectivas-a-las-autoridades-competentes-ante-el-nivel-iii\/\" \/>\n<meta property=\"og:site_name\" content=\"MI Ayuntamiento de Caudete\" \/>\n<meta property=\"article:publisher\" content=\"https:\/\/www.facebook.com\/ayuntamientocaudete\/\" \/>\n<meta property=\"article:published_time\" content=\"2020-12-18T22:15:42+00:00\" \/>\n<meta property=\"article:modified_time\" content=\"2020-12-20T22:49:53+00:00\" \/>\n<meta property=\"og:image\" content=\"https:\/\/www.caudete.org\/ayuntamiento\/wp-content\/uploads\/2020\/12\/FOTO-AULA-COLEGIO.jpg\" \/>\n\t<meta property=\"og:image:width\" content=\"1200\" \/>\n\t<meta property=\"og:image:height\" content=\"675\" \/>\n\t<meta property=\"og:image:type\" content=\"image\/jpeg\" \/>\n<meta name=\"author\" content=\"Juan\" \/>\n<meta name=\"twitter:card\" content=\"summary_large_image\" \/>\n<meta name=\"twitter:label1\" content=\"Escrito por\" \/>\n\t<meta name=\"twitter:data1\" content=\"Juan\" \/>\n\t<meta name=\"twitter:label2\" content=\"Tiempo de lectura\" \/>\n\t<meta name=\"twitter:data2\" content=\"3 minutos\" \/>\n<script type=\"application\/ld+json\" class=\"yoast-schema-graph\">{\"@context\":\"https:\\\/\\\/schema.org\",\"@graph\":[{\"@type\":\"Article\",\"@id\":\"https:\\\/\\\/www.caudete.org\\\/ayuntamiento\\\/el-ayuntamiento-solicita-la-suspension-de-clases-lectivas-a-las-autoridades-competentes-ante-el-nivel-iii\\\/#article\",\"isPartOf\":{\"@id\":\"https:\\\/\\\/www.caudete.org\\\/ayuntamiento\\\/el-ayuntamiento-solicita-la-suspension-de-clases-lectivas-a-las-autoridades-competentes-ante-el-nivel-iii\\\/\"},\"author\":{\"name\":\"Juan\",\"@id\":\"https:\\\/\\\/www.caudete.org\\\/ayuntamiento\\\/#\\\/schema\\\/person\\\/7656a5bb58fca95b9814e940de0fda63\"},\"headline\":\"El Ayuntamiento solicita la suspensi\u00f3n de clases lectivas a las autoridades competentes ante el nivel III\",\"datePublished\":\"2020-12-18T22:15:42+00:00\",\"dateModified\":\"2020-12-20T22:49:53+00:00\",\"mainEntityOfPage\":{\"@id\":\"https:\\\/\\\/www.caudete.org\\\/ayuntamiento\\\/el-ayuntamiento-solicita-la-suspension-de-clases-lectivas-a-las-autoridades-competentes-ante-el-nivel-iii\\\/\"},\"wordCount\":689,\"publisher\":{\"@id\":\"https:\\\/\\\/www.caudete.org\\\/ayuntamiento\\\/#organization\"},\"image\":{\"@id\":\"https:\\\/\\\/www.caudete.org\\\/ayuntamiento\\\/el-ayuntamiento-solicita-la-suspension-de-clases-lectivas-a-las-autoridades-competentes-ante-el-nivel-iii\\\/#primaryimage\"},\"thumbnailUrl\":\"https:\\\/\\\/www.caudete.org\\\/ayuntamiento\\\/wp-content\\\/uploads\\\/2020\\\/12\\\/FOTO-AULA-COLEGIO.jpg\",\"articleSection\":[\"Educaci\u00f3n\"],\"inLanguage\":\"es\"},{\"@type\":\"WebPage\",\"@id\":\"https:\\\/\\\/www.caudete.org\\\/ayuntamiento\\\/el-ayuntamiento-solicita-la-suspension-de-clases-lectivas-a-las-autoridades-competentes-ante-el-nivel-iii\\\/\",\"url\":\"https:\\\/\\\/www.caudete.org\\\/ayuntamiento\\\/el-ayuntamiento-solicita-la-suspension-de-clases-lectivas-a-las-autoridades-competentes-ante-el-nivel-iii\\\/\",\"name\":\"El Ayuntamiento solicita la suspensi\u00f3n de clases lectivas a las autoridades competentes ante el nivel III - MI Ayuntamiento de Caudete\",\"isPartOf\":{\"@id\":\"https:\\\/\\\/www.caudete.org\\\/ayuntamiento\\\/#website\"},\"primaryImageOfPage\":{\"@id\":\"https:\\\/\\\/www.caudete.org\\\/ayuntamiento\\\/el-ayuntamiento-solicita-la-suspension-de-clases-lectivas-a-las-autoridades-competentes-ante-el-nivel-iii\\\/#primaryimage\"},\"image\":{\"@id\":\"https:\\\/\\\/www.caudete.org\\\/ayuntamiento\\\/el-ayuntamiento-solicita-la-suspension-de-clases-lectivas-a-las-autoridades-competentes-ante-el-nivel-iii\\\/#primaryimage\"},\"thumbnailUrl\":\"https:\\\/\\\/www.caudete.org\\\/ayuntamiento\\\/wp-content\\\/uploads\\\/2020\\\/12\\\/FOTO-AULA-COLEGIO.jpg\",\"datePublished\":\"2020-12-18T22:15:42+00:00\",\"dateModified\":\"2020-12-20T22:49:53+00:00\",\"description\":\"P\u00e1gina Oficial del Ayuntamiento de Caudete (Albacete)\",\"breadcrumb\":{\"@id\":\"https:\\\/\\\/www.caudete.org\\\/ayuntamiento\\\/el-ayuntamiento-solicita-la-suspension-de-clases-lectivas-a-las-autoridades-competentes-ante-el-nivel-iii\\\/#breadcrumb\"},\"inLanguage\":\"es\",\"potentialAction\":[{\"@type\":\"ReadAction\",\"target\":[\"https:\\\/\\\/www.caudete.org\\\/ayuntamiento\\\/el-ayuntamiento-solicita-la-suspension-de-clases-lectivas-a-las-autoridades-competentes-ante-el-nivel-iii\\\/\"]}]},{\"@type\":\"ImageObject\",\"inLanguage\":\"es\",\"@id\":\"https:\\\/\\\/www.caudete.org\\\/ayuntamiento\\\/el-ayuntamiento-solicita-la-suspension-de-clases-lectivas-a-las-autoridades-competentes-ante-el-nivel-iii\\\/#primaryimage\",\"url\":\"https:\\\/\\\/www.caudete.org\\\/ayuntamiento\\\/wp-content\\\/uploads\\\/2020\\\/12\\\/FOTO-AULA-COLEGIO.jpg\",\"contentUrl\":\"https:\\\/\\\/www.caudete.org\\\/ayuntamiento\\\/wp-content\\\/uploads\\\/2020\\\/12\\\/FOTO-AULA-COLEGIO.jpg\",\"width\":1200,\"height\":675},{\"@type\":\"BreadcrumbList\",\"@id\":\"https:\\\/\\\/www.caudete.org\\\/ayuntamiento\\\/el-ayuntamiento-solicita-la-suspension-de-clases-lectivas-a-las-autoridades-competentes-ante-el-nivel-iii\\\/#breadcrumb\",\"itemListElement\":[{\"@type\":\"ListItem\",\"position\":1,\"name\":\"Inicio\",\"item\":\"https:\\\/\\\/www.caudete.org\\\/ayuntamiento\\\/\"},{\"@type\":\"ListItem\",\"position\":2,\"name\":\"El Ayuntamiento solicita la suspensi\u00f3n de clases lectivas a las autoridades competentes ante el nivel III\"}]},{\"@type\":\"WebSite\",\"@id\":\"https:\\\/\\\/www.caudete.org\\\/ayuntamiento\\\/#website\",\"url\":\"https:\\\/\\\/www.caudete.org\\\/ayuntamiento\\\/\",\"name\":\"MI Ayuntamiento de Caudete\",\"description\":\"P\u00e1gina Oficial del MI Ayuntamiento de Caudete\",\"publisher\":{\"@id\":\"https:\\\/\\\/www.caudete.org\\\/ayuntamiento\\\/#organization\"},\"potentialAction\":[{\"@type\":\"SearchAction\",\"target\":{\"@type\":\"EntryPoint\",\"urlTemplate\":\"https:\\\/\\\/www.caudete.org\\\/ayuntamiento\\\/?s={search_term_string}\"},\"query-input\":{\"@type\":\"PropertyValueSpecification\",\"valueRequired\":true,\"valueName\":\"search_term_string\"}}],\"inLanguage\":\"es\"},{\"@type\":\"Organization\",\"@id\":\"https:\\\/\\\/www.caudete.org\\\/ayuntamiento\\\/#organization\",\"name\":\"Ayuntamiento de Caudete\",\"url\":\"https:\\\/\\\/www.caudete.org\\\/ayuntamiento\\\/\",\"logo\":{\"@type\":\"ImageObject\",\"inLanguage\":\"es\",\"@id\":\"https:\\\/\\\/www.caudete.org\\\/ayuntamiento\\\/#\\\/schema\\\/logo\\\/image\\\/\",\"url\":\"https:\\\/\\\/www.caudete.org\\\/ayuntamiento\\\/wp-content\\\/uploads\\\/2020\\\/11\\\/logo_ayuntamiento_caudete.jpg\",\"contentUrl\":\"https:\\\/\\\/www.caudete.org\\\/ayuntamiento\\\/wp-content\\\/uploads\\\/2020\\\/11\\\/logo_ayuntamiento_caudete.jpg\",\"width\":600,\"height\":150,\"caption\":\"Ayuntamiento de Caudete\"},\"image\":{\"@id\":\"https:\\\/\\\/www.caudete.org\\\/ayuntamiento\\\/#\\\/schema\\\/logo\\\/image\\\/\"},\"sameAs\":[\"https:\\\/\\\/www.facebook.com\\\/ayuntamientocaudete\\\/\",\"https:\\\/\\\/www.youtube.com\\\/channel\\\/UC6VztHaooNsGpw-tNoBEFnQ\"]},{\"@type\":\"Person\",\"@id\":\"https:\\\/\\\/www.caudete.org\\\/ayuntamiento\\\/#\\\/schema\\\/person\\\/7656a5bb58fca95b9814e940de0fda63\",\"name\":\"Juan\",\"image\":{\"@type\":\"ImageObject\",\"inLanguage\":\"es\",\"@id\":\"https:\\\/\\\/secure.gravatar.com\\\/avatar\\\/dd53e51c0cd6ab23f52d4f3e4f1c59730240727763de3dbbf26750b079a2c292?s=96&d=mm&r=g\",\"url\":\"https:\\\/\\\/secure.gravatar.com\\\/avatar\\\/dd53e51c0cd6ab23f52d4f3e4f1c59730240727763de3dbbf26750b079a2c292?s=96&d=mm&r=g\",\"contentUrl\":\"https:\\\/\\\/secure.gravatar.com\\\/avatar\\\/dd53e51c0cd6ab23f52d4f3e4f1c59730240727763de3dbbf26750b079a2c292?s=96&d=mm&r=g\",\"caption\":\"Juan\"},\"url\":\"https:\\\/\\\/www.caudete.org\\\/ayuntamiento\\\/author\\\/centrodeinternet\\\/\"}]}<\/script>\n<!-- \/ Yoast SEO plugin. -->","yoast_head_json":{"title":"El Ayuntamiento solicita la suspensi\u00f3n de clases lectivas a las autoridades competentes ante el nivel III - MI Ayuntamiento de Caudete","description":"P\u00e1gina Oficial del Ayuntamiento de Caudete (Albacete)","robots":{"index":"index","follow":"follow","max-snippet":"max-snippet:-1","max-image-preview":"max-image-preview:large","max-video-preview":"max-video-preview:-1"},"canonical":"https:\/\/www.caudete.org\/ayuntamiento\/el-ayuntamiento-solicita-la-suspension-de-clases-lectivas-a-las-autoridades-competentes-ante-el-nivel-iii\/","og_locale":"es_ES","og_type":"article","og_title":"El Ayuntamiento solicita la suspensi\u00f3n de clases lectivas a las autoridades competentes ante el nivel III - MI Ayuntamiento de Caudete","og_description":"P\u00e1gina Oficial del Ayuntamiento de Caudete (Albacete)","og_url":"https:\/\/www.caudete.org\/ayuntamiento\/el-ayuntamiento-solicita-la-suspension-de-clases-lectivas-a-las-autoridades-competentes-ante-el-nivel-iii\/","og_site_name":"MI Ayuntamiento de Caudete","article_publisher":"https:\/\/www.facebook.com\/ayuntamientocaudete\/","article_published_time":"2020-12-18T22:15:42+00:00","article_modified_time":"2020-12-20T22:49:53+00:00","og_image":[{"width":1200,"height":675,"url":"https:\/\/www.caudete.org\/ayuntamiento\/wp-content\/uploads\/2020\/12\/FOTO-AULA-COLEGIO.jpg","type":"image\/jpeg"}],"author":"Juan","twitter_card":"summary_large_image","twitter_misc":{"Escrito por":"Juan","Tiempo de lectura":"3 minutos"},"schema":{"@context":"https:\/\/schema.org","@graph":[{"@type":"Article","@id":"https:\/\/www.caudete.org\/ayuntamiento\/el-ayuntamiento-solicita-la-suspension-de-clases-lectivas-a-las-autoridades-competentes-ante-el-nivel-iii\/#article","isPartOf":{"@id":"https:\/\/www.caudete.org\/ayuntamiento\/el-ayuntamiento-solicita-la-suspension-de-clases-lectivas-a-las-autoridades-competentes-ante-el-nivel-iii\/"},"author":{"name":"Juan","@id":"https:\/\/www.caudete.org\/ayuntamiento\/#\/schema\/person\/7656a5bb58fca95b9814e940de0fda63"},"headline":"El Ayuntamiento solicita la suspensi\u00f3n de clases lectivas a las autoridades competentes ante el nivel III","datePublished":"2020-12-18T22:15:42+00:00","dateModified":"2020-12-20T22:49:53+00:00","mainEntityOfPage":{"@id":"https:\/\/www.caudete.org\/ayuntamiento\/el-ayuntamiento-solicita-la-suspension-de-clases-lectivas-a-las-autoridades-competentes-ante-el-nivel-iii\/"},"wordCount":689,"publisher":{"@id":"https:\/\/www.caudete.org\/ayuntamiento\/#organization"},"image":{"@id":"https:\/\/www.caudete.org\/ayuntamiento\/el-ayuntamiento-solicita-la-suspension-de-clases-lectivas-a-las-autoridades-competentes-ante-el-nivel-iii\/#primaryimage"},"thumbnailUrl":"https:\/\/www.caudete.org\/ayuntamiento\/wp-content\/uploads\/2020\/12\/FOTO-AULA-COLEGIO.jpg","articleSection":["Educaci\u00f3n"],"inLanguage":"es"},{"@type":"WebPage","@id":"https:\/\/www.caudete.org\/ayuntamiento\/el-ayuntamiento-solicita-la-suspension-de-clases-lectivas-a-las-autoridades-competentes-ante-el-nivel-iii\/","url":"https:\/\/www.caudete.org\/ayuntamiento\/el-ayuntamiento-solicita-la-suspension-de-clases-lectivas-a-las-autoridades-competentes-ante-el-nivel-iii\/","name":"El Ayuntamiento solicita la suspensi\u00f3n de clases lectivas a las autoridades competentes ante el nivel III - MI Ayuntamiento de Caudete","isPartOf":{"@id":"https:\/\/www.caudete.org\/ayuntamiento\/#website"},"primaryImageOfPage":{"@id":"https:\/\/www.caudete.org\/ayuntamiento\/el-ayuntamiento-solicita-la-suspension-de-clases-lectivas-a-las-autoridades-competentes-ante-el-nivel-iii\/#primaryimage"},"image":{"@id":"https:\/\/www.caudete.org\/ayuntamiento\/el-ayuntamiento-solicita-la-suspension-de-clases-lectivas-a-las-autoridades-competentes-ante-el-nivel-iii\/#primaryimage"},"thumbnailUrl":"https:\/\/www.caudete.org\/ayuntamiento\/wp-content\/uploads\/2020\/12\/FOTO-AULA-COLEGIO.jpg","datePublished":"2020-12-18T22:15:42+00:00","dateModified":"2020-12-20T22:49:53+00:00","description":"P\u00e1gina Oficial del Ayuntamiento de Caudete (Albacete)","breadcrumb":{"@id":"https:\/\/www.caudete.org\/ayuntamiento\/el-ayuntamiento-solicita-la-suspension-de-clases-lectivas-a-las-autoridades-competentes-ante-el-nivel-iii\/#breadcrumb"},"inLanguage":"es","potentialAction":[{"@type":"ReadAction","target":["https:\/\/www.caudete.org\/ayuntamiento\/el-ayuntamiento-solicita-la-suspension-de-clases-lectivas-a-las-autoridades-competentes-ante-el-nivel-iii\/"]}]},{"@type":"ImageObject","inLanguage":"es","@id":"https:\/\/www.caudete.org\/ayuntamiento\/el-ayuntamiento-solicita-la-suspension-de-clases-lectivas-a-las-autoridades-competentes-ante-el-nivel-iii\/#primaryimage","url":"https:\/\/www.caudete.org\/ayuntamiento\/wp-content\/uploads\/2020\/12\/FOTO-AULA-COLEGIO.jpg","contentUrl":"https:\/\/www.caudete.org\/ayuntamiento\/wp-content\/uploads\/2020\/12\/FOTO-AULA-COLEGIO.jpg","width":1200,"height":675},{"@type":"BreadcrumbList","@id":"https:\/\/www.caudete.org\/ayuntamiento\/el-ayuntamiento-solicita-la-suspension-de-clases-lectivas-a-las-autoridades-competentes-ante-el-nivel-iii\/#breadcrumb","itemListElement":[{"@type":"ListItem","position":1,"name":"Inicio","item":"https:\/\/www.caudete.org\/ayuntamiento\/"},{"@type":"ListItem","position":2,"name":"El Ayuntamiento solicita la suspensi\u00f3n de clases lectivas a las autoridades competentes ante el nivel III"}]},{"@type":"WebSite","@id":"https:\/\/www.caudete.org\/ayuntamiento\/#website","url":"https:\/\/www.caudete.org\/ayuntamiento\/","name":"MI Ayuntamiento de Caudete","description":"P\u00e1gina Oficial del MI Ayuntamiento de Caudete","publisher":{"@id":"https:\/\/www.caudete.org\/ayuntamiento\/#organization"},"potentialAction":[{"@type":"SearchAction","target":{"@type":"EntryPoint","urlTemplate":"https:\/\/www.caudete.org\/ayuntamiento\/?s={search_term_string}"},"query-input":{"@type":"PropertyValueSpecification","valueRequired":true,"valueName":"search_term_string"}}],"inLanguage":"es"},{"@type":"Organization","@id":"https:\/\/www.caudete.org\/ayuntamiento\/#organization","name":"Ayuntamiento de Caudete","url":"https:\/\/www.caudete.org\/ayuntamiento\/","logo":{"@type":"ImageObject","inLanguage":"es","@id":"https:\/\/www.caudete.org\/ayuntamiento\/#\/schema\/logo\/image\/","url":"https:\/\/www.caudete.org\/ayuntamiento\/wp-content\/uploads\/2020\/11\/logo_ayuntamiento_caudete.jpg","contentUrl":"https:\/\/www.caudete.org\/ayuntamiento\/wp-content\/uploads\/2020\/11\/logo_ayuntamiento_caudete.jpg","width":600,"height":150,"caption":"Ayuntamiento de Caudete"},"image":{"@id":"https:\/\/www.caudete.org\/ayuntamiento\/#\/schema\/logo\/image\/"},"sameAs":["https:\/\/www.facebook.com\/ayuntamientocaudete\/","https:\/\/www.youtube.com\/channel\/UC6VztHaooNsGpw-tNoBEFnQ"]},{"@type":"Person","@id":"https:\/\/www.caudete.org\/ayuntamiento\/#\/schema\/person\/7656a5bb58fca95b9814e940de0fda63","name":"Juan","image":{"@type":"ImageObject","inLanguage":"es","@id":"https:\/\/secure.gravatar.com\/avatar\/dd53e51c0cd6ab23f52d4f3e4f1c59730240727763de3dbbf26750b079a2c292?s=96&d=mm&r=g","url":"https:\/\/secure.gravatar.com\/avatar\/dd53e51c0cd6ab23f52d4f3e4f1c59730240727763de3dbbf26750b079a2c292?s=96&d=mm&r=g","contentUrl":"https:\/\/secure.gravatar.com\/avatar\/dd53e51c0cd6ab23f52d4f3e4f1c59730240727763de3dbbf26750b079a2c292?s=96&d=mm&r=g","caption":"Juan"},"url":"https:\/\/www.caudete.org\/ayuntamiento\/author\/centrodeinternet\/"}]}},"_links":{"self":[{"href":"https:\/\/www.caudete.org\/ayuntamiento\/wp-json\/wp\/v2\/posts\/10579","targetHints":{"allow":["GET"]}}],"collection":[{"href":"https:\/\/www.caudete.org\/ayuntamiento\/wp-json\/wp\/v2\/posts"}],"about":[{"href":"https:\/\/www.caudete.org\/ayuntamiento\/wp-json\/wp\/v2\/types\/post"}],"author":[{"embeddable":true,"href":"https:\/\/www.caudete.org\/ayuntamiento\/wp-json\/wp\/v2\/users\/2"}],"replies":[{"embeddable":true,"href":"https:\/\/www.caudete.org\/ayuntamiento\/wp-json\/wp\/v2\/comments?post=10579"}],"version-history":[{"count":1,"href":"https:\/\/www.caudete.org\/ayuntamiento\/wp-json\/wp\/v2\/posts\/10579\/revisions"}],"predecessor-version":[{"id":10581,"href":"https:\/\/www.caudete.org\/ayuntamiento\/wp-json\/wp\/v2\/posts\/10579\/revisions\/10581"}],"wp:featuredmedia":[{"embeddable":true,"href":"https:\/\/www.caudete.org\/ayuntamiento\/wp-json\/wp\/v2\/media\/10580"}],"wp:attachment":[{"href":"https:\/\/www.caudete.org\/ayuntamiento\/wp-json\/wp\/v2\/media?parent=10579"}],"wp:term":[{"taxonomy":"category","embeddable":true,"href":"https:\/\/www.caudete.org\/ayuntamiento\/wp-json\/wp\/v2\/categories?post=10579"},{"taxonomy":"post_tag","embeddable":true,"href":"https:\/\/www.caudete.org\/ayuntamiento\/wp-json\/wp\/v2\/tags?post=10579"}],"curies":[{"name":"wp","href":"https:\/\/api.w.org\/{rel}","templated":true}]}}