{"id":10625,"date":"2020-12-21T16:41:16","date_gmt":"2020-12-21T15:41:16","guid":{"rendered":"http:\/\/www.caudete.org\/ayuntamiento\/?p=10625"},"modified":"2020-12-28T19:16:18","modified_gmt":"2020-12-28T18:16:18","slug":"original-felicitacion-navidena-del-hogar-de-acogida-alacera","status":"publish","type":"post","link":"https:\/\/www.caudete.org\/ayuntamiento\/original-felicitacion-navidena-del-hogar-de-acogida-alacera\/","title":{"rendered":"Original felicitaci\u00f3n navide\u00f1a del Hogar de Acogida &#8220;Al\u00e1cera&#8221;"},"content":{"rendered":"<p>El viernes pasado 3 chicos del <strong>Hogar de Acogida &#8220;ALACERA&#8221;<\/strong> gestionado por la <strong>Fundaci\u00f3n Diagrama<\/strong> entregaban al Alcalde, en la Sala de Prensa del Ayuntamiento, junto a su Director y Monitor una original Felicitaci\u00f3n de Navidad, en nombre de todos los integrantes de la misma.<\/p>\n<p>M\u00e1s de dos meses, durante el taller de manualidades de los s\u00e1bados, los j\u00f3venes han estado trabajando con materiales reciclados para confeccionar una estrella navide\u00f1a. Rollos de cart\u00f3n de papel higi\u00e9nico y bandejas de huevos, han sido las materias primas del obsequio.<\/p>\n<p>Este es el segundo a\u00f1o consecutivo que el Hogar de Acogida felicita a todos los Caudetanos con uno de sus trabajos manuales, como muestra de agradecimiento.<\/p>\n","protected":false},"excerpt":{"rendered":"<p>El viernes pasado 3 chicos del Hogar de Acogida &#8220;ALACERA&#8221; gestionado por la Fundaci\u00f3n Diagrama entregaban al Alcalde, en la Sala de Prensa del Ayuntamiento, junto a su Director y Monitor una original Felicitaci\u00f3n de Navidad, en nombre de todos los integrantes de la misma. M\u00e1s de dos meses, durante el taller de manualidades de &hellip;<\/p>\n","protected":false},"author":2,"featured_media":10632,"comment_status":"closed","ping_status":"open","sticky":false,"template":"","format":"standard","meta":{"ngg_post_thumbnail":0,"footnotes":""},"categories":[20],"tags":[166,165],"class_list":["post-10625","post","type-post","status-publish","format-standard","has-post-thumbnail","hentry","category-ayuntamiento","tag-fundacion-diagrama","tag-hogar-de-acogida-alacera"],"yoast_head":"<!-- This site is optimized with the Yoast SEO plugin v27.5 - https:\/\/yoast.com\/product\/yoast-seo-wordpress\/ -->\n<title>Original felicitaci\u00f3n navide\u00f1a del Hogar de Acogida &quot;Al\u00e1cera&quot; - MI Ayuntamiento de Caudete<\/title>\n<meta name=\"description\" content=\"P\u00e1gina Oficial del Ayuntamiento de Caudete (Albacete)\" \/>\n<meta name=\"robots\" content=\"index, follow, max-snippet:-1, max-image-preview:large, max-video-preview:-1\" \/>\n<link rel=\"canonical\" href=\"https:\/\/www.caudete.org\/ayuntamiento\/original-felicitacion-navidena-del-hogar-de-acogida-alacera\/\" \/>\n<meta property=\"og:locale\" content=\"es_ES\" \/>\n<meta property=\"og:type\" content=\"article\" \/>\n<meta property=\"og:title\" content=\"Original felicitaci\u00f3n navide\u00f1a del Hogar de Acogida &quot;Al\u00e1cera&quot; - MI Ayuntamiento de Caudete\" \/>\n<meta property=\"og:description\" content=\"P\u00e1gina Oficial del Ayuntamiento de Caudete (Albacete)\" \/>\n<meta property=\"og:url\" content=\"https:\/\/www.caudete.org\/ayuntamiento\/original-felicitacion-navidena-del-hogar-de-acogida-alacera\/\" \/>\n<meta property=\"og:site_name\" content=\"MI Ayuntamiento de Caudete\" \/>\n<meta property=\"article:publisher\" content=\"https:\/\/www.facebook.com\/ayuntamientocaudete\/\" \/>\n<meta property=\"article:published_time\" content=\"2020-12-21T15:41:16+00:00\" \/>\n<meta property=\"article:modified_time\" content=\"2020-12-28T18:16:18+00:00\" \/>\n<meta property=\"og:image\" content=\"https:\/\/www.caudete.org\/ayuntamiento\/wp-content\/uploads\/2020\/12\/FELICITACION-ALACERA-2020-WORDPRESS-CAUDETE.jpg\" \/>\n\t<meta property=\"og:image:width\" content=\"1920\" \/>\n\t<meta property=\"og:image:height\" content=\"958\" \/>\n\t<meta property=\"og:image:type\" content=\"image\/jpeg\" \/>\n<meta name=\"author\" content=\"Juan\" \/>\n<meta name=\"twitter:card\" content=\"summary_large_image\" \/>\n<meta name=\"twitter:label1\" content=\"Escrito por\" \/>\n\t<meta name=\"twitter:data1\" content=\"Juan\" \/>\n\t<meta name=\"twitter:label2\" content=\"Tiempo de lectura\" \/>\n\t<meta name=\"twitter:data2\" content=\"1 minuto\" \/>\n<script type=\"application\/ld+json\" class=\"yoast-schema-graph\">{\"@context\":\"https:\\\/\\\/schema.org\",\"@graph\":[{\"@type\":\"Article\",\"@id\":\"https:\\\/\\\/www.caudete.org\\\/ayuntamiento\\\/original-felicitacion-navidena-del-hogar-de-acogida-alacera\\\/#article\",\"isPartOf\":{\"@id\":\"https:\\\/\\\/www.caudete.org\\\/ayuntamiento\\\/original-felicitacion-navidena-del-hogar-de-acogida-alacera\\\/\"},\"author\":{\"name\":\"Juan\",\"@id\":\"https:\\\/\\\/www.caudete.org\\\/ayuntamiento\\\/#\\\/schema\\\/person\\\/7656a5bb58fca95b9814e940de0fda63\"},\"headline\":\"Original felicitaci\u00f3n navide\u00f1a del Hogar de Acogida &#8220;Al\u00e1cera&#8221;\",\"datePublished\":\"2020-12-21T15:41:16+00:00\",\"dateModified\":\"2020-12-28T18:16:18+00:00\",\"mainEntityOfPage\":{\"@id\":\"https:\\\/\\\/www.caudete.org\\\/ayuntamiento\\\/original-felicitacion-navidena-del-hogar-de-acogida-alacera\\\/\"},\"wordCount\":132,\"image\":{\"@id\":\"https:\\\/\\\/www.caudete.org\\\/ayuntamiento\\\/original-felicitacion-navidena-del-hogar-de-acogida-alacera\\\/#primaryimage\"},\"thumbnailUrl\":\"https:\\\/\\\/www.caudete.org\\\/ayuntamiento\\\/wp-content\\\/uploads\\\/2020\\\/12\\\/FELICITACION-ALACERA-2020-WORDPRESS-CAUDETE.jpg\",\"keywords\":[\"Fundaci\u00f3n Diagrama\",\"Hogar de acogida Al\u00e1cera\"],\"articleSection\":[\"Ayuntamiento\"],\"inLanguage\":\"es\"},{\"@type\":\"WebPage\",\"@id\":\"https:\\\/\\\/www.caudete.org\\\/ayuntamiento\\\/original-felicitacion-navidena-del-hogar-de-acogida-alacera\\\/\",\"url\":\"https:\\\/\\\/www.caudete.org\\\/ayuntamiento\\\/original-felicitacion-navidena-del-hogar-de-acogida-alacera\\\/\",\"name\":\"Original felicitaci\u00f3n navide\u00f1a del Hogar de Acogida \\\"Al\u00e1cera\\\" - MI Ayuntamiento de Caudete\",\"isPartOf\":{\"@id\":\"https:\\\/\\\/www.caudete.org\\\/ayuntamiento\\\/#website\"},\"primaryImageOfPage\":{\"@id\":\"https:\\\/\\\/www.caudete.org\\\/ayuntamiento\\\/original-felicitacion-navidena-del-hogar-de-acogida-alacera\\\/#primaryimage\"},\"image\":{\"@id\":\"https:\\\/\\\/www.caudete.org\\\/ayuntamiento\\\/original-felicitacion-navidena-del-hogar-de-acogida-alacera\\\/#primaryimage\"},\"thumbnailUrl\":\"https:\\\/\\\/www.caudete.org\\\/ayuntamiento\\\/wp-content\\\/uploads\\\/2020\\\/12\\\/FELICITACION-ALACERA-2020-WORDPRESS-CAUDETE.jpg\",\"datePublished\":\"2020-12-21T15:41:16+00:00\",\"dateModified\":\"2020-12-28T18:16:18+00:00\",\"author\":{\"@id\":\"https:\\\/\\\/www.caudete.org\\\/ayuntamiento\\\/#\\\/schema\\\/person\\\/7656a5bb58fca95b9814e940de0fda63\"},\"description\":\"P\u00e1gina Oficial del Ayuntamiento de Caudete (Albacete)\",\"breadcrumb\":{\"@id\":\"https:\\\/\\\/www.caudete.org\\\/ayuntamiento\\\/original-felicitacion-navidena-del-hogar-de-acogida-alacera\\\/#breadcrumb\"},\"inLanguage\":\"es\",\"potentialAction\":[{\"@type\":\"ReadAction\",\"target\":[\"https:\\\/\\\/www.caudete.org\\\/ayuntamiento\\\/original-felicitacion-navidena-del-hogar-de-acogida-alacera\\\/\"]}]},{\"@type\":\"ImageObject\",\"inLanguage\":\"es\",\"@id\":\"https:\\\/\\\/www.caudete.org\\\/ayuntamiento\\\/original-felicitacion-navidena-del-hogar-de-acogida-alacera\\\/#primaryimage\",\"url\":\"https:\\\/\\\/www.caudete.org\\\/ayuntamiento\\\/wp-content\\\/uploads\\\/2020\\\/12\\\/FELICITACION-ALACERA-2020-WORDPRESS-CAUDETE.jpg\",\"contentUrl\":\"https:\\\/\\\/www.caudete.org\\\/ayuntamiento\\\/wp-content\\\/uploads\\\/2020\\\/12\\\/FELICITACION-ALACERA-2020-WORDPRESS-CAUDETE.jpg\",\"width\":1920,\"height\":958},{\"@type\":\"BreadcrumbList\",\"@id\":\"https:\\\/\\\/www.caudete.org\\\/ayuntamiento\\\/original-felicitacion-navidena-del-hogar-de-acogida-alacera\\\/#breadcrumb\",\"itemListElement\":[{\"@type\":\"ListItem\",\"position\":1,\"name\":\"Inicio\",\"item\":\"https:\\\/\\\/www.caudete.org\\\/ayuntamiento\\\/\"},{\"@type\":\"ListItem\",\"position\":2,\"name\":\"Original felicitaci\u00f3n navide\u00f1a del Hogar de Acogida &#8220;Al\u00e1cera&#8221;\"}]},{\"@type\":\"WebSite\",\"@id\":\"https:\\\/\\\/www.caudete.org\\\/ayuntamiento\\\/#website\",\"url\":\"https:\\\/\\\/www.caudete.org\\\/ayuntamiento\\\/\",\"name\":\"MI Ayuntamiento de Caudete\",\"description\":\"P\u00e1gina Oficial del MI Ayuntamiento de Caudete\",\"potentialAction\":[{\"@type\":\"SearchAction\",\"target\":{\"@type\":\"EntryPoint\",\"urlTemplate\":\"https:\\\/\\\/www.caudete.org\\\/ayuntamiento\\\/?s={search_term_string}\"},\"query-input\":{\"@type\":\"PropertyValueSpecification\",\"valueRequired\":true,\"valueName\":\"search_term_string\"}}],\"inLanguage\":\"es\"},{\"@type\":\"Person\",\"@id\":\"https:\\\/\\\/www.caudete.org\\\/ayuntamiento\\\/#\\\/schema\\\/person\\\/7656a5bb58fca95b9814e940de0fda63\",\"name\":\"Juan\",\"image\":{\"@type\":\"ImageObject\",\"inLanguage\":\"es\",\"@id\":\"https:\\\/\\\/secure.gravatar.com\\\/avatar\\\/dd53e51c0cd6ab23f52d4f3e4f1c59730240727763de3dbbf26750b079a2c292?s=96&d=mm&r=g\",\"url\":\"https:\\\/\\\/secure.gravatar.com\\\/avatar\\\/dd53e51c0cd6ab23f52d4f3e4f1c59730240727763de3dbbf26750b079a2c292?s=96&d=mm&r=g\",\"contentUrl\":\"https:\\\/\\\/secure.gravatar.com\\\/avatar\\\/dd53e51c0cd6ab23f52d4f3e4f1c59730240727763de3dbbf26750b079a2c292?s=96&d=mm&r=g\",\"caption\":\"Juan\"},\"url\":\"https:\\\/\\\/www.caudete.org\\\/ayuntamiento\\\/author\\\/centrodeinternet\\\/\"}]}<\/script>\n<!-- \/ Yoast SEO plugin. -->","yoast_head_json":{"title":"Original felicitaci\u00f3n navide\u00f1a del Hogar de Acogida \"Al\u00e1cera\" - MI Ayuntamiento de Caudete","description":"P\u00e1gina Oficial del Ayuntamiento de Caudete (Albacete)","robots":{"index":"index","follow":"follow","max-snippet":"max-snippet:-1","max-image-preview":"max-image-preview:large","max-video-preview":"max-video-preview:-1"},"canonical":"https:\/\/www.caudete.org\/ayuntamiento\/original-felicitacion-navidena-del-hogar-de-acogida-alacera\/","og_locale":"es_ES","og_type":"article","og_title":"Original felicitaci\u00f3n navide\u00f1a del Hogar de Acogida \"Al\u00e1cera\" - MI Ayuntamiento de Caudete","og_description":"P\u00e1gina Oficial del Ayuntamiento de Caudete (Albacete)","og_url":"https:\/\/www.caudete.org\/ayuntamiento\/original-felicitacion-navidena-del-hogar-de-acogida-alacera\/","og_site_name":"MI Ayuntamiento de Caudete","article_publisher":"https:\/\/www.facebook.com\/ayuntamientocaudete\/","article_published_time":"2020-12-21T15:41:16+00:00","article_modified_time":"2020-12-28T18:16:18+00:00","og_image":[{"width":1920,"height":958,"url":"https:\/\/www.caudete.org\/ayuntamiento\/wp-content\/uploads\/2020\/12\/FELICITACION-ALACERA-2020-WORDPRESS-CAUDETE.jpg","type":"image\/jpeg"}],"author":"Juan","twitter_card":"summary_large_image","twitter_misc":{"Escrito por":"Juan","Tiempo de lectura":"1 minuto"},"schema":{"@context":"https:\/\/schema.org","@graph":[{"@type":"Article","@id":"https:\/\/www.caudete.org\/ayuntamiento\/original-felicitacion-navidena-del-hogar-de-acogida-alacera\/#article","isPartOf":{"@id":"https:\/\/www.caudete.org\/ayuntamiento\/original-felicitacion-navidena-del-hogar-de-acogida-alacera\/"},"author":{"name":"Juan","@id":"https:\/\/www.caudete.org\/ayuntamiento\/#\/schema\/person\/7656a5bb58fca95b9814e940de0fda63"},"headline":"Original felicitaci\u00f3n navide\u00f1a del Hogar de Acogida &#8220;Al\u00e1cera&#8221;","datePublished":"2020-12-21T15:41:16+00:00","dateModified":"2020-12-28T18:16:18+00:00","mainEntityOfPage":{"@id":"https:\/\/www.caudete.org\/ayuntamiento\/original-felicitacion-navidena-del-hogar-de-acogida-alacera\/"},"wordCount":132,"image":{"@id":"https:\/\/www.caudete.org\/ayuntamiento\/original-felicitacion-navidena-del-hogar-de-acogida-alacera\/#primaryimage"},"thumbnailUrl":"https:\/\/www.caudete.org\/ayuntamiento\/wp-content\/uploads\/2020\/12\/FELICITACION-ALACERA-2020-WORDPRESS-CAUDETE.jpg","keywords":["Fundaci\u00f3n Diagrama","Hogar de acogida Al\u00e1cera"],"articleSection":["Ayuntamiento"],"inLanguage":"es"},{"@type":"WebPage","@id":"https:\/\/www.caudete.org\/ayuntamiento\/original-felicitacion-navidena-del-hogar-de-acogida-alacera\/","url":"https:\/\/www.caudete.org\/ayuntamiento\/original-felicitacion-navidena-del-hogar-de-acogida-alacera\/","name":"Original felicitaci\u00f3n navide\u00f1a del Hogar de Acogida \"Al\u00e1cera\" - MI Ayuntamiento de Caudete","isPartOf":{"@id":"https:\/\/www.caudete.org\/ayuntamiento\/#website"},"primaryImageOfPage":{"@id":"https:\/\/www.caudete.org\/ayuntamiento\/original-felicitacion-navidena-del-hogar-de-acogida-alacera\/#primaryimage"},"image":{"@id":"https:\/\/www.caudete.org\/ayuntamiento\/original-felicitacion-navidena-del-hogar-de-acogida-alacera\/#primaryimage"},"thumbnailUrl":"https:\/\/www.caudete.org\/ayuntamiento\/wp-content\/uploads\/2020\/12\/FELICITACION-ALACERA-2020-WORDPRESS-CAUDETE.jpg","datePublished":"2020-12-21T15:41:16+00:00","dateModified":"2020-12-28T18:16:18+00:00","author":{"@id":"https:\/\/www.caudete.org\/ayuntamiento\/#\/schema\/person\/7656a5bb58fca95b9814e940de0fda63"},"description":"P\u00e1gina Oficial del Ayuntamiento de Caudete (Albacete)","breadcrumb":{"@id":"https:\/\/www.caudete.org\/ayuntamiento\/original-felicitacion-navidena-del-hogar-de-acogida-alacera\/#breadcrumb"},"inLanguage":"es","potentialAction":[{"@type":"ReadAction","target":["https:\/\/www.caudete.org\/ayuntamiento\/original-felicitacion-navidena-del-hogar-de-acogida-alacera\/"]}]},{"@type":"ImageObject","inLanguage":"es","@id":"https:\/\/www.caudete.org\/ayuntamiento\/original-felicitacion-navidena-del-hogar-de-acogida-alacera\/#primaryimage","url":"https:\/\/www.caudete.org\/ayuntamiento\/wp-content\/uploads\/2020\/12\/FELICITACION-ALACERA-2020-WORDPRESS-CAUDETE.jpg","contentUrl":"https:\/\/www.caudete.org\/ayuntamiento\/wp-content\/uploads\/2020\/12\/FELICITACION-ALACERA-2020-WORDPRESS-CAUDETE.jpg","width":1920,"height":958},{"@type":"BreadcrumbList","@id":"https:\/\/www.caudete.org\/ayuntamiento\/original-felicitacion-navidena-del-hogar-de-acogida-alacera\/#breadcrumb","itemListElement":[{"@type":"ListItem","position":1,"name":"Inicio","item":"https:\/\/www.caudete.org\/ayuntamiento\/"},{"@type":"ListItem","position":2,"name":"Original felicitaci\u00f3n navide\u00f1a del Hogar de Acogida &#8220;Al\u00e1cera&#8221;"}]},{"@type":"WebSite","@id":"https:\/\/www.caudete.org\/ayuntamiento\/#website","url":"https:\/\/www.caudete.org\/ayuntamiento\/","name":"MI Ayuntamiento de Caudete","description":"P\u00e1gina Oficial del MI Ayuntamiento de Caudete","potentialAction":[{"@type":"SearchAction","target":{"@type":"EntryPoint","urlTemplate":"https:\/\/www.caudete.org\/ayuntamiento\/?s={search_term_string}"},"query-input":{"@type":"PropertyValueSpecification","valueRequired":true,"valueName":"search_term_string"}}],"inLanguage":"es"},{"@type":"Person","@id":"https:\/\/www.caudete.org\/ayuntamiento\/#\/schema\/person\/7656a5bb58fca95b9814e940de0fda63","name":"Juan","image":{"@type":"ImageObject","inLanguage":"es","@id":"https:\/\/secure.gravatar.com\/avatar\/dd53e51c0cd6ab23f52d4f3e4f1c59730240727763de3dbbf26750b079a2c292?s=96&d=mm&r=g","url":"https:\/\/secure.gravatar.com\/avatar\/dd53e51c0cd6ab23f52d4f3e4f1c59730240727763de3dbbf26750b079a2c292?s=96&d=mm&r=g","contentUrl":"https:\/\/secure.gravatar.com\/avatar\/dd53e51c0cd6ab23f52d4f3e4f1c59730240727763de3dbbf26750b079a2c292?s=96&d=mm&r=g","caption":"Juan"},"url":"https:\/\/www.caudete.org\/ayuntamiento\/author\/centrodeinternet\/"}]}},"_links":{"self":[{"href":"https:\/\/www.caudete.org\/ayuntamiento\/wp-json\/wp\/v2\/posts\/10625","targetHints":{"allow":["GET"]}}],"collection":[{"href":"https:\/\/www.caudete.org\/ayuntamiento\/wp-json\/wp\/v2\/posts"}],"about":[{"href":"https:\/\/www.caudete.org\/ayuntamiento\/wp-json\/wp\/v2\/types\/post"}],"author":[{"embeddable":true,"href":"https:\/\/www.caudete.org\/ayuntamiento\/wp-json\/wp\/v2\/users\/2"}],"replies":[{"embeddable":true,"href":"https:\/\/www.caudete.org\/ayuntamiento\/wp-json\/wp\/v2\/comments?post=10625"}],"version-history":[{"count":3,"href":"https:\/\/www.caudete.org\/ayuntamiento\/wp-json\/wp\/v2\/posts\/10625\/revisions"}],"predecessor-version":[{"id":10631,"href":"https:\/\/www.caudete.org\/ayuntamiento\/wp-json\/wp\/v2\/posts\/10625\/revisions\/10631"}],"wp:featuredmedia":[{"embeddable":true,"href":"https:\/\/www.caudete.org\/ayuntamiento\/wp-json\/wp\/v2\/media\/10632"}],"wp:attachment":[{"href":"https:\/\/www.caudete.org\/ayuntamiento\/wp-json\/wp\/v2\/media?parent=10625"}],"wp:term":[{"taxonomy":"category","embeddable":true,"href":"https:\/\/www.caudete.org\/ayuntamiento\/wp-json\/wp\/v2\/categories?post=10625"},{"taxonomy":"post_tag","embeddable":true,"href":"https:\/\/www.caudete.org\/ayuntamiento\/wp-json\/wp\/v2\/tags?post=10625"}],"curies":[{"name":"wp","href":"https:\/\/api.w.org\/{rel}","templated":true}]}}