{"id":11016,"date":"2020-12-23T10:25:03","date_gmt":"2020-12-23T09:25:03","guid":{"rendered":"http:\/\/www.caudete.org\/ayuntamiento\/?p=11016"},"modified":"2020-12-28T18:54:32","modified_gmt":"2020-12-28T17:54:32","slug":"entregados-los-premios-de-los-concursos-de-felicitacion-de-navidad-convocados-por-las-concejalias-de-cultura-y-juventud","status":"publish","type":"post","link":"https:\/\/www.caudete.org\/ayuntamiento\/entregados-los-premios-de-los-concursos-de-felicitacion-de-navidad-convocados-por-las-concejalias-de-cultura-y-juventud\/","title":{"rendered":"Entregados los Premios de los Concursos de Felicitaci\u00f3n de Navidad convocados por las Concejal\u00edas de Cultura y Juventud"},"content":{"rendered":"<p>Los pasados d\u00edas 21 y 22 de diciembre se entregaron en los diferentes centros educativos del municipio los premios de los Concursos de Felicitaci\u00f3n Navide\u00f1a de las modalidades de <strong>XXV EDICI\u00d3N DE TARJETAS NAVIDE\u00d1AS \u201cVILLA DE CAUDETE\u201d<\/strong>, organizado desde la Biblioteca P\u00fablica Municipal \u201cAna Mar\u00eda Matute\u201d; de la <strong>CATEGOR\u00cdA DE VIDEOS DE FELICITACI\u00d3N NAVIDE\u00d1A en VIDEOS<\/strong> organizado por el Centro Joven y de la <strong>CATEGOR\u00cdA DE PHOTOCALL NAVIDE\u00d1O<\/strong> organizado por la Biblioteca .<\/p>\n<p>Al pasar Caudete a nivel 3, se tuvo que suspender el acto de entrega de premios que se iba a celebrar en el Auditorio, por lo que antes de finalizar las clases lectivas, se han entregado los premios consistentes en vales y diplomas a los ni\u00f1os ganadores, en cada uno de sus centros educativos, como son el Colegio P\u00fablico El Paseo, Colegio P\u00fablico Alc\u00e1zar y Serrano, Colegio Amor de Dios Colegio P\u00fablico Gloria Fuertes, gracias a la colaboraci\u00f3n de \u00e9stos.<\/p>\n<p><strong>Los premiados has sido los siguientes:<\/strong><\/p>\n<p><strong>CATEGORIA XXV Concurso de Tarjetas Navide\u00f1as Villa de Caudete 2020:<\/strong><\/p>\n<p><strong>MODALIDAD De 5 a 6 a\u00f1os.<\/strong><br \/>\n1\u00ba Premio con 70 euros, para la tarjeta A6 de Andrea Torres Monje<br \/>\n2\u00ba Premio con 50 euros , para la tarjeta A21 de Sara Albertos Moya<br \/>\n3\u00ba Premio con 30 euros, para la tarjeta A4 de Lucia Lopez Carrion<\/p>\n<p><strong>MODALIDAD De 7 a 9 a\u00f1os.<\/strong><br \/>\n1\u00ba Premio con 70 euros, para la tarjeta B9 de Clara Llorens Conejero<br \/>\n2\u00ba Premio con 50 euros , para la tarjeta B35 de Daniel Antonio Saorin<br \/>\n3\u00ba Premio con 30 euros, para la tarjeta B43 de Elisa Ortega Fernadez<\/p>\n<p><strong>MODALIDAD De 10 a 12 a\u00f1os.<\/strong><br \/>\n1\u00ba Premio con 70 euros, para la tarjeta C2 de Leonor Martinez Lopez<br \/>\n2\u00ba Premio con 50 euros , para la tarjeta C29 de Irene Molla Tomas<br \/>\n3\u00ba Premio con 30 euros, para la tarjeta C33 de Mohamed Mokthori<\/p>\n<p><strong>CATEGOR\u00cdA DE VIDEOS FELICITACI\u00d3N NAVIDE\u00d1A PARA J\u00d3VENES<\/strong><\/p>\n<p><strong>De 13 a 15 a\u00f1os:<\/strong><br \/>\n&#8211; Premio video individual, con 70 euros, PARA Carla Mar\u00eda Beneit Martinez<br \/>\n&#8211; Premio video colectivo, 100 euros, DESIERTO<\/p>\n<p><strong>De 16 a 18 a\u00f1os:<\/strong><br \/>\n&#8211; Premio video individual, DESIERTO<br \/>\n&#8211; Premio video colectivo, DESIERTO<\/p>\n<p><strong>CONCURSO PHOTOCALL NAVIDE\u00d1O A PARTIR DE 18 A\u00d1OS:<\/strong><br \/>\n\u2022 Premio foto individual, con 70 euros, PARA I2 para ITZIAR GONZALEZ<br \/>\n\u2022 Premio foto colectiva, 100 euros, PARA G22 CLUB LA OLMA<br \/>\nEste premio se entreg\u00f3 en la librer\u00eda adjudicada para el premio Libreria Da Vinci.<\/p>\n<p>El espect\u00e1culo que se iba a desarrollar, <strong>un cuentacuentos a cargo de Paula Carbonell, queda aplazado hasta que se pueda reanudar la programaci\u00f3n del Auditorio Municipa<\/strong>l, pero antes de finalizar el a\u00f1o quer\u00edamos que todos los premiados pudieran disfrutar de su diploma y vale a canjear por material en cada una de las tres librer\u00edas locales del municipio.<\/p>\n<p>Todas las fotos de los ganadores y participantes est\u00e1n colgadas en nuestras redes sociales de la Biblioteca y se pueden seguir con el hastag <strong>#NavidadEnCaudete2020<\/strong> para que todos y todas puedan disfrutarlas.<br \/>\nAdem\u00e1s cuando la Biblioteca pueda abrir de nuevo sus puertas, todos los participantes podr\u00e1n recoger un obsequio y su tarjeta participante. Agradecemos como siempre la enorme participaci\u00f3n que hemos tenido, pues se han presentado un total de 106 tarjetas en la modalidad de tarjetas navide\u00f1as y 27 fotos para la modalidad de Photocall, y especialmente a las familias y a los los centros educativos por implicarse y apoyarnos en estos concursos navide\u00f1os.<\/p>\n<p>&nbsp;<\/p>\n<style type=\"text\/css\">\n#foogallery-gallery-11018.fg-justified .fg-item { margin-right: 2px; margin-bottom: 2px; }\n#foogallery-gallery-11018.fg-justified .fg-image { height: 200px; }<\/style>\n\t\t\t<div class=\"foogallery foogallery-container foogallery-justified foogallery-lightbox-none fg-justified fg-ready fg-light fg-shadow-outline fg-loading-default fg-loaded-fade-in fg-caption-always fg-hover-fade fg-hover-zoom2\" id=\"foogallery-gallery-11018\" data-foogallery=\"{&quot;item&quot;:{&quot;showCaptionTitle&quot;:true,&quot;showCaptionDescription&quot;:false},&quot;lazy&quot;:true,&quot;paging&quot;:{&quot;type&quot;:&quot;dots&quot;,&quot;size&quot;:20,&quot;position&quot;:&quot;bottom&quot;,&quot;scrollToTop&quot;:false,&quot;output&quot;:&quot;html&quot;,&quot;theme&quot;:&quot;fg-light&quot;},&quot;template&quot;:{&quot;rowHeight&quot;:200,&quot;maxRowHeight&quot;:300,&quot;margins&quot;:2,&quot;align&quot;:&quot;center&quot;,&quot;lastRow&quot;:&quot;smart&quot;}}\" style=\"--fg-title-line-clamp: 0; --fg-description-line-clamp: 0;\" >\n\t<div class=\"fg-item fg-type-image fg-idle\"><figure class=\"fg-item-inner\"><a href=\"https:\/\/www.caudete.org\/ayuntamiento\/wp-content\/uploads\/2020\/12\/1o-Categoria-Grupo-Photocall.jpeg\" data-attachment-id=\"11015\" data-e-disable-page-transition=\"true\" data-type=\"image\" class=\"fg-thumb\"><span class=\"fg-image-wrap\"><img fetchpriority=\"high\" decoding=\"async\" height=\"300\" width=\"400\" class=\"skip-lazy fg-image\" data-src-fg=\"https:\/\/www.caudete.org\/ayuntamiento\/wp-content\/uploads\/cache\/2020\/12\/1o-Categoria-Grupo-Photocall\/4261392404.jpeg\" src=\"data:image\/svg+xml,%3Csvg%20xmlns%3D%22http%3A%2F%2Fwww.w3.org%2F2000%2Fsvg%22%20width%3D%22400%22%20height%3D%22300%22%20viewBox%3D%220%200%20400%20300%22%3E%3C%2Fsvg%3E\" loading=\"eager\"><\/span><span class=\"fg-image-overlay\"><\/span><\/a><\/figure><div class=\"fg-loader\"><\/div><\/div><div class=\"fg-item fg-type-image fg-idle\"><figure class=\"fg-item-inner\"><a href=\"https:\/\/www.caudete.org\/ayuntamiento\/wp-content\/uploads\/2020\/12\/1o-Categoria-Individual-Photocall-scaled.jpeg\" data-attachment-id=\"11014\" data-e-disable-page-transition=\"true\" data-type=\"image\" class=\"fg-thumb\"><span class=\"fg-image-wrap\"><img decoding=\"async\" height=\"300\" width=\"225\" class=\"skip-lazy fg-image\" data-src-fg=\"https:\/\/www.caudete.org\/ayuntamiento\/wp-content\/uploads\/cache\/2020\/12\/1o-Categoria-Individual-Photocall-scaled\/4045943255.jpeg\" src=\"data:image\/svg+xml,%3Csvg%20xmlns%3D%22http%3A%2F%2Fwww.w3.org%2F2000%2Fsvg%22%20width%3D%22225%22%20height%3D%22300%22%20viewBox%3D%220%200%20225%20300%22%3E%3C%2Fsvg%3E\" loading=\"eager\"><\/span><span class=\"fg-image-overlay\"><\/span><\/a><\/figure><div class=\"fg-loader\"><\/div><\/div><div class=\"fg-item fg-type-image fg-idle\"><figure class=\"fg-item-inner\"><a href=\"https:\/\/www.caudete.org\/ayuntamiento\/wp-content\/uploads\/2020\/12\/andrea-torres-monje-1o-Categoria-A.jpeg\" data-attachment-id=\"11013\" data-e-disable-page-transition=\"true\" data-type=\"image\" class=\"fg-thumb\"><span class=\"fg-image-wrap\"><img decoding=\"async\" height=\"300\" width=\"400\" class=\"skip-lazy fg-image\" data-src-fg=\"https:\/\/www.caudete.org\/ayuntamiento\/wp-content\/uploads\/cache\/2020\/12\/andrea-torres-monje-1o-Categoria-A\/3795023613.jpeg\" src=\"data:image\/svg+xml,%3Csvg%20xmlns%3D%22http%3A%2F%2Fwww.w3.org%2F2000%2Fsvg%22%20width%3D%22400%22%20height%3D%22300%22%20viewBox%3D%220%200%20400%20300%22%3E%3C%2Fsvg%3E\" loading=\"eager\"><\/span><span class=\"fg-image-overlay\"><\/span><\/a><\/figure><div class=\"fg-loader\"><\/div><\/div><div class=\"fg-item fg-type-image fg-idle\"><figure class=\"fg-item-inner\"><a href=\"https:\/\/www.caudete.org\/ayuntamiento\/wp-content\/uploads\/2020\/12\/carla-maria-beneit-martinez-1o-Categoria-Individual-Video.jpeg\" data-attachment-id=\"11012\" data-e-disable-page-transition=\"true\" data-type=\"image\" class=\"fg-thumb\"><span class=\"fg-image-wrap\"><img decoding=\"async\" height=\"300\" width=\"225\" class=\"skip-lazy fg-image\" data-src-fg=\"https:\/\/www.caudete.org\/ayuntamiento\/wp-content\/uploads\/cache\/2020\/12\/carla-maria-beneit-martinez-1o-Categoria-Individual-Video\/4110622478.jpeg\" src=\"data:image\/svg+xml,%3Csvg%20xmlns%3D%22http%3A%2F%2Fwww.w3.org%2F2000%2Fsvg%22%20width%3D%22225%22%20height%3D%22300%22%20viewBox%3D%220%200%20225%20300%22%3E%3C%2Fsvg%3E\" loading=\"eager\"><\/span><span class=\"fg-image-overlay\"><\/span><\/a><\/figure><div class=\"fg-loader\"><\/div><\/div><div class=\"fg-item fg-type-image fg-idle\"><figure class=\"fg-item-inner\"><a href=\"https:\/\/www.caudete.org\/ayuntamiento\/wp-content\/uploads\/2020\/12\/clara-llorens-conejero-1o-Categoria-B.jpeg\" data-attachment-id=\"11011\" data-e-disable-page-transition=\"true\" data-type=\"image\" class=\"fg-thumb\"><span class=\"fg-image-wrap\"><img decoding=\"async\" height=\"300\" width=\"225\" class=\"skip-lazy fg-image\" data-src-fg=\"https:\/\/www.caudete.org\/ayuntamiento\/wp-content\/uploads\/cache\/2020\/12\/clara-llorens-conejero-1o-Categoria-B\/1350689049.jpeg\" src=\"data:image\/svg+xml,%3Csvg%20xmlns%3D%22http%3A%2F%2Fwww.w3.org%2F2000%2Fsvg%22%20width%3D%22225%22%20height%3D%22300%22%20viewBox%3D%220%200%20225%20300%22%3E%3C%2Fsvg%3E\" loading=\"eager\"><\/span><span class=\"fg-image-overlay\"><\/span><\/a><\/figure><div class=\"fg-loader\"><\/div><\/div><div class=\"fg-item fg-type-image fg-idle\"><figure class=\"fg-item-inner\"><a href=\"https:\/\/www.caudete.org\/ayuntamiento\/wp-content\/uploads\/2020\/12\/daniel-antonio-saorin-2o-Categoria-B.jpeg\" data-attachment-id=\"11010\" data-e-disable-page-transition=\"true\" data-type=\"image\" class=\"fg-thumb\"><span class=\"fg-image-wrap\"><img decoding=\"async\" height=\"300\" width=\"400\" class=\"skip-lazy fg-image\" data-src-fg=\"https:\/\/www.caudete.org\/ayuntamiento\/wp-content\/uploads\/cache\/2020\/12\/daniel-antonio-saorin-2o-Categoria-B\/3321755510.jpeg\" src=\"data:image\/svg+xml,%3Csvg%20xmlns%3D%22http%3A%2F%2Fwww.w3.org%2F2000%2Fsvg%22%20width%3D%22400%22%20height%3D%22300%22%20viewBox%3D%220%200%20400%20300%22%3E%3C%2Fsvg%3E\" loading=\"eager\"><\/span><span class=\"fg-image-overlay\"><\/span><\/a><\/figure><div class=\"fg-loader\"><\/div><\/div><div class=\"fg-item fg-type-image fg-idle\"><figure class=\"fg-item-inner\"><a href=\"https:\/\/www.caudete.org\/ayuntamiento\/wp-content\/uploads\/2020\/12\/elisa-ortega-fernandez-3o-Categoria-B.jpeg\" data-attachment-id=\"11009\" data-e-disable-page-transition=\"true\" data-type=\"image\" class=\"fg-thumb\"><span class=\"fg-image-wrap\"><img decoding=\"async\" height=\"300\" width=\"400\" class=\"skip-lazy fg-image\" data-src-fg=\"https:\/\/www.caudete.org\/ayuntamiento\/wp-content\/uploads\/cache\/2020\/12\/elisa-ortega-fernandez-3o-Categoria-B\/3589852400.jpeg\" src=\"data:image\/svg+xml,%3Csvg%20xmlns%3D%22http%3A%2F%2Fwww.w3.org%2F2000%2Fsvg%22%20width%3D%22400%22%20height%3D%22300%22%20viewBox%3D%220%200%20400%20300%22%3E%3C%2Fsvg%3E\" loading=\"eager\"><\/span><span class=\"fg-image-overlay\"><\/span><\/a><\/figure><div class=\"fg-loader\"><\/div><\/div><div class=\"fg-item fg-type-image fg-idle\"><figure class=\"fg-item-inner\"><a href=\"https:\/\/www.caudete.org\/ayuntamiento\/wp-content\/uploads\/2020\/12\/irene-molla-tomas-2o-Categoria-B.jpeg\" data-attachment-id=\"11008\" data-e-disable-page-transition=\"true\" data-type=\"image\" class=\"fg-thumb\"><span class=\"fg-image-wrap\"><img decoding=\"async\" height=\"300\" width=\"533\" class=\"skip-lazy fg-image\" data-src-fg=\"https:\/\/www.caudete.org\/ayuntamiento\/wp-content\/uploads\/cache\/2020\/12\/irene-molla-tomas-2o-Categoria-B\/2581049274.jpeg\" src=\"data:image\/svg+xml,%3Csvg%20xmlns%3D%22http%3A%2F%2Fwww.w3.org%2F2000%2Fsvg%22%20width%3D%22533%22%20height%3D%22300%22%20viewBox%3D%220%200%20533%20300%22%3E%3C%2Fsvg%3E\" loading=\"eager\"><\/span><span class=\"fg-image-overlay\"><\/span><\/a><\/figure><div class=\"fg-loader\"><\/div><\/div><div class=\"fg-item fg-type-image fg-idle\"><figure class=\"fg-item-inner\"><a href=\"https:\/\/www.caudete.org\/ayuntamiento\/wp-content\/uploads\/2020\/12\/leonor-martinez-lopez-1o-Categoria-C.jpeg\" data-attachment-id=\"11007\" data-e-disable-page-transition=\"true\" data-type=\"image\" class=\"fg-thumb\"><span class=\"fg-image-wrap\"><img decoding=\"async\" height=\"300\" width=\"400\" class=\"skip-lazy fg-image\" data-src-fg=\"https:\/\/www.caudete.org\/ayuntamiento\/wp-content\/uploads\/cache\/2020\/12\/leonor-martinez-lopez-1o-Categoria-C\/901521178.jpeg\" src=\"data:image\/svg+xml,%3Csvg%20xmlns%3D%22http%3A%2F%2Fwww.w3.org%2F2000%2Fsvg%22%20width%3D%22400%22%20height%3D%22300%22%20viewBox%3D%220%200%20400%20300%22%3E%3C%2Fsvg%3E\" loading=\"eager\"><\/span><span class=\"fg-image-overlay\"><\/span><\/a><\/figure><div class=\"fg-loader\"><\/div><\/div><div class=\"fg-item fg-type-image fg-idle\"><figure class=\"fg-item-inner\"><a href=\"https:\/\/www.caudete.org\/ayuntamiento\/wp-content\/uploads\/2020\/12\/lucia-lopez-carrion-3o-Categoria-A.jpeg\" data-attachment-id=\"11006\" data-e-disable-page-transition=\"true\" data-type=\"image\" class=\"fg-thumb\"><span class=\"fg-image-wrap\"><img decoding=\"async\" height=\"300\" width=\"400\" class=\"skip-lazy fg-image\" data-src-fg=\"https:\/\/www.caudete.org\/ayuntamiento\/wp-content\/uploads\/cache\/2020\/12\/lucia-lopez-carrion-3o-Categoria-A\/2730977229.jpeg\" src=\"data:image\/svg+xml,%3Csvg%20xmlns%3D%22http%3A%2F%2Fwww.w3.org%2F2000%2Fsvg%22%20width%3D%22400%22%20height%3D%22300%22%20viewBox%3D%220%200%20400%20300%22%3E%3C%2Fsvg%3E\" loading=\"eager\"><\/span><span class=\"fg-image-overlay\"><\/span><\/a><\/figure><div class=\"fg-loader\"><\/div><\/div><div class=\"fg-item fg-type-image fg-idle\"><figure class=\"fg-item-inner\"><a href=\"https:\/\/www.caudete.org\/ayuntamiento\/wp-content\/uploads\/2020\/12\/mohamed-mokthori-3o-Categoria-C.jpeg\" data-attachment-id=\"11005\" data-e-disable-page-transition=\"true\" data-type=\"image\" class=\"fg-thumb\"><span class=\"fg-image-wrap\"><img decoding=\"async\" height=\"300\" width=\"400\" class=\"skip-lazy fg-image\" data-src-fg=\"https:\/\/www.caudete.org\/ayuntamiento\/wp-content\/uploads\/cache\/2020\/12\/mohamed-mokthori-3o-Categoria-C\/3334567233.jpeg\" src=\"data:image\/svg+xml,%3Csvg%20xmlns%3D%22http%3A%2F%2Fwww.w3.org%2F2000%2Fsvg%22%20width%3D%22400%22%20height%3D%22300%22%20viewBox%3D%220%200%20400%20300%22%3E%3C%2Fsvg%3E\" loading=\"eager\"><\/span><span class=\"fg-image-overlay\"><\/span><\/a><\/figure><div class=\"fg-loader\"><\/div><\/div><div class=\"fg-item fg-type-image fg-idle\"><figure class=\"fg-item-inner\"><a href=\"https:\/\/www.caudete.org\/ayuntamiento\/wp-content\/uploads\/2020\/12\/sara-albertos-moya-2o-Categoria-A.jpeg\" data-attachment-id=\"11004\" data-e-disable-page-transition=\"true\" data-type=\"image\" class=\"fg-thumb\"><span class=\"fg-image-wrap\"><img decoding=\"async\" height=\"300\" width=\"400\" class=\"skip-lazy fg-image\" data-src-fg=\"https:\/\/www.caudete.org\/ayuntamiento\/wp-content\/uploads\/cache\/2020\/12\/sara-albertos-moya-2o-Categoria-A\/3874362885.jpeg\" src=\"data:image\/svg+xml,%3Csvg%20xmlns%3D%22http%3A%2F%2Fwww.w3.org%2F2000%2Fsvg%22%20width%3D%22400%22%20height%3D%22300%22%20viewBox%3D%220%200%20400%20300%22%3E%3C%2Fsvg%3E\" loading=\"eager\"><\/span><span class=\"fg-image-overlay\"><\/span><\/a><\/figure><div class=\"fg-loader\"><\/div><\/div><\/div>\n\n<p>&nbsp;<\/p>\n","protected":false},"excerpt":{"rendered":"<p>Los pasados d\u00edas 21 y 22 de diciembre se entregaron en los diferentes centros educativos del municipio los premios de los Concursos de Felicitaci\u00f3n Navide\u00f1a de las modalidades de XXV EDICI\u00d3N DE TARJETAS NAVIDE\u00d1AS \u201cVILLA DE CAUDETE\u201d, organizado desde la Biblioteca P\u00fablica Municipal \u201cAna Mar\u00eda Matute\u201d; de la CATEGOR\u00cdA DE VIDEOS DE FELICITACI\u00d3N NAVIDE\u00d1A en &hellip;<\/p>\n","protected":false},"author":2,"featured_media":11015,"comment_status":"closed","ping_status":"open","sticky":false,"template":"","format":"standard","meta":{"ngg_post_thumbnail":0,"footnotes":""},"categories":[14,121],"tags":[146,144,67,145],"class_list":["post-11016","post","type-post","status-publish","format-standard","has-post-thumbnail","hentry","category-cultura","category-juventud-2","tag-photocall-navideno","tag-premios","tag-tarjetas-navidenas","tag-videos-felicitacion"],"yoast_head":"<!-- This site is optimized with the Yoast SEO plugin v27.5 - https:\/\/yoast.com\/product\/yoast-seo-wordpress\/ -->\n<title>Entregados los Premios de los Concursos de Felicitaci\u00f3n de Navidad convocados por las Concejal\u00edas de Cultura y Juventud - MI Ayuntamiento de Caudete<\/title>\n<meta name=\"description\" content=\"P\u00e1gina Oficial del Ayuntamiento de Caudete (Albacete)\" \/>\n<meta name=\"robots\" content=\"index, follow, max-snippet:-1, max-image-preview:large, max-video-preview:-1\" \/>\n<link rel=\"canonical\" href=\"https:\/\/www.caudete.org\/ayuntamiento\/entregados-los-premios-de-los-concursos-de-felicitacion-de-navidad-convocados-por-las-concejalias-de-cultura-y-juventud\/\" \/>\n<meta property=\"og:locale\" content=\"es_ES\" \/>\n<meta property=\"og:type\" content=\"article\" \/>\n<meta property=\"og:title\" content=\"Entregados los Premios de los Concursos de Felicitaci\u00f3n de Navidad convocados por las Concejal\u00edas de Cultura y Juventud - MI Ayuntamiento de Caudete\" \/>\n<meta property=\"og:description\" content=\"P\u00e1gina Oficial del Ayuntamiento de Caudete (Albacete)\" \/>\n<meta property=\"og:url\" content=\"https:\/\/www.caudete.org\/ayuntamiento\/entregados-los-premios-de-los-concursos-de-felicitacion-de-navidad-convocados-por-las-concejalias-de-cultura-y-juventud\/\" \/>\n<meta property=\"og:site_name\" content=\"MI Ayuntamiento de Caudete\" \/>\n<meta property=\"article:publisher\" content=\"https:\/\/www.facebook.com\/ayuntamientocaudete\/\" \/>\n<meta property=\"article:published_time\" content=\"2020-12-23T09:25:03+00:00\" \/>\n<meta property=\"article:modified_time\" content=\"2020-12-28T17:54:32+00:00\" \/>\n<meta property=\"og:image\" content=\"https:\/\/www.caudete.org\/ayuntamiento\/wp-content\/uploads\/2020\/12\/1o-Categoria-Grupo-Photocall.jpeg\" \/>\n\t<meta property=\"og:image:width\" content=\"1984\" \/>\n\t<meta property=\"og:image:height\" content=\"1488\" \/>\n\t<meta property=\"og:image:type\" content=\"image\/jpeg\" \/>\n<meta name=\"author\" content=\"Juan\" \/>\n<meta name=\"twitter:card\" content=\"summary_large_image\" \/>\n<meta name=\"twitter:label1\" content=\"Escrito por\" \/>\n\t<meta name=\"twitter:data1\" content=\"Juan\" \/>\n\t<meta name=\"twitter:label2\" content=\"Tiempo de lectura\" \/>\n\t<meta name=\"twitter:data2\" content=\"3 minutos\" \/>\n<script type=\"application\/ld+json\" class=\"yoast-schema-graph\">{\"@context\":\"https:\\\/\\\/schema.org\",\"@graph\":[{\"@type\":\"Article\",\"@id\":\"https:\\\/\\\/www.caudete.org\\\/ayuntamiento\\\/entregados-los-premios-de-los-concursos-de-felicitacion-de-navidad-convocados-por-las-concejalias-de-cultura-y-juventud\\\/#article\",\"isPartOf\":{\"@id\":\"https:\\\/\\\/www.caudete.org\\\/ayuntamiento\\\/entregados-los-premios-de-los-concursos-de-felicitacion-de-navidad-convocados-por-las-concejalias-de-cultura-y-juventud\\\/\"},\"author\":{\"name\":\"Juan\",\"@id\":\"https:\\\/\\\/www.caudete.org\\\/ayuntamiento\\\/#\\\/schema\\\/person\\\/7656a5bb58fca95b9814e940de0fda63\"},\"headline\":\"Entregados los Premios de los Concursos de Felicitaci\u00f3n de Navidad convocados por las Concejal\u00edas de Cultura y Juventud\",\"datePublished\":\"2020-12-23T09:25:03+00:00\",\"dateModified\":\"2020-12-28T17:54:32+00:00\",\"mainEntityOfPage\":{\"@id\":\"https:\\\/\\\/www.caudete.org\\\/ayuntamiento\\\/entregados-los-premios-de-los-concursos-de-felicitacion-de-navidad-convocados-por-las-concejalias-de-cultura-y-juventud\\\/\"},\"wordCount\":581,\"publisher\":{\"@id\":\"https:\\\/\\\/www.caudete.org\\\/ayuntamiento\\\/#organization\"},\"image\":{\"@id\":\"https:\\\/\\\/www.caudete.org\\\/ayuntamiento\\\/entregados-los-premios-de-los-concursos-de-felicitacion-de-navidad-convocados-por-las-concejalias-de-cultura-y-juventud\\\/#primaryimage\"},\"thumbnailUrl\":\"https:\\\/\\\/www.caudete.org\\\/ayuntamiento\\\/wp-content\\\/uploads\\\/2020\\\/12\\\/1o-Categoria-Grupo-Photocall.jpeg\",\"keywords\":[\"Photocall navide\u00f1o\",\"Premios\",\"tarjetas navide\u00f1as\",\"Videos felicitacion\"],\"articleSection\":[\"Cultura\",\"Juventud\"],\"inLanguage\":\"es\"},{\"@type\":\"WebPage\",\"@id\":\"https:\\\/\\\/www.caudete.org\\\/ayuntamiento\\\/entregados-los-premios-de-los-concursos-de-felicitacion-de-navidad-convocados-por-las-concejalias-de-cultura-y-juventud\\\/\",\"url\":\"https:\\\/\\\/www.caudete.org\\\/ayuntamiento\\\/entregados-los-premios-de-los-concursos-de-felicitacion-de-navidad-convocados-por-las-concejalias-de-cultura-y-juventud\\\/\",\"name\":\"Entregados los Premios de los Concursos de Felicitaci\u00f3n de Navidad convocados por las Concejal\u00edas de Cultura y Juventud - MI Ayuntamiento de Caudete\",\"isPartOf\":{\"@id\":\"https:\\\/\\\/www.caudete.org\\\/ayuntamiento\\\/#website\"},\"primaryImageOfPage\":{\"@id\":\"https:\\\/\\\/www.caudete.org\\\/ayuntamiento\\\/entregados-los-premios-de-los-concursos-de-felicitacion-de-navidad-convocados-por-las-concejalias-de-cultura-y-juventud\\\/#primaryimage\"},\"image\":{\"@id\":\"https:\\\/\\\/www.caudete.org\\\/ayuntamiento\\\/entregados-los-premios-de-los-concursos-de-felicitacion-de-navidad-convocados-por-las-concejalias-de-cultura-y-juventud\\\/#primaryimage\"},\"thumbnailUrl\":\"https:\\\/\\\/www.caudete.org\\\/ayuntamiento\\\/wp-content\\\/uploads\\\/2020\\\/12\\\/1o-Categoria-Grupo-Photocall.jpeg\",\"datePublished\":\"2020-12-23T09:25:03+00:00\",\"dateModified\":\"2020-12-28T17:54:32+00:00\",\"description\":\"P\u00e1gina Oficial del Ayuntamiento de Caudete (Albacete)\",\"breadcrumb\":{\"@id\":\"https:\\\/\\\/www.caudete.org\\\/ayuntamiento\\\/entregados-los-premios-de-los-concursos-de-felicitacion-de-navidad-convocados-por-las-concejalias-de-cultura-y-juventud\\\/#breadcrumb\"},\"inLanguage\":\"es\",\"potentialAction\":[{\"@type\":\"ReadAction\",\"target\":[\"https:\\\/\\\/www.caudete.org\\\/ayuntamiento\\\/entregados-los-premios-de-los-concursos-de-felicitacion-de-navidad-convocados-por-las-concejalias-de-cultura-y-juventud\\\/\"]}]},{\"@type\":\"ImageObject\",\"inLanguage\":\"es\",\"@id\":\"https:\\\/\\\/www.caudete.org\\\/ayuntamiento\\\/entregados-los-premios-de-los-concursos-de-felicitacion-de-navidad-convocados-por-las-concejalias-de-cultura-y-juventud\\\/#primaryimage\",\"url\":\"https:\\\/\\\/www.caudete.org\\\/ayuntamiento\\\/wp-content\\\/uploads\\\/2020\\\/12\\\/1o-Categoria-Grupo-Photocall.jpeg\",\"contentUrl\":\"https:\\\/\\\/www.caudete.org\\\/ayuntamiento\\\/wp-content\\\/uploads\\\/2020\\\/12\\\/1o-Categoria-Grupo-Photocall.jpeg\",\"width\":1984,\"height\":1488},{\"@type\":\"BreadcrumbList\",\"@id\":\"https:\\\/\\\/www.caudete.org\\\/ayuntamiento\\\/entregados-los-premios-de-los-concursos-de-felicitacion-de-navidad-convocados-por-las-concejalias-de-cultura-y-juventud\\\/#breadcrumb\",\"itemListElement\":[{\"@type\":\"ListItem\",\"position\":1,\"name\":\"Inicio\",\"item\":\"https:\\\/\\\/www.caudete.org\\\/ayuntamiento\\\/\"},{\"@type\":\"ListItem\",\"position\":2,\"name\":\"Entregados los Premios de los Concursos de Felicitaci\u00f3n de Navidad convocados por las Concejal\u00edas de Cultura y Juventud\"}]},{\"@type\":\"WebSite\",\"@id\":\"https:\\\/\\\/www.caudete.org\\\/ayuntamiento\\\/#website\",\"url\":\"https:\\\/\\\/www.caudete.org\\\/ayuntamiento\\\/\",\"name\":\"MI Ayuntamiento de Caudete\",\"description\":\"P\u00e1gina Oficial del MI Ayuntamiento de Caudete\",\"publisher\":{\"@id\":\"https:\\\/\\\/www.caudete.org\\\/ayuntamiento\\\/#organization\"},\"potentialAction\":[{\"@type\":\"SearchAction\",\"target\":{\"@type\":\"EntryPoint\",\"urlTemplate\":\"https:\\\/\\\/www.caudete.org\\\/ayuntamiento\\\/?s={search_term_string}\"},\"query-input\":{\"@type\":\"PropertyValueSpecification\",\"valueRequired\":true,\"valueName\":\"search_term_string\"}}],\"inLanguage\":\"es\"},{\"@type\":\"Organization\",\"@id\":\"https:\\\/\\\/www.caudete.org\\\/ayuntamiento\\\/#organization\",\"name\":\"Ayuntamiento de Caudete\",\"url\":\"https:\\\/\\\/www.caudete.org\\\/ayuntamiento\\\/\",\"logo\":{\"@type\":\"ImageObject\",\"inLanguage\":\"es\",\"@id\":\"https:\\\/\\\/www.caudete.org\\\/ayuntamiento\\\/#\\\/schema\\\/logo\\\/image\\\/\",\"url\":\"https:\\\/\\\/www.caudete.org\\\/ayuntamiento\\\/wp-content\\\/uploads\\\/2020\\\/11\\\/logo_ayuntamiento_caudete.jpg\",\"contentUrl\":\"https:\\\/\\\/www.caudete.org\\\/ayuntamiento\\\/wp-content\\\/uploads\\\/2020\\\/11\\\/logo_ayuntamiento_caudete.jpg\",\"width\":600,\"height\":150,\"caption\":\"Ayuntamiento de Caudete\"},\"image\":{\"@id\":\"https:\\\/\\\/www.caudete.org\\\/ayuntamiento\\\/#\\\/schema\\\/logo\\\/image\\\/\"},\"sameAs\":[\"https:\\\/\\\/www.facebook.com\\\/ayuntamientocaudete\\\/\",\"https:\\\/\\\/www.youtube.com\\\/channel\\\/UC6VztHaooNsGpw-tNoBEFnQ\"]},{\"@type\":\"Person\",\"@id\":\"https:\\\/\\\/www.caudete.org\\\/ayuntamiento\\\/#\\\/schema\\\/person\\\/7656a5bb58fca95b9814e940de0fda63\",\"name\":\"Juan\",\"image\":{\"@type\":\"ImageObject\",\"inLanguage\":\"es\",\"@id\":\"https:\\\/\\\/secure.gravatar.com\\\/avatar\\\/dd53e51c0cd6ab23f52d4f3e4f1c59730240727763de3dbbf26750b079a2c292?s=96&d=mm&r=g\",\"url\":\"https:\\\/\\\/secure.gravatar.com\\\/avatar\\\/dd53e51c0cd6ab23f52d4f3e4f1c59730240727763de3dbbf26750b079a2c292?s=96&d=mm&r=g\",\"contentUrl\":\"https:\\\/\\\/secure.gravatar.com\\\/avatar\\\/dd53e51c0cd6ab23f52d4f3e4f1c59730240727763de3dbbf26750b079a2c292?s=96&d=mm&r=g\",\"caption\":\"Juan\"},\"url\":\"https:\\\/\\\/www.caudete.org\\\/ayuntamiento\\\/author\\\/centrodeinternet\\\/\"}]}<\/script>\n<!-- \/ Yoast SEO plugin. -->","yoast_head_json":{"title":"Entregados los Premios de los Concursos de Felicitaci\u00f3n de Navidad convocados por las Concejal\u00edas de Cultura y Juventud - MI Ayuntamiento de Caudete","description":"P\u00e1gina Oficial del Ayuntamiento de Caudete (Albacete)","robots":{"index":"index","follow":"follow","max-snippet":"max-snippet:-1","max-image-preview":"max-image-preview:large","max-video-preview":"max-video-preview:-1"},"canonical":"https:\/\/www.caudete.org\/ayuntamiento\/entregados-los-premios-de-los-concursos-de-felicitacion-de-navidad-convocados-por-las-concejalias-de-cultura-y-juventud\/","og_locale":"es_ES","og_type":"article","og_title":"Entregados los Premios de los Concursos de Felicitaci\u00f3n de Navidad convocados por las Concejal\u00edas de Cultura y Juventud - MI Ayuntamiento de Caudete","og_description":"P\u00e1gina Oficial del Ayuntamiento de Caudete (Albacete)","og_url":"https:\/\/www.caudete.org\/ayuntamiento\/entregados-los-premios-de-los-concursos-de-felicitacion-de-navidad-convocados-por-las-concejalias-de-cultura-y-juventud\/","og_site_name":"MI Ayuntamiento de Caudete","article_publisher":"https:\/\/www.facebook.com\/ayuntamientocaudete\/","article_published_time":"2020-12-23T09:25:03+00:00","article_modified_time":"2020-12-28T17:54:32+00:00","og_image":[{"width":1984,"height":1488,"url":"https:\/\/www.caudete.org\/ayuntamiento\/wp-content\/uploads\/2020\/12\/1o-Categoria-Grupo-Photocall.jpeg","type":"image\/jpeg"}],"author":"Juan","twitter_card":"summary_large_image","twitter_misc":{"Escrito por":"Juan","Tiempo de lectura":"3 minutos"},"schema":{"@context":"https:\/\/schema.org","@graph":[{"@type":"Article","@id":"https:\/\/www.caudete.org\/ayuntamiento\/entregados-los-premios-de-los-concursos-de-felicitacion-de-navidad-convocados-por-las-concejalias-de-cultura-y-juventud\/#article","isPartOf":{"@id":"https:\/\/www.caudete.org\/ayuntamiento\/entregados-los-premios-de-los-concursos-de-felicitacion-de-navidad-convocados-por-las-concejalias-de-cultura-y-juventud\/"},"author":{"name":"Juan","@id":"https:\/\/www.caudete.org\/ayuntamiento\/#\/schema\/person\/7656a5bb58fca95b9814e940de0fda63"},"headline":"Entregados los Premios de los Concursos de Felicitaci\u00f3n de Navidad convocados por las Concejal\u00edas de Cultura y Juventud","datePublished":"2020-12-23T09:25:03+00:00","dateModified":"2020-12-28T17:54:32+00:00","mainEntityOfPage":{"@id":"https:\/\/www.caudete.org\/ayuntamiento\/entregados-los-premios-de-los-concursos-de-felicitacion-de-navidad-convocados-por-las-concejalias-de-cultura-y-juventud\/"},"wordCount":581,"publisher":{"@id":"https:\/\/www.caudete.org\/ayuntamiento\/#organization"},"image":{"@id":"https:\/\/www.caudete.org\/ayuntamiento\/entregados-los-premios-de-los-concursos-de-felicitacion-de-navidad-convocados-por-las-concejalias-de-cultura-y-juventud\/#primaryimage"},"thumbnailUrl":"https:\/\/www.caudete.org\/ayuntamiento\/wp-content\/uploads\/2020\/12\/1o-Categoria-Grupo-Photocall.jpeg","keywords":["Photocall navide\u00f1o","Premios","tarjetas navide\u00f1as","Videos felicitacion"],"articleSection":["Cultura","Juventud"],"inLanguage":"es"},{"@type":"WebPage","@id":"https:\/\/www.caudete.org\/ayuntamiento\/entregados-los-premios-de-los-concursos-de-felicitacion-de-navidad-convocados-por-las-concejalias-de-cultura-y-juventud\/","url":"https:\/\/www.caudete.org\/ayuntamiento\/entregados-los-premios-de-los-concursos-de-felicitacion-de-navidad-convocados-por-las-concejalias-de-cultura-y-juventud\/","name":"Entregados los Premios de los Concursos de Felicitaci\u00f3n de Navidad convocados por las Concejal\u00edas de Cultura y Juventud - MI Ayuntamiento de Caudete","isPartOf":{"@id":"https:\/\/www.caudete.org\/ayuntamiento\/#website"},"primaryImageOfPage":{"@id":"https:\/\/www.caudete.org\/ayuntamiento\/entregados-los-premios-de-los-concursos-de-felicitacion-de-navidad-convocados-por-las-concejalias-de-cultura-y-juventud\/#primaryimage"},"image":{"@id":"https:\/\/www.caudete.org\/ayuntamiento\/entregados-los-premios-de-los-concursos-de-felicitacion-de-navidad-convocados-por-las-concejalias-de-cultura-y-juventud\/#primaryimage"},"thumbnailUrl":"https:\/\/www.caudete.org\/ayuntamiento\/wp-content\/uploads\/2020\/12\/1o-Categoria-Grupo-Photocall.jpeg","datePublished":"2020-12-23T09:25:03+00:00","dateModified":"2020-12-28T17:54:32+00:00","description":"P\u00e1gina Oficial del Ayuntamiento de Caudete (Albacete)","breadcrumb":{"@id":"https:\/\/www.caudete.org\/ayuntamiento\/entregados-los-premios-de-los-concursos-de-felicitacion-de-navidad-convocados-por-las-concejalias-de-cultura-y-juventud\/#breadcrumb"},"inLanguage":"es","potentialAction":[{"@type":"ReadAction","target":["https:\/\/www.caudete.org\/ayuntamiento\/entregados-los-premios-de-los-concursos-de-felicitacion-de-navidad-convocados-por-las-concejalias-de-cultura-y-juventud\/"]}]},{"@type":"ImageObject","inLanguage":"es","@id":"https:\/\/www.caudete.org\/ayuntamiento\/entregados-los-premios-de-los-concursos-de-felicitacion-de-navidad-convocados-por-las-concejalias-de-cultura-y-juventud\/#primaryimage","url":"https:\/\/www.caudete.org\/ayuntamiento\/wp-content\/uploads\/2020\/12\/1o-Categoria-Grupo-Photocall.jpeg","contentUrl":"https:\/\/www.caudete.org\/ayuntamiento\/wp-content\/uploads\/2020\/12\/1o-Categoria-Grupo-Photocall.jpeg","width":1984,"height":1488},{"@type":"BreadcrumbList","@id":"https:\/\/www.caudete.org\/ayuntamiento\/entregados-los-premios-de-los-concursos-de-felicitacion-de-navidad-convocados-por-las-concejalias-de-cultura-y-juventud\/#breadcrumb","itemListElement":[{"@type":"ListItem","position":1,"name":"Inicio","item":"https:\/\/www.caudete.org\/ayuntamiento\/"},{"@type":"ListItem","position":2,"name":"Entregados los Premios de los Concursos de Felicitaci\u00f3n de Navidad convocados por las Concejal\u00edas de Cultura y Juventud"}]},{"@type":"WebSite","@id":"https:\/\/www.caudete.org\/ayuntamiento\/#website","url":"https:\/\/www.caudete.org\/ayuntamiento\/","name":"MI Ayuntamiento de Caudete","description":"P\u00e1gina Oficial del MI Ayuntamiento de Caudete","publisher":{"@id":"https:\/\/www.caudete.org\/ayuntamiento\/#organization"},"potentialAction":[{"@type":"SearchAction","target":{"@type":"EntryPoint","urlTemplate":"https:\/\/www.caudete.org\/ayuntamiento\/?s={search_term_string}"},"query-input":{"@type":"PropertyValueSpecification","valueRequired":true,"valueName":"search_term_string"}}],"inLanguage":"es"},{"@type":"Organization","@id":"https:\/\/www.caudete.org\/ayuntamiento\/#organization","name":"Ayuntamiento de Caudete","url":"https:\/\/www.caudete.org\/ayuntamiento\/","logo":{"@type":"ImageObject","inLanguage":"es","@id":"https:\/\/www.caudete.org\/ayuntamiento\/#\/schema\/logo\/image\/","url":"https:\/\/www.caudete.org\/ayuntamiento\/wp-content\/uploads\/2020\/11\/logo_ayuntamiento_caudete.jpg","contentUrl":"https:\/\/www.caudete.org\/ayuntamiento\/wp-content\/uploads\/2020\/11\/logo_ayuntamiento_caudete.jpg","width":600,"height":150,"caption":"Ayuntamiento de Caudete"},"image":{"@id":"https:\/\/www.caudete.org\/ayuntamiento\/#\/schema\/logo\/image\/"},"sameAs":["https:\/\/www.facebook.com\/ayuntamientocaudete\/","https:\/\/www.youtube.com\/channel\/UC6VztHaooNsGpw-tNoBEFnQ"]},{"@type":"Person","@id":"https:\/\/www.caudete.org\/ayuntamiento\/#\/schema\/person\/7656a5bb58fca95b9814e940de0fda63","name":"Juan","image":{"@type":"ImageObject","inLanguage":"es","@id":"https:\/\/secure.gravatar.com\/avatar\/dd53e51c0cd6ab23f52d4f3e4f1c59730240727763de3dbbf26750b079a2c292?s=96&d=mm&r=g","url":"https:\/\/secure.gravatar.com\/avatar\/dd53e51c0cd6ab23f52d4f3e4f1c59730240727763de3dbbf26750b079a2c292?s=96&d=mm&r=g","contentUrl":"https:\/\/secure.gravatar.com\/avatar\/dd53e51c0cd6ab23f52d4f3e4f1c59730240727763de3dbbf26750b079a2c292?s=96&d=mm&r=g","caption":"Juan"},"url":"https:\/\/www.caudete.org\/ayuntamiento\/author\/centrodeinternet\/"}]}},"_links":{"self":[{"href":"https:\/\/www.caudete.org\/ayuntamiento\/wp-json\/wp\/v2\/posts\/11016","targetHints":{"allow":["GET"]}}],"collection":[{"href":"https:\/\/www.caudete.org\/ayuntamiento\/wp-json\/wp\/v2\/posts"}],"about":[{"href":"https:\/\/www.caudete.org\/ayuntamiento\/wp-json\/wp\/v2\/types\/post"}],"author":[{"embeddable":true,"href":"https:\/\/www.caudete.org\/ayuntamiento\/wp-json\/wp\/v2\/users\/2"}],"replies":[{"embeddable":true,"href":"https:\/\/www.caudete.org\/ayuntamiento\/wp-json\/wp\/v2\/comments?post=11016"}],"version-history":[{"count":3,"href":"https:\/\/www.caudete.org\/ayuntamiento\/wp-json\/wp\/v2\/posts\/11016\/revisions"}],"predecessor-version":[{"id":11020,"href":"https:\/\/www.caudete.org\/ayuntamiento\/wp-json\/wp\/v2\/posts\/11016\/revisions\/11020"}],"wp:featuredmedia":[{"embeddable":true,"href":"https:\/\/www.caudete.org\/ayuntamiento\/wp-json\/wp\/v2\/media\/11015"}],"wp:attachment":[{"href":"https:\/\/www.caudete.org\/ayuntamiento\/wp-json\/wp\/v2\/media?parent=11016"}],"wp:term":[{"taxonomy":"category","embeddable":true,"href":"https:\/\/www.caudete.org\/ayuntamiento\/wp-json\/wp\/v2\/categories?post=11016"},{"taxonomy":"post_tag","embeddable":true,"href":"https:\/\/www.caudete.org\/ayuntamiento\/wp-json\/wp\/v2\/tags?post=11016"}],"curies":[{"name":"wp","href":"https:\/\/api.w.org\/{rel}","templated":true}]}}