{"id":11138,"date":"2020-12-27T17:54:52","date_gmt":"2020-12-27T16:54:52","guid":{"rendered":"http:\/\/www.caudete.org\/ayuntamiento\/?p=11138"},"modified":"2020-12-28T18:50:21","modified_gmt":"2020-12-28T17:50:21","slug":"sanidad-prorroga-en-caudete-las-medidas-de-nivel-iii-pese-a-que-ha-habido-una-ligera-mejoria-en-los-datos","status":"publish","type":"post","link":"https:\/\/www.caudete.org\/ayuntamiento\/sanidad-prorroga-en-caudete-las-medidas-de-nivel-iii-pese-a-que-ha-habido-una-ligera-mejoria-en-los-datos\/","title":{"rendered":"Sanidad prorroga en Caudete las medidas de Nivel III, pese a que ha habido una ligera mejor\u00eda en los datos"},"content":{"rendered":"<p style=\"text-align: justify;\">La Delegaci\u00f3n Provincial de Sanidad de Albacete ha emitido hoy una Resoluci\u00f3n por la que se prorrogan las <strong>medidas de Nivel III en Caudete<\/strong>.<\/p>\n<p style=\"text-align: justify;\">Pese a que se reconoce una leve mejor\u00eda en los niveles de contagios, las autoridades sanitarias han decidido mantener las medidas en base a los siguientes HECHOS:<\/p>\n<p style=\"text-align: justify;\"><em>&#8220;Durante la semana epidemiol\u00f3gica n\u00famero 50 (del 7 al 13 de diciembre de 2020), en el municipio de Caudete se declararon al Sistema de Vigilancia Epidemiol\u00f3gica de Castilla-La Mancha un total de un total de 27 casos de COVID-19 lo que supone una tasa de incidencia semanal de 271,0 casos\/100.000 habitantes (IC 95%: 168,8-373,2).<\/em><\/p>\n<p style=\"text-align: justify;\"><em>Durante la semana epidemiol\u00f3gica n\u00famero 51 (del 14 al 20 de diciembre de 2020), en el municipio de Caudete se declararon al Sistema de Vigilancia Epidemiol\u00f3gica de Castilla-La Mancha un total de un total de 24 casos de COVID-19 lo que supone una tasa de incidencia semanal de 240,9 casos\/100.000 habitantes (IC 95%: 144,5-337,3).<\/em><\/p>\n<p style=\"text-align: justify;\"><em>As\u00ed pues, entre las semanas epidemiol\u00f3gicas 50 y 51 se han declarado en el municipio de Caudete un total de 51 casos de COVID-19 lo que supone una tasa de incidencia acumulada en los \u00faltimos 14 d\u00edas de 511,9 casos\/100.000 habitantes (IC 95%: 371,4-652,4).<\/em><\/p>\n<p style=\"text-align: justify;\"><em>La raz\u00f3n de tasas de incidencia entre las semanas 51 y 50 ha sido 0,89 (IC 95: 2.01-10,08) lo que indica una tendencia ligeramente descendente de la semana 50 a la semana 51 en un contexto de elevada incidencia.<\/em><\/p>\n<p style=\"text-align: justify;\"><em>La raz\u00f3n estandarizada de incidencia (REI) del municipio de Caudete en la semana 51 es de 139,3 (p &gt; 0,05) (un 39% superior a la regional en esa semana).<\/em><\/p>\n<p style=\"text-align: justify;\"><em>La tasa de incidencia acumulada en la semana 51 (240,9 casos por 100.000 habitantes), la tasa de incidencia acumulada en los 14 d\u00edas (511,9 casos por 100.000 habitantes) y el elevado n\u00famero de casos registrados en la semana 50 (24 casos), se sit\u00faan por encima de los umbrales de alerta establecidos en Castilla-La Mancha (200 casos\/100.000 habitantes &amp; 10 casos semanales).<\/em><\/p>\n<p style=\"text-align: justify;\"><em>Adem\u00e1s, aunque todav\u00eda con datos provisionales, durante la semana epidemiol\u00f3gica n\u00famero 52 (del 21 al 27 de diciembre de 2020), en el municipio de Caudete se han declarado al Sistema de Vigilancia Epidemiol\u00f3gica de Castilla-La Mancha un total de 8 casos de COVID-19 lo que supone una tasa de incidencia semanal de 80,3 casos\/100.000 habitantes (IC 95%: 24,7-135,9).<\/em><\/p>\n<p style=\"text-align: justify;\"><em>Conclusiones:<\/em><\/p>\n<p style=\"text-align: justify;\"><em>Estos indicadores ponen de manifiesto que, aunque se ha observado una cierta mejor\u00eda, el municipio de Caudete todav\u00eda se encuentra en un escenario de transmisi\u00f3n comunitaria lo que exige que se contin\u00faen adoptando las medidas de Nivel 3, manteniendo una estrecha vigilancia y seguimiento de los indicadores y de la aplicaci\u00f3n de las medidas propuestas.&#8221;<\/em><\/p>\n<p style=\"text-align: justify;\">As\u00ed pues, <strong>durante los pr\u00f3ximos 10 d\u00edas<\/strong> se mantendr\u00e1n en Caudete las restricciones y medidas que se han aplicado desde la entrada en vigor del Nivel III <a href=\"http:\/\/www.caudete.org\/ayuntamiento\/comunicado-municipal-medidas-nivel-iii-situacion-actual-covid-19\/\">el pasado d\u00eda 17 de diciembre<\/a>.<\/p>\n","protected":false},"excerpt":{"rendered":"<p>La Delegaci\u00f3n Provincial de Sanidad de Albacete ha emitido hoy una Resoluci\u00f3n por la que se prorrogan las medidas de Nivel III en Caudete. Pese a que se reconoce una leve mejor\u00eda en los niveles de contagios, las autoridades sanitarias han decidido mantener las medidas en base a los siguientes HECHOS: &#8220;Durante la semana epidemiol\u00f3gica &hellip;<\/p>\n","protected":false},"author":1,"featured_media":11125,"comment_status":"closed","ping_status":"open","sticky":false,"template":"","format":"standard","meta":{"ngg_post_thumbnail":0,"footnotes":""},"categories":[16],"tags":[79,140],"class_list":["post-11138","post","type-post","status-publish","format-standard","has-post-thumbnail","hentry","category-sanidad","tag-covid-19","tag-medidas-nivel-3"],"yoast_head":"<!-- This site is optimized with the Yoast SEO plugin v27.5 - https:\/\/yoast.com\/product\/yoast-seo-wordpress\/ -->\n<title>Sanidad prorroga en Caudete las medidas de Nivel III, pese a que ha habido una ligera mejor\u00eda en los datos - MI Ayuntamiento de Caudete<\/title>\n<meta name=\"description\" content=\"P\u00e1gina Oficial del Ayuntamiento de Caudete (Albacete)\" \/>\n<meta name=\"robots\" content=\"index, follow, max-snippet:-1, max-image-preview:large, max-video-preview:-1\" \/>\n<link rel=\"canonical\" href=\"https:\/\/www.caudete.org\/ayuntamiento\/sanidad-prorroga-en-caudete-las-medidas-de-nivel-iii-pese-a-que-ha-habido-una-ligera-mejoria-en-los-datos\/\" \/>\n<meta property=\"og:locale\" content=\"es_ES\" \/>\n<meta property=\"og:type\" content=\"article\" \/>\n<meta property=\"og:title\" content=\"Sanidad prorroga en Caudete las medidas de Nivel III, pese a que ha habido una ligera mejor\u00eda en los datos - MI Ayuntamiento de Caudete\" \/>\n<meta property=\"og:description\" content=\"P\u00e1gina Oficial del Ayuntamiento de Caudete (Albacete)\" \/>\n<meta property=\"og:url\" content=\"https:\/\/www.caudete.org\/ayuntamiento\/sanidad-prorroga-en-caudete-las-medidas-de-nivel-iii-pese-a-que-ha-habido-una-ligera-mejoria-en-los-datos\/\" \/>\n<meta property=\"og:site_name\" content=\"MI Ayuntamiento de Caudete\" \/>\n<meta property=\"article:publisher\" content=\"https:\/\/www.facebook.com\/ayuntamientocaudete\/\" \/>\n<meta property=\"article:published_time\" content=\"2020-12-27T16:54:52+00:00\" \/>\n<meta property=\"article:modified_time\" content=\"2020-12-28T17:50:21+00:00\" \/>\n<meta property=\"og:image\" content=\"https:\/\/www.caudete.org\/ayuntamiento\/wp-content\/uploads\/2020\/12\/COVID19RECTANGULAR.jpg\" \/>\n\t<meta property=\"og:image:width\" content=\"1920\" \/>\n\t<meta property=\"og:image:height\" content=\"958\" \/>\n\t<meta property=\"og:image:type\" content=\"image\/jpeg\" \/>\n<meta name=\"author\" content=\"ayun\" \/>\n<meta name=\"twitter:card\" content=\"summary_large_image\" \/>\n<meta name=\"twitter:label1\" content=\"Escrito por\" \/>\n\t<meta name=\"twitter:data1\" content=\"ayun\" \/>\n\t<meta name=\"twitter:label2\" content=\"Tiempo de lectura\" \/>\n\t<meta name=\"twitter:data2\" content=\"2 minutos\" \/>\n<script type=\"application\/ld+json\" class=\"yoast-schema-graph\">{\"@context\":\"https:\\\/\\\/schema.org\",\"@graph\":[{\"@type\":\"Article\",\"@id\":\"https:\\\/\\\/www.caudete.org\\\/ayuntamiento\\\/sanidad-prorroga-en-caudete-las-medidas-de-nivel-iii-pese-a-que-ha-habido-una-ligera-mejoria-en-los-datos\\\/#article\",\"isPartOf\":{\"@id\":\"https:\\\/\\\/www.caudete.org\\\/ayuntamiento\\\/sanidad-prorroga-en-caudete-las-medidas-de-nivel-iii-pese-a-que-ha-habido-una-ligera-mejoria-en-los-datos\\\/\"},\"author\":{\"name\":\"ayun\",\"@id\":\"https:\\\/\\\/www.caudete.org\\\/ayuntamiento\\\/#\\\/schema\\\/person\\\/79f7e19fdd176fc2bc7a289013dc2056\"},\"headline\":\"Sanidad prorroga en Caudete las medidas de Nivel III, pese a que ha habido una ligera mejor\u00eda en los datos\",\"datePublished\":\"2020-12-27T16:54:52+00:00\",\"dateModified\":\"2020-12-28T17:50:21+00:00\",\"mainEntityOfPage\":{\"@id\":\"https:\\\/\\\/www.caudete.org\\\/ayuntamiento\\\/sanidad-prorroga-en-caudete-las-medidas-de-nivel-iii-pese-a-que-ha-habido-una-ligera-mejoria-en-los-datos\\\/\"},\"wordCount\":480,\"publisher\":{\"@id\":\"https:\\\/\\\/www.caudete.org\\\/ayuntamiento\\\/#organization\"},\"image\":{\"@id\":\"https:\\\/\\\/www.caudete.org\\\/ayuntamiento\\\/sanidad-prorroga-en-caudete-las-medidas-de-nivel-iii-pese-a-que-ha-habido-una-ligera-mejoria-en-los-datos\\\/#primaryimage\"},\"thumbnailUrl\":\"https:\\\/\\\/www.caudete.org\\\/ayuntamiento\\\/wp-content\\\/uploads\\\/2020\\\/12\\\/COVID19RECTANGULAR.jpg\",\"keywords\":[\"covid-19\",\"Medidas nivel 3\"],\"articleSection\":[\"Sanidad\"],\"inLanguage\":\"es\"},{\"@type\":\"WebPage\",\"@id\":\"https:\\\/\\\/www.caudete.org\\\/ayuntamiento\\\/sanidad-prorroga-en-caudete-las-medidas-de-nivel-iii-pese-a-que-ha-habido-una-ligera-mejoria-en-los-datos\\\/\",\"url\":\"https:\\\/\\\/www.caudete.org\\\/ayuntamiento\\\/sanidad-prorroga-en-caudete-las-medidas-de-nivel-iii-pese-a-que-ha-habido-una-ligera-mejoria-en-los-datos\\\/\",\"name\":\"Sanidad prorroga en Caudete las medidas de Nivel III, pese a que ha habido una ligera mejor\u00eda en los datos - MI Ayuntamiento de Caudete\",\"isPartOf\":{\"@id\":\"https:\\\/\\\/www.caudete.org\\\/ayuntamiento\\\/#website\"},\"primaryImageOfPage\":{\"@id\":\"https:\\\/\\\/www.caudete.org\\\/ayuntamiento\\\/sanidad-prorroga-en-caudete-las-medidas-de-nivel-iii-pese-a-que-ha-habido-una-ligera-mejoria-en-los-datos\\\/#primaryimage\"},\"image\":{\"@id\":\"https:\\\/\\\/www.caudete.org\\\/ayuntamiento\\\/sanidad-prorroga-en-caudete-las-medidas-de-nivel-iii-pese-a-que-ha-habido-una-ligera-mejoria-en-los-datos\\\/#primaryimage\"},\"thumbnailUrl\":\"https:\\\/\\\/www.caudete.org\\\/ayuntamiento\\\/wp-content\\\/uploads\\\/2020\\\/12\\\/COVID19RECTANGULAR.jpg\",\"datePublished\":\"2020-12-27T16:54:52+00:00\",\"dateModified\":\"2020-12-28T17:50:21+00:00\",\"description\":\"P\u00e1gina Oficial del Ayuntamiento de Caudete (Albacete)\",\"breadcrumb\":{\"@id\":\"https:\\\/\\\/www.caudete.org\\\/ayuntamiento\\\/sanidad-prorroga-en-caudete-las-medidas-de-nivel-iii-pese-a-que-ha-habido-una-ligera-mejoria-en-los-datos\\\/#breadcrumb\"},\"inLanguage\":\"es\",\"potentialAction\":[{\"@type\":\"ReadAction\",\"target\":[\"https:\\\/\\\/www.caudete.org\\\/ayuntamiento\\\/sanidad-prorroga-en-caudete-las-medidas-de-nivel-iii-pese-a-que-ha-habido-una-ligera-mejoria-en-los-datos\\\/\"]}]},{\"@type\":\"ImageObject\",\"inLanguage\":\"es\",\"@id\":\"https:\\\/\\\/www.caudete.org\\\/ayuntamiento\\\/sanidad-prorroga-en-caudete-las-medidas-de-nivel-iii-pese-a-que-ha-habido-una-ligera-mejoria-en-los-datos\\\/#primaryimage\",\"url\":\"https:\\\/\\\/www.caudete.org\\\/ayuntamiento\\\/wp-content\\\/uploads\\\/2020\\\/12\\\/COVID19RECTANGULAR.jpg\",\"contentUrl\":\"https:\\\/\\\/www.caudete.org\\\/ayuntamiento\\\/wp-content\\\/uploads\\\/2020\\\/12\\\/COVID19RECTANGULAR.jpg\",\"width\":1920,\"height\":958},{\"@type\":\"BreadcrumbList\",\"@id\":\"https:\\\/\\\/www.caudete.org\\\/ayuntamiento\\\/sanidad-prorroga-en-caudete-las-medidas-de-nivel-iii-pese-a-que-ha-habido-una-ligera-mejoria-en-los-datos\\\/#breadcrumb\",\"itemListElement\":[{\"@type\":\"ListItem\",\"position\":1,\"name\":\"Inicio\",\"item\":\"https:\\\/\\\/www.caudete.org\\\/ayuntamiento\\\/\"},{\"@type\":\"ListItem\",\"position\":2,\"name\":\"Sanidad prorroga en Caudete las medidas de Nivel III, pese a que ha habido una ligera mejor\u00eda en los datos\"}]},{\"@type\":\"WebSite\",\"@id\":\"https:\\\/\\\/www.caudete.org\\\/ayuntamiento\\\/#website\",\"url\":\"https:\\\/\\\/www.caudete.org\\\/ayuntamiento\\\/\",\"name\":\"MI Ayuntamiento de Caudete\",\"description\":\"P\u00e1gina Oficial del MI Ayuntamiento de Caudete\",\"publisher\":{\"@id\":\"https:\\\/\\\/www.caudete.org\\\/ayuntamiento\\\/#organization\"},\"potentialAction\":[{\"@type\":\"SearchAction\",\"target\":{\"@type\":\"EntryPoint\",\"urlTemplate\":\"https:\\\/\\\/www.caudete.org\\\/ayuntamiento\\\/?s={search_term_string}\"},\"query-input\":{\"@type\":\"PropertyValueSpecification\",\"valueRequired\":true,\"valueName\":\"search_term_string\"}}],\"inLanguage\":\"es\"},{\"@type\":\"Organization\",\"@id\":\"https:\\\/\\\/www.caudete.org\\\/ayuntamiento\\\/#organization\",\"name\":\"Ayuntamiento de Caudete\",\"url\":\"https:\\\/\\\/www.caudete.org\\\/ayuntamiento\\\/\",\"logo\":{\"@type\":\"ImageObject\",\"inLanguage\":\"es\",\"@id\":\"https:\\\/\\\/www.caudete.org\\\/ayuntamiento\\\/#\\\/schema\\\/logo\\\/image\\\/\",\"url\":\"https:\\\/\\\/www.caudete.org\\\/ayuntamiento\\\/wp-content\\\/uploads\\\/2020\\\/11\\\/logo_ayuntamiento_caudete.jpg\",\"contentUrl\":\"https:\\\/\\\/www.caudete.org\\\/ayuntamiento\\\/wp-content\\\/uploads\\\/2020\\\/11\\\/logo_ayuntamiento_caudete.jpg\",\"width\":600,\"height\":150,\"caption\":\"Ayuntamiento de Caudete\"},\"image\":{\"@id\":\"https:\\\/\\\/www.caudete.org\\\/ayuntamiento\\\/#\\\/schema\\\/logo\\\/image\\\/\"},\"sameAs\":[\"https:\\\/\\\/www.facebook.com\\\/ayuntamientocaudete\\\/\",\"https:\\\/\\\/www.youtube.com\\\/channel\\\/UC6VztHaooNsGpw-tNoBEFnQ\"]},{\"@type\":\"Person\",\"@id\":\"https:\\\/\\\/www.caudete.org\\\/ayuntamiento\\\/#\\\/schema\\\/person\\\/79f7e19fdd176fc2bc7a289013dc2056\",\"name\":\"ayun\",\"image\":{\"@type\":\"ImageObject\",\"inLanguage\":\"es\",\"@id\":\"https:\\\/\\\/secure.gravatar.com\\\/avatar\\\/4ce797ee07c943e7e592f8cd648e503e6cd571387558ed07135799c2bd2847df?s=96&d=mm&r=g\",\"url\":\"https:\\\/\\\/secure.gravatar.com\\\/avatar\\\/4ce797ee07c943e7e592f8cd648e503e6cd571387558ed07135799c2bd2847df?s=96&d=mm&r=g\",\"contentUrl\":\"https:\\\/\\\/secure.gravatar.com\\\/avatar\\\/4ce797ee07c943e7e592f8cd648e503e6cd571387558ed07135799c2bd2847df?s=96&d=mm&r=g\",\"caption\":\"ayun\"},\"sameAs\":[\"http:\\\/\\\/www.caudete.org\\\/ayuntamiento\"],\"url\":\"https:\\\/\\\/www.caudete.org\\\/ayuntamiento\\\/author\\\/ayun\\\/\"}]}<\/script>\n<!-- \/ Yoast SEO plugin. -->","yoast_head_json":{"title":"Sanidad prorroga en Caudete las medidas de Nivel III, pese a que ha habido una ligera mejor\u00eda en los datos - MI Ayuntamiento de Caudete","description":"P\u00e1gina Oficial del Ayuntamiento de Caudete (Albacete)","robots":{"index":"index","follow":"follow","max-snippet":"max-snippet:-1","max-image-preview":"max-image-preview:large","max-video-preview":"max-video-preview:-1"},"canonical":"https:\/\/www.caudete.org\/ayuntamiento\/sanidad-prorroga-en-caudete-las-medidas-de-nivel-iii-pese-a-que-ha-habido-una-ligera-mejoria-en-los-datos\/","og_locale":"es_ES","og_type":"article","og_title":"Sanidad prorroga en Caudete las medidas de Nivel III, pese a que ha habido una ligera mejor\u00eda en los datos - MI Ayuntamiento de Caudete","og_description":"P\u00e1gina Oficial del Ayuntamiento de Caudete (Albacete)","og_url":"https:\/\/www.caudete.org\/ayuntamiento\/sanidad-prorroga-en-caudete-las-medidas-de-nivel-iii-pese-a-que-ha-habido-una-ligera-mejoria-en-los-datos\/","og_site_name":"MI Ayuntamiento de Caudete","article_publisher":"https:\/\/www.facebook.com\/ayuntamientocaudete\/","article_published_time":"2020-12-27T16:54:52+00:00","article_modified_time":"2020-12-28T17:50:21+00:00","og_image":[{"width":1920,"height":958,"url":"https:\/\/www.caudete.org\/ayuntamiento\/wp-content\/uploads\/2020\/12\/COVID19RECTANGULAR.jpg","type":"image\/jpeg"}],"author":"ayun","twitter_card":"summary_large_image","twitter_misc":{"Escrito por":"ayun","Tiempo de lectura":"2 minutos"},"schema":{"@context":"https:\/\/schema.org","@graph":[{"@type":"Article","@id":"https:\/\/www.caudete.org\/ayuntamiento\/sanidad-prorroga-en-caudete-las-medidas-de-nivel-iii-pese-a-que-ha-habido-una-ligera-mejoria-en-los-datos\/#article","isPartOf":{"@id":"https:\/\/www.caudete.org\/ayuntamiento\/sanidad-prorroga-en-caudete-las-medidas-de-nivel-iii-pese-a-que-ha-habido-una-ligera-mejoria-en-los-datos\/"},"author":{"name":"ayun","@id":"https:\/\/www.caudete.org\/ayuntamiento\/#\/schema\/person\/79f7e19fdd176fc2bc7a289013dc2056"},"headline":"Sanidad prorroga en Caudete las medidas de Nivel III, pese a que ha habido una ligera mejor\u00eda en los datos","datePublished":"2020-12-27T16:54:52+00:00","dateModified":"2020-12-28T17:50:21+00:00","mainEntityOfPage":{"@id":"https:\/\/www.caudete.org\/ayuntamiento\/sanidad-prorroga-en-caudete-las-medidas-de-nivel-iii-pese-a-que-ha-habido-una-ligera-mejoria-en-los-datos\/"},"wordCount":480,"publisher":{"@id":"https:\/\/www.caudete.org\/ayuntamiento\/#organization"},"image":{"@id":"https:\/\/www.caudete.org\/ayuntamiento\/sanidad-prorroga-en-caudete-las-medidas-de-nivel-iii-pese-a-que-ha-habido-una-ligera-mejoria-en-los-datos\/#primaryimage"},"thumbnailUrl":"https:\/\/www.caudete.org\/ayuntamiento\/wp-content\/uploads\/2020\/12\/COVID19RECTANGULAR.jpg","keywords":["covid-19","Medidas nivel 3"],"articleSection":["Sanidad"],"inLanguage":"es"},{"@type":"WebPage","@id":"https:\/\/www.caudete.org\/ayuntamiento\/sanidad-prorroga-en-caudete-las-medidas-de-nivel-iii-pese-a-que-ha-habido-una-ligera-mejoria-en-los-datos\/","url":"https:\/\/www.caudete.org\/ayuntamiento\/sanidad-prorroga-en-caudete-las-medidas-de-nivel-iii-pese-a-que-ha-habido-una-ligera-mejoria-en-los-datos\/","name":"Sanidad prorroga en Caudete las medidas de Nivel III, pese a que ha habido una ligera mejor\u00eda en los datos - MI Ayuntamiento de Caudete","isPartOf":{"@id":"https:\/\/www.caudete.org\/ayuntamiento\/#website"},"primaryImageOfPage":{"@id":"https:\/\/www.caudete.org\/ayuntamiento\/sanidad-prorroga-en-caudete-las-medidas-de-nivel-iii-pese-a-que-ha-habido-una-ligera-mejoria-en-los-datos\/#primaryimage"},"image":{"@id":"https:\/\/www.caudete.org\/ayuntamiento\/sanidad-prorroga-en-caudete-las-medidas-de-nivel-iii-pese-a-que-ha-habido-una-ligera-mejoria-en-los-datos\/#primaryimage"},"thumbnailUrl":"https:\/\/www.caudete.org\/ayuntamiento\/wp-content\/uploads\/2020\/12\/COVID19RECTANGULAR.jpg","datePublished":"2020-12-27T16:54:52+00:00","dateModified":"2020-12-28T17:50:21+00:00","description":"P\u00e1gina Oficial del Ayuntamiento de Caudete (Albacete)","breadcrumb":{"@id":"https:\/\/www.caudete.org\/ayuntamiento\/sanidad-prorroga-en-caudete-las-medidas-de-nivel-iii-pese-a-que-ha-habido-una-ligera-mejoria-en-los-datos\/#breadcrumb"},"inLanguage":"es","potentialAction":[{"@type":"ReadAction","target":["https:\/\/www.caudete.org\/ayuntamiento\/sanidad-prorroga-en-caudete-las-medidas-de-nivel-iii-pese-a-que-ha-habido-una-ligera-mejoria-en-los-datos\/"]}]},{"@type":"ImageObject","inLanguage":"es","@id":"https:\/\/www.caudete.org\/ayuntamiento\/sanidad-prorroga-en-caudete-las-medidas-de-nivel-iii-pese-a-que-ha-habido-una-ligera-mejoria-en-los-datos\/#primaryimage","url":"https:\/\/www.caudete.org\/ayuntamiento\/wp-content\/uploads\/2020\/12\/COVID19RECTANGULAR.jpg","contentUrl":"https:\/\/www.caudete.org\/ayuntamiento\/wp-content\/uploads\/2020\/12\/COVID19RECTANGULAR.jpg","width":1920,"height":958},{"@type":"BreadcrumbList","@id":"https:\/\/www.caudete.org\/ayuntamiento\/sanidad-prorroga-en-caudete-las-medidas-de-nivel-iii-pese-a-que-ha-habido-una-ligera-mejoria-en-los-datos\/#breadcrumb","itemListElement":[{"@type":"ListItem","position":1,"name":"Inicio","item":"https:\/\/www.caudete.org\/ayuntamiento\/"},{"@type":"ListItem","position":2,"name":"Sanidad prorroga en Caudete las medidas de Nivel III, pese a que ha habido una ligera mejor\u00eda en los datos"}]},{"@type":"WebSite","@id":"https:\/\/www.caudete.org\/ayuntamiento\/#website","url":"https:\/\/www.caudete.org\/ayuntamiento\/","name":"MI Ayuntamiento de Caudete","description":"P\u00e1gina Oficial del MI Ayuntamiento de Caudete","publisher":{"@id":"https:\/\/www.caudete.org\/ayuntamiento\/#organization"},"potentialAction":[{"@type":"SearchAction","target":{"@type":"EntryPoint","urlTemplate":"https:\/\/www.caudete.org\/ayuntamiento\/?s={search_term_string}"},"query-input":{"@type":"PropertyValueSpecification","valueRequired":true,"valueName":"search_term_string"}}],"inLanguage":"es"},{"@type":"Organization","@id":"https:\/\/www.caudete.org\/ayuntamiento\/#organization","name":"Ayuntamiento de Caudete","url":"https:\/\/www.caudete.org\/ayuntamiento\/","logo":{"@type":"ImageObject","inLanguage":"es","@id":"https:\/\/www.caudete.org\/ayuntamiento\/#\/schema\/logo\/image\/","url":"https:\/\/www.caudete.org\/ayuntamiento\/wp-content\/uploads\/2020\/11\/logo_ayuntamiento_caudete.jpg","contentUrl":"https:\/\/www.caudete.org\/ayuntamiento\/wp-content\/uploads\/2020\/11\/logo_ayuntamiento_caudete.jpg","width":600,"height":150,"caption":"Ayuntamiento de Caudete"},"image":{"@id":"https:\/\/www.caudete.org\/ayuntamiento\/#\/schema\/logo\/image\/"},"sameAs":["https:\/\/www.facebook.com\/ayuntamientocaudete\/","https:\/\/www.youtube.com\/channel\/UC6VztHaooNsGpw-tNoBEFnQ"]},{"@type":"Person","@id":"https:\/\/www.caudete.org\/ayuntamiento\/#\/schema\/person\/79f7e19fdd176fc2bc7a289013dc2056","name":"ayun","image":{"@type":"ImageObject","inLanguage":"es","@id":"https:\/\/secure.gravatar.com\/avatar\/4ce797ee07c943e7e592f8cd648e503e6cd571387558ed07135799c2bd2847df?s=96&d=mm&r=g","url":"https:\/\/secure.gravatar.com\/avatar\/4ce797ee07c943e7e592f8cd648e503e6cd571387558ed07135799c2bd2847df?s=96&d=mm&r=g","contentUrl":"https:\/\/secure.gravatar.com\/avatar\/4ce797ee07c943e7e592f8cd648e503e6cd571387558ed07135799c2bd2847df?s=96&d=mm&r=g","caption":"ayun"},"sameAs":["http:\/\/www.caudete.org\/ayuntamiento"],"url":"https:\/\/www.caudete.org\/ayuntamiento\/author\/ayun\/"}]}},"_links":{"self":[{"href":"https:\/\/www.caudete.org\/ayuntamiento\/wp-json\/wp\/v2\/posts\/11138","targetHints":{"allow":["GET"]}}],"collection":[{"href":"https:\/\/www.caudete.org\/ayuntamiento\/wp-json\/wp\/v2\/posts"}],"about":[{"href":"https:\/\/www.caudete.org\/ayuntamiento\/wp-json\/wp\/v2\/types\/post"}],"author":[{"embeddable":true,"href":"https:\/\/www.caudete.org\/ayuntamiento\/wp-json\/wp\/v2\/users\/1"}],"replies":[{"embeddable":true,"href":"https:\/\/www.caudete.org\/ayuntamiento\/wp-json\/wp\/v2\/comments?post=11138"}],"version-history":[{"count":1,"href":"https:\/\/www.caudete.org\/ayuntamiento\/wp-json\/wp\/v2\/posts\/11138\/revisions"}],"predecessor-version":[{"id":11139,"href":"https:\/\/www.caudete.org\/ayuntamiento\/wp-json\/wp\/v2\/posts\/11138\/revisions\/11139"}],"wp:featuredmedia":[{"embeddable":true,"href":"https:\/\/www.caudete.org\/ayuntamiento\/wp-json\/wp\/v2\/media\/11125"}],"wp:attachment":[{"href":"https:\/\/www.caudete.org\/ayuntamiento\/wp-json\/wp\/v2\/media?parent=11138"}],"wp:term":[{"taxonomy":"category","embeddable":true,"href":"https:\/\/www.caudete.org\/ayuntamiento\/wp-json\/wp\/v2\/categories?post=11138"},{"taxonomy":"post_tag","embeddable":true,"href":"https:\/\/www.caudete.org\/ayuntamiento\/wp-json\/wp\/v2\/tags?post=11138"}],"curies":[{"name":"wp","href":"https:\/\/api.w.org\/{rel}","templated":true}]}}