{"id":11223,"date":"2020-12-28T16:58:15","date_gmt":"2020-12-28T15:58:15","guid":{"rendered":"http:\/\/www.caudete.org\/ayuntamiento\/?p=11223"},"modified":"2020-12-28T19:00:54","modified_gmt":"2020-12-28T18:00:54","slug":"prorroga-de-nivel-3-de-alerta-durante-10-dias-mas-en-caudete","status":"publish","type":"post","link":"https:\/\/www.caudete.org\/ayuntamiento\/prorroga-de-nivel-3-de-alerta-durante-10-dias-mas-en-caudete\/","title":{"rendered":"Pr\u00f3rroga de Nivel 3 de alerta durante 10 d\u00edas m\u00e1s en Caudete"},"content":{"rendered":"<p>Los indicadores que nos muestran la tasa de incidencia acumulada, ponen de manifiesto, que el municipio de Caudete, todav\u00eda se encuentra en un escenario de transmisi\u00f3n comunitaria lo que exige que se contin\u00faen adoptando las medidas de Nivel 3, para as\u00ed poder seguir manteniendo una estrecha vigilancia y seguimiento de los indicadores y de la aplicaci\u00f3n de las medidas propuestas.<\/p>\n<p>Por ello, <strong>recordamos las medidas adoptadas<\/strong> ante \u00e9sta situaci\u00f3n tras la resoluci\u00f3n de la Delegaci\u00f3n de Sanidad.<\/p>\n<p><span style=\"text-decoration: underline;\"><strong>Medidas extraordinarias: <\/strong><\/span><\/p>\n<p><strong>Encuentros familiares y sociales.<\/strong><\/p>\n<ul>\n<li>Evita reuniones y da preferencia a encuentros al aire libre.<\/li>\n<li>Los d\u00edas 31 de diciembre y 1 de Enero, en la comida y cena se podr\u00e1n reunir 10 personas en el \u00e1mbito familiar (salvo convivientes). A pesar de estar en Nivel 3, desde Sanidad nos han confirmado que podemos adoptar dicha medida.<\/li>\n<li>En hosteler\u00eda y restauraci\u00f3n el m\u00e1ximo se mantiene en 6 personas.<\/li>\n<\/ul>\n<p><strong>Movilidad y toque de queda.<\/strong><\/p>\n<ul>\n<li>Toque de queda hasta las 00:00, ampliado hasta las 00:30 h Nochevieja y A\u00f1o Nuevo.<\/li>\n<li>En hosteler\u00eda y restauraci\u00f3n el toque de queda hasta las 23:00h.<\/li>\n<li>Se mantiene el cierre perimetral en la regi\u00f3n, pero entre el 23 de diciembre y el 6 de Enero ser\u00e1 posible entrar y salir de Castilla- La Mancha para ir a visitar a familiares.<\/li>\n<\/ul>\n<p><strong>Seamos responsables y cumplamos las normas.<\/strong><\/p>\n<p>&nbsp;<\/p>\n","protected":false},"excerpt":{"rendered":"<p>Los indicadores que nos muestran la tasa de incidencia acumulada, ponen de manifiesto, que el municipio de Caudete, todav\u00eda se encuentra en un escenario de transmisi\u00f3n comunitaria lo que exige que se contin\u00faen adoptando las medidas de Nivel 3, para as\u00ed poder seguir manteniendo una estrecha vigilancia y seguimiento de los indicadores y de la &hellip;<\/p>\n","protected":false},"author":2,"featured_media":11226,"comment_status":"closed","ping_status":"open","sticky":false,"template":"","format":"standard","meta":{"ngg_post_thumbnail":0,"footnotes":""},"categories":[16],"tags":[79,156],"class_list":["post-11223","post","type-post","status-publish","format-standard","has-post-thumbnail","hentry","category-sanidad","tag-covid-19","tag-medidas-nivel-iii"],"yoast_head":"<!-- This site is optimized with the Yoast SEO plugin v27.5 - https:\/\/yoast.com\/product\/yoast-seo-wordpress\/ -->\n<title>Pr\u00f3rroga de Nivel 3 de alerta durante 10 d\u00edas m\u00e1s en Caudete - MI Ayuntamiento de Caudete<\/title>\n<meta name=\"description\" content=\"P\u00e1gina Oficial del Ayuntamiento de Caudete (Albacete)\" \/>\n<meta name=\"robots\" content=\"index, follow, max-snippet:-1, max-image-preview:large, max-video-preview:-1\" \/>\n<link rel=\"canonical\" href=\"https:\/\/www.caudete.org\/ayuntamiento\/prorroga-de-nivel-3-de-alerta-durante-10-dias-mas-en-caudete\/\" \/>\n<meta property=\"og:locale\" content=\"es_ES\" \/>\n<meta property=\"og:type\" content=\"article\" \/>\n<meta property=\"og:title\" content=\"Pr\u00f3rroga de Nivel 3 de alerta durante 10 d\u00edas m\u00e1s en Caudete - MI Ayuntamiento de Caudete\" \/>\n<meta property=\"og:description\" content=\"P\u00e1gina Oficial del Ayuntamiento de Caudete (Albacete)\" \/>\n<meta property=\"og:url\" content=\"https:\/\/www.caudete.org\/ayuntamiento\/prorroga-de-nivel-3-de-alerta-durante-10-dias-mas-en-caudete\/\" \/>\n<meta property=\"og:site_name\" content=\"MI Ayuntamiento de Caudete\" \/>\n<meta property=\"article:publisher\" content=\"https:\/\/www.facebook.com\/ayuntamientocaudete\/\" \/>\n<meta property=\"article:published_time\" content=\"2020-12-28T15:58:15+00:00\" \/>\n<meta property=\"article:modified_time\" content=\"2020-12-28T18:00:54+00:00\" \/>\n<meta property=\"og:image\" content=\"https:\/\/www.caudete.org\/ayuntamiento\/wp-content\/uploads\/2020\/12\/normativa-espana-covid-19.jpg\" \/>\n\t<meta property=\"og:image:width\" content=\"1000\" \/>\n\t<meta property=\"og:image:height\" content=\"666\" \/>\n\t<meta property=\"og:image:type\" content=\"image\/jpeg\" \/>\n<meta name=\"author\" content=\"Juan\" \/>\n<meta name=\"twitter:card\" content=\"summary_large_image\" \/>\n<meta name=\"twitter:label1\" content=\"Escrito por\" \/>\n\t<meta name=\"twitter:data1\" content=\"Juan\" \/>\n\t<meta name=\"twitter:label2\" content=\"Tiempo de lectura\" \/>\n\t<meta name=\"twitter:data2\" content=\"1 minuto\" \/>\n<script type=\"application\/ld+json\" class=\"yoast-schema-graph\">{\"@context\":\"https:\\\/\\\/schema.org\",\"@graph\":[{\"@type\":\"Article\",\"@id\":\"https:\\\/\\\/www.caudete.org\\\/ayuntamiento\\\/prorroga-de-nivel-3-de-alerta-durante-10-dias-mas-en-caudete\\\/#article\",\"isPartOf\":{\"@id\":\"https:\\\/\\\/www.caudete.org\\\/ayuntamiento\\\/prorroga-de-nivel-3-de-alerta-durante-10-dias-mas-en-caudete\\\/\"},\"author\":{\"name\":\"Juan\",\"@id\":\"https:\\\/\\\/www.caudete.org\\\/ayuntamiento\\\/#\\\/schema\\\/person\\\/7656a5bb58fca95b9814e940de0fda63\"},\"headline\":\"Pr\u00f3rroga de Nivel 3 de alerta durante 10 d\u00edas m\u00e1s en Caudete\",\"datePublished\":\"2020-12-28T15:58:15+00:00\",\"dateModified\":\"2020-12-28T18:00:54+00:00\",\"mainEntityOfPage\":{\"@id\":\"https:\\\/\\\/www.caudete.org\\\/ayuntamiento\\\/prorroga-de-nivel-3-de-alerta-durante-10-dias-mas-en-caudete\\\/\"},\"wordCount\":237,\"image\":{\"@id\":\"https:\\\/\\\/www.caudete.org\\\/ayuntamiento\\\/prorroga-de-nivel-3-de-alerta-durante-10-dias-mas-en-caudete\\\/#primaryimage\"},\"thumbnailUrl\":\"https:\\\/\\\/www.caudete.org\\\/ayuntamiento\\\/wp-content\\\/uploads\\\/2020\\\/12\\\/normativa-espana-covid-19.jpg\",\"keywords\":[\"covid-19\",\"Medidas Nivel III\"],\"articleSection\":[\"Sanidad\"],\"inLanguage\":\"es\"},{\"@type\":\"WebPage\",\"@id\":\"https:\\\/\\\/www.caudete.org\\\/ayuntamiento\\\/prorroga-de-nivel-3-de-alerta-durante-10-dias-mas-en-caudete\\\/\",\"url\":\"https:\\\/\\\/www.caudete.org\\\/ayuntamiento\\\/prorroga-de-nivel-3-de-alerta-durante-10-dias-mas-en-caudete\\\/\",\"name\":\"Pr\u00f3rroga de Nivel 3 de alerta durante 10 d\u00edas m\u00e1s en Caudete - MI Ayuntamiento de Caudete\",\"isPartOf\":{\"@id\":\"https:\\\/\\\/www.caudete.org\\\/ayuntamiento\\\/#website\"},\"primaryImageOfPage\":{\"@id\":\"https:\\\/\\\/www.caudete.org\\\/ayuntamiento\\\/prorroga-de-nivel-3-de-alerta-durante-10-dias-mas-en-caudete\\\/#primaryimage\"},\"image\":{\"@id\":\"https:\\\/\\\/www.caudete.org\\\/ayuntamiento\\\/prorroga-de-nivel-3-de-alerta-durante-10-dias-mas-en-caudete\\\/#primaryimage\"},\"thumbnailUrl\":\"https:\\\/\\\/www.caudete.org\\\/ayuntamiento\\\/wp-content\\\/uploads\\\/2020\\\/12\\\/normativa-espana-covid-19.jpg\",\"datePublished\":\"2020-12-28T15:58:15+00:00\",\"dateModified\":\"2020-12-28T18:00:54+00:00\",\"author\":{\"@id\":\"https:\\\/\\\/www.caudete.org\\\/ayuntamiento\\\/#\\\/schema\\\/person\\\/7656a5bb58fca95b9814e940de0fda63\"},\"description\":\"P\u00e1gina Oficial del Ayuntamiento de Caudete (Albacete)\",\"breadcrumb\":{\"@id\":\"https:\\\/\\\/www.caudete.org\\\/ayuntamiento\\\/prorroga-de-nivel-3-de-alerta-durante-10-dias-mas-en-caudete\\\/#breadcrumb\"},\"inLanguage\":\"es\",\"potentialAction\":[{\"@type\":\"ReadAction\",\"target\":[\"https:\\\/\\\/www.caudete.org\\\/ayuntamiento\\\/prorroga-de-nivel-3-de-alerta-durante-10-dias-mas-en-caudete\\\/\"]}]},{\"@type\":\"ImageObject\",\"inLanguage\":\"es\",\"@id\":\"https:\\\/\\\/www.caudete.org\\\/ayuntamiento\\\/prorroga-de-nivel-3-de-alerta-durante-10-dias-mas-en-caudete\\\/#primaryimage\",\"url\":\"https:\\\/\\\/www.caudete.org\\\/ayuntamiento\\\/wp-content\\\/uploads\\\/2020\\\/12\\\/normativa-espana-covid-19.jpg\",\"contentUrl\":\"https:\\\/\\\/www.caudete.org\\\/ayuntamiento\\\/wp-content\\\/uploads\\\/2020\\\/12\\\/normativa-espana-covid-19.jpg\",\"width\":1000,\"height\":666,\"caption\":\"Hand with protecting glove and Keyboard with red key and COVID-19 message. Coronavirus concept\"},{\"@type\":\"BreadcrumbList\",\"@id\":\"https:\\\/\\\/www.caudete.org\\\/ayuntamiento\\\/prorroga-de-nivel-3-de-alerta-durante-10-dias-mas-en-caudete\\\/#breadcrumb\",\"itemListElement\":[{\"@type\":\"ListItem\",\"position\":1,\"name\":\"Inicio\",\"item\":\"https:\\\/\\\/www.caudete.org\\\/ayuntamiento\\\/\"},{\"@type\":\"ListItem\",\"position\":2,\"name\":\"Pr\u00f3rroga de Nivel 3 de alerta durante 10 d\u00edas m\u00e1s en Caudete\"}]},{\"@type\":\"WebSite\",\"@id\":\"https:\\\/\\\/www.caudete.org\\\/ayuntamiento\\\/#website\",\"url\":\"https:\\\/\\\/www.caudete.org\\\/ayuntamiento\\\/\",\"name\":\"MI Ayuntamiento de Caudete\",\"description\":\"P\u00e1gina Oficial del MI Ayuntamiento de Caudete\",\"potentialAction\":[{\"@type\":\"SearchAction\",\"target\":{\"@type\":\"EntryPoint\",\"urlTemplate\":\"https:\\\/\\\/www.caudete.org\\\/ayuntamiento\\\/?s={search_term_string}\"},\"query-input\":{\"@type\":\"PropertyValueSpecification\",\"valueRequired\":true,\"valueName\":\"search_term_string\"}}],\"inLanguage\":\"es\"},{\"@type\":\"Person\",\"@id\":\"https:\\\/\\\/www.caudete.org\\\/ayuntamiento\\\/#\\\/schema\\\/person\\\/7656a5bb58fca95b9814e940de0fda63\",\"name\":\"Juan\",\"image\":{\"@type\":\"ImageObject\",\"inLanguage\":\"es\",\"@id\":\"https:\\\/\\\/secure.gravatar.com\\\/avatar\\\/dd53e51c0cd6ab23f52d4f3e4f1c59730240727763de3dbbf26750b079a2c292?s=96&d=mm&r=g\",\"url\":\"https:\\\/\\\/secure.gravatar.com\\\/avatar\\\/dd53e51c0cd6ab23f52d4f3e4f1c59730240727763de3dbbf26750b079a2c292?s=96&d=mm&r=g\",\"contentUrl\":\"https:\\\/\\\/secure.gravatar.com\\\/avatar\\\/dd53e51c0cd6ab23f52d4f3e4f1c59730240727763de3dbbf26750b079a2c292?s=96&d=mm&r=g\",\"caption\":\"Juan\"},\"url\":\"https:\\\/\\\/www.caudete.org\\\/ayuntamiento\\\/author\\\/centrodeinternet\\\/\"}]}<\/script>\n<!-- \/ Yoast SEO plugin. -->","yoast_head_json":{"title":"Pr\u00f3rroga de Nivel 3 de alerta durante 10 d\u00edas m\u00e1s en Caudete - MI Ayuntamiento de Caudete","description":"P\u00e1gina Oficial del Ayuntamiento de Caudete (Albacete)","robots":{"index":"index","follow":"follow","max-snippet":"max-snippet:-1","max-image-preview":"max-image-preview:large","max-video-preview":"max-video-preview:-1"},"canonical":"https:\/\/www.caudete.org\/ayuntamiento\/prorroga-de-nivel-3-de-alerta-durante-10-dias-mas-en-caudete\/","og_locale":"es_ES","og_type":"article","og_title":"Pr\u00f3rroga de Nivel 3 de alerta durante 10 d\u00edas m\u00e1s en Caudete - MI Ayuntamiento de Caudete","og_description":"P\u00e1gina Oficial del Ayuntamiento de Caudete (Albacete)","og_url":"https:\/\/www.caudete.org\/ayuntamiento\/prorroga-de-nivel-3-de-alerta-durante-10-dias-mas-en-caudete\/","og_site_name":"MI Ayuntamiento de Caudete","article_publisher":"https:\/\/www.facebook.com\/ayuntamientocaudete\/","article_published_time":"2020-12-28T15:58:15+00:00","article_modified_time":"2020-12-28T18:00:54+00:00","og_image":[{"width":1000,"height":666,"url":"https:\/\/www.caudete.org\/ayuntamiento\/wp-content\/uploads\/2020\/12\/normativa-espana-covid-19.jpg","type":"image\/jpeg"}],"author":"Juan","twitter_card":"summary_large_image","twitter_misc":{"Escrito por":"Juan","Tiempo de lectura":"1 minuto"},"schema":{"@context":"https:\/\/schema.org","@graph":[{"@type":"Article","@id":"https:\/\/www.caudete.org\/ayuntamiento\/prorroga-de-nivel-3-de-alerta-durante-10-dias-mas-en-caudete\/#article","isPartOf":{"@id":"https:\/\/www.caudete.org\/ayuntamiento\/prorroga-de-nivel-3-de-alerta-durante-10-dias-mas-en-caudete\/"},"author":{"name":"Juan","@id":"https:\/\/www.caudete.org\/ayuntamiento\/#\/schema\/person\/7656a5bb58fca95b9814e940de0fda63"},"headline":"Pr\u00f3rroga de Nivel 3 de alerta durante 10 d\u00edas m\u00e1s en Caudete","datePublished":"2020-12-28T15:58:15+00:00","dateModified":"2020-12-28T18:00:54+00:00","mainEntityOfPage":{"@id":"https:\/\/www.caudete.org\/ayuntamiento\/prorroga-de-nivel-3-de-alerta-durante-10-dias-mas-en-caudete\/"},"wordCount":237,"image":{"@id":"https:\/\/www.caudete.org\/ayuntamiento\/prorroga-de-nivel-3-de-alerta-durante-10-dias-mas-en-caudete\/#primaryimage"},"thumbnailUrl":"https:\/\/www.caudete.org\/ayuntamiento\/wp-content\/uploads\/2020\/12\/normativa-espana-covid-19.jpg","keywords":["covid-19","Medidas Nivel III"],"articleSection":["Sanidad"],"inLanguage":"es"},{"@type":"WebPage","@id":"https:\/\/www.caudete.org\/ayuntamiento\/prorroga-de-nivel-3-de-alerta-durante-10-dias-mas-en-caudete\/","url":"https:\/\/www.caudete.org\/ayuntamiento\/prorroga-de-nivel-3-de-alerta-durante-10-dias-mas-en-caudete\/","name":"Pr\u00f3rroga de Nivel 3 de alerta durante 10 d\u00edas m\u00e1s en Caudete - MI Ayuntamiento de Caudete","isPartOf":{"@id":"https:\/\/www.caudete.org\/ayuntamiento\/#website"},"primaryImageOfPage":{"@id":"https:\/\/www.caudete.org\/ayuntamiento\/prorroga-de-nivel-3-de-alerta-durante-10-dias-mas-en-caudete\/#primaryimage"},"image":{"@id":"https:\/\/www.caudete.org\/ayuntamiento\/prorroga-de-nivel-3-de-alerta-durante-10-dias-mas-en-caudete\/#primaryimage"},"thumbnailUrl":"https:\/\/www.caudete.org\/ayuntamiento\/wp-content\/uploads\/2020\/12\/normativa-espana-covid-19.jpg","datePublished":"2020-12-28T15:58:15+00:00","dateModified":"2020-12-28T18:00:54+00:00","author":{"@id":"https:\/\/www.caudete.org\/ayuntamiento\/#\/schema\/person\/7656a5bb58fca95b9814e940de0fda63"},"description":"P\u00e1gina Oficial del Ayuntamiento de Caudete (Albacete)","breadcrumb":{"@id":"https:\/\/www.caudete.org\/ayuntamiento\/prorroga-de-nivel-3-de-alerta-durante-10-dias-mas-en-caudete\/#breadcrumb"},"inLanguage":"es","potentialAction":[{"@type":"ReadAction","target":["https:\/\/www.caudete.org\/ayuntamiento\/prorroga-de-nivel-3-de-alerta-durante-10-dias-mas-en-caudete\/"]}]},{"@type":"ImageObject","inLanguage":"es","@id":"https:\/\/www.caudete.org\/ayuntamiento\/prorroga-de-nivel-3-de-alerta-durante-10-dias-mas-en-caudete\/#primaryimage","url":"https:\/\/www.caudete.org\/ayuntamiento\/wp-content\/uploads\/2020\/12\/normativa-espana-covid-19.jpg","contentUrl":"https:\/\/www.caudete.org\/ayuntamiento\/wp-content\/uploads\/2020\/12\/normativa-espana-covid-19.jpg","width":1000,"height":666,"caption":"Hand with protecting glove and Keyboard with red key and COVID-19 message. Coronavirus concept"},{"@type":"BreadcrumbList","@id":"https:\/\/www.caudete.org\/ayuntamiento\/prorroga-de-nivel-3-de-alerta-durante-10-dias-mas-en-caudete\/#breadcrumb","itemListElement":[{"@type":"ListItem","position":1,"name":"Inicio","item":"https:\/\/www.caudete.org\/ayuntamiento\/"},{"@type":"ListItem","position":2,"name":"Pr\u00f3rroga de Nivel 3 de alerta durante 10 d\u00edas m\u00e1s en Caudete"}]},{"@type":"WebSite","@id":"https:\/\/www.caudete.org\/ayuntamiento\/#website","url":"https:\/\/www.caudete.org\/ayuntamiento\/","name":"MI Ayuntamiento de Caudete","description":"P\u00e1gina Oficial del MI Ayuntamiento de Caudete","potentialAction":[{"@type":"SearchAction","target":{"@type":"EntryPoint","urlTemplate":"https:\/\/www.caudete.org\/ayuntamiento\/?s={search_term_string}"},"query-input":{"@type":"PropertyValueSpecification","valueRequired":true,"valueName":"search_term_string"}}],"inLanguage":"es"},{"@type":"Person","@id":"https:\/\/www.caudete.org\/ayuntamiento\/#\/schema\/person\/7656a5bb58fca95b9814e940de0fda63","name":"Juan","image":{"@type":"ImageObject","inLanguage":"es","@id":"https:\/\/secure.gravatar.com\/avatar\/dd53e51c0cd6ab23f52d4f3e4f1c59730240727763de3dbbf26750b079a2c292?s=96&d=mm&r=g","url":"https:\/\/secure.gravatar.com\/avatar\/dd53e51c0cd6ab23f52d4f3e4f1c59730240727763de3dbbf26750b079a2c292?s=96&d=mm&r=g","contentUrl":"https:\/\/secure.gravatar.com\/avatar\/dd53e51c0cd6ab23f52d4f3e4f1c59730240727763de3dbbf26750b079a2c292?s=96&d=mm&r=g","caption":"Juan"},"url":"https:\/\/www.caudete.org\/ayuntamiento\/author\/centrodeinternet\/"}]}},"_links":{"self":[{"href":"https:\/\/www.caudete.org\/ayuntamiento\/wp-json\/wp\/v2\/posts\/11223","targetHints":{"allow":["GET"]}}],"collection":[{"href":"https:\/\/www.caudete.org\/ayuntamiento\/wp-json\/wp\/v2\/posts"}],"about":[{"href":"https:\/\/www.caudete.org\/ayuntamiento\/wp-json\/wp\/v2\/types\/post"}],"author":[{"embeddable":true,"href":"https:\/\/www.caudete.org\/ayuntamiento\/wp-json\/wp\/v2\/users\/2"}],"replies":[{"embeddable":true,"href":"https:\/\/www.caudete.org\/ayuntamiento\/wp-json\/wp\/v2\/comments?post=11223"}],"version-history":[{"count":8,"href":"https:\/\/www.caudete.org\/ayuntamiento\/wp-json\/wp\/v2\/posts\/11223\/revisions"}],"predecessor-version":[{"id":11234,"href":"https:\/\/www.caudete.org\/ayuntamiento\/wp-json\/wp\/v2\/posts\/11223\/revisions\/11234"}],"wp:featuredmedia":[{"embeddable":true,"href":"https:\/\/www.caudete.org\/ayuntamiento\/wp-json\/wp\/v2\/media\/11226"}],"wp:attachment":[{"href":"https:\/\/www.caudete.org\/ayuntamiento\/wp-json\/wp\/v2\/media?parent=11223"}],"wp:term":[{"taxonomy":"category","embeddable":true,"href":"https:\/\/www.caudete.org\/ayuntamiento\/wp-json\/wp\/v2\/categories?post=11223"},{"taxonomy":"post_tag","embeddable":true,"href":"https:\/\/www.caudete.org\/ayuntamiento\/wp-json\/wp\/v2\/tags?post=11223"}],"curies":[{"name":"wp","href":"https:\/\/api.w.org\/{rel}","templated":true}]}}