{"id":11260,"date":"2020-12-28T18:31:18","date_gmt":"2020-12-28T17:31:18","guid":{"rendered":"http:\/\/www.caudete.org\/ayuntamiento\/?p=11260"},"modified":"2020-12-29T12:37:16","modified_gmt":"2020-12-29T11:37:16","slug":"toma-de-posesion-subinspector-policia-local","status":"publish","type":"post","link":"https:\/\/www.caudete.org\/ayuntamiento\/toma-de-posesion-subinspector-policia-local\/","title":{"rendered":"Toma de Posesi\u00f3n SubInspector Polic\u00eda Local"},"content":{"rendered":"<p>Daniel Azor\u00edn Ortu\u00f1o tomaba posesi\u00f3n como Subinspector de la Polic\u00eda Local de Caudete el pasado mi\u00e9rcoles 23 de Diciembre, en un peque\u00f1o pero emotivo acto desarrollado en el Sal\u00f3n de Plenos. Ante la presencia del Sr. Alcalde y Sra. Secretar\u00eda, Azor\u00edn promet\u00eda su cargo delante de la Constituci\u00f3n Espa\u00f1ola, y arropado por compa\u00f1eros del Cuerpo Policial y miembros del Equipo de Gobierno.<\/p>\n<p>Azor\u00edn mostr\u00f3 su total entrega al servicio de Caudete, con quien la Polic\u00eda Local tiene un papel importante que desarrollar, y donde con mucho trabajo pondr\u00e1 al cuerpo policial a la altura de las circunstancias. Conocedor de la situaci\u00f3n, tras su periodo de pr\u00e1cticas en el Consistorio como Subinspector, reconoci\u00f3 las carencias y dificultades existentes, pero tambi\u00e9n remarc\u00f3 el impulso que de forma conjunta Jefatura de Polic\u00eda y Gobierno Municipal est\u00e1n llevando a cabo para dar un servicio \u00f3ptimo a los ciudadanos con las mayores garant\u00edas posibles.<\/p>\n<p>La Concejal de Interior, M\u00aa del Mar Requena, agradeci\u00f3 la labor de la Polic\u00eda Local en su conjunto, y en particular de Daniel Azor\u00edn, quien demostr\u00f3 su buen hacer al frente de la Polic\u00eda Local, liderazgo dentro del Cuerpo, empat\u00eda con la ciudadan\u00eda y un buen profesional. Palabras de recuerdo tambi\u00e9n para quien ha sido opositor en el proceso selectivo al que por segunda vez Azor\u00edn se enfrentaba, y del que sal\u00eda ganador, por demostrar su enorme val\u00eda y alta cualificaci\u00f3n.<\/p>\n<p>Por su parte, el Alcalde, Mois\u00e9s L\u00f3pez, felicitaba a Daniel Azor\u00edn por el \u00e9xito obtenido, la Jefatura que asume y la responsabilidad que ello conlleva, con la certeza de que sin duda sabr\u00e1 gestionar con acierto su cometido. Le mostraba adem\u00e1s, su reconocimiento y enhorabuena en nombre no solo del Equipo de Gobierno, sino tambi\u00e9n de la Corporaci\u00f3n Municipal al completo y del pueblo de Caudete.<\/p>\n<p>Enfatiz\u00f3 adem\u00e1s en el compromiso del Gobierno Municipal con la seguridad, lo que se materializa con las inversiones ya realizadas en este sentido para dotar de medios a la Polic\u00eda Local, as\u00ed como las que est\u00e1n previstas para pr\u00f3ximos ejercicios, donde la renovaci\u00f3n y ampliaci\u00f3n de la Plantilla de la Polic\u00eda Local es una prioridad, algo que en 2021 podremos comprobar.<\/p>\n","protected":false},"excerpt":{"rendered":"<p>Daniel Azor\u00edn Ortu\u00f1o tomaba posesi\u00f3n como Subinspector de la Polic\u00eda Local de Caudete el pasado mi\u00e9rcoles 23 de Diciembre, en un peque\u00f1o pero emotivo acto desarrollado en el Sal\u00f3n de Plenos. Ante la presencia del Sr. Alcalde y Sra. Secretar\u00eda, Azor\u00edn promet\u00eda su cargo delante de la Constituci\u00f3n Espa\u00f1ola, y arropado por compa\u00f1eros del Cuerpo &hellip;<\/p>\n","protected":false},"author":3,"featured_media":11270,"comment_status":"closed","ping_status":"open","sticky":false,"template":"","format":"standard","meta":{"ngg_post_thumbnail":0,"footnotes":""},"categories":[34],"tags":[138,139],"class_list":["post-11260","post","type-post","status-publish","format-standard","has-post-thumbnail","hentry","category-interior","tag-policia","tag-toma-posesion"],"yoast_head":"<!-- This site is optimized with the Yoast SEO plugin v27.5 - https:\/\/yoast.com\/product\/yoast-seo-wordpress\/ -->\n<title>Toma de Posesi\u00f3n SubInspector Polic\u00eda Local - MI Ayuntamiento de Caudete<\/title>\n<meta name=\"description\" content=\"P\u00e1gina Oficial del Ayuntamiento de Caudete (Albacete)\" \/>\n<meta name=\"robots\" content=\"index, follow, max-snippet:-1, max-image-preview:large, max-video-preview:-1\" \/>\n<link rel=\"canonical\" href=\"https:\/\/www.caudete.org\/ayuntamiento\/toma-de-posesion-subinspector-policia-local\/\" \/>\n<meta property=\"og:locale\" content=\"es_ES\" \/>\n<meta property=\"og:type\" content=\"article\" \/>\n<meta property=\"og:title\" content=\"Toma de Posesi\u00f3n SubInspector Polic\u00eda Local - MI Ayuntamiento de Caudete\" \/>\n<meta property=\"og:description\" content=\"P\u00e1gina Oficial del Ayuntamiento de Caudete (Albacete)\" \/>\n<meta property=\"og:url\" content=\"https:\/\/www.caudete.org\/ayuntamiento\/toma-de-posesion-subinspector-policia-local\/\" \/>\n<meta property=\"og:site_name\" content=\"MI Ayuntamiento de Caudete\" \/>\n<meta property=\"article:publisher\" content=\"https:\/\/www.facebook.com\/ayuntamientocaudete\/\" \/>\n<meta property=\"article:published_time\" content=\"2020-12-28T17:31:18+00:00\" \/>\n<meta property=\"article:modified_time\" content=\"2020-12-29T11:37:16+00:00\" \/>\n<meta property=\"og:image\" content=\"https:\/\/www.caudete.org\/ayuntamiento\/wp-content\/uploads\/2020\/12\/SUBISPECTOR-RECTANGULAR.jpg\" \/>\n\t<meta property=\"og:image:width\" content=\"1920\" \/>\n\t<meta property=\"og:image:height\" content=\"958\" \/>\n\t<meta property=\"og:image:type\" content=\"image\/jpeg\" \/>\n<meta name=\"author\" content=\"alcalde\" \/>\n<meta name=\"twitter:card\" content=\"summary_large_image\" \/>\n<meta name=\"twitter:label1\" content=\"Escrito por\" \/>\n\t<meta name=\"twitter:data1\" content=\"alcalde\" \/>\n\t<meta name=\"twitter:label2\" content=\"Tiempo de lectura\" \/>\n\t<meta name=\"twitter:data2\" content=\"2 minutos\" \/>\n<script type=\"application\/ld+json\" class=\"yoast-schema-graph\">{\"@context\":\"https:\\\/\\\/schema.org\",\"@graph\":[{\"@type\":\"Article\",\"@id\":\"https:\\\/\\\/www.caudete.org\\\/ayuntamiento\\\/toma-de-posesion-subinspector-policia-local\\\/#article\",\"isPartOf\":{\"@id\":\"https:\\\/\\\/www.caudete.org\\\/ayuntamiento\\\/toma-de-posesion-subinspector-policia-local\\\/\"},\"author\":{\"name\":\"alcalde\",\"@id\":\"https:\\\/\\\/www.caudete.org\\\/ayuntamiento\\\/#\\\/schema\\\/person\\\/cc646da9133078ee4d8dd47457947253\"},\"headline\":\"Toma de Posesi\u00f3n SubInspector Polic\u00eda Local\",\"datePublished\":\"2020-12-28T17:31:18+00:00\",\"dateModified\":\"2020-12-29T11:37:16+00:00\",\"mainEntityOfPage\":{\"@id\":\"https:\\\/\\\/www.caudete.org\\\/ayuntamiento\\\/toma-de-posesion-subinspector-policia-local\\\/\"},\"wordCount\":407,\"image\":{\"@id\":\"https:\\\/\\\/www.caudete.org\\\/ayuntamiento\\\/toma-de-posesion-subinspector-policia-local\\\/#primaryimage\"},\"thumbnailUrl\":\"https:\\\/\\\/www.caudete.org\\\/ayuntamiento\\\/wp-content\\\/uploads\\\/2020\\\/12\\\/SUBISPECTOR-RECTANGULAR.jpg\",\"keywords\":[\"Policia\",\"Toma Posesion\"],\"articleSection\":[\"Interior\"],\"inLanguage\":\"es\"},{\"@type\":\"WebPage\",\"@id\":\"https:\\\/\\\/www.caudete.org\\\/ayuntamiento\\\/toma-de-posesion-subinspector-policia-local\\\/\",\"url\":\"https:\\\/\\\/www.caudete.org\\\/ayuntamiento\\\/toma-de-posesion-subinspector-policia-local\\\/\",\"name\":\"Toma de Posesi\u00f3n SubInspector Polic\u00eda Local - MI Ayuntamiento de Caudete\",\"isPartOf\":{\"@id\":\"https:\\\/\\\/www.caudete.org\\\/ayuntamiento\\\/#website\"},\"primaryImageOfPage\":{\"@id\":\"https:\\\/\\\/www.caudete.org\\\/ayuntamiento\\\/toma-de-posesion-subinspector-policia-local\\\/#primaryimage\"},\"image\":{\"@id\":\"https:\\\/\\\/www.caudete.org\\\/ayuntamiento\\\/toma-de-posesion-subinspector-policia-local\\\/#primaryimage\"},\"thumbnailUrl\":\"https:\\\/\\\/www.caudete.org\\\/ayuntamiento\\\/wp-content\\\/uploads\\\/2020\\\/12\\\/SUBISPECTOR-RECTANGULAR.jpg\",\"datePublished\":\"2020-12-28T17:31:18+00:00\",\"dateModified\":\"2020-12-29T11:37:16+00:00\",\"author\":{\"@id\":\"https:\\\/\\\/www.caudete.org\\\/ayuntamiento\\\/#\\\/schema\\\/person\\\/cc646da9133078ee4d8dd47457947253\"},\"description\":\"P\u00e1gina Oficial del Ayuntamiento de Caudete (Albacete)\",\"breadcrumb\":{\"@id\":\"https:\\\/\\\/www.caudete.org\\\/ayuntamiento\\\/toma-de-posesion-subinspector-policia-local\\\/#breadcrumb\"},\"inLanguage\":\"es\",\"potentialAction\":[{\"@type\":\"ReadAction\",\"target\":[\"https:\\\/\\\/www.caudete.org\\\/ayuntamiento\\\/toma-de-posesion-subinspector-policia-local\\\/\"]}]},{\"@type\":\"ImageObject\",\"inLanguage\":\"es\",\"@id\":\"https:\\\/\\\/www.caudete.org\\\/ayuntamiento\\\/toma-de-posesion-subinspector-policia-local\\\/#primaryimage\",\"url\":\"https:\\\/\\\/www.caudete.org\\\/ayuntamiento\\\/wp-content\\\/uploads\\\/2020\\\/12\\\/SUBISPECTOR-RECTANGULAR.jpg\",\"contentUrl\":\"https:\\\/\\\/www.caudete.org\\\/ayuntamiento\\\/wp-content\\\/uploads\\\/2020\\\/12\\\/SUBISPECTOR-RECTANGULAR.jpg\",\"width\":1920,\"height\":958},{\"@type\":\"BreadcrumbList\",\"@id\":\"https:\\\/\\\/www.caudete.org\\\/ayuntamiento\\\/toma-de-posesion-subinspector-policia-local\\\/#breadcrumb\",\"itemListElement\":[{\"@type\":\"ListItem\",\"position\":1,\"name\":\"Inicio\",\"item\":\"https:\\\/\\\/www.caudete.org\\\/ayuntamiento\\\/\"},{\"@type\":\"ListItem\",\"position\":2,\"name\":\"Toma de Posesi\u00f3n SubInspector Polic\u00eda Local\"}]},{\"@type\":\"WebSite\",\"@id\":\"https:\\\/\\\/www.caudete.org\\\/ayuntamiento\\\/#website\",\"url\":\"https:\\\/\\\/www.caudete.org\\\/ayuntamiento\\\/\",\"name\":\"MI Ayuntamiento de Caudete\",\"description\":\"P\u00e1gina Oficial del MI Ayuntamiento de Caudete\",\"potentialAction\":[{\"@type\":\"SearchAction\",\"target\":{\"@type\":\"EntryPoint\",\"urlTemplate\":\"https:\\\/\\\/www.caudete.org\\\/ayuntamiento\\\/?s={search_term_string}\"},\"query-input\":{\"@type\":\"PropertyValueSpecification\",\"valueRequired\":true,\"valueName\":\"search_term_string\"}}],\"inLanguage\":\"es\"},{\"@type\":\"Person\",\"@id\":\"https:\\\/\\\/www.caudete.org\\\/ayuntamiento\\\/#\\\/schema\\\/person\\\/cc646da9133078ee4d8dd47457947253\",\"name\":\"alcalde\",\"image\":{\"@type\":\"ImageObject\",\"inLanguage\":\"es\",\"@id\":\"https:\\\/\\\/secure.gravatar.com\\\/avatar\\\/84a817ba065b29ff08d666b215a215f5c79186a645ccb25b14a663d48a130f77?s=96&d=mm&r=g\",\"url\":\"https:\\\/\\\/secure.gravatar.com\\\/avatar\\\/84a817ba065b29ff08d666b215a215f5c79186a645ccb25b14a663d48a130f77?s=96&d=mm&r=g\",\"contentUrl\":\"https:\\\/\\\/secure.gravatar.com\\\/avatar\\\/84a817ba065b29ff08d666b215a215f5c79186a645ccb25b14a663d48a130f77?s=96&d=mm&r=g\",\"caption\":\"alcalde\"},\"url\":\"https:\\\/\\\/www.caudete.org\\\/ayuntamiento\\\/author\\\/alcalde\\\/\"}]}<\/script>\n<!-- \/ Yoast SEO plugin. -->","yoast_head_json":{"title":"Toma de Posesi\u00f3n SubInspector Polic\u00eda Local - MI Ayuntamiento de Caudete","description":"P\u00e1gina Oficial del Ayuntamiento de Caudete (Albacete)","robots":{"index":"index","follow":"follow","max-snippet":"max-snippet:-1","max-image-preview":"max-image-preview:large","max-video-preview":"max-video-preview:-1"},"canonical":"https:\/\/www.caudete.org\/ayuntamiento\/toma-de-posesion-subinspector-policia-local\/","og_locale":"es_ES","og_type":"article","og_title":"Toma de Posesi\u00f3n SubInspector Polic\u00eda Local - MI Ayuntamiento de Caudete","og_description":"P\u00e1gina Oficial del Ayuntamiento de Caudete (Albacete)","og_url":"https:\/\/www.caudete.org\/ayuntamiento\/toma-de-posesion-subinspector-policia-local\/","og_site_name":"MI Ayuntamiento de Caudete","article_publisher":"https:\/\/www.facebook.com\/ayuntamientocaudete\/","article_published_time":"2020-12-28T17:31:18+00:00","article_modified_time":"2020-12-29T11:37:16+00:00","og_image":[{"width":1920,"height":958,"url":"https:\/\/www.caudete.org\/ayuntamiento\/wp-content\/uploads\/2020\/12\/SUBISPECTOR-RECTANGULAR.jpg","type":"image\/jpeg"}],"author":"alcalde","twitter_card":"summary_large_image","twitter_misc":{"Escrito por":"alcalde","Tiempo de lectura":"2 minutos"},"schema":{"@context":"https:\/\/schema.org","@graph":[{"@type":"Article","@id":"https:\/\/www.caudete.org\/ayuntamiento\/toma-de-posesion-subinspector-policia-local\/#article","isPartOf":{"@id":"https:\/\/www.caudete.org\/ayuntamiento\/toma-de-posesion-subinspector-policia-local\/"},"author":{"name":"alcalde","@id":"https:\/\/www.caudete.org\/ayuntamiento\/#\/schema\/person\/cc646da9133078ee4d8dd47457947253"},"headline":"Toma de Posesi\u00f3n SubInspector Polic\u00eda Local","datePublished":"2020-12-28T17:31:18+00:00","dateModified":"2020-12-29T11:37:16+00:00","mainEntityOfPage":{"@id":"https:\/\/www.caudete.org\/ayuntamiento\/toma-de-posesion-subinspector-policia-local\/"},"wordCount":407,"image":{"@id":"https:\/\/www.caudete.org\/ayuntamiento\/toma-de-posesion-subinspector-policia-local\/#primaryimage"},"thumbnailUrl":"https:\/\/www.caudete.org\/ayuntamiento\/wp-content\/uploads\/2020\/12\/SUBISPECTOR-RECTANGULAR.jpg","keywords":["Policia","Toma Posesion"],"articleSection":["Interior"],"inLanguage":"es"},{"@type":"WebPage","@id":"https:\/\/www.caudete.org\/ayuntamiento\/toma-de-posesion-subinspector-policia-local\/","url":"https:\/\/www.caudete.org\/ayuntamiento\/toma-de-posesion-subinspector-policia-local\/","name":"Toma de Posesi\u00f3n SubInspector Polic\u00eda Local - MI Ayuntamiento de Caudete","isPartOf":{"@id":"https:\/\/www.caudete.org\/ayuntamiento\/#website"},"primaryImageOfPage":{"@id":"https:\/\/www.caudete.org\/ayuntamiento\/toma-de-posesion-subinspector-policia-local\/#primaryimage"},"image":{"@id":"https:\/\/www.caudete.org\/ayuntamiento\/toma-de-posesion-subinspector-policia-local\/#primaryimage"},"thumbnailUrl":"https:\/\/www.caudete.org\/ayuntamiento\/wp-content\/uploads\/2020\/12\/SUBISPECTOR-RECTANGULAR.jpg","datePublished":"2020-12-28T17:31:18+00:00","dateModified":"2020-12-29T11:37:16+00:00","author":{"@id":"https:\/\/www.caudete.org\/ayuntamiento\/#\/schema\/person\/cc646da9133078ee4d8dd47457947253"},"description":"P\u00e1gina Oficial del Ayuntamiento de Caudete (Albacete)","breadcrumb":{"@id":"https:\/\/www.caudete.org\/ayuntamiento\/toma-de-posesion-subinspector-policia-local\/#breadcrumb"},"inLanguage":"es","potentialAction":[{"@type":"ReadAction","target":["https:\/\/www.caudete.org\/ayuntamiento\/toma-de-posesion-subinspector-policia-local\/"]}]},{"@type":"ImageObject","inLanguage":"es","@id":"https:\/\/www.caudete.org\/ayuntamiento\/toma-de-posesion-subinspector-policia-local\/#primaryimage","url":"https:\/\/www.caudete.org\/ayuntamiento\/wp-content\/uploads\/2020\/12\/SUBISPECTOR-RECTANGULAR.jpg","contentUrl":"https:\/\/www.caudete.org\/ayuntamiento\/wp-content\/uploads\/2020\/12\/SUBISPECTOR-RECTANGULAR.jpg","width":1920,"height":958},{"@type":"BreadcrumbList","@id":"https:\/\/www.caudete.org\/ayuntamiento\/toma-de-posesion-subinspector-policia-local\/#breadcrumb","itemListElement":[{"@type":"ListItem","position":1,"name":"Inicio","item":"https:\/\/www.caudete.org\/ayuntamiento\/"},{"@type":"ListItem","position":2,"name":"Toma de Posesi\u00f3n SubInspector Polic\u00eda Local"}]},{"@type":"WebSite","@id":"https:\/\/www.caudete.org\/ayuntamiento\/#website","url":"https:\/\/www.caudete.org\/ayuntamiento\/","name":"MI Ayuntamiento de Caudete","description":"P\u00e1gina Oficial del MI Ayuntamiento de Caudete","potentialAction":[{"@type":"SearchAction","target":{"@type":"EntryPoint","urlTemplate":"https:\/\/www.caudete.org\/ayuntamiento\/?s={search_term_string}"},"query-input":{"@type":"PropertyValueSpecification","valueRequired":true,"valueName":"search_term_string"}}],"inLanguage":"es"},{"@type":"Person","@id":"https:\/\/www.caudete.org\/ayuntamiento\/#\/schema\/person\/cc646da9133078ee4d8dd47457947253","name":"alcalde","image":{"@type":"ImageObject","inLanguage":"es","@id":"https:\/\/secure.gravatar.com\/avatar\/84a817ba065b29ff08d666b215a215f5c79186a645ccb25b14a663d48a130f77?s=96&d=mm&r=g","url":"https:\/\/secure.gravatar.com\/avatar\/84a817ba065b29ff08d666b215a215f5c79186a645ccb25b14a663d48a130f77?s=96&d=mm&r=g","contentUrl":"https:\/\/secure.gravatar.com\/avatar\/84a817ba065b29ff08d666b215a215f5c79186a645ccb25b14a663d48a130f77?s=96&d=mm&r=g","caption":"alcalde"},"url":"https:\/\/www.caudete.org\/ayuntamiento\/author\/alcalde\/"}]}},"_links":{"self":[{"href":"https:\/\/www.caudete.org\/ayuntamiento\/wp-json\/wp\/v2\/posts\/11260","targetHints":{"allow":["GET"]}}],"collection":[{"href":"https:\/\/www.caudete.org\/ayuntamiento\/wp-json\/wp\/v2\/posts"}],"about":[{"href":"https:\/\/www.caudete.org\/ayuntamiento\/wp-json\/wp\/v2\/types\/post"}],"author":[{"embeddable":true,"href":"https:\/\/www.caudete.org\/ayuntamiento\/wp-json\/wp\/v2\/users\/3"}],"replies":[{"embeddable":true,"href":"https:\/\/www.caudete.org\/ayuntamiento\/wp-json\/wp\/v2\/comments?post=11260"}],"version-history":[{"count":3,"href":"https:\/\/www.caudete.org\/ayuntamiento\/wp-json\/wp\/v2\/posts\/11260\/revisions"}],"predecessor-version":[{"id":11274,"href":"https:\/\/www.caudete.org\/ayuntamiento\/wp-json\/wp\/v2\/posts\/11260\/revisions\/11274"}],"wp:featuredmedia":[{"embeddable":true,"href":"https:\/\/www.caudete.org\/ayuntamiento\/wp-json\/wp\/v2\/media\/11270"}],"wp:attachment":[{"href":"https:\/\/www.caudete.org\/ayuntamiento\/wp-json\/wp\/v2\/media?parent=11260"}],"wp:term":[{"taxonomy":"category","embeddable":true,"href":"https:\/\/www.caudete.org\/ayuntamiento\/wp-json\/wp\/v2\/categories?post=11260"},{"taxonomy":"post_tag","embeddable":true,"href":"https:\/\/www.caudete.org\/ayuntamiento\/wp-json\/wp\/v2\/tags?post=11260"}],"curies":[{"name":"wp","href":"https:\/\/api.w.org\/{rel}","templated":true}]}}