{"id":11263,"date":"2020-12-28T19:54:19","date_gmt":"2020-12-28T18:54:19","guid":{"rendered":"http:\/\/www.caudete.org\/ayuntamiento\/?p=11263"},"modified":"2020-12-28T19:55:04","modified_gmt":"2020-12-28T18:55:04","slug":"adjudicadas-las-licencias-de-autotaxi-y-taxi-adaptado","status":"publish","type":"post","link":"https:\/\/www.caudete.org\/ayuntamiento\/adjudicadas-las-licencias-de-autotaxi-y-taxi-adaptado\/","title":{"rendered":"Adjudicadas las Licencias de AutoTaxi y Taxi Adaptado"},"content":{"rendered":"<p><img decoding=\"async\" class=\"alignnone size-medium wp-image-11264\" src=\"http:\/\/www.caudete.org\/ayuntamiento\/wp-content\/uploads\/2020\/12\/bigstock-night-picture-of-a-taxi-car-t-257914609-300x151.jpeg\" alt=\"\" width=\"300\" height=\"151\" srcset=\"https:\/\/www.caudete.org\/ayuntamiento\/wp-content\/uploads\/2020\/12\/bigstock-night-picture-of-a-taxi-car-t-257914609-300x151.jpeg 300w, https:\/\/www.caudete.org\/ayuntamiento\/wp-content\/uploads\/2020\/12\/bigstock-night-picture-of-a-taxi-car-t-257914609-1024x516.jpeg 1024w, https:\/\/www.caudete.org\/ayuntamiento\/wp-content\/uploads\/2020\/12\/bigstock-night-picture-of-a-taxi-car-t-257914609-768x387.jpeg 768w, https:\/\/www.caudete.org\/ayuntamiento\/wp-content\/uploads\/2020\/12\/bigstock-night-picture-of-a-taxi-car-t-257914609-1536x774.jpeg 1536w, https:\/\/www.caudete.org\/ayuntamiento\/wp-content\/uploads\/2020\/12\/bigstock-night-picture-of-a-taxi-car-t-257914609.jpeg 1600w\" sizes=\"(max-width: 300px) 100vw, 300px\" \/><\/p>\n<p>El proceso de licitaci\u00f3n municipal para la concesi\u00f3n de dos licencias de Taxi en Caudete finalizaba hace unos d\u00edas con las Resoluciones n\u00ba 2764 y 2765 de fecha 21\/12\/2020 por las cuales el Concejal Delegado de Empresas e Industrias Luis Felipe Ba\u00f1\u00f3n, adjudicaba la LICENCIA N.\u00ba 2 DE AUTOTAXI, CON VEH\u00cdCULO ADAPTADO a D\u00aa M\u00aa del Mar Garc\u00eda Garc\u00eda, as\u00ed como la LICENCIA N.\u00ba 3 DE AUTOTAXI a D\u00aa Purificaci\u00f3n S\u00e1nchez Vicente, tras la celebraci\u00f3n de la Mesa de Contrataci\u00f3n el pasado 17 de Diciembre.<\/p>\n<p>Para la primera de ellas (licencia n\u00ba2), dos fueron las solicitudes presentadas al procedimiento que el Ayuntamiento abr\u00eda hace ahora un a\u00f1o y que permitir\u00e1 a los caudetanos contar con un servicio de transporte urbano de viajeros adaptado para personas con movilidad reducida; mientras que cuatro fueron las solicitudes para la licencia n\u00ba3.<\/p>\n<p>Cabe recordar que el pasado 4 de Junio el Pleno Municipal actualizaba la Ordenanza Fiscal (que databa del a\u00f1o 1999), donde quedan recogidos conceptos como la cuota tributaria, que queda fijada en 139&#8217;10\u20ac Por concesi\u00f3n, expedici\u00f3n y registro de una licencia o autorizaci\u00f3n administrativa de autotaxi y dem\u00e1s veh\u00edculos de alquiler, y en 90&#8217;00\u20ac\/anuales por uso y explotaci\u00f3n de licencia (art.5).<\/p>\n<p>En la misma Sesi\u00f3n Plenaria se aprobaba la nueva Ordenanza Reguladora para sustituir a la desfasada de 2007. En ella, aspectos como la vigencia (duraci\u00f3n ilimitada sujeta a la extinci\u00f3n por renuncia, revocaci\u00f3n o fallecimiento), el visado y comprobaci\u00f3n anual, condiciones de prestaci\u00f3n del servicio, caracteristicas de los vehiculos y r\u00e9gimen tarifario, son los principales puntos que detalla el documento.<\/p>\n","protected":false},"excerpt":{"rendered":"<p>El proceso de licitaci\u00f3n municipal para la concesi\u00f3n de dos licencias de Taxi en Caudete finalizaba hace unos d\u00edas con las Resoluciones n\u00ba 2764 y 2765 de fecha 21\/12\/2020 por las cuales el Concejal Delegado de Empresas e Industrias Luis Felipe Ba\u00f1\u00f3n, adjudicaba la LICENCIA N.\u00ba 2 DE AUTOTAXI, CON VEH\u00cdCULO ADAPTADO a D\u00aa M\u00aa &hellip;<\/p>\n","protected":false},"author":3,"featured_media":11264,"comment_status":"closed","ping_status":"open","sticky":false,"template":"","format":"standard","meta":{"ngg_post_thumbnail":0,"footnotes":""},"categories":[32],"tags":[171],"class_list":["post-11263","post","type-post","status-publish","format-standard","has-post-thumbnail","hentry","category-industria-y-empresas","tag-taxi"],"yoast_head":"<!-- This site is optimized with the Yoast SEO plugin v27.5 - https:\/\/yoast.com\/product\/yoast-seo-wordpress\/ -->\n<title>Adjudicadas las Licencias de AutoTaxi y Taxi Adaptado - MI Ayuntamiento de Caudete<\/title>\n<meta name=\"description\" content=\"P\u00e1gina Oficial del Ayuntamiento de Caudete (Albacete)\" \/>\n<meta name=\"robots\" content=\"index, follow, max-snippet:-1, max-image-preview:large, max-video-preview:-1\" \/>\n<link rel=\"canonical\" href=\"https:\/\/www.caudete.org\/ayuntamiento\/adjudicadas-las-licencias-de-autotaxi-y-taxi-adaptado\/\" \/>\n<meta property=\"og:locale\" content=\"es_ES\" \/>\n<meta property=\"og:type\" content=\"article\" \/>\n<meta property=\"og:title\" content=\"Adjudicadas las Licencias de AutoTaxi y Taxi Adaptado - MI Ayuntamiento de Caudete\" \/>\n<meta property=\"og:description\" content=\"P\u00e1gina Oficial del Ayuntamiento de Caudete (Albacete)\" \/>\n<meta property=\"og:url\" content=\"https:\/\/www.caudete.org\/ayuntamiento\/adjudicadas-las-licencias-de-autotaxi-y-taxi-adaptado\/\" \/>\n<meta property=\"og:site_name\" content=\"MI Ayuntamiento de Caudete\" \/>\n<meta property=\"article:publisher\" content=\"https:\/\/www.facebook.com\/ayuntamientocaudete\/\" \/>\n<meta property=\"article:published_time\" content=\"2020-12-28T18:54:19+00:00\" \/>\n<meta property=\"article:modified_time\" content=\"2020-12-28T18:55:04+00:00\" \/>\n<meta property=\"og:image\" content=\"https:\/\/www.caudete.org\/ayuntamiento\/wp-content\/uploads\/2020\/12\/bigstock-night-picture-of-a-taxi-car-t-257914609.jpeg\" \/>\n\t<meta property=\"og:image:width\" content=\"1600\" \/>\n\t<meta property=\"og:image:height\" content=\"806\" \/>\n\t<meta property=\"og:image:type\" content=\"image\/jpeg\" \/>\n<meta name=\"author\" content=\"alcalde\" \/>\n<meta name=\"twitter:card\" content=\"summary_large_image\" \/>\n<meta name=\"twitter:label1\" content=\"Escrito por\" \/>\n\t<meta name=\"twitter:data1\" content=\"alcalde\" \/>\n\t<meta name=\"twitter:label2\" content=\"Tiempo de lectura\" \/>\n\t<meta name=\"twitter:data2\" content=\"1 minuto\" \/>\n<script type=\"application\/ld+json\" class=\"yoast-schema-graph\">{\"@context\":\"https:\\\/\\\/schema.org\",\"@graph\":[{\"@type\":\"Article\",\"@id\":\"https:\\\/\\\/www.caudete.org\\\/ayuntamiento\\\/adjudicadas-las-licencias-de-autotaxi-y-taxi-adaptado\\\/#article\",\"isPartOf\":{\"@id\":\"https:\\\/\\\/www.caudete.org\\\/ayuntamiento\\\/adjudicadas-las-licencias-de-autotaxi-y-taxi-adaptado\\\/\"},\"author\":{\"name\":\"alcalde\",\"@id\":\"https:\\\/\\\/www.caudete.org\\\/ayuntamiento\\\/#\\\/schema\\\/person\\\/cc646da9133078ee4d8dd47457947253\"},\"headline\":\"Adjudicadas las Licencias de AutoTaxi y Taxi Adaptado\",\"datePublished\":\"2020-12-28T18:54:19+00:00\",\"dateModified\":\"2020-12-28T18:55:04+00:00\",\"mainEntityOfPage\":{\"@id\":\"https:\\\/\\\/www.caudete.org\\\/ayuntamiento\\\/adjudicadas-las-licencias-de-autotaxi-y-taxi-adaptado\\\/\"},\"wordCount\":284,\"publisher\":{\"@id\":\"https:\\\/\\\/www.caudete.org\\\/ayuntamiento\\\/#organization\"},\"image\":{\"@id\":\"https:\\\/\\\/www.caudete.org\\\/ayuntamiento\\\/adjudicadas-las-licencias-de-autotaxi-y-taxi-adaptado\\\/#primaryimage\"},\"thumbnailUrl\":\"https:\\\/\\\/www.caudete.org\\\/ayuntamiento\\\/wp-content\\\/uploads\\\/2020\\\/12\\\/bigstock-night-picture-of-a-taxi-car-t-257914609.jpeg\",\"keywords\":[\"Taxi\"],\"articleSection\":[\"Industria y Empresas\"],\"inLanguage\":\"es\"},{\"@type\":\"WebPage\",\"@id\":\"https:\\\/\\\/www.caudete.org\\\/ayuntamiento\\\/adjudicadas-las-licencias-de-autotaxi-y-taxi-adaptado\\\/\",\"url\":\"https:\\\/\\\/www.caudete.org\\\/ayuntamiento\\\/adjudicadas-las-licencias-de-autotaxi-y-taxi-adaptado\\\/\",\"name\":\"Adjudicadas las Licencias de AutoTaxi y Taxi Adaptado - MI Ayuntamiento de Caudete\",\"isPartOf\":{\"@id\":\"https:\\\/\\\/www.caudete.org\\\/ayuntamiento\\\/#website\"},\"primaryImageOfPage\":{\"@id\":\"https:\\\/\\\/www.caudete.org\\\/ayuntamiento\\\/adjudicadas-las-licencias-de-autotaxi-y-taxi-adaptado\\\/#primaryimage\"},\"image\":{\"@id\":\"https:\\\/\\\/www.caudete.org\\\/ayuntamiento\\\/adjudicadas-las-licencias-de-autotaxi-y-taxi-adaptado\\\/#primaryimage\"},\"thumbnailUrl\":\"https:\\\/\\\/www.caudete.org\\\/ayuntamiento\\\/wp-content\\\/uploads\\\/2020\\\/12\\\/bigstock-night-picture-of-a-taxi-car-t-257914609.jpeg\",\"datePublished\":\"2020-12-28T18:54:19+00:00\",\"dateModified\":\"2020-12-28T18:55:04+00:00\",\"description\":\"P\u00e1gina Oficial del Ayuntamiento de Caudete (Albacete)\",\"breadcrumb\":{\"@id\":\"https:\\\/\\\/www.caudete.org\\\/ayuntamiento\\\/adjudicadas-las-licencias-de-autotaxi-y-taxi-adaptado\\\/#breadcrumb\"},\"inLanguage\":\"es\",\"potentialAction\":[{\"@type\":\"ReadAction\",\"target\":[\"https:\\\/\\\/www.caudete.org\\\/ayuntamiento\\\/adjudicadas-las-licencias-de-autotaxi-y-taxi-adaptado\\\/\"]}]},{\"@type\":\"ImageObject\",\"inLanguage\":\"es\",\"@id\":\"https:\\\/\\\/www.caudete.org\\\/ayuntamiento\\\/adjudicadas-las-licencias-de-autotaxi-y-taxi-adaptado\\\/#primaryimage\",\"url\":\"https:\\\/\\\/www.caudete.org\\\/ayuntamiento\\\/wp-content\\\/uploads\\\/2020\\\/12\\\/bigstock-night-picture-of-a-taxi-car-t-257914609.jpeg\",\"contentUrl\":\"https:\\\/\\\/www.caudete.org\\\/ayuntamiento\\\/wp-content\\\/uploads\\\/2020\\\/12\\\/bigstock-night-picture-of-a-taxi-car-t-257914609.jpeg\",\"width\":1600,\"height\":806},{\"@type\":\"BreadcrumbList\",\"@id\":\"https:\\\/\\\/www.caudete.org\\\/ayuntamiento\\\/adjudicadas-las-licencias-de-autotaxi-y-taxi-adaptado\\\/#breadcrumb\",\"itemListElement\":[{\"@type\":\"ListItem\",\"position\":1,\"name\":\"Inicio\",\"item\":\"https:\\\/\\\/www.caudete.org\\\/ayuntamiento\\\/\"},{\"@type\":\"ListItem\",\"position\":2,\"name\":\"Adjudicadas las Licencias de AutoTaxi y Taxi Adaptado\"}]},{\"@type\":\"WebSite\",\"@id\":\"https:\\\/\\\/www.caudete.org\\\/ayuntamiento\\\/#website\",\"url\":\"https:\\\/\\\/www.caudete.org\\\/ayuntamiento\\\/\",\"name\":\"MI Ayuntamiento de Caudete\",\"description\":\"P\u00e1gina Oficial del MI Ayuntamiento de Caudete\",\"publisher\":{\"@id\":\"https:\\\/\\\/www.caudete.org\\\/ayuntamiento\\\/#organization\"},\"potentialAction\":[{\"@type\":\"SearchAction\",\"target\":{\"@type\":\"EntryPoint\",\"urlTemplate\":\"https:\\\/\\\/www.caudete.org\\\/ayuntamiento\\\/?s={search_term_string}\"},\"query-input\":{\"@type\":\"PropertyValueSpecification\",\"valueRequired\":true,\"valueName\":\"search_term_string\"}}],\"inLanguage\":\"es\"},{\"@type\":\"Organization\",\"@id\":\"https:\\\/\\\/www.caudete.org\\\/ayuntamiento\\\/#organization\",\"name\":\"Ayuntamiento de Caudete\",\"url\":\"https:\\\/\\\/www.caudete.org\\\/ayuntamiento\\\/\",\"logo\":{\"@type\":\"ImageObject\",\"inLanguage\":\"es\",\"@id\":\"https:\\\/\\\/www.caudete.org\\\/ayuntamiento\\\/#\\\/schema\\\/logo\\\/image\\\/\",\"url\":\"https:\\\/\\\/www.caudete.org\\\/ayuntamiento\\\/wp-content\\\/uploads\\\/2020\\\/11\\\/logo_ayuntamiento_caudete.jpg\",\"contentUrl\":\"https:\\\/\\\/www.caudete.org\\\/ayuntamiento\\\/wp-content\\\/uploads\\\/2020\\\/11\\\/logo_ayuntamiento_caudete.jpg\",\"width\":600,\"height\":150,\"caption\":\"Ayuntamiento de Caudete\"},\"image\":{\"@id\":\"https:\\\/\\\/www.caudete.org\\\/ayuntamiento\\\/#\\\/schema\\\/logo\\\/image\\\/\"},\"sameAs\":[\"https:\\\/\\\/www.facebook.com\\\/ayuntamientocaudete\\\/\",\"https:\\\/\\\/www.youtube.com\\\/channel\\\/UC6VztHaooNsGpw-tNoBEFnQ\"]},{\"@type\":\"Person\",\"@id\":\"https:\\\/\\\/www.caudete.org\\\/ayuntamiento\\\/#\\\/schema\\\/person\\\/cc646da9133078ee4d8dd47457947253\",\"name\":\"alcalde\",\"image\":{\"@type\":\"ImageObject\",\"inLanguage\":\"es\",\"@id\":\"https:\\\/\\\/secure.gravatar.com\\\/avatar\\\/84a817ba065b29ff08d666b215a215f5c79186a645ccb25b14a663d48a130f77?s=96&d=mm&r=g\",\"url\":\"https:\\\/\\\/secure.gravatar.com\\\/avatar\\\/84a817ba065b29ff08d666b215a215f5c79186a645ccb25b14a663d48a130f77?s=96&d=mm&r=g\",\"contentUrl\":\"https:\\\/\\\/secure.gravatar.com\\\/avatar\\\/84a817ba065b29ff08d666b215a215f5c79186a645ccb25b14a663d48a130f77?s=96&d=mm&r=g\",\"caption\":\"alcalde\"},\"url\":\"https:\\\/\\\/www.caudete.org\\\/ayuntamiento\\\/author\\\/alcalde\\\/\"}]}<\/script>\n<!-- \/ Yoast SEO plugin. -->","yoast_head_json":{"title":"Adjudicadas las Licencias de AutoTaxi y Taxi Adaptado - MI Ayuntamiento de Caudete","description":"P\u00e1gina Oficial del Ayuntamiento de Caudete (Albacete)","robots":{"index":"index","follow":"follow","max-snippet":"max-snippet:-1","max-image-preview":"max-image-preview:large","max-video-preview":"max-video-preview:-1"},"canonical":"https:\/\/www.caudete.org\/ayuntamiento\/adjudicadas-las-licencias-de-autotaxi-y-taxi-adaptado\/","og_locale":"es_ES","og_type":"article","og_title":"Adjudicadas las Licencias de AutoTaxi y Taxi Adaptado - MI Ayuntamiento de Caudete","og_description":"P\u00e1gina Oficial del Ayuntamiento de Caudete (Albacete)","og_url":"https:\/\/www.caudete.org\/ayuntamiento\/adjudicadas-las-licencias-de-autotaxi-y-taxi-adaptado\/","og_site_name":"MI Ayuntamiento de Caudete","article_publisher":"https:\/\/www.facebook.com\/ayuntamientocaudete\/","article_published_time":"2020-12-28T18:54:19+00:00","article_modified_time":"2020-12-28T18:55:04+00:00","og_image":[{"width":1600,"height":806,"url":"https:\/\/www.caudete.org\/ayuntamiento\/wp-content\/uploads\/2020\/12\/bigstock-night-picture-of-a-taxi-car-t-257914609.jpeg","type":"image\/jpeg"}],"author":"alcalde","twitter_card":"summary_large_image","twitter_misc":{"Escrito por":"alcalde","Tiempo de lectura":"1 minuto"},"schema":{"@context":"https:\/\/schema.org","@graph":[{"@type":"Article","@id":"https:\/\/www.caudete.org\/ayuntamiento\/adjudicadas-las-licencias-de-autotaxi-y-taxi-adaptado\/#article","isPartOf":{"@id":"https:\/\/www.caudete.org\/ayuntamiento\/adjudicadas-las-licencias-de-autotaxi-y-taxi-adaptado\/"},"author":{"name":"alcalde","@id":"https:\/\/www.caudete.org\/ayuntamiento\/#\/schema\/person\/cc646da9133078ee4d8dd47457947253"},"headline":"Adjudicadas las Licencias de AutoTaxi y Taxi Adaptado","datePublished":"2020-12-28T18:54:19+00:00","dateModified":"2020-12-28T18:55:04+00:00","mainEntityOfPage":{"@id":"https:\/\/www.caudete.org\/ayuntamiento\/adjudicadas-las-licencias-de-autotaxi-y-taxi-adaptado\/"},"wordCount":284,"publisher":{"@id":"https:\/\/www.caudete.org\/ayuntamiento\/#organization"},"image":{"@id":"https:\/\/www.caudete.org\/ayuntamiento\/adjudicadas-las-licencias-de-autotaxi-y-taxi-adaptado\/#primaryimage"},"thumbnailUrl":"https:\/\/www.caudete.org\/ayuntamiento\/wp-content\/uploads\/2020\/12\/bigstock-night-picture-of-a-taxi-car-t-257914609.jpeg","keywords":["Taxi"],"articleSection":["Industria y Empresas"],"inLanguage":"es"},{"@type":"WebPage","@id":"https:\/\/www.caudete.org\/ayuntamiento\/adjudicadas-las-licencias-de-autotaxi-y-taxi-adaptado\/","url":"https:\/\/www.caudete.org\/ayuntamiento\/adjudicadas-las-licencias-de-autotaxi-y-taxi-adaptado\/","name":"Adjudicadas las Licencias de AutoTaxi y Taxi Adaptado - MI Ayuntamiento de Caudete","isPartOf":{"@id":"https:\/\/www.caudete.org\/ayuntamiento\/#website"},"primaryImageOfPage":{"@id":"https:\/\/www.caudete.org\/ayuntamiento\/adjudicadas-las-licencias-de-autotaxi-y-taxi-adaptado\/#primaryimage"},"image":{"@id":"https:\/\/www.caudete.org\/ayuntamiento\/adjudicadas-las-licencias-de-autotaxi-y-taxi-adaptado\/#primaryimage"},"thumbnailUrl":"https:\/\/www.caudete.org\/ayuntamiento\/wp-content\/uploads\/2020\/12\/bigstock-night-picture-of-a-taxi-car-t-257914609.jpeg","datePublished":"2020-12-28T18:54:19+00:00","dateModified":"2020-12-28T18:55:04+00:00","description":"P\u00e1gina Oficial del Ayuntamiento de Caudete (Albacete)","breadcrumb":{"@id":"https:\/\/www.caudete.org\/ayuntamiento\/adjudicadas-las-licencias-de-autotaxi-y-taxi-adaptado\/#breadcrumb"},"inLanguage":"es","potentialAction":[{"@type":"ReadAction","target":["https:\/\/www.caudete.org\/ayuntamiento\/adjudicadas-las-licencias-de-autotaxi-y-taxi-adaptado\/"]}]},{"@type":"ImageObject","inLanguage":"es","@id":"https:\/\/www.caudete.org\/ayuntamiento\/adjudicadas-las-licencias-de-autotaxi-y-taxi-adaptado\/#primaryimage","url":"https:\/\/www.caudete.org\/ayuntamiento\/wp-content\/uploads\/2020\/12\/bigstock-night-picture-of-a-taxi-car-t-257914609.jpeg","contentUrl":"https:\/\/www.caudete.org\/ayuntamiento\/wp-content\/uploads\/2020\/12\/bigstock-night-picture-of-a-taxi-car-t-257914609.jpeg","width":1600,"height":806},{"@type":"BreadcrumbList","@id":"https:\/\/www.caudete.org\/ayuntamiento\/adjudicadas-las-licencias-de-autotaxi-y-taxi-adaptado\/#breadcrumb","itemListElement":[{"@type":"ListItem","position":1,"name":"Inicio","item":"https:\/\/www.caudete.org\/ayuntamiento\/"},{"@type":"ListItem","position":2,"name":"Adjudicadas las Licencias de AutoTaxi y Taxi Adaptado"}]},{"@type":"WebSite","@id":"https:\/\/www.caudete.org\/ayuntamiento\/#website","url":"https:\/\/www.caudete.org\/ayuntamiento\/","name":"MI Ayuntamiento de Caudete","description":"P\u00e1gina Oficial del MI Ayuntamiento de Caudete","publisher":{"@id":"https:\/\/www.caudete.org\/ayuntamiento\/#organization"},"potentialAction":[{"@type":"SearchAction","target":{"@type":"EntryPoint","urlTemplate":"https:\/\/www.caudete.org\/ayuntamiento\/?s={search_term_string}"},"query-input":{"@type":"PropertyValueSpecification","valueRequired":true,"valueName":"search_term_string"}}],"inLanguage":"es"},{"@type":"Organization","@id":"https:\/\/www.caudete.org\/ayuntamiento\/#organization","name":"Ayuntamiento de Caudete","url":"https:\/\/www.caudete.org\/ayuntamiento\/","logo":{"@type":"ImageObject","inLanguage":"es","@id":"https:\/\/www.caudete.org\/ayuntamiento\/#\/schema\/logo\/image\/","url":"https:\/\/www.caudete.org\/ayuntamiento\/wp-content\/uploads\/2020\/11\/logo_ayuntamiento_caudete.jpg","contentUrl":"https:\/\/www.caudete.org\/ayuntamiento\/wp-content\/uploads\/2020\/11\/logo_ayuntamiento_caudete.jpg","width":600,"height":150,"caption":"Ayuntamiento de Caudete"},"image":{"@id":"https:\/\/www.caudete.org\/ayuntamiento\/#\/schema\/logo\/image\/"},"sameAs":["https:\/\/www.facebook.com\/ayuntamientocaudete\/","https:\/\/www.youtube.com\/channel\/UC6VztHaooNsGpw-tNoBEFnQ"]},{"@type":"Person","@id":"https:\/\/www.caudete.org\/ayuntamiento\/#\/schema\/person\/cc646da9133078ee4d8dd47457947253","name":"alcalde","image":{"@type":"ImageObject","inLanguage":"es","@id":"https:\/\/secure.gravatar.com\/avatar\/84a817ba065b29ff08d666b215a215f5c79186a645ccb25b14a663d48a130f77?s=96&d=mm&r=g","url":"https:\/\/secure.gravatar.com\/avatar\/84a817ba065b29ff08d666b215a215f5c79186a645ccb25b14a663d48a130f77?s=96&d=mm&r=g","contentUrl":"https:\/\/secure.gravatar.com\/avatar\/84a817ba065b29ff08d666b215a215f5c79186a645ccb25b14a663d48a130f77?s=96&d=mm&r=g","caption":"alcalde"},"url":"https:\/\/www.caudete.org\/ayuntamiento\/author\/alcalde\/"}]}},"_links":{"self":[{"href":"https:\/\/www.caudete.org\/ayuntamiento\/wp-json\/wp\/v2\/posts\/11263","targetHints":{"allow":["GET"]}}],"collection":[{"href":"https:\/\/www.caudete.org\/ayuntamiento\/wp-json\/wp\/v2\/posts"}],"about":[{"href":"https:\/\/www.caudete.org\/ayuntamiento\/wp-json\/wp\/v2\/types\/post"}],"author":[{"embeddable":true,"href":"https:\/\/www.caudete.org\/ayuntamiento\/wp-json\/wp\/v2\/users\/3"}],"replies":[{"embeddable":true,"href":"https:\/\/www.caudete.org\/ayuntamiento\/wp-json\/wp\/v2\/comments?post=11263"}],"version-history":[{"count":1,"href":"https:\/\/www.caudete.org\/ayuntamiento\/wp-json\/wp\/v2\/posts\/11263\/revisions"}],"predecessor-version":[{"id":11265,"href":"https:\/\/www.caudete.org\/ayuntamiento\/wp-json\/wp\/v2\/posts\/11263\/revisions\/11265"}],"wp:featuredmedia":[{"embeddable":true,"href":"https:\/\/www.caudete.org\/ayuntamiento\/wp-json\/wp\/v2\/media\/11264"}],"wp:attachment":[{"href":"https:\/\/www.caudete.org\/ayuntamiento\/wp-json\/wp\/v2\/media?parent=11263"}],"wp:term":[{"taxonomy":"category","embeddable":true,"href":"https:\/\/www.caudete.org\/ayuntamiento\/wp-json\/wp\/v2\/categories?post=11263"},{"taxonomy":"post_tag","embeddable":true,"href":"https:\/\/www.caudete.org\/ayuntamiento\/wp-json\/wp\/v2\/tags?post=11263"}],"curies":[{"name":"wp","href":"https:\/\/api.w.org\/{rel}","templated":true}]}}