{"id":11283,"date":"2020-12-29T15:50:04","date_gmt":"2020-12-29T14:50:04","guid":{"rendered":"http:\/\/www.caudete.org\/ayuntamiento\/?p=11283"},"modified":"2020-12-29T15:50:04","modified_gmt":"2020-12-29T14:50:04","slug":"la-plaza-jose-ruiz-ruiz-cambiara-su-aspecto-con-el-recual-2019","status":"publish","type":"post","link":"https:\/\/www.caudete.org\/ayuntamiento\/la-plaza-jose-ruiz-ruiz-cambiara-su-aspecto-con-el-recual-2019\/","title":{"rendered":"La Plaza Jos\u00e9 Ruiz Ruiz cambiar\u00e1 su aspecto con el RECUAL-2019"},"content":{"rendered":"<p><img fetchpriority=\"high\" decoding=\"async\" class=\"alignnone size-medium wp-image-11284\" src=\"http:\/\/www.caudete.org\/ayuntamiento\/wp-content\/uploads\/2020\/12\/IMG_20201229_145500_783-300x203.jpg\" alt=\"\" width=\"300\" height=\"203\" srcset=\"https:\/\/www.caudete.org\/ayuntamiento\/wp-content\/uploads\/2020\/12\/IMG_20201229_145500_783-300x203.jpg 300w, https:\/\/www.caudete.org\/ayuntamiento\/wp-content\/uploads\/2020\/12\/IMG_20201229_145500_783-768x519.jpg 768w, https:\/\/www.caudete.org\/ayuntamiento\/wp-content\/uploads\/2020\/12\/IMG_20201229_145500_783.jpg 991w\" sizes=\"(max-width: 300px) 100vw, 300px\" \/><\/p>\n<p>La Plaza Jos\u00e9 Ruiz Ruiz tendr\u00e1 un nuevo aspecto para el mes de Mayo de 2021, plazo en el que se prev\u00e9 est\u00e9n finalizadas las obras que en ella realizan los alumnos del Plan de Empleo RECUAL que el Ayuntamiento de Caudete tiene en marcha en estos momentos, con un coste aproximado para las arcas municipales de 50.000\u20ac<\/p>\n<p>Las obras dieron comienzo hace unos d\u00edas, donde alumnos y Monitor realizaban los primeros trabajos, consistentes en la demolici\u00f3n de pavimentos en aceras, mientras que el resto de demoliciones se realizaba con maquinaria pesada, tras el replanteo efectuado por los T\u00e9cnicos Municipales. La ejecuci\u00f3n de las obras se ha previsto en 4 fases diferenciadas para una mayor operatividad, facilidad de ejecuci\u00f3n y lo m\u00e1s importante, el m\u00ednimo impacto para vecinos, comercio y tr\u00e1fico de la calle.<\/p>\n<p>Con esta remodelaci\u00f3n, se persigue reordenar el espacio de la Plaza Jos\u00e9 Ruiz Ruiz, reestructurando en su conjunto la misma y optimiz\u00e1ndola, todo ello sin variar el sentido de circulaci\u00f3n del tr\u00e1fico rodado, y sin renunciar a los aparcamientos, a pesar de reducirse en n\u00famero. Se hace por tanto una fuerte apuesta por ampliar espacios destinados al peat\u00f3n, con amplitud de aceras, mobiliario urbano, la inclusi\u00f3n de arbolado y vegetaci\u00f3n en la misma. Se trata de una obra que gana en accesibilidad y seguridad para peatones, en dotar de espacio para el esparcimiento y paseo, y en generar espacios verdes en el casco urbano que adem\u00e1s de aportar frescura y colorido, genere espacio de descanso y contribuya con la compensaci\u00f3n de la huella de carbono y por tanto al freno del cambio clim\u00e1tico. Contar\u00e1 adem\u00e1s con aparcamiento reservado a minusv\u00e1lidos, y aparcamiento de carga y descarga para los comercios de la zona.<\/p>\n<p>La obra se centrar\u00e1 en la reurbanizaci\u00f3n del entorno, donde los trabajos de adoquinado y pavimentado ser\u00e1n los principales, a los que se a\u00f1aden trabajos de Jardiner\u00eda, Electricidad, Fontaner\u00eda y Pintura por parte de los Servicios Municipales de Parques y Jardines, y Obras. Se aprovechar\u00e1 la actuaci\u00f3n para proceder con la sustituci\u00f3n de la red de agua potable, a la que se a\u00f1adir\u00e1n la ubicaci\u00f3n de dos hidrantes (actuando como boca de incendio ante emergencias), e inclusi\u00f3n de camisas (tubos pasantes) para futuras instalaciones.<\/p>\n<p>El Plan de Empleo RECUAL viene a sustituir a los antiguos Talleres de Empleo, y est\u00e1n ganando cada vez m\u00e1s peso en las pol\u00edticas activas de empleo porque han demostrado ser efectivos a la hora de mejorar las posibilidades de encontrar un empleo para quienes participan en los mismos. As\u00ed, un total de 8 alumnos bajo el mando de 1 Monitor y 1 Coordinador estar\u00e1n durante 6 meses adquiriendo y poniendo en pr\u00e1ctica los conocimientos adquiridos.<\/p>\n<p>Enfocado principalmente a personas desempleadas mayores de 45 a\u00f1os, con responsabilidad familiar y procedentes del sector de la construcci\u00f3n,\u00a0 incluye la cotizaci\u00f3n al Fondo de Garant\u00eda Salarial y el Salario M\u00ednimo Interprofesional (SMI) de 900 euros para ofrecer \u201ccobertura y prestaciones\u201d. La convocatoria corresponde al a\u00f1o 2019, pero la demora en la tramitaci\u00f3n (concedido en Diciembre de 2019) sumado a la Pandemia del Coronavirus, su activaci\u00f3n fue autorizada para el \u00faltimo trimestre del a\u00f1o, dando comienzo en Caudete la \u00faltima semana de Noviembre.<\/p>\n<p>&nbsp;<\/p>\n<p>&nbsp;<\/p>\n<p>&nbsp;<\/p>\n<p>&nbsp;<\/p>\n<p>&nbsp;<\/p>\n","protected":false},"excerpt":{"rendered":"<p>La Plaza Jos\u00e9 Ruiz Ruiz tendr\u00e1 un nuevo aspecto para el mes de Mayo de 2021, plazo en el que se prev\u00e9 est\u00e9n finalizadas las obras que en ella realizan los alumnos del Plan de Empleo RECUAL que el Ayuntamiento de Caudete tiene en marcha en estos momentos, con un coste aproximado para las arcas &hellip;<\/p>\n","protected":false},"author":3,"featured_media":11284,"comment_status":"closed","ping_status":"open","sticky":false,"template":"","format":"standard","meta":{"ngg_post_thumbnail":0,"footnotes":""},"categories":[92],"tags":[182,181,180,177,178,175,176,174,179,183],"class_list":["post-11283","post","type-post","status-publish","format-standard","has-post-thumbnail","hentry","category-obras-y-urbanismo","tag-accesibilidad","tag-empleo","tag-formacion","tag-jose-ruiz-ruiz","tag-obras","tag-plan-de-empleo","tag-plaza","tag-recual","tag-urbanismo","tag-zonas-verdes"],"yoast_head":"<!-- This site is optimized with the Yoast SEO plugin v27.4 - https:\/\/yoast.com\/product\/yoast-seo-wordpress\/ -->\n<title>La Plaza Jos\u00e9 Ruiz Ruiz cambiar\u00e1 su aspecto con el RECUAL-2019 - MI Ayuntamiento de Caudete<\/title>\n<meta name=\"description\" content=\"P\u00e1gina Oficial del Ayuntamiento de Caudete (Albacete)\" \/>\n<meta name=\"robots\" content=\"index, follow, max-snippet:-1, max-image-preview:large, max-video-preview:-1\" \/>\n<link rel=\"canonical\" href=\"https:\/\/www.caudete.org\/ayuntamiento\/la-plaza-jose-ruiz-ruiz-cambiara-su-aspecto-con-el-recual-2019\/\" \/>\n<meta property=\"og:locale\" content=\"es_ES\" \/>\n<meta property=\"og:type\" content=\"article\" \/>\n<meta property=\"og:title\" content=\"La Plaza Jos\u00e9 Ruiz Ruiz cambiar\u00e1 su aspecto con el RECUAL-2019 - MI Ayuntamiento de Caudete\" \/>\n<meta property=\"og:description\" content=\"P\u00e1gina Oficial del Ayuntamiento de Caudete (Albacete)\" \/>\n<meta property=\"og:url\" content=\"https:\/\/www.caudete.org\/ayuntamiento\/la-plaza-jose-ruiz-ruiz-cambiara-su-aspecto-con-el-recual-2019\/\" \/>\n<meta property=\"og:site_name\" content=\"MI Ayuntamiento de Caudete\" \/>\n<meta property=\"article:publisher\" content=\"https:\/\/www.facebook.com\/ayuntamientocaudete\/\" \/>\n<meta property=\"article:published_time\" content=\"2020-12-29T14:50:04+00:00\" \/>\n<meta property=\"og:image\" content=\"https:\/\/www.caudete.org\/ayuntamiento\/wp-content\/uploads\/2020\/12\/IMG_20201229_145500_783.jpg\" \/>\n\t<meta property=\"og:image:width\" content=\"991\" \/>\n\t<meta property=\"og:image:height\" content=\"670\" \/>\n\t<meta property=\"og:image:type\" content=\"image\/jpeg\" \/>\n<meta name=\"author\" content=\"alcalde\" \/>\n<meta name=\"twitter:card\" content=\"summary_large_image\" \/>\n<meta name=\"twitter:label1\" content=\"Escrito por\" \/>\n\t<meta name=\"twitter:data1\" content=\"alcalde\" \/>\n\t<meta name=\"twitter:label2\" content=\"Tiempo de lectura\" \/>\n\t<meta name=\"twitter:data2\" content=\"3 minutos\" \/>\n<script type=\"application\/ld+json\" class=\"yoast-schema-graph\">{\"@context\":\"https:\\\/\\\/schema.org\",\"@graph\":[{\"@type\":\"Article\",\"@id\":\"https:\\\/\\\/www.caudete.org\\\/ayuntamiento\\\/la-plaza-jose-ruiz-ruiz-cambiara-su-aspecto-con-el-recual-2019\\\/#article\",\"isPartOf\":{\"@id\":\"https:\\\/\\\/www.caudete.org\\\/ayuntamiento\\\/la-plaza-jose-ruiz-ruiz-cambiara-su-aspecto-con-el-recual-2019\\\/\"},\"author\":{\"name\":\"alcalde\",\"@id\":\"https:\\\/\\\/www.caudete.org\\\/ayuntamiento\\\/#\\\/schema\\\/person\\\/cc646da9133078ee4d8dd47457947253\"},\"headline\":\"La Plaza Jos\u00e9 Ruiz Ruiz cambiar\u00e1 su aspecto con el RECUAL-2019\",\"datePublished\":\"2020-12-29T14:50:04+00:00\",\"mainEntityOfPage\":{\"@id\":\"https:\\\/\\\/www.caudete.org\\\/ayuntamiento\\\/la-plaza-jose-ruiz-ruiz-cambiara-su-aspecto-con-el-recual-2019\\\/\"},\"wordCount\":581,\"publisher\":{\"@id\":\"https:\\\/\\\/www.caudete.org\\\/ayuntamiento\\\/#organization\"},\"image\":{\"@id\":\"https:\\\/\\\/www.caudete.org\\\/ayuntamiento\\\/la-plaza-jose-ruiz-ruiz-cambiara-su-aspecto-con-el-recual-2019\\\/#primaryimage\"},\"thumbnailUrl\":\"https:\\\/\\\/www.caudete.org\\\/ayuntamiento\\\/wp-content\\\/uploads\\\/2020\\\/12\\\/IMG_20201229_145500_783.jpg\",\"keywords\":[\"Accesibilidad\",\"Empleo\",\"Formaci\u00f3n\",\"Jose Ruiz Ruiz\",\"Obras\",\"Plan de Empleo\",\"Plaza\",\"RECUAL\",\"Urbanismo\",\"Zonas Verdes\"],\"articleSection\":[\"Obras y Urbanismo\"],\"inLanguage\":\"es\"},{\"@type\":\"WebPage\",\"@id\":\"https:\\\/\\\/www.caudete.org\\\/ayuntamiento\\\/la-plaza-jose-ruiz-ruiz-cambiara-su-aspecto-con-el-recual-2019\\\/\",\"url\":\"https:\\\/\\\/www.caudete.org\\\/ayuntamiento\\\/la-plaza-jose-ruiz-ruiz-cambiara-su-aspecto-con-el-recual-2019\\\/\",\"name\":\"La Plaza Jos\u00e9 Ruiz Ruiz cambiar\u00e1 su aspecto con el RECUAL-2019 - MI Ayuntamiento de Caudete\",\"isPartOf\":{\"@id\":\"https:\\\/\\\/www.caudete.org\\\/ayuntamiento\\\/#website\"},\"primaryImageOfPage\":{\"@id\":\"https:\\\/\\\/www.caudete.org\\\/ayuntamiento\\\/la-plaza-jose-ruiz-ruiz-cambiara-su-aspecto-con-el-recual-2019\\\/#primaryimage\"},\"image\":{\"@id\":\"https:\\\/\\\/www.caudete.org\\\/ayuntamiento\\\/la-plaza-jose-ruiz-ruiz-cambiara-su-aspecto-con-el-recual-2019\\\/#primaryimage\"},\"thumbnailUrl\":\"https:\\\/\\\/www.caudete.org\\\/ayuntamiento\\\/wp-content\\\/uploads\\\/2020\\\/12\\\/IMG_20201229_145500_783.jpg\",\"datePublished\":\"2020-12-29T14:50:04+00:00\",\"description\":\"P\u00e1gina Oficial del Ayuntamiento de Caudete (Albacete)\",\"breadcrumb\":{\"@id\":\"https:\\\/\\\/www.caudete.org\\\/ayuntamiento\\\/la-plaza-jose-ruiz-ruiz-cambiara-su-aspecto-con-el-recual-2019\\\/#breadcrumb\"},\"inLanguage\":\"es\",\"potentialAction\":[{\"@type\":\"ReadAction\",\"target\":[\"https:\\\/\\\/www.caudete.org\\\/ayuntamiento\\\/la-plaza-jose-ruiz-ruiz-cambiara-su-aspecto-con-el-recual-2019\\\/\"]}]},{\"@type\":\"ImageObject\",\"inLanguage\":\"es\",\"@id\":\"https:\\\/\\\/www.caudete.org\\\/ayuntamiento\\\/la-plaza-jose-ruiz-ruiz-cambiara-su-aspecto-con-el-recual-2019\\\/#primaryimage\",\"url\":\"https:\\\/\\\/www.caudete.org\\\/ayuntamiento\\\/wp-content\\\/uploads\\\/2020\\\/12\\\/IMG_20201229_145500_783.jpg\",\"contentUrl\":\"https:\\\/\\\/www.caudete.org\\\/ayuntamiento\\\/wp-content\\\/uploads\\\/2020\\\/12\\\/IMG_20201229_145500_783.jpg\",\"width\":991,\"height\":670},{\"@type\":\"BreadcrumbList\",\"@id\":\"https:\\\/\\\/www.caudete.org\\\/ayuntamiento\\\/la-plaza-jose-ruiz-ruiz-cambiara-su-aspecto-con-el-recual-2019\\\/#breadcrumb\",\"itemListElement\":[{\"@type\":\"ListItem\",\"position\":1,\"name\":\"Inicio\",\"item\":\"https:\\\/\\\/www.caudete.org\\\/ayuntamiento\\\/\"},{\"@type\":\"ListItem\",\"position\":2,\"name\":\"La Plaza Jos\u00e9 Ruiz Ruiz cambiar\u00e1 su aspecto con el RECUAL-2019\"}]},{\"@type\":\"WebSite\",\"@id\":\"https:\\\/\\\/www.caudete.org\\\/ayuntamiento\\\/#website\",\"url\":\"https:\\\/\\\/www.caudete.org\\\/ayuntamiento\\\/\",\"name\":\"MI Ayuntamiento de Caudete\",\"description\":\"P\u00e1gina Oficial del MI Ayuntamiento de Caudete\",\"publisher\":{\"@id\":\"https:\\\/\\\/www.caudete.org\\\/ayuntamiento\\\/#organization\"},\"potentialAction\":[{\"@type\":\"SearchAction\",\"target\":{\"@type\":\"EntryPoint\",\"urlTemplate\":\"https:\\\/\\\/www.caudete.org\\\/ayuntamiento\\\/?s={search_term_string}\"},\"query-input\":{\"@type\":\"PropertyValueSpecification\",\"valueRequired\":true,\"valueName\":\"search_term_string\"}}],\"inLanguage\":\"es\"},{\"@type\":\"Organization\",\"@id\":\"https:\\\/\\\/www.caudete.org\\\/ayuntamiento\\\/#organization\",\"name\":\"Ayuntamiento de Caudete\",\"url\":\"https:\\\/\\\/www.caudete.org\\\/ayuntamiento\\\/\",\"logo\":{\"@type\":\"ImageObject\",\"inLanguage\":\"es\",\"@id\":\"https:\\\/\\\/www.caudete.org\\\/ayuntamiento\\\/#\\\/schema\\\/logo\\\/image\\\/\",\"url\":\"https:\\\/\\\/www.caudete.org\\\/ayuntamiento\\\/wp-content\\\/uploads\\\/2020\\\/11\\\/logo_ayuntamiento_caudete.jpg\",\"contentUrl\":\"https:\\\/\\\/www.caudete.org\\\/ayuntamiento\\\/wp-content\\\/uploads\\\/2020\\\/11\\\/logo_ayuntamiento_caudete.jpg\",\"width\":600,\"height\":150,\"caption\":\"Ayuntamiento de Caudete\"},\"image\":{\"@id\":\"https:\\\/\\\/www.caudete.org\\\/ayuntamiento\\\/#\\\/schema\\\/logo\\\/image\\\/\"},\"sameAs\":[\"https:\\\/\\\/www.facebook.com\\\/ayuntamientocaudete\\\/\",\"https:\\\/\\\/www.youtube.com\\\/channel\\\/UC6VztHaooNsGpw-tNoBEFnQ\"]},{\"@type\":\"Person\",\"@id\":\"https:\\\/\\\/www.caudete.org\\\/ayuntamiento\\\/#\\\/schema\\\/person\\\/cc646da9133078ee4d8dd47457947253\",\"name\":\"alcalde\",\"image\":{\"@type\":\"ImageObject\",\"inLanguage\":\"es\",\"@id\":\"https:\\\/\\\/secure.gravatar.com\\\/avatar\\\/84a817ba065b29ff08d666b215a215f5c79186a645ccb25b14a663d48a130f77?s=96&d=mm&r=g\",\"url\":\"https:\\\/\\\/secure.gravatar.com\\\/avatar\\\/84a817ba065b29ff08d666b215a215f5c79186a645ccb25b14a663d48a130f77?s=96&d=mm&r=g\",\"contentUrl\":\"https:\\\/\\\/secure.gravatar.com\\\/avatar\\\/84a817ba065b29ff08d666b215a215f5c79186a645ccb25b14a663d48a130f77?s=96&d=mm&r=g\",\"caption\":\"alcalde\"},\"url\":\"https:\\\/\\\/www.caudete.org\\\/ayuntamiento\\\/author\\\/alcalde\\\/\"}]}<\/script>\n<!-- \/ Yoast SEO plugin. -->","yoast_head_json":{"title":"La Plaza Jos\u00e9 Ruiz Ruiz cambiar\u00e1 su aspecto con el RECUAL-2019 - MI Ayuntamiento de Caudete","description":"P\u00e1gina Oficial del Ayuntamiento de Caudete (Albacete)","robots":{"index":"index","follow":"follow","max-snippet":"max-snippet:-1","max-image-preview":"max-image-preview:large","max-video-preview":"max-video-preview:-1"},"canonical":"https:\/\/www.caudete.org\/ayuntamiento\/la-plaza-jose-ruiz-ruiz-cambiara-su-aspecto-con-el-recual-2019\/","og_locale":"es_ES","og_type":"article","og_title":"La Plaza Jos\u00e9 Ruiz Ruiz cambiar\u00e1 su aspecto con el RECUAL-2019 - MI Ayuntamiento de Caudete","og_description":"P\u00e1gina Oficial del Ayuntamiento de Caudete (Albacete)","og_url":"https:\/\/www.caudete.org\/ayuntamiento\/la-plaza-jose-ruiz-ruiz-cambiara-su-aspecto-con-el-recual-2019\/","og_site_name":"MI Ayuntamiento de Caudete","article_publisher":"https:\/\/www.facebook.com\/ayuntamientocaudete\/","article_published_time":"2020-12-29T14:50:04+00:00","og_image":[{"width":991,"height":670,"url":"https:\/\/www.caudete.org\/ayuntamiento\/wp-content\/uploads\/2020\/12\/IMG_20201229_145500_783.jpg","type":"image\/jpeg"}],"author":"alcalde","twitter_card":"summary_large_image","twitter_misc":{"Escrito por":"alcalde","Tiempo de lectura":"3 minutos"},"schema":{"@context":"https:\/\/schema.org","@graph":[{"@type":"Article","@id":"https:\/\/www.caudete.org\/ayuntamiento\/la-plaza-jose-ruiz-ruiz-cambiara-su-aspecto-con-el-recual-2019\/#article","isPartOf":{"@id":"https:\/\/www.caudete.org\/ayuntamiento\/la-plaza-jose-ruiz-ruiz-cambiara-su-aspecto-con-el-recual-2019\/"},"author":{"name":"alcalde","@id":"https:\/\/www.caudete.org\/ayuntamiento\/#\/schema\/person\/cc646da9133078ee4d8dd47457947253"},"headline":"La Plaza Jos\u00e9 Ruiz Ruiz cambiar\u00e1 su aspecto con el RECUAL-2019","datePublished":"2020-12-29T14:50:04+00:00","mainEntityOfPage":{"@id":"https:\/\/www.caudete.org\/ayuntamiento\/la-plaza-jose-ruiz-ruiz-cambiara-su-aspecto-con-el-recual-2019\/"},"wordCount":581,"publisher":{"@id":"https:\/\/www.caudete.org\/ayuntamiento\/#organization"},"image":{"@id":"https:\/\/www.caudete.org\/ayuntamiento\/la-plaza-jose-ruiz-ruiz-cambiara-su-aspecto-con-el-recual-2019\/#primaryimage"},"thumbnailUrl":"https:\/\/www.caudete.org\/ayuntamiento\/wp-content\/uploads\/2020\/12\/IMG_20201229_145500_783.jpg","keywords":["Accesibilidad","Empleo","Formaci\u00f3n","Jose Ruiz Ruiz","Obras","Plan de Empleo","Plaza","RECUAL","Urbanismo","Zonas Verdes"],"articleSection":["Obras y Urbanismo"],"inLanguage":"es"},{"@type":"WebPage","@id":"https:\/\/www.caudete.org\/ayuntamiento\/la-plaza-jose-ruiz-ruiz-cambiara-su-aspecto-con-el-recual-2019\/","url":"https:\/\/www.caudete.org\/ayuntamiento\/la-plaza-jose-ruiz-ruiz-cambiara-su-aspecto-con-el-recual-2019\/","name":"La Plaza Jos\u00e9 Ruiz Ruiz cambiar\u00e1 su aspecto con el RECUAL-2019 - MI Ayuntamiento de Caudete","isPartOf":{"@id":"https:\/\/www.caudete.org\/ayuntamiento\/#website"},"primaryImageOfPage":{"@id":"https:\/\/www.caudete.org\/ayuntamiento\/la-plaza-jose-ruiz-ruiz-cambiara-su-aspecto-con-el-recual-2019\/#primaryimage"},"image":{"@id":"https:\/\/www.caudete.org\/ayuntamiento\/la-plaza-jose-ruiz-ruiz-cambiara-su-aspecto-con-el-recual-2019\/#primaryimage"},"thumbnailUrl":"https:\/\/www.caudete.org\/ayuntamiento\/wp-content\/uploads\/2020\/12\/IMG_20201229_145500_783.jpg","datePublished":"2020-12-29T14:50:04+00:00","description":"P\u00e1gina Oficial del Ayuntamiento de Caudete (Albacete)","breadcrumb":{"@id":"https:\/\/www.caudete.org\/ayuntamiento\/la-plaza-jose-ruiz-ruiz-cambiara-su-aspecto-con-el-recual-2019\/#breadcrumb"},"inLanguage":"es","potentialAction":[{"@type":"ReadAction","target":["https:\/\/www.caudete.org\/ayuntamiento\/la-plaza-jose-ruiz-ruiz-cambiara-su-aspecto-con-el-recual-2019\/"]}]},{"@type":"ImageObject","inLanguage":"es","@id":"https:\/\/www.caudete.org\/ayuntamiento\/la-plaza-jose-ruiz-ruiz-cambiara-su-aspecto-con-el-recual-2019\/#primaryimage","url":"https:\/\/www.caudete.org\/ayuntamiento\/wp-content\/uploads\/2020\/12\/IMG_20201229_145500_783.jpg","contentUrl":"https:\/\/www.caudete.org\/ayuntamiento\/wp-content\/uploads\/2020\/12\/IMG_20201229_145500_783.jpg","width":991,"height":670},{"@type":"BreadcrumbList","@id":"https:\/\/www.caudete.org\/ayuntamiento\/la-plaza-jose-ruiz-ruiz-cambiara-su-aspecto-con-el-recual-2019\/#breadcrumb","itemListElement":[{"@type":"ListItem","position":1,"name":"Inicio","item":"https:\/\/www.caudete.org\/ayuntamiento\/"},{"@type":"ListItem","position":2,"name":"La Plaza Jos\u00e9 Ruiz Ruiz cambiar\u00e1 su aspecto con el RECUAL-2019"}]},{"@type":"WebSite","@id":"https:\/\/www.caudete.org\/ayuntamiento\/#website","url":"https:\/\/www.caudete.org\/ayuntamiento\/","name":"MI Ayuntamiento de Caudete","description":"P\u00e1gina Oficial del MI Ayuntamiento de Caudete","publisher":{"@id":"https:\/\/www.caudete.org\/ayuntamiento\/#organization"},"potentialAction":[{"@type":"SearchAction","target":{"@type":"EntryPoint","urlTemplate":"https:\/\/www.caudete.org\/ayuntamiento\/?s={search_term_string}"},"query-input":{"@type":"PropertyValueSpecification","valueRequired":true,"valueName":"search_term_string"}}],"inLanguage":"es"},{"@type":"Organization","@id":"https:\/\/www.caudete.org\/ayuntamiento\/#organization","name":"Ayuntamiento de Caudete","url":"https:\/\/www.caudete.org\/ayuntamiento\/","logo":{"@type":"ImageObject","inLanguage":"es","@id":"https:\/\/www.caudete.org\/ayuntamiento\/#\/schema\/logo\/image\/","url":"https:\/\/www.caudete.org\/ayuntamiento\/wp-content\/uploads\/2020\/11\/logo_ayuntamiento_caudete.jpg","contentUrl":"https:\/\/www.caudete.org\/ayuntamiento\/wp-content\/uploads\/2020\/11\/logo_ayuntamiento_caudete.jpg","width":600,"height":150,"caption":"Ayuntamiento de Caudete"},"image":{"@id":"https:\/\/www.caudete.org\/ayuntamiento\/#\/schema\/logo\/image\/"},"sameAs":["https:\/\/www.facebook.com\/ayuntamientocaudete\/","https:\/\/www.youtube.com\/channel\/UC6VztHaooNsGpw-tNoBEFnQ"]},{"@type":"Person","@id":"https:\/\/www.caudete.org\/ayuntamiento\/#\/schema\/person\/cc646da9133078ee4d8dd47457947253","name":"alcalde","image":{"@type":"ImageObject","inLanguage":"es","@id":"https:\/\/secure.gravatar.com\/avatar\/84a817ba065b29ff08d666b215a215f5c79186a645ccb25b14a663d48a130f77?s=96&d=mm&r=g","url":"https:\/\/secure.gravatar.com\/avatar\/84a817ba065b29ff08d666b215a215f5c79186a645ccb25b14a663d48a130f77?s=96&d=mm&r=g","contentUrl":"https:\/\/secure.gravatar.com\/avatar\/84a817ba065b29ff08d666b215a215f5c79186a645ccb25b14a663d48a130f77?s=96&d=mm&r=g","caption":"alcalde"},"url":"https:\/\/www.caudete.org\/ayuntamiento\/author\/alcalde\/"}]}},"_links":{"self":[{"href":"https:\/\/www.caudete.org\/ayuntamiento\/wp-json\/wp\/v2\/posts\/11283","targetHints":{"allow":["GET"]}}],"collection":[{"href":"https:\/\/www.caudete.org\/ayuntamiento\/wp-json\/wp\/v2\/posts"}],"about":[{"href":"https:\/\/www.caudete.org\/ayuntamiento\/wp-json\/wp\/v2\/types\/post"}],"author":[{"embeddable":true,"href":"https:\/\/www.caudete.org\/ayuntamiento\/wp-json\/wp\/v2\/users\/3"}],"replies":[{"embeddable":true,"href":"https:\/\/www.caudete.org\/ayuntamiento\/wp-json\/wp\/v2\/comments?post=11283"}],"version-history":[{"count":1,"href":"https:\/\/www.caudete.org\/ayuntamiento\/wp-json\/wp\/v2\/posts\/11283\/revisions"}],"predecessor-version":[{"id":11285,"href":"https:\/\/www.caudete.org\/ayuntamiento\/wp-json\/wp\/v2\/posts\/11283\/revisions\/11285"}],"wp:featuredmedia":[{"embeddable":true,"href":"https:\/\/www.caudete.org\/ayuntamiento\/wp-json\/wp\/v2\/media\/11284"}],"wp:attachment":[{"href":"https:\/\/www.caudete.org\/ayuntamiento\/wp-json\/wp\/v2\/media?parent=11283"}],"wp:term":[{"taxonomy":"category","embeddable":true,"href":"https:\/\/www.caudete.org\/ayuntamiento\/wp-json\/wp\/v2\/categories?post=11283"},{"taxonomy":"post_tag","embeddable":true,"href":"https:\/\/www.caudete.org\/ayuntamiento\/wp-json\/wp\/v2\/tags?post=11283"}],"curies":[{"name":"wp","href":"https:\/\/api.w.org\/{rel}","templated":true}]}}