{"id":11334,"date":"2020-12-30T15:22:17","date_gmt":"2020-12-30T14:22:17","guid":{"rendered":"http:\/\/www.caudete.org\/ayuntamiento\/?p=11334"},"modified":"2020-12-30T23:22:03","modified_gmt":"2020-12-30T22:22:03","slug":"la-convocatoria-de-subvenciones-de-libre-concurrencia-reparte-14-029-e-entre-asociaciones-locales","status":"publish","type":"post","link":"https:\/\/www.caudete.org\/ayuntamiento\/la-convocatoria-de-subvenciones-de-libre-concurrencia-reparte-14-029-e-entre-asociaciones-locales\/","title":{"rendered":"La Convocatoria de Subvenciones de Libre Concurrencia reparte 14.029 \u20ac entre asociaciones locales"},"content":{"rendered":"<p style=\"text-align: justify;\">La Convocatoria 2020 de Subvenciones de Libre Concurrencia que el Ayuntamiento de Caudete publica todos los a\u00f1os como medio de colaboraci\u00f3n con el tejido asociativo local ha finalizado, repartiendo entre las solicitudes admitidas un total de 14.029&#8217;51 \u20ac, y en este momento ya se encuentran todas abonadas.<\/p>\n<p style=\"text-align: justify;\">El proceso, iniciado el 9 de Noviembre con el Dictamen favorable de la Comisi\u00f3n Informativa de Econom\u00eda y Hacienda, daba el pistoletazo de salida a un procedimiento que cuenta con diferentes fases: aprobaci\u00f3n por el Pleno Municipal, publicaci\u00f3n en el BOP, presentaci\u00f3n de solicitudes, resoluci\u00f3n provisional y plazo de alegaciones, resoluci\u00f3n definitiva y abono de las mismas.<\/p>\n<p style=\"text-align: justify;\">La convocatoria de 2020 llevaba aparejada un cr\u00e9dito disponible de 25.000\u20ac a repartir entre las \u00e1reas de Cultura, Social-SocioSanitario, Educaci\u00f3n, Juventud y Deportes, d\u00e1ndose la particularidad de que en \u00e9sta \u00faltima \u00e1rea no se present\u00f3 solicitud alguna de ayuda.<\/p>\n<p style=\"text-align: justify;\">As\u00ed pues, el desglose de beneficiarios por \u00e1reas y cuant\u00edas se refleja a continuaci\u00f3n, como extracto de la Resoluci\u00f3n de Alcald\u00eda n\u00ba2827 de 29\/12\/2020, la cual pueden consultar de forma \u00edntegra en el Tabl\u00f3n de Anuncios de la Sede Electr\u00f3nica del M. I. Ayuntamiento de Caudete: <a href=\"https:\/\/caudete.sedipualba.es\/tablondeanuncios\/anuncio.aspx?id=26275\" target=\"_blank\" rel=\"nofollow\">https:\/\/caudete.sedipualba.es\/tablondeanuncios\/anuncio.aspx?id=26275<\/a><\/p>\n<p>&nbsp;<\/p>\n<p style=\"text-align: center;\"><span style=\"text-decoration: underline;\"><strong>\u00c1rea de Cultura:<\/strong><\/span><\/p>\n<table class=\" aligncenter\" style=\"border-collapse: collapse; width: 54.0154%; height: 162px;\">\n<tbody>\n<tr style=\"height: 21px;\">\n<td style=\"width: 33.9793%; height: 21px;\"><strong>BENEFICIARIO<\/strong><\/td>\n<td style=\"width: 21.267%; height: 21px;\"><strong>IMPORTE CONCEDIDO (\u20ac)<\/strong><\/td>\n<\/tr>\n<tr style=\"height: 21px;\">\n<td style=\"width: 33.9793%; height: 21px;\">A. Taller de Arte Villa de Caudete<\/td>\n<td style=\"width: 21.267%; text-align: center; height: 21px;\">528&#8217;77<\/td>\n<\/tr>\n<tr style=\"height: 21px;\">\n<td style=\"width: 33.9793%; height: 21px;\">A. Annabeth<\/td>\n<td style=\"width: 21.267%; height: 21px; text-align: center;\">155&#8217;50<\/td>\n<\/tr>\n<tr style=\"height: 21px;\">\n<td style=\"width: 33.9793%; height: 21px;\">A. Cultural Amigos de la M\u00fasica<\/td>\n<td style=\"width: 21.267%; height: 21px; text-align: center;\">2.315&#8217;31<\/td>\n<\/tr>\n<tr style=\"height: 21px;\">\n<td style=\"width: 33.9793%; height: 21px;\">A. Cofrad\u00eda Sant\u00edsimo Cristo de la Ca\u00edda<\/td>\n<td style=\"width: 21.267%; height: 21px; text-align: center;\">227&#8217;70<\/td>\n<\/tr>\n<tr style=\"height: 28px;\">\n<td style=\"width: 33.9793%; height: 28px; text-align: right;\"><strong>TOTAL<\/strong><\/td>\n<td style=\"width: 21.267%; height: 28px; text-align: center;\"><strong>3.227&#8217;28<\/strong><\/td>\n<\/tr>\n<\/tbody>\n<\/table>\n<p>&nbsp;<\/p>\n<p style=\"text-align: center;\"><span style=\"text-decoration: underline;\"><strong>\u00c1rea Social-Sociosanitario:<\/strong><\/span><\/p>\n<table class=\" aligncenter\" style=\"border-collapse: collapse; width: 53.929%; height: 182px;\">\n<tbody>\n<tr style=\"height: 21px;\">\n<td style=\"width: 33.9793%; height: 21px;\"><strong>BENEFICIARIO<\/strong><\/td>\n<td style=\"width: 21.267%; height: 21px;\"><strong>IMPORTE CONCEDIDO (\u20ac)<\/strong><\/td>\n<\/tr>\n<tr style=\"height: 21px;\">\n<td style=\"width: 33.9793%; height: 21px;\">A. ACALUCA<\/td>\n<td style=\"width: 21.267%; text-align: center; height: 21px;\">1.530&#8217;26<\/td>\n<\/tr>\n<tr style=\"height: 21px;\">\n<td style=\"width: 33.9793%; height: 21px;\">A. AVANCE<\/td>\n<td style=\"width: 21.267%; height: 21px; text-align: center;\">685&#8217;40<\/td>\n<\/tr>\n<tr style=\"height: 21px;\">\n<td style=\"width: 33.9793%; height: 21px;\">A. Mujeres de Santa B\u00e1rbara<\/td>\n<td style=\"width: 21.267%; height: 21px; text-align: center;\">940&#8217;48<\/td>\n<\/tr>\n<tr style=\"height: 21px;\">\n<td style=\"width: 33.9793%; height: 21px;\">A. ALZHEIMER<\/td>\n<td style=\"width: 21.267%; height: 21px; text-align: center;\">2.999&#8217;99<\/td>\n<\/tr>\n<tr style=\"height: 21px;\">\n<td style=\"width: 33.9793%; height: 21px;\">A. ALZHEIMER<\/td>\n<td style=\"width: 21.267%; height: 21px; text-align: center;\">2.999&#8217;99<\/td>\n<\/tr>\n<tr style=\"height: 21px;\">\n<td style=\"width: 33.9793%; height: 21px; text-align: right;\"><strong>TOTAL<\/strong><\/td>\n<td style=\"width: 21.267%; height: 21px; text-align: center;\"><strong>9.156&#8217;12<\/strong><\/td>\n<\/tr>\n<\/tbody>\n<\/table>\n<p>&nbsp;<\/p>\n<p style=\"text-align: center;\"><span style=\"text-decoration: underline;\"><strong>\u00c1rea de Educaci\u00f3n:<\/strong><\/span><\/p>\n<table class=\" aligncenter\" style=\"border-collapse: collapse; width: 53.8426%; height: 129px;\">\n<tbody>\n<tr style=\"height: 21px;\">\n<td style=\"width: 33.9793%; height: 21px;\"><strong>BENEFICIARIO<\/strong><\/td>\n<td style=\"width: 21.267%; height: 21px;\"><strong>IMPORTE CONCEDIDO (\u20ac)<\/strong><\/td>\n<\/tr>\n<tr>\n<td style=\"width: 33.9793%;\">A. AMPA &#8220;Alc\u00e1zar y Serrano&#8221;<\/td>\n<td style=\"width: 21.267%; text-align: center;\">612&#8217;19<\/td>\n<\/tr>\n<tr style=\"height: 21px;\">\n<td style=\"width: 33.9793%; height: 21px;\">A. AMPA &#8220;Gloria Fuertes&#8221;<\/td>\n<td style=\"width: 21.267%; height: 21px; text-align: center;\">148&#8217;15<\/td>\n<\/tr>\n<tr style=\"height: 21px;\">\n<td style=\"width: 33.9793%; height: 21px;\">A. AMPA &#8220;El Paseo&#8221;<\/td>\n<td style=\"width: 21.267%; height: 21px; text-align: center;\">166&#8217;94<\/td>\n<\/tr>\n<tr style=\"height: 21px;\">\n<td style=\"width: 33.9793%; height: 21px; text-align: right;\"><strong>TOTAL<\/strong><\/td>\n<td style=\"width: 21.267%; height: 21px; text-align: center;\"><strong>927&#8217;28<\/strong><\/td>\n<\/tr>\n<\/tbody>\n<\/table>\n<p>&nbsp;<\/p>\n<p style=\"text-align: center;\"><span style=\"text-decoration: underline;\"><strong>\u00c1rea de Juventud:<\/strong><\/span><\/p>\n<table class=\" aligncenter\" style=\"border-collapse: collapse; width: 54.0366%;\">\n<tbody>\n<tr>\n<td style=\"width: 33.1311%;\"><strong>BENEFICIARIO<\/strong><\/td>\n<td style=\"width: 20.9602%;\"><strong>IMPORTE CONCEDIDO (\u20ac)<\/strong><\/td>\n<\/tr>\n<tr>\n<td style=\"width: 33.1311%; text-align: left;\">A. Cultural Amigos de la M\u00fasica<\/td>\n<td style=\"width: 20.9602%; text-align: center;\">718&#8217;83<\/td>\n<\/tr>\n<tr>\n<td style=\"width: 33.1311%; text-align: right;\"><strong>TOTAL<\/strong><\/td>\n<td style=\"width: 20.9602%; text-align: center;\"><strong>718&#8217;83<\/strong><\/td>\n<\/tr>\n<\/tbody>\n<\/table>\n<p style=\"text-align: center;\">\n","protected":false},"excerpt":{"rendered":"<p>La Convocatoria 2020 de Subvenciones de Libre Concurrencia que el Ayuntamiento de Caudete publica todos los a\u00f1os como medio de colaboraci\u00f3n con el tejido asociativo local ha finalizado, repartiendo entre las solicitudes admitidas un total de 14.029&#8217;51 \u20ac, y en este momento ya se encuentran todas abonadas. El proceso, iniciado el 9 de Noviembre con &hellip;<\/p>\n","protected":false},"author":3,"featured_media":11352,"comment_status":"closed","ping_status":"open","sticky":false,"template":"","format":"standard","meta":{"ngg_post_thumbnail":0,"footnotes":""},"categories":[60],"tags":[187,188,61],"class_list":["post-11334","post","type-post","status-publish","format-standard","has-post-thumbnail","hentry","category-asociaciones","tag-asociaciones","tag-libre-concurrencia","tag-subvenciones"],"yoast_head":"<!-- This site is optimized with the Yoast SEO plugin v27.5 - https:\/\/yoast.com\/product\/yoast-seo-wordpress\/ -->\n<title>La Convocatoria de Subvenciones de Libre Concurrencia reparte 14.029 \u20ac entre asociaciones locales - MI Ayuntamiento de Caudete<\/title>\n<meta name=\"description\" content=\"P\u00e1gina Oficial del Ayuntamiento de Caudete (Albacete)\" \/>\n<meta name=\"robots\" content=\"index, follow, max-snippet:-1, max-image-preview:large, max-video-preview:-1\" \/>\n<link rel=\"canonical\" href=\"https:\/\/www.caudete.org\/ayuntamiento\/la-convocatoria-de-subvenciones-de-libre-concurrencia-reparte-14-029-e-entre-asociaciones-locales\/\" \/>\n<meta property=\"og:locale\" content=\"es_ES\" \/>\n<meta property=\"og:type\" content=\"article\" \/>\n<meta property=\"og:title\" content=\"La Convocatoria de Subvenciones de Libre Concurrencia reparte 14.029 \u20ac entre asociaciones locales - MI Ayuntamiento de Caudete\" \/>\n<meta property=\"og:description\" content=\"P\u00e1gina Oficial del Ayuntamiento de Caudete (Albacete)\" \/>\n<meta property=\"og:url\" content=\"https:\/\/www.caudete.org\/ayuntamiento\/la-convocatoria-de-subvenciones-de-libre-concurrencia-reparte-14-029-e-entre-asociaciones-locales\/\" \/>\n<meta property=\"og:site_name\" content=\"MI Ayuntamiento de Caudete\" \/>\n<meta property=\"article:publisher\" content=\"https:\/\/www.facebook.com\/ayuntamientocaudete\/\" \/>\n<meta property=\"article:published_time\" content=\"2020-12-30T14:22:17+00:00\" \/>\n<meta property=\"article:modified_time\" content=\"2020-12-30T22:22:03+00:00\" \/>\n<meta property=\"og:image\" content=\"https:\/\/www.caudete.org\/ayuntamiento\/wp-content\/uploads\/2020\/12\/SUBVENCIONES-LIBRE-CONCURRENCIA-horizontalMAS-1.jpg\" \/>\n\t<meta property=\"og:image:width\" content=\"1920\" \/>\n\t<meta property=\"og:image:height\" content=\"958\" \/>\n\t<meta property=\"og:image:type\" content=\"image\/jpeg\" \/>\n<meta name=\"author\" content=\"alcalde\" \/>\n<meta name=\"twitter:card\" content=\"summary_large_image\" \/>\n<meta name=\"twitter:label1\" content=\"Escrito por\" \/>\n\t<meta name=\"twitter:data1\" content=\"alcalde\" \/>\n\t<meta name=\"twitter:label2\" content=\"Tiempo de lectura\" \/>\n\t<meta name=\"twitter:data2\" content=\"2 minutos\" \/>\n<script type=\"application\/ld+json\" class=\"yoast-schema-graph\">{\"@context\":\"https:\\\/\\\/schema.org\",\"@graph\":[{\"@type\":\"Article\",\"@id\":\"https:\\\/\\\/www.caudete.org\\\/ayuntamiento\\\/la-convocatoria-de-subvenciones-de-libre-concurrencia-reparte-14-029-e-entre-asociaciones-locales\\\/#article\",\"isPartOf\":{\"@id\":\"https:\\\/\\\/www.caudete.org\\\/ayuntamiento\\\/la-convocatoria-de-subvenciones-de-libre-concurrencia-reparte-14-029-e-entre-asociaciones-locales\\\/\"},\"author\":{\"name\":\"alcalde\",\"@id\":\"https:\\\/\\\/www.caudete.org\\\/ayuntamiento\\\/#\\\/schema\\\/person\\\/cc646da9133078ee4d8dd47457947253\"},\"headline\":\"La Convocatoria de Subvenciones de Libre Concurrencia reparte 14.029 \u20ac entre asociaciones locales\",\"datePublished\":\"2020-12-30T14:22:17+00:00\",\"dateModified\":\"2020-12-30T22:22:03+00:00\",\"mainEntityOfPage\":{\"@id\":\"https:\\\/\\\/www.caudete.org\\\/ayuntamiento\\\/la-convocatoria-de-subvenciones-de-libre-concurrencia-reparte-14-029-e-entre-asociaciones-locales\\\/\"},\"wordCount\":312,\"image\":{\"@id\":\"https:\\\/\\\/www.caudete.org\\\/ayuntamiento\\\/la-convocatoria-de-subvenciones-de-libre-concurrencia-reparte-14-029-e-entre-asociaciones-locales\\\/#primaryimage\"},\"thumbnailUrl\":\"https:\\\/\\\/www.caudete.org\\\/ayuntamiento\\\/wp-content\\\/uploads\\\/2020\\\/12\\\/SUBVENCIONES-LIBRE-CONCURRENCIA-horizontalMAS-1.jpg\",\"keywords\":[\"asociaciones\",\"libre concurrencia\",\"subvenciones\"],\"articleSection\":[\"Asociaciones\"],\"inLanguage\":\"es\"},{\"@type\":\"WebPage\",\"@id\":\"https:\\\/\\\/www.caudete.org\\\/ayuntamiento\\\/la-convocatoria-de-subvenciones-de-libre-concurrencia-reparte-14-029-e-entre-asociaciones-locales\\\/\",\"url\":\"https:\\\/\\\/www.caudete.org\\\/ayuntamiento\\\/la-convocatoria-de-subvenciones-de-libre-concurrencia-reparte-14-029-e-entre-asociaciones-locales\\\/\",\"name\":\"La Convocatoria de Subvenciones de Libre Concurrencia reparte 14.029 \u20ac entre asociaciones locales - MI Ayuntamiento de Caudete\",\"isPartOf\":{\"@id\":\"https:\\\/\\\/www.caudete.org\\\/ayuntamiento\\\/#website\"},\"primaryImageOfPage\":{\"@id\":\"https:\\\/\\\/www.caudete.org\\\/ayuntamiento\\\/la-convocatoria-de-subvenciones-de-libre-concurrencia-reparte-14-029-e-entre-asociaciones-locales\\\/#primaryimage\"},\"image\":{\"@id\":\"https:\\\/\\\/www.caudete.org\\\/ayuntamiento\\\/la-convocatoria-de-subvenciones-de-libre-concurrencia-reparte-14-029-e-entre-asociaciones-locales\\\/#primaryimage\"},\"thumbnailUrl\":\"https:\\\/\\\/www.caudete.org\\\/ayuntamiento\\\/wp-content\\\/uploads\\\/2020\\\/12\\\/SUBVENCIONES-LIBRE-CONCURRENCIA-horizontalMAS-1.jpg\",\"datePublished\":\"2020-12-30T14:22:17+00:00\",\"dateModified\":\"2020-12-30T22:22:03+00:00\",\"author\":{\"@id\":\"https:\\\/\\\/www.caudete.org\\\/ayuntamiento\\\/#\\\/schema\\\/person\\\/cc646da9133078ee4d8dd47457947253\"},\"description\":\"P\u00e1gina Oficial del Ayuntamiento de Caudete (Albacete)\",\"breadcrumb\":{\"@id\":\"https:\\\/\\\/www.caudete.org\\\/ayuntamiento\\\/la-convocatoria-de-subvenciones-de-libre-concurrencia-reparte-14-029-e-entre-asociaciones-locales\\\/#breadcrumb\"},\"inLanguage\":\"es\",\"potentialAction\":[{\"@type\":\"ReadAction\",\"target\":[\"https:\\\/\\\/www.caudete.org\\\/ayuntamiento\\\/la-convocatoria-de-subvenciones-de-libre-concurrencia-reparte-14-029-e-entre-asociaciones-locales\\\/\"]}]},{\"@type\":\"ImageObject\",\"inLanguage\":\"es\",\"@id\":\"https:\\\/\\\/www.caudete.org\\\/ayuntamiento\\\/la-convocatoria-de-subvenciones-de-libre-concurrencia-reparte-14-029-e-entre-asociaciones-locales\\\/#primaryimage\",\"url\":\"https:\\\/\\\/www.caudete.org\\\/ayuntamiento\\\/wp-content\\\/uploads\\\/2020\\\/12\\\/SUBVENCIONES-LIBRE-CONCURRENCIA-horizontalMAS-1.jpg\",\"contentUrl\":\"https:\\\/\\\/www.caudete.org\\\/ayuntamiento\\\/wp-content\\\/uploads\\\/2020\\\/12\\\/SUBVENCIONES-LIBRE-CONCURRENCIA-horizontalMAS-1.jpg\",\"width\":1920,\"height\":958},{\"@type\":\"BreadcrumbList\",\"@id\":\"https:\\\/\\\/www.caudete.org\\\/ayuntamiento\\\/la-convocatoria-de-subvenciones-de-libre-concurrencia-reparte-14-029-e-entre-asociaciones-locales\\\/#breadcrumb\",\"itemListElement\":[{\"@type\":\"ListItem\",\"position\":1,\"name\":\"Inicio\",\"item\":\"https:\\\/\\\/www.caudete.org\\\/ayuntamiento\\\/\"},{\"@type\":\"ListItem\",\"position\":2,\"name\":\"La Convocatoria de Subvenciones de Libre Concurrencia reparte 14.029 \u20ac entre asociaciones locales\"}]},{\"@type\":\"WebSite\",\"@id\":\"https:\\\/\\\/www.caudete.org\\\/ayuntamiento\\\/#website\",\"url\":\"https:\\\/\\\/www.caudete.org\\\/ayuntamiento\\\/\",\"name\":\"MI Ayuntamiento de Caudete\",\"description\":\"P\u00e1gina Oficial del MI Ayuntamiento de Caudete\",\"potentialAction\":[{\"@type\":\"SearchAction\",\"target\":{\"@type\":\"EntryPoint\",\"urlTemplate\":\"https:\\\/\\\/www.caudete.org\\\/ayuntamiento\\\/?s={search_term_string}\"},\"query-input\":{\"@type\":\"PropertyValueSpecification\",\"valueRequired\":true,\"valueName\":\"search_term_string\"}}],\"inLanguage\":\"es\"},{\"@type\":\"Person\",\"@id\":\"https:\\\/\\\/www.caudete.org\\\/ayuntamiento\\\/#\\\/schema\\\/person\\\/cc646da9133078ee4d8dd47457947253\",\"name\":\"alcalde\",\"image\":{\"@type\":\"ImageObject\",\"inLanguage\":\"es\",\"@id\":\"https:\\\/\\\/secure.gravatar.com\\\/avatar\\\/84a817ba065b29ff08d666b215a215f5c79186a645ccb25b14a663d48a130f77?s=96&d=mm&r=g\",\"url\":\"https:\\\/\\\/secure.gravatar.com\\\/avatar\\\/84a817ba065b29ff08d666b215a215f5c79186a645ccb25b14a663d48a130f77?s=96&d=mm&r=g\",\"contentUrl\":\"https:\\\/\\\/secure.gravatar.com\\\/avatar\\\/84a817ba065b29ff08d666b215a215f5c79186a645ccb25b14a663d48a130f77?s=96&d=mm&r=g\",\"caption\":\"alcalde\"},\"url\":\"https:\\\/\\\/www.caudete.org\\\/ayuntamiento\\\/author\\\/alcalde\\\/\"}]}<\/script>\n<!-- \/ Yoast SEO plugin. -->","yoast_head_json":{"title":"La Convocatoria de Subvenciones de Libre Concurrencia reparte 14.029 \u20ac entre asociaciones locales - MI Ayuntamiento de Caudete","description":"P\u00e1gina Oficial del Ayuntamiento de Caudete (Albacete)","robots":{"index":"index","follow":"follow","max-snippet":"max-snippet:-1","max-image-preview":"max-image-preview:large","max-video-preview":"max-video-preview:-1"},"canonical":"https:\/\/www.caudete.org\/ayuntamiento\/la-convocatoria-de-subvenciones-de-libre-concurrencia-reparte-14-029-e-entre-asociaciones-locales\/","og_locale":"es_ES","og_type":"article","og_title":"La Convocatoria de Subvenciones de Libre Concurrencia reparte 14.029 \u20ac entre asociaciones locales - MI Ayuntamiento de Caudete","og_description":"P\u00e1gina Oficial del Ayuntamiento de Caudete (Albacete)","og_url":"https:\/\/www.caudete.org\/ayuntamiento\/la-convocatoria-de-subvenciones-de-libre-concurrencia-reparte-14-029-e-entre-asociaciones-locales\/","og_site_name":"MI Ayuntamiento de Caudete","article_publisher":"https:\/\/www.facebook.com\/ayuntamientocaudete\/","article_published_time":"2020-12-30T14:22:17+00:00","article_modified_time":"2020-12-30T22:22:03+00:00","og_image":[{"width":1920,"height":958,"url":"https:\/\/www.caudete.org\/ayuntamiento\/wp-content\/uploads\/2020\/12\/SUBVENCIONES-LIBRE-CONCURRENCIA-horizontalMAS-1.jpg","type":"image\/jpeg"}],"author":"alcalde","twitter_card":"summary_large_image","twitter_misc":{"Escrito por":"alcalde","Tiempo de lectura":"2 minutos"},"schema":{"@context":"https:\/\/schema.org","@graph":[{"@type":"Article","@id":"https:\/\/www.caudete.org\/ayuntamiento\/la-convocatoria-de-subvenciones-de-libre-concurrencia-reparte-14-029-e-entre-asociaciones-locales\/#article","isPartOf":{"@id":"https:\/\/www.caudete.org\/ayuntamiento\/la-convocatoria-de-subvenciones-de-libre-concurrencia-reparte-14-029-e-entre-asociaciones-locales\/"},"author":{"name":"alcalde","@id":"https:\/\/www.caudete.org\/ayuntamiento\/#\/schema\/person\/cc646da9133078ee4d8dd47457947253"},"headline":"La Convocatoria de Subvenciones de Libre Concurrencia reparte 14.029 \u20ac entre asociaciones locales","datePublished":"2020-12-30T14:22:17+00:00","dateModified":"2020-12-30T22:22:03+00:00","mainEntityOfPage":{"@id":"https:\/\/www.caudete.org\/ayuntamiento\/la-convocatoria-de-subvenciones-de-libre-concurrencia-reparte-14-029-e-entre-asociaciones-locales\/"},"wordCount":312,"image":{"@id":"https:\/\/www.caudete.org\/ayuntamiento\/la-convocatoria-de-subvenciones-de-libre-concurrencia-reparte-14-029-e-entre-asociaciones-locales\/#primaryimage"},"thumbnailUrl":"https:\/\/www.caudete.org\/ayuntamiento\/wp-content\/uploads\/2020\/12\/SUBVENCIONES-LIBRE-CONCURRENCIA-horizontalMAS-1.jpg","keywords":["asociaciones","libre concurrencia","subvenciones"],"articleSection":["Asociaciones"],"inLanguage":"es"},{"@type":"WebPage","@id":"https:\/\/www.caudete.org\/ayuntamiento\/la-convocatoria-de-subvenciones-de-libre-concurrencia-reparte-14-029-e-entre-asociaciones-locales\/","url":"https:\/\/www.caudete.org\/ayuntamiento\/la-convocatoria-de-subvenciones-de-libre-concurrencia-reparte-14-029-e-entre-asociaciones-locales\/","name":"La Convocatoria de Subvenciones de Libre Concurrencia reparte 14.029 \u20ac entre asociaciones locales - MI Ayuntamiento de Caudete","isPartOf":{"@id":"https:\/\/www.caudete.org\/ayuntamiento\/#website"},"primaryImageOfPage":{"@id":"https:\/\/www.caudete.org\/ayuntamiento\/la-convocatoria-de-subvenciones-de-libre-concurrencia-reparte-14-029-e-entre-asociaciones-locales\/#primaryimage"},"image":{"@id":"https:\/\/www.caudete.org\/ayuntamiento\/la-convocatoria-de-subvenciones-de-libre-concurrencia-reparte-14-029-e-entre-asociaciones-locales\/#primaryimage"},"thumbnailUrl":"https:\/\/www.caudete.org\/ayuntamiento\/wp-content\/uploads\/2020\/12\/SUBVENCIONES-LIBRE-CONCURRENCIA-horizontalMAS-1.jpg","datePublished":"2020-12-30T14:22:17+00:00","dateModified":"2020-12-30T22:22:03+00:00","author":{"@id":"https:\/\/www.caudete.org\/ayuntamiento\/#\/schema\/person\/cc646da9133078ee4d8dd47457947253"},"description":"P\u00e1gina Oficial del Ayuntamiento de Caudete (Albacete)","breadcrumb":{"@id":"https:\/\/www.caudete.org\/ayuntamiento\/la-convocatoria-de-subvenciones-de-libre-concurrencia-reparte-14-029-e-entre-asociaciones-locales\/#breadcrumb"},"inLanguage":"es","potentialAction":[{"@type":"ReadAction","target":["https:\/\/www.caudete.org\/ayuntamiento\/la-convocatoria-de-subvenciones-de-libre-concurrencia-reparte-14-029-e-entre-asociaciones-locales\/"]}]},{"@type":"ImageObject","inLanguage":"es","@id":"https:\/\/www.caudete.org\/ayuntamiento\/la-convocatoria-de-subvenciones-de-libre-concurrencia-reparte-14-029-e-entre-asociaciones-locales\/#primaryimage","url":"https:\/\/www.caudete.org\/ayuntamiento\/wp-content\/uploads\/2020\/12\/SUBVENCIONES-LIBRE-CONCURRENCIA-horizontalMAS-1.jpg","contentUrl":"https:\/\/www.caudete.org\/ayuntamiento\/wp-content\/uploads\/2020\/12\/SUBVENCIONES-LIBRE-CONCURRENCIA-horizontalMAS-1.jpg","width":1920,"height":958},{"@type":"BreadcrumbList","@id":"https:\/\/www.caudete.org\/ayuntamiento\/la-convocatoria-de-subvenciones-de-libre-concurrencia-reparte-14-029-e-entre-asociaciones-locales\/#breadcrumb","itemListElement":[{"@type":"ListItem","position":1,"name":"Inicio","item":"https:\/\/www.caudete.org\/ayuntamiento\/"},{"@type":"ListItem","position":2,"name":"La Convocatoria de Subvenciones de Libre Concurrencia reparte 14.029 \u20ac entre asociaciones locales"}]},{"@type":"WebSite","@id":"https:\/\/www.caudete.org\/ayuntamiento\/#website","url":"https:\/\/www.caudete.org\/ayuntamiento\/","name":"MI Ayuntamiento de Caudete","description":"P\u00e1gina Oficial del MI Ayuntamiento de Caudete","potentialAction":[{"@type":"SearchAction","target":{"@type":"EntryPoint","urlTemplate":"https:\/\/www.caudete.org\/ayuntamiento\/?s={search_term_string}"},"query-input":{"@type":"PropertyValueSpecification","valueRequired":true,"valueName":"search_term_string"}}],"inLanguage":"es"},{"@type":"Person","@id":"https:\/\/www.caudete.org\/ayuntamiento\/#\/schema\/person\/cc646da9133078ee4d8dd47457947253","name":"alcalde","image":{"@type":"ImageObject","inLanguage":"es","@id":"https:\/\/secure.gravatar.com\/avatar\/84a817ba065b29ff08d666b215a215f5c79186a645ccb25b14a663d48a130f77?s=96&d=mm&r=g","url":"https:\/\/secure.gravatar.com\/avatar\/84a817ba065b29ff08d666b215a215f5c79186a645ccb25b14a663d48a130f77?s=96&d=mm&r=g","contentUrl":"https:\/\/secure.gravatar.com\/avatar\/84a817ba065b29ff08d666b215a215f5c79186a645ccb25b14a663d48a130f77?s=96&d=mm&r=g","caption":"alcalde"},"url":"https:\/\/www.caudete.org\/ayuntamiento\/author\/alcalde\/"}]}},"_links":{"self":[{"href":"https:\/\/www.caudete.org\/ayuntamiento\/wp-json\/wp\/v2\/posts\/11334","targetHints":{"allow":["GET"]}}],"collection":[{"href":"https:\/\/www.caudete.org\/ayuntamiento\/wp-json\/wp\/v2\/posts"}],"about":[{"href":"https:\/\/www.caudete.org\/ayuntamiento\/wp-json\/wp\/v2\/types\/post"}],"author":[{"embeddable":true,"href":"https:\/\/www.caudete.org\/ayuntamiento\/wp-json\/wp\/v2\/users\/3"}],"replies":[{"embeddable":true,"href":"https:\/\/www.caudete.org\/ayuntamiento\/wp-json\/wp\/v2\/comments?post=11334"}],"version-history":[{"count":6,"href":"https:\/\/www.caudete.org\/ayuntamiento\/wp-json\/wp\/v2\/posts\/11334\/revisions"}],"predecessor-version":[{"id":11367,"href":"https:\/\/www.caudete.org\/ayuntamiento\/wp-json\/wp\/v2\/posts\/11334\/revisions\/11367"}],"wp:featuredmedia":[{"embeddable":true,"href":"https:\/\/www.caudete.org\/ayuntamiento\/wp-json\/wp\/v2\/media\/11352"}],"wp:attachment":[{"href":"https:\/\/www.caudete.org\/ayuntamiento\/wp-json\/wp\/v2\/media?parent=11334"}],"wp:term":[{"taxonomy":"category","embeddable":true,"href":"https:\/\/www.caudete.org\/ayuntamiento\/wp-json\/wp\/v2\/categories?post=11334"},{"taxonomy":"post_tag","embeddable":true,"href":"https:\/\/www.caudete.org\/ayuntamiento\/wp-json\/wp\/v2\/tags?post=11334"}],"curies":[{"name":"wp","href":"https:\/\/api.w.org\/{rel}","templated":true}]}}