{"id":11341,"date":"2020-12-30T19:44:31","date_gmt":"2020-12-30T18:44:31","guid":{"rendered":"http:\/\/www.caudete.org\/ayuntamiento\/?p=11341"},"modified":"2020-12-30T20:23:08","modified_gmt":"2020-12-30T19:23:08","slug":"francisco-llorens-y-sonia-amoros-galardonados-en-la-i-edicion-del-premio-conde-de-san-carlos","status":"publish","type":"post","link":"https:\/\/www.caudete.org\/ayuntamiento\/francisco-llorens-y-sonia-amoros-galardonados-en-la-i-edicion-del-premio-conde-de-san-carlos\/","title":{"rendered":"Francisco Llorens y Sonia Amor\u00f3s, galardonados en la I Edici\u00f3n del PREMIO &#8220;CONDE DE SAN CARLOS&#8221;"},"content":{"rendered":"<p style=\"text-align: justify;\">La Concejal\u00eda de Educaci\u00f3n proced\u00eda el lunes 28 de Diciembre al fallo de la I Edici\u00f3n del Premio &#8220;Conde de San Carlos&#8221;, mediante el cual se pretende visibilizar y poner en valor, as\u00ed como premiar y divulgar entre la ciudadan\u00eda aquellos trabajos universitarios que estuviesen relacionados con Caudete, incentivando el estudio sobre el mismo. Con las dos categor\u00edas posibles, Trabajo Fin de Grado (TFG) y Trabajo Fin de M\u00e1ster (TFM) cualquier ciudadano que cumpliese con las estipulaciones fijadas en las bases, podr\u00edan acceder al Premio siempre que la nota m\u00ednima evaluada por la instituci\u00f3n universitaria fuese de 8 sobre 10.<\/p>\n<p style=\"text-align: justify;\">En la <strong>categor\u00eda de TFG<\/strong>, el joven caudetano <strong>Francisco Llorens Lucas<\/strong>, Graduado en Ciencias Ambientales por la Universidad Miguel Hern\u00e1ndez (UMH), con su trabajo <strong>&#8220;<em>An\u00e1lisis ambiental de las actividades mineras en el municipio de Caudete (Albacete)<\/em>&#8220;<\/strong>\u00a0 ha resultado Premiado con 300\u20ac y un Galard\u00f3n conmemorativo.<\/p>\n<p style=\"text-align: justify;\">En la<strong> categor\u00eda de TFM<\/strong>, la joven caudetana <strong>Sonia Amor\u00f3s Pag\u00e1n<\/strong>, Graduada en Periodismo y Comunicaci\u00f3n Audiovisual por la Universidad Rey Juan Carlos (URJ), y M\u00e1ster en Postproducci\u00f3n digital, por la Universidad Polit\u00e9cnica de Valencia, con su trabajo <em><strong>&#8220;Postproducci\u00f3n audiovisual y elaboraci\u00f3n de un producto audiovisual sobre la Capitan\u00eda de Moros de Caudete 2019&#8221;<\/strong><\/em> ha resultado Premiado con 400\u20ac y un Galard\u00f3n conmemorativo.<\/p>\n<p style=\"text-align: justify;\">Se prev\u00e9 para el mes de Enero, y siempre y cuando las condiciones sanitarias lo permitan, un Acto de Entrega de Premios en el Auditorio Municipal, donde los j\u00f3venes Premiados expondr\u00e1n p\u00fablicamente sus trabajos al p\u00fablico asistente. Igualmente, y tal y como recogen las Bases Rectoras, el Ayuntamiento se reserva el derecho de poder realizar la publicaci\u00f3n de los mismos en el plazo de 3 a\u00f1os<\/p>\n<p style=\"text-align: justify;\">El \u00f3rgano evaluador, compuesto por Alcalde, Archivera Municipal y T\u00e9cnico de Cultura, contaba con las vocal\u00edas externas de dos j\u00f3venes caudetanos profesionales en la materia, quienes han colaborado en realizar la baremaci\u00f3n de los trabajos con las premisas establecidas en las Bases Rectoras. En esta primera Edici\u00f3n, Mar\u00eda Victoria Albertos Mart\u00ednez y Roque Tom\u00e1s Bordallo han sido los expertos nombrados para colaborar en el fallo de los Premios.<\/p>\n<p style=\"text-align: justify;\">El Alcalde, Mois\u00e9s L\u00f3pez, gestor de la Concejal\u00eda de Educaci\u00f3n ha felicitado personalmente a los dos premiados, a la vez que agradecido la labor al conjunto del \u00f3rgano evaluador del Premio. Igualmente, ha resaltado la importancia de este tipo de iniciativas por parte del Consistorio, puesto que es una forma de contribuir al estudio de la localidad y a un mejor conocimiento del mismo, a la vez que poner en valor el importante colectivo de j\u00f3venes formados y cualificados que Caudete tiene, as\u00ed como el inter\u00e9s de los j\u00f3venes por los temas de su pueblo.<\/p>\n<p>&nbsp;<\/p>\n<style type=\"text\/css\">\n#foogallery-gallery-11362.fg-justified .fg-item { margin-right: 2px; margin-bottom: 2px; }\n#foogallery-gallery-11362.fg-justified .fg-image { height: 200px; }<\/style>\n\t\t\t<div class=\"foogallery foogallery-container foogallery-justified foogallery-lightbox-none fg-justified fg-ready fg-light fg-shadow-outline fg-loading-default fg-loaded-fade-in fg-caption-always fg-hover-fade fg-hover-zoom2\" id=\"foogallery-gallery-11362\" data-foogallery=\"{&quot;item&quot;:{&quot;showCaptionTitle&quot;:true,&quot;showCaptionDescription&quot;:false},&quot;lazy&quot;:true,&quot;paging&quot;:{&quot;type&quot;:&quot;dots&quot;,&quot;size&quot;:20,&quot;position&quot;:&quot;bottom&quot;,&quot;scrollToTop&quot;:false,&quot;output&quot;:&quot;html&quot;,&quot;theme&quot;:&quot;fg-light&quot;},&quot;template&quot;:{&quot;rowHeight&quot;:200,&quot;maxRowHeight&quot;:300,&quot;margins&quot;:2,&quot;align&quot;:&quot;center&quot;,&quot;lastRow&quot;:&quot;smart&quot;}}\" style=\"--fg-title-line-clamp: 0; --fg-description-line-clamp: 0;\" >\n\t<div class=\"fg-item fg-type-image fg-idle\"><figure class=\"fg-item-inner\"><a href=\"https:\/\/www.caudete.org\/ayuntamiento\/wp-content\/uploads\/2020\/12\/IMG_20201230_175327_521-2-e1609354452680.jpg\" data-attachment-id=\"11357\" data-e-disable-page-transition=\"true\" data-type=\"image\" class=\"fg-thumb\"><span class=\"fg-image-wrap\"><img fetchpriority=\"high\" decoding=\"async\" height=\"300\" width=\"429\" class=\"skip-lazy fg-image\" data-src-fg=\"https:\/\/www.caudete.org\/ayuntamiento\/wp-content\/uploads\/cache\/2020\/12\/IMG_20201230_175327_521-2-e1609354452680\/582850908.jpg\" src=\"data:image\/svg+xml,%3Csvg%20xmlns%3D%22http%3A%2F%2Fwww.w3.org%2F2000%2Fsvg%22%20width%3D%22429%22%20height%3D%22300%22%20viewBox%3D%220%200%20429%20300%22%3E%3C%2Fsvg%3E\" loading=\"eager\"><\/span><span class=\"fg-image-overlay\"><\/span><\/a><\/figure><div class=\"fg-loader\"><\/div><\/div><div class=\"fg-item fg-type-image fg-idle\"><figure class=\"fg-item-inner\"><a href=\"https:\/\/www.caudete.org\/ayuntamiento\/wp-content\/uploads\/2020\/12\/IMG_20201230_175346_362.jpg\" data-attachment-id=\"11343\" data-e-disable-page-transition=\"true\" data-type=\"image\" class=\"fg-thumb\"><span class=\"fg-image-wrap\"><img decoding=\"async\" height=\"300\" width=\"211\" class=\"skip-lazy fg-image\" data-src-fg=\"https:\/\/www.caudete.org\/ayuntamiento\/wp-content\/uploads\/cache\/2020\/12\/IMG_20201230_175346_362\/875335542.jpg\" src=\"data:image\/svg+xml,%3Csvg%20xmlns%3D%22http%3A%2F%2Fwww.w3.org%2F2000%2Fsvg%22%20width%3D%22211%22%20height%3D%22300%22%20viewBox%3D%220%200%20211%20300%22%3E%3C%2Fsvg%3E\" loading=\"eager\"><\/span><span class=\"fg-image-overlay\"><\/span><\/a><\/figure><div class=\"fg-loader\"><\/div><\/div><div class=\"fg-item fg-type-image fg-idle\"><figure class=\"fg-item-inner\"><a href=\"https:\/\/www.caudete.org\/ayuntamiento\/wp-content\/uploads\/2020\/12\/IMG_20201230_175406_351.jpg\" data-attachment-id=\"11344\" data-e-disable-page-transition=\"true\" data-type=\"image\" class=\"fg-thumb\"><span class=\"fg-image-wrap\"><img decoding=\"async\" height=\"300\" width=\"210\" class=\"skip-lazy fg-image\" data-src-fg=\"https:\/\/www.caudete.org\/ayuntamiento\/wp-content\/uploads\/cache\/2020\/12\/IMG_20201230_175406_351\/3217003095.jpg\" src=\"data:image\/svg+xml,%3Csvg%20xmlns%3D%22http%3A%2F%2Fwww.w3.org%2F2000%2Fsvg%22%20width%3D%22210%22%20height%3D%22300%22%20viewBox%3D%220%200%20210%20300%22%3E%3C%2Fsvg%3E\" loading=\"eager\"><\/span><span class=\"fg-image-overlay\"><\/span><\/a><\/figure><div class=\"fg-loader\"><\/div><\/div><\/div>\n\n<p>&nbsp;<\/p>\n<p>&nbsp;<\/p>\n","protected":false},"excerpt":{"rendered":"<p>La Concejal\u00eda de Educaci\u00f3n proced\u00eda el lunes 28 de Diciembre al fallo de la I Edici\u00f3n del Premio &#8220;Conde de San Carlos&#8221;, mediante el cual se pretende visibilizar y poner en valor, as\u00ed como premiar y divulgar entre la ciudadan\u00eda aquellos trabajos universitarios que estuviesen relacionados con Caudete, incentivando el estudio sobre el mismo. Con &hellip;<\/p>\n","protected":false},"author":3,"featured_media":11365,"comment_status":"closed","ping_status":"open","sticky":false,"template":"","format":"standard","meta":{"ngg_post_thumbnail":0,"footnotes":""},"categories":[25],"tags":[190,189,191],"class_list":["post-11341","post","type-post","status-publish","format-standard","has-post-thumbnail","hentry","category-educacion","tag-conde-de-san-carlos","tag-premio","tag-universitarios"],"yoast_head":"<!-- This site is optimized with the Yoast SEO plugin v27.4 - https:\/\/yoast.com\/product\/yoast-seo-wordpress\/ -->\n<title>Francisco Llorens y Sonia Amor\u00f3s, galardonados en la I Edici\u00f3n del PREMIO &quot;CONDE DE SAN CARLOS&quot; - MI Ayuntamiento de Caudete<\/title>\n<meta name=\"description\" content=\"P\u00e1gina Oficial del Ayuntamiento de Caudete (Albacete)\" \/>\n<meta name=\"robots\" content=\"index, follow, max-snippet:-1, max-image-preview:large, max-video-preview:-1\" \/>\n<link rel=\"canonical\" href=\"https:\/\/www.caudete.org\/ayuntamiento\/francisco-llorens-y-sonia-amoros-galardonados-en-la-i-edicion-del-premio-conde-de-san-carlos\/\" \/>\n<meta property=\"og:locale\" content=\"es_ES\" \/>\n<meta property=\"og:type\" content=\"article\" \/>\n<meta property=\"og:title\" content=\"Francisco Llorens y Sonia Amor\u00f3s, galardonados en la I Edici\u00f3n del PREMIO &quot;CONDE DE SAN CARLOS&quot; - MI Ayuntamiento de Caudete\" \/>\n<meta property=\"og:description\" content=\"P\u00e1gina Oficial del Ayuntamiento de Caudete (Albacete)\" \/>\n<meta property=\"og:url\" content=\"https:\/\/www.caudete.org\/ayuntamiento\/francisco-llorens-y-sonia-amoros-galardonados-en-la-i-edicion-del-premio-conde-de-san-carlos\/\" \/>\n<meta property=\"og:site_name\" content=\"MI Ayuntamiento de Caudete\" \/>\n<meta property=\"article:publisher\" content=\"https:\/\/www.facebook.com\/ayuntamientocaudete\/\" \/>\n<meta property=\"article:published_time\" content=\"2020-12-30T18:44:31+00:00\" \/>\n<meta property=\"article:modified_time\" content=\"2020-12-30T19:23:08+00:00\" \/>\n<meta property=\"og:image\" content=\"https:\/\/www.caudete.org\/ayuntamiento\/wp-content\/uploads\/2020\/12\/PREMIO-CONDE-SAN-CARLOS-1.jpg\" \/>\n\t<meta property=\"og:image:width\" content=\"1920\" \/>\n\t<meta property=\"og:image:height\" content=\"958\" \/>\n\t<meta property=\"og:image:type\" content=\"image\/jpeg\" \/>\n<meta name=\"author\" content=\"alcalde\" \/>\n<meta name=\"twitter:card\" content=\"summary_large_image\" \/>\n<meta name=\"twitter:label1\" content=\"Escrito por\" \/>\n\t<meta name=\"twitter:data1\" content=\"alcalde\" \/>\n\t<meta name=\"twitter:label2\" content=\"Tiempo de lectura\" \/>\n\t<meta name=\"twitter:data2\" content=\"2 minutos\" \/>\n<script type=\"application\/ld+json\" class=\"yoast-schema-graph\">{\"@context\":\"https:\\\/\\\/schema.org\",\"@graph\":[{\"@type\":\"Article\",\"@id\":\"https:\\\/\\\/www.caudete.org\\\/ayuntamiento\\\/francisco-llorens-y-sonia-amoros-galardonados-en-la-i-edicion-del-premio-conde-de-san-carlos\\\/#article\",\"isPartOf\":{\"@id\":\"https:\\\/\\\/www.caudete.org\\\/ayuntamiento\\\/francisco-llorens-y-sonia-amoros-galardonados-en-la-i-edicion-del-premio-conde-de-san-carlos\\\/\"},\"author\":{\"name\":\"alcalde\",\"@id\":\"https:\\\/\\\/www.caudete.org\\\/ayuntamiento\\\/#\\\/schema\\\/person\\\/cc646da9133078ee4d8dd47457947253\"},\"headline\":\"Francisco Llorens y Sonia Amor\u00f3s, galardonados en la I Edici\u00f3n del PREMIO &#8220;CONDE DE SAN CARLOS&#8221;\",\"datePublished\":\"2020-12-30T18:44:31+00:00\",\"dateModified\":\"2020-12-30T19:23:08+00:00\",\"mainEntityOfPage\":{\"@id\":\"https:\\\/\\\/www.caudete.org\\\/ayuntamiento\\\/francisco-llorens-y-sonia-amoros-galardonados-en-la-i-edicion-del-premio-conde-de-san-carlos\\\/\"},\"wordCount\":499,\"publisher\":{\"@id\":\"https:\\\/\\\/www.caudete.org\\\/ayuntamiento\\\/#organization\"},\"image\":{\"@id\":\"https:\\\/\\\/www.caudete.org\\\/ayuntamiento\\\/francisco-llorens-y-sonia-amoros-galardonados-en-la-i-edicion-del-premio-conde-de-san-carlos\\\/#primaryimage\"},\"thumbnailUrl\":\"https:\\\/\\\/www.caudete.org\\\/ayuntamiento\\\/wp-content\\\/uploads\\\/2020\\\/12\\\/PREMIO-CONDE-SAN-CARLOS-1.jpg\",\"keywords\":[\"conde de san carlos\",\"premio\",\"universitarios\"],\"articleSection\":[\"Educaci\u00f3n\"],\"inLanguage\":\"es\"},{\"@type\":\"WebPage\",\"@id\":\"https:\\\/\\\/www.caudete.org\\\/ayuntamiento\\\/francisco-llorens-y-sonia-amoros-galardonados-en-la-i-edicion-del-premio-conde-de-san-carlos\\\/\",\"url\":\"https:\\\/\\\/www.caudete.org\\\/ayuntamiento\\\/francisco-llorens-y-sonia-amoros-galardonados-en-la-i-edicion-del-premio-conde-de-san-carlos\\\/\",\"name\":\"Francisco Llorens y Sonia Amor\u00f3s, galardonados en la I Edici\u00f3n del PREMIO \\\"CONDE DE SAN CARLOS\\\" - MI Ayuntamiento de Caudete\",\"isPartOf\":{\"@id\":\"https:\\\/\\\/www.caudete.org\\\/ayuntamiento\\\/#website\"},\"primaryImageOfPage\":{\"@id\":\"https:\\\/\\\/www.caudete.org\\\/ayuntamiento\\\/francisco-llorens-y-sonia-amoros-galardonados-en-la-i-edicion-del-premio-conde-de-san-carlos\\\/#primaryimage\"},\"image\":{\"@id\":\"https:\\\/\\\/www.caudete.org\\\/ayuntamiento\\\/francisco-llorens-y-sonia-amoros-galardonados-en-la-i-edicion-del-premio-conde-de-san-carlos\\\/#primaryimage\"},\"thumbnailUrl\":\"https:\\\/\\\/www.caudete.org\\\/ayuntamiento\\\/wp-content\\\/uploads\\\/2020\\\/12\\\/PREMIO-CONDE-SAN-CARLOS-1.jpg\",\"datePublished\":\"2020-12-30T18:44:31+00:00\",\"dateModified\":\"2020-12-30T19:23:08+00:00\",\"description\":\"P\u00e1gina Oficial del Ayuntamiento de Caudete (Albacete)\",\"breadcrumb\":{\"@id\":\"https:\\\/\\\/www.caudete.org\\\/ayuntamiento\\\/francisco-llorens-y-sonia-amoros-galardonados-en-la-i-edicion-del-premio-conde-de-san-carlos\\\/#breadcrumb\"},\"inLanguage\":\"es\",\"potentialAction\":[{\"@type\":\"ReadAction\",\"target\":[\"https:\\\/\\\/www.caudete.org\\\/ayuntamiento\\\/francisco-llorens-y-sonia-amoros-galardonados-en-la-i-edicion-del-premio-conde-de-san-carlos\\\/\"]}]},{\"@type\":\"ImageObject\",\"inLanguage\":\"es\",\"@id\":\"https:\\\/\\\/www.caudete.org\\\/ayuntamiento\\\/francisco-llorens-y-sonia-amoros-galardonados-en-la-i-edicion-del-premio-conde-de-san-carlos\\\/#primaryimage\",\"url\":\"https:\\\/\\\/www.caudete.org\\\/ayuntamiento\\\/wp-content\\\/uploads\\\/2020\\\/12\\\/PREMIO-CONDE-SAN-CARLOS-1.jpg\",\"contentUrl\":\"https:\\\/\\\/www.caudete.org\\\/ayuntamiento\\\/wp-content\\\/uploads\\\/2020\\\/12\\\/PREMIO-CONDE-SAN-CARLOS-1.jpg\",\"width\":1920,\"height\":958},{\"@type\":\"BreadcrumbList\",\"@id\":\"https:\\\/\\\/www.caudete.org\\\/ayuntamiento\\\/francisco-llorens-y-sonia-amoros-galardonados-en-la-i-edicion-del-premio-conde-de-san-carlos\\\/#breadcrumb\",\"itemListElement\":[{\"@type\":\"ListItem\",\"position\":1,\"name\":\"Inicio\",\"item\":\"https:\\\/\\\/www.caudete.org\\\/ayuntamiento\\\/\"},{\"@type\":\"ListItem\",\"position\":2,\"name\":\"Francisco Llorens y Sonia Amor\u00f3s, galardonados en la I Edici\u00f3n del PREMIO &#8220;CONDE DE SAN CARLOS&#8221;\"}]},{\"@type\":\"WebSite\",\"@id\":\"https:\\\/\\\/www.caudete.org\\\/ayuntamiento\\\/#website\",\"url\":\"https:\\\/\\\/www.caudete.org\\\/ayuntamiento\\\/\",\"name\":\"MI Ayuntamiento de Caudete\",\"description\":\"P\u00e1gina Oficial del MI Ayuntamiento de Caudete\",\"publisher\":{\"@id\":\"https:\\\/\\\/www.caudete.org\\\/ayuntamiento\\\/#organization\"},\"potentialAction\":[{\"@type\":\"SearchAction\",\"target\":{\"@type\":\"EntryPoint\",\"urlTemplate\":\"https:\\\/\\\/www.caudete.org\\\/ayuntamiento\\\/?s={search_term_string}\"},\"query-input\":{\"@type\":\"PropertyValueSpecification\",\"valueRequired\":true,\"valueName\":\"search_term_string\"}}],\"inLanguage\":\"es\"},{\"@type\":\"Organization\",\"@id\":\"https:\\\/\\\/www.caudete.org\\\/ayuntamiento\\\/#organization\",\"name\":\"Ayuntamiento de Caudete\",\"url\":\"https:\\\/\\\/www.caudete.org\\\/ayuntamiento\\\/\",\"logo\":{\"@type\":\"ImageObject\",\"inLanguage\":\"es\",\"@id\":\"https:\\\/\\\/www.caudete.org\\\/ayuntamiento\\\/#\\\/schema\\\/logo\\\/image\\\/\",\"url\":\"https:\\\/\\\/www.caudete.org\\\/ayuntamiento\\\/wp-content\\\/uploads\\\/2020\\\/11\\\/logo_ayuntamiento_caudete.jpg\",\"contentUrl\":\"https:\\\/\\\/www.caudete.org\\\/ayuntamiento\\\/wp-content\\\/uploads\\\/2020\\\/11\\\/logo_ayuntamiento_caudete.jpg\",\"width\":600,\"height\":150,\"caption\":\"Ayuntamiento de Caudete\"},\"image\":{\"@id\":\"https:\\\/\\\/www.caudete.org\\\/ayuntamiento\\\/#\\\/schema\\\/logo\\\/image\\\/\"},\"sameAs\":[\"https:\\\/\\\/www.facebook.com\\\/ayuntamientocaudete\\\/\",\"https:\\\/\\\/www.youtube.com\\\/channel\\\/UC6VztHaooNsGpw-tNoBEFnQ\"]},{\"@type\":\"Person\",\"@id\":\"https:\\\/\\\/www.caudete.org\\\/ayuntamiento\\\/#\\\/schema\\\/person\\\/cc646da9133078ee4d8dd47457947253\",\"name\":\"alcalde\",\"image\":{\"@type\":\"ImageObject\",\"inLanguage\":\"es\",\"@id\":\"https:\\\/\\\/secure.gravatar.com\\\/avatar\\\/84a817ba065b29ff08d666b215a215f5c79186a645ccb25b14a663d48a130f77?s=96&d=mm&r=g\",\"url\":\"https:\\\/\\\/secure.gravatar.com\\\/avatar\\\/84a817ba065b29ff08d666b215a215f5c79186a645ccb25b14a663d48a130f77?s=96&d=mm&r=g\",\"contentUrl\":\"https:\\\/\\\/secure.gravatar.com\\\/avatar\\\/84a817ba065b29ff08d666b215a215f5c79186a645ccb25b14a663d48a130f77?s=96&d=mm&r=g\",\"caption\":\"alcalde\"},\"url\":\"https:\\\/\\\/www.caudete.org\\\/ayuntamiento\\\/author\\\/alcalde\\\/\"}]}<\/script>\n<!-- \/ Yoast SEO plugin. -->","yoast_head_json":{"title":"Francisco Llorens y Sonia Amor\u00f3s, galardonados en la I Edici\u00f3n del PREMIO \"CONDE DE SAN CARLOS\" - MI Ayuntamiento de Caudete","description":"P\u00e1gina Oficial del Ayuntamiento de Caudete (Albacete)","robots":{"index":"index","follow":"follow","max-snippet":"max-snippet:-1","max-image-preview":"max-image-preview:large","max-video-preview":"max-video-preview:-1"},"canonical":"https:\/\/www.caudete.org\/ayuntamiento\/francisco-llorens-y-sonia-amoros-galardonados-en-la-i-edicion-del-premio-conde-de-san-carlos\/","og_locale":"es_ES","og_type":"article","og_title":"Francisco Llorens y Sonia Amor\u00f3s, galardonados en la I Edici\u00f3n del PREMIO \"CONDE DE SAN CARLOS\" - MI Ayuntamiento de Caudete","og_description":"P\u00e1gina Oficial del Ayuntamiento de Caudete (Albacete)","og_url":"https:\/\/www.caudete.org\/ayuntamiento\/francisco-llorens-y-sonia-amoros-galardonados-en-la-i-edicion-del-premio-conde-de-san-carlos\/","og_site_name":"MI Ayuntamiento de Caudete","article_publisher":"https:\/\/www.facebook.com\/ayuntamientocaudete\/","article_published_time":"2020-12-30T18:44:31+00:00","article_modified_time":"2020-12-30T19:23:08+00:00","og_image":[{"width":1920,"height":958,"url":"https:\/\/www.caudete.org\/ayuntamiento\/wp-content\/uploads\/2020\/12\/PREMIO-CONDE-SAN-CARLOS-1.jpg","type":"image\/jpeg"}],"author":"alcalde","twitter_card":"summary_large_image","twitter_misc":{"Escrito por":"alcalde","Tiempo de lectura":"2 minutos"},"schema":{"@context":"https:\/\/schema.org","@graph":[{"@type":"Article","@id":"https:\/\/www.caudete.org\/ayuntamiento\/francisco-llorens-y-sonia-amoros-galardonados-en-la-i-edicion-del-premio-conde-de-san-carlos\/#article","isPartOf":{"@id":"https:\/\/www.caudete.org\/ayuntamiento\/francisco-llorens-y-sonia-amoros-galardonados-en-la-i-edicion-del-premio-conde-de-san-carlos\/"},"author":{"name":"alcalde","@id":"https:\/\/www.caudete.org\/ayuntamiento\/#\/schema\/person\/cc646da9133078ee4d8dd47457947253"},"headline":"Francisco Llorens y Sonia Amor\u00f3s, galardonados en la I Edici\u00f3n del PREMIO &#8220;CONDE DE SAN CARLOS&#8221;","datePublished":"2020-12-30T18:44:31+00:00","dateModified":"2020-12-30T19:23:08+00:00","mainEntityOfPage":{"@id":"https:\/\/www.caudete.org\/ayuntamiento\/francisco-llorens-y-sonia-amoros-galardonados-en-la-i-edicion-del-premio-conde-de-san-carlos\/"},"wordCount":499,"publisher":{"@id":"https:\/\/www.caudete.org\/ayuntamiento\/#organization"},"image":{"@id":"https:\/\/www.caudete.org\/ayuntamiento\/francisco-llorens-y-sonia-amoros-galardonados-en-la-i-edicion-del-premio-conde-de-san-carlos\/#primaryimage"},"thumbnailUrl":"https:\/\/www.caudete.org\/ayuntamiento\/wp-content\/uploads\/2020\/12\/PREMIO-CONDE-SAN-CARLOS-1.jpg","keywords":["conde de san carlos","premio","universitarios"],"articleSection":["Educaci\u00f3n"],"inLanguage":"es"},{"@type":"WebPage","@id":"https:\/\/www.caudete.org\/ayuntamiento\/francisco-llorens-y-sonia-amoros-galardonados-en-la-i-edicion-del-premio-conde-de-san-carlos\/","url":"https:\/\/www.caudete.org\/ayuntamiento\/francisco-llorens-y-sonia-amoros-galardonados-en-la-i-edicion-del-premio-conde-de-san-carlos\/","name":"Francisco Llorens y Sonia Amor\u00f3s, galardonados en la I Edici\u00f3n del PREMIO \"CONDE DE SAN CARLOS\" - MI Ayuntamiento de Caudete","isPartOf":{"@id":"https:\/\/www.caudete.org\/ayuntamiento\/#website"},"primaryImageOfPage":{"@id":"https:\/\/www.caudete.org\/ayuntamiento\/francisco-llorens-y-sonia-amoros-galardonados-en-la-i-edicion-del-premio-conde-de-san-carlos\/#primaryimage"},"image":{"@id":"https:\/\/www.caudete.org\/ayuntamiento\/francisco-llorens-y-sonia-amoros-galardonados-en-la-i-edicion-del-premio-conde-de-san-carlos\/#primaryimage"},"thumbnailUrl":"https:\/\/www.caudete.org\/ayuntamiento\/wp-content\/uploads\/2020\/12\/PREMIO-CONDE-SAN-CARLOS-1.jpg","datePublished":"2020-12-30T18:44:31+00:00","dateModified":"2020-12-30T19:23:08+00:00","description":"P\u00e1gina Oficial del Ayuntamiento de Caudete (Albacete)","breadcrumb":{"@id":"https:\/\/www.caudete.org\/ayuntamiento\/francisco-llorens-y-sonia-amoros-galardonados-en-la-i-edicion-del-premio-conde-de-san-carlos\/#breadcrumb"},"inLanguage":"es","potentialAction":[{"@type":"ReadAction","target":["https:\/\/www.caudete.org\/ayuntamiento\/francisco-llorens-y-sonia-amoros-galardonados-en-la-i-edicion-del-premio-conde-de-san-carlos\/"]}]},{"@type":"ImageObject","inLanguage":"es","@id":"https:\/\/www.caudete.org\/ayuntamiento\/francisco-llorens-y-sonia-amoros-galardonados-en-la-i-edicion-del-premio-conde-de-san-carlos\/#primaryimage","url":"https:\/\/www.caudete.org\/ayuntamiento\/wp-content\/uploads\/2020\/12\/PREMIO-CONDE-SAN-CARLOS-1.jpg","contentUrl":"https:\/\/www.caudete.org\/ayuntamiento\/wp-content\/uploads\/2020\/12\/PREMIO-CONDE-SAN-CARLOS-1.jpg","width":1920,"height":958},{"@type":"BreadcrumbList","@id":"https:\/\/www.caudete.org\/ayuntamiento\/francisco-llorens-y-sonia-amoros-galardonados-en-la-i-edicion-del-premio-conde-de-san-carlos\/#breadcrumb","itemListElement":[{"@type":"ListItem","position":1,"name":"Inicio","item":"https:\/\/www.caudete.org\/ayuntamiento\/"},{"@type":"ListItem","position":2,"name":"Francisco Llorens y Sonia Amor\u00f3s, galardonados en la I Edici\u00f3n del PREMIO &#8220;CONDE DE SAN CARLOS&#8221;"}]},{"@type":"WebSite","@id":"https:\/\/www.caudete.org\/ayuntamiento\/#website","url":"https:\/\/www.caudete.org\/ayuntamiento\/","name":"MI Ayuntamiento de Caudete","description":"P\u00e1gina Oficial del MI Ayuntamiento de Caudete","publisher":{"@id":"https:\/\/www.caudete.org\/ayuntamiento\/#organization"},"potentialAction":[{"@type":"SearchAction","target":{"@type":"EntryPoint","urlTemplate":"https:\/\/www.caudete.org\/ayuntamiento\/?s={search_term_string}"},"query-input":{"@type":"PropertyValueSpecification","valueRequired":true,"valueName":"search_term_string"}}],"inLanguage":"es"},{"@type":"Organization","@id":"https:\/\/www.caudete.org\/ayuntamiento\/#organization","name":"Ayuntamiento de Caudete","url":"https:\/\/www.caudete.org\/ayuntamiento\/","logo":{"@type":"ImageObject","inLanguage":"es","@id":"https:\/\/www.caudete.org\/ayuntamiento\/#\/schema\/logo\/image\/","url":"https:\/\/www.caudete.org\/ayuntamiento\/wp-content\/uploads\/2020\/11\/logo_ayuntamiento_caudete.jpg","contentUrl":"https:\/\/www.caudete.org\/ayuntamiento\/wp-content\/uploads\/2020\/11\/logo_ayuntamiento_caudete.jpg","width":600,"height":150,"caption":"Ayuntamiento de Caudete"},"image":{"@id":"https:\/\/www.caudete.org\/ayuntamiento\/#\/schema\/logo\/image\/"},"sameAs":["https:\/\/www.facebook.com\/ayuntamientocaudete\/","https:\/\/www.youtube.com\/channel\/UC6VztHaooNsGpw-tNoBEFnQ"]},{"@type":"Person","@id":"https:\/\/www.caudete.org\/ayuntamiento\/#\/schema\/person\/cc646da9133078ee4d8dd47457947253","name":"alcalde","image":{"@type":"ImageObject","inLanguage":"es","@id":"https:\/\/secure.gravatar.com\/avatar\/84a817ba065b29ff08d666b215a215f5c79186a645ccb25b14a663d48a130f77?s=96&d=mm&r=g","url":"https:\/\/secure.gravatar.com\/avatar\/84a817ba065b29ff08d666b215a215f5c79186a645ccb25b14a663d48a130f77?s=96&d=mm&r=g","contentUrl":"https:\/\/secure.gravatar.com\/avatar\/84a817ba065b29ff08d666b215a215f5c79186a645ccb25b14a663d48a130f77?s=96&d=mm&r=g","caption":"alcalde"},"url":"https:\/\/www.caudete.org\/ayuntamiento\/author\/alcalde\/"}]}},"_links":{"self":[{"href":"https:\/\/www.caudete.org\/ayuntamiento\/wp-json\/wp\/v2\/posts\/11341","targetHints":{"allow":["GET"]}}],"collection":[{"href":"https:\/\/www.caudete.org\/ayuntamiento\/wp-json\/wp\/v2\/posts"}],"about":[{"href":"https:\/\/www.caudete.org\/ayuntamiento\/wp-json\/wp\/v2\/types\/post"}],"author":[{"embeddable":true,"href":"https:\/\/www.caudete.org\/ayuntamiento\/wp-json\/wp\/v2\/users\/3"}],"replies":[{"embeddable":true,"href":"https:\/\/www.caudete.org\/ayuntamiento\/wp-json\/wp\/v2\/comments?post=11341"}],"version-history":[{"count":6,"href":"https:\/\/www.caudete.org\/ayuntamiento\/wp-json\/wp\/v2\/posts\/11341\/revisions"}],"predecessor-version":[{"id":11361,"href":"https:\/\/www.caudete.org\/ayuntamiento\/wp-json\/wp\/v2\/posts\/11341\/revisions\/11361"}],"wp:featuredmedia":[{"embeddable":true,"href":"https:\/\/www.caudete.org\/ayuntamiento\/wp-json\/wp\/v2\/media\/11365"}],"wp:attachment":[{"href":"https:\/\/www.caudete.org\/ayuntamiento\/wp-json\/wp\/v2\/media?parent=11341"}],"wp:term":[{"taxonomy":"category","embeddable":true,"href":"https:\/\/www.caudete.org\/ayuntamiento\/wp-json\/wp\/v2\/categories?post=11341"},{"taxonomy":"post_tag","embeddable":true,"href":"https:\/\/www.caudete.org\/ayuntamiento\/wp-json\/wp\/v2\/tags?post=11341"}],"curies":[{"name":"wp","href":"https:\/\/api.w.org\/{rel}","templated":true}]}}