{"id":11394,"date":"2021-01-04T11:00:01","date_gmt":"2021-01-04T10:00:01","guid":{"rendered":"http:\/\/www.caudete.org\/ayuntamiento\/?p=11394"},"modified":"2021-01-04T12:25:20","modified_gmt":"2021-01-04T11:25:20","slug":"44-autonomos-pymes-se-benefician-de-las-ayudas-covid-del-ayuntamiento","status":"publish","type":"post","link":"https:\/\/www.caudete.org\/ayuntamiento\/44-autonomos-pymes-se-benefician-de-las-ayudas-covid-del-ayuntamiento\/","title":{"rendered":"44 Aut\u00f3nomos &#038; Pymes se benefician de las ayudas COVID del Ayuntamiento"},"content":{"rendered":"<p style=\"text-align: justify;\">Las ayudas impulsadas por el Gobierno Municipal a Pymes y Aut\u00f3nomos para sufragar gastos ocasionados para protecci\u00f3n contra el Covid-19, ha sido resuelta en fecha 23 de Diciembre de 2020 por Acuerdo de la Junta de Gobierno Local, una vez finalizado al completo el proceso de la convocatoria realizada al efecto por el Consistorio caudetano.<\/p>\n<p>De esta forma, la convocatoria ha sumado un total de 44 solicitudes admitidas y por tanto beneficiarias de las ayudas (al cumplir con los requisitos establecidos), por un importe tota de 12.028&#8217;81 \u20ac, quedando abonadas todas ellas antes de concluir el a\u00f1o 2020.<\/p>\n<p style=\"text-align: justify;\">En el contexto de la grave crisis socio-econ\u00f3mica desencadenada por la pandemia COVID19, el Gobierno Municipal consider\u00f3 como objetivo prioritario contribuir a los gastos ocasionados por la misma a los aut\u00f3nomos y pymes del municipio, y a tal fin se dot\u00f3 cr\u00e9dito presupuestario, proveniente del Remanente existente, para establecer ayudas econ\u00f3micas a este colectivo y contribuir as\u00ed a la financiaci\u00f3n de adquisici\u00f3n de equipamiento y material de protecci\u00f3n, en r\u00e9gimen de concurrencia simple, y respetando la normativa vigente en materia de subvenciones.<\/p>\n<p style=\"text-align: justify;\">Los beneficiarios de las mismas pod\u00edan ser Aut\u00f3nomos sin asalariados con domicilio fiscal y ejercicio de actividad econ\u00f3mica en Caudete, o bien para PYMES con centro de trabajo en Caudete.<\/p>\n<p style=\"text-align: justify;\">Las ayudas estaban destinadas para sufragar gastos como adquisici\u00f3n de mascarillas, guantes, pantallas faciales, geles y productos desinfectantes; instalaci\u00f3n de mamparas de separaci\u00f3n, de se\u00f1alizaciones; as\u00ed como otros gastos que resulten necesarios para proporcionar seguridad frente al COVID19 en la prestaci\u00f3n del servicio o realizaci\u00f3n actividad empresarial; todo ello a partir de la declaraci\u00f3n del Estado de Alarma el 14\/03\/2020 y hasta el 31\/10\/2020.<\/p>\n<p style=\"text-align: justify;\">El apartado 2.2. de las Bases Reguladoras establec\u00eda que el importe de la subvenci\u00f3n o ayuda no podr\u00e1 ser superior al 50% del coste presentado por los interesados, con un l\u00edmite de 500\u20ac, llevando la convocatoria aparejada un cr\u00e9dito disponible de 30.000\u20ac, los cuales fueron activados por el Gobierno Municipal de los fondos disponibles del Remanente econ\u00f3mico de las arcas municipales, incorpor\u00e1ndolos al Presupuesto Municipal 2020.<\/p>\n<p style=\"text-align: justify;\">As\u00ed pues, el desglose de beneficiarios y cuant\u00edas de ayudas se refleja a continuaci\u00f3n, como extracto del Acuerdo de Junta de Gobierno Local de 23\/12\/2020, la cual pueden consultar de forma \u00edntegra en el Tabl\u00f3n de Anuncios de la Sede Electr\u00f3nica del M. I. Ayuntamiento de Caudete: <a href=\"https:\/\/caudete.sedipualba.es\/tablondeanuncios\/anuncio.aspx?id=26285\" target=\"_blank\" rel=\"nofollow\">https:\/\/caudete.sedipualba.es\/tablondeanuncios\/anuncio.aspx?id=26285<\/a><\/p>\n<p>&nbsp;<\/p>\n<table class=\" aligncenter\" style=\"border-collapse: collapse; width: 63.3115%; height: 1170px;\">\n<tbody>\n<tr style=\"height: 10px;\">\n<td style=\"width: 3.80393%; text-align: center; height: 10px;\"><strong>N\u00ba<\/strong><\/td>\n<td style=\"width: 52.1199%; text-align: center; height: 10px;\"><strong>BENEFICIARIO<\/strong><\/td>\n<td style=\"width: 25.7436%; text-align: center; height: 10px;\"><strong>IMPORTE\u00a0 CONCEDIDO (\u20ac)<\/strong><\/td>\n<\/tr>\n<tr style=\"height: 22px;\">\n<td style=\"width: 3.80393%; text-align: center; height: 22px;\"><strong>1<\/strong><\/td>\n<td style=\"width: 52.1199%; text-align: left; height: 22px;\">MARIA DEL MAR MU\u00d1OZ S\u00c1NCHEZ<\/td>\n<td style=\"width: 25.7436%; text-align: center; height: 22px;\">202,73<\/td>\n<\/tr>\n<tr style=\"height: 22px;\">\n<td style=\"width: 3.80393%; text-align: center; height: 22px;\"><strong>2<\/strong><\/td>\n<td style=\"width: 52.1199%; text-align: left; height: 22px;\">MARIA DEL CARMEN S\u00c1NCHEZ MIRA<\/td>\n<td style=\"width: 25.7436%; text-align: center; height: 22px;\">90,00<\/td>\n<\/tr>\n<tr style=\"height: 22px;\">\n<td style=\"width: 3.80393%; text-align: center; height: 22px;\"><strong>3<\/strong><\/td>\n<td style=\"width: 52.1199%; text-align: left; height: 22px;\">A.F. ASESOR\u00cdA FISCAL<\/td>\n<td style=\"width: 25.7436%; text-align: center; height: 22px;\">85,36<\/td>\n<\/tr>\n<tr style=\"height: 22px;\">\n<td style=\"width: 3.80393%; text-align: center; height: 22px;\"><strong>4<\/strong><\/td>\n<td style=\"width: 52.1199%; text-align: left; height: 22px;\">J\u00daCAR HOMES SL<\/td>\n<td style=\"width: 25.7436%; text-align: center; height: 22px;\">315,91<\/td>\n<\/tr>\n<tr style=\"height: 22px;\">\n<td style=\"width: 3.80393%; text-align: center; height: 22px;\"><strong>5<\/strong><\/td>\n<td style=\"width: 52.1199%; text-align: left; height: 22px;\">MONTAJES EL\u00c9CTRICOS P\u00c9REZ, S.L.<\/td>\n<td style=\"width: 25.7436%; text-align: center; height: 22px;\">317,35<\/td>\n<\/tr>\n<tr style=\"height: 22px;\">\n<td style=\"width: 3.80393%; text-align: center; height: 22px;\"><strong>6<\/strong><\/td>\n<td style=\"width: 52.1199%; text-align: left; height: 22px;\">HERMANAS ALBERO REQUENA, C.B.<\/td>\n<td style=\"width: 25.7436%; text-align: center; height: 22px;\">35,39<\/td>\n<\/tr>\n<tr style=\"height: 22px;\">\n<td style=\"width: 3.80393%; text-align: center; height: 22px;\"><strong>7<\/strong><\/td>\n<td style=\"width: 52.1199%; text-align: left; height: 22px;\">JOSEFA ANA CANTOS MART\u00cdNEZ<\/td>\n<td style=\"width: 25.7436%; text-align: center; height: 22px;\">403,78<\/td>\n<\/tr>\n<tr style=\"height: 22px;\">\n<td style=\"width: 3.80393%; text-align: center; height: 22px;\"><strong>8<\/strong><\/td>\n<td style=\"width: 52.1199%; text-align: left; height: 22px;\">ISABEL SORIANO REQUENA<\/td>\n<td style=\"width: 25.7436%; text-align: center; height: 22px;\">37,25<\/td>\n<\/tr>\n<tr style=\"height: 22px;\">\n<td style=\"width: 3.80393%; text-align: center; height: 22px;\"><strong>9<\/strong><\/td>\n<td style=\"width: 52.1199%; text-align: left; height: 22px;\">MUEBLES DE COCINA AZOR\u00cdN, S.L.<\/td>\n<td style=\"width: 25.7436%; text-align: center; height: 22px;\">321,90<\/td>\n<\/tr>\n<tr style=\"height: 22px;\">\n<td style=\"width: 3.80393%; text-align: center; height: 22px;\"><strong>10<\/strong><\/td>\n<td style=\"width: 52.1199%; text-align: left; height: 22px;\">EL\u00cdAS SANCHO MENGOD<\/td>\n<td style=\"width: 25.7436%; text-align: center; height: 22px;\">215,06<\/td>\n<\/tr>\n<tr style=\"height: 22px;\">\n<td style=\"width: 3.80393%; text-align: center; height: 22px;\"><strong>11<\/strong><\/td>\n<td style=\"width: 52.1199%; text-align: left; height: 22px;\">CANTOS Y PASTOR CONSULTING, S.L.<\/td>\n<td style=\"width: 25.7436%; text-align: center; height: 22px;\">134,88<\/td>\n<\/tr>\n<tr style=\"height: 22px;\">\n<td style=\"width: 3.80393%; text-align: center; height: 22px;\"><strong>12<\/strong><\/td>\n<td style=\"width: 52.1199%; text-align: left; height: 22px;\">\u00d3PTICA CAUDETE, S.L.<\/td>\n<td style=\"width: 25.7436%; text-align: center; height: 22px;\">500,00<\/td>\n<\/tr>\n<tr style=\"height: 22px;\">\n<td style=\"width: 3.80393%; text-align: center; height: 22px;\"><strong>13<\/strong><\/td>\n<td style=\"width: 52.1199%; text-align: left; height: 22px;\">ALBERTO ALGARRA ALBERO<\/td>\n<td style=\"width: 25.7436%; text-align: center; height: 22px;\">222,25<\/td>\n<\/tr>\n<tr style=\"height: 22px;\">\n<td style=\"width: 3.80393%; text-align: center; height: 22px;\"><strong>14<\/strong><\/td>\n<td style=\"width: 52.1199%; text-align: left; height: 22px;\">FUNERARIA NUESTRA SE\u00d1ORA DE GRACIA Y SAN BLAS, S.L.<\/td>\n<td style=\"width: 25.7436%; text-align: center; height: 22px;\">500,00<\/td>\n<\/tr>\n<tr style=\"height: 22px;\">\n<td style=\"width: 3.80393%; text-align: center; height: 22px;\"><strong>15<\/strong><\/td>\n<td style=\"width: 52.1199%; text-align: left; height: 22px;\">CAMACHO RECYCLING, S.L.<\/td>\n<td style=\"width: 25.7436%; text-align: center; height: 22px;\">500,00<\/td>\n<\/tr>\n<tr style=\"height: 22px;\">\n<td style=\"width: 3.80393%; text-align: center; height: 22px;\"><strong>16<\/strong><\/td>\n<td style=\"width: 52.1199%; text-align: left; height: 22px;\">TRANSCUR, S.L.<\/td>\n<td style=\"width: 25.7436%; text-align: center; height: 22px;\">153,00<\/td>\n<\/tr>\n<tr style=\"height: 22px;\">\n<td style=\"width: 3.80393%; text-align: center; height: 22px;\"><strong>17<\/strong><\/td>\n<td style=\"width: 52.1199%; text-align: left; height: 22px;\">CAUDEXMOBEL, S.L.<\/td>\n<td style=\"width: 25.7436%; text-align: center; height: 22px;\">500,00<\/td>\n<\/tr>\n<tr style=\"height: 22px;\">\n<td style=\"width: 3.80393%; text-align: center; height: 22px;\"><strong>18<\/strong><\/td>\n<td style=\"width: 52.1199%; text-align: left; height: 22px;\">VICENTA TERESA S\u00c1NCHEZ S\u00c1NCHEZ<\/td>\n<td style=\"width: 25.7436%; text-align: center; height: 22px;\">165,19<\/td>\n<\/tr>\n<tr style=\"height: 22px;\">\n<td style=\"width: 3.80393%; text-align: center; height: 22px;\"><strong>19<\/strong><\/td>\n<td style=\"width: 52.1199%; text-align: left; height: 22px;\">SERTECA, S.L.<\/td>\n<td style=\"width: 25.7436%; text-align: center; height: 22px;\">500,00<\/td>\n<\/tr>\n<tr style=\"height: 22px;\">\n<td style=\"width: 3.80393%; text-align: center; height: 22px;\"><strong>20<\/strong><\/td>\n<td style=\"width: 52.1199%; text-align: left; height: 22px;\">TRANSPORTES CAUDETE, S.A.<\/td>\n<td style=\"width: 25.7436%; text-align: center; height: 22px;\">385,85<\/td>\n<\/tr>\n<tr style=\"height: 22px;\">\n<td style=\"width: 3.80393%; text-align: center; height: 22px;\"><strong>21<\/strong><\/td>\n<td style=\"width: 52.1199%; text-align: left; height: 22px;\">MARTAM ASESORES, S.L.<\/td>\n<td style=\"width: 25.7436%; text-align: center; height: 22px;\">145,95<\/td>\n<\/tr>\n<tr style=\"height: 22px;\">\n<td style=\"width: 3.80393%; text-align: center; height: 22px;\"><strong>22<\/strong><\/td>\n<td style=\"width: 52.1199%; text-align: left; height: 22px;\">GEMMA TOMICO OLIVARES<\/td>\n<td style=\"width: 25.7436%; text-align: center; height: 22px;\">89,84<\/td>\n<\/tr>\n<tr style=\"height: 22px;\">\n<td style=\"width: 3.80393%; text-align: center; height: 22px;\"><strong>23<\/strong><\/td>\n<td style=\"width: 52.1199%; text-align: left; height: 22px;\">CARMEN ALEMAN MARCO<\/td>\n<td style=\"width: 25.7436%; text-align: center; height: 22px;\">268,75<\/td>\n<\/tr>\n<tr style=\"height: 22px;\">\n<td style=\"width: 3.80393%; text-align: center; height: 22px;\"><strong>24<\/strong><\/td>\n<td style=\"width: 52.1199%; text-align: left; height: 22px;\">POLICLINICA CAUDETE, S.L.<\/td>\n<td style=\"width: 25.7436%; text-align: center; height: 22px;\">483,46<\/td>\n<\/tr>\n<tr style=\"height: 22px;\">\n<td style=\"width: 3.80393%; text-align: center; height: 22px;\"><strong>25<\/strong><\/td>\n<td style=\"width: 52.1199%; text-align: left; height: 22px;\">FRUTAS CAUDETE, S.L.<\/td>\n<td style=\"width: 25.7436%; text-align: center; height: 22px;\">500,00<\/td>\n<\/tr>\n<tr style=\"height: 22px;\">\n<td style=\"width: 3.80393%; text-align: center; height: 22px;\"><strong>26<\/strong><\/td>\n<td style=\"width: 52.1199%; text-align: left; height: 22px;\">MODAS Y COMPLEMENTOS EVA, S.L.<\/td>\n<td style=\"width: 25.7436%; text-align: center; height: 22px;\">35,13<\/td>\n<\/tr>\n<tr style=\"height: 22px;\">\n<td style=\"width: 3.80393%; text-align: center; height: 22px;\"><strong>27<\/strong><\/td>\n<td style=\"width: 52.1199%; text-align: left; height: 22px;\">HIJOS DE JOSE SIVO, S.L.<\/td>\n<td style=\"width: 25.7436%; text-align: center; height: 22px;\">500,00<\/td>\n<\/tr>\n<tr style=\"height: 22px;\">\n<td style=\"width: 3.80393%; text-align: center; height: 22px;\"><strong>28<\/strong><\/td>\n<td style=\"width: 52.1199%; text-align: left; height: 22px;\">LLORENS-ESTEVE, S.L.<\/td>\n<td style=\"width: 25.7436%; text-align: center; height: 22px;\">500,00<\/td>\n<\/tr>\n<tr style=\"height: 22px;\">\n<td style=\"width: 3.80393%; text-align: center; height: 22px;\"><strong>29<\/strong><\/td>\n<td style=\"width: 52.1199%; text-align: left; height: 22px;\">NATURCAUDETE, S.L.<\/td>\n<td style=\"width: 25.7436%; text-align: center; height: 22px;\">500,00<\/td>\n<\/tr>\n<tr style=\"height: 22px;\">\n<td style=\"width: 3.80393%; text-align: center; height: 22px;\"><strong>30<\/strong><\/td>\n<td style=\"width: 52.1199%; text-align: left; height: 22px;\">MARIA DOLORES NAVARRO GIL<\/td>\n<td style=\"width: 25.7436%; text-align: center; height: 22px;\">153,50<\/td>\n<\/tr>\n<tr style=\"height: 22px;\">\n<td style=\"width: 3.80393%; text-align: center; height: 22px;\"><strong>31<\/strong><\/td>\n<td style=\"width: 52.1199%; text-align: left; height: 22px;\">OSCAR MORA GARCIA<\/td>\n<td style=\"width: 25.7436%; text-align: center; height: 22px;\">128,63<\/td>\n<\/tr>\n<tr style=\"height: 22px;\">\n<td style=\"width: 3.80393%; text-align: center; height: 22px;\"><strong>32<\/strong><\/td>\n<td style=\"width: 52.1199%; text-align: left; height: 22px;\">LIMPIEZAS CAUROMA, S.L.<\/td>\n<td style=\"width: 25.7436%; text-align: center; height: 22px;\">360,36<\/td>\n<\/tr>\n<tr style=\"height: 22px;\">\n<td style=\"width: 3.80393%; text-align: center; height: 22px;\"><strong>33<\/strong><\/td>\n<td style=\"width: 52.1199%; text-align: left; height: 22px;\">TRANSPORTES FRATERNO E HIJOS, S.L.<\/td>\n<td style=\"width: 25.7436%; text-align: center; height: 22px;\">391,95<\/td>\n<\/tr>\n<tr style=\"height: 22px;\">\n<td style=\"width: 3.80393%; text-align: center; height: 22px;\"><strong>34<\/strong><\/td>\n<td style=\"width: 52.1199%; text-align: left; height: 22px;\">TRANSPORTES VILA Y FAYOS<\/td>\n<td style=\"width: 25.7436%; text-align: center; height: 22px;\">500,00<\/td>\n<\/tr>\n<tr style=\"height: 22px;\">\n<td style=\"width: 3.80393%; text-align: center; height: 22px;\"><strong>35<\/strong><\/td>\n<td style=\"width: 52.1199%; text-align: left; height: 22px;\">JOSE ANTONIO MIRA MARUEL<\/td>\n<td style=\"width: 25.7436%; text-align: center; height: 22px;\">159,63<\/td>\n<\/tr>\n<tr style=\"height: 22px;\">\n<td style=\"width: 3.80393%; text-align: center; height: 22px;\"><strong>36<\/strong><\/td>\n<td style=\"width: 52.1199%; text-align: left; height: 22px;\">CORREDURIA DE SEGUROS CANTOS AZORIN<\/td>\n<td style=\"width: 25.7436%; text-align: center; height: 22px;\">95,04<\/td>\n<\/tr>\n<tr style=\"height: 22px;\">\n<td style=\"width: 3.80393%; text-align: center; height: 22px;\"><strong>37<\/strong><\/td>\n<td style=\"width: 52.1199%; text-align: left; height: 22px;\">ANTONIO AZORIN MOLINA<\/td>\n<td style=\"width: 25.7436%; text-align: center; height: 22px;\">46,41<\/td>\n<\/tr>\n<tr style=\"height: 22px;\">\n<td style=\"width: 3.80393%; text-align: center; height: 22px;\"><strong>38<\/strong><\/td>\n<td style=\"width: 52.1199%; text-align: left; height: 22px;\">VIVEROS SANTA MARGARITA, S.A.<\/td>\n<td style=\"width: 25.7436%; text-align: center; height: 22px;\">500,00<\/td>\n<\/tr>\n<tr style=\"height: 22px;\">\n<td style=\"width: 3.80393%; text-align: center; height: 22px;\"><strong>39<\/strong><\/td>\n<td style=\"width: 52.1199%; text-align: left; height: 22px;\">AREA EL CRUCE CAUDETE, S.L.<\/td>\n<td style=\"width: 25.7436%; text-align: center; height: 22px;\">329,09<\/td>\n<\/tr>\n<tr style=\"height: 22px;\">\n<td style=\"width: 3.80393%; text-align: center; height: 22px;\"><strong>40<\/strong><\/td>\n<td style=\"width: 52.1199%; text-align: left; height: 22px;\">CAFE BAR EMIMAR<\/td>\n<td style=\"width: 25.7436%; text-align: center; height: 22px;\">196,98<\/td>\n<\/tr>\n<tr style=\"height: 22px;\">\n<td style=\"width: 3.80393%; text-align: center; height: 22px;\"><strong>41<\/strong><\/td>\n<td style=\"width: 52.1199%; text-align: left; height: 22px;\">JOAQUIN DIAZ AZORIN<\/td>\n<td style=\"width: 25.7436%; text-align: center; height: 22px;\">147,09<\/td>\n<\/tr>\n<tr style=\"height: 22px;\">\n<td style=\"width: 3.80393%; text-align: center; height: 22px;\"><strong>42<\/strong><\/td>\n<td style=\"width: 52.1199%; text-align: left; height: 22px;\">JUANA DIAZ PUCHE<\/td>\n<td style=\"width: 25.7436%; text-align: center; height: 22px;\">121,13<\/td>\n<\/tr>\n<tr style=\"height: 22px;\">\n<td style=\"width: 3.80393%; text-align: center; height: 22px;\"><strong>43<\/strong><\/td>\n<td style=\"width: 52.1199%; text-align: left; height: 22px;\">ALMANTOUR, S.A.<\/td>\n<td style=\"width: 25.7436%; text-align: center; height: 22px;\">245,74<\/td>\n<\/tr>\n<tr style=\"height: 22px;\">\n<td style=\"width: 3.80393%; text-align: center; height: 22px;\"><strong>44<\/strong><\/td>\n<td style=\"width: 52.1199%; text-align: left; height: 22px;\">AUTOCARES FERM\u00cdN L\u00d3PEZ E HIJOS, S.L.<\/td>\n<td style=\"width: 25.7436%; text-align: center; height: 22px;\">44,23<\/td>\n<\/tr>\n<tr style=\"height: 22px;\">\n<td style=\"width: 55.9238%; text-align: right; height: 22px;\" colspan=\"2\"><strong>TOTAL CONCEDIDO (\u20ac)<\/strong><\/td>\n<td style=\"width: 25.7436%; text-align: center; height: 22px;\"><strong>12.028&#8217;81<\/strong><\/td>\n<\/tr>\n<\/tbody>\n<\/table>\n<p>&nbsp;<\/p>\n<p>&nbsp;<\/p>\n<p>&nbsp;<\/p>\n<p>&nbsp;<\/p>\n","protected":false},"excerpt":{"rendered":"<p>Las ayudas impulsadas por el Gobierno Municipal a Pymes y Aut\u00f3nomos para sufragar gastos ocasionados para protecci\u00f3n contra el Covid-19, ha sido resuelta en fecha 23 de Diciembre de 2020 por Acuerdo de la Junta de Gobierno Local, una vez finalizado al completo el proceso de la convocatoria realizada al efecto por el Consistorio caudetano. &hellip;<\/p>\n","protected":false},"author":3,"featured_media":11404,"comment_status":"closed","ping_status":"open","sticky":false,"template":"","format":"standard","meta":{"ngg_post_thumbnail":0,"footnotes":""},"categories":[27],"tags":[199,66,85,79,198,61],"class_list":["post-11394","post","type-post","status-publish","format-standard","has-post-thumbnail","hentry","category-hacienda","tag-autonomos","tag-ayudas","tag-comercio","tag-covid-19","tag-pymes","tag-subvenciones"],"yoast_head":"<!-- This site is optimized with the Yoast SEO plugin v27.5 - https:\/\/yoast.com\/product\/yoast-seo-wordpress\/ -->\n<title>44 Aut\u00f3nomos &amp; Pymes se benefician de las ayudas COVID del Ayuntamiento - MI Ayuntamiento de Caudete<\/title>\n<meta name=\"description\" content=\"P\u00e1gina Oficial del Ayuntamiento de Caudete (Albacete)\" \/>\n<meta name=\"robots\" content=\"index, follow, max-snippet:-1, max-image-preview:large, max-video-preview:-1\" \/>\n<link rel=\"canonical\" href=\"https:\/\/www.caudete.org\/ayuntamiento\/44-autonomos-pymes-se-benefician-de-las-ayudas-covid-del-ayuntamiento\/\" \/>\n<meta property=\"og:locale\" content=\"es_ES\" \/>\n<meta property=\"og:type\" content=\"article\" \/>\n<meta property=\"og:title\" content=\"44 Aut\u00f3nomos &amp; Pymes se benefician de las ayudas COVID del Ayuntamiento - MI Ayuntamiento de Caudete\" \/>\n<meta property=\"og:description\" content=\"P\u00e1gina Oficial del Ayuntamiento de Caudete (Albacete)\" \/>\n<meta property=\"og:url\" content=\"https:\/\/www.caudete.org\/ayuntamiento\/44-autonomos-pymes-se-benefician-de-las-ayudas-covid-del-ayuntamiento\/\" \/>\n<meta property=\"og:site_name\" content=\"MI Ayuntamiento de Caudete\" \/>\n<meta property=\"article:publisher\" content=\"https:\/\/www.facebook.com\/ayuntamientocaudete\/\" \/>\n<meta property=\"article:published_time\" content=\"2021-01-04T10:00:01+00:00\" \/>\n<meta property=\"article:modified_time\" content=\"2021-01-04T11:25:20+00:00\" \/>\n<meta property=\"og:image\" content=\"https:\/\/www.caudete.org\/ayuntamiento\/wp-content\/uploads\/2021\/01\/IMG_20210102_193623_165-RECT.jpg\" \/>\n\t<meta property=\"og:image:width\" content=\"1920\" \/>\n\t<meta property=\"og:image:height\" content=\"958\" \/>\n\t<meta property=\"og:image:type\" content=\"image\/jpeg\" \/>\n<meta name=\"author\" content=\"alcalde\" \/>\n<meta name=\"twitter:card\" content=\"summary_large_image\" \/>\n<meta name=\"twitter:label1\" content=\"Escrito por\" \/>\n\t<meta name=\"twitter:data1\" content=\"alcalde\" \/>\n\t<meta name=\"twitter:label2\" content=\"Tiempo de lectura\" \/>\n\t<meta name=\"twitter:data2\" content=\"3 minutos\" \/>\n<script type=\"application\/ld+json\" class=\"yoast-schema-graph\">{\"@context\":\"https:\\\/\\\/schema.org\",\"@graph\":[{\"@type\":\"Article\",\"@id\":\"https:\\\/\\\/www.caudete.org\\\/ayuntamiento\\\/44-autonomos-pymes-se-benefician-de-las-ayudas-covid-del-ayuntamiento\\\/#article\",\"isPartOf\":{\"@id\":\"https:\\\/\\\/www.caudete.org\\\/ayuntamiento\\\/44-autonomos-pymes-se-benefician-de-las-ayudas-covid-del-ayuntamiento\\\/\"},\"author\":{\"name\":\"alcalde\",\"@id\":\"https:\\\/\\\/www.caudete.org\\\/ayuntamiento\\\/#\\\/schema\\\/person\\\/cc646da9133078ee4d8dd47457947253\"},\"headline\":\"44 Aut\u00f3nomos &#038; Pymes se benefician de las ayudas COVID del Ayuntamiento\",\"datePublished\":\"2021-01-04T10:00:01+00:00\",\"dateModified\":\"2021-01-04T11:25:20+00:00\",\"mainEntityOfPage\":{\"@id\":\"https:\\\/\\\/www.caudete.org\\\/ayuntamiento\\\/44-autonomos-pymes-se-benefician-de-las-ayudas-covid-del-ayuntamiento\\\/\"},\"wordCount\":635,\"publisher\":{\"@id\":\"https:\\\/\\\/www.caudete.org\\\/ayuntamiento\\\/#organization\"},\"image\":{\"@id\":\"https:\\\/\\\/www.caudete.org\\\/ayuntamiento\\\/44-autonomos-pymes-se-benefician-de-las-ayudas-covid-del-ayuntamiento\\\/#primaryimage\"},\"thumbnailUrl\":\"https:\\\/\\\/www.caudete.org\\\/ayuntamiento\\\/wp-content\\\/uploads\\\/2021\\\/01\\\/IMG_20210102_193623_165-RECT.jpg\",\"keywords\":[\"autonomos\",\"ayudas\",\"comercio\",\"covid-19\",\"pymes\",\"subvenciones\"],\"articleSection\":[\"Hacienda\"],\"inLanguage\":\"es\"},{\"@type\":\"WebPage\",\"@id\":\"https:\\\/\\\/www.caudete.org\\\/ayuntamiento\\\/44-autonomos-pymes-se-benefician-de-las-ayudas-covid-del-ayuntamiento\\\/\",\"url\":\"https:\\\/\\\/www.caudete.org\\\/ayuntamiento\\\/44-autonomos-pymes-se-benefician-de-las-ayudas-covid-del-ayuntamiento\\\/\",\"name\":\"44 Aut\u00f3nomos & Pymes se benefician de las ayudas COVID del Ayuntamiento - MI Ayuntamiento de Caudete\",\"isPartOf\":{\"@id\":\"https:\\\/\\\/www.caudete.org\\\/ayuntamiento\\\/#website\"},\"primaryImageOfPage\":{\"@id\":\"https:\\\/\\\/www.caudete.org\\\/ayuntamiento\\\/44-autonomos-pymes-se-benefician-de-las-ayudas-covid-del-ayuntamiento\\\/#primaryimage\"},\"image\":{\"@id\":\"https:\\\/\\\/www.caudete.org\\\/ayuntamiento\\\/44-autonomos-pymes-se-benefician-de-las-ayudas-covid-del-ayuntamiento\\\/#primaryimage\"},\"thumbnailUrl\":\"https:\\\/\\\/www.caudete.org\\\/ayuntamiento\\\/wp-content\\\/uploads\\\/2021\\\/01\\\/IMG_20210102_193623_165-RECT.jpg\",\"datePublished\":\"2021-01-04T10:00:01+00:00\",\"dateModified\":\"2021-01-04T11:25:20+00:00\",\"description\":\"P\u00e1gina Oficial del Ayuntamiento de Caudete (Albacete)\",\"breadcrumb\":{\"@id\":\"https:\\\/\\\/www.caudete.org\\\/ayuntamiento\\\/44-autonomos-pymes-se-benefician-de-las-ayudas-covid-del-ayuntamiento\\\/#breadcrumb\"},\"inLanguage\":\"es\",\"potentialAction\":[{\"@type\":\"ReadAction\",\"target\":[\"https:\\\/\\\/www.caudete.org\\\/ayuntamiento\\\/44-autonomos-pymes-se-benefician-de-las-ayudas-covid-del-ayuntamiento\\\/\"]}]},{\"@type\":\"ImageObject\",\"inLanguage\":\"es\",\"@id\":\"https:\\\/\\\/www.caudete.org\\\/ayuntamiento\\\/44-autonomos-pymes-se-benefician-de-las-ayudas-covid-del-ayuntamiento\\\/#primaryimage\",\"url\":\"https:\\\/\\\/www.caudete.org\\\/ayuntamiento\\\/wp-content\\\/uploads\\\/2021\\\/01\\\/IMG_20210102_193623_165-RECT.jpg\",\"contentUrl\":\"https:\\\/\\\/www.caudete.org\\\/ayuntamiento\\\/wp-content\\\/uploads\\\/2021\\\/01\\\/IMG_20210102_193623_165-RECT.jpg\",\"width\":1920,\"height\":958},{\"@type\":\"BreadcrumbList\",\"@id\":\"https:\\\/\\\/www.caudete.org\\\/ayuntamiento\\\/44-autonomos-pymes-se-benefician-de-las-ayudas-covid-del-ayuntamiento\\\/#breadcrumb\",\"itemListElement\":[{\"@type\":\"ListItem\",\"position\":1,\"name\":\"Inicio\",\"item\":\"https:\\\/\\\/www.caudete.org\\\/ayuntamiento\\\/\"},{\"@type\":\"ListItem\",\"position\":2,\"name\":\"44 Aut\u00f3nomos &#038; Pymes se benefician de las ayudas COVID del Ayuntamiento\"}]},{\"@type\":\"WebSite\",\"@id\":\"https:\\\/\\\/www.caudete.org\\\/ayuntamiento\\\/#website\",\"url\":\"https:\\\/\\\/www.caudete.org\\\/ayuntamiento\\\/\",\"name\":\"MI Ayuntamiento de Caudete\",\"description\":\"P\u00e1gina Oficial del MI Ayuntamiento de Caudete\",\"publisher\":{\"@id\":\"https:\\\/\\\/www.caudete.org\\\/ayuntamiento\\\/#organization\"},\"potentialAction\":[{\"@type\":\"SearchAction\",\"target\":{\"@type\":\"EntryPoint\",\"urlTemplate\":\"https:\\\/\\\/www.caudete.org\\\/ayuntamiento\\\/?s={search_term_string}\"},\"query-input\":{\"@type\":\"PropertyValueSpecification\",\"valueRequired\":true,\"valueName\":\"search_term_string\"}}],\"inLanguage\":\"es\"},{\"@type\":\"Organization\",\"@id\":\"https:\\\/\\\/www.caudete.org\\\/ayuntamiento\\\/#organization\",\"name\":\"Ayuntamiento de Caudete\",\"url\":\"https:\\\/\\\/www.caudete.org\\\/ayuntamiento\\\/\",\"logo\":{\"@type\":\"ImageObject\",\"inLanguage\":\"es\",\"@id\":\"https:\\\/\\\/www.caudete.org\\\/ayuntamiento\\\/#\\\/schema\\\/logo\\\/image\\\/\",\"url\":\"https:\\\/\\\/www.caudete.org\\\/ayuntamiento\\\/wp-content\\\/uploads\\\/2020\\\/11\\\/logo_ayuntamiento_caudete.jpg\",\"contentUrl\":\"https:\\\/\\\/www.caudete.org\\\/ayuntamiento\\\/wp-content\\\/uploads\\\/2020\\\/11\\\/logo_ayuntamiento_caudete.jpg\",\"width\":600,\"height\":150,\"caption\":\"Ayuntamiento de Caudete\"},\"image\":{\"@id\":\"https:\\\/\\\/www.caudete.org\\\/ayuntamiento\\\/#\\\/schema\\\/logo\\\/image\\\/\"},\"sameAs\":[\"https:\\\/\\\/www.facebook.com\\\/ayuntamientocaudete\\\/\",\"https:\\\/\\\/www.youtube.com\\\/channel\\\/UC6VztHaooNsGpw-tNoBEFnQ\"]},{\"@type\":\"Person\",\"@id\":\"https:\\\/\\\/www.caudete.org\\\/ayuntamiento\\\/#\\\/schema\\\/person\\\/cc646da9133078ee4d8dd47457947253\",\"name\":\"alcalde\",\"image\":{\"@type\":\"ImageObject\",\"inLanguage\":\"es\",\"@id\":\"https:\\\/\\\/secure.gravatar.com\\\/avatar\\\/84a817ba065b29ff08d666b215a215f5c79186a645ccb25b14a663d48a130f77?s=96&d=mm&r=g\",\"url\":\"https:\\\/\\\/secure.gravatar.com\\\/avatar\\\/84a817ba065b29ff08d666b215a215f5c79186a645ccb25b14a663d48a130f77?s=96&d=mm&r=g\",\"contentUrl\":\"https:\\\/\\\/secure.gravatar.com\\\/avatar\\\/84a817ba065b29ff08d666b215a215f5c79186a645ccb25b14a663d48a130f77?s=96&d=mm&r=g\",\"caption\":\"alcalde\"},\"url\":\"https:\\\/\\\/www.caudete.org\\\/ayuntamiento\\\/author\\\/alcalde\\\/\"}]}<\/script>\n<!-- \/ Yoast SEO plugin. -->","yoast_head_json":{"title":"44 Aut\u00f3nomos & Pymes se benefician de las ayudas COVID del Ayuntamiento - MI Ayuntamiento de Caudete","description":"P\u00e1gina Oficial del Ayuntamiento de Caudete (Albacete)","robots":{"index":"index","follow":"follow","max-snippet":"max-snippet:-1","max-image-preview":"max-image-preview:large","max-video-preview":"max-video-preview:-1"},"canonical":"https:\/\/www.caudete.org\/ayuntamiento\/44-autonomos-pymes-se-benefician-de-las-ayudas-covid-del-ayuntamiento\/","og_locale":"es_ES","og_type":"article","og_title":"44 Aut\u00f3nomos & Pymes se benefician de las ayudas COVID del Ayuntamiento - MI Ayuntamiento de Caudete","og_description":"P\u00e1gina Oficial del Ayuntamiento de Caudete (Albacete)","og_url":"https:\/\/www.caudete.org\/ayuntamiento\/44-autonomos-pymes-se-benefician-de-las-ayudas-covid-del-ayuntamiento\/","og_site_name":"MI Ayuntamiento de Caudete","article_publisher":"https:\/\/www.facebook.com\/ayuntamientocaudete\/","article_published_time":"2021-01-04T10:00:01+00:00","article_modified_time":"2021-01-04T11:25:20+00:00","og_image":[{"width":1920,"height":958,"url":"https:\/\/www.caudete.org\/ayuntamiento\/wp-content\/uploads\/2021\/01\/IMG_20210102_193623_165-RECT.jpg","type":"image\/jpeg"}],"author":"alcalde","twitter_card":"summary_large_image","twitter_misc":{"Escrito por":"alcalde","Tiempo de lectura":"3 minutos"},"schema":{"@context":"https:\/\/schema.org","@graph":[{"@type":"Article","@id":"https:\/\/www.caudete.org\/ayuntamiento\/44-autonomos-pymes-se-benefician-de-las-ayudas-covid-del-ayuntamiento\/#article","isPartOf":{"@id":"https:\/\/www.caudete.org\/ayuntamiento\/44-autonomos-pymes-se-benefician-de-las-ayudas-covid-del-ayuntamiento\/"},"author":{"name":"alcalde","@id":"https:\/\/www.caudete.org\/ayuntamiento\/#\/schema\/person\/cc646da9133078ee4d8dd47457947253"},"headline":"44 Aut\u00f3nomos &#038; Pymes se benefician de las ayudas COVID del Ayuntamiento","datePublished":"2021-01-04T10:00:01+00:00","dateModified":"2021-01-04T11:25:20+00:00","mainEntityOfPage":{"@id":"https:\/\/www.caudete.org\/ayuntamiento\/44-autonomos-pymes-se-benefician-de-las-ayudas-covid-del-ayuntamiento\/"},"wordCount":635,"publisher":{"@id":"https:\/\/www.caudete.org\/ayuntamiento\/#organization"},"image":{"@id":"https:\/\/www.caudete.org\/ayuntamiento\/44-autonomos-pymes-se-benefician-de-las-ayudas-covid-del-ayuntamiento\/#primaryimage"},"thumbnailUrl":"https:\/\/www.caudete.org\/ayuntamiento\/wp-content\/uploads\/2021\/01\/IMG_20210102_193623_165-RECT.jpg","keywords":["autonomos","ayudas","comercio","covid-19","pymes","subvenciones"],"articleSection":["Hacienda"],"inLanguage":"es"},{"@type":"WebPage","@id":"https:\/\/www.caudete.org\/ayuntamiento\/44-autonomos-pymes-se-benefician-de-las-ayudas-covid-del-ayuntamiento\/","url":"https:\/\/www.caudete.org\/ayuntamiento\/44-autonomos-pymes-se-benefician-de-las-ayudas-covid-del-ayuntamiento\/","name":"44 Aut\u00f3nomos & Pymes se benefician de las ayudas COVID del Ayuntamiento - MI Ayuntamiento de Caudete","isPartOf":{"@id":"https:\/\/www.caudete.org\/ayuntamiento\/#website"},"primaryImageOfPage":{"@id":"https:\/\/www.caudete.org\/ayuntamiento\/44-autonomos-pymes-se-benefician-de-las-ayudas-covid-del-ayuntamiento\/#primaryimage"},"image":{"@id":"https:\/\/www.caudete.org\/ayuntamiento\/44-autonomos-pymes-se-benefician-de-las-ayudas-covid-del-ayuntamiento\/#primaryimage"},"thumbnailUrl":"https:\/\/www.caudete.org\/ayuntamiento\/wp-content\/uploads\/2021\/01\/IMG_20210102_193623_165-RECT.jpg","datePublished":"2021-01-04T10:00:01+00:00","dateModified":"2021-01-04T11:25:20+00:00","description":"P\u00e1gina Oficial del Ayuntamiento de Caudete (Albacete)","breadcrumb":{"@id":"https:\/\/www.caudete.org\/ayuntamiento\/44-autonomos-pymes-se-benefician-de-las-ayudas-covid-del-ayuntamiento\/#breadcrumb"},"inLanguage":"es","potentialAction":[{"@type":"ReadAction","target":["https:\/\/www.caudete.org\/ayuntamiento\/44-autonomos-pymes-se-benefician-de-las-ayudas-covid-del-ayuntamiento\/"]}]},{"@type":"ImageObject","inLanguage":"es","@id":"https:\/\/www.caudete.org\/ayuntamiento\/44-autonomos-pymes-se-benefician-de-las-ayudas-covid-del-ayuntamiento\/#primaryimage","url":"https:\/\/www.caudete.org\/ayuntamiento\/wp-content\/uploads\/2021\/01\/IMG_20210102_193623_165-RECT.jpg","contentUrl":"https:\/\/www.caudete.org\/ayuntamiento\/wp-content\/uploads\/2021\/01\/IMG_20210102_193623_165-RECT.jpg","width":1920,"height":958},{"@type":"BreadcrumbList","@id":"https:\/\/www.caudete.org\/ayuntamiento\/44-autonomos-pymes-se-benefician-de-las-ayudas-covid-del-ayuntamiento\/#breadcrumb","itemListElement":[{"@type":"ListItem","position":1,"name":"Inicio","item":"https:\/\/www.caudete.org\/ayuntamiento\/"},{"@type":"ListItem","position":2,"name":"44 Aut\u00f3nomos &#038; Pymes se benefician de las ayudas COVID del Ayuntamiento"}]},{"@type":"WebSite","@id":"https:\/\/www.caudete.org\/ayuntamiento\/#website","url":"https:\/\/www.caudete.org\/ayuntamiento\/","name":"MI Ayuntamiento de Caudete","description":"P\u00e1gina Oficial del MI Ayuntamiento de Caudete","publisher":{"@id":"https:\/\/www.caudete.org\/ayuntamiento\/#organization"},"potentialAction":[{"@type":"SearchAction","target":{"@type":"EntryPoint","urlTemplate":"https:\/\/www.caudete.org\/ayuntamiento\/?s={search_term_string}"},"query-input":{"@type":"PropertyValueSpecification","valueRequired":true,"valueName":"search_term_string"}}],"inLanguage":"es"},{"@type":"Organization","@id":"https:\/\/www.caudete.org\/ayuntamiento\/#organization","name":"Ayuntamiento de Caudete","url":"https:\/\/www.caudete.org\/ayuntamiento\/","logo":{"@type":"ImageObject","inLanguage":"es","@id":"https:\/\/www.caudete.org\/ayuntamiento\/#\/schema\/logo\/image\/","url":"https:\/\/www.caudete.org\/ayuntamiento\/wp-content\/uploads\/2020\/11\/logo_ayuntamiento_caudete.jpg","contentUrl":"https:\/\/www.caudete.org\/ayuntamiento\/wp-content\/uploads\/2020\/11\/logo_ayuntamiento_caudete.jpg","width":600,"height":150,"caption":"Ayuntamiento de Caudete"},"image":{"@id":"https:\/\/www.caudete.org\/ayuntamiento\/#\/schema\/logo\/image\/"},"sameAs":["https:\/\/www.facebook.com\/ayuntamientocaudete\/","https:\/\/www.youtube.com\/channel\/UC6VztHaooNsGpw-tNoBEFnQ"]},{"@type":"Person","@id":"https:\/\/www.caudete.org\/ayuntamiento\/#\/schema\/person\/cc646da9133078ee4d8dd47457947253","name":"alcalde","image":{"@type":"ImageObject","inLanguage":"es","@id":"https:\/\/secure.gravatar.com\/avatar\/84a817ba065b29ff08d666b215a215f5c79186a645ccb25b14a663d48a130f77?s=96&d=mm&r=g","url":"https:\/\/secure.gravatar.com\/avatar\/84a817ba065b29ff08d666b215a215f5c79186a645ccb25b14a663d48a130f77?s=96&d=mm&r=g","contentUrl":"https:\/\/secure.gravatar.com\/avatar\/84a817ba065b29ff08d666b215a215f5c79186a645ccb25b14a663d48a130f77?s=96&d=mm&r=g","caption":"alcalde"},"url":"https:\/\/www.caudete.org\/ayuntamiento\/author\/alcalde\/"}]}},"_links":{"self":[{"href":"https:\/\/www.caudete.org\/ayuntamiento\/wp-json\/wp\/v2\/posts\/11394","targetHints":{"allow":["GET"]}}],"collection":[{"href":"https:\/\/www.caudete.org\/ayuntamiento\/wp-json\/wp\/v2\/posts"}],"about":[{"href":"https:\/\/www.caudete.org\/ayuntamiento\/wp-json\/wp\/v2\/types\/post"}],"author":[{"embeddable":true,"href":"https:\/\/www.caudete.org\/ayuntamiento\/wp-json\/wp\/v2\/users\/3"}],"replies":[{"embeddable":true,"href":"https:\/\/www.caudete.org\/ayuntamiento\/wp-json\/wp\/v2\/comments?post=11394"}],"version-history":[{"count":4,"href":"https:\/\/www.caudete.org\/ayuntamiento\/wp-json\/wp\/v2\/posts\/11394\/revisions"}],"predecessor-version":[{"id":11406,"href":"https:\/\/www.caudete.org\/ayuntamiento\/wp-json\/wp\/v2\/posts\/11394\/revisions\/11406"}],"wp:featuredmedia":[{"embeddable":true,"href":"https:\/\/www.caudete.org\/ayuntamiento\/wp-json\/wp\/v2\/media\/11404"}],"wp:attachment":[{"href":"https:\/\/www.caudete.org\/ayuntamiento\/wp-json\/wp\/v2\/media?parent=11394"}],"wp:term":[{"taxonomy":"category","embeddable":true,"href":"https:\/\/www.caudete.org\/ayuntamiento\/wp-json\/wp\/v2\/categories?post=11394"},{"taxonomy":"post_tag","embeddable":true,"href":"https:\/\/www.caudete.org\/ayuntamiento\/wp-json\/wp\/v2\/tags?post=11394"}],"curies":[{"name":"wp","href":"https:\/\/api.w.org\/{rel}","templated":true}]}}