{"id":11402,"date":"2021-01-04T13:20:31","date_gmt":"2021-01-04T12:20:31","guid":{"rendered":"http:\/\/www.caudete.org\/ayuntamiento\/?p=11402"},"modified":"2021-01-04T14:12:08","modified_gmt":"2021-01-04T13:12:08","slug":"caudete-contara-con-9-puestos-del-plan-de-empleo-52","status":"publish","type":"post","link":"https:\/\/www.caudete.org\/ayuntamiento\/caudete-contara-con-9-puestos-del-plan-de-empleo-52\/","title":{"rendered":"Caudete contar\u00e1 con 9 puestos del Plan de Empleo +52"},"content":{"rendered":"<p style=\"text-align: justify;\">Esta ma\u00f1ana la Concejal de Empleo y Formaci\u00f3n, Mar\u00eda del Mar Requena daba a conocer la Resoluci\u00f3n Definitiva que esta misma ma\u00f1ana ha sido notificada al Ayuntamiento\u00a0 tras la Provisional de 11 de Diciembre del Servicio de Empleo de la Consejer\u00eda de Econom\u00eda, Empresas y Empleo de la JCCM, por la que se conceden subvenciones para la realizaci\u00f3n de proyectos dentro del Programa &#8220;Garant\u00eda +52 a\u00f1os&#8221;, resultante del ejercicio 2020, programa del cual el Consistorio caudetano ha resultado beneficiario.<\/p>\n<p style=\"text-align: justify;\">La propuesta municipal, aprobada por la Junta de Gobierno Local en fecha 20\/11\/2020, presentaba 4 proyectos diferenciados con un total de 9 puestos de empleo, de los que se han concedido el 100% de lo solicitado, y que supondr\u00e1n un importe subvencionado de 37.800\u20ac, y una aportaci\u00f3n municipal de 9.405&#8217;60\u20ac.<\/p>\n<p style=\"text-align: justify;\">As\u00ed pues, los proyectos presentados y aprobados, junto con el personal adscrito a los mismos son los que siguen:<\/p>\n<p>&nbsp;<\/p>\n<table class=\" aligncenter\" style=\"border-collapse: collapse; width: 81.3032%; height: 131px;\">\n<tbody>\n<tr style=\"height: 22px;\">\n<td style=\"width: 29.9607%; height: 22px;\"><strong>Nombre Proyecto<\/strong><\/td>\n<td style=\"width: 1.66236%; height: 22px;\"><strong>N\u00ba Empleos<\/strong><\/td>\n<\/tr>\n<tr style=\"height: 22px;\">\n<td style=\"width: 29.9607%; height: 22px;\">Actuaciones de conservaci\u00f3n y mantenimiento de zonas verdes urbanas y medio natural.<\/td>\n<td style=\"width: 1.66236%; height: 22px;\">4<\/td>\n<\/tr>\n<tr style=\"height: 22px;\">\n<td style=\"width: 29.9607%; height: 22px;\">Mejoras de accesibilidad de espacios p\u00fablicos y v\u00edas urbanas.<\/td>\n<td style=\"width: 1.66236%; height: 22px;\">2<\/td>\n<\/tr>\n<tr style=\"height: 22px;\">\n<td style=\"width: 29.9607%; height: 22px;\">Apoyo en actividades de puesta en valor y difusi\u00f3n del Patrimonio Hist\u00f3rico-Art\u00edstico.<\/td>\n<td style=\"width: 1.66236%; height: 22px;\">2<\/td>\n<\/tr>\n<tr style=\"height: 22px;\">\n<td style=\"width: 29.9607%; height: 22px;\">Apoyo en actividades del \u00e1rea de Desarrollo Local vinculadas a la Estrategia de Internacionalizaci\u00f3n ERASMUS y Agenda 2030.<\/td>\n<td style=\"width: 1.66236%; height: 22px;\">1<\/td>\n<\/tr>\n<\/tbody>\n<\/table>\n<p>&nbsp;<\/p>\n<p style=\"text-align: justify;\">Los proyectos tendr\u00e1n una duraci\u00f3n de 6 meses y dar\u00e1n comienzo en los pr\u00f3ximos meses, estando dirigidos a mayores de 52 a\u00f1os desempleadas perceptoras del subsidio, cuyo objetivo es ofrecer una oportunidad de actividad para mejorar su empleabilidad, actualizando y valorando sus competencias, adquiriendo otras nuevas y facilitando su retorno al mercado de trabajo, as\u00ed como incrementar las rentas familiares, evitar el riesgo de pobreza y la exclusi\u00f3n social y facilitar una transici\u00f3n hacia la jubilaci\u00f3n. Cabe destacar que en Caudete existen en la actualidad un total de 115 personas en dicha situaci\u00f3n.<\/p>\n<p style=\"text-align: justify;\">Dichos proyectos ser\u00e1n gestionados por las \u00e1reas competentes a cada uno de ellos (Servicios, Accesibilidad, Turismo y Patrimonio Hist\u00f3rico, y Empleo y Formaci\u00f3n; respectivamente), y vendr\u00e1n a reforzar servicios existentes o mejorar los mismos a lo largo de todo el a\u00f1o 2021.<\/p>\n<p style=\"text-align: justify;\">El proceso de selecci\u00f3n se activar\u00e1 en unas semanas entre la Oficina de Empleo y el Ayuntamiento de Caudete, momento en el cual se dar\u00e1 p\u00fablico conocimiento.<\/p>\n","protected":false},"excerpt":{"rendered":"<p>Esta ma\u00f1ana la Concejal de Empleo y Formaci\u00f3n, Mar\u00eda del Mar Requena daba a conocer la Resoluci\u00f3n Definitiva que esta misma ma\u00f1ana ha sido notificada al Ayuntamiento\u00a0 tras la Provisional de 11 de Diciembre del Servicio de Empleo de la Consejer\u00eda de Econom\u00eda, Empresas y Empleo de la JCCM, por la que se conceden subvenciones &hellip;<\/p>\n","protected":false},"author":3,"featured_media":11413,"comment_status":"closed","ping_status":"open","sticky":false,"template":"","format":"standard","meta":{"ngg_post_thumbnail":0,"footnotes":""},"categories":[37],"tags":[200,181,175],"class_list":["post-11402","post","type-post","status-publish","format-standard","has-post-thumbnail","hentry","category-empleo-y-formacion","tag-200","tag-empleo","tag-plan-de-empleo"],"yoast_head":"<!-- This site is optimized with the Yoast SEO plugin v27.4 - https:\/\/yoast.com\/product\/yoast-seo-wordpress\/ -->\n<title>Caudete contar\u00e1 con 9 puestos del Plan de Empleo +52 - MI Ayuntamiento de Caudete<\/title>\n<meta name=\"description\" content=\"P\u00e1gina Oficial del Ayuntamiento de Caudete (Albacete)\" \/>\n<meta name=\"robots\" content=\"index, follow, max-snippet:-1, max-image-preview:large, max-video-preview:-1\" \/>\n<link rel=\"canonical\" href=\"https:\/\/www.caudete.org\/ayuntamiento\/caudete-contara-con-9-puestos-del-plan-de-empleo-52\/\" \/>\n<meta property=\"og:locale\" content=\"es_ES\" \/>\n<meta property=\"og:type\" content=\"article\" \/>\n<meta property=\"og:title\" content=\"Caudete contar\u00e1 con 9 puestos del Plan de Empleo +52 - MI Ayuntamiento de Caudete\" \/>\n<meta property=\"og:description\" content=\"P\u00e1gina Oficial del Ayuntamiento de Caudete (Albacete)\" \/>\n<meta property=\"og:url\" content=\"https:\/\/www.caudete.org\/ayuntamiento\/caudete-contara-con-9-puestos-del-plan-de-empleo-52\/\" \/>\n<meta property=\"og:site_name\" content=\"MI Ayuntamiento de Caudete\" \/>\n<meta property=\"article:publisher\" content=\"https:\/\/www.facebook.com\/ayuntamientocaudete\/\" \/>\n<meta property=\"article:published_time\" content=\"2021-01-04T12:20:31+00:00\" \/>\n<meta property=\"article:modified_time\" content=\"2021-01-04T13:12:08+00:00\" \/>\n<meta property=\"og:image\" content=\"https:\/\/www.caudete.org\/ayuntamiento\/wp-content\/uploads\/2021\/01\/maria_mar_4.jpg\" \/>\n\t<meta property=\"og:image:width\" content=\"620\" \/>\n\t<meta property=\"og:image:height\" content=\"319\" \/>\n\t<meta property=\"og:image:type\" content=\"image\/jpeg\" \/>\n<meta name=\"author\" content=\"alcalde\" \/>\n<meta name=\"twitter:card\" content=\"summary_large_image\" \/>\n<meta name=\"twitter:label1\" content=\"Escrito por\" \/>\n\t<meta name=\"twitter:data1\" content=\"alcalde\" \/>\n\t<meta name=\"twitter:label2\" content=\"Tiempo de lectura\" \/>\n\t<meta name=\"twitter:data2\" content=\"2 minutos\" \/>\n<script type=\"application\/ld+json\" class=\"yoast-schema-graph\">{\"@context\":\"https:\\\/\\\/schema.org\",\"@graph\":[{\"@type\":\"Article\",\"@id\":\"https:\\\/\\\/www.caudete.org\\\/ayuntamiento\\\/caudete-contara-con-9-puestos-del-plan-de-empleo-52\\\/#article\",\"isPartOf\":{\"@id\":\"https:\\\/\\\/www.caudete.org\\\/ayuntamiento\\\/caudete-contara-con-9-puestos-del-plan-de-empleo-52\\\/\"},\"author\":{\"name\":\"alcalde\",\"@id\":\"https:\\\/\\\/www.caudete.org\\\/ayuntamiento\\\/#\\\/schema\\\/person\\\/cc646da9133078ee4d8dd47457947253\"},\"headline\":\"Caudete contar\u00e1 con 9 puestos del Plan de Empleo +52\",\"datePublished\":\"2021-01-04T12:20:31+00:00\",\"dateModified\":\"2021-01-04T13:12:08+00:00\",\"mainEntityOfPage\":{\"@id\":\"https:\\\/\\\/www.caudete.org\\\/ayuntamiento\\\/caudete-contara-con-9-puestos-del-plan-de-empleo-52\\\/\"},\"wordCount\":396,\"publisher\":{\"@id\":\"https:\\\/\\\/www.caudete.org\\\/ayuntamiento\\\/#organization\"},\"image\":{\"@id\":\"https:\\\/\\\/www.caudete.org\\\/ayuntamiento\\\/caudete-contara-con-9-puestos-del-plan-de-empleo-52\\\/#primaryimage\"},\"thumbnailUrl\":\"https:\\\/\\\/www.caudete.org\\\/ayuntamiento\\\/wp-content\\\/uploads\\\/2021\\\/01\\\/maria_mar_4.jpg\",\"keywords\":[\"+52\",\"Empleo\",\"Plan de Empleo\"],\"articleSection\":[\"Empleo y Formaci\u00f3n\"],\"inLanguage\":\"es\"},{\"@type\":\"WebPage\",\"@id\":\"https:\\\/\\\/www.caudete.org\\\/ayuntamiento\\\/caudete-contara-con-9-puestos-del-plan-de-empleo-52\\\/\",\"url\":\"https:\\\/\\\/www.caudete.org\\\/ayuntamiento\\\/caudete-contara-con-9-puestos-del-plan-de-empleo-52\\\/\",\"name\":\"Caudete contar\u00e1 con 9 puestos del Plan de Empleo +52 - MI Ayuntamiento de Caudete\",\"isPartOf\":{\"@id\":\"https:\\\/\\\/www.caudete.org\\\/ayuntamiento\\\/#website\"},\"primaryImageOfPage\":{\"@id\":\"https:\\\/\\\/www.caudete.org\\\/ayuntamiento\\\/caudete-contara-con-9-puestos-del-plan-de-empleo-52\\\/#primaryimage\"},\"image\":{\"@id\":\"https:\\\/\\\/www.caudete.org\\\/ayuntamiento\\\/caudete-contara-con-9-puestos-del-plan-de-empleo-52\\\/#primaryimage\"},\"thumbnailUrl\":\"https:\\\/\\\/www.caudete.org\\\/ayuntamiento\\\/wp-content\\\/uploads\\\/2021\\\/01\\\/maria_mar_4.jpg\",\"datePublished\":\"2021-01-04T12:20:31+00:00\",\"dateModified\":\"2021-01-04T13:12:08+00:00\",\"description\":\"P\u00e1gina Oficial del Ayuntamiento de Caudete (Albacete)\",\"breadcrumb\":{\"@id\":\"https:\\\/\\\/www.caudete.org\\\/ayuntamiento\\\/caudete-contara-con-9-puestos-del-plan-de-empleo-52\\\/#breadcrumb\"},\"inLanguage\":\"es\",\"potentialAction\":[{\"@type\":\"ReadAction\",\"target\":[\"https:\\\/\\\/www.caudete.org\\\/ayuntamiento\\\/caudete-contara-con-9-puestos-del-plan-de-empleo-52\\\/\"]}]},{\"@type\":\"ImageObject\",\"inLanguage\":\"es\",\"@id\":\"https:\\\/\\\/www.caudete.org\\\/ayuntamiento\\\/caudete-contara-con-9-puestos-del-plan-de-empleo-52\\\/#primaryimage\",\"url\":\"https:\\\/\\\/www.caudete.org\\\/ayuntamiento\\\/wp-content\\\/uploads\\\/2021\\\/01\\\/maria_mar_4.jpg\",\"contentUrl\":\"https:\\\/\\\/www.caudete.org\\\/ayuntamiento\\\/wp-content\\\/uploads\\\/2021\\\/01\\\/maria_mar_4.jpg\",\"width\":620,\"height\":319},{\"@type\":\"BreadcrumbList\",\"@id\":\"https:\\\/\\\/www.caudete.org\\\/ayuntamiento\\\/caudete-contara-con-9-puestos-del-plan-de-empleo-52\\\/#breadcrumb\",\"itemListElement\":[{\"@type\":\"ListItem\",\"position\":1,\"name\":\"Inicio\",\"item\":\"https:\\\/\\\/www.caudete.org\\\/ayuntamiento\\\/\"},{\"@type\":\"ListItem\",\"position\":2,\"name\":\"Caudete contar\u00e1 con 9 puestos del Plan de Empleo +52\"}]},{\"@type\":\"WebSite\",\"@id\":\"https:\\\/\\\/www.caudete.org\\\/ayuntamiento\\\/#website\",\"url\":\"https:\\\/\\\/www.caudete.org\\\/ayuntamiento\\\/\",\"name\":\"MI Ayuntamiento de Caudete\",\"description\":\"P\u00e1gina Oficial del MI Ayuntamiento de Caudete\",\"publisher\":{\"@id\":\"https:\\\/\\\/www.caudete.org\\\/ayuntamiento\\\/#organization\"},\"potentialAction\":[{\"@type\":\"SearchAction\",\"target\":{\"@type\":\"EntryPoint\",\"urlTemplate\":\"https:\\\/\\\/www.caudete.org\\\/ayuntamiento\\\/?s={search_term_string}\"},\"query-input\":{\"@type\":\"PropertyValueSpecification\",\"valueRequired\":true,\"valueName\":\"search_term_string\"}}],\"inLanguage\":\"es\"},{\"@type\":\"Organization\",\"@id\":\"https:\\\/\\\/www.caudete.org\\\/ayuntamiento\\\/#organization\",\"name\":\"Ayuntamiento de Caudete\",\"url\":\"https:\\\/\\\/www.caudete.org\\\/ayuntamiento\\\/\",\"logo\":{\"@type\":\"ImageObject\",\"inLanguage\":\"es\",\"@id\":\"https:\\\/\\\/www.caudete.org\\\/ayuntamiento\\\/#\\\/schema\\\/logo\\\/image\\\/\",\"url\":\"https:\\\/\\\/www.caudete.org\\\/ayuntamiento\\\/wp-content\\\/uploads\\\/2020\\\/11\\\/logo_ayuntamiento_caudete.jpg\",\"contentUrl\":\"https:\\\/\\\/www.caudete.org\\\/ayuntamiento\\\/wp-content\\\/uploads\\\/2020\\\/11\\\/logo_ayuntamiento_caudete.jpg\",\"width\":600,\"height\":150,\"caption\":\"Ayuntamiento de Caudete\"},\"image\":{\"@id\":\"https:\\\/\\\/www.caudete.org\\\/ayuntamiento\\\/#\\\/schema\\\/logo\\\/image\\\/\"},\"sameAs\":[\"https:\\\/\\\/www.facebook.com\\\/ayuntamientocaudete\\\/\",\"https:\\\/\\\/www.youtube.com\\\/channel\\\/UC6VztHaooNsGpw-tNoBEFnQ\"]},{\"@type\":\"Person\",\"@id\":\"https:\\\/\\\/www.caudete.org\\\/ayuntamiento\\\/#\\\/schema\\\/person\\\/cc646da9133078ee4d8dd47457947253\",\"name\":\"alcalde\",\"image\":{\"@type\":\"ImageObject\",\"inLanguage\":\"es\",\"@id\":\"https:\\\/\\\/secure.gravatar.com\\\/avatar\\\/84a817ba065b29ff08d666b215a215f5c79186a645ccb25b14a663d48a130f77?s=96&d=mm&r=g\",\"url\":\"https:\\\/\\\/secure.gravatar.com\\\/avatar\\\/84a817ba065b29ff08d666b215a215f5c79186a645ccb25b14a663d48a130f77?s=96&d=mm&r=g\",\"contentUrl\":\"https:\\\/\\\/secure.gravatar.com\\\/avatar\\\/84a817ba065b29ff08d666b215a215f5c79186a645ccb25b14a663d48a130f77?s=96&d=mm&r=g\",\"caption\":\"alcalde\"},\"url\":\"https:\\\/\\\/www.caudete.org\\\/ayuntamiento\\\/author\\\/alcalde\\\/\"}]}<\/script>\n<!-- \/ Yoast SEO plugin. -->","yoast_head_json":{"title":"Caudete contar\u00e1 con 9 puestos del Plan de Empleo +52 - MI Ayuntamiento de Caudete","description":"P\u00e1gina Oficial del Ayuntamiento de Caudete (Albacete)","robots":{"index":"index","follow":"follow","max-snippet":"max-snippet:-1","max-image-preview":"max-image-preview:large","max-video-preview":"max-video-preview:-1"},"canonical":"https:\/\/www.caudete.org\/ayuntamiento\/caudete-contara-con-9-puestos-del-plan-de-empleo-52\/","og_locale":"es_ES","og_type":"article","og_title":"Caudete contar\u00e1 con 9 puestos del Plan de Empleo +52 - MI Ayuntamiento de Caudete","og_description":"P\u00e1gina Oficial del Ayuntamiento de Caudete (Albacete)","og_url":"https:\/\/www.caudete.org\/ayuntamiento\/caudete-contara-con-9-puestos-del-plan-de-empleo-52\/","og_site_name":"MI Ayuntamiento de Caudete","article_publisher":"https:\/\/www.facebook.com\/ayuntamientocaudete\/","article_published_time":"2021-01-04T12:20:31+00:00","article_modified_time":"2021-01-04T13:12:08+00:00","og_image":[{"width":620,"height":319,"url":"https:\/\/www.caudete.org\/ayuntamiento\/wp-content\/uploads\/2021\/01\/maria_mar_4.jpg","type":"image\/jpeg"}],"author":"alcalde","twitter_card":"summary_large_image","twitter_misc":{"Escrito por":"alcalde","Tiempo de lectura":"2 minutos"},"schema":{"@context":"https:\/\/schema.org","@graph":[{"@type":"Article","@id":"https:\/\/www.caudete.org\/ayuntamiento\/caudete-contara-con-9-puestos-del-plan-de-empleo-52\/#article","isPartOf":{"@id":"https:\/\/www.caudete.org\/ayuntamiento\/caudete-contara-con-9-puestos-del-plan-de-empleo-52\/"},"author":{"name":"alcalde","@id":"https:\/\/www.caudete.org\/ayuntamiento\/#\/schema\/person\/cc646da9133078ee4d8dd47457947253"},"headline":"Caudete contar\u00e1 con 9 puestos del Plan de Empleo +52","datePublished":"2021-01-04T12:20:31+00:00","dateModified":"2021-01-04T13:12:08+00:00","mainEntityOfPage":{"@id":"https:\/\/www.caudete.org\/ayuntamiento\/caudete-contara-con-9-puestos-del-plan-de-empleo-52\/"},"wordCount":396,"publisher":{"@id":"https:\/\/www.caudete.org\/ayuntamiento\/#organization"},"image":{"@id":"https:\/\/www.caudete.org\/ayuntamiento\/caudete-contara-con-9-puestos-del-plan-de-empleo-52\/#primaryimage"},"thumbnailUrl":"https:\/\/www.caudete.org\/ayuntamiento\/wp-content\/uploads\/2021\/01\/maria_mar_4.jpg","keywords":["+52","Empleo","Plan de Empleo"],"articleSection":["Empleo y Formaci\u00f3n"],"inLanguage":"es"},{"@type":"WebPage","@id":"https:\/\/www.caudete.org\/ayuntamiento\/caudete-contara-con-9-puestos-del-plan-de-empleo-52\/","url":"https:\/\/www.caudete.org\/ayuntamiento\/caudete-contara-con-9-puestos-del-plan-de-empleo-52\/","name":"Caudete contar\u00e1 con 9 puestos del Plan de Empleo +52 - MI Ayuntamiento de Caudete","isPartOf":{"@id":"https:\/\/www.caudete.org\/ayuntamiento\/#website"},"primaryImageOfPage":{"@id":"https:\/\/www.caudete.org\/ayuntamiento\/caudete-contara-con-9-puestos-del-plan-de-empleo-52\/#primaryimage"},"image":{"@id":"https:\/\/www.caudete.org\/ayuntamiento\/caudete-contara-con-9-puestos-del-plan-de-empleo-52\/#primaryimage"},"thumbnailUrl":"https:\/\/www.caudete.org\/ayuntamiento\/wp-content\/uploads\/2021\/01\/maria_mar_4.jpg","datePublished":"2021-01-04T12:20:31+00:00","dateModified":"2021-01-04T13:12:08+00:00","description":"P\u00e1gina Oficial del Ayuntamiento de Caudete (Albacete)","breadcrumb":{"@id":"https:\/\/www.caudete.org\/ayuntamiento\/caudete-contara-con-9-puestos-del-plan-de-empleo-52\/#breadcrumb"},"inLanguage":"es","potentialAction":[{"@type":"ReadAction","target":["https:\/\/www.caudete.org\/ayuntamiento\/caudete-contara-con-9-puestos-del-plan-de-empleo-52\/"]}]},{"@type":"ImageObject","inLanguage":"es","@id":"https:\/\/www.caudete.org\/ayuntamiento\/caudete-contara-con-9-puestos-del-plan-de-empleo-52\/#primaryimage","url":"https:\/\/www.caudete.org\/ayuntamiento\/wp-content\/uploads\/2021\/01\/maria_mar_4.jpg","contentUrl":"https:\/\/www.caudete.org\/ayuntamiento\/wp-content\/uploads\/2021\/01\/maria_mar_4.jpg","width":620,"height":319},{"@type":"BreadcrumbList","@id":"https:\/\/www.caudete.org\/ayuntamiento\/caudete-contara-con-9-puestos-del-plan-de-empleo-52\/#breadcrumb","itemListElement":[{"@type":"ListItem","position":1,"name":"Inicio","item":"https:\/\/www.caudete.org\/ayuntamiento\/"},{"@type":"ListItem","position":2,"name":"Caudete contar\u00e1 con 9 puestos del Plan de Empleo +52"}]},{"@type":"WebSite","@id":"https:\/\/www.caudete.org\/ayuntamiento\/#website","url":"https:\/\/www.caudete.org\/ayuntamiento\/","name":"MI Ayuntamiento de Caudete","description":"P\u00e1gina Oficial del MI Ayuntamiento de Caudete","publisher":{"@id":"https:\/\/www.caudete.org\/ayuntamiento\/#organization"},"potentialAction":[{"@type":"SearchAction","target":{"@type":"EntryPoint","urlTemplate":"https:\/\/www.caudete.org\/ayuntamiento\/?s={search_term_string}"},"query-input":{"@type":"PropertyValueSpecification","valueRequired":true,"valueName":"search_term_string"}}],"inLanguage":"es"},{"@type":"Organization","@id":"https:\/\/www.caudete.org\/ayuntamiento\/#organization","name":"Ayuntamiento de Caudete","url":"https:\/\/www.caudete.org\/ayuntamiento\/","logo":{"@type":"ImageObject","inLanguage":"es","@id":"https:\/\/www.caudete.org\/ayuntamiento\/#\/schema\/logo\/image\/","url":"https:\/\/www.caudete.org\/ayuntamiento\/wp-content\/uploads\/2020\/11\/logo_ayuntamiento_caudete.jpg","contentUrl":"https:\/\/www.caudete.org\/ayuntamiento\/wp-content\/uploads\/2020\/11\/logo_ayuntamiento_caudete.jpg","width":600,"height":150,"caption":"Ayuntamiento de Caudete"},"image":{"@id":"https:\/\/www.caudete.org\/ayuntamiento\/#\/schema\/logo\/image\/"},"sameAs":["https:\/\/www.facebook.com\/ayuntamientocaudete\/","https:\/\/www.youtube.com\/channel\/UC6VztHaooNsGpw-tNoBEFnQ"]},{"@type":"Person","@id":"https:\/\/www.caudete.org\/ayuntamiento\/#\/schema\/person\/cc646da9133078ee4d8dd47457947253","name":"alcalde","image":{"@type":"ImageObject","inLanguage":"es","@id":"https:\/\/secure.gravatar.com\/avatar\/84a817ba065b29ff08d666b215a215f5c79186a645ccb25b14a663d48a130f77?s=96&d=mm&r=g","url":"https:\/\/secure.gravatar.com\/avatar\/84a817ba065b29ff08d666b215a215f5c79186a645ccb25b14a663d48a130f77?s=96&d=mm&r=g","contentUrl":"https:\/\/secure.gravatar.com\/avatar\/84a817ba065b29ff08d666b215a215f5c79186a645ccb25b14a663d48a130f77?s=96&d=mm&r=g","caption":"alcalde"},"url":"https:\/\/www.caudete.org\/ayuntamiento\/author\/alcalde\/"}]}},"_links":{"self":[{"href":"https:\/\/www.caudete.org\/ayuntamiento\/wp-json\/wp\/v2\/posts\/11402","targetHints":{"allow":["GET"]}}],"collection":[{"href":"https:\/\/www.caudete.org\/ayuntamiento\/wp-json\/wp\/v2\/posts"}],"about":[{"href":"https:\/\/www.caudete.org\/ayuntamiento\/wp-json\/wp\/v2\/types\/post"}],"author":[{"embeddable":true,"href":"https:\/\/www.caudete.org\/ayuntamiento\/wp-json\/wp\/v2\/users\/3"}],"replies":[{"embeddable":true,"href":"https:\/\/www.caudete.org\/ayuntamiento\/wp-json\/wp\/v2\/comments?post=11402"}],"version-history":[{"count":5,"href":"https:\/\/www.caudete.org\/ayuntamiento\/wp-json\/wp\/v2\/posts\/11402\/revisions"}],"predecessor-version":[{"id":11412,"href":"https:\/\/www.caudete.org\/ayuntamiento\/wp-json\/wp\/v2\/posts\/11402\/revisions\/11412"}],"wp:featuredmedia":[{"embeddable":true,"href":"https:\/\/www.caudete.org\/ayuntamiento\/wp-json\/wp\/v2\/media\/11413"}],"wp:attachment":[{"href":"https:\/\/www.caudete.org\/ayuntamiento\/wp-json\/wp\/v2\/media?parent=11402"}],"wp:term":[{"taxonomy":"category","embeddable":true,"href":"https:\/\/www.caudete.org\/ayuntamiento\/wp-json\/wp\/v2\/categories?post=11402"},{"taxonomy":"post_tag","embeddable":true,"href":"https:\/\/www.caudete.org\/ayuntamiento\/wp-json\/wp\/v2\/tags?post=11402"}],"curies":[{"name":"wp","href":"https:\/\/api.w.org\/{rel}","templated":true}]}}