{"id":11424,"date":"2021-01-06T11:48:05","date_gmt":"2021-01-06T10:48:05","guid":{"rendered":"http:\/\/www.caudete.org\/ayuntamiento\/?p=11424"},"modified":"2021-01-06T12:59:28","modified_gmt":"2021-01-06T11:59:28","slug":"sanidad-prorroga-hasta-el-16-enero-el-nivel-iii-para-caudete","status":"publish","type":"post","link":"https:\/\/www.caudete.org\/ayuntamiento\/sanidad-prorroga-hasta-el-16-enero-el-nivel-iii-para-caudete\/","title":{"rendered":"Sanidad prorroga hasta el 16 Enero el Nivel III para Caudete"},"content":{"rendered":"<p style=\"text-align: justify;\">Hace unos instantes la Delegaci\u00f3n Provincial de Sanidad trasladaba al Ayuntamiento la decisi\u00f3n adoptada para Caudete de permanecer en Nivel III otros 10 d\u00edas m\u00e1s, prorrogando as\u00ed las medidas especiales que se adoptaron el 17 de Diciembre , situaci\u00f3n que se extender\u00e1, al menos, hasta el d\u00eda 16 de Enero inclusive.<\/p>\n<p style=\"text-align: justify;\">La Resoluci\u00f3n, en el apartado de antecedentes, recoge la situaci\u00f3n concreta de las semanas 51 y 52 del a\u00f1o, observ\u00e1ndose una &#8220;tendencia ligeramente descendente de una semana a otra en un escenario de elevada incidencia&#8221;, cuesti\u00f3n que aun as\u00ed no ha sido suficiente para salir del Nivel III. Hay que tener en cuenta que la suma de casos del citado periodo (semanas 51 y 52), han arrojado un total de 43 casos de COVID-19 lo que supone una tasa de incidencia acumulada en los \u00faltimos 14 d\u00edas de 431,6 casos\/100.000 habitantes (IC 95%: 302,6-560,6).<\/p>\n<p style=\"text-align: justify;\">Sin embargo, si la tendencia de descenso en el n\u00famero de contagios se extiende en las primeras semanas del a\u00f1o 2021, Caudete tendr\u00e1 posibilidades para salir de las restrictivas medidas especiales por la adopci\u00f3n del Nivel III, y volver a la normalidad anterior al 17 de Diciembre.<\/p>\n<p style=\"text-align: justify;\">Cabe recordar que las medidas adoptadas est\u00e1n teniendo un especial y duro impacto en el sector de la hosteler\u00eda y la restauraci\u00f3n de la localidad principalmente, as\u00ed como a todos aquellos que forman parte de la cadena de \u00e9stos.<\/p>\n<p style=\"text-align: justify;\">Desde el Consistorio lanzan un mensaje de \u00e1nimo y esperanza para todos los afectados por esta situaci\u00f3n: enfermos y familiares, as\u00ed como aut\u00f3nomos y pymes; a la misma vez que absoluta y total conciencia con la situaci\u00f3n sanitaria y responsabilidad personal y global a todos los ciudadanos, el agradecimiento a sanitarios y el apoyo de todo el pueblo a los sectores que duramente est\u00e1 sufriendo las consecuencias econ\u00f3micas de esta situaci\u00f3n.<\/p>\n<p style=\"text-align: justify;\">A continuaci\u00f3n, pod\u00e9is consultar el extracto de &#8220;Antecedentes&#8221; de la Resoluci\u00f3n de 06\/01\/2021, de la Delegaci\u00f3n Provincial de Sanidad de Albacete, por la que se prorrogan las medidas adoptadas mediante Resoluci\u00f3n de 17\/12\/2020 por la que se adoptan medidas de la Ley Org\u00e1nica 3\/1986, de 14 de abril, de Medidas Especiales en Materia de Salud P\u00fablica para la contenci\u00f3n de la expansi\u00f3n del COVID-19, en la localidad de Caudete (Albacete).<\/p>\n<p style=\"text-align: center;\">&#8220;<em>ANTECEDENTES:<\/em><\/p>\n<p style=\"text-align: justify;\"><em>&#8211; Durante la semana epidemiol\u00f3gica n\u00famero 51 (del 14 al 20 de diciembre de 2020), en el municipio de Caudete se declararon al Sistema de Vigilancia Epidemiol\u00f3gica de Castilla-La Mancha un total de un total de 24 casos de COVID-19 lo que supone una tasa de incidencia semanal de 240,9 casos\/100.000 habitantes (IC 95%: 144,5-337,3).<\/em><\/p>\n<p style=\"text-align: justify;\"><em>&#8211; Durante la semana epidemiol\u00f3gica n\u00famero 52 (del 21 al 27 de diciembre de 2020), en el municipio de Caudete se declararon al Sistema de Vigilancia Epidemiol\u00f3gica de Castilla-La Mancha un total de un total de 19 casos de COVID-19 lo que supone una tasa de incidencia semanal de 190,7 casos\/100.000 habitantes (IC 95%: 105,0-276,5).<\/em><\/p>\n<p style=\"text-align: justify;\"><em>&#8211; As\u00ed pues, entre las semanas epidemiol\u00f3gicas 51 y 52 se han declarado en el municipio de Caudete un total de 43 casos de COVID-19 lo que supone una tasa de incidencia acumulada en los \u00faltimos 14 d\u00edas de 431,6 casos\/100.000 habitantes (IC 95%: 302,6-560,6).<\/em><\/p>\n<p style=\"text-align: justify;\"><em>&#8211; La raz\u00f3n de tasas de incidencia entre las semanas 52 y 51 ha sido 0,79 (IC 95: 0,43-1,44) lo que indica una tendencia ligeramente descendente de una semana a otra en un escenario de elevada incidencia.<\/em><\/p>\n<p style=\"text-align: justify;\"><em>&#8211; La raz\u00f3n estandarizada de incidencia (REI) del municipio de Caudete en la semana 52 es de 109,3% (p &gt;0,05) lo que supone un 9% superior a la incidencia regional en esa semana.<\/em><\/p>\n<p style=\"text-align: justify;\"><em>&#8211; La tasa de incidencia acumulada en las semanas 51 y 52 (240,9 y 190,7 casos por 100.000 habitantes respectivamente), la tasa de incidencia acumulada en los 14 d\u00edas (431,6 casos por 100.000 habitantes) y el elevado n\u00famero de casos registrados en la semana 52 (19 casos), se sit\u00faan por encima de los umbrales de alerta establecidos en Castilla-La Mancha.<\/em><\/p>\n<p style=\"text-align: justify;\"><em>&#8211; Estos indicadores ponen de manifiesto que, aunque se ha observado una cierta mejor\u00eda, el municipio de Caudete todav\u00eda se encuentra en un escenario de transmisi\u00f3n comunitaria lo que exige que se contin\u00faen adoptando las medidas de Nivel 3, manteniendo una estrecha vigilancia y seguimiento de los indicadores y de la aplicaci\u00f3n de las medidas propuestas.&#8221;<\/em><\/p>\n<p>&nbsp;<\/p>\n","protected":false},"excerpt":{"rendered":"<p>Hace unos instantes la Delegaci\u00f3n Provincial de Sanidad trasladaba al Ayuntamiento la decisi\u00f3n adoptada para Caudete de permanecer en Nivel III otros 10 d\u00edas m\u00e1s, prorrogando as\u00ed las medidas especiales que se adoptaron el 17 de Diciembre , situaci\u00f3n que se extender\u00e1, al menos, hasta el d\u00eda 16 de Enero inclusive. La Resoluci\u00f3n, en el &hellip;<\/p>\n","protected":false},"author":3,"featured_media":11430,"comment_status":"closed","ping_status":"open","sticky":false,"template":"","format":"standard","meta":{"ngg_post_thumbnail":0,"footnotes":""},"categories":[16],"tags":[17,79,140,156,196,141,197],"class_list":["post-11424","post","type-post","status-publish","format-standard","has-post-thumbnail","hentry","category-sanidad","tag-covid","tag-covid-19","tag-medidas-nivel-3","tag-medidas-nivel-iii","tag-medidas-sanitarias","tag-nivel-iii","tag-situacion-sanitaria"],"yoast_head":"<!-- This site is optimized with the Yoast SEO plugin v27.5 - https:\/\/yoast.com\/product\/yoast-seo-wordpress\/ -->\n<title>Sanidad prorroga hasta el 16 Enero el Nivel III para Caudete - MI Ayuntamiento de Caudete<\/title>\n<meta name=\"description\" content=\"P\u00e1gina Oficial del Ayuntamiento de Caudete (Albacete)\" \/>\n<meta name=\"robots\" content=\"index, follow, max-snippet:-1, max-image-preview:large, max-video-preview:-1\" \/>\n<link rel=\"canonical\" href=\"https:\/\/www.caudete.org\/ayuntamiento\/sanidad-prorroga-hasta-el-16-enero-el-nivel-iii-para-caudete\/\" \/>\n<meta property=\"og:locale\" content=\"es_ES\" \/>\n<meta property=\"og:type\" content=\"article\" \/>\n<meta property=\"og:title\" content=\"Sanidad prorroga hasta el 16 Enero el Nivel III para Caudete - MI Ayuntamiento de Caudete\" \/>\n<meta property=\"og:description\" content=\"P\u00e1gina Oficial del Ayuntamiento de Caudete (Albacete)\" \/>\n<meta property=\"og:url\" content=\"https:\/\/www.caudete.org\/ayuntamiento\/sanidad-prorroga-hasta-el-16-enero-el-nivel-iii-para-caudete\/\" \/>\n<meta property=\"og:site_name\" content=\"MI Ayuntamiento de Caudete\" \/>\n<meta property=\"article:publisher\" content=\"https:\/\/www.facebook.com\/ayuntamientocaudete\/\" \/>\n<meta property=\"article:published_time\" content=\"2021-01-06T10:48:05+00:00\" \/>\n<meta property=\"article:modified_time\" content=\"2021-01-06T11:59:28+00:00\" \/>\n<meta property=\"og:image\" content=\"https:\/\/www.caudete.org\/ayuntamiento\/wp-content\/uploads\/2021\/01\/Situacion-Covid-redimensionada1.jpg\" \/>\n\t<meta property=\"og:image:width\" content=\"1920\" \/>\n\t<meta property=\"og:image:height\" content=\"958\" \/>\n\t<meta property=\"og:image:type\" content=\"image\/jpeg\" \/>\n<meta name=\"author\" content=\"alcalde\" \/>\n<meta name=\"twitter:card\" content=\"summary_large_image\" \/>\n<meta name=\"twitter:label1\" content=\"Escrito por\" \/>\n\t<meta name=\"twitter:data1\" content=\"alcalde\" \/>\n\t<meta name=\"twitter:label2\" content=\"Tiempo de lectura\" \/>\n\t<meta name=\"twitter:data2\" content=\"4 minutos\" \/>\n<script type=\"application\/ld+json\" class=\"yoast-schema-graph\">{\"@context\":\"https:\\\/\\\/schema.org\",\"@graph\":[{\"@type\":\"Article\",\"@id\":\"https:\\\/\\\/www.caudete.org\\\/ayuntamiento\\\/sanidad-prorroga-hasta-el-16-enero-el-nivel-iii-para-caudete\\\/#article\",\"isPartOf\":{\"@id\":\"https:\\\/\\\/www.caudete.org\\\/ayuntamiento\\\/sanidad-prorroga-hasta-el-16-enero-el-nivel-iii-para-caudete\\\/\"},\"author\":{\"name\":\"alcalde\",\"@id\":\"https:\\\/\\\/www.caudete.org\\\/ayuntamiento\\\/#\\\/schema\\\/person\\\/cc646da9133078ee4d8dd47457947253\"},\"headline\":\"Sanidad prorroga hasta el 16 Enero el Nivel III para Caudete\",\"datePublished\":\"2021-01-06T10:48:05+00:00\",\"dateModified\":\"2021-01-06T11:59:28+00:00\",\"mainEntityOfPage\":{\"@id\":\"https:\\\/\\\/www.caudete.org\\\/ayuntamiento\\\/sanidad-prorroga-hasta-el-16-enero-el-nivel-iii-para-caudete\\\/\"},\"wordCount\":719,\"image\":{\"@id\":\"https:\\\/\\\/www.caudete.org\\\/ayuntamiento\\\/sanidad-prorroga-hasta-el-16-enero-el-nivel-iii-para-caudete\\\/#primaryimage\"},\"thumbnailUrl\":\"https:\\\/\\\/www.caudete.org\\\/ayuntamiento\\\/wp-content\\\/uploads\\\/2021\\\/01\\\/Situacion-Covid-redimensionada1.jpg\",\"keywords\":[\"covid\",\"covid-19\",\"Medidas nivel 3\",\"Medidas Nivel III\",\"Medidas Sanitarias\",\"Nivel III\",\"Situacion sanitaria\"],\"articleSection\":[\"Sanidad\"],\"inLanguage\":\"es\"},{\"@type\":\"WebPage\",\"@id\":\"https:\\\/\\\/www.caudete.org\\\/ayuntamiento\\\/sanidad-prorroga-hasta-el-16-enero-el-nivel-iii-para-caudete\\\/\",\"url\":\"https:\\\/\\\/www.caudete.org\\\/ayuntamiento\\\/sanidad-prorroga-hasta-el-16-enero-el-nivel-iii-para-caudete\\\/\",\"name\":\"Sanidad prorroga hasta el 16 Enero el Nivel III para Caudete - MI Ayuntamiento de Caudete\",\"isPartOf\":{\"@id\":\"https:\\\/\\\/www.caudete.org\\\/ayuntamiento\\\/#website\"},\"primaryImageOfPage\":{\"@id\":\"https:\\\/\\\/www.caudete.org\\\/ayuntamiento\\\/sanidad-prorroga-hasta-el-16-enero-el-nivel-iii-para-caudete\\\/#primaryimage\"},\"image\":{\"@id\":\"https:\\\/\\\/www.caudete.org\\\/ayuntamiento\\\/sanidad-prorroga-hasta-el-16-enero-el-nivel-iii-para-caudete\\\/#primaryimage\"},\"thumbnailUrl\":\"https:\\\/\\\/www.caudete.org\\\/ayuntamiento\\\/wp-content\\\/uploads\\\/2021\\\/01\\\/Situacion-Covid-redimensionada1.jpg\",\"datePublished\":\"2021-01-06T10:48:05+00:00\",\"dateModified\":\"2021-01-06T11:59:28+00:00\",\"author\":{\"@id\":\"https:\\\/\\\/www.caudete.org\\\/ayuntamiento\\\/#\\\/schema\\\/person\\\/cc646da9133078ee4d8dd47457947253\"},\"description\":\"P\u00e1gina Oficial del Ayuntamiento de Caudete (Albacete)\",\"breadcrumb\":{\"@id\":\"https:\\\/\\\/www.caudete.org\\\/ayuntamiento\\\/sanidad-prorroga-hasta-el-16-enero-el-nivel-iii-para-caudete\\\/#breadcrumb\"},\"inLanguage\":\"es\",\"potentialAction\":[{\"@type\":\"ReadAction\",\"target\":[\"https:\\\/\\\/www.caudete.org\\\/ayuntamiento\\\/sanidad-prorroga-hasta-el-16-enero-el-nivel-iii-para-caudete\\\/\"]}]},{\"@type\":\"ImageObject\",\"inLanguage\":\"es\",\"@id\":\"https:\\\/\\\/www.caudete.org\\\/ayuntamiento\\\/sanidad-prorroga-hasta-el-16-enero-el-nivel-iii-para-caudete\\\/#primaryimage\",\"url\":\"https:\\\/\\\/www.caudete.org\\\/ayuntamiento\\\/wp-content\\\/uploads\\\/2021\\\/01\\\/Situacion-Covid-redimensionada1.jpg\",\"contentUrl\":\"https:\\\/\\\/www.caudete.org\\\/ayuntamiento\\\/wp-content\\\/uploads\\\/2021\\\/01\\\/Situacion-Covid-redimensionada1.jpg\",\"width\":1920,\"height\":958},{\"@type\":\"BreadcrumbList\",\"@id\":\"https:\\\/\\\/www.caudete.org\\\/ayuntamiento\\\/sanidad-prorroga-hasta-el-16-enero-el-nivel-iii-para-caudete\\\/#breadcrumb\",\"itemListElement\":[{\"@type\":\"ListItem\",\"position\":1,\"name\":\"Inicio\",\"item\":\"https:\\\/\\\/www.caudete.org\\\/ayuntamiento\\\/\"},{\"@type\":\"ListItem\",\"position\":2,\"name\":\"Sanidad prorroga hasta el 16 Enero el Nivel III para Caudete\"}]},{\"@type\":\"WebSite\",\"@id\":\"https:\\\/\\\/www.caudete.org\\\/ayuntamiento\\\/#website\",\"url\":\"https:\\\/\\\/www.caudete.org\\\/ayuntamiento\\\/\",\"name\":\"MI Ayuntamiento de Caudete\",\"description\":\"P\u00e1gina Oficial del MI Ayuntamiento de Caudete\",\"potentialAction\":[{\"@type\":\"SearchAction\",\"target\":{\"@type\":\"EntryPoint\",\"urlTemplate\":\"https:\\\/\\\/www.caudete.org\\\/ayuntamiento\\\/?s={search_term_string}\"},\"query-input\":{\"@type\":\"PropertyValueSpecification\",\"valueRequired\":true,\"valueName\":\"search_term_string\"}}],\"inLanguage\":\"es\"},{\"@type\":\"Person\",\"@id\":\"https:\\\/\\\/www.caudete.org\\\/ayuntamiento\\\/#\\\/schema\\\/person\\\/cc646da9133078ee4d8dd47457947253\",\"name\":\"alcalde\",\"image\":{\"@type\":\"ImageObject\",\"inLanguage\":\"es\",\"@id\":\"https:\\\/\\\/secure.gravatar.com\\\/avatar\\\/84a817ba065b29ff08d666b215a215f5c79186a645ccb25b14a663d48a130f77?s=96&d=mm&r=g\",\"url\":\"https:\\\/\\\/secure.gravatar.com\\\/avatar\\\/84a817ba065b29ff08d666b215a215f5c79186a645ccb25b14a663d48a130f77?s=96&d=mm&r=g\",\"contentUrl\":\"https:\\\/\\\/secure.gravatar.com\\\/avatar\\\/84a817ba065b29ff08d666b215a215f5c79186a645ccb25b14a663d48a130f77?s=96&d=mm&r=g\",\"caption\":\"alcalde\"},\"url\":\"https:\\\/\\\/www.caudete.org\\\/ayuntamiento\\\/author\\\/alcalde\\\/\"}]}<\/script>\n<!-- \/ Yoast SEO plugin. -->","yoast_head_json":{"title":"Sanidad prorroga hasta el 16 Enero el Nivel III para Caudete - MI Ayuntamiento de Caudete","description":"P\u00e1gina Oficial del Ayuntamiento de Caudete (Albacete)","robots":{"index":"index","follow":"follow","max-snippet":"max-snippet:-1","max-image-preview":"max-image-preview:large","max-video-preview":"max-video-preview:-1"},"canonical":"https:\/\/www.caudete.org\/ayuntamiento\/sanidad-prorroga-hasta-el-16-enero-el-nivel-iii-para-caudete\/","og_locale":"es_ES","og_type":"article","og_title":"Sanidad prorroga hasta el 16 Enero el Nivel III para Caudete - MI Ayuntamiento de Caudete","og_description":"P\u00e1gina Oficial del Ayuntamiento de Caudete (Albacete)","og_url":"https:\/\/www.caudete.org\/ayuntamiento\/sanidad-prorroga-hasta-el-16-enero-el-nivel-iii-para-caudete\/","og_site_name":"MI Ayuntamiento de Caudete","article_publisher":"https:\/\/www.facebook.com\/ayuntamientocaudete\/","article_published_time":"2021-01-06T10:48:05+00:00","article_modified_time":"2021-01-06T11:59:28+00:00","og_image":[{"width":1920,"height":958,"url":"https:\/\/www.caudete.org\/ayuntamiento\/wp-content\/uploads\/2021\/01\/Situacion-Covid-redimensionada1.jpg","type":"image\/jpeg"}],"author":"alcalde","twitter_card":"summary_large_image","twitter_misc":{"Escrito por":"alcalde","Tiempo de lectura":"4 minutos"},"schema":{"@context":"https:\/\/schema.org","@graph":[{"@type":"Article","@id":"https:\/\/www.caudete.org\/ayuntamiento\/sanidad-prorroga-hasta-el-16-enero-el-nivel-iii-para-caudete\/#article","isPartOf":{"@id":"https:\/\/www.caudete.org\/ayuntamiento\/sanidad-prorroga-hasta-el-16-enero-el-nivel-iii-para-caudete\/"},"author":{"name":"alcalde","@id":"https:\/\/www.caudete.org\/ayuntamiento\/#\/schema\/person\/cc646da9133078ee4d8dd47457947253"},"headline":"Sanidad prorroga hasta el 16 Enero el Nivel III para Caudete","datePublished":"2021-01-06T10:48:05+00:00","dateModified":"2021-01-06T11:59:28+00:00","mainEntityOfPage":{"@id":"https:\/\/www.caudete.org\/ayuntamiento\/sanidad-prorroga-hasta-el-16-enero-el-nivel-iii-para-caudete\/"},"wordCount":719,"image":{"@id":"https:\/\/www.caudete.org\/ayuntamiento\/sanidad-prorroga-hasta-el-16-enero-el-nivel-iii-para-caudete\/#primaryimage"},"thumbnailUrl":"https:\/\/www.caudete.org\/ayuntamiento\/wp-content\/uploads\/2021\/01\/Situacion-Covid-redimensionada1.jpg","keywords":["covid","covid-19","Medidas nivel 3","Medidas Nivel III","Medidas Sanitarias","Nivel III","Situacion sanitaria"],"articleSection":["Sanidad"],"inLanguage":"es"},{"@type":"WebPage","@id":"https:\/\/www.caudete.org\/ayuntamiento\/sanidad-prorroga-hasta-el-16-enero-el-nivel-iii-para-caudete\/","url":"https:\/\/www.caudete.org\/ayuntamiento\/sanidad-prorroga-hasta-el-16-enero-el-nivel-iii-para-caudete\/","name":"Sanidad prorroga hasta el 16 Enero el Nivel III para Caudete - MI Ayuntamiento de Caudete","isPartOf":{"@id":"https:\/\/www.caudete.org\/ayuntamiento\/#website"},"primaryImageOfPage":{"@id":"https:\/\/www.caudete.org\/ayuntamiento\/sanidad-prorroga-hasta-el-16-enero-el-nivel-iii-para-caudete\/#primaryimage"},"image":{"@id":"https:\/\/www.caudete.org\/ayuntamiento\/sanidad-prorroga-hasta-el-16-enero-el-nivel-iii-para-caudete\/#primaryimage"},"thumbnailUrl":"https:\/\/www.caudete.org\/ayuntamiento\/wp-content\/uploads\/2021\/01\/Situacion-Covid-redimensionada1.jpg","datePublished":"2021-01-06T10:48:05+00:00","dateModified":"2021-01-06T11:59:28+00:00","author":{"@id":"https:\/\/www.caudete.org\/ayuntamiento\/#\/schema\/person\/cc646da9133078ee4d8dd47457947253"},"description":"P\u00e1gina Oficial del Ayuntamiento de Caudete (Albacete)","breadcrumb":{"@id":"https:\/\/www.caudete.org\/ayuntamiento\/sanidad-prorroga-hasta-el-16-enero-el-nivel-iii-para-caudete\/#breadcrumb"},"inLanguage":"es","potentialAction":[{"@type":"ReadAction","target":["https:\/\/www.caudete.org\/ayuntamiento\/sanidad-prorroga-hasta-el-16-enero-el-nivel-iii-para-caudete\/"]}]},{"@type":"ImageObject","inLanguage":"es","@id":"https:\/\/www.caudete.org\/ayuntamiento\/sanidad-prorroga-hasta-el-16-enero-el-nivel-iii-para-caudete\/#primaryimage","url":"https:\/\/www.caudete.org\/ayuntamiento\/wp-content\/uploads\/2021\/01\/Situacion-Covid-redimensionada1.jpg","contentUrl":"https:\/\/www.caudete.org\/ayuntamiento\/wp-content\/uploads\/2021\/01\/Situacion-Covid-redimensionada1.jpg","width":1920,"height":958},{"@type":"BreadcrumbList","@id":"https:\/\/www.caudete.org\/ayuntamiento\/sanidad-prorroga-hasta-el-16-enero-el-nivel-iii-para-caudete\/#breadcrumb","itemListElement":[{"@type":"ListItem","position":1,"name":"Inicio","item":"https:\/\/www.caudete.org\/ayuntamiento\/"},{"@type":"ListItem","position":2,"name":"Sanidad prorroga hasta el 16 Enero el Nivel III para Caudete"}]},{"@type":"WebSite","@id":"https:\/\/www.caudete.org\/ayuntamiento\/#website","url":"https:\/\/www.caudete.org\/ayuntamiento\/","name":"MI Ayuntamiento de Caudete","description":"P\u00e1gina Oficial del MI Ayuntamiento de Caudete","potentialAction":[{"@type":"SearchAction","target":{"@type":"EntryPoint","urlTemplate":"https:\/\/www.caudete.org\/ayuntamiento\/?s={search_term_string}"},"query-input":{"@type":"PropertyValueSpecification","valueRequired":true,"valueName":"search_term_string"}}],"inLanguage":"es"},{"@type":"Person","@id":"https:\/\/www.caudete.org\/ayuntamiento\/#\/schema\/person\/cc646da9133078ee4d8dd47457947253","name":"alcalde","image":{"@type":"ImageObject","inLanguage":"es","@id":"https:\/\/secure.gravatar.com\/avatar\/84a817ba065b29ff08d666b215a215f5c79186a645ccb25b14a663d48a130f77?s=96&d=mm&r=g","url":"https:\/\/secure.gravatar.com\/avatar\/84a817ba065b29ff08d666b215a215f5c79186a645ccb25b14a663d48a130f77?s=96&d=mm&r=g","contentUrl":"https:\/\/secure.gravatar.com\/avatar\/84a817ba065b29ff08d666b215a215f5c79186a645ccb25b14a663d48a130f77?s=96&d=mm&r=g","caption":"alcalde"},"url":"https:\/\/www.caudete.org\/ayuntamiento\/author\/alcalde\/"}]}},"_links":{"self":[{"href":"https:\/\/www.caudete.org\/ayuntamiento\/wp-json\/wp\/v2\/posts\/11424","targetHints":{"allow":["GET"]}}],"collection":[{"href":"https:\/\/www.caudete.org\/ayuntamiento\/wp-json\/wp\/v2\/posts"}],"about":[{"href":"https:\/\/www.caudete.org\/ayuntamiento\/wp-json\/wp\/v2\/types\/post"}],"author":[{"embeddable":true,"href":"https:\/\/www.caudete.org\/ayuntamiento\/wp-json\/wp\/v2\/users\/3"}],"replies":[{"embeddable":true,"href":"https:\/\/www.caudete.org\/ayuntamiento\/wp-json\/wp\/v2\/comments?post=11424"}],"version-history":[{"count":3,"href":"https:\/\/www.caudete.org\/ayuntamiento\/wp-json\/wp\/v2\/posts\/11424\/revisions"}],"predecessor-version":[{"id":11429,"href":"https:\/\/www.caudete.org\/ayuntamiento\/wp-json\/wp\/v2\/posts\/11424\/revisions\/11429"}],"wp:featuredmedia":[{"embeddable":true,"href":"https:\/\/www.caudete.org\/ayuntamiento\/wp-json\/wp\/v2\/media\/11430"}],"wp:attachment":[{"href":"https:\/\/www.caudete.org\/ayuntamiento\/wp-json\/wp\/v2\/media?parent=11424"}],"wp:term":[{"taxonomy":"category","embeddable":true,"href":"https:\/\/www.caudete.org\/ayuntamiento\/wp-json\/wp\/v2\/categories?post=11424"},{"taxonomy":"post_tag","embeddable":true,"href":"https:\/\/www.caudete.org\/ayuntamiento\/wp-json\/wp\/v2\/tags?post=11424"}],"curies":[{"name":"wp","href":"https:\/\/api.w.org\/{rel}","templated":true}]}}