{"id":11431,"date":"2021-01-06T14:22:42","date_gmt":"2021-01-06T13:22:42","guid":{"rendered":"http:\/\/www.caudete.org\/ayuntamiento\/?p=11431"},"modified":"2021-01-06T19:56:00","modified_gmt":"2021-01-06T18:56:00","slug":"comerciantes-y-ayuntamiento-reparte-46-premios-entre-los-caudetanos-tras-la-campana-navidena","status":"publish","type":"post","link":"https:\/\/www.caudete.org\/ayuntamiento\/comerciantes-y-ayuntamiento-reparte-46-premios-entre-los-caudetanos-tras-la-campana-navidena\/","title":{"rendered":"Comerciantes y Ayuntamiento reparten 46 Premios entre los caudetanos tras la Campa\u00f1a Navide\u00f1a"},"content":{"rendered":"<p style=\"text-align: justify;\">Como ya es tradicional, la ma\u00f1ana del 6 de Enero acoge el Sorteo que la Asociaci\u00f3n del Comercio de Caudete junto al Ayuntamiento de Caudete (quien aporta econ\u00f3micamente parte del importe de los Premios) vienen realizando a\u00f1o tras a\u00f1o entre aquellos caudetanos que han apostado por el Comercio Local para sus compras navide\u00f1as.<\/p>\n<p style=\"text-align: justify;\">A pesar de la situaci\u00f3n sanitaria, esta campa\u00f1a y sus Premios\u00a0 no pod\u00edan quedarse suspensas, m\u00e1xime cuando el comercio caudetano est\u00e1 sufriendo duramente las consecuencias econ\u00f3micas de la pandemia del Coronavirus. Es por ello, que esta edici\u00f3n cobraba especial protagonismo e importancia, y los caudetanos se han volcado en\u00a0 apostar por la econom\u00eda local y sus peque\u00f1os empresarios y aut\u00f3nomos, orgullo de un pueblo.<\/p>\n<p style=\"text-align: justify;\">Adem\u00e1s, el formato de los Premios de esta edici\u00f3n ha sido mucho m\u00e1s generoso, al otorgar mayor n\u00famero de \u00e9stos, en dos modalidades que han sumado un total de 36 Premios, repartidos en 6 de 300\u20ac y 40 por importe de 30\u20ac, siendo por tanto el total de 3.000\u20ac repartidos.<\/p>\n<p style=\"text-align: justify;\">El acto, realizado a las 12.00h en el interior de la Escuela Municipal de M\u00fasica y Danza, ha contado con la presencia de Directivos de la citada asociaci\u00f3n, con su Presidenta D\u00f1a. Manuela Gonz\u00e1lez Solera a frente, y por diversos Concejales del Equipo de Gobierno, con el Concejal de Comercio, Diego Cuenca Olivares. Grabado por la televisi\u00f3n local para su posterior emisi\u00f3n, se ha procedido a la extracci\u00f3n de las papeletas en el interior de un saco de grandes dimensiones, resultando ser los afortunados:<\/p>\n<p>&nbsp;<\/p>\n<p style=\"text-align: center;\"><strong><span style=\"text-decoration: underline;\"><span style=\"font-size: 14pt;\">PREMIADOS CON 600\u20ac CADA UNO<\/span><\/span><\/strong><\/p>\n<table class=\" aligncenter\" style=\"border-collapse: collapse; width: 26.1746%; height: 377px;\">\n<tbody>\n<tr style=\"height: 22px;\">\n<td style=\"width: 2.01207%; height: 22px;\"><\/td>\n<td style=\"width: 16.4491%; height: 22px;\"><strong>PREMIADO<\/strong><\/td>\n<\/tr>\n<tr style=\"height: 31px;\">\n<td style=\"width: 2.01207%; height: 31px;\"><strong>1.<\/strong><\/td>\n<td style=\"width: 16.4491%; height: 31px;\">Mar\u00eda Dolores Mart\u00ednez Vicente.<\/td>\n<\/tr>\n<tr style=\"height: 54px;\">\n<td style=\"width: 2.01207%; height: 54px;\"><strong>2.<\/strong><\/td>\n<td style=\"width: 16.4491%; height: 54px;\">Juan Luis Quinquer Garc\u00eda.<\/td>\n<\/tr>\n<tr style=\"height: 54px;\">\n<td style=\"width: 2.01207%; height: 54px;\"><strong>3.<\/strong><\/td>\n<td style=\"width: 16.4491%; height: 54px;\">Trinidad S\u00e1nchez Serrano.<\/td>\n<\/tr>\n<tr style=\"height: 54px;\">\n<td style=\"width: 2.01207%; height: 54px;\"><strong>4.<\/strong><\/td>\n<td style=\"width: 16.4491%; height: 54px;\">Nuria Asensio Azor\u00edn.<\/td>\n<\/tr>\n<tr style=\"height: 54px;\">\n<td style=\"width: 2.01207%; height: 54px;\"><strong>5.<\/strong><\/td>\n<td style=\"width: 16.4491%; height: 54px;\">Juan Albero Qu\u00edlez.<\/td>\n<\/tr>\n<tr style=\"height: 54px;\">\n<td style=\"width: 2.01207%; height: 54px;\"><strong>6.<\/strong><\/td>\n<td style=\"width: 16.4491%; height: 54px;\">Mar\u00eda del Carmen Belmar P\u00e9rez.<\/td>\n<\/tr>\n<\/tbody>\n<\/table>\n<p>&nbsp;<\/p>\n<p style=\"text-align: center;\"><span style=\"text-decoration: underline;\"><span style=\"font-size: 14pt;\"><strong>PREMIADOS CON 30\u20ac CADA UNO<\/strong><\/span><\/span><\/p>\n<table class=\" aligncenter\" style=\"border-collapse: collapse;\">\n<tbody>\n<tr style=\"height: 22px;\">\n<td style=\"width: 2.74506%; height: 22px;\"><\/td>\n<td style=\"width: 33.2632%; height: 22px;\"><strong>PREMIADO<\/strong><\/td>\n<td style=\"width: 23.6099%; height: 22px;\"><strong>COMERCIO<\/strong><\/td>\n<\/tr>\n<tr style=\"height: 28px;\">\n<td style=\"width: 2.74506%; height: 28px;\"><strong>1.<\/strong><\/td>\n<td style=\"width: 33.2632%; height: 28px;\">Mariana Conejero Ba\u00f1\u00f3n<\/td>\n<td style=\"width: 23.6099%; height: 28px;\">Albertina Garc\u00eda Llorens<\/td>\n<\/tr>\n<tr style=\"height: 22px;\">\n<td style=\"width: 2.74506%; height: 22px;\"><strong>2.<\/strong><\/td>\n<td style=\"width: 33.2632%; height: 22px;\">Isabel Morcillo Fr\u00edas<\/td>\n<td style=\"width: 23.6099%; height: 22px;\">4eco Caudete<\/td>\n<\/tr>\n<tr style=\"height: 22px;\">\n<td style=\"width: 2.74506%; height: 22px;\"><strong>3.<\/strong><\/td>\n<td style=\"width: 33.2632%; height: 22px;\">Ana Esteve Mart\u00ednez<\/td>\n<td style=\"width: 23.6099%; height: 22px;\">Bicicletas Dom\u00e9nech<\/td>\n<\/tr>\n<tr style=\"height: 22px;\">\n<td style=\"width: 2.74506%; height: 22px;\"><strong>4.<\/strong><\/td>\n<td style=\"width: 33.2632%; height: 22px;\">Arantxa Hation B\u00e1ez<\/td>\n<td style=\"width: 23.6099%; height: 22px;\">Peques Moda Infantil<\/td>\n<\/tr>\n<tr style=\"height: 27px;\">\n<td style=\"width: 2.74506%; height: 27px;\"><strong>5.<\/strong><\/td>\n<td style=\"width: 33.2632%; height: 27px;\">Mar\u00eda Gracia S\u00e1nchez Mart\u00ednez<\/td>\n<td style=\"width: 23.6099%; height: 27px;\">Calza-T<\/td>\n<\/tr>\n<tr style=\"height: 22px;\">\n<td style=\"width: 2.74506%; height: 22px;\"><strong>6.<\/strong><\/td>\n<td style=\"width: 33.2632%; height: 22px;\">Howard Goldsmith<\/td>\n<td style=\"width: 23.6099%; height: 22px;\">MJ Decoraci\u00f3n<\/td>\n<\/tr>\n<tr style=\"height: 26px;\">\n<td style=\"width: 2.74506%; height: 26px;\"><strong>7.<\/strong><\/td>\n<td style=\"width: 33.2632%; height: 26px;\">Mar\u00eda Dolores Vicente Maquil\u00f3n<\/td>\n<td style=\"width: 23.6099%; height: 26px;\">Bisuter\u00eda Miami<\/td>\n<\/tr>\n<tr style=\"height: 28px;\">\n<td style=\"width: 2.74506%; height: 28px;\"><strong>8.<\/strong><\/td>\n<td style=\"width: 33.2632%; height: 28px;\">Isabel Mar\u00eda Carri\u00f3n S\u00e1ez<\/td>\n<td style=\"width: 23.6099%; height: 28px;\">Melfys Fisioterapia<\/td>\n<\/tr>\n<tr style=\"height: 22px;\">\n<td style=\"width: 2.74506%; height: 22px;\"><strong>9.<\/strong><\/td>\n<td style=\"width: 33.2632%; height: 22px;\">Jos\u00e9 Asensio Garc\u00eda<\/td>\n<td style=\"width: 23.6099%; height: 22px;\">Bicis Manol\u00edn<\/td>\n<\/tr>\n<tr style=\"height: 22px;\">\n<td style=\"width: 2.74506%; height: 22px;\"><strong>10.<\/strong><\/td>\n<td style=\"width: 33.2632%; height: 22px;\">Casandra Manch\u00f3n Manj\u00f3n<\/td>\n<td style=\"width: 23.6099%; height: 22px;\">La Iba\u00f1esa<\/td>\n<\/tr>\n<tr style=\"height: 22px;\">\n<td style=\"width: 2.74506%; height: 22px;\"><strong>11.<\/strong><\/td>\n<td style=\"width: 33.2632%; height: 22px;\">Mar\u00eda Candelaria Solera Ba\u00f1\u00f3n<\/td>\n<td style=\"width: 23.6099%; height: 22px;\">Florister\u00eda Ave del Para\u00edso<\/td>\n<\/tr>\n<tr style=\"height: 22px;\">\n<td style=\"width: 2.74506%; height: 22px;\"><strong>12.<\/strong><\/td>\n<td style=\"width: 33.2632%; height: 22px;\">Mar\u00eda Jes\u00fas Solera Morales<\/td>\n<td style=\"width: 23.6099%; height: 22px;\">Imagina<\/td>\n<\/tr>\n<tr style=\"height: 22px;\">\n<td style=\"width: 2.74506%; height: 22px;\"><strong>13.<\/strong><\/td>\n<td style=\"width: 33.2632%; height: 22px;\">Sergio Fern\u00e1ndez Navarro<\/td>\n<td style=\"width: 23.6099%; height: 22px;\">Turcane<\/td>\n<\/tr>\n<tr style=\"height: 22px;\">\n<td style=\"width: 2.74506%; height: 22px;\"><strong>14.<\/strong><\/td>\n<td style=\"width: 33.2632%; height: 22px;\">Mar\u00eda del Carmen D\u00edaz Puche<\/td>\n<td style=\"width: 23.6099%; height: 22px;\">Bordados Caudete<\/td>\n<\/tr>\n<tr style=\"height: 22px;\">\n<td style=\"width: 2.74506%; height: 22px;\"><strong>15.<\/strong><\/td>\n<td style=\"width: 33.2632%; height: 22px;\">Pedro N\u00fa\u00f1ez Rotuero<\/td>\n<td style=\"width: 23.6099%; height: 22px;\">Espilin Estilistas<\/td>\n<\/tr>\n<tr style=\"height: 22px;\">\n<td style=\"width: 2.74506%; height: 22px;\"><strong>16.<\/strong><\/td>\n<td style=\"width: 33.2632%; height: 22px;\">Catalina Dom\u00e9nech Ruiz<\/td>\n<td style=\"width: 23.6099%; height: 22px;\">Los sue\u00f1os de la A<\/td>\n<\/tr>\n<tr style=\"height: 22px;\">\n<td style=\"width: 2.74506%; height: 22px;\"><strong>17.<\/strong><\/td>\n<td style=\"width: 33.2632%; height: 22px;\">Raquel P\u00e9rez Serrano<\/td>\n<td style=\"width: 23.6099%; height: 22px;\">Fotos Narda<\/td>\n<\/tr>\n<tr style=\"height: 22px;\">\n<td style=\"width: 2.74506%; height: 22px;\"><strong>18.<\/strong><\/td>\n<td style=\"width: 33.2632%; height: 22px;\">Cristina Mic\u00f3 Orgiler<\/td>\n<td style=\"width: 23.6099%; height: 22px;\">Carnicer\u00eda Mil\u00e1n<\/td>\n<\/tr>\n<tr style=\"height: 22px;\">\n<td style=\"width: 2.74506%; height: 22px;\"><strong>19.<\/strong><\/td>\n<td style=\"width: 33.2632%; height: 22px;\">Mar\u00eda Gracia Medina D\u00edaz<\/td>\n<td style=\"width: 23.6099%; height: 22px;\">Mercer\u00eda M\u00aa Carmen Pardo<\/td>\n<\/tr>\n<tr style=\"height: 22px;\">\n<td style=\"width: 2.74506%; height: 22px;\"><strong>20.<\/strong><\/td>\n<td style=\"width: 33.2632%; height: 22px;\">Vicenta S\u00e1nchez P\u00e9rez<\/td>\n<td style=\"width: 23.6099%; height: 22px;\">Atm\u00f3sfera Sport<\/td>\n<\/tr>\n<tr style=\"height: 22px;\">\n<td style=\"width: 2.74506%; height: 22px;\"><strong>21.<\/strong><\/td>\n<td style=\"width: 33.2632%; height: 22px;\">Amanda Carrasco Conejero<\/td>\n<td style=\"width: 23.6099%; height: 22px;\">Centro Krisnha<\/td>\n<\/tr>\n<tr style=\"height: 22px;\">\n<td style=\"width: 2.74506%; height: 22px;\"><strong>22.<\/strong><\/td>\n<td style=\"width: 33.2632%; height: 22px;\">Carmen Mart\u00ednez Mart\u00ednez<\/td>\n<td style=\"width: 23.6099%; height: 22px;\">Electrodom\u00e9sticos P\u00e9rez<\/td>\n<\/tr>\n<tr style=\"height: 22px;\">\n<td style=\"width: 2.74506%; height: 22px;\"><strong>23.<\/strong><\/td>\n<td style=\"width: 33.2632%; height: 22px;\">Ana Bel\u00e9n Garc\u00eda Tamarit<\/td>\n<td style=\"width: 23.6099%; height: 22px;\">La Charcuter\u00eda<\/td>\n<\/tr>\n<tr style=\"height: 22px;\">\n<td style=\"width: 2.74506%; height: 22px;\"><strong>24.<\/strong><\/td>\n<td style=\"width: 33.2632%; height: 22px;\">Pilar Siv\u00f3 Romero<\/td>\n<td style=\"width: 23.6099%; height: 22px;\">\u00d3ptica-Joyer\u00eda Lucas<\/td>\n<\/tr>\n<tr style=\"height: 22px;\">\n<td style=\"width: 2.74506%; height: 22px;\"><strong>25.<\/strong><\/td>\n<td style=\"width: 33.2632%; height: 22px;\">Josefa Garc\u00eda Campoy<\/td>\n<td style=\"width: 23.6099%; height: 22px;\">Naturalmente<\/td>\n<\/tr>\n<tr style=\"height: 23px;\">\n<td style=\"width: 2.74506%; height: 23px;\"><strong>26.<\/strong><\/td>\n<td style=\"width: 33.2632%; height: 23px;\">Mar\u00eda Jos\u00e9 Serrano Escandell<\/td>\n<td style=\"width: 23.6099%; height: 23px;\">Pub Lancelot<\/td>\n<\/tr>\n<tr style=\"height: 22px;\">\n<td style=\"width: 2.74506%; height: 22px;\"><strong>27.<\/strong><\/td>\n<td style=\"width: 33.2632%; height: 22px;\">Mar\u00eda Garc\u00eda Albero<\/td>\n<td style=\"width: 23.6099%; height: 22px;\">Los Naranjos<\/td>\n<\/tr>\n<tr style=\"height: 20px;\">\n<td style=\"width: 2.74506%; height: 20px;\"><strong>28.<\/strong><\/td>\n<td style=\"width: 33.2632%; height: 20px;\">Francisco Joaqu\u00edn Gonz\u00e1lez Solera<\/td>\n<td style=\"width: 23.6099%; height: 20px;\">L\u00e1piz y Papel<\/td>\n<\/tr>\n<tr style=\"height: 22px;\">\n<td style=\"width: 2.74506%; height: 22px;\"><strong>29.<\/strong><\/td>\n<td style=\"width: 33.2632%; height: 22px;\">Concepci\u00f3n Penad\u00e9s Lluch<\/td>\n<td style=\"width: 23.6099%; height: 22px;\">Diablillos<\/td>\n<\/tr>\n<tr style=\"height: 22px;\">\n<td style=\"width: 2.74506%; height: 22px;\"><strong>30.<\/strong><\/td>\n<td style=\"width: 33.2632%; height: 22px;\">Mar\u00eda Gracia Conejero Solera<\/td>\n<td style=\"width: 23.6099%; height: 22px;\">Rosbel<\/td>\n<\/tr>\n<tr style=\"height: 22px;\">\n<td style=\"width: 2.74506%; height: 22px;\"><strong>31.<\/strong><\/td>\n<td style=\"width: 33.2632%; height: 22px;\">Virtudes S\u00e1nchez P\u00e9rez<\/td>\n<td style=\"width: 23.6099%; height: 22px;\">CEI Inform\u00e1tica<\/td>\n<\/tr>\n<tr style=\"height: 22px;\">\n<td style=\"width: 2.74506%; height: 22px;\"><strong>32.<\/strong><\/td>\n<td style=\"width: 33.2632%; height: 22px;\">Joaquina Gil Figuera<\/td>\n<td style=\"width: 23.6099%; height: 22px;\">Visual 3D<\/td>\n<\/tr>\n<tr style=\"height: 22px;\">\n<td style=\"width: 2.74506%; height: 22px;\"><strong>33.<\/strong><\/td>\n<td style=\"width: 33.2632%; height: 22px;\">Mar\u00eda Luisa Caerols N\u00fa\u00f1ez<\/td>\n<td style=\"width: 23.6099%; height: 22px;\">Rydau<\/td>\n<\/tr>\n<tr style=\"height: 22px;\">\n<td style=\"width: 2.74506%; height: 22px;\"><strong>34.<\/strong><\/td>\n<td style=\"width: 33.2632%; height: 22px;\">Paloma Gim\u00e9nez Ortu\u00f1o<\/td>\n<td style=\"width: 23.6099%; height: 22px;\">Modas Requena<\/td>\n<\/tr>\n<tr style=\"height: 22px;\">\n<td style=\"width: 2.74506%; height: 22px;\"><strong>35.<\/strong><\/td>\n<td style=\"width: 33.2632%; height: 22px;\">Teresa Juan Berenguer<\/td>\n<td style=\"width: 23.6099%; height: 22px;\">Ferreter\u00eda S\u00e1nchez II<\/td>\n<\/tr>\n<tr style=\"height: 22px;\">\n<td style=\"width: 2.74506%; height: 22px;\"><strong>36.<\/strong><\/td>\n<td style=\"width: 33.2632%; height: 22px;\">Noem\u00ed S\u00e1nchez S\u00e1nchez<\/td>\n<td style=\"width: 23.6099%; height: 22px;\">Carnicer\u00eda \u00d3scar<\/td>\n<\/tr>\n<tr style=\"height: 22px;\">\n<td style=\"width: 2.74506%; height: 22px;\"><strong>37.<\/strong><\/td>\n<td style=\"width: 33.2632%; height: 22px;\">Mar\u00eda Jos\u00e9 Conejero Ferri<\/td>\n<td style=\"width: 23.6099%; height: 22px;\">Arc\u00f3n Muebles<\/td>\n<\/tr>\n<tr style=\"height: 22px;\">\n<td style=\"width: 2.74506%; height: 22px;\"><strong>38.<\/strong><\/td>\n<td style=\"width: 33.2632%; height: 22px;\">Juan Gim\u00e9nez Mart\u00ednez<\/td>\n<td style=\"width: 23.6099%; height: 22px;\">Carneman\u00eda<\/td>\n<\/tr>\n<tr style=\"height: 22px;\">\n<td style=\"width: 2.74506%; height: 22px;\"><strong>39.<\/strong><\/td>\n<td style=\"width: 33.2632%; height: 22px;\">Claudia Conejero Conejero<\/td>\n<td style=\"width: 23.6099%; height: 22px;\">Picolino Moda Infantil<\/td>\n<\/tr>\n<tr style=\"height: 22px;\">\n<td style=\"width: 2.74506%; height: 22px;\"><strong>40.<\/strong><\/td>\n<td style=\"width: 33.2632%; height: 22px;\">Violeta L\u00f3pez \u00c1ngel<\/td>\n<td style=\"width: 23.6099%; height: 22px;\">Electrodom\u00e9sticos P\u00e9rez<\/td>\n<\/tr>\n<\/tbody>\n<\/table>\n","protected":false},"excerpt":{"rendered":"<p>Como ya es tradicional, la ma\u00f1ana del 6 de Enero acoge el Sorteo que la Asociaci\u00f3n del Comercio de Caudete junto al Ayuntamiento de Caudete (quien aporta econ\u00f3micamente parte del importe de los Premios) vienen realizando a\u00f1o tras a\u00f1o entre aquellos caudetanos que han apostado por el Comercio Local para sus compras navide\u00f1as. A pesar &hellip;<\/p>\n","protected":false},"author":3,"featured_media":11437,"comment_status":"closed","ping_status":"open","sticky":false,"template":"","format":"standard","meta":{"ngg_post_thumbnail":0,"footnotes":""},"categories":[42],"tags":[207,85,208,144,206],"class_list":["post-11431","post","type-post","status-publish","format-standard","has-post-thumbnail","hentry","category-comercio","tag-campana-navidad","tag-comercio","tag-comercio-local","tag-premios","tag-sorteo"],"yoast_head":"<!-- This site is optimized with the Yoast SEO plugin v27.5 - https:\/\/yoast.com\/product\/yoast-seo-wordpress\/ -->\n<title>Comerciantes y Ayuntamiento reparten 46 Premios entre los caudetanos tras la Campa\u00f1a Navide\u00f1a - MI Ayuntamiento de Caudete<\/title>\n<meta name=\"description\" content=\"P\u00e1gina Oficial del Ayuntamiento de Caudete (Albacete)\" \/>\n<meta name=\"robots\" content=\"index, follow, max-snippet:-1, max-image-preview:large, max-video-preview:-1\" \/>\n<link rel=\"canonical\" href=\"https:\/\/www.caudete.org\/ayuntamiento\/comerciantes-y-ayuntamiento-reparte-46-premios-entre-los-caudetanos-tras-la-campana-navidena\/\" \/>\n<meta property=\"og:locale\" content=\"es_ES\" \/>\n<meta property=\"og:type\" content=\"article\" \/>\n<meta property=\"og:title\" content=\"Comerciantes y Ayuntamiento reparten 46 Premios entre los caudetanos tras la Campa\u00f1a Navide\u00f1a - MI Ayuntamiento de Caudete\" \/>\n<meta property=\"og:description\" content=\"P\u00e1gina Oficial del Ayuntamiento de Caudete (Albacete)\" \/>\n<meta property=\"og:url\" content=\"https:\/\/www.caudete.org\/ayuntamiento\/comerciantes-y-ayuntamiento-reparte-46-premios-entre-los-caudetanos-tras-la-campana-navidena\/\" \/>\n<meta property=\"og:site_name\" content=\"MI Ayuntamiento de Caudete\" \/>\n<meta property=\"article:publisher\" content=\"https:\/\/www.facebook.com\/ayuntamientocaudete\/\" \/>\n<meta property=\"article:published_time\" content=\"2021-01-06T13:22:42+00:00\" \/>\n<meta property=\"article:modified_time\" content=\"2021-01-06T18:56:00+00:00\" \/>\n<meta property=\"og:image\" content=\"https:\/\/www.caudete.org\/ayuntamiento\/wp-content\/uploads\/2021\/01\/Foto-Sorteo-Navideno-Redimensionada-2.jpg\" \/>\n\t<meta property=\"og:image:width\" content=\"1920\" \/>\n\t<meta property=\"og:image:height\" content=\"958\" \/>\n\t<meta property=\"og:image:type\" content=\"image\/jpeg\" \/>\n<meta name=\"author\" content=\"alcalde\" \/>\n<meta name=\"twitter:card\" content=\"summary_large_image\" \/>\n<meta name=\"twitter:label1\" content=\"Escrito por\" \/>\n\t<meta name=\"twitter:data1\" content=\"alcalde\" \/>\n\t<meta name=\"twitter:label2\" content=\"Tiempo de lectura\" \/>\n\t<meta name=\"twitter:data2\" content=\"3 minutos\" \/>\n<script type=\"application\/ld+json\" class=\"yoast-schema-graph\">{\"@context\":\"https:\\\/\\\/schema.org\",\"@graph\":[{\"@type\":\"Article\",\"@id\":\"https:\\\/\\\/www.caudete.org\\\/ayuntamiento\\\/comerciantes-y-ayuntamiento-reparte-46-premios-entre-los-caudetanos-tras-la-campana-navidena\\\/#article\",\"isPartOf\":{\"@id\":\"https:\\\/\\\/www.caudete.org\\\/ayuntamiento\\\/comerciantes-y-ayuntamiento-reparte-46-premios-entre-los-caudetanos-tras-la-campana-navidena\\\/\"},\"author\":{\"name\":\"alcalde\",\"@id\":\"https:\\\/\\\/www.caudete.org\\\/ayuntamiento\\\/#\\\/schema\\\/person\\\/cc646da9133078ee4d8dd47457947253\"},\"headline\":\"Comerciantes y Ayuntamiento reparten 46 Premios entre los caudetanos tras la Campa\u00f1a Navide\u00f1a\",\"datePublished\":\"2021-01-06T13:22:42+00:00\",\"dateModified\":\"2021-01-06T18:56:00+00:00\",\"mainEntityOfPage\":{\"@id\":\"https:\\\/\\\/www.caudete.org\\\/ayuntamiento\\\/comerciantes-y-ayuntamiento-reparte-46-premios-entre-los-caudetanos-tras-la-campana-navidena\\\/\"},\"wordCount\":624,\"publisher\":{\"@id\":\"https:\\\/\\\/www.caudete.org\\\/ayuntamiento\\\/#organization\"},\"image\":{\"@id\":\"https:\\\/\\\/www.caudete.org\\\/ayuntamiento\\\/comerciantes-y-ayuntamiento-reparte-46-premios-entre-los-caudetanos-tras-la-campana-navidena\\\/#primaryimage\"},\"thumbnailUrl\":\"https:\\\/\\\/www.caudete.org\\\/ayuntamiento\\\/wp-content\\\/uploads\\\/2021\\\/01\\\/Foto-Sorteo-Navideno-Redimensionada-2.jpg\",\"keywords\":[\"campa\u00f1a navidad\",\"comercio\",\"comercio local\",\"Premios\",\"sorteo\"],\"articleSection\":[\"Comercio\"],\"inLanguage\":\"es\"},{\"@type\":\"WebPage\",\"@id\":\"https:\\\/\\\/www.caudete.org\\\/ayuntamiento\\\/comerciantes-y-ayuntamiento-reparte-46-premios-entre-los-caudetanos-tras-la-campana-navidena\\\/\",\"url\":\"https:\\\/\\\/www.caudete.org\\\/ayuntamiento\\\/comerciantes-y-ayuntamiento-reparte-46-premios-entre-los-caudetanos-tras-la-campana-navidena\\\/\",\"name\":\"Comerciantes y Ayuntamiento reparten 46 Premios entre los caudetanos tras la Campa\u00f1a Navide\u00f1a - MI Ayuntamiento de Caudete\",\"isPartOf\":{\"@id\":\"https:\\\/\\\/www.caudete.org\\\/ayuntamiento\\\/#website\"},\"primaryImageOfPage\":{\"@id\":\"https:\\\/\\\/www.caudete.org\\\/ayuntamiento\\\/comerciantes-y-ayuntamiento-reparte-46-premios-entre-los-caudetanos-tras-la-campana-navidena\\\/#primaryimage\"},\"image\":{\"@id\":\"https:\\\/\\\/www.caudete.org\\\/ayuntamiento\\\/comerciantes-y-ayuntamiento-reparte-46-premios-entre-los-caudetanos-tras-la-campana-navidena\\\/#primaryimage\"},\"thumbnailUrl\":\"https:\\\/\\\/www.caudete.org\\\/ayuntamiento\\\/wp-content\\\/uploads\\\/2021\\\/01\\\/Foto-Sorteo-Navideno-Redimensionada-2.jpg\",\"datePublished\":\"2021-01-06T13:22:42+00:00\",\"dateModified\":\"2021-01-06T18:56:00+00:00\",\"description\":\"P\u00e1gina Oficial del Ayuntamiento de Caudete (Albacete)\",\"breadcrumb\":{\"@id\":\"https:\\\/\\\/www.caudete.org\\\/ayuntamiento\\\/comerciantes-y-ayuntamiento-reparte-46-premios-entre-los-caudetanos-tras-la-campana-navidena\\\/#breadcrumb\"},\"inLanguage\":\"es\",\"potentialAction\":[{\"@type\":\"ReadAction\",\"target\":[\"https:\\\/\\\/www.caudete.org\\\/ayuntamiento\\\/comerciantes-y-ayuntamiento-reparte-46-premios-entre-los-caudetanos-tras-la-campana-navidena\\\/\"]}]},{\"@type\":\"ImageObject\",\"inLanguage\":\"es\",\"@id\":\"https:\\\/\\\/www.caudete.org\\\/ayuntamiento\\\/comerciantes-y-ayuntamiento-reparte-46-premios-entre-los-caudetanos-tras-la-campana-navidena\\\/#primaryimage\",\"url\":\"https:\\\/\\\/www.caudete.org\\\/ayuntamiento\\\/wp-content\\\/uploads\\\/2021\\\/01\\\/Foto-Sorteo-Navideno-Redimensionada-2.jpg\",\"contentUrl\":\"https:\\\/\\\/www.caudete.org\\\/ayuntamiento\\\/wp-content\\\/uploads\\\/2021\\\/01\\\/Foto-Sorteo-Navideno-Redimensionada-2.jpg\",\"width\":1920,\"height\":958},{\"@type\":\"BreadcrumbList\",\"@id\":\"https:\\\/\\\/www.caudete.org\\\/ayuntamiento\\\/comerciantes-y-ayuntamiento-reparte-46-premios-entre-los-caudetanos-tras-la-campana-navidena\\\/#breadcrumb\",\"itemListElement\":[{\"@type\":\"ListItem\",\"position\":1,\"name\":\"Inicio\",\"item\":\"https:\\\/\\\/www.caudete.org\\\/ayuntamiento\\\/\"},{\"@type\":\"ListItem\",\"position\":2,\"name\":\"Comerciantes y Ayuntamiento reparten 46 Premios entre los caudetanos tras la Campa\u00f1a Navide\u00f1a\"}]},{\"@type\":\"WebSite\",\"@id\":\"https:\\\/\\\/www.caudete.org\\\/ayuntamiento\\\/#website\",\"url\":\"https:\\\/\\\/www.caudete.org\\\/ayuntamiento\\\/\",\"name\":\"MI Ayuntamiento de Caudete\",\"description\":\"P\u00e1gina Oficial del MI Ayuntamiento de Caudete\",\"publisher\":{\"@id\":\"https:\\\/\\\/www.caudete.org\\\/ayuntamiento\\\/#organization\"},\"potentialAction\":[{\"@type\":\"SearchAction\",\"target\":{\"@type\":\"EntryPoint\",\"urlTemplate\":\"https:\\\/\\\/www.caudete.org\\\/ayuntamiento\\\/?s={search_term_string}\"},\"query-input\":{\"@type\":\"PropertyValueSpecification\",\"valueRequired\":true,\"valueName\":\"search_term_string\"}}],\"inLanguage\":\"es\"},{\"@type\":\"Organization\",\"@id\":\"https:\\\/\\\/www.caudete.org\\\/ayuntamiento\\\/#organization\",\"name\":\"Ayuntamiento de Caudete\",\"url\":\"https:\\\/\\\/www.caudete.org\\\/ayuntamiento\\\/\",\"logo\":{\"@type\":\"ImageObject\",\"inLanguage\":\"es\",\"@id\":\"https:\\\/\\\/www.caudete.org\\\/ayuntamiento\\\/#\\\/schema\\\/logo\\\/image\\\/\",\"url\":\"https:\\\/\\\/www.caudete.org\\\/ayuntamiento\\\/wp-content\\\/uploads\\\/2020\\\/11\\\/logo_ayuntamiento_caudete.jpg\",\"contentUrl\":\"https:\\\/\\\/www.caudete.org\\\/ayuntamiento\\\/wp-content\\\/uploads\\\/2020\\\/11\\\/logo_ayuntamiento_caudete.jpg\",\"width\":600,\"height\":150,\"caption\":\"Ayuntamiento de Caudete\"},\"image\":{\"@id\":\"https:\\\/\\\/www.caudete.org\\\/ayuntamiento\\\/#\\\/schema\\\/logo\\\/image\\\/\"},\"sameAs\":[\"https:\\\/\\\/www.facebook.com\\\/ayuntamientocaudete\\\/\",\"https:\\\/\\\/www.youtube.com\\\/channel\\\/UC6VztHaooNsGpw-tNoBEFnQ\"]},{\"@type\":\"Person\",\"@id\":\"https:\\\/\\\/www.caudete.org\\\/ayuntamiento\\\/#\\\/schema\\\/person\\\/cc646da9133078ee4d8dd47457947253\",\"name\":\"alcalde\",\"image\":{\"@type\":\"ImageObject\",\"inLanguage\":\"es\",\"@id\":\"https:\\\/\\\/secure.gravatar.com\\\/avatar\\\/84a817ba065b29ff08d666b215a215f5c79186a645ccb25b14a663d48a130f77?s=96&d=mm&r=g\",\"url\":\"https:\\\/\\\/secure.gravatar.com\\\/avatar\\\/84a817ba065b29ff08d666b215a215f5c79186a645ccb25b14a663d48a130f77?s=96&d=mm&r=g\",\"contentUrl\":\"https:\\\/\\\/secure.gravatar.com\\\/avatar\\\/84a817ba065b29ff08d666b215a215f5c79186a645ccb25b14a663d48a130f77?s=96&d=mm&r=g\",\"caption\":\"alcalde\"},\"url\":\"https:\\\/\\\/www.caudete.org\\\/ayuntamiento\\\/author\\\/alcalde\\\/\"}]}<\/script>\n<!-- \/ Yoast SEO plugin. -->","yoast_head_json":{"title":"Comerciantes y Ayuntamiento reparten 46 Premios entre los caudetanos tras la Campa\u00f1a Navide\u00f1a - MI Ayuntamiento de Caudete","description":"P\u00e1gina Oficial del Ayuntamiento de Caudete (Albacete)","robots":{"index":"index","follow":"follow","max-snippet":"max-snippet:-1","max-image-preview":"max-image-preview:large","max-video-preview":"max-video-preview:-1"},"canonical":"https:\/\/www.caudete.org\/ayuntamiento\/comerciantes-y-ayuntamiento-reparte-46-premios-entre-los-caudetanos-tras-la-campana-navidena\/","og_locale":"es_ES","og_type":"article","og_title":"Comerciantes y Ayuntamiento reparten 46 Premios entre los caudetanos tras la Campa\u00f1a Navide\u00f1a - MI Ayuntamiento de Caudete","og_description":"P\u00e1gina Oficial del Ayuntamiento de Caudete (Albacete)","og_url":"https:\/\/www.caudete.org\/ayuntamiento\/comerciantes-y-ayuntamiento-reparte-46-premios-entre-los-caudetanos-tras-la-campana-navidena\/","og_site_name":"MI Ayuntamiento de Caudete","article_publisher":"https:\/\/www.facebook.com\/ayuntamientocaudete\/","article_published_time":"2021-01-06T13:22:42+00:00","article_modified_time":"2021-01-06T18:56:00+00:00","og_image":[{"width":1920,"height":958,"url":"https:\/\/www.caudete.org\/ayuntamiento\/wp-content\/uploads\/2021\/01\/Foto-Sorteo-Navideno-Redimensionada-2.jpg","type":"image\/jpeg"}],"author":"alcalde","twitter_card":"summary_large_image","twitter_misc":{"Escrito por":"alcalde","Tiempo de lectura":"3 minutos"},"schema":{"@context":"https:\/\/schema.org","@graph":[{"@type":"Article","@id":"https:\/\/www.caudete.org\/ayuntamiento\/comerciantes-y-ayuntamiento-reparte-46-premios-entre-los-caudetanos-tras-la-campana-navidena\/#article","isPartOf":{"@id":"https:\/\/www.caudete.org\/ayuntamiento\/comerciantes-y-ayuntamiento-reparte-46-premios-entre-los-caudetanos-tras-la-campana-navidena\/"},"author":{"name":"alcalde","@id":"https:\/\/www.caudete.org\/ayuntamiento\/#\/schema\/person\/cc646da9133078ee4d8dd47457947253"},"headline":"Comerciantes y Ayuntamiento reparten 46 Premios entre los caudetanos tras la Campa\u00f1a Navide\u00f1a","datePublished":"2021-01-06T13:22:42+00:00","dateModified":"2021-01-06T18:56:00+00:00","mainEntityOfPage":{"@id":"https:\/\/www.caudete.org\/ayuntamiento\/comerciantes-y-ayuntamiento-reparte-46-premios-entre-los-caudetanos-tras-la-campana-navidena\/"},"wordCount":624,"publisher":{"@id":"https:\/\/www.caudete.org\/ayuntamiento\/#organization"},"image":{"@id":"https:\/\/www.caudete.org\/ayuntamiento\/comerciantes-y-ayuntamiento-reparte-46-premios-entre-los-caudetanos-tras-la-campana-navidena\/#primaryimage"},"thumbnailUrl":"https:\/\/www.caudete.org\/ayuntamiento\/wp-content\/uploads\/2021\/01\/Foto-Sorteo-Navideno-Redimensionada-2.jpg","keywords":["campa\u00f1a navidad","comercio","comercio local","Premios","sorteo"],"articleSection":["Comercio"],"inLanguage":"es"},{"@type":"WebPage","@id":"https:\/\/www.caudete.org\/ayuntamiento\/comerciantes-y-ayuntamiento-reparte-46-premios-entre-los-caudetanos-tras-la-campana-navidena\/","url":"https:\/\/www.caudete.org\/ayuntamiento\/comerciantes-y-ayuntamiento-reparte-46-premios-entre-los-caudetanos-tras-la-campana-navidena\/","name":"Comerciantes y Ayuntamiento reparten 46 Premios entre los caudetanos tras la Campa\u00f1a Navide\u00f1a - MI Ayuntamiento de Caudete","isPartOf":{"@id":"https:\/\/www.caudete.org\/ayuntamiento\/#website"},"primaryImageOfPage":{"@id":"https:\/\/www.caudete.org\/ayuntamiento\/comerciantes-y-ayuntamiento-reparte-46-premios-entre-los-caudetanos-tras-la-campana-navidena\/#primaryimage"},"image":{"@id":"https:\/\/www.caudete.org\/ayuntamiento\/comerciantes-y-ayuntamiento-reparte-46-premios-entre-los-caudetanos-tras-la-campana-navidena\/#primaryimage"},"thumbnailUrl":"https:\/\/www.caudete.org\/ayuntamiento\/wp-content\/uploads\/2021\/01\/Foto-Sorteo-Navideno-Redimensionada-2.jpg","datePublished":"2021-01-06T13:22:42+00:00","dateModified":"2021-01-06T18:56:00+00:00","description":"P\u00e1gina Oficial del Ayuntamiento de Caudete (Albacete)","breadcrumb":{"@id":"https:\/\/www.caudete.org\/ayuntamiento\/comerciantes-y-ayuntamiento-reparte-46-premios-entre-los-caudetanos-tras-la-campana-navidena\/#breadcrumb"},"inLanguage":"es","potentialAction":[{"@type":"ReadAction","target":["https:\/\/www.caudete.org\/ayuntamiento\/comerciantes-y-ayuntamiento-reparte-46-premios-entre-los-caudetanos-tras-la-campana-navidena\/"]}]},{"@type":"ImageObject","inLanguage":"es","@id":"https:\/\/www.caudete.org\/ayuntamiento\/comerciantes-y-ayuntamiento-reparte-46-premios-entre-los-caudetanos-tras-la-campana-navidena\/#primaryimage","url":"https:\/\/www.caudete.org\/ayuntamiento\/wp-content\/uploads\/2021\/01\/Foto-Sorteo-Navideno-Redimensionada-2.jpg","contentUrl":"https:\/\/www.caudete.org\/ayuntamiento\/wp-content\/uploads\/2021\/01\/Foto-Sorteo-Navideno-Redimensionada-2.jpg","width":1920,"height":958},{"@type":"BreadcrumbList","@id":"https:\/\/www.caudete.org\/ayuntamiento\/comerciantes-y-ayuntamiento-reparte-46-premios-entre-los-caudetanos-tras-la-campana-navidena\/#breadcrumb","itemListElement":[{"@type":"ListItem","position":1,"name":"Inicio","item":"https:\/\/www.caudete.org\/ayuntamiento\/"},{"@type":"ListItem","position":2,"name":"Comerciantes y Ayuntamiento reparten 46 Premios entre los caudetanos tras la Campa\u00f1a Navide\u00f1a"}]},{"@type":"WebSite","@id":"https:\/\/www.caudete.org\/ayuntamiento\/#website","url":"https:\/\/www.caudete.org\/ayuntamiento\/","name":"MI Ayuntamiento de Caudete","description":"P\u00e1gina Oficial del MI Ayuntamiento de Caudete","publisher":{"@id":"https:\/\/www.caudete.org\/ayuntamiento\/#organization"},"potentialAction":[{"@type":"SearchAction","target":{"@type":"EntryPoint","urlTemplate":"https:\/\/www.caudete.org\/ayuntamiento\/?s={search_term_string}"},"query-input":{"@type":"PropertyValueSpecification","valueRequired":true,"valueName":"search_term_string"}}],"inLanguage":"es"},{"@type":"Organization","@id":"https:\/\/www.caudete.org\/ayuntamiento\/#organization","name":"Ayuntamiento de Caudete","url":"https:\/\/www.caudete.org\/ayuntamiento\/","logo":{"@type":"ImageObject","inLanguage":"es","@id":"https:\/\/www.caudete.org\/ayuntamiento\/#\/schema\/logo\/image\/","url":"https:\/\/www.caudete.org\/ayuntamiento\/wp-content\/uploads\/2020\/11\/logo_ayuntamiento_caudete.jpg","contentUrl":"https:\/\/www.caudete.org\/ayuntamiento\/wp-content\/uploads\/2020\/11\/logo_ayuntamiento_caudete.jpg","width":600,"height":150,"caption":"Ayuntamiento de Caudete"},"image":{"@id":"https:\/\/www.caudete.org\/ayuntamiento\/#\/schema\/logo\/image\/"},"sameAs":["https:\/\/www.facebook.com\/ayuntamientocaudete\/","https:\/\/www.youtube.com\/channel\/UC6VztHaooNsGpw-tNoBEFnQ"]},{"@type":"Person","@id":"https:\/\/www.caudete.org\/ayuntamiento\/#\/schema\/person\/cc646da9133078ee4d8dd47457947253","name":"alcalde","image":{"@type":"ImageObject","inLanguage":"es","@id":"https:\/\/secure.gravatar.com\/avatar\/84a817ba065b29ff08d666b215a215f5c79186a645ccb25b14a663d48a130f77?s=96&d=mm&r=g","url":"https:\/\/secure.gravatar.com\/avatar\/84a817ba065b29ff08d666b215a215f5c79186a645ccb25b14a663d48a130f77?s=96&d=mm&r=g","contentUrl":"https:\/\/secure.gravatar.com\/avatar\/84a817ba065b29ff08d666b215a215f5c79186a645ccb25b14a663d48a130f77?s=96&d=mm&r=g","caption":"alcalde"},"url":"https:\/\/www.caudete.org\/ayuntamiento\/author\/alcalde\/"}]}},"_links":{"self":[{"href":"https:\/\/www.caudete.org\/ayuntamiento\/wp-json\/wp\/v2\/posts\/11431","targetHints":{"allow":["GET"]}}],"collection":[{"href":"https:\/\/www.caudete.org\/ayuntamiento\/wp-json\/wp\/v2\/posts"}],"about":[{"href":"https:\/\/www.caudete.org\/ayuntamiento\/wp-json\/wp\/v2\/types\/post"}],"author":[{"embeddable":true,"href":"https:\/\/www.caudete.org\/ayuntamiento\/wp-json\/wp\/v2\/users\/3"}],"replies":[{"embeddable":true,"href":"https:\/\/www.caudete.org\/ayuntamiento\/wp-json\/wp\/v2\/comments?post=11431"}],"version-history":[{"count":6,"href":"https:\/\/www.caudete.org\/ayuntamiento\/wp-json\/wp\/v2\/posts\/11431\/revisions"}],"predecessor-version":[{"id":11448,"href":"https:\/\/www.caudete.org\/ayuntamiento\/wp-json\/wp\/v2\/posts\/11431\/revisions\/11448"}],"wp:featuredmedia":[{"embeddable":true,"href":"https:\/\/www.caudete.org\/ayuntamiento\/wp-json\/wp\/v2\/media\/11437"}],"wp:attachment":[{"href":"https:\/\/www.caudete.org\/ayuntamiento\/wp-json\/wp\/v2\/media?parent=11431"}],"wp:term":[{"taxonomy":"category","embeddable":true,"href":"https:\/\/www.caudete.org\/ayuntamiento\/wp-json\/wp\/v2\/categories?post=11431"},{"taxonomy":"post_tag","embeddable":true,"href":"https:\/\/www.caudete.org\/ayuntamiento\/wp-json\/wp\/v2\/tags?post=11431"}],"curies":[{"name":"wp","href":"https:\/\/api.w.org\/{rel}","templated":true}]}}