{"id":11438,"date":"2021-01-06T18:58:05","date_gmt":"2021-01-06T17:58:05","guid":{"rendered":"http:\/\/www.caudete.org\/ayuntamiento\/?p=11438"},"modified":"2021-01-06T20:10:42","modified_gmt":"2021-01-06T19:10:42","slug":"activado-el-meteocam-en-fase-de-emergencia-nivel-1-por-fuertes-nevadas-en-toda-clm","status":"publish","type":"post","link":"https:\/\/www.caudete.org\/ayuntamiento\/activado-el-meteocam-en-fase-de-emergencia-nivel-1-por-fuertes-nevadas-en-toda-clm\/","title":{"rendered":"Activado el METEOCAM en fase de Emergencia Nivel 1 por fuertes nevadas en toda CLM"},"content":{"rendered":"<p style=\"text-align: justify;\">A las 18 horas de esta tarde, 6 de Enero, <strong>ha quedado activado el<\/strong> Plan Espec\u00edfico ante el Riesgo por Fen\u00f3menos Meteorol\u00f3gicos Adversos (<strong>METEOCAM<\/strong>) en fase de <strong>Emergencia Nivel 1<\/strong>, para toda la Comunidad Aut\u00f3noma.<\/p>\n<p style=\"text-align: justify;\">La direcci\u00f3n del METEOCAM ha decretado la activaci\u00f3n de este Plan de Protecci\u00f3n Civil tras valorar los <strong>avisos de nivel Amarillo y Naranja<\/strong> elaborados por la Agencia Estatal de Meteorolog\u00eda, que prev\u00e9 que <strong>en la madrugada de esta noche den comienzo intensas nevadas<\/strong> en las cinco provincias de la regi\u00f3n, especialmente en la comarca de La Mancha.<\/p>\n<p style=\"text-align: justify;\"><strong>En el caso de Caudete<\/strong> (zona Albacete-Hell\u00edn-Almansa), la informaci\u00f3n facilitada por la Direcci\u00f3n General de Protecci\u00f3n ciudadana <strong>Nivel Naranja<\/strong> por <strong>Nieve a partir de las 00.00h de esta noche<\/strong> y hasta las 00.00h del 08\/01\/2021, con una <strong>probabilidad de precipitaci\u00f3n de entre el 70% y el 99%<\/strong>, esper\u00e1ndose <strong>espesores de 10cm a partir de los 900m y de 5cm a cualquier cota.<\/strong><\/p>\n<p style=\"text-align: justify;\">Desde este medio iremos informando a la ciudadan\u00eda del avance del temporal y estado de nuestra localidad. Ante cualquier emergencia, no olvide llamar al 112, desde donde coordinar\u00e1n la respuesta para actuar de la forma m\u00e1s efectiva y personalizada a la necesidad de la situaci\u00f3n.<\/p>\n<p>&nbsp;<\/p>\n<p style=\"text-align: justify;\"><strong>CONSEJOS ANTE NEVADAS:<\/strong><\/p>\n<p><strong>1.<\/strong> <strong>Evitar los desplazamientos por carretera. <\/strong><\/p>\n<p><strong>2. En caso de tener que desplazarse: <\/strong><\/p>\n<p>a) informarse sobre el estado de la v\u00eda y la previsi\u00f3n meteorol\u00f3gica<\/p>\n<p>b) revisar los neum\u00e1ticos<\/p>\n<p>c) llenar el dep\u00f3sito de combustible<\/p>\n<p>d) asegurarse de llevar cadenas<\/p>\n<p>e) llevar un m\u00f3vil con la bater\u00eda cargada<\/p>\n<p><strong>3. Si queda atrapado por la nieve circulando con su veh\u00edculo: <\/strong><\/p>\n<p>a) permanezca en el interior del coche con el motor encendido y la calefacci\u00f3n puesta.<\/p>\n<p>b) compruebe, cada cierto tiempo, que la salida del tubo de escape se encuentra libre para evitar que el humo penetre en el interior del veh\u00edculo.<\/p>\n<p><strong>4. Si vive en el Campo<\/strong>, debe disponer de:<\/p>\n<p>a)\u00a0 reservas de comida y agua.<\/p>\n<p>b) linterna y Pilas.<\/p>\n<p>c) medicamentos.<\/p>\n<p>d) calefacci\u00f3n.<\/p>\n<p>e) fuente alternativa de energ\u00eda<\/p>\n<p>f) m\u00f3vil y bater\u00eda cargada<\/p>\n","protected":false},"excerpt":{"rendered":"<p>A las 18 horas de esta tarde, 6 de Enero, ha quedado activado el Plan Espec\u00edfico ante el Riesgo por Fen\u00f3menos Meteorol\u00f3gicos Adversos (METEOCAM) en fase de Emergencia Nivel 1, para toda la Comunidad Aut\u00f3noma. La direcci\u00f3n del METEOCAM ha decretado la activaci\u00f3n de este Plan de Protecci\u00f3n Civil tras valorar los avisos de nivel &hellip;<\/p>\n","protected":false},"author":3,"featured_media":11441,"comment_status":"closed","ping_status":"open","sticky":false,"template":"","format":"standard","meta":{"ngg_post_thumbnail":0,"footnotes":""},"categories":[41],"tags":[211,212,210,213,209,214,202],"class_list":["post-11438","post","type-post","status-publish","format-standard","has-post-thumbnail","hentry","category-emergencias","tag-borrasca-filomena","tag-emergencias","tag-filomena","tag-meteocam","tag-nieve","tag-nivel-1","tag-temporal"],"yoast_head":"<!-- This site is optimized with the Yoast SEO plugin v27.4 - https:\/\/yoast.com\/product\/yoast-seo-wordpress\/ -->\n<title>Activado el METEOCAM en fase de Emergencia Nivel 1 por fuertes nevadas en toda CLM - MI Ayuntamiento de Caudete<\/title>\n<meta name=\"description\" content=\"P\u00e1gina Oficial del Ayuntamiento de Caudete (Albacete)\" \/>\n<meta name=\"robots\" content=\"index, follow, max-snippet:-1, max-image-preview:large, max-video-preview:-1\" \/>\n<link rel=\"canonical\" href=\"https:\/\/www.caudete.org\/ayuntamiento\/activado-el-meteocam-en-fase-de-emergencia-nivel-1-por-fuertes-nevadas-en-toda-clm\/\" \/>\n<meta property=\"og:locale\" content=\"es_ES\" \/>\n<meta property=\"og:type\" content=\"article\" \/>\n<meta property=\"og:title\" content=\"Activado el METEOCAM en fase de Emergencia Nivel 1 por fuertes nevadas en toda CLM - MI Ayuntamiento de Caudete\" \/>\n<meta property=\"og:description\" content=\"P\u00e1gina Oficial del Ayuntamiento de Caudete (Albacete)\" \/>\n<meta property=\"og:url\" content=\"https:\/\/www.caudete.org\/ayuntamiento\/activado-el-meteocam-en-fase-de-emergencia-nivel-1-por-fuertes-nevadas-en-toda-clm\/\" \/>\n<meta property=\"og:site_name\" content=\"MI Ayuntamiento de Caudete\" \/>\n<meta property=\"article:publisher\" content=\"https:\/\/www.facebook.com\/ayuntamientocaudete\/\" \/>\n<meta property=\"article:published_time\" content=\"2021-01-06T17:58:05+00:00\" \/>\n<meta property=\"article:modified_time\" content=\"2021-01-06T19:10:42+00:00\" \/>\n<meta property=\"og:image\" content=\"https:\/\/www.caudete.org\/ayuntamiento\/wp-content\/uploads\/2021\/01\/IMG_5734.jpg\" \/>\n\t<meta property=\"og:image:width\" content=\"1600\" \/>\n\t<meta property=\"og:image:height\" content=\"1066\" \/>\n\t<meta property=\"og:image:type\" content=\"image\/jpeg\" \/>\n<meta name=\"author\" content=\"alcalde\" \/>\n<meta name=\"twitter:card\" content=\"summary_large_image\" \/>\n<meta name=\"twitter:label1\" content=\"Escrito por\" \/>\n\t<meta name=\"twitter:data1\" content=\"alcalde\" \/>\n\t<meta name=\"twitter:label2\" content=\"Tiempo de lectura\" \/>\n\t<meta name=\"twitter:data2\" content=\"2 minutos\" \/>\n<script type=\"application\/ld+json\" class=\"yoast-schema-graph\">{\"@context\":\"https:\\\/\\\/schema.org\",\"@graph\":[{\"@type\":\"Article\",\"@id\":\"https:\\\/\\\/www.caudete.org\\\/ayuntamiento\\\/activado-el-meteocam-en-fase-de-emergencia-nivel-1-por-fuertes-nevadas-en-toda-clm\\\/#article\",\"isPartOf\":{\"@id\":\"https:\\\/\\\/www.caudete.org\\\/ayuntamiento\\\/activado-el-meteocam-en-fase-de-emergencia-nivel-1-por-fuertes-nevadas-en-toda-clm\\\/\"},\"author\":{\"name\":\"alcalde\",\"@id\":\"https:\\\/\\\/www.caudete.org\\\/ayuntamiento\\\/#\\\/schema\\\/person\\\/cc646da9133078ee4d8dd47457947253\"},\"headline\":\"Activado el METEOCAM en fase de Emergencia Nivel 1 por fuertes nevadas en toda CLM\",\"datePublished\":\"2021-01-06T17:58:05+00:00\",\"dateModified\":\"2021-01-06T19:10:42+00:00\",\"mainEntityOfPage\":{\"@id\":\"https:\\\/\\\/www.caudete.org\\\/ayuntamiento\\\/activado-el-meteocam-en-fase-de-emergencia-nivel-1-por-fuertes-nevadas-en-toda-clm\\\/\"},\"wordCount\":372,\"publisher\":{\"@id\":\"https:\\\/\\\/www.caudete.org\\\/ayuntamiento\\\/#organization\"},\"image\":{\"@id\":\"https:\\\/\\\/www.caudete.org\\\/ayuntamiento\\\/activado-el-meteocam-en-fase-de-emergencia-nivel-1-por-fuertes-nevadas-en-toda-clm\\\/#primaryimage\"},\"thumbnailUrl\":\"https:\\\/\\\/www.caudete.org\\\/ayuntamiento\\\/wp-content\\\/uploads\\\/2021\\\/01\\\/IMG_5734.jpg\",\"keywords\":[\"borrasca filomena\",\"emergencias\",\"filomena\",\"meteocam\",\"nieve\",\"nivel 1\",\"temporal\"],\"articleSection\":[\"Emergencias\"],\"inLanguage\":\"es\"},{\"@type\":\"WebPage\",\"@id\":\"https:\\\/\\\/www.caudete.org\\\/ayuntamiento\\\/activado-el-meteocam-en-fase-de-emergencia-nivel-1-por-fuertes-nevadas-en-toda-clm\\\/\",\"url\":\"https:\\\/\\\/www.caudete.org\\\/ayuntamiento\\\/activado-el-meteocam-en-fase-de-emergencia-nivel-1-por-fuertes-nevadas-en-toda-clm\\\/\",\"name\":\"Activado el METEOCAM en fase de Emergencia Nivel 1 por fuertes nevadas en toda CLM - MI Ayuntamiento de Caudete\",\"isPartOf\":{\"@id\":\"https:\\\/\\\/www.caudete.org\\\/ayuntamiento\\\/#website\"},\"primaryImageOfPage\":{\"@id\":\"https:\\\/\\\/www.caudete.org\\\/ayuntamiento\\\/activado-el-meteocam-en-fase-de-emergencia-nivel-1-por-fuertes-nevadas-en-toda-clm\\\/#primaryimage\"},\"image\":{\"@id\":\"https:\\\/\\\/www.caudete.org\\\/ayuntamiento\\\/activado-el-meteocam-en-fase-de-emergencia-nivel-1-por-fuertes-nevadas-en-toda-clm\\\/#primaryimage\"},\"thumbnailUrl\":\"https:\\\/\\\/www.caudete.org\\\/ayuntamiento\\\/wp-content\\\/uploads\\\/2021\\\/01\\\/IMG_5734.jpg\",\"datePublished\":\"2021-01-06T17:58:05+00:00\",\"dateModified\":\"2021-01-06T19:10:42+00:00\",\"description\":\"P\u00e1gina Oficial del Ayuntamiento de Caudete (Albacete)\",\"breadcrumb\":{\"@id\":\"https:\\\/\\\/www.caudete.org\\\/ayuntamiento\\\/activado-el-meteocam-en-fase-de-emergencia-nivel-1-por-fuertes-nevadas-en-toda-clm\\\/#breadcrumb\"},\"inLanguage\":\"es\",\"potentialAction\":[{\"@type\":\"ReadAction\",\"target\":[\"https:\\\/\\\/www.caudete.org\\\/ayuntamiento\\\/activado-el-meteocam-en-fase-de-emergencia-nivel-1-por-fuertes-nevadas-en-toda-clm\\\/\"]}]},{\"@type\":\"ImageObject\",\"inLanguage\":\"es\",\"@id\":\"https:\\\/\\\/www.caudete.org\\\/ayuntamiento\\\/activado-el-meteocam-en-fase-de-emergencia-nivel-1-por-fuertes-nevadas-en-toda-clm\\\/#primaryimage\",\"url\":\"https:\\\/\\\/www.caudete.org\\\/ayuntamiento\\\/wp-content\\\/uploads\\\/2021\\\/01\\\/IMG_5734.jpg\",\"contentUrl\":\"https:\\\/\\\/www.caudete.org\\\/ayuntamiento\\\/wp-content\\\/uploads\\\/2021\\\/01\\\/IMG_5734.jpg\",\"width\":1600,\"height\":1066},{\"@type\":\"BreadcrumbList\",\"@id\":\"https:\\\/\\\/www.caudete.org\\\/ayuntamiento\\\/activado-el-meteocam-en-fase-de-emergencia-nivel-1-por-fuertes-nevadas-en-toda-clm\\\/#breadcrumb\",\"itemListElement\":[{\"@type\":\"ListItem\",\"position\":1,\"name\":\"Inicio\",\"item\":\"https:\\\/\\\/www.caudete.org\\\/ayuntamiento\\\/\"},{\"@type\":\"ListItem\",\"position\":2,\"name\":\"Activado el METEOCAM en fase de Emergencia Nivel 1 por fuertes nevadas en toda CLM\"}]},{\"@type\":\"WebSite\",\"@id\":\"https:\\\/\\\/www.caudete.org\\\/ayuntamiento\\\/#website\",\"url\":\"https:\\\/\\\/www.caudete.org\\\/ayuntamiento\\\/\",\"name\":\"MI Ayuntamiento de Caudete\",\"description\":\"P\u00e1gina Oficial del MI Ayuntamiento de Caudete\",\"publisher\":{\"@id\":\"https:\\\/\\\/www.caudete.org\\\/ayuntamiento\\\/#organization\"},\"potentialAction\":[{\"@type\":\"SearchAction\",\"target\":{\"@type\":\"EntryPoint\",\"urlTemplate\":\"https:\\\/\\\/www.caudete.org\\\/ayuntamiento\\\/?s={search_term_string}\"},\"query-input\":{\"@type\":\"PropertyValueSpecification\",\"valueRequired\":true,\"valueName\":\"search_term_string\"}}],\"inLanguage\":\"es\"},{\"@type\":\"Organization\",\"@id\":\"https:\\\/\\\/www.caudete.org\\\/ayuntamiento\\\/#organization\",\"name\":\"Ayuntamiento de Caudete\",\"url\":\"https:\\\/\\\/www.caudete.org\\\/ayuntamiento\\\/\",\"logo\":{\"@type\":\"ImageObject\",\"inLanguage\":\"es\",\"@id\":\"https:\\\/\\\/www.caudete.org\\\/ayuntamiento\\\/#\\\/schema\\\/logo\\\/image\\\/\",\"url\":\"https:\\\/\\\/www.caudete.org\\\/ayuntamiento\\\/wp-content\\\/uploads\\\/2020\\\/11\\\/logo_ayuntamiento_caudete.jpg\",\"contentUrl\":\"https:\\\/\\\/www.caudete.org\\\/ayuntamiento\\\/wp-content\\\/uploads\\\/2020\\\/11\\\/logo_ayuntamiento_caudete.jpg\",\"width\":600,\"height\":150,\"caption\":\"Ayuntamiento de Caudete\"},\"image\":{\"@id\":\"https:\\\/\\\/www.caudete.org\\\/ayuntamiento\\\/#\\\/schema\\\/logo\\\/image\\\/\"},\"sameAs\":[\"https:\\\/\\\/www.facebook.com\\\/ayuntamientocaudete\\\/\",\"https:\\\/\\\/www.youtube.com\\\/channel\\\/UC6VztHaooNsGpw-tNoBEFnQ\"]},{\"@type\":\"Person\",\"@id\":\"https:\\\/\\\/www.caudete.org\\\/ayuntamiento\\\/#\\\/schema\\\/person\\\/cc646da9133078ee4d8dd47457947253\",\"name\":\"alcalde\",\"image\":{\"@type\":\"ImageObject\",\"inLanguage\":\"es\",\"@id\":\"https:\\\/\\\/secure.gravatar.com\\\/avatar\\\/84a817ba065b29ff08d666b215a215f5c79186a645ccb25b14a663d48a130f77?s=96&d=mm&r=g\",\"url\":\"https:\\\/\\\/secure.gravatar.com\\\/avatar\\\/84a817ba065b29ff08d666b215a215f5c79186a645ccb25b14a663d48a130f77?s=96&d=mm&r=g\",\"contentUrl\":\"https:\\\/\\\/secure.gravatar.com\\\/avatar\\\/84a817ba065b29ff08d666b215a215f5c79186a645ccb25b14a663d48a130f77?s=96&d=mm&r=g\",\"caption\":\"alcalde\"},\"url\":\"https:\\\/\\\/www.caudete.org\\\/ayuntamiento\\\/author\\\/alcalde\\\/\"}]}<\/script>\n<!-- \/ Yoast SEO plugin. -->","yoast_head_json":{"title":"Activado el METEOCAM en fase de Emergencia Nivel 1 por fuertes nevadas en toda CLM - MI Ayuntamiento de Caudete","description":"P\u00e1gina Oficial del Ayuntamiento de Caudete (Albacete)","robots":{"index":"index","follow":"follow","max-snippet":"max-snippet:-1","max-image-preview":"max-image-preview:large","max-video-preview":"max-video-preview:-1"},"canonical":"https:\/\/www.caudete.org\/ayuntamiento\/activado-el-meteocam-en-fase-de-emergencia-nivel-1-por-fuertes-nevadas-en-toda-clm\/","og_locale":"es_ES","og_type":"article","og_title":"Activado el METEOCAM en fase de Emergencia Nivel 1 por fuertes nevadas en toda CLM - MI Ayuntamiento de Caudete","og_description":"P\u00e1gina Oficial del Ayuntamiento de Caudete (Albacete)","og_url":"https:\/\/www.caudete.org\/ayuntamiento\/activado-el-meteocam-en-fase-de-emergencia-nivel-1-por-fuertes-nevadas-en-toda-clm\/","og_site_name":"MI Ayuntamiento de Caudete","article_publisher":"https:\/\/www.facebook.com\/ayuntamientocaudete\/","article_published_time":"2021-01-06T17:58:05+00:00","article_modified_time":"2021-01-06T19:10:42+00:00","og_image":[{"width":1600,"height":1066,"url":"https:\/\/www.caudete.org\/ayuntamiento\/wp-content\/uploads\/2021\/01\/IMG_5734.jpg","type":"image\/jpeg"}],"author":"alcalde","twitter_card":"summary_large_image","twitter_misc":{"Escrito por":"alcalde","Tiempo de lectura":"2 minutos"},"schema":{"@context":"https:\/\/schema.org","@graph":[{"@type":"Article","@id":"https:\/\/www.caudete.org\/ayuntamiento\/activado-el-meteocam-en-fase-de-emergencia-nivel-1-por-fuertes-nevadas-en-toda-clm\/#article","isPartOf":{"@id":"https:\/\/www.caudete.org\/ayuntamiento\/activado-el-meteocam-en-fase-de-emergencia-nivel-1-por-fuertes-nevadas-en-toda-clm\/"},"author":{"name":"alcalde","@id":"https:\/\/www.caudete.org\/ayuntamiento\/#\/schema\/person\/cc646da9133078ee4d8dd47457947253"},"headline":"Activado el METEOCAM en fase de Emergencia Nivel 1 por fuertes nevadas en toda CLM","datePublished":"2021-01-06T17:58:05+00:00","dateModified":"2021-01-06T19:10:42+00:00","mainEntityOfPage":{"@id":"https:\/\/www.caudete.org\/ayuntamiento\/activado-el-meteocam-en-fase-de-emergencia-nivel-1-por-fuertes-nevadas-en-toda-clm\/"},"wordCount":372,"publisher":{"@id":"https:\/\/www.caudete.org\/ayuntamiento\/#organization"},"image":{"@id":"https:\/\/www.caudete.org\/ayuntamiento\/activado-el-meteocam-en-fase-de-emergencia-nivel-1-por-fuertes-nevadas-en-toda-clm\/#primaryimage"},"thumbnailUrl":"https:\/\/www.caudete.org\/ayuntamiento\/wp-content\/uploads\/2021\/01\/IMG_5734.jpg","keywords":["borrasca filomena","emergencias","filomena","meteocam","nieve","nivel 1","temporal"],"articleSection":["Emergencias"],"inLanguage":"es"},{"@type":"WebPage","@id":"https:\/\/www.caudete.org\/ayuntamiento\/activado-el-meteocam-en-fase-de-emergencia-nivel-1-por-fuertes-nevadas-en-toda-clm\/","url":"https:\/\/www.caudete.org\/ayuntamiento\/activado-el-meteocam-en-fase-de-emergencia-nivel-1-por-fuertes-nevadas-en-toda-clm\/","name":"Activado el METEOCAM en fase de Emergencia Nivel 1 por fuertes nevadas en toda CLM - MI Ayuntamiento de Caudete","isPartOf":{"@id":"https:\/\/www.caudete.org\/ayuntamiento\/#website"},"primaryImageOfPage":{"@id":"https:\/\/www.caudete.org\/ayuntamiento\/activado-el-meteocam-en-fase-de-emergencia-nivel-1-por-fuertes-nevadas-en-toda-clm\/#primaryimage"},"image":{"@id":"https:\/\/www.caudete.org\/ayuntamiento\/activado-el-meteocam-en-fase-de-emergencia-nivel-1-por-fuertes-nevadas-en-toda-clm\/#primaryimage"},"thumbnailUrl":"https:\/\/www.caudete.org\/ayuntamiento\/wp-content\/uploads\/2021\/01\/IMG_5734.jpg","datePublished":"2021-01-06T17:58:05+00:00","dateModified":"2021-01-06T19:10:42+00:00","description":"P\u00e1gina Oficial del Ayuntamiento de Caudete (Albacete)","breadcrumb":{"@id":"https:\/\/www.caudete.org\/ayuntamiento\/activado-el-meteocam-en-fase-de-emergencia-nivel-1-por-fuertes-nevadas-en-toda-clm\/#breadcrumb"},"inLanguage":"es","potentialAction":[{"@type":"ReadAction","target":["https:\/\/www.caudete.org\/ayuntamiento\/activado-el-meteocam-en-fase-de-emergencia-nivel-1-por-fuertes-nevadas-en-toda-clm\/"]}]},{"@type":"ImageObject","inLanguage":"es","@id":"https:\/\/www.caudete.org\/ayuntamiento\/activado-el-meteocam-en-fase-de-emergencia-nivel-1-por-fuertes-nevadas-en-toda-clm\/#primaryimage","url":"https:\/\/www.caudete.org\/ayuntamiento\/wp-content\/uploads\/2021\/01\/IMG_5734.jpg","contentUrl":"https:\/\/www.caudete.org\/ayuntamiento\/wp-content\/uploads\/2021\/01\/IMG_5734.jpg","width":1600,"height":1066},{"@type":"BreadcrumbList","@id":"https:\/\/www.caudete.org\/ayuntamiento\/activado-el-meteocam-en-fase-de-emergencia-nivel-1-por-fuertes-nevadas-en-toda-clm\/#breadcrumb","itemListElement":[{"@type":"ListItem","position":1,"name":"Inicio","item":"https:\/\/www.caudete.org\/ayuntamiento\/"},{"@type":"ListItem","position":2,"name":"Activado el METEOCAM en fase de Emergencia Nivel 1 por fuertes nevadas en toda CLM"}]},{"@type":"WebSite","@id":"https:\/\/www.caudete.org\/ayuntamiento\/#website","url":"https:\/\/www.caudete.org\/ayuntamiento\/","name":"MI Ayuntamiento de Caudete","description":"P\u00e1gina Oficial del MI Ayuntamiento de Caudete","publisher":{"@id":"https:\/\/www.caudete.org\/ayuntamiento\/#organization"},"potentialAction":[{"@type":"SearchAction","target":{"@type":"EntryPoint","urlTemplate":"https:\/\/www.caudete.org\/ayuntamiento\/?s={search_term_string}"},"query-input":{"@type":"PropertyValueSpecification","valueRequired":true,"valueName":"search_term_string"}}],"inLanguage":"es"},{"@type":"Organization","@id":"https:\/\/www.caudete.org\/ayuntamiento\/#organization","name":"Ayuntamiento de Caudete","url":"https:\/\/www.caudete.org\/ayuntamiento\/","logo":{"@type":"ImageObject","inLanguage":"es","@id":"https:\/\/www.caudete.org\/ayuntamiento\/#\/schema\/logo\/image\/","url":"https:\/\/www.caudete.org\/ayuntamiento\/wp-content\/uploads\/2020\/11\/logo_ayuntamiento_caudete.jpg","contentUrl":"https:\/\/www.caudete.org\/ayuntamiento\/wp-content\/uploads\/2020\/11\/logo_ayuntamiento_caudete.jpg","width":600,"height":150,"caption":"Ayuntamiento de Caudete"},"image":{"@id":"https:\/\/www.caudete.org\/ayuntamiento\/#\/schema\/logo\/image\/"},"sameAs":["https:\/\/www.facebook.com\/ayuntamientocaudete\/","https:\/\/www.youtube.com\/channel\/UC6VztHaooNsGpw-tNoBEFnQ"]},{"@type":"Person","@id":"https:\/\/www.caudete.org\/ayuntamiento\/#\/schema\/person\/cc646da9133078ee4d8dd47457947253","name":"alcalde","image":{"@type":"ImageObject","inLanguage":"es","@id":"https:\/\/secure.gravatar.com\/avatar\/84a817ba065b29ff08d666b215a215f5c79186a645ccb25b14a663d48a130f77?s=96&d=mm&r=g","url":"https:\/\/secure.gravatar.com\/avatar\/84a817ba065b29ff08d666b215a215f5c79186a645ccb25b14a663d48a130f77?s=96&d=mm&r=g","contentUrl":"https:\/\/secure.gravatar.com\/avatar\/84a817ba065b29ff08d666b215a215f5c79186a645ccb25b14a663d48a130f77?s=96&d=mm&r=g","caption":"alcalde"},"url":"https:\/\/www.caudete.org\/ayuntamiento\/author\/alcalde\/"}]}},"_links":{"self":[{"href":"https:\/\/www.caudete.org\/ayuntamiento\/wp-json\/wp\/v2\/posts\/11438","targetHints":{"allow":["GET"]}}],"collection":[{"href":"https:\/\/www.caudete.org\/ayuntamiento\/wp-json\/wp\/v2\/posts"}],"about":[{"href":"https:\/\/www.caudete.org\/ayuntamiento\/wp-json\/wp\/v2\/types\/post"}],"author":[{"embeddable":true,"href":"https:\/\/www.caudete.org\/ayuntamiento\/wp-json\/wp\/v2\/users\/3"}],"replies":[{"embeddable":true,"href":"https:\/\/www.caudete.org\/ayuntamiento\/wp-json\/wp\/v2\/comments?post=11438"}],"version-history":[{"count":8,"href":"https:\/\/www.caudete.org\/ayuntamiento\/wp-json\/wp\/v2\/posts\/11438\/revisions"}],"predecessor-version":[{"id":11459,"href":"https:\/\/www.caudete.org\/ayuntamiento\/wp-json\/wp\/v2\/posts\/11438\/revisions\/11459"}],"wp:featuredmedia":[{"embeddable":true,"href":"https:\/\/www.caudete.org\/ayuntamiento\/wp-json\/wp\/v2\/media\/11441"}],"wp:attachment":[{"href":"https:\/\/www.caudete.org\/ayuntamiento\/wp-json\/wp\/v2\/media?parent=11438"}],"wp:term":[{"taxonomy":"category","embeddable":true,"href":"https:\/\/www.caudete.org\/ayuntamiento\/wp-json\/wp\/v2\/categories?post=11438"},{"taxonomy":"post_tag","embeddable":true,"href":"https:\/\/www.caudete.org\/ayuntamiento\/wp-json\/wp\/v2\/tags?post=11438"}],"curies":[{"name":"wp","href":"https:\/\/api.w.org\/{rel}","templated":true}]}}