{"id":11465,"date":"2021-01-07T12:49:53","date_gmt":"2021-01-07T11:49:53","guid":{"rendered":"http:\/\/www.caudete.org\/ayuntamiento\/?p=11465"},"modified":"2021-01-07T12:49:53","modified_gmt":"2021-01-07T11:49:53","slug":"clm-aumenta-el-meteocam-a-emergencia-nivel-2-en-toda-la-region","status":"publish","type":"post","link":"https:\/\/www.caudete.org\/ayuntamiento\/clm-aumenta-el-meteocam-a-emergencia-nivel-2-en-toda-la-region\/","title":{"rendered":"CLM aumenta el METEOCAM a Emergencia Nivel 2 en toda la Regi\u00f3n"},"content":{"rendered":"<p style=\"text-align: justify;\">Como consecuencia de la evoluci\u00f3n de la situaci\u00f3n por NEVADAS que afectan a toda la Regi\u00f3n, en el d\u00eda de hoy 07\/01\/2021, la Direcci\u00f3n del Plan actualiza el Nivel de activaci\u00f3n.<\/p>\n<p style=\"text-align: justify;\">En consecuencia declara el <strong>METEOCAM<\/strong> en <strong>Fase de Emergencia Nivel 2<\/strong> en toda la Regi\u00f3n.<\/p>\n<p style=\"text-align: justify;\">Recordamos que Caudete est\u00e1 por tanto afectado por dicho Nivel de Emergencia. No obstante, al no haberse producido precipitaciones en forma de Nieve en nuestra localidad, tras la reuni\u00f3n mantenida esta ma\u00f1ana en el Centro de Coordinaci\u00f3n Operativa Local (CECOPAL), se mantiene a nivel municipal el <strong>Plan Municipal de Emergencias<\/strong> en fase de\u00a0<strong>Alerta Nivel 1<\/strong>, pudiendo sufrir variaciones a lo largo del d\u00eda en funci\u00f3n del avance del temporal.<\/p>\n","protected":false},"excerpt":{"rendered":"<p>Como consecuencia de la evoluci\u00f3n de la situaci\u00f3n por NEVADAS que afectan a toda la Regi\u00f3n, en el d\u00eda de hoy 07\/01\/2021, la Direcci\u00f3n del Plan actualiza el Nivel de activaci\u00f3n. En consecuencia declara el METEOCAM en Fase de Emergencia Nivel 2 en toda la Regi\u00f3n. Recordamos que Caudete est\u00e1 por tanto afectado por dicho &hellip;<\/p>\n","protected":false},"author":3,"featured_media":11466,"comment_status":"closed","ping_status":"open","sticky":false,"template":"","format":"standard","meta":{"ngg_post_thumbnail":0,"footnotes":""},"categories":[41],"tags":[216,211,218,210,213,209,214,217,215,202],"class_list":["post-11465","post","type-post","status-publish","format-standard","has-post-thumbnail","hentry","category-emergencias","tag-alerta","tag-borrasca-filomena","tag-emergencia","tag-filomena","tag-meteocam","tag-nieve","tag-nivel-1","tag-nivel-2","tag-plan-emergencias-municipal","tag-temporal"],"yoast_head":"<!-- This site is optimized with the Yoast SEO plugin v27.4 - https:\/\/yoast.com\/product\/yoast-seo-wordpress\/ -->\n<title>CLM aumenta el METEOCAM a Emergencia Nivel 2 en toda la Regi\u00f3n - MI Ayuntamiento de Caudete<\/title>\n<meta name=\"description\" content=\"P\u00e1gina Oficial del Ayuntamiento de Caudete (Albacete)\" \/>\n<meta name=\"robots\" content=\"index, follow, max-snippet:-1, max-image-preview:large, max-video-preview:-1\" \/>\n<link rel=\"canonical\" href=\"https:\/\/www.caudete.org\/ayuntamiento\/clm-aumenta-el-meteocam-a-emergencia-nivel-2-en-toda-la-region\/\" \/>\n<meta property=\"og:locale\" content=\"es_ES\" \/>\n<meta property=\"og:type\" content=\"article\" \/>\n<meta property=\"og:title\" content=\"CLM aumenta el METEOCAM a Emergencia Nivel 2 en toda la Regi\u00f3n - MI Ayuntamiento de Caudete\" \/>\n<meta property=\"og:description\" content=\"P\u00e1gina Oficial del Ayuntamiento de Caudete (Albacete)\" \/>\n<meta property=\"og:url\" content=\"https:\/\/www.caudete.org\/ayuntamiento\/clm-aumenta-el-meteocam-a-emergencia-nivel-2-en-toda-la-region\/\" \/>\n<meta property=\"og:site_name\" content=\"MI Ayuntamiento de Caudete\" \/>\n<meta property=\"article:publisher\" content=\"https:\/\/www.facebook.com\/ayuntamientocaudete\/\" \/>\n<meta property=\"article:published_time\" content=\"2021-01-07T11:49:53+00:00\" \/>\n<meta property=\"og:image\" content=\"https:\/\/www.caudete.org\/ayuntamiento\/wp-content\/uploads\/2021\/01\/fotonoticia_20200118172200_1024.jpg\" \/>\n\t<meta property=\"og:image:width\" content=\"1024\" \/>\n\t<meta property=\"og:image:height\" content=\"683\" \/>\n\t<meta property=\"og:image:type\" content=\"image\/jpeg\" \/>\n<meta name=\"author\" content=\"alcalde\" \/>\n<meta name=\"twitter:card\" content=\"summary_large_image\" \/>\n<meta name=\"twitter:label1\" content=\"Escrito por\" \/>\n\t<meta name=\"twitter:data1\" content=\"alcalde\" \/>\n\t<meta name=\"twitter:label2\" content=\"Tiempo de lectura\" \/>\n\t<meta name=\"twitter:data2\" content=\"1 minuto\" \/>\n<script type=\"application\/ld+json\" class=\"yoast-schema-graph\">{\"@context\":\"https:\\\/\\\/schema.org\",\"@graph\":[{\"@type\":\"Article\",\"@id\":\"https:\\\/\\\/www.caudete.org\\\/ayuntamiento\\\/clm-aumenta-el-meteocam-a-emergencia-nivel-2-en-toda-la-region\\\/#article\",\"isPartOf\":{\"@id\":\"https:\\\/\\\/www.caudete.org\\\/ayuntamiento\\\/clm-aumenta-el-meteocam-a-emergencia-nivel-2-en-toda-la-region\\\/\"},\"author\":{\"name\":\"alcalde\",\"@id\":\"https:\\\/\\\/www.caudete.org\\\/ayuntamiento\\\/#\\\/schema\\\/person\\\/cc646da9133078ee4d8dd47457947253\"},\"headline\":\"CLM aumenta el METEOCAM a Emergencia Nivel 2 en toda la Regi\u00f3n\",\"datePublished\":\"2021-01-07T11:49:53+00:00\",\"mainEntityOfPage\":{\"@id\":\"https:\\\/\\\/www.caudete.org\\\/ayuntamiento\\\/clm-aumenta-el-meteocam-a-emergencia-nivel-2-en-toda-la-region\\\/\"},\"wordCount\":137,\"publisher\":{\"@id\":\"https:\\\/\\\/www.caudete.org\\\/ayuntamiento\\\/#organization\"},\"image\":{\"@id\":\"https:\\\/\\\/www.caudete.org\\\/ayuntamiento\\\/clm-aumenta-el-meteocam-a-emergencia-nivel-2-en-toda-la-region\\\/#primaryimage\"},\"thumbnailUrl\":\"https:\\\/\\\/www.caudete.org\\\/ayuntamiento\\\/wp-content\\\/uploads\\\/2021\\\/01\\\/fotonoticia_20200118172200_1024.jpg\",\"keywords\":[\"Alerta\",\"borrasca filomena\",\"emergencia\",\"filomena\",\"meteocam\",\"nieve\",\"nivel 1\",\"nivel 2\",\"Plan Emergencias Municipal\",\"temporal\"],\"articleSection\":[\"Emergencias\"],\"inLanguage\":\"es\"},{\"@type\":\"WebPage\",\"@id\":\"https:\\\/\\\/www.caudete.org\\\/ayuntamiento\\\/clm-aumenta-el-meteocam-a-emergencia-nivel-2-en-toda-la-region\\\/\",\"url\":\"https:\\\/\\\/www.caudete.org\\\/ayuntamiento\\\/clm-aumenta-el-meteocam-a-emergencia-nivel-2-en-toda-la-region\\\/\",\"name\":\"CLM aumenta el METEOCAM a Emergencia Nivel 2 en toda la Regi\u00f3n - MI Ayuntamiento de Caudete\",\"isPartOf\":{\"@id\":\"https:\\\/\\\/www.caudete.org\\\/ayuntamiento\\\/#website\"},\"primaryImageOfPage\":{\"@id\":\"https:\\\/\\\/www.caudete.org\\\/ayuntamiento\\\/clm-aumenta-el-meteocam-a-emergencia-nivel-2-en-toda-la-region\\\/#primaryimage\"},\"image\":{\"@id\":\"https:\\\/\\\/www.caudete.org\\\/ayuntamiento\\\/clm-aumenta-el-meteocam-a-emergencia-nivel-2-en-toda-la-region\\\/#primaryimage\"},\"thumbnailUrl\":\"https:\\\/\\\/www.caudete.org\\\/ayuntamiento\\\/wp-content\\\/uploads\\\/2021\\\/01\\\/fotonoticia_20200118172200_1024.jpg\",\"datePublished\":\"2021-01-07T11:49:53+00:00\",\"description\":\"P\u00e1gina Oficial del Ayuntamiento de Caudete (Albacete)\",\"breadcrumb\":{\"@id\":\"https:\\\/\\\/www.caudete.org\\\/ayuntamiento\\\/clm-aumenta-el-meteocam-a-emergencia-nivel-2-en-toda-la-region\\\/#breadcrumb\"},\"inLanguage\":\"es\",\"potentialAction\":[{\"@type\":\"ReadAction\",\"target\":[\"https:\\\/\\\/www.caudete.org\\\/ayuntamiento\\\/clm-aumenta-el-meteocam-a-emergencia-nivel-2-en-toda-la-region\\\/\"]}]},{\"@type\":\"ImageObject\",\"inLanguage\":\"es\",\"@id\":\"https:\\\/\\\/www.caudete.org\\\/ayuntamiento\\\/clm-aumenta-el-meteocam-a-emergencia-nivel-2-en-toda-la-region\\\/#primaryimage\",\"url\":\"https:\\\/\\\/www.caudete.org\\\/ayuntamiento\\\/wp-content\\\/uploads\\\/2021\\\/01\\\/fotonoticia_20200118172200_1024.jpg\",\"contentUrl\":\"https:\\\/\\\/www.caudete.org\\\/ayuntamiento\\\/wp-content\\\/uploads\\\/2021\\\/01\\\/fotonoticia_20200118172200_1024.jpg\",\"width\":1024,\"height\":683},{\"@type\":\"BreadcrumbList\",\"@id\":\"https:\\\/\\\/www.caudete.org\\\/ayuntamiento\\\/clm-aumenta-el-meteocam-a-emergencia-nivel-2-en-toda-la-region\\\/#breadcrumb\",\"itemListElement\":[{\"@type\":\"ListItem\",\"position\":1,\"name\":\"Inicio\",\"item\":\"https:\\\/\\\/www.caudete.org\\\/ayuntamiento\\\/\"},{\"@type\":\"ListItem\",\"position\":2,\"name\":\"CLM aumenta el METEOCAM a Emergencia Nivel 2 en toda la Regi\u00f3n\"}]},{\"@type\":\"WebSite\",\"@id\":\"https:\\\/\\\/www.caudete.org\\\/ayuntamiento\\\/#website\",\"url\":\"https:\\\/\\\/www.caudete.org\\\/ayuntamiento\\\/\",\"name\":\"MI Ayuntamiento de Caudete\",\"description\":\"P\u00e1gina Oficial del MI Ayuntamiento de Caudete\",\"publisher\":{\"@id\":\"https:\\\/\\\/www.caudete.org\\\/ayuntamiento\\\/#organization\"},\"potentialAction\":[{\"@type\":\"SearchAction\",\"target\":{\"@type\":\"EntryPoint\",\"urlTemplate\":\"https:\\\/\\\/www.caudete.org\\\/ayuntamiento\\\/?s={search_term_string}\"},\"query-input\":{\"@type\":\"PropertyValueSpecification\",\"valueRequired\":true,\"valueName\":\"search_term_string\"}}],\"inLanguage\":\"es\"},{\"@type\":\"Organization\",\"@id\":\"https:\\\/\\\/www.caudete.org\\\/ayuntamiento\\\/#organization\",\"name\":\"Ayuntamiento de Caudete\",\"url\":\"https:\\\/\\\/www.caudete.org\\\/ayuntamiento\\\/\",\"logo\":{\"@type\":\"ImageObject\",\"inLanguage\":\"es\",\"@id\":\"https:\\\/\\\/www.caudete.org\\\/ayuntamiento\\\/#\\\/schema\\\/logo\\\/image\\\/\",\"url\":\"https:\\\/\\\/www.caudete.org\\\/ayuntamiento\\\/wp-content\\\/uploads\\\/2020\\\/11\\\/logo_ayuntamiento_caudete.jpg\",\"contentUrl\":\"https:\\\/\\\/www.caudete.org\\\/ayuntamiento\\\/wp-content\\\/uploads\\\/2020\\\/11\\\/logo_ayuntamiento_caudete.jpg\",\"width\":600,\"height\":150,\"caption\":\"Ayuntamiento de Caudete\"},\"image\":{\"@id\":\"https:\\\/\\\/www.caudete.org\\\/ayuntamiento\\\/#\\\/schema\\\/logo\\\/image\\\/\"},\"sameAs\":[\"https:\\\/\\\/www.facebook.com\\\/ayuntamientocaudete\\\/\",\"https:\\\/\\\/www.youtube.com\\\/channel\\\/UC6VztHaooNsGpw-tNoBEFnQ\"]},{\"@type\":\"Person\",\"@id\":\"https:\\\/\\\/www.caudete.org\\\/ayuntamiento\\\/#\\\/schema\\\/person\\\/cc646da9133078ee4d8dd47457947253\",\"name\":\"alcalde\",\"image\":{\"@type\":\"ImageObject\",\"inLanguage\":\"es\",\"@id\":\"https:\\\/\\\/secure.gravatar.com\\\/avatar\\\/84a817ba065b29ff08d666b215a215f5c79186a645ccb25b14a663d48a130f77?s=96&d=mm&r=g\",\"url\":\"https:\\\/\\\/secure.gravatar.com\\\/avatar\\\/84a817ba065b29ff08d666b215a215f5c79186a645ccb25b14a663d48a130f77?s=96&d=mm&r=g\",\"contentUrl\":\"https:\\\/\\\/secure.gravatar.com\\\/avatar\\\/84a817ba065b29ff08d666b215a215f5c79186a645ccb25b14a663d48a130f77?s=96&d=mm&r=g\",\"caption\":\"alcalde\"},\"url\":\"https:\\\/\\\/www.caudete.org\\\/ayuntamiento\\\/author\\\/alcalde\\\/\"}]}<\/script>\n<!-- \/ Yoast SEO plugin. -->","yoast_head_json":{"title":"CLM aumenta el METEOCAM a Emergencia Nivel 2 en toda la Regi\u00f3n - MI Ayuntamiento de Caudete","description":"P\u00e1gina Oficial del Ayuntamiento de Caudete (Albacete)","robots":{"index":"index","follow":"follow","max-snippet":"max-snippet:-1","max-image-preview":"max-image-preview:large","max-video-preview":"max-video-preview:-1"},"canonical":"https:\/\/www.caudete.org\/ayuntamiento\/clm-aumenta-el-meteocam-a-emergencia-nivel-2-en-toda-la-region\/","og_locale":"es_ES","og_type":"article","og_title":"CLM aumenta el METEOCAM a Emergencia Nivel 2 en toda la Regi\u00f3n - MI Ayuntamiento de Caudete","og_description":"P\u00e1gina Oficial del Ayuntamiento de Caudete (Albacete)","og_url":"https:\/\/www.caudete.org\/ayuntamiento\/clm-aumenta-el-meteocam-a-emergencia-nivel-2-en-toda-la-region\/","og_site_name":"MI Ayuntamiento de Caudete","article_publisher":"https:\/\/www.facebook.com\/ayuntamientocaudete\/","article_published_time":"2021-01-07T11:49:53+00:00","og_image":[{"width":1024,"height":683,"url":"https:\/\/www.caudete.org\/ayuntamiento\/wp-content\/uploads\/2021\/01\/fotonoticia_20200118172200_1024.jpg","type":"image\/jpeg"}],"author":"alcalde","twitter_card":"summary_large_image","twitter_misc":{"Escrito por":"alcalde","Tiempo de lectura":"1 minuto"},"schema":{"@context":"https:\/\/schema.org","@graph":[{"@type":"Article","@id":"https:\/\/www.caudete.org\/ayuntamiento\/clm-aumenta-el-meteocam-a-emergencia-nivel-2-en-toda-la-region\/#article","isPartOf":{"@id":"https:\/\/www.caudete.org\/ayuntamiento\/clm-aumenta-el-meteocam-a-emergencia-nivel-2-en-toda-la-region\/"},"author":{"name":"alcalde","@id":"https:\/\/www.caudete.org\/ayuntamiento\/#\/schema\/person\/cc646da9133078ee4d8dd47457947253"},"headline":"CLM aumenta el METEOCAM a Emergencia Nivel 2 en toda la Regi\u00f3n","datePublished":"2021-01-07T11:49:53+00:00","mainEntityOfPage":{"@id":"https:\/\/www.caudete.org\/ayuntamiento\/clm-aumenta-el-meteocam-a-emergencia-nivel-2-en-toda-la-region\/"},"wordCount":137,"publisher":{"@id":"https:\/\/www.caudete.org\/ayuntamiento\/#organization"},"image":{"@id":"https:\/\/www.caudete.org\/ayuntamiento\/clm-aumenta-el-meteocam-a-emergencia-nivel-2-en-toda-la-region\/#primaryimage"},"thumbnailUrl":"https:\/\/www.caudete.org\/ayuntamiento\/wp-content\/uploads\/2021\/01\/fotonoticia_20200118172200_1024.jpg","keywords":["Alerta","borrasca filomena","emergencia","filomena","meteocam","nieve","nivel 1","nivel 2","Plan Emergencias Municipal","temporal"],"articleSection":["Emergencias"],"inLanguage":"es"},{"@type":"WebPage","@id":"https:\/\/www.caudete.org\/ayuntamiento\/clm-aumenta-el-meteocam-a-emergencia-nivel-2-en-toda-la-region\/","url":"https:\/\/www.caudete.org\/ayuntamiento\/clm-aumenta-el-meteocam-a-emergencia-nivel-2-en-toda-la-region\/","name":"CLM aumenta el METEOCAM a Emergencia Nivel 2 en toda la Regi\u00f3n - MI Ayuntamiento de Caudete","isPartOf":{"@id":"https:\/\/www.caudete.org\/ayuntamiento\/#website"},"primaryImageOfPage":{"@id":"https:\/\/www.caudete.org\/ayuntamiento\/clm-aumenta-el-meteocam-a-emergencia-nivel-2-en-toda-la-region\/#primaryimage"},"image":{"@id":"https:\/\/www.caudete.org\/ayuntamiento\/clm-aumenta-el-meteocam-a-emergencia-nivel-2-en-toda-la-region\/#primaryimage"},"thumbnailUrl":"https:\/\/www.caudete.org\/ayuntamiento\/wp-content\/uploads\/2021\/01\/fotonoticia_20200118172200_1024.jpg","datePublished":"2021-01-07T11:49:53+00:00","description":"P\u00e1gina Oficial del Ayuntamiento de Caudete (Albacete)","breadcrumb":{"@id":"https:\/\/www.caudete.org\/ayuntamiento\/clm-aumenta-el-meteocam-a-emergencia-nivel-2-en-toda-la-region\/#breadcrumb"},"inLanguage":"es","potentialAction":[{"@type":"ReadAction","target":["https:\/\/www.caudete.org\/ayuntamiento\/clm-aumenta-el-meteocam-a-emergencia-nivel-2-en-toda-la-region\/"]}]},{"@type":"ImageObject","inLanguage":"es","@id":"https:\/\/www.caudete.org\/ayuntamiento\/clm-aumenta-el-meteocam-a-emergencia-nivel-2-en-toda-la-region\/#primaryimage","url":"https:\/\/www.caudete.org\/ayuntamiento\/wp-content\/uploads\/2021\/01\/fotonoticia_20200118172200_1024.jpg","contentUrl":"https:\/\/www.caudete.org\/ayuntamiento\/wp-content\/uploads\/2021\/01\/fotonoticia_20200118172200_1024.jpg","width":1024,"height":683},{"@type":"BreadcrumbList","@id":"https:\/\/www.caudete.org\/ayuntamiento\/clm-aumenta-el-meteocam-a-emergencia-nivel-2-en-toda-la-region\/#breadcrumb","itemListElement":[{"@type":"ListItem","position":1,"name":"Inicio","item":"https:\/\/www.caudete.org\/ayuntamiento\/"},{"@type":"ListItem","position":2,"name":"CLM aumenta el METEOCAM a Emergencia Nivel 2 en toda la Regi\u00f3n"}]},{"@type":"WebSite","@id":"https:\/\/www.caudete.org\/ayuntamiento\/#website","url":"https:\/\/www.caudete.org\/ayuntamiento\/","name":"MI Ayuntamiento de Caudete","description":"P\u00e1gina Oficial del MI Ayuntamiento de Caudete","publisher":{"@id":"https:\/\/www.caudete.org\/ayuntamiento\/#organization"},"potentialAction":[{"@type":"SearchAction","target":{"@type":"EntryPoint","urlTemplate":"https:\/\/www.caudete.org\/ayuntamiento\/?s={search_term_string}"},"query-input":{"@type":"PropertyValueSpecification","valueRequired":true,"valueName":"search_term_string"}}],"inLanguage":"es"},{"@type":"Organization","@id":"https:\/\/www.caudete.org\/ayuntamiento\/#organization","name":"Ayuntamiento de Caudete","url":"https:\/\/www.caudete.org\/ayuntamiento\/","logo":{"@type":"ImageObject","inLanguage":"es","@id":"https:\/\/www.caudete.org\/ayuntamiento\/#\/schema\/logo\/image\/","url":"https:\/\/www.caudete.org\/ayuntamiento\/wp-content\/uploads\/2020\/11\/logo_ayuntamiento_caudete.jpg","contentUrl":"https:\/\/www.caudete.org\/ayuntamiento\/wp-content\/uploads\/2020\/11\/logo_ayuntamiento_caudete.jpg","width":600,"height":150,"caption":"Ayuntamiento de Caudete"},"image":{"@id":"https:\/\/www.caudete.org\/ayuntamiento\/#\/schema\/logo\/image\/"},"sameAs":["https:\/\/www.facebook.com\/ayuntamientocaudete\/","https:\/\/www.youtube.com\/channel\/UC6VztHaooNsGpw-tNoBEFnQ"]},{"@type":"Person","@id":"https:\/\/www.caudete.org\/ayuntamiento\/#\/schema\/person\/cc646da9133078ee4d8dd47457947253","name":"alcalde","image":{"@type":"ImageObject","inLanguage":"es","@id":"https:\/\/secure.gravatar.com\/avatar\/84a817ba065b29ff08d666b215a215f5c79186a645ccb25b14a663d48a130f77?s=96&d=mm&r=g","url":"https:\/\/secure.gravatar.com\/avatar\/84a817ba065b29ff08d666b215a215f5c79186a645ccb25b14a663d48a130f77?s=96&d=mm&r=g","contentUrl":"https:\/\/secure.gravatar.com\/avatar\/84a817ba065b29ff08d666b215a215f5c79186a645ccb25b14a663d48a130f77?s=96&d=mm&r=g","caption":"alcalde"},"url":"https:\/\/www.caudete.org\/ayuntamiento\/author\/alcalde\/"}]}},"_links":{"self":[{"href":"https:\/\/www.caudete.org\/ayuntamiento\/wp-json\/wp\/v2\/posts\/11465","targetHints":{"allow":["GET"]}}],"collection":[{"href":"https:\/\/www.caudete.org\/ayuntamiento\/wp-json\/wp\/v2\/posts"}],"about":[{"href":"https:\/\/www.caudete.org\/ayuntamiento\/wp-json\/wp\/v2\/types\/post"}],"author":[{"embeddable":true,"href":"https:\/\/www.caudete.org\/ayuntamiento\/wp-json\/wp\/v2\/users\/3"}],"replies":[{"embeddable":true,"href":"https:\/\/www.caudete.org\/ayuntamiento\/wp-json\/wp\/v2\/comments?post=11465"}],"version-history":[{"count":1,"href":"https:\/\/www.caudete.org\/ayuntamiento\/wp-json\/wp\/v2\/posts\/11465\/revisions"}],"predecessor-version":[{"id":11467,"href":"https:\/\/www.caudete.org\/ayuntamiento\/wp-json\/wp\/v2\/posts\/11465\/revisions\/11467"}],"wp:featuredmedia":[{"embeddable":true,"href":"https:\/\/www.caudete.org\/ayuntamiento\/wp-json\/wp\/v2\/media\/11466"}],"wp:attachment":[{"href":"https:\/\/www.caudete.org\/ayuntamiento\/wp-json\/wp\/v2\/media?parent=11465"}],"wp:term":[{"taxonomy":"category","embeddable":true,"href":"https:\/\/www.caudete.org\/ayuntamiento\/wp-json\/wp\/v2\/categories?post=11465"},{"taxonomy":"post_tag","embeddable":true,"href":"https:\/\/www.caudete.org\/ayuntamiento\/wp-json\/wp\/v2\/tags?post=11465"}],"curies":[{"name":"wp","href":"https:\/\/api.w.org\/{rel}","templated":true}]}}