{"id":11477,"date":"2021-01-08T14:09:05","date_gmt":"2021-01-08T13:09:05","guid":{"rendered":"https:\/\/www.caudete.org\/ayuntamiento\/?p=11477"},"modified":"2021-01-08T17:21:36","modified_gmt":"2021-01-08T16:21:36","slug":"mejora-la-situacion-de-covid-19-en-caudete","status":"publish","type":"post","link":"https:\/\/www.caudete.org\/ayuntamiento\/mejora-la-situacion-de-covid-19-en-caudete\/","title":{"rendered":"Mejora la situaci\u00f3n de COVID-19 en Caudete"},"content":{"rendered":"<p><img fetchpriority=\"high\" decoding=\"async\" class=\"alignnone size-medium wp-image-11478\" src=\"https:\/\/www.caudete.org\/ayuntamiento\/wp-content\/uploads\/2021\/01\/IMG_20210108_133858_781-211x300.jpg\" alt=\"\" width=\"211\" height=\"300\" srcset=\"https:\/\/www.caudete.org\/ayuntamiento\/wp-content\/uploads\/2021\/01\/IMG_20210108_133858_781-211x300.jpg 211w, https:\/\/www.caudete.org\/ayuntamiento\/wp-content\/uploads\/2021\/01\/IMG_20210108_133858_781.jpg 643w\" sizes=\"(max-width: 211px) 100vw, 211px\" \/><\/p>\n<p style=\"text-align: justify;\">Acabamos de conocer los datos oficiales de la Consejer\u00eda de Sanidad sobre la <strong>situaci\u00f3n del Covid-19 en nuestro municipio<\/strong>, y lo cierto es que <strong>por segunda semana consecutiva, baja la incidencia de nuevos contagios<\/strong> en la localidad, una tendencia importante a destacar, ya que se produce tras las medidas especiales en las que Caudete se encuentra con el decretado Nivel III.<\/p>\n<p style=\"text-align: justify;\">As\u00ed pues, <strong>en las dos \u00faltimas semanas se han sumado un total de 13 nuevos casos<\/strong>. Concretamente, a la <strong>semana 52<\/strong> del a\u00f1o (del 21 al 27 de Diciembre) se suman 7 nuevos positivos, <strong>quedando la cifra en 21<\/strong>. Mientras tanto, la <strong>semana 53<\/strong> del a\u00f1o (que comprende del 28 de Diciembre al 03 de Enero) <strong>los datos registrados<\/strong> <strong>han sido de 6<\/strong>.<\/p>\n<p style=\"text-align: justify;\">Por tanto, la incidencia en Caudete contin\u00faa descendiendo, mientras que las cifras globales a nivel nacional desgraciadamente suben. No obstante, de afianzarse dicha tendencia, nuestra poblaci\u00f3n tiene muchas posibilidades de poder abandonar el Nivel III siempre que el \u00edndice de contagios se reduzca, y por tanto poder recuperar la normalidad relativa en la que est\u00e1bamos inmersos antes de Navidad.<\/p>\n<p style=\"text-align: justify;\">Aun as\u00ed, desde el Consistorio caudetano seguimos trasladando a la ciudadan\u00eda que <strong>no podemos bajar la guardia bajo ning\u00fan concepto<\/strong>, por lo que <strong>pedimos m\u00e1xima prudencia y responsabilidad<\/strong> con la situaci\u00f3n, pues <strong>el comportamiento personal de cada uno es vital para frenar la situaci\u00f3n sanitaria extrema<\/strong> que estamos sufriendo, donde la m\u00e1xima ha de seguir siendo el <strong>estricto cumplimiento de las medidas<\/strong> higienosanitarias <strong>y elevar las precauciones<\/strong>. Si hemos conseguido, con mucho sacrificio, mejorar la situaci\u00f3n sanitaria en la localidad, hemos de ser capaces de seguir ese camino hasta conseguir solventarla.<\/p>\n","protected":false},"excerpt":{"rendered":"<p>Acabamos de conocer los datos oficiales de la Consejer\u00eda de Sanidad sobre la situaci\u00f3n del Covid-19 en nuestro municipio, y lo cierto es que por segunda semana consecutiva, baja la incidencia de nuevos contagios en la localidad, una tendencia importante a destacar, ya que se produce tras las medidas especiales en las que Caudete se &hellip;<\/p>\n","protected":false},"author":3,"featured_media":11122,"comment_status":"closed","ping_status":"open","sticky":false,"template":"","format":"standard","meta":{"ngg_post_thumbnail":0,"footnotes":""},"categories":[16],"tags":[17,79,141,197],"class_list":["post-11477","post","type-post","status-publish","format-standard","has-post-thumbnail","hentry","category-sanidad","tag-covid","tag-covid-19","tag-nivel-iii","tag-situacion-sanitaria"],"yoast_head":"<!-- This site is optimized with the Yoast SEO plugin v27.5 - https:\/\/yoast.com\/product\/yoast-seo-wordpress\/ -->\n<title>Mejora la situaci\u00f3n de COVID-19 en Caudete - MI Ayuntamiento de Caudete<\/title>\n<meta name=\"description\" content=\"P\u00e1gina Oficial del Ayuntamiento de Caudete (Albacete)\" \/>\n<meta name=\"robots\" content=\"index, follow, max-snippet:-1, max-image-preview:large, max-video-preview:-1\" \/>\n<link rel=\"canonical\" href=\"https:\/\/www.caudete.org\/ayuntamiento\/mejora-la-situacion-de-covid-19-en-caudete\/\" \/>\n<meta property=\"og:locale\" content=\"es_ES\" \/>\n<meta property=\"og:type\" content=\"article\" \/>\n<meta property=\"og:title\" content=\"Mejora la situaci\u00f3n de COVID-19 en Caudete - MI Ayuntamiento de Caudete\" \/>\n<meta property=\"og:description\" content=\"P\u00e1gina Oficial del Ayuntamiento de Caudete (Albacete)\" \/>\n<meta property=\"og:url\" content=\"https:\/\/www.caudete.org\/ayuntamiento\/mejora-la-situacion-de-covid-19-en-caudete\/\" \/>\n<meta property=\"og:site_name\" content=\"MI Ayuntamiento de Caudete\" \/>\n<meta property=\"article:publisher\" content=\"https:\/\/www.facebook.com\/ayuntamientocaudete\/\" \/>\n<meta property=\"article:published_time\" content=\"2021-01-08T13:09:05+00:00\" \/>\n<meta property=\"article:modified_time\" content=\"2021-01-08T16:21:36+00:00\" \/>\n<meta property=\"og:image\" content=\"https:\/\/www.caudete.org\/ayuntamiento\/wp-content\/uploads\/2020\/12\/CHLA-What-You-Should-Know-Covid-19-1200x628-01Caudete.jpg\" \/>\n\t<meta property=\"og:image:width\" content=\"1200\" \/>\n\t<meta property=\"og:image:height\" content=\"628\" \/>\n\t<meta property=\"og:image:type\" content=\"image\/jpeg\" \/>\n<meta name=\"author\" content=\"alcalde\" \/>\n<meta name=\"twitter:card\" content=\"summary_large_image\" \/>\n<meta name=\"twitter:label1\" content=\"Escrito por\" \/>\n\t<meta name=\"twitter:data1\" content=\"alcalde\" \/>\n\t<meta name=\"twitter:label2\" content=\"Tiempo de lectura\" \/>\n\t<meta name=\"twitter:data2\" content=\"1 minuto\" \/>\n<script type=\"application\/ld+json\" class=\"yoast-schema-graph\">{\"@context\":\"https:\\\/\\\/schema.org\",\"@graph\":[{\"@type\":\"Article\",\"@id\":\"https:\\\/\\\/www.caudete.org\\\/ayuntamiento\\\/mejora-la-situacion-de-covid-19-en-caudete\\\/#article\",\"isPartOf\":{\"@id\":\"https:\\\/\\\/www.caudete.org\\\/ayuntamiento\\\/mejora-la-situacion-de-covid-19-en-caudete\\\/\"},\"author\":{\"name\":\"alcalde\",\"@id\":\"https:\\\/\\\/www.caudete.org\\\/ayuntamiento\\\/#\\\/schema\\\/person\\\/cc646da9133078ee4d8dd47457947253\"},\"headline\":\"Mejora la situaci\u00f3n de COVID-19 en Caudete\",\"datePublished\":\"2021-01-08T13:09:05+00:00\",\"dateModified\":\"2021-01-08T16:21:36+00:00\",\"mainEntityOfPage\":{\"@id\":\"https:\\\/\\\/www.caudete.org\\\/ayuntamiento\\\/mejora-la-situacion-de-covid-19-en-caudete\\\/\"},\"wordCount\":286,\"image\":{\"@id\":\"https:\\\/\\\/www.caudete.org\\\/ayuntamiento\\\/mejora-la-situacion-de-covid-19-en-caudete\\\/#primaryimage\"},\"thumbnailUrl\":\"https:\\\/\\\/www.caudete.org\\\/ayuntamiento\\\/wp-content\\\/uploads\\\/2020\\\/12\\\/CHLA-What-You-Should-Know-Covid-19-1200x628-01Caudete.jpg\",\"keywords\":[\"covid\",\"covid-19\",\"Nivel III\",\"Situacion sanitaria\"],\"articleSection\":[\"Sanidad\"],\"inLanguage\":\"es\"},{\"@type\":\"WebPage\",\"@id\":\"https:\\\/\\\/www.caudete.org\\\/ayuntamiento\\\/mejora-la-situacion-de-covid-19-en-caudete\\\/\",\"url\":\"https:\\\/\\\/www.caudete.org\\\/ayuntamiento\\\/mejora-la-situacion-de-covid-19-en-caudete\\\/\",\"name\":\"Mejora la situaci\u00f3n de COVID-19 en Caudete - MI Ayuntamiento de Caudete\",\"isPartOf\":{\"@id\":\"https:\\\/\\\/www.caudete.org\\\/ayuntamiento\\\/#website\"},\"primaryImageOfPage\":{\"@id\":\"https:\\\/\\\/www.caudete.org\\\/ayuntamiento\\\/mejora-la-situacion-de-covid-19-en-caudete\\\/#primaryimage\"},\"image\":{\"@id\":\"https:\\\/\\\/www.caudete.org\\\/ayuntamiento\\\/mejora-la-situacion-de-covid-19-en-caudete\\\/#primaryimage\"},\"thumbnailUrl\":\"https:\\\/\\\/www.caudete.org\\\/ayuntamiento\\\/wp-content\\\/uploads\\\/2020\\\/12\\\/CHLA-What-You-Should-Know-Covid-19-1200x628-01Caudete.jpg\",\"datePublished\":\"2021-01-08T13:09:05+00:00\",\"dateModified\":\"2021-01-08T16:21:36+00:00\",\"author\":{\"@id\":\"https:\\\/\\\/www.caudete.org\\\/ayuntamiento\\\/#\\\/schema\\\/person\\\/cc646da9133078ee4d8dd47457947253\"},\"description\":\"P\u00e1gina Oficial del Ayuntamiento de Caudete (Albacete)\",\"breadcrumb\":{\"@id\":\"https:\\\/\\\/www.caudete.org\\\/ayuntamiento\\\/mejora-la-situacion-de-covid-19-en-caudete\\\/#breadcrumb\"},\"inLanguage\":\"es\",\"potentialAction\":[{\"@type\":\"ReadAction\",\"target\":[\"https:\\\/\\\/www.caudete.org\\\/ayuntamiento\\\/mejora-la-situacion-de-covid-19-en-caudete\\\/\"]}]},{\"@type\":\"ImageObject\",\"inLanguage\":\"es\",\"@id\":\"https:\\\/\\\/www.caudete.org\\\/ayuntamiento\\\/mejora-la-situacion-de-covid-19-en-caudete\\\/#primaryimage\",\"url\":\"https:\\\/\\\/www.caudete.org\\\/ayuntamiento\\\/wp-content\\\/uploads\\\/2020\\\/12\\\/CHLA-What-You-Should-Know-Covid-19-1200x628-01Caudete.jpg\",\"contentUrl\":\"https:\\\/\\\/www.caudete.org\\\/ayuntamiento\\\/wp-content\\\/uploads\\\/2020\\\/12\\\/CHLA-What-You-Should-Know-Covid-19-1200x628-01Caudete.jpg\",\"width\":1200,\"height\":628},{\"@type\":\"BreadcrumbList\",\"@id\":\"https:\\\/\\\/www.caudete.org\\\/ayuntamiento\\\/mejora-la-situacion-de-covid-19-en-caudete\\\/#breadcrumb\",\"itemListElement\":[{\"@type\":\"ListItem\",\"position\":1,\"name\":\"Inicio\",\"item\":\"https:\\\/\\\/www.caudete.org\\\/ayuntamiento\\\/\"},{\"@type\":\"ListItem\",\"position\":2,\"name\":\"Mejora la situaci\u00f3n de COVID-19 en Caudete\"}]},{\"@type\":\"WebSite\",\"@id\":\"https:\\\/\\\/www.caudete.org\\\/ayuntamiento\\\/#website\",\"url\":\"https:\\\/\\\/www.caudete.org\\\/ayuntamiento\\\/\",\"name\":\"MI Ayuntamiento de Caudete\",\"description\":\"P\u00e1gina Oficial del MI Ayuntamiento de Caudete\",\"potentialAction\":[{\"@type\":\"SearchAction\",\"target\":{\"@type\":\"EntryPoint\",\"urlTemplate\":\"https:\\\/\\\/www.caudete.org\\\/ayuntamiento\\\/?s={search_term_string}\"},\"query-input\":{\"@type\":\"PropertyValueSpecification\",\"valueRequired\":true,\"valueName\":\"search_term_string\"}}],\"inLanguage\":\"es\"},{\"@type\":\"Person\",\"@id\":\"https:\\\/\\\/www.caudete.org\\\/ayuntamiento\\\/#\\\/schema\\\/person\\\/cc646da9133078ee4d8dd47457947253\",\"name\":\"alcalde\",\"image\":{\"@type\":\"ImageObject\",\"inLanguage\":\"es\",\"@id\":\"https:\\\/\\\/secure.gravatar.com\\\/avatar\\\/84a817ba065b29ff08d666b215a215f5c79186a645ccb25b14a663d48a130f77?s=96&d=mm&r=g\",\"url\":\"https:\\\/\\\/secure.gravatar.com\\\/avatar\\\/84a817ba065b29ff08d666b215a215f5c79186a645ccb25b14a663d48a130f77?s=96&d=mm&r=g\",\"contentUrl\":\"https:\\\/\\\/secure.gravatar.com\\\/avatar\\\/84a817ba065b29ff08d666b215a215f5c79186a645ccb25b14a663d48a130f77?s=96&d=mm&r=g\",\"caption\":\"alcalde\"},\"url\":\"https:\\\/\\\/www.caudete.org\\\/ayuntamiento\\\/author\\\/alcalde\\\/\"}]}<\/script>\n<!-- \/ Yoast SEO plugin. -->","yoast_head_json":{"title":"Mejora la situaci\u00f3n de COVID-19 en Caudete - MI Ayuntamiento de Caudete","description":"P\u00e1gina Oficial del Ayuntamiento de Caudete (Albacete)","robots":{"index":"index","follow":"follow","max-snippet":"max-snippet:-1","max-image-preview":"max-image-preview:large","max-video-preview":"max-video-preview:-1"},"canonical":"https:\/\/www.caudete.org\/ayuntamiento\/mejora-la-situacion-de-covid-19-en-caudete\/","og_locale":"es_ES","og_type":"article","og_title":"Mejora la situaci\u00f3n de COVID-19 en Caudete - MI Ayuntamiento de Caudete","og_description":"P\u00e1gina Oficial del Ayuntamiento de Caudete (Albacete)","og_url":"https:\/\/www.caudete.org\/ayuntamiento\/mejora-la-situacion-de-covid-19-en-caudete\/","og_site_name":"MI Ayuntamiento de Caudete","article_publisher":"https:\/\/www.facebook.com\/ayuntamientocaudete\/","article_published_time":"2021-01-08T13:09:05+00:00","article_modified_time":"2021-01-08T16:21:36+00:00","og_image":[{"width":1200,"height":628,"url":"https:\/\/www.caudete.org\/ayuntamiento\/wp-content\/uploads\/2020\/12\/CHLA-What-You-Should-Know-Covid-19-1200x628-01Caudete.jpg","type":"image\/jpeg"}],"author":"alcalde","twitter_card":"summary_large_image","twitter_misc":{"Escrito por":"alcalde","Tiempo de lectura":"1 minuto"},"schema":{"@context":"https:\/\/schema.org","@graph":[{"@type":"Article","@id":"https:\/\/www.caudete.org\/ayuntamiento\/mejora-la-situacion-de-covid-19-en-caudete\/#article","isPartOf":{"@id":"https:\/\/www.caudete.org\/ayuntamiento\/mejora-la-situacion-de-covid-19-en-caudete\/"},"author":{"name":"alcalde","@id":"https:\/\/www.caudete.org\/ayuntamiento\/#\/schema\/person\/cc646da9133078ee4d8dd47457947253"},"headline":"Mejora la situaci\u00f3n de COVID-19 en Caudete","datePublished":"2021-01-08T13:09:05+00:00","dateModified":"2021-01-08T16:21:36+00:00","mainEntityOfPage":{"@id":"https:\/\/www.caudete.org\/ayuntamiento\/mejora-la-situacion-de-covid-19-en-caudete\/"},"wordCount":286,"image":{"@id":"https:\/\/www.caudete.org\/ayuntamiento\/mejora-la-situacion-de-covid-19-en-caudete\/#primaryimage"},"thumbnailUrl":"https:\/\/www.caudete.org\/ayuntamiento\/wp-content\/uploads\/2020\/12\/CHLA-What-You-Should-Know-Covid-19-1200x628-01Caudete.jpg","keywords":["covid","covid-19","Nivel III","Situacion sanitaria"],"articleSection":["Sanidad"],"inLanguage":"es"},{"@type":"WebPage","@id":"https:\/\/www.caudete.org\/ayuntamiento\/mejora-la-situacion-de-covid-19-en-caudete\/","url":"https:\/\/www.caudete.org\/ayuntamiento\/mejora-la-situacion-de-covid-19-en-caudete\/","name":"Mejora la situaci\u00f3n de COVID-19 en Caudete - MI Ayuntamiento de Caudete","isPartOf":{"@id":"https:\/\/www.caudete.org\/ayuntamiento\/#website"},"primaryImageOfPage":{"@id":"https:\/\/www.caudete.org\/ayuntamiento\/mejora-la-situacion-de-covid-19-en-caudete\/#primaryimage"},"image":{"@id":"https:\/\/www.caudete.org\/ayuntamiento\/mejora-la-situacion-de-covid-19-en-caudete\/#primaryimage"},"thumbnailUrl":"https:\/\/www.caudete.org\/ayuntamiento\/wp-content\/uploads\/2020\/12\/CHLA-What-You-Should-Know-Covid-19-1200x628-01Caudete.jpg","datePublished":"2021-01-08T13:09:05+00:00","dateModified":"2021-01-08T16:21:36+00:00","author":{"@id":"https:\/\/www.caudete.org\/ayuntamiento\/#\/schema\/person\/cc646da9133078ee4d8dd47457947253"},"description":"P\u00e1gina Oficial del Ayuntamiento de Caudete (Albacete)","breadcrumb":{"@id":"https:\/\/www.caudete.org\/ayuntamiento\/mejora-la-situacion-de-covid-19-en-caudete\/#breadcrumb"},"inLanguage":"es","potentialAction":[{"@type":"ReadAction","target":["https:\/\/www.caudete.org\/ayuntamiento\/mejora-la-situacion-de-covid-19-en-caudete\/"]}]},{"@type":"ImageObject","inLanguage":"es","@id":"https:\/\/www.caudete.org\/ayuntamiento\/mejora-la-situacion-de-covid-19-en-caudete\/#primaryimage","url":"https:\/\/www.caudete.org\/ayuntamiento\/wp-content\/uploads\/2020\/12\/CHLA-What-You-Should-Know-Covid-19-1200x628-01Caudete.jpg","contentUrl":"https:\/\/www.caudete.org\/ayuntamiento\/wp-content\/uploads\/2020\/12\/CHLA-What-You-Should-Know-Covid-19-1200x628-01Caudete.jpg","width":1200,"height":628},{"@type":"BreadcrumbList","@id":"https:\/\/www.caudete.org\/ayuntamiento\/mejora-la-situacion-de-covid-19-en-caudete\/#breadcrumb","itemListElement":[{"@type":"ListItem","position":1,"name":"Inicio","item":"https:\/\/www.caudete.org\/ayuntamiento\/"},{"@type":"ListItem","position":2,"name":"Mejora la situaci\u00f3n de COVID-19 en Caudete"}]},{"@type":"WebSite","@id":"https:\/\/www.caudete.org\/ayuntamiento\/#website","url":"https:\/\/www.caudete.org\/ayuntamiento\/","name":"MI Ayuntamiento de Caudete","description":"P\u00e1gina Oficial del MI Ayuntamiento de Caudete","potentialAction":[{"@type":"SearchAction","target":{"@type":"EntryPoint","urlTemplate":"https:\/\/www.caudete.org\/ayuntamiento\/?s={search_term_string}"},"query-input":{"@type":"PropertyValueSpecification","valueRequired":true,"valueName":"search_term_string"}}],"inLanguage":"es"},{"@type":"Person","@id":"https:\/\/www.caudete.org\/ayuntamiento\/#\/schema\/person\/cc646da9133078ee4d8dd47457947253","name":"alcalde","image":{"@type":"ImageObject","inLanguage":"es","@id":"https:\/\/secure.gravatar.com\/avatar\/84a817ba065b29ff08d666b215a215f5c79186a645ccb25b14a663d48a130f77?s=96&d=mm&r=g","url":"https:\/\/secure.gravatar.com\/avatar\/84a817ba065b29ff08d666b215a215f5c79186a645ccb25b14a663d48a130f77?s=96&d=mm&r=g","contentUrl":"https:\/\/secure.gravatar.com\/avatar\/84a817ba065b29ff08d666b215a215f5c79186a645ccb25b14a663d48a130f77?s=96&d=mm&r=g","caption":"alcalde"},"url":"https:\/\/www.caudete.org\/ayuntamiento\/author\/alcalde\/"}]}},"_links":{"self":[{"href":"https:\/\/www.caudete.org\/ayuntamiento\/wp-json\/wp\/v2\/posts\/11477","targetHints":{"allow":["GET"]}}],"collection":[{"href":"https:\/\/www.caudete.org\/ayuntamiento\/wp-json\/wp\/v2\/posts"}],"about":[{"href":"https:\/\/www.caudete.org\/ayuntamiento\/wp-json\/wp\/v2\/types\/post"}],"author":[{"embeddable":true,"href":"https:\/\/www.caudete.org\/ayuntamiento\/wp-json\/wp\/v2\/users\/3"}],"replies":[{"embeddable":true,"href":"https:\/\/www.caudete.org\/ayuntamiento\/wp-json\/wp\/v2\/comments?post=11477"}],"version-history":[{"count":2,"href":"https:\/\/www.caudete.org\/ayuntamiento\/wp-json\/wp\/v2\/posts\/11477\/revisions"}],"predecessor-version":[{"id":11491,"href":"https:\/\/www.caudete.org\/ayuntamiento\/wp-json\/wp\/v2\/posts\/11477\/revisions\/11491"}],"wp:featuredmedia":[{"embeddable":true,"href":"https:\/\/www.caudete.org\/ayuntamiento\/wp-json\/wp\/v2\/media\/11122"}],"wp:attachment":[{"href":"https:\/\/www.caudete.org\/ayuntamiento\/wp-json\/wp\/v2\/media?parent=11477"}],"wp:term":[{"taxonomy":"category","embeddable":true,"href":"https:\/\/www.caudete.org\/ayuntamiento\/wp-json\/wp\/v2\/categories?post=11477"},{"taxonomy":"post_tag","embeddable":true,"href":"https:\/\/www.caudete.org\/ayuntamiento\/wp-json\/wp\/v2\/tags?post=11477"}],"curies":[{"name":"wp","href":"https:\/\/api.w.org\/{rel}","templated":true}]}}