{"id":11492,"date":"2021-01-09T11:54:51","date_gmt":"2021-01-09T10:54:51","guid":{"rendered":"https:\/\/www.caudete.org\/ayuntamiento\/?p=11492"},"modified":"2021-01-09T11:54:51","modified_gmt":"2021-01-09T10:54:51","slug":"la-jccm-suspende-las-clases-para-lunes-y-martes-por-la-climatologia-adversa","status":"publish","type":"post","link":"https:\/\/www.caudete.org\/ayuntamiento\/la-jccm-suspende-las-clases-para-lunes-y-martes-por-la-climatologia-adversa\/","title":{"rendered":"La JCCM suspende las clases para Lunes y Martes por la climatolog\u00eda adversa"},"content":{"rendered":"<p style=\"text-align: justify;\">La <strong>Consejer\u00eda de Educaci\u00f3n<\/strong> notificaba en la ma\u00f1ana de hoy s\u00e1bado a Centros Educativos y a la Prensa, <strong>la decisi\u00f3n<\/strong> adoptada <strong>de suspender las clases lectivas<\/strong> del <strong>Lunes 11 y Martes 12<\/strong> de Enero, <strong>en toda la Regi\u00f3n<\/strong>, debido a la evoluci\u00f3n de la Borrasca Filomena. Esta nueva decisi\u00f3n, supone prorrogar la suspensi\u00f3n que se decret\u00f3 hace unos d\u00edas por la misma causa para el viernes 8 de Enero, fecha en que tocaba volver a las aulas despu\u00e9s de las vacaciones de Navidad.<\/p>\n<p style=\"text-align: justify;\">La medida, adoptada para el conjunto de la Regi\u00f3n con independencia de la presencia de la borrasca Filomena y sus previsiones para los d\u00edas pr\u00f3ximos, afecta evidentemente a nuestra localidad, motivo por el que <strong>todos los Colegios e Instituto de Caudete ver\u00e1n suspendida sus actividades en estas fechas<\/strong> remarcadas por la Consejer\u00eda de Educaci\u00f3n, a pesar de que la Nieve en Caudete ha tenido escasa presencia, y no ha ocasionado consecuencias extraordinarias, siendo \u00fanicamente las temperaturas bajo cero las que se esperan de m\u00ednimas para las jornadas de lunes y martes, sin precipitaci\u00f3n alguna previsible por el momento (seg\u00fan Aemet).<\/p>\n<p style=\"text-align: justify;\">El calendario escolar del segundo trimestre, por tanto, sufrir\u00e1 adaptaciones para poder acoger el retraso lectivo, tal y como as\u00ed ha quedado anunciado por la Consejera en su comunicaci\u00f3n efectuada en la ma\u00f1ana de hoy.<\/p>\n<p>&nbsp;<\/p>\n<p>A continuaci\u00f3n, pueden leer el texto \u00edntegro extra\u00eddo de la notificaci\u00f3n:<\/p>\n<p style=\"text-align: justify;\"><span style=\"font-size: 10pt;\"><em>INSTRUCCIONES EN RELACI\u00d3N A LAS ACTIVIDADES ESCOLARES LECTIVAS, COMPLEMENTARIAS, EXTRAESCOLARES Y\/O SERVICIOS COMPLEMENTARIOS PARA LOS D\u00cdAS 11 y 12 DE ENERO DE 2021 DERIVADAS DE LA EVOLUCI\u00d3N DE LA BORRASCA<\/em><\/span><br \/>\n<span style=\"font-size: 10pt;\"><em>EN NUESTRA REGI\u00d3N.<\/em><\/span><\/p>\n<p style=\"text-align: justify;\"><span style=\"font-size: 10pt;\"><em>Como consecuencia de los efectos de la borrasca Filomena y la declaraci\u00f3n de distintos tipos de alertas por parte de la Agencia Estatal de Meteorolog\u00eda que pueden afectar a diferentes comarcas de nuestra regi\u00f3n, la Consejer\u00eda de Educaci\u00f3n, Cultura y Deportes de Castilla-La Mancha establece para los d\u00edas 11 y 12 de enero de 2021;<\/em><\/span><\/p>\n<p style=\"text-align: justify;\"><span style=\"font-size: 10pt;\"><em>Suspensi\u00f3n de todas las actividades escolares lectivas, complementarias, extraescolares y\/o servicios complementarios en los referidos d\u00edas para los centros educativos no universitarios sostenidos con fondos p\u00fablicos y dependientes de la Consejer\u00eda de Educaci\u00f3n, Cultura y Deportes de Castilla-La Mancha.<\/em><\/span><\/p>\n<p style=\"text-align: justify;\"><em><span style=\"font-size: 10pt;\">El Consejo Escolar Regional establecer\u00e1 las medidas de ajuste del calendario escolar 2020\/2021 derivadas del retraso del inicio de 2\u00ba trimestre.<\/span><\/em><\/p>\n<p style=\"text-align: justify;\"><em><span style=\"font-size: 10pt;\">Se solicita que durante los d\u00edas de suspensi\u00f3n de la actividad lectiva presencial se procuren las medidas oportunas para el acondicionamiento de los centros educativos, especialmente, la supervisi\u00f3n del estado de las instalaciones y el encendido de calefacciones, coordinado con los ayuntamientos en el caso de los centros de Educaci\u00f3n Infantil y Primaria.<\/span><\/em><\/p>\n<p style=\"text-align: justify;\"><em><span style=\"font-size: 10pt;\">A la espera de la evoluci\u00f3n de los efectos de la borrasca y el ajuste de las medidas establecidas, se comunica que permanezcan atentos a las informaciones oficiales transmitidas a trav\u00e9s de los medios de comunicaci\u00f3n, medios oficiales de informaci\u00f3n y consulta del estado de las alertas, al Portal de Educaci\u00f3n y seguir las indicaciones que se den al respecto de la evoluci\u00f3n de la situaci\u00f3n.<\/span><\/em><\/p>\n<p style=\"text-align: justify;\"><em><span style=\"font-size: 10pt;\">Se ruega asimismo se notifique esta instrucci\u00f3n, a su alumnado y a las familias, a trav\u00e9s de las diferentes v\u00edas de comunicaci\u00f3n del centro con la comunidad educativa.<\/span><\/em><\/p>\n<p style=\"text-align: justify;\"><em><span style=\"font-size: 10pt;\">Toledo, 9 de enero de 2021<\/span><\/em><\/p>\n<p style=\"text-align: justify;\"><em><span style=\"font-size: 10pt;\">Rosa Ana Rodr\u00edguez P\u00e9rez<\/span><\/em><br \/>\n<em><span style=\"font-size: 10pt;\">Consejera Educaci\u00f3n, Cultura y Deportes&#8221;<\/span><\/em><\/p>\n","protected":false},"excerpt":{"rendered":"<p>La Consejer\u00eda de Educaci\u00f3n notificaba en la ma\u00f1ana de hoy s\u00e1bado a Centros Educativos y a la Prensa, la decisi\u00f3n adoptada de suspender las clases lectivas del Lunes 11 y Martes 12 de Enero, en toda la Regi\u00f3n, debido a la evoluci\u00f3n de la Borrasca Filomena. Esta nueva decisi\u00f3n, supone prorrogar la suspensi\u00f3n que se &hellip;<\/p>\n","protected":false},"author":3,"featured_media":11493,"comment_status":"closed","ping_status":"open","sticky":false,"template":"","format":"standard","meta":{"ngg_post_thumbnail":0,"footnotes":""},"categories":[25],"tags":[211,203,210,228,209,219,201,202],"class_list":["post-11492","post","type-post","status-publish","format-standard","has-post-thumbnail","hentry","category-educacion","tag-borrasca-filomena","tag-clases","tag-filomena","tag-jccm","tag-nieve","tag-suspension","tag-suspension-clases","tag-temporal"],"yoast_head":"<!-- This site is optimized with the Yoast SEO plugin v27.4 - https:\/\/yoast.com\/product\/yoast-seo-wordpress\/ -->\n<title>La JCCM suspende las clases para Lunes y Martes por la climatolog\u00eda adversa - MI Ayuntamiento de Caudete<\/title>\n<meta name=\"description\" content=\"P\u00e1gina Oficial del Ayuntamiento de Caudete (Albacete)\" \/>\n<meta name=\"robots\" content=\"index, follow, max-snippet:-1, max-image-preview:large, max-video-preview:-1\" \/>\n<link rel=\"canonical\" href=\"https:\/\/www.caudete.org\/ayuntamiento\/la-jccm-suspende-las-clases-para-lunes-y-martes-por-la-climatologia-adversa\/\" \/>\n<meta property=\"og:locale\" content=\"es_ES\" \/>\n<meta property=\"og:type\" content=\"article\" \/>\n<meta property=\"og:title\" content=\"La JCCM suspende las clases para Lunes y Martes por la climatolog\u00eda adversa - MI Ayuntamiento de Caudete\" \/>\n<meta property=\"og:description\" content=\"P\u00e1gina Oficial del Ayuntamiento de Caudete (Albacete)\" \/>\n<meta property=\"og:url\" content=\"https:\/\/www.caudete.org\/ayuntamiento\/la-jccm-suspende-las-clases-para-lunes-y-martes-por-la-climatologia-adversa\/\" \/>\n<meta property=\"og:site_name\" content=\"MI Ayuntamiento de Caudete\" \/>\n<meta property=\"article:publisher\" content=\"https:\/\/www.facebook.com\/ayuntamientocaudete\/\" \/>\n<meta property=\"article:published_time\" content=\"2021-01-09T10:54:51+00:00\" \/>\n<meta property=\"og:image\" content=\"https:\/\/www.caudete.org\/ayuntamiento\/wp-content\/uploads\/2021\/01\/Aula_CCOO_Federacion_ensenanza.jpg\" \/>\n\t<meta property=\"og:image:width\" content=\"960\" \/>\n\t<meta property=\"og:image:height\" content=\"623\" \/>\n\t<meta property=\"og:image:type\" content=\"image\/jpeg\" \/>\n<meta name=\"author\" content=\"alcalde\" \/>\n<meta name=\"twitter:card\" content=\"summary_large_image\" \/>\n<meta name=\"twitter:label1\" content=\"Escrito por\" \/>\n\t<meta name=\"twitter:data1\" content=\"alcalde\" \/>\n\t<meta name=\"twitter:label2\" content=\"Tiempo de lectura\" \/>\n\t<meta name=\"twitter:data2\" content=\"3 minutos\" \/>\n<script type=\"application\/ld+json\" class=\"yoast-schema-graph\">{\"@context\":\"https:\\\/\\\/schema.org\",\"@graph\":[{\"@type\":\"Article\",\"@id\":\"https:\\\/\\\/www.caudete.org\\\/ayuntamiento\\\/la-jccm-suspende-las-clases-para-lunes-y-martes-por-la-climatologia-adversa\\\/#article\",\"isPartOf\":{\"@id\":\"https:\\\/\\\/www.caudete.org\\\/ayuntamiento\\\/la-jccm-suspende-las-clases-para-lunes-y-martes-por-la-climatologia-adversa\\\/\"},\"author\":{\"name\":\"alcalde\",\"@id\":\"https:\\\/\\\/www.caudete.org\\\/ayuntamiento\\\/#\\\/schema\\\/person\\\/cc646da9133078ee4d8dd47457947253\"},\"headline\":\"La JCCM suspende las clases para Lunes y Martes por la climatolog\u00eda adversa\",\"datePublished\":\"2021-01-09T10:54:51+00:00\",\"mainEntityOfPage\":{\"@id\":\"https:\\\/\\\/www.caudete.org\\\/ayuntamiento\\\/la-jccm-suspende-las-clases-para-lunes-y-martes-por-la-climatologia-adversa\\\/\"},\"wordCount\":601,\"publisher\":{\"@id\":\"https:\\\/\\\/www.caudete.org\\\/ayuntamiento\\\/#organization\"},\"image\":{\"@id\":\"https:\\\/\\\/www.caudete.org\\\/ayuntamiento\\\/la-jccm-suspende-las-clases-para-lunes-y-martes-por-la-climatologia-adversa\\\/#primaryimage\"},\"thumbnailUrl\":\"https:\\\/\\\/www.caudete.org\\\/ayuntamiento\\\/wp-content\\\/uploads\\\/2021\\\/01\\\/Aula_CCOO_Federacion_ensenanza.jpg\",\"keywords\":[\"borrasca filomena\",\"clases\",\"filomena\",\"jccm\",\"nieve\",\"suspension\",\"suspension clases\",\"temporal\"],\"articleSection\":[\"Educaci\u00f3n\"],\"inLanguage\":\"es\"},{\"@type\":\"WebPage\",\"@id\":\"https:\\\/\\\/www.caudete.org\\\/ayuntamiento\\\/la-jccm-suspende-las-clases-para-lunes-y-martes-por-la-climatologia-adversa\\\/\",\"url\":\"https:\\\/\\\/www.caudete.org\\\/ayuntamiento\\\/la-jccm-suspende-las-clases-para-lunes-y-martes-por-la-climatologia-adversa\\\/\",\"name\":\"La JCCM suspende las clases para Lunes y Martes por la climatolog\u00eda adversa - MI Ayuntamiento de Caudete\",\"isPartOf\":{\"@id\":\"https:\\\/\\\/www.caudete.org\\\/ayuntamiento\\\/#website\"},\"primaryImageOfPage\":{\"@id\":\"https:\\\/\\\/www.caudete.org\\\/ayuntamiento\\\/la-jccm-suspende-las-clases-para-lunes-y-martes-por-la-climatologia-adversa\\\/#primaryimage\"},\"image\":{\"@id\":\"https:\\\/\\\/www.caudete.org\\\/ayuntamiento\\\/la-jccm-suspende-las-clases-para-lunes-y-martes-por-la-climatologia-adversa\\\/#primaryimage\"},\"thumbnailUrl\":\"https:\\\/\\\/www.caudete.org\\\/ayuntamiento\\\/wp-content\\\/uploads\\\/2021\\\/01\\\/Aula_CCOO_Federacion_ensenanza.jpg\",\"datePublished\":\"2021-01-09T10:54:51+00:00\",\"description\":\"P\u00e1gina Oficial del Ayuntamiento de Caudete (Albacete)\",\"breadcrumb\":{\"@id\":\"https:\\\/\\\/www.caudete.org\\\/ayuntamiento\\\/la-jccm-suspende-las-clases-para-lunes-y-martes-por-la-climatologia-adversa\\\/#breadcrumb\"},\"inLanguage\":\"es\",\"potentialAction\":[{\"@type\":\"ReadAction\",\"target\":[\"https:\\\/\\\/www.caudete.org\\\/ayuntamiento\\\/la-jccm-suspende-las-clases-para-lunes-y-martes-por-la-climatologia-adversa\\\/\"]}]},{\"@type\":\"ImageObject\",\"inLanguage\":\"es\",\"@id\":\"https:\\\/\\\/www.caudete.org\\\/ayuntamiento\\\/la-jccm-suspende-las-clases-para-lunes-y-martes-por-la-climatologia-adversa\\\/#primaryimage\",\"url\":\"https:\\\/\\\/www.caudete.org\\\/ayuntamiento\\\/wp-content\\\/uploads\\\/2021\\\/01\\\/Aula_CCOO_Federacion_ensenanza.jpg\",\"contentUrl\":\"https:\\\/\\\/www.caudete.org\\\/ayuntamiento\\\/wp-content\\\/uploads\\\/2021\\\/01\\\/Aula_CCOO_Federacion_ensenanza.jpg\",\"width\":960,\"height\":623},{\"@type\":\"BreadcrumbList\",\"@id\":\"https:\\\/\\\/www.caudete.org\\\/ayuntamiento\\\/la-jccm-suspende-las-clases-para-lunes-y-martes-por-la-climatologia-adversa\\\/#breadcrumb\",\"itemListElement\":[{\"@type\":\"ListItem\",\"position\":1,\"name\":\"Inicio\",\"item\":\"https:\\\/\\\/www.caudete.org\\\/ayuntamiento\\\/\"},{\"@type\":\"ListItem\",\"position\":2,\"name\":\"La JCCM suspende las clases para Lunes y Martes por la climatolog\u00eda adversa\"}]},{\"@type\":\"WebSite\",\"@id\":\"https:\\\/\\\/www.caudete.org\\\/ayuntamiento\\\/#website\",\"url\":\"https:\\\/\\\/www.caudete.org\\\/ayuntamiento\\\/\",\"name\":\"MI Ayuntamiento de Caudete\",\"description\":\"P\u00e1gina Oficial del MI Ayuntamiento de Caudete\",\"publisher\":{\"@id\":\"https:\\\/\\\/www.caudete.org\\\/ayuntamiento\\\/#organization\"},\"potentialAction\":[{\"@type\":\"SearchAction\",\"target\":{\"@type\":\"EntryPoint\",\"urlTemplate\":\"https:\\\/\\\/www.caudete.org\\\/ayuntamiento\\\/?s={search_term_string}\"},\"query-input\":{\"@type\":\"PropertyValueSpecification\",\"valueRequired\":true,\"valueName\":\"search_term_string\"}}],\"inLanguage\":\"es\"},{\"@type\":\"Organization\",\"@id\":\"https:\\\/\\\/www.caudete.org\\\/ayuntamiento\\\/#organization\",\"name\":\"Ayuntamiento de Caudete\",\"url\":\"https:\\\/\\\/www.caudete.org\\\/ayuntamiento\\\/\",\"logo\":{\"@type\":\"ImageObject\",\"inLanguage\":\"es\",\"@id\":\"https:\\\/\\\/www.caudete.org\\\/ayuntamiento\\\/#\\\/schema\\\/logo\\\/image\\\/\",\"url\":\"https:\\\/\\\/www.caudete.org\\\/ayuntamiento\\\/wp-content\\\/uploads\\\/2020\\\/11\\\/logo_ayuntamiento_caudete.jpg\",\"contentUrl\":\"https:\\\/\\\/www.caudete.org\\\/ayuntamiento\\\/wp-content\\\/uploads\\\/2020\\\/11\\\/logo_ayuntamiento_caudete.jpg\",\"width\":600,\"height\":150,\"caption\":\"Ayuntamiento de Caudete\"},\"image\":{\"@id\":\"https:\\\/\\\/www.caudete.org\\\/ayuntamiento\\\/#\\\/schema\\\/logo\\\/image\\\/\"},\"sameAs\":[\"https:\\\/\\\/www.facebook.com\\\/ayuntamientocaudete\\\/\",\"https:\\\/\\\/www.youtube.com\\\/channel\\\/UC6VztHaooNsGpw-tNoBEFnQ\"]},{\"@type\":\"Person\",\"@id\":\"https:\\\/\\\/www.caudete.org\\\/ayuntamiento\\\/#\\\/schema\\\/person\\\/cc646da9133078ee4d8dd47457947253\",\"name\":\"alcalde\",\"image\":{\"@type\":\"ImageObject\",\"inLanguage\":\"es\",\"@id\":\"https:\\\/\\\/secure.gravatar.com\\\/avatar\\\/84a817ba065b29ff08d666b215a215f5c79186a645ccb25b14a663d48a130f77?s=96&d=mm&r=g\",\"url\":\"https:\\\/\\\/secure.gravatar.com\\\/avatar\\\/84a817ba065b29ff08d666b215a215f5c79186a645ccb25b14a663d48a130f77?s=96&d=mm&r=g\",\"contentUrl\":\"https:\\\/\\\/secure.gravatar.com\\\/avatar\\\/84a817ba065b29ff08d666b215a215f5c79186a645ccb25b14a663d48a130f77?s=96&d=mm&r=g\",\"caption\":\"alcalde\"},\"url\":\"https:\\\/\\\/www.caudete.org\\\/ayuntamiento\\\/author\\\/alcalde\\\/\"}]}<\/script>\n<!-- \/ Yoast SEO plugin. -->","yoast_head_json":{"title":"La JCCM suspende las clases para Lunes y Martes por la climatolog\u00eda adversa - MI Ayuntamiento de Caudete","description":"P\u00e1gina Oficial del Ayuntamiento de Caudete (Albacete)","robots":{"index":"index","follow":"follow","max-snippet":"max-snippet:-1","max-image-preview":"max-image-preview:large","max-video-preview":"max-video-preview:-1"},"canonical":"https:\/\/www.caudete.org\/ayuntamiento\/la-jccm-suspende-las-clases-para-lunes-y-martes-por-la-climatologia-adversa\/","og_locale":"es_ES","og_type":"article","og_title":"La JCCM suspende las clases para Lunes y Martes por la climatolog\u00eda adversa - MI Ayuntamiento de Caudete","og_description":"P\u00e1gina Oficial del Ayuntamiento de Caudete (Albacete)","og_url":"https:\/\/www.caudete.org\/ayuntamiento\/la-jccm-suspende-las-clases-para-lunes-y-martes-por-la-climatologia-adversa\/","og_site_name":"MI Ayuntamiento de Caudete","article_publisher":"https:\/\/www.facebook.com\/ayuntamientocaudete\/","article_published_time":"2021-01-09T10:54:51+00:00","og_image":[{"width":960,"height":623,"url":"https:\/\/www.caudete.org\/ayuntamiento\/wp-content\/uploads\/2021\/01\/Aula_CCOO_Federacion_ensenanza.jpg","type":"image\/jpeg"}],"author":"alcalde","twitter_card":"summary_large_image","twitter_misc":{"Escrito por":"alcalde","Tiempo de lectura":"3 minutos"},"schema":{"@context":"https:\/\/schema.org","@graph":[{"@type":"Article","@id":"https:\/\/www.caudete.org\/ayuntamiento\/la-jccm-suspende-las-clases-para-lunes-y-martes-por-la-climatologia-adversa\/#article","isPartOf":{"@id":"https:\/\/www.caudete.org\/ayuntamiento\/la-jccm-suspende-las-clases-para-lunes-y-martes-por-la-climatologia-adversa\/"},"author":{"name":"alcalde","@id":"https:\/\/www.caudete.org\/ayuntamiento\/#\/schema\/person\/cc646da9133078ee4d8dd47457947253"},"headline":"La JCCM suspende las clases para Lunes y Martes por la climatolog\u00eda adversa","datePublished":"2021-01-09T10:54:51+00:00","mainEntityOfPage":{"@id":"https:\/\/www.caudete.org\/ayuntamiento\/la-jccm-suspende-las-clases-para-lunes-y-martes-por-la-climatologia-adversa\/"},"wordCount":601,"publisher":{"@id":"https:\/\/www.caudete.org\/ayuntamiento\/#organization"},"image":{"@id":"https:\/\/www.caudete.org\/ayuntamiento\/la-jccm-suspende-las-clases-para-lunes-y-martes-por-la-climatologia-adversa\/#primaryimage"},"thumbnailUrl":"https:\/\/www.caudete.org\/ayuntamiento\/wp-content\/uploads\/2021\/01\/Aula_CCOO_Federacion_ensenanza.jpg","keywords":["borrasca filomena","clases","filomena","jccm","nieve","suspension","suspension clases","temporal"],"articleSection":["Educaci\u00f3n"],"inLanguage":"es"},{"@type":"WebPage","@id":"https:\/\/www.caudete.org\/ayuntamiento\/la-jccm-suspende-las-clases-para-lunes-y-martes-por-la-climatologia-adversa\/","url":"https:\/\/www.caudete.org\/ayuntamiento\/la-jccm-suspende-las-clases-para-lunes-y-martes-por-la-climatologia-adversa\/","name":"La JCCM suspende las clases para Lunes y Martes por la climatolog\u00eda adversa - MI Ayuntamiento de Caudete","isPartOf":{"@id":"https:\/\/www.caudete.org\/ayuntamiento\/#website"},"primaryImageOfPage":{"@id":"https:\/\/www.caudete.org\/ayuntamiento\/la-jccm-suspende-las-clases-para-lunes-y-martes-por-la-climatologia-adversa\/#primaryimage"},"image":{"@id":"https:\/\/www.caudete.org\/ayuntamiento\/la-jccm-suspende-las-clases-para-lunes-y-martes-por-la-climatologia-adversa\/#primaryimage"},"thumbnailUrl":"https:\/\/www.caudete.org\/ayuntamiento\/wp-content\/uploads\/2021\/01\/Aula_CCOO_Federacion_ensenanza.jpg","datePublished":"2021-01-09T10:54:51+00:00","description":"P\u00e1gina Oficial del Ayuntamiento de Caudete (Albacete)","breadcrumb":{"@id":"https:\/\/www.caudete.org\/ayuntamiento\/la-jccm-suspende-las-clases-para-lunes-y-martes-por-la-climatologia-adversa\/#breadcrumb"},"inLanguage":"es","potentialAction":[{"@type":"ReadAction","target":["https:\/\/www.caudete.org\/ayuntamiento\/la-jccm-suspende-las-clases-para-lunes-y-martes-por-la-climatologia-adversa\/"]}]},{"@type":"ImageObject","inLanguage":"es","@id":"https:\/\/www.caudete.org\/ayuntamiento\/la-jccm-suspende-las-clases-para-lunes-y-martes-por-la-climatologia-adversa\/#primaryimage","url":"https:\/\/www.caudete.org\/ayuntamiento\/wp-content\/uploads\/2021\/01\/Aula_CCOO_Federacion_ensenanza.jpg","contentUrl":"https:\/\/www.caudete.org\/ayuntamiento\/wp-content\/uploads\/2021\/01\/Aula_CCOO_Federacion_ensenanza.jpg","width":960,"height":623},{"@type":"BreadcrumbList","@id":"https:\/\/www.caudete.org\/ayuntamiento\/la-jccm-suspende-las-clases-para-lunes-y-martes-por-la-climatologia-adversa\/#breadcrumb","itemListElement":[{"@type":"ListItem","position":1,"name":"Inicio","item":"https:\/\/www.caudete.org\/ayuntamiento\/"},{"@type":"ListItem","position":2,"name":"La JCCM suspende las clases para Lunes y Martes por la climatolog\u00eda adversa"}]},{"@type":"WebSite","@id":"https:\/\/www.caudete.org\/ayuntamiento\/#website","url":"https:\/\/www.caudete.org\/ayuntamiento\/","name":"MI Ayuntamiento de Caudete","description":"P\u00e1gina Oficial del MI Ayuntamiento de Caudete","publisher":{"@id":"https:\/\/www.caudete.org\/ayuntamiento\/#organization"},"potentialAction":[{"@type":"SearchAction","target":{"@type":"EntryPoint","urlTemplate":"https:\/\/www.caudete.org\/ayuntamiento\/?s={search_term_string}"},"query-input":{"@type":"PropertyValueSpecification","valueRequired":true,"valueName":"search_term_string"}}],"inLanguage":"es"},{"@type":"Organization","@id":"https:\/\/www.caudete.org\/ayuntamiento\/#organization","name":"Ayuntamiento de Caudete","url":"https:\/\/www.caudete.org\/ayuntamiento\/","logo":{"@type":"ImageObject","inLanguage":"es","@id":"https:\/\/www.caudete.org\/ayuntamiento\/#\/schema\/logo\/image\/","url":"https:\/\/www.caudete.org\/ayuntamiento\/wp-content\/uploads\/2020\/11\/logo_ayuntamiento_caudete.jpg","contentUrl":"https:\/\/www.caudete.org\/ayuntamiento\/wp-content\/uploads\/2020\/11\/logo_ayuntamiento_caudete.jpg","width":600,"height":150,"caption":"Ayuntamiento de Caudete"},"image":{"@id":"https:\/\/www.caudete.org\/ayuntamiento\/#\/schema\/logo\/image\/"},"sameAs":["https:\/\/www.facebook.com\/ayuntamientocaudete\/","https:\/\/www.youtube.com\/channel\/UC6VztHaooNsGpw-tNoBEFnQ"]},{"@type":"Person","@id":"https:\/\/www.caudete.org\/ayuntamiento\/#\/schema\/person\/cc646da9133078ee4d8dd47457947253","name":"alcalde","image":{"@type":"ImageObject","inLanguage":"es","@id":"https:\/\/secure.gravatar.com\/avatar\/84a817ba065b29ff08d666b215a215f5c79186a645ccb25b14a663d48a130f77?s=96&d=mm&r=g","url":"https:\/\/secure.gravatar.com\/avatar\/84a817ba065b29ff08d666b215a215f5c79186a645ccb25b14a663d48a130f77?s=96&d=mm&r=g","contentUrl":"https:\/\/secure.gravatar.com\/avatar\/84a817ba065b29ff08d666b215a215f5c79186a645ccb25b14a663d48a130f77?s=96&d=mm&r=g","caption":"alcalde"},"url":"https:\/\/www.caudete.org\/ayuntamiento\/author\/alcalde\/"}]}},"_links":{"self":[{"href":"https:\/\/www.caudete.org\/ayuntamiento\/wp-json\/wp\/v2\/posts\/11492","targetHints":{"allow":["GET"]}}],"collection":[{"href":"https:\/\/www.caudete.org\/ayuntamiento\/wp-json\/wp\/v2\/posts"}],"about":[{"href":"https:\/\/www.caudete.org\/ayuntamiento\/wp-json\/wp\/v2\/types\/post"}],"author":[{"embeddable":true,"href":"https:\/\/www.caudete.org\/ayuntamiento\/wp-json\/wp\/v2\/users\/3"}],"replies":[{"embeddable":true,"href":"https:\/\/www.caudete.org\/ayuntamiento\/wp-json\/wp\/v2\/comments?post=11492"}],"version-history":[{"count":1,"href":"https:\/\/www.caudete.org\/ayuntamiento\/wp-json\/wp\/v2\/posts\/11492\/revisions"}],"predecessor-version":[{"id":11494,"href":"https:\/\/www.caudete.org\/ayuntamiento\/wp-json\/wp\/v2\/posts\/11492\/revisions\/11494"}],"wp:featuredmedia":[{"embeddable":true,"href":"https:\/\/www.caudete.org\/ayuntamiento\/wp-json\/wp\/v2\/media\/11493"}],"wp:attachment":[{"href":"https:\/\/www.caudete.org\/ayuntamiento\/wp-json\/wp\/v2\/media?parent=11492"}],"wp:term":[{"taxonomy":"category","embeddable":true,"href":"https:\/\/www.caudete.org\/ayuntamiento\/wp-json\/wp\/v2\/categories?post=11492"},{"taxonomy":"post_tag","embeddable":true,"href":"https:\/\/www.caudete.org\/ayuntamiento\/wp-json\/wp\/v2\/tags?post=11492"}],"curies":[{"name":"wp","href":"https:\/\/api.w.org\/{rel}","templated":true}]}}