{"id":11498,"date":"2021-01-12T22:53:27","date_gmt":"2021-01-12T21:53:27","guid":{"rendered":"https:\/\/www.caudete.org\/ayuntamiento\/?p=11498"},"modified":"2021-01-13T08:15:17","modified_gmt":"2021-01-13T07:15:17","slug":"nota-informativa-sobre-derechos-que-asisten-a-las-personas-consumidoras-ante-la-situacion-generada-por-el-temporal-filomena","status":"publish","type":"post","link":"https:\/\/www.caudete.org\/ayuntamiento\/nota-informativa-sobre-derechos-que-asisten-a-las-personas-consumidoras-ante-la-situacion-generada-por-el-temporal-filomena\/","title":{"rendered":"Derechos de los consumidores ante la situaci\u00f3n generada por &#8220;Filomena&#8221;"},"content":{"rendered":"<p style=\"text-align: justify;\">Desde la Concejal\u00eda de Comercio a trav\u00e9s de su Oficina de Informaci\u00f3n al Consumidor (OMIC) se informa a los ciudadanos de los derechos que les asisten ante la situaci\u00f3n generada por el temporal &#8220;Filomena&#8221;.<\/p>\n<p>&nbsp;<\/p>\n<p style=\"text-align: justify;\"><span style=\"text-decoration: underline;\"><strong>1. Cancelaciones de vuelos<\/strong><\/span><br \/>\nLos pasajeros a\u00e9reos que se hayan visto afectados por las cancelaciones de vuelos por las compa\u00f1\u00edas a\u00e9reas como consecuencia del temporal \u201cFilomena\u201d tienen <em><strong>derecho a informaci\u00f3n, asistencia y reembolso o transporte alternativo<\/strong><\/em>, de acuerdo con lo dispuesto en el Reglamento (CE) n\u00ba\u00a0 61\/2004:<br \/>\n\u2022<em><strong> Informaci\u00f3n:<\/strong><\/em> entrega por parte de la compa\u00f1\u00eda a\u00e9rea de un impreso con las condiciones de asistencia y compensaci\u00f3n.<br \/>\n\u2022 <em><strong>Asistencia:<\/strong><\/em> comida y bebida suficiente, dos llamadas telef\u00f3nicas o acceso al correo electr\u00f3nico y, si fuese necesario, una o m\u00e1s noches de alojamiento, as\u00ed como el transporte entre el aeropuerto y el lugar de alojamiento.<br \/>\n\u2022 <em><strong>Reembolso o transporte alternativo<\/strong><\/em> hasta el destino final, donde la compa\u00f1\u00eda debe ofrecer tres alternativas.<br \/>\nRespecto del derecho de reembolso, en aquellas circunstancias en que el transportista cancela el viaje, el ofrecimiento de un bono sustitutivo del\u00a0 mporte no podr\u00e1 afectar al derecho del viajero a optar por el reembolso, si as\u00ed lo prefiere.<\/p>\n<p style=\"text-align: justify;\">Igualmente, se recomienda consultar la p\u00e1gina web de la Agencia Espa\u00f1ola de Seguridad A\u00e9rea (AESA), donde se informa a todos los pasajeros que se hayan visto afectados por las cancelaciones de vuelos como consecuencia de la expansi\u00f3n del coronavirus, que tienen derecho a informaci\u00f3n, asistencia y reembolso o transporte alternativo.<\/p>\n<p style=\"text-align: justify;\">En caso de que la aerol\u00ednea no cumpla con sus obligaciones y el usuario considere que no se han respetado sus derechos, debe reclamar a la compa\u00f1\u00eda, y en caso de no recibir respuesta o esta no ser satisfactoria, puede presentar una reclamaci\u00f3n ante AESA sin coste alguno.<\/p>\n<p style=\"text-align: justify;\">Si la aerol\u00ednea no ha cancelado el vuelo, pero el pasajero no puede realizar el viaje debido al temporal, deber\u00e1 comprobar si en los t\u00e9rminos y\u00a0 ondiciones del contrato de transporte, por razones de emergencia clim\u00e1tica existe la posibilidad de cancelaci\u00f3n del viaje o si la aerol\u00ednea ofrece la alternativa de aplazar o cancelar el viaje.<\/p>\n<p>&nbsp;<\/p>\n<p style=\"text-align: justify;\"><span style=\"text-decoration: underline;\"><strong>2. Cancelaci\u00f3n de viajes en medios de transporte distintos al avi\u00f3n<\/strong><\/span><br \/>\nEn relaci\u00f3n con los viajes por v\u00eda ferroviaria con la compa\u00f1\u00eda Renfe, se recomienda <em><strong>consultar las medidas concretas sobre cambios y anulaciones de billetes sin coste<\/strong><\/em> para los viajeros habilitadas de urgencia por la compa\u00f1\u00eda y publicitadas en su p\u00e1gina web.<\/p>\n<p style=\"text-align: justify;\">Cuando el trayecto fuese a realizarse en autob\u00fas o autocar y sea el transportista quien cancele el viaje, \u00e9ste deber\u00e1 ofrecer igualmente al viajero a escoger entre una alternativa de viaje o el reembolso del importe abonado, que deber\u00e1 efectuarse en un plazo de 14 d\u00edas.<\/p>\n<p style=\"text-align: justify;\">En relaci\u00f3n con los viajes por mar u otras v\u00edas navegables que puedan cancelarse por las propias compa\u00f1\u00edas o como resultado de las medidas decretadas por las autoridades portuarias, la naviera que hubiera cancelado el viaje deber\u00e1 ofrecer al viajero a escoger entre una alternativa de viaje o el reembolso del importe abonado, que deber\u00e1 efectuarse en un plazo de 7 d\u00edas.<\/p>\n<p style=\"text-align: justify;\">En cualquier caso, en los supuesto anteriores, cuando el transportista no haya cancelado el trayecto, pero el viajero no pueda realizar el mismo debido al temporal, se deber\u00e1n comprobar si en los t\u00e9rminos y condiciones del contrato de transporte, por razones de emergencia clim\u00e1tica, existe la posibilidad de cancelaci\u00f3n del viaje o si el transportista ofrece la alternativa de aplazar o cancelar el viaje.<\/p>\n<p>&nbsp;<\/p>\n<p style=\"text-align: justify;\"><span style=\"text-decoration: underline;\"><strong>3. Cancelaci\u00f3n de eventos<\/strong><\/span><br \/>\nSi debido al temporal \u201cFilomena\u201d se cancelasen actividades o cualquier evento, <em><strong>la suspensi\u00f3n del evento dar\u00e1 derecho al reembolso de la totalidad de los pagos que se hubieran realizado<\/strong><\/em>, con independencia de derechos adicionales que pudiesen derivarse del contrato.<\/p>\n<p style=\"text-align: justify;\">La solicitud de devoluciones de los importes abonados se realizar\u00e1 al proveedor de servicios a trav\u00e9s del que se realiz\u00f3 la compra.<\/p>\n<p style=\"text-align: justify;\">Asimismo, y en el supuesto de que el evento no sea cancelado pero el usuario no pueda acceder a \u00e9l por el temporal, se recomienda comprobar los t\u00e9rminos y condiciones del contrato para verificar si estas circunstancias de cancelaci\u00f3n est\u00e1n previstas y los potenciales derechos adicionales que pudiesen aparejarse a dichas cancelaciones.<\/p>\n<p>&nbsp;<\/p>\n<p style=\"text-align: justify;\"><span style=\"text-decoration: underline;\"><strong>4. Comercio electr\u00f3nico<\/strong><\/span><br \/>\nEn el supuesto de que una persona hubiese suscrito un contrato de adquisici\u00f3n de bienes por v\u00eda electr\u00f3nica, <em><strong>el comerciante debe entregar los bienes sin demora indebida y en un plazo m\u00e1ximo de 30 d\u00edas<\/strong><\/em>, a partir de la celebraci\u00f3n del contrato, salvo que se hubiesen acordado otros plazos de entrega.<\/p>\n<p style=\"text-align: justify;\">En caso de que <em><strong>no se cumpla dicho plazo de entrega con motivo del temporal<\/strong><\/em>, la persona consumidora<em><strong> podr\u00e1 conceder un plazo adicional al comerciante<\/strong><\/em> para la entrega de los bienes. En el supuesto de que los bienes tampoco sean entregados en dicho plazo adicional (independientemente de la causa), tendr\u00e1 derecho a desistir del contrato.<\/p>\n<p style=\"text-align: justify;\">Cuando se haya resuelto el contrato conforme a los p\u00e1rrafos anteriores, el comerciante deber\u00e1 reembolsar todas las cantidades abonadas sin ninguna demora indebida.<\/p>\n<p style=\"text-align: justify;\">En todo caso, el Ministerio de Consumo insta a las compa\u00f1\u00edas, agencias y operadores a que act\u00faen con flexibilidad y den la posibilidad de cancelar u ofrecer alternativas a las personas consumidoras que puedan verse afectadas como consecuencia de la situaci\u00f3n actual provocada por el temporal \u201cFilomena\u201d en los supuestos previstos en esta nota o en cualquier otro que pudiese tener lugar.<\/p>\n<p style=\"text-align: justify;\"><a href=\"https:\/\/www.caudete.org\/ayuntamiento\/wp-content\/uploads\/2021\/01\/20210109-Nota-informativa-derechos-Filomena.pdf\" class=\"mtli_attachment mtli_pdf\"><strong>CLIC AQU\u00cd:<\/strong><\/a><br \/>\n<strong>NOTA INFORMATIVA SOBRE DERECHOS QUE ASISTEN A LAS PERSONAS CONSUMIDORAS ANTE LA SITUACI\u00d3N GENERADA POR EL TEMPORAL \u201cFILOMENA\u201d<\/strong><\/p>\n<p style=\"text-align: justify;\">\n","protected":false},"excerpt":{"rendered":"<p>Desde la Concejal\u00eda de Comercio a trav\u00e9s de su Oficina de Informaci\u00f3n al Consumidor (OMIC) se informa a los ciudadanos de los derechos que les asisten ante la situaci\u00f3n generada por el temporal &#8220;Filomena&#8221;. &nbsp; 1. Cancelaciones de vuelos Los pasajeros a\u00e9reos que se hayan visto afectados por las cancelaciones de vuelos por las compa\u00f1\u00edas &hellip;<\/p>\n","protected":false},"author":2,"featured_media":11507,"comment_status":"closed","ping_status":"open","sticky":false,"template":"","format":"standard","meta":{"ngg_post_thumbnail":0,"footnotes":""},"categories":[42],"tags":[230,210,229],"class_list":["post-11498","post","type-post","status-publish","format-standard","has-post-thumbnail","hentry","category-comercio","tag-derechos","tag-filomena","tag-oficina-del-consumidor"],"yoast_head":"<!-- This site is optimized with the Yoast SEO plugin v27.4 - https:\/\/yoast.com\/product\/yoast-seo-wordpress\/ -->\n<title>Derechos de los consumidores ante la situaci\u00f3n generada por &quot;Filomena&quot; - MI Ayuntamiento de Caudete<\/title>\n<meta name=\"description\" content=\"P\u00e1gina Oficial del Ayuntamiento de Caudete (Albacete)\" \/>\n<meta name=\"robots\" content=\"index, follow, max-snippet:-1, max-image-preview:large, max-video-preview:-1\" \/>\n<link rel=\"canonical\" href=\"https:\/\/www.caudete.org\/ayuntamiento\/nota-informativa-sobre-derechos-que-asisten-a-las-personas-consumidoras-ante-la-situacion-generada-por-el-temporal-filomena\/\" \/>\n<meta property=\"og:locale\" content=\"es_ES\" \/>\n<meta property=\"og:type\" content=\"article\" \/>\n<meta property=\"og:title\" content=\"Derechos de los consumidores ante la situaci\u00f3n generada por &quot;Filomena&quot; - MI Ayuntamiento de Caudete\" \/>\n<meta property=\"og:description\" content=\"P\u00e1gina Oficial del Ayuntamiento de Caudete (Albacete)\" \/>\n<meta property=\"og:url\" content=\"https:\/\/www.caudete.org\/ayuntamiento\/nota-informativa-sobre-derechos-que-asisten-a-las-personas-consumidoras-ante-la-situacion-generada-por-el-temporal-filomena\/\" \/>\n<meta property=\"og:site_name\" content=\"MI Ayuntamiento de Caudete\" \/>\n<meta property=\"article:publisher\" content=\"https:\/\/www.facebook.com\/ayuntamientocaudete\/\" \/>\n<meta property=\"article:published_time\" content=\"2021-01-12T21:53:27+00:00\" \/>\n<meta property=\"article:modified_time\" content=\"2021-01-13T07:15:17+00:00\" \/>\n<meta property=\"og:image\" content=\"https:\/\/www.caudete.org\/ayuntamiento\/wp-content\/uploads\/2021\/01\/CARTEL-GRIS.jpg\" \/>\n\t<meta property=\"og:image:width\" content=\"1920\" \/>\n\t<meta property=\"og:image:height\" content=\"958\" \/>\n\t<meta property=\"og:image:type\" content=\"image\/jpeg\" \/>\n<meta name=\"author\" content=\"Juan\" \/>\n<meta name=\"twitter:card\" content=\"summary_large_image\" \/>\n<meta name=\"twitter:label1\" content=\"Escrito por\" \/>\n\t<meta name=\"twitter:data1\" content=\"Juan\" \/>\n\t<meta name=\"twitter:label2\" content=\"Tiempo de lectura\" \/>\n\t<meta name=\"twitter:data2\" content=\"4 minutos\" \/>\n<script type=\"application\/ld+json\" class=\"yoast-schema-graph\">{\"@context\":\"https:\\\/\\\/schema.org\",\"@graph\":[{\"@type\":\"Article\",\"@id\":\"https:\\\/\\\/www.caudete.org\\\/ayuntamiento\\\/nota-informativa-sobre-derechos-que-asisten-a-las-personas-consumidoras-ante-la-situacion-generada-por-el-temporal-filomena\\\/#article\",\"isPartOf\":{\"@id\":\"https:\\\/\\\/www.caudete.org\\\/ayuntamiento\\\/nota-informativa-sobre-derechos-que-asisten-a-las-personas-consumidoras-ante-la-situacion-generada-por-el-temporal-filomena\\\/\"},\"author\":{\"name\":\"Juan\",\"@id\":\"https:\\\/\\\/www.caudete.org\\\/ayuntamiento\\\/#\\\/schema\\\/person\\\/7656a5bb58fca95b9814e940de0fda63\"},\"headline\":\"Derechos de los consumidores ante la situaci\u00f3n generada por &#8220;Filomena&#8221;\",\"datePublished\":\"2021-01-12T21:53:27+00:00\",\"dateModified\":\"2021-01-13T07:15:17+00:00\",\"mainEntityOfPage\":{\"@id\":\"https:\\\/\\\/www.caudete.org\\\/ayuntamiento\\\/nota-informativa-sobre-derechos-que-asisten-a-las-personas-consumidoras-ante-la-situacion-generada-por-el-temporal-filomena\\\/\"},\"wordCount\":968,\"publisher\":{\"@id\":\"https:\\\/\\\/www.caudete.org\\\/ayuntamiento\\\/#organization\"},\"image\":{\"@id\":\"https:\\\/\\\/www.caudete.org\\\/ayuntamiento\\\/nota-informativa-sobre-derechos-que-asisten-a-las-personas-consumidoras-ante-la-situacion-generada-por-el-temporal-filomena\\\/#primaryimage\"},\"thumbnailUrl\":\"https:\\\/\\\/www.caudete.org\\\/ayuntamiento\\\/wp-content\\\/uploads\\\/2021\\\/01\\\/CARTEL-GRIS.jpg\",\"keywords\":[\"Derechos\",\"filomena\",\"Oficina del Consumidor\"],\"articleSection\":[\"Comercio\"],\"inLanguage\":\"es\"},{\"@type\":\"WebPage\",\"@id\":\"https:\\\/\\\/www.caudete.org\\\/ayuntamiento\\\/nota-informativa-sobre-derechos-que-asisten-a-las-personas-consumidoras-ante-la-situacion-generada-por-el-temporal-filomena\\\/\",\"url\":\"https:\\\/\\\/www.caudete.org\\\/ayuntamiento\\\/nota-informativa-sobre-derechos-que-asisten-a-las-personas-consumidoras-ante-la-situacion-generada-por-el-temporal-filomena\\\/\",\"name\":\"Derechos de los consumidores ante la situaci\u00f3n generada por \\\"Filomena\\\" - MI Ayuntamiento de Caudete\",\"isPartOf\":{\"@id\":\"https:\\\/\\\/www.caudete.org\\\/ayuntamiento\\\/#website\"},\"primaryImageOfPage\":{\"@id\":\"https:\\\/\\\/www.caudete.org\\\/ayuntamiento\\\/nota-informativa-sobre-derechos-que-asisten-a-las-personas-consumidoras-ante-la-situacion-generada-por-el-temporal-filomena\\\/#primaryimage\"},\"image\":{\"@id\":\"https:\\\/\\\/www.caudete.org\\\/ayuntamiento\\\/nota-informativa-sobre-derechos-que-asisten-a-las-personas-consumidoras-ante-la-situacion-generada-por-el-temporal-filomena\\\/#primaryimage\"},\"thumbnailUrl\":\"https:\\\/\\\/www.caudete.org\\\/ayuntamiento\\\/wp-content\\\/uploads\\\/2021\\\/01\\\/CARTEL-GRIS.jpg\",\"datePublished\":\"2021-01-12T21:53:27+00:00\",\"dateModified\":\"2021-01-13T07:15:17+00:00\",\"description\":\"P\u00e1gina Oficial del Ayuntamiento de Caudete (Albacete)\",\"breadcrumb\":{\"@id\":\"https:\\\/\\\/www.caudete.org\\\/ayuntamiento\\\/nota-informativa-sobre-derechos-que-asisten-a-las-personas-consumidoras-ante-la-situacion-generada-por-el-temporal-filomena\\\/#breadcrumb\"},\"inLanguage\":\"es\",\"potentialAction\":[{\"@type\":\"ReadAction\",\"target\":[\"https:\\\/\\\/www.caudete.org\\\/ayuntamiento\\\/nota-informativa-sobre-derechos-que-asisten-a-las-personas-consumidoras-ante-la-situacion-generada-por-el-temporal-filomena\\\/\"]}]},{\"@type\":\"ImageObject\",\"inLanguage\":\"es\",\"@id\":\"https:\\\/\\\/www.caudete.org\\\/ayuntamiento\\\/nota-informativa-sobre-derechos-que-asisten-a-las-personas-consumidoras-ante-la-situacion-generada-por-el-temporal-filomena\\\/#primaryimage\",\"url\":\"https:\\\/\\\/www.caudete.org\\\/ayuntamiento\\\/wp-content\\\/uploads\\\/2021\\\/01\\\/CARTEL-GRIS.jpg\",\"contentUrl\":\"https:\\\/\\\/www.caudete.org\\\/ayuntamiento\\\/wp-content\\\/uploads\\\/2021\\\/01\\\/CARTEL-GRIS.jpg\",\"width\":1920,\"height\":958},{\"@type\":\"BreadcrumbList\",\"@id\":\"https:\\\/\\\/www.caudete.org\\\/ayuntamiento\\\/nota-informativa-sobre-derechos-que-asisten-a-las-personas-consumidoras-ante-la-situacion-generada-por-el-temporal-filomena\\\/#breadcrumb\",\"itemListElement\":[{\"@type\":\"ListItem\",\"position\":1,\"name\":\"Inicio\",\"item\":\"https:\\\/\\\/www.caudete.org\\\/ayuntamiento\\\/\"},{\"@type\":\"ListItem\",\"position\":2,\"name\":\"Derechos de los consumidores ante la situaci\u00f3n generada por &#8220;Filomena&#8221;\"}]},{\"@type\":\"WebSite\",\"@id\":\"https:\\\/\\\/www.caudete.org\\\/ayuntamiento\\\/#website\",\"url\":\"https:\\\/\\\/www.caudete.org\\\/ayuntamiento\\\/\",\"name\":\"MI Ayuntamiento de Caudete\",\"description\":\"P\u00e1gina Oficial del MI Ayuntamiento de Caudete\",\"publisher\":{\"@id\":\"https:\\\/\\\/www.caudete.org\\\/ayuntamiento\\\/#organization\"},\"potentialAction\":[{\"@type\":\"SearchAction\",\"target\":{\"@type\":\"EntryPoint\",\"urlTemplate\":\"https:\\\/\\\/www.caudete.org\\\/ayuntamiento\\\/?s={search_term_string}\"},\"query-input\":{\"@type\":\"PropertyValueSpecification\",\"valueRequired\":true,\"valueName\":\"search_term_string\"}}],\"inLanguage\":\"es\"},{\"@type\":\"Organization\",\"@id\":\"https:\\\/\\\/www.caudete.org\\\/ayuntamiento\\\/#organization\",\"name\":\"Ayuntamiento de Caudete\",\"url\":\"https:\\\/\\\/www.caudete.org\\\/ayuntamiento\\\/\",\"logo\":{\"@type\":\"ImageObject\",\"inLanguage\":\"es\",\"@id\":\"https:\\\/\\\/www.caudete.org\\\/ayuntamiento\\\/#\\\/schema\\\/logo\\\/image\\\/\",\"url\":\"https:\\\/\\\/www.caudete.org\\\/ayuntamiento\\\/wp-content\\\/uploads\\\/2020\\\/11\\\/logo_ayuntamiento_caudete.jpg\",\"contentUrl\":\"https:\\\/\\\/www.caudete.org\\\/ayuntamiento\\\/wp-content\\\/uploads\\\/2020\\\/11\\\/logo_ayuntamiento_caudete.jpg\",\"width\":600,\"height\":150,\"caption\":\"Ayuntamiento de Caudete\"},\"image\":{\"@id\":\"https:\\\/\\\/www.caudete.org\\\/ayuntamiento\\\/#\\\/schema\\\/logo\\\/image\\\/\"},\"sameAs\":[\"https:\\\/\\\/www.facebook.com\\\/ayuntamientocaudete\\\/\",\"https:\\\/\\\/www.youtube.com\\\/channel\\\/UC6VztHaooNsGpw-tNoBEFnQ\"]},{\"@type\":\"Person\",\"@id\":\"https:\\\/\\\/www.caudete.org\\\/ayuntamiento\\\/#\\\/schema\\\/person\\\/7656a5bb58fca95b9814e940de0fda63\",\"name\":\"Juan\",\"image\":{\"@type\":\"ImageObject\",\"inLanguage\":\"es\",\"@id\":\"https:\\\/\\\/secure.gravatar.com\\\/avatar\\\/dd53e51c0cd6ab23f52d4f3e4f1c59730240727763de3dbbf26750b079a2c292?s=96&d=mm&r=g\",\"url\":\"https:\\\/\\\/secure.gravatar.com\\\/avatar\\\/dd53e51c0cd6ab23f52d4f3e4f1c59730240727763de3dbbf26750b079a2c292?s=96&d=mm&r=g\",\"contentUrl\":\"https:\\\/\\\/secure.gravatar.com\\\/avatar\\\/dd53e51c0cd6ab23f52d4f3e4f1c59730240727763de3dbbf26750b079a2c292?s=96&d=mm&r=g\",\"caption\":\"Juan\"},\"url\":\"https:\\\/\\\/www.caudete.org\\\/ayuntamiento\\\/author\\\/centrodeinternet\\\/\"}]}<\/script>\n<!-- \/ Yoast SEO plugin. -->","yoast_head_json":{"title":"Derechos de los consumidores ante la situaci\u00f3n generada por \"Filomena\" - MI Ayuntamiento de Caudete","description":"P\u00e1gina Oficial del Ayuntamiento de Caudete (Albacete)","robots":{"index":"index","follow":"follow","max-snippet":"max-snippet:-1","max-image-preview":"max-image-preview:large","max-video-preview":"max-video-preview:-1"},"canonical":"https:\/\/www.caudete.org\/ayuntamiento\/nota-informativa-sobre-derechos-que-asisten-a-las-personas-consumidoras-ante-la-situacion-generada-por-el-temporal-filomena\/","og_locale":"es_ES","og_type":"article","og_title":"Derechos de los consumidores ante la situaci\u00f3n generada por \"Filomena\" - MI Ayuntamiento de Caudete","og_description":"P\u00e1gina Oficial del Ayuntamiento de Caudete (Albacete)","og_url":"https:\/\/www.caudete.org\/ayuntamiento\/nota-informativa-sobre-derechos-que-asisten-a-las-personas-consumidoras-ante-la-situacion-generada-por-el-temporal-filomena\/","og_site_name":"MI Ayuntamiento de Caudete","article_publisher":"https:\/\/www.facebook.com\/ayuntamientocaudete\/","article_published_time":"2021-01-12T21:53:27+00:00","article_modified_time":"2021-01-13T07:15:17+00:00","og_image":[{"width":1920,"height":958,"url":"https:\/\/www.caudete.org\/ayuntamiento\/wp-content\/uploads\/2021\/01\/CARTEL-GRIS.jpg","type":"image\/jpeg"}],"author":"Juan","twitter_card":"summary_large_image","twitter_misc":{"Escrito por":"Juan","Tiempo de lectura":"4 minutos"},"schema":{"@context":"https:\/\/schema.org","@graph":[{"@type":"Article","@id":"https:\/\/www.caudete.org\/ayuntamiento\/nota-informativa-sobre-derechos-que-asisten-a-las-personas-consumidoras-ante-la-situacion-generada-por-el-temporal-filomena\/#article","isPartOf":{"@id":"https:\/\/www.caudete.org\/ayuntamiento\/nota-informativa-sobre-derechos-que-asisten-a-las-personas-consumidoras-ante-la-situacion-generada-por-el-temporal-filomena\/"},"author":{"name":"Juan","@id":"https:\/\/www.caudete.org\/ayuntamiento\/#\/schema\/person\/7656a5bb58fca95b9814e940de0fda63"},"headline":"Derechos de los consumidores ante la situaci\u00f3n generada por &#8220;Filomena&#8221;","datePublished":"2021-01-12T21:53:27+00:00","dateModified":"2021-01-13T07:15:17+00:00","mainEntityOfPage":{"@id":"https:\/\/www.caudete.org\/ayuntamiento\/nota-informativa-sobre-derechos-que-asisten-a-las-personas-consumidoras-ante-la-situacion-generada-por-el-temporal-filomena\/"},"wordCount":968,"publisher":{"@id":"https:\/\/www.caudete.org\/ayuntamiento\/#organization"},"image":{"@id":"https:\/\/www.caudete.org\/ayuntamiento\/nota-informativa-sobre-derechos-que-asisten-a-las-personas-consumidoras-ante-la-situacion-generada-por-el-temporal-filomena\/#primaryimage"},"thumbnailUrl":"https:\/\/www.caudete.org\/ayuntamiento\/wp-content\/uploads\/2021\/01\/CARTEL-GRIS.jpg","keywords":["Derechos","filomena","Oficina del Consumidor"],"articleSection":["Comercio"],"inLanguage":"es"},{"@type":"WebPage","@id":"https:\/\/www.caudete.org\/ayuntamiento\/nota-informativa-sobre-derechos-que-asisten-a-las-personas-consumidoras-ante-la-situacion-generada-por-el-temporal-filomena\/","url":"https:\/\/www.caudete.org\/ayuntamiento\/nota-informativa-sobre-derechos-que-asisten-a-las-personas-consumidoras-ante-la-situacion-generada-por-el-temporal-filomena\/","name":"Derechos de los consumidores ante la situaci\u00f3n generada por \"Filomena\" - MI Ayuntamiento de Caudete","isPartOf":{"@id":"https:\/\/www.caudete.org\/ayuntamiento\/#website"},"primaryImageOfPage":{"@id":"https:\/\/www.caudete.org\/ayuntamiento\/nota-informativa-sobre-derechos-que-asisten-a-las-personas-consumidoras-ante-la-situacion-generada-por-el-temporal-filomena\/#primaryimage"},"image":{"@id":"https:\/\/www.caudete.org\/ayuntamiento\/nota-informativa-sobre-derechos-que-asisten-a-las-personas-consumidoras-ante-la-situacion-generada-por-el-temporal-filomena\/#primaryimage"},"thumbnailUrl":"https:\/\/www.caudete.org\/ayuntamiento\/wp-content\/uploads\/2021\/01\/CARTEL-GRIS.jpg","datePublished":"2021-01-12T21:53:27+00:00","dateModified":"2021-01-13T07:15:17+00:00","description":"P\u00e1gina Oficial del Ayuntamiento de Caudete (Albacete)","breadcrumb":{"@id":"https:\/\/www.caudete.org\/ayuntamiento\/nota-informativa-sobre-derechos-que-asisten-a-las-personas-consumidoras-ante-la-situacion-generada-por-el-temporal-filomena\/#breadcrumb"},"inLanguage":"es","potentialAction":[{"@type":"ReadAction","target":["https:\/\/www.caudete.org\/ayuntamiento\/nota-informativa-sobre-derechos-que-asisten-a-las-personas-consumidoras-ante-la-situacion-generada-por-el-temporal-filomena\/"]}]},{"@type":"ImageObject","inLanguage":"es","@id":"https:\/\/www.caudete.org\/ayuntamiento\/nota-informativa-sobre-derechos-que-asisten-a-las-personas-consumidoras-ante-la-situacion-generada-por-el-temporal-filomena\/#primaryimage","url":"https:\/\/www.caudete.org\/ayuntamiento\/wp-content\/uploads\/2021\/01\/CARTEL-GRIS.jpg","contentUrl":"https:\/\/www.caudete.org\/ayuntamiento\/wp-content\/uploads\/2021\/01\/CARTEL-GRIS.jpg","width":1920,"height":958},{"@type":"BreadcrumbList","@id":"https:\/\/www.caudete.org\/ayuntamiento\/nota-informativa-sobre-derechos-que-asisten-a-las-personas-consumidoras-ante-la-situacion-generada-por-el-temporal-filomena\/#breadcrumb","itemListElement":[{"@type":"ListItem","position":1,"name":"Inicio","item":"https:\/\/www.caudete.org\/ayuntamiento\/"},{"@type":"ListItem","position":2,"name":"Derechos de los consumidores ante la situaci\u00f3n generada por &#8220;Filomena&#8221;"}]},{"@type":"WebSite","@id":"https:\/\/www.caudete.org\/ayuntamiento\/#website","url":"https:\/\/www.caudete.org\/ayuntamiento\/","name":"MI Ayuntamiento de Caudete","description":"P\u00e1gina Oficial del MI Ayuntamiento de Caudete","publisher":{"@id":"https:\/\/www.caudete.org\/ayuntamiento\/#organization"},"potentialAction":[{"@type":"SearchAction","target":{"@type":"EntryPoint","urlTemplate":"https:\/\/www.caudete.org\/ayuntamiento\/?s={search_term_string}"},"query-input":{"@type":"PropertyValueSpecification","valueRequired":true,"valueName":"search_term_string"}}],"inLanguage":"es"},{"@type":"Organization","@id":"https:\/\/www.caudete.org\/ayuntamiento\/#organization","name":"Ayuntamiento de Caudete","url":"https:\/\/www.caudete.org\/ayuntamiento\/","logo":{"@type":"ImageObject","inLanguage":"es","@id":"https:\/\/www.caudete.org\/ayuntamiento\/#\/schema\/logo\/image\/","url":"https:\/\/www.caudete.org\/ayuntamiento\/wp-content\/uploads\/2020\/11\/logo_ayuntamiento_caudete.jpg","contentUrl":"https:\/\/www.caudete.org\/ayuntamiento\/wp-content\/uploads\/2020\/11\/logo_ayuntamiento_caudete.jpg","width":600,"height":150,"caption":"Ayuntamiento de Caudete"},"image":{"@id":"https:\/\/www.caudete.org\/ayuntamiento\/#\/schema\/logo\/image\/"},"sameAs":["https:\/\/www.facebook.com\/ayuntamientocaudete\/","https:\/\/www.youtube.com\/channel\/UC6VztHaooNsGpw-tNoBEFnQ"]},{"@type":"Person","@id":"https:\/\/www.caudete.org\/ayuntamiento\/#\/schema\/person\/7656a5bb58fca95b9814e940de0fda63","name":"Juan","image":{"@type":"ImageObject","inLanguage":"es","@id":"https:\/\/secure.gravatar.com\/avatar\/dd53e51c0cd6ab23f52d4f3e4f1c59730240727763de3dbbf26750b079a2c292?s=96&d=mm&r=g","url":"https:\/\/secure.gravatar.com\/avatar\/dd53e51c0cd6ab23f52d4f3e4f1c59730240727763de3dbbf26750b079a2c292?s=96&d=mm&r=g","contentUrl":"https:\/\/secure.gravatar.com\/avatar\/dd53e51c0cd6ab23f52d4f3e4f1c59730240727763de3dbbf26750b079a2c292?s=96&d=mm&r=g","caption":"Juan"},"url":"https:\/\/www.caudete.org\/ayuntamiento\/author\/centrodeinternet\/"}]}},"_links":{"self":[{"href":"https:\/\/www.caudete.org\/ayuntamiento\/wp-json\/wp\/v2\/posts\/11498","targetHints":{"allow":["GET"]}}],"collection":[{"href":"https:\/\/www.caudete.org\/ayuntamiento\/wp-json\/wp\/v2\/posts"}],"about":[{"href":"https:\/\/www.caudete.org\/ayuntamiento\/wp-json\/wp\/v2\/types\/post"}],"author":[{"embeddable":true,"href":"https:\/\/www.caudete.org\/ayuntamiento\/wp-json\/wp\/v2\/users\/2"}],"replies":[{"embeddable":true,"href":"https:\/\/www.caudete.org\/ayuntamiento\/wp-json\/wp\/v2\/comments?post=11498"}],"version-history":[{"count":9,"href":"https:\/\/www.caudete.org\/ayuntamiento\/wp-json\/wp\/v2\/posts\/11498\/revisions"}],"predecessor-version":[{"id":11516,"href":"https:\/\/www.caudete.org\/ayuntamiento\/wp-json\/wp\/v2\/posts\/11498\/revisions\/11516"}],"wp:featuredmedia":[{"embeddable":true,"href":"https:\/\/www.caudete.org\/ayuntamiento\/wp-json\/wp\/v2\/media\/11507"}],"wp:attachment":[{"href":"https:\/\/www.caudete.org\/ayuntamiento\/wp-json\/wp\/v2\/media?parent=11498"}],"wp:term":[{"taxonomy":"category","embeddable":true,"href":"https:\/\/www.caudete.org\/ayuntamiento\/wp-json\/wp\/v2\/categories?post=11498"},{"taxonomy":"post_tag","embeddable":true,"href":"https:\/\/www.caudete.org\/ayuntamiento\/wp-json\/wp\/v2\/tags?post=11498"}],"curies":[{"name":"wp","href":"https:\/\/api.w.org\/{rel}","templated":true}]}}