{"id":11514,"date":"2021-01-13T08:18:31","date_gmt":"2021-01-13T07:18:31","guid":{"rendered":"https:\/\/www.caudete.org\/ayuntamiento\/?p=11514"},"modified":"2021-01-13T08:19:13","modified_gmt":"2021-01-13T07:19:13","slug":"la-casa-consistorial-renovara-su-climatizacion-ahorrando-el-78-de-energia-gracias-a-la-aerotermia","status":"publish","type":"post","link":"https:\/\/www.caudete.org\/ayuntamiento\/la-casa-consistorial-renovara-su-climatizacion-ahorrando-el-78-de-energia-gracias-a-la-aerotermia\/","title":{"rendered":"La Casa Consistorial renovar\u00e1 su climatizaci\u00f3n ahorrando el 75% de energ\u00eda gracias a la AEROTERMIA"},"content":{"rendered":"<p style=\"text-align: justify;\">El Equipo de Gobierno daba luz verde en la Junta de Gobierno hace unas semanas a la solicitud de subvenci\u00f3n que el IDAE convocaba en relaci\u00f3n al procedimiento de concesi\u00f3n directa de subvenciones a proyectos singulares de entidades locales que favorezcan el paso a una econom\u00eda baja en carbono en el marco del Programa operativo FEDER de crecimiento sostenible 2014-2020, regulado en el Real Decreto 616\/2017, de 16 de junio, publicado en el BOE el 17 de junio de 2017.<\/p>\n<p style=\"text-align: justify;\">Ser\u00e1 la Diputaci\u00f3n de Albacete la encargada de tramitar el expediente que el Ayuntamiento de Caudete ha formulado por un importe total de 85.850&#8217;01\u20ac de los cuales las arcas municipales, en caso de ser beneficiaria de la subvenci\u00f3n, aportar\u00e1 un total de 39.948&#8217;58\u20ac para sufragar el\u00a0\u201cPROYECTO SINGULAR DE INSTALACI\u00d3N DE APROVECHAMIENTO DE ENERG\u00cdA DE AEROTERMIA EN CAUDETE \u201d, (Objetivo especifico OE 432, medida 17 de la normativa anteriormente expuesta).<\/p>\n<p style=\"text-align: justify;\">Se pretende, por tanto, la realizaci\u00f3n de una \u00fanica actuaci\u00f3n consistente en la reforma integra del sistema de climatizaci\u00f3n del edificio de la CASA CONSISTRORIAL del M.I. Ayuntamiento de Caudete ubicado en mediante la utilizaci\u00f3n de energ\u00eda considerada renovable, concretamente la AEROTERMIA.<\/p>\n<p style=\"text-align: justify;\">La aerotermia es una tecnolog\u00eda limpia que extrae gratuitamente hasta el 77% de la energ\u00eda del ambiente del aire. Concretamente extrae energ\u00eda ambiental contenida en la temperatura del aire, incluso bajo cero y la transfiere al recinto a climatizar o al agua corriente. Esto se consigue mediante el ciclo termodin\u00e1mico que utiliza un gas refrigerante comprimido a baj\u00edsimas temperaturas para extraer calor del aire exterior.<\/p>\n<p style=\"text-align: justify;\">La aerotermia aporta m\u00e1s energ\u00eda de la que consume, aunque depende de la calidad del equipo y su calificaci\u00f3n energ\u00e9tica; por ejemplo, para un equipo con rendimiento 4,5 aportamos 4,5kW de potencia calor\u00edfica por cada kW consumido de electricidad. Por tanto, el 78% de la energ\u00eda aportada es gratuita.<\/p>\n<p style=\"text-align: justify;\">Con esta operaci\u00f3n el Ayuntamiento ahorrar\u00e1 al a\u00f1o 18.901,40 kWh y reducir\u00e1 sus emisiones de CO2 a la atm\u00f3sfera en 9,848 tCO2 eq\/a\u00f1o. Adem\u00e1s, conseguir\u00e1 una categor\u00eda de eficiencia energ\u00e9tica en sus m\u00e1quinas de climatizaci\u00f3n de al menos A+<\/p>\n<p style=\"text-align: justify;\">El Proyecto T\u00e9cnico se ha dise\u00f1ado de forma que prev\u00e9 el desmontaje de las instalaciones existentes, donde se climatizan las cuatro alturas del edificio mediante dos m\u00e1quinas independientes; mientras que el\u00a0dise\u00f1o de la instalaci\u00f3n ha sido realizado teniendo en cuenta la zonificaci\u00f3n, para obtener un elevado bienestar y ahorro de energ\u00eda. Cada uno de los recintos de cada planta contar\u00e1 con un control termost\u00e1tico independiente que controlar\u00e1 una compuerta la cual da acceso a la climatizaci\u00f3n independiente de dicho recinto, para conseguir la climatizaci\u00f3n necesaria en cada momento, sin que existan zonas no ocupadas climatizadas.<\/p>\n<p style=\"text-align: justify;\">A su vez existir\u00e1 una pasarela de comunicaci\u00f3n \u201cAIRZONE\u201d con un algoritmo de eficiencia energ\u00e9tica capaz de reducir el gasto energ\u00e9tico en hasta un 53%. Los sistemas se han dividido en subsistemas, considerando los espacios interiores y su orientaci\u00f3n, as\u00ed como su uso, ocupaci\u00f3n y horario de funcionamiento. Adem\u00e1s, la instalaci\u00f3n contar\u00e1 con un Control centralizado de la instalaci\u00f3n de climatizaci\u00f3n.<\/p>\n<p style=\"text-align: justify;\">\n","protected":false},"excerpt":{"rendered":"<p>El Equipo de Gobierno daba luz verde en la Junta de Gobierno hace unas semanas a la solicitud de subvenci\u00f3n que el IDAE convocaba en relaci\u00f3n al procedimiento de concesi\u00f3n directa de subvenciones a proyectos singulares de entidades locales que favorezcan el paso a una econom\u00eda baja en carbono en el marco del Programa operativo &hellip;<\/p>\n","protected":false},"author":3,"featured_media":11515,"comment_status":"closed","ping_status":"open","sticky":false,"template":"","format":"standard","meta":{"ngg_post_thumbnail":0,"footnotes":""},"categories":[20],"tags":[239,245,240,244,242,241,243],"class_list":["post-11514","post","type-post","status-publish","format-standard","has-post-thumbnail","hentry","category-ayuntamiento","tag-aerotermia","tag-casa-consistorial","tag-climatizacion","tag-energia","tag-feder","tag-idae","tag-proyecto-singular"],"yoast_head":"<!-- This site is optimized with the Yoast SEO plugin v27.5 - https:\/\/yoast.com\/product\/yoast-seo-wordpress\/ -->\n<title>La Casa Consistorial renovar\u00e1 su climatizaci\u00f3n ahorrando el 75% de energ\u00eda gracias a la AEROTERMIA - MI Ayuntamiento de Caudete<\/title>\n<meta name=\"description\" content=\"P\u00e1gina Oficial del Ayuntamiento de Caudete (Albacete)\" \/>\n<meta name=\"robots\" content=\"index, follow, max-snippet:-1, max-image-preview:large, max-video-preview:-1\" \/>\n<link rel=\"canonical\" href=\"https:\/\/www.caudete.org\/ayuntamiento\/la-casa-consistorial-renovara-su-climatizacion-ahorrando-el-78-de-energia-gracias-a-la-aerotermia\/\" \/>\n<meta property=\"og:locale\" content=\"es_ES\" \/>\n<meta property=\"og:type\" content=\"article\" \/>\n<meta property=\"og:title\" content=\"La Casa Consistorial renovar\u00e1 su climatizaci\u00f3n ahorrando el 75% de energ\u00eda gracias a la AEROTERMIA - MI Ayuntamiento de Caudete\" \/>\n<meta property=\"og:description\" content=\"P\u00e1gina Oficial del Ayuntamiento de Caudete (Albacete)\" \/>\n<meta property=\"og:url\" content=\"https:\/\/www.caudete.org\/ayuntamiento\/la-casa-consistorial-renovara-su-climatizacion-ahorrando-el-78-de-energia-gracias-a-la-aerotermia\/\" \/>\n<meta property=\"og:site_name\" content=\"MI Ayuntamiento de Caudete\" \/>\n<meta property=\"article:publisher\" content=\"https:\/\/www.facebook.com\/ayuntamientocaudete\/\" \/>\n<meta property=\"article:published_time\" content=\"2021-01-13T07:18:31+00:00\" \/>\n<meta property=\"article:modified_time\" content=\"2021-01-13T07:19:13+00:00\" \/>\n<meta property=\"og:image\" content=\"https:\/\/www.caudete.org\/ayuntamiento\/wp-content\/uploads\/2021\/01\/aerotermia.jpg\" \/>\n\t<meta property=\"og:image:width\" content=\"830\" \/>\n\t<meta property=\"og:image:height\" content=\"449\" \/>\n\t<meta property=\"og:image:type\" content=\"image\/jpeg\" \/>\n<meta name=\"author\" content=\"alcalde\" \/>\n<meta name=\"twitter:card\" content=\"summary_large_image\" \/>\n<meta name=\"twitter:label1\" content=\"Escrito por\" \/>\n\t<meta name=\"twitter:data1\" content=\"alcalde\" \/>\n\t<meta name=\"twitter:label2\" content=\"Tiempo de lectura\" \/>\n\t<meta name=\"twitter:data2\" content=\"3 minutos\" \/>\n<script type=\"application\/ld+json\" class=\"yoast-schema-graph\">{\"@context\":\"https:\\\/\\\/schema.org\",\"@graph\":[{\"@type\":\"Article\",\"@id\":\"https:\\\/\\\/www.caudete.org\\\/ayuntamiento\\\/la-casa-consistorial-renovara-su-climatizacion-ahorrando-el-78-de-energia-gracias-a-la-aerotermia\\\/#article\",\"isPartOf\":{\"@id\":\"https:\\\/\\\/www.caudete.org\\\/ayuntamiento\\\/la-casa-consistorial-renovara-su-climatizacion-ahorrando-el-78-de-energia-gracias-a-la-aerotermia\\\/\"},\"author\":{\"name\":\"alcalde\",\"@id\":\"https:\\\/\\\/www.caudete.org\\\/ayuntamiento\\\/#\\\/schema\\\/person\\\/cc646da9133078ee4d8dd47457947253\"},\"headline\":\"La Casa Consistorial renovar\u00e1 su climatizaci\u00f3n ahorrando el 75% de energ\u00eda gracias a la AEROTERMIA\",\"datePublished\":\"2021-01-13T07:18:31+00:00\",\"dateModified\":\"2021-01-13T07:19:13+00:00\",\"mainEntityOfPage\":{\"@id\":\"https:\\\/\\\/www.caudete.org\\\/ayuntamiento\\\/la-casa-consistorial-renovara-su-climatizacion-ahorrando-el-78-de-energia-gracias-a-la-aerotermia\\\/\"},\"wordCount\":557,\"image\":{\"@id\":\"https:\\\/\\\/www.caudete.org\\\/ayuntamiento\\\/la-casa-consistorial-renovara-su-climatizacion-ahorrando-el-78-de-energia-gracias-a-la-aerotermia\\\/#primaryimage\"},\"thumbnailUrl\":\"https:\\\/\\\/www.caudete.org\\\/ayuntamiento\\\/wp-content\\\/uploads\\\/2021\\\/01\\\/aerotermia.jpg\",\"keywords\":[\"aerotermia\",\"casa consistorial\",\"climatizacion\",\"energia\",\"feder\",\"idae\",\"proyecto singular\"],\"articleSection\":[\"Ayuntamiento\"],\"inLanguage\":\"es\"},{\"@type\":\"WebPage\",\"@id\":\"https:\\\/\\\/www.caudete.org\\\/ayuntamiento\\\/la-casa-consistorial-renovara-su-climatizacion-ahorrando-el-78-de-energia-gracias-a-la-aerotermia\\\/\",\"url\":\"https:\\\/\\\/www.caudete.org\\\/ayuntamiento\\\/la-casa-consistorial-renovara-su-climatizacion-ahorrando-el-78-de-energia-gracias-a-la-aerotermia\\\/\",\"name\":\"La Casa Consistorial renovar\u00e1 su climatizaci\u00f3n ahorrando el 75% de energ\u00eda gracias a la AEROTERMIA - MI Ayuntamiento de Caudete\",\"isPartOf\":{\"@id\":\"https:\\\/\\\/www.caudete.org\\\/ayuntamiento\\\/#website\"},\"primaryImageOfPage\":{\"@id\":\"https:\\\/\\\/www.caudete.org\\\/ayuntamiento\\\/la-casa-consistorial-renovara-su-climatizacion-ahorrando-el-78-de-energia-gracias-a-la-aerotermia\\\/#primaryimage\"},\"image\":{\"@id\":\"https:\\\/\\\/www.caudete.org\\\/ayuntamiento\\\/la-casa-consistorial-renovara-su-climatizacion-ahorrando-el-78-de-energia-gracias-a-la-aerotermia\\\/#primaryimage\"},\"thumbnailUrl\":\"https:\\\/\\\/www.caudete.org\\\/ayuntamiento\\\/wp-content\\\/uploads\\\/2021\\\/01\\\/aerotermia.jpg\",\"datePublished\":\"2021-01-13T07:18:31+00:00\",\"dateModified\":\"2021-01-13T07:19:13+00:00\",\"author\":{\"@id\":\"https:\\\/\\\/www.caudete.org\\\/ayuntamiento\\\/#\\\/schema\\\/person\\\/cc646da9133078ee4d8dd47457947253\"},\"description\":\"P\u00e1gina Oficial del Ayuntamiento de Caudete (Albacete)\",\"breadcrumb\":{\"@id\":\"https:\\\/\\\/www.caudete.org\\\/ayuntamiento\\\/la-casa-consistorial-renovara-su-climatizacion-ahorrando-el-78-de-energia-gracias-a-la-aerotermia\\\/#breadcrumb\"},\"inLanguage\":\"es\",\"potentialAction\":[{\"@type\":\"ReadAction\",\"target\":[\"https:\\\/\\\/www.caudete.org\\\/ayuntamiento\\\/la-casa-consistorial-renovara-su-climatizacion-ahorrando-el-78-de-energia-gracias-a-la-aerotermia\\\/\"]}]},{\"@type\":\"ImageObject\",\"inLanguage\":\"es\",\"@id\":\"https:\\\/\\\/www.caudete.org\\\/ayuntamiento\\\/la-casa-consistorial-renovara-su-climatizacion-ahorrando-el-78-de-energia-gracias-a-la-aerotermia\\\/#primaryimage\",\"url\":\"https:\\\/\\\/www.caudete.org\\\/ayuntamiento\\\/wp-content\\\/uploads\\\/2021\\\/01\\\/aerotermia.jpg\",\"contentUrl\":\"https:\\\/\\\/www.caudete.org\\\/ayuntamiento\\\/wp-content\\\/uploads\\\/2021\\\/01\\\/aerotermia.jpg\",\"width\":830,\"height\":449,\"caption\":\"Aerotermia\"},{\"@type\":\"BreadcrumbList\",\"@id\":\"https:\\\/\\\/www.caudete.org\\\/ayuntamiento\\\/la-casa-consistorial-renovara-su-climatizacion-ahorrando-el-78-de-energia-gracias-a-la-aerotermia\\\/#breadcrumb\",\"itemListElement\":[{\"@type\":\"ListItem\",\"position\":1,\"name\":\"Inicio\",\"item\":\"https:\\\/\\\/www.caudete.org\\\/ayuntamiento\\\/\"},{\"@type\":\"ListItem\",\"position\":2,\"name\":\"La Casa Consistorial renovar\u00e1 su climatizaci\u00f3n ahorrando el 75% de energ\u00eda gracias a la AEROTERMIA\"}]},{\"@type\":\"WebSite\",\"@id\":\"https:\\\/\\\/www.caudete.org\\\/ayuntamiento\\\/#website\",\"url\":\"https:\\\/\\\/www.caudete.org\\\/ayuntamiento\\\/\",\"name\":\"MI Ayuntamiento de Caudete\",\"description\":\"P\u00e1gina Oficial del MI Ayuntamiento de Caudete\",\"potentialAction\":[{\"@type\":\"SearchAction\",\"target\":{\"@type\":\"EntryPoint\",\"urlTemplate\":\"https:\\\/\\\/www.caudete.org\\\/ayuntamiento\\\/?s={search_term_string}\"},\"query-input\":{\"@type\":\"PropertyValueSpecification\",\"valueRequired\":true,\"valueName\":\"search_term_string\"}}],\"inLanguage\":\"es\"},{\"@type\":\"Person\",\"@id\":\"https:\\\/\\\/www.caudete.org\\\/ayuntamiento\\\/#\\\/schema\\\/person\\\/cc646da9133078ee4d8dd47457947253\",\"name\":\"alcalde\",\"image\":{\"@type\":\"ImageObject\",\"inLanguage\":\"es\",\"@id\":\"https:\\\/\\\/secure.gravatar.com\\\/avatar\\\/84a817ba065b29ff08d666b215a215f5c79186a645ccb25b14a663d48a130f77?s=96&d=mm&r=g\",\"url\":\"https:\\\/\\\/secure.gravatar.com\\\/avatar\\\/84a817ba065b29ff08d666b215a215f5c79186a645ccb25b14a663d48a130f77?s=96&d=mm&r=g\",\"contentUrl\":\"https:\\\/\\\/secure.gravatar.com\\\/avatar\\\/84a817ba065b29ff08d666b215a215f5c79186a645ccb25b14a663d48a130f77?s=96&d=mm&r=g\",\"caption\":\"alcalde\"},\"url\":\"https:\\\/\\\/www.caudete.org\\\/ayuntamiento\\\/author\\\/alcalde\\\/\"}]}<\/script>\n<!-- \/ Yoast SEO plugin. -->","yoast_head_json":{"title":"La Casa Consistorial renovar\u00e1 su climatizaci\u00f3n ahorrando el 75% de energ\u00eda gracias a la AEROTERMIA - MI Ayuntamiento de Caudete","description":"P\u00e1gina Oficial del Ayuntamiento de Caudete (Albacete)","robots":{"index":"index","follow":"follow","max-snippet":"max-snippet:-1","max-image-preview":"max-image-preview:large","max-video-preview":"max-video-preview:-1"},"canonical":"https:\/\/www.caudete.org\/ayuntamiento\/la-casa-consistorial-renovara-su-climatizacion-ahorrando-el-78-de-energia-gracias-a-la-aerotermia\/","og_locale":"es_ES","og_type":"article","og_title":"La Casa Consistorial renovar\u00e1 su climatizaci\u00f3n ahorrando el 75% de energ\u00eda gracias a la AEROTERMIA - MI Ayuntamiento de Caudete","og_description":"P\u00e1gina Oficial del Ayuntamiento de Caudete (Albacete)","og_url":"https:\/\/www.caudete.org\/ayuntamiento\/la-casa-consistorial-renovara-su-climatizacion-ahorrando-el-78-de-energia-gracias-a-la-aerotermia\/","og_site_name":"MI Ayuntamiento de Caudete","article_publisher":"https:\/\/www.facebook.com\/ayuntamientocaudete\/","article_published_time":"2021-01-13T07:18:31+00:00","article_modified_time":"2021-01-13T07:19:13+00:00","og_image":[{"width":830,"height":449,"url":"https:\/\/www.caudete.org\/ayuntamiento\/wp-content\/uploads\/2021\/01\/aerotermia.jpg","type":"image\/jpeg"}],"author":"alcalde","twitter_card":"summary_large_image","twitter_misc":{"Escrito por":"alcalde","Tiempo de lectura":"3 minutos"},"schema":{"@context":"https:\/\/schema.org","@graph":[{"@type":"Article","@id":"https:\/\/www.caudete.org\/ayuntamiento\/la-casa-consistorial-renovara-su-climatizacion-ahorrando-el-78-de-energia-gracias-a-la-aerotermia\/#article","isPartOf":{"@id":"https:\/\/www.caudete.org\/ayuntamiento\/la-casa-consistorial-renovara-su-climatizacion-ahorrando-el-78-de-energia-gracias-a-la-aerotermia\/"},"author":{"name":"alcalde","@id":"https:\/\/www.caudete.org\/ayuntamiento\/#\/schema\/person\/cc646da9133078ee4d8dd47457947253"},"headline":"La Casa Consistorial renovar\u00e1 su climatizaci\u00f3n ahorrando el 75% de energ\u00eda gracias a la AEROTERMIA","datePublished":"2021-01-13T07:18:31+00:00","dateModified":"2021-01-13T07:19:13+00:00","mainEntityOfPage":{"@id":"https:\/\/www.caudete.org\/ayuntamiento\/la-casa-consistorial-renovara-su-climatizacion-ahorrando-el-78-de-energia-gracias-a-la-aerotermia\/"},"wordCount":557,"image":{"@id":"https:\/\/www.caudete.org\/ayuntamiento\/la-casa-consistorial-renovara-su-climatizacion-ahorrando-el-78-de-energia-gracias-a-la-aerotermia\/#primaryimage"},"thumbnailUrl":"https:\/\/www.caudete.org\/ayuntamiento\/wp-content\/uploads\/2021\/01\/aerotermia.jpg","keywords":["aerotermia","casa consistorial","climatizacion","energia","feder","idae","proyecto singular"],"articleSection":["Ayuntamiento"],"inLanguage":"es"},{"@type":"WebPage","@id":"https:\/\/www.caudete.org\/ayuntamiento\/la-casa-consistorial-renovara-su-climatizacion-ahorrando-el-78-de-energia-gracias-a-la-aerotermia\/","url":"https:\/\/www.caudete.org\/ayuntamiento\/la-casa-consistorial-renovara-su-climatizacion-ahorrando-el-78-de-energia-gracias-a-la-aerotermia\/","name":"La Casa Consistorial renovar\u00e1 su climatizaci\u00f3n ahorrando el 75% de energ\u00eda gracias a la AEROTERMIA - MI Ayuntamiento de Caudete","isPartOf":{"@id":"https:\/\/www.caudete.org\/ayuntamiento\/#website"},"primaryImageOfPage":{"@id":"https:\/\/www.caudete.org\/ayuntamiento\/la-casa-consistorial-renovara-su-climatizacion-ahorrando-el-78-de-energia-gracias-a-la-aerotermia\/#primaryimage"},"image":{"@id":"https:\/\/www.caudete.org\/ayuntamiento\/la-casa-consistorial-renovara-su-climatizacion-ahorrando-el-78-de-energia-gracias-a-la-aerotermia\/#primaryimage"},"thumbnailUrl":"https:\/\/www.caudete.org\/ayuntamiento\/wp-content\/uploads\/2021\/01\/aerotermia.jpg","datePublished":"2021-01-13T07:18:31+00:00","dateModified":"2021-01-13T07:19:13+00:00","author":{"@id":"https:\/\/www.caudete.org\/ayuntamiento\/#\/schema\/person\/cc646da9133078ee4d8dd47457947253"},"description":"P\u00e1gina Oficial del Ayuntamiento de Caudete (Albacete)","breadcrumb":{"@id":"https:\/\/www.caudete.org\/ayuntamiento\/la-casa-consistorial-renovara-su-climatizacion-ahorrando-el-78-de-energia-gracias-a-la-aerotermia\/#breadcrumb"},"inLanguage":"es","potentialAction":[{"@type":"ReadAction","target":["https:\/\/www.caudete.org\/ayuntamiento\/la-casa-consistorial-renovara-su-climatizacion-ahorrando-el-78-de-energia-gracias-a-la-aerotermia\/"]}]},{"@type":"ImageObject","inLanguage":"es","@id":"https:\/\/www.caudete.org\/ayuntamiento\/la-casa-consistorial-renovara-su-climatizacion-ahorrando-el-78-de-energia-gracias-a-la-aerotermia\/#primaryimage","url":"https:\/\/www.caudete.org\/ayuntamiento\/wp-content\/uploads\/2021\/01\/aerotermia.jpg","contentUrl":"https:\/\/www.caudete.org\/ayuntamiento\/wp-content\/uploads\/2021\/01\/aerotermia.jpg","width":830,"height":449,"caption":"Aerotermia"},{"@type":"BreadcrumbList","@id":"https:\/\/www.caudete.org\/ayuntamiento\/la-casa-consistorial-renovara-su-climatizacion-ahorrando-el-78-de-energia-gracias-a-la-aerotermia\/#breadcrumb","itemListElement":[{"@type":"ListItem","position":1,"name":"Inicio","item":"https:\/\/www.caudete.org\/ayuntamiento\/"},{"@type":"ListItem","position":2,"name":"La Casa Consistorial renovar\u00e1 su climatizaci\u00f3n ahorrando el 75% de energ\u00eda gracias a la AEROTERMIA"}]},{"@type":"WebSite","@id":"https:\/\/www.caudete.org\/ayuntamiento\/#website","url":"https:\/\/www.caudete.org\/ayuntamiento\/","name":"MI Ayuntamiento de Caudete","description":"P\u00e1gina Oficial del MI Ayuntamiento de Caudete","potentialAction":[{"@type":"SearchAction","target":{"@type":"EntryPoint","urlTemplate":"https:\/\/www.caudete.org\/ayuntamiento\/?s={search_term_string}"},"query-input":{"@type":"PropertyValueSpecification","valueRequired":true,"valueName":"search_term_string"}}],"inLanguage":"es"},{"@type":"Person","@id":"https:\/\/www.caudete.org\/ayuntamiento\/#\/schema\/person\/cc646da9133078ee4d8dd47457947253","name":"alcalde","image":{"@type":"ImageObject","inLanguage":"es","@id":"https:\/\/secure.gravatar.com\/avatar\/84a817ba065b29ff08d666b215a215f5c79186a645ccb25b14a663d48a130f77?s=96&d=mm&r=g","url":"https:\/\/secure.gravatar.com\/avatar\/84a817ba065b29ff08d666b215a215f5c79186a645ccb25b14a663d48a130f77?s=96&d=mm&r=g","contentUrl":"https:\/\/secure.gravatar.com\/avatar\/84a817ba065b29ff08d666b215a215f5c79186a645ccb25b14a663d48a130f77?s=96&d=mm&r=g","caption":"alcalde"},"url":"https:\/\/www.caudete.org\/ayuntamiento\/author\/alcalde\/"}]}},"_links":{"self":[{"href":"https:\/\/www.caudete.org\/ayuntamiento\/wp-json\/wp\/v2\/posts\/11514","targetHints":{"allow":["GET"]}}],"collection":[{"href":"https:\/\/www.caudete.org\/ayuntamiento\/wp-json\/wp\/v2\/posts"}],"about":[{"href":"https:\/\/www.caudete.org\/ayuntamiento\/wp-json\/wp\/v2\/types\/post"}],"author":[{"embeddable":true,"href":"https:\/\/www.caudete.org\/ayuntamiento\/wp-json\/wp\/v2\/users\/3"}],"replies":[{"embeddable":true,"href":"https:\/\/www.caudete.org\/ayuntamiento\/wp-json\/wp\/v2\/comments?post=11514"}],"version-history":[{"count":2,"href":"https:\/\/www.caudete.org\/ayuntamiento\/wp-json\/wp\/v2\/posts\/11514\/revisions"}],"predecessor-version":[{"id":11518,"href":"https:\/\/www.caudete.org\/ayuntamiento\/wp-json\/wp\/v2\/posts\/11514\/revisions\/11518"}],"wp:featuredmedia":[{"embeddable":true,"href":"https:\/\/www.caudete.org\/ayuntamiento\/wp-json\/wp\/v2\/media\/11515"}],"wp:attachment":[{"href":"https:\/\/www.caudete.org\/ayuntamiento\/wp-json\/wp\/v2\/media?parent=11514"}],"wp:term":[{"taxonomy":"category","embeddable":true,"href":"https:\/\/www.caudete.org\/ayuntamiento\/wp-json\/wp\/v2\/categories?post=11514"},{"taxonomy":"post_tag","embeddable":true,"href":"https:\/\/www.caudete.org\/ayuntamiento\/wp-json\/wp\/v2\/tags?post=11514"}],"curies":[{"name":"wp","href":"https:\/\/api.w.org\/{rel}","templated":true}]}}