{"id":11587,"date":"2021-01-15T14:52:17","date_gmt":"2021-01-15T13:52:17","guid":{"rendered":"https:\/\/www.caudete.org\/ayuntamiento\/?p=11587"},"modified":"2021-01-15T14:53:07","modified_gmt":"2021-01-15T13:53:07","slug":"desvio-en-el-cruce-para-enlazar-con-la-a-31-direccion-almansa","status":"publish","type":"post","link":"https:\/\/www.caudete.org\/ayuntamiento\/desvio-en-el-cruce-para-enlazar-con-la-a-31-direccion-almansa\/","title":{"rendered":"Desv\u00edo en el Cruce para enlazar con la A-31 direcci\u00f3n Almansa"},"content":{"rendered":"<div id=\"primary\" class=\"content-area\">\n<div class=\"theiaStickySidebar\">\n<p>&nbsp;<\/p>\n<article id=\"post-68063\" class=\"post-68063 post type-post status-publish format-standard has-post-thumbnail hentry category-general tag-a-33 tag-carreteras tag-desvios-de-trafico\">\n<div class=\"entry-content\">\n<p style=\"text-align: justify;\">Las obras en la Autov\u00eda Valencia-Murcia est\u00e1n originando una serie de cortes temporales que afectan a sus usuarios, as\u00ed como a Caudete para la salida desde la poblaci\u00f3n por la N-344 con la A-31 en el cruce, en direcci\u00f3n Albacete \u2013 Almansa.<\/p>\n<p style=\"text-align: justify;\">En estos momentos, y durante unos d\u00edas este punto concreto est\u00e1 temporalmente cortado por obras, siendo necesario hacer un desv\u00edo extra, con un cambio de sentido en la salida del Centro Penitenciario, para dirigirse direcci\u00f3n Almansa-Albacete, informaci\u00f3n que ha querido trasladar el Concejal de Movilidad Joaqu\u00edn Pag\u00e1n a los ciudadanos de Caudete.<\/p>\n<p><img fetchpriority=\"high\" decoding=\"async\" class=\"alignnone size-medium wp-image-11588\" src=\"https:\/\/www.caudete.org\/ayuntamiento\/wp-content\/uploads\/2021\/01\/WhatsApp-Image-2021-01-14-at-20.29.52-1-300x190.jpeg\" alt=\"\" width=\"300\" height=\"190\" srcset=\"https:\/\/www.caudete.org\/ayuntamiento\/wp-content\/uploads\/2021\/01\/WhatsApp-Image-2021-01-14-at-20.29.52-1-300x190.jpeg 300w, https:\/\/www.caudete.org\/ayuntamiento\/wp-content\/uploads\/2021\/01\/WhatsApp-Image-2021-01-14-at-20.29.52-1-768x486.jpeg 768w, https:\/\/www.caudete.org\/ayuntamiento\/wp-content\/uploads\/2021\/01\/WhatsApp-Image-2021-01-14-at-20.29.52-1.jpeg 922w\" sizes=\"(max-width: 300px) 100vw, 300px\" \/> <img decoding=\"async\" class=\"alignnone size-medium wp-image-11589\" src=\"https:\/\/www.caudete.org\/ayuntamiento\/wp-content\/uploads\/2021\/01\/WhatsApp-Image-2021-01-14-at-20.29.52-2-300x198.jpeg\" alt=\"\" width=\"300\" height=\"198\" srcset=\"https:\/\/www.caudete.org\/ayuntamiento\/wp-content\/uploads\/2021\/01\/WhatsApp-Image-2021-01-14-at-20.29.52-2-300x198.jpeg 300w, https:\/\/www.caudete.org\/ayuntamiento\/wp-content\/uploads\/2021\/01\/WhatsApp-Image-2021-01-14-at-20.29.52-2-768x508.jpeg 768w, https:\/\/www.caudete.org\/ayuntamiento\/wp-content\/uploads\/2021\/01\/WhatsApp-Image-2021-01-14-at-20.29.52-2.jpeg 882w\" sizes=\"(max-width: 300px) 100vw, 300px\" \/> <img decoding=\"async\" class=\"alignnone size-medium wp-image-11590\" src=\"https:\/\/www.caudete.org\/ayuntamiento\/wp-content\/uploads\/2021\/01\/WhatsApp-Image-2021-01-14-at-20.29.52-3-300x188.jpeg\" alt=\"\" width=\"300\" height=\"188\" srcset=\"https:\/\/www.caudete.org\/ayuntamiento\/wp-content\/uploads\/2021\/01\/WhatsApp-Image-2021-01-14-at-20.29.52-3-300x188.jpeg 300w, https:\/\/www.caudete.org\/ayuntamiento\/wp-content\/uploads\/2021\/01\/WhatsApp-Image-2021-01-14-at-20.29.52-3-768x481.jpeg 768w, https:\/\/www.caudete.org\/ayuntamiento\/wp-content\/uploads\/2021\/01\/WhatsApp-Image-2021-01-14-at-20.29.52-3.jpeg 927w\" sizes=\"(max-width: 300px) 100vw, 300px\" \/> <img loading=\"lazy\" decoding=\"async\" class=\"alignnone size-medium wp-image-11591\" src=\"https:\/\/www.caudete.org\/ayuntamiento\/wp-content\/uploads\/2021\/01\/WhatsApp-Image-2021-01-14-at-20.29.52-300x198.jpeg\" alt=\"\" width=\"300\" height=\"198\" srcset=\"https:\/\/www.caudete.org\/ayuntamiento\/wp-content\/uploads\/2021\/01\/WhatsApp-Image-2021-01-14-at-20.29.52-300x198.jpeg 300w, https:\/\/www.caudete.org\/ayuntamiento\/wp-content\/uploads\/2021\/01\/WhatsApp-Image-2021-01-14-at-20.29.52-768x506.jpeg 768w, https:\/\/www.caudete.org\/ayuntamiento\/wp-content\/uploads\/2021\/01\/WhatsApp-Image-2021-01-14-at-20.29.52.jpeg 883w\" sizes=\"(max-width: 300px) 100vw, 300px\" \/><\/p>\n<\/div>\n<\/article>\n<nav class=\"navigation post-navigation\" role=\"navigation\" aria-label=\"Entradas\"><\/nav>\n<div id=\"comments\" class=\"comments-area\"><\/div>\n<p>&nbsp;<\/p>\n<\/div>\n<\/div>\n","protected":false},"excerpt":{"rendered":"<p>&nbsp; Las obras en la Autov\u00eda Valencia-Murcia est\u00e1n originando una serie de cortes temporales que afectan a sus usuarios, as\u00ed como a Caudete para la salida desde la poblaci\u00f3n por la N-344 con la A-31 en el cruce, en direcci\u00f3n Albacete \u2013 Almansa. En estos momentos, y durante unos d\u00edas este punto concreto est\u00e1 temporalmente &hellip;<\/p>\n","protected":false},"author":3,"featured_media":11588,"comment_status":"closed","ping_status":"open","sticky":false,"template":"","format":"standard","meta":{"ngg_post_thumbnail":0,"footnotes":""},"categories":[46],"tags":[250,251,249,254,252,178,253],"class_list":["post-11587","post","type-post","status-publish","format-standard","has-post-thumbnail","hentry","category-movilidad-urbana","tag-a31","tag-a33","tag-cruce","tag-desvio","tag-n344","tag-obras","tag-obras-autovia"],"yoast_head":"<!-- This site is optimized with the Yoast SEO plugin v27.5 - https:\/\/yoast.com\/product\/yoast-seo-wordpress\/ -->\n<title>Desv\u00edo en el Cruce para enlazar con la A-31 direcci\u00f3n Almansa - MI Ayuntamiento de Caudete<\/title>\n<meta name=\"description\" content=\"P\u00e1gina Oficial del Ayuntamiento de Caudete (Albacete)\" \/>\n<meta name=\"robots\" content=\"index, follow, max-snippet:-1, max-image-preview:large, max-video-preview:-1\" \/>\n<link rel=\"canonical\" href=\"https:\/\/www.caudete.org\/ayuntamiento\/desvio-en-el-cruce-para-enlazar-con-la-a-31-direccion-almansa\/\" \/>\n<meta property=\"og:locale\" content=\"es_ES\" \/>\n<meta property=\"og:type\" content=\"article\" \/>\n<meta property=\"og:title\" content=\"Desv\u00edo en el Cruce para enlazar con la A-31 direcci\u00f3n Almansa - MI Ayuntamiento de Caudete\" \/>\n<meta property=\"og:description\" content=\"P\u00e1gina Oficial del Ayuntamiento de Caudete (Albacete)\" \/>\n<meta property=\"og:url\" content=\"https:\/\/www.caudete.org\/ayuntamiento\/desvio-en-el-cruce-para-enlazar-con-la-a-31-direccion-almansa\/\" \/>\n<meta property=\"og:site_name\" content=\"MI Ayuntamiento de Caudete\" \/>\n<meta property=\"article:publisher\" content=\"https:\/\/www.facebook.com\/ayuntamientocaudete\/\" \/>\n<meta property=\"article:published_time\" content=\"2021-01-15T13:52:17+00:00\" \/>\n<meta property=\"article:modified_time\" content=\"2021-01-15T13:53:07+00:00\" \/>\n<meta property=\"og:image\" content=\"https:\/\/www.caudete.org\/ayuntamiento\/wp-content\/uploads\/2021\/01\/WhatsApp-Image-2021-01-14-at-20.29.52-1.jpeg\" \/>\n\t<meta property=\"og:image:width\" content=\"922\" \/>\n\t<meta property=\"og:image:height\" content=\"583\" \/>\n\t<meta property=\"og:image:type\" content=\"image\/jpeg\" \/>\n<meta name=\"author\" content=\"alcalde\" \/>\n<meta name=\"twitter:card\" content=\"summary_large_image\" \/>\n<meta name=\"twitter:label1\" content=\"Escrito por\" \/>\n\t<meta name=\"twitter:data1\" content=\"alcalde\" \/>\n\t<meta name=\"twitter:label2\" content=\"Tiempo de lectura\" \/>\n\t<meta name=\"twitter:data2\" content=\"2 minutos\" \/>\n<script type=\"application\/ld+json\" class=\"yoast-schema-graph\">{\"@context\":\"https:\\\/\\\/schema.org\",\"@graph\":[{\"@type\":\"Article\",\"@id\":\"https:\\\/\\\/www.caudete.org\\\/ayuntamiento\\\/desvio-en-el-cruce-para-enlazar-con-la-a-31-direccion-almansa\\\/#article\",\"isPartOf\":{\"@id\":\"https:\\\/\\\/www.caudete.org\\\/ayuntamiento\\\/desvio-en-el-cruce-para-enlazar-con-la-a-31-direccion-almansa\\\/\"},\"author\":{\"name\":\"alcalde\",\"@id\":\"https:\\\/\\\/www.caudete.org\\\/ayuntamiento\\\/#\\\/schema\\\/person\\\/cc646da9133078ee4d8dd47457947253\"},\"headline\":\"Desv\u00edo en el Cruce para enlazar con la A-31 direcci\u00f3n Almansa\",\"datePublished\":\"2021-01-15T13:52:17+00:00\",\"dateModified\":\"2021-01-15T13:53:07+00:00\",\"mainEntityOfPage\":{\"@id\":\"https:\\\/\\\/www.caudete.org\\\/ayuntamiento\\\/desvio-en-el-cruce-para-enlazar-con-la-a-31-direccion-almansa\\\/\"},\"wordCount\":118,\"image\":{\"@id\":\"https:\\\/\\\/www.caudete.org\\\/ayuntamiento\\\/desvio-en-el-cruce-para-enlazar-con-la-a-31-direccion-almansa\\\/#primaryimage\"},\"thumbnailUrl\":\"https:\\\/\\\/www.caudete.org\\\/ayuntamiento\\\/wp-content\\\/uploads\\\/2021\\\/01\\\/WhatsApp-Image-2021-01-14-at-20.29.52-1.jpeg\",\"keywords\":[\"a31\",\"a33\",\"cruce\",\"desvio\",\"n344\",\"Obras\",\"obras autovia\"],\"articleSection\":[\"Movilidad Urbana\"],\"inLanguage\":\"es\"},{\"@type\":\"WebPage\",\"@id\":\"https:\\\/\\\/www.caudete.org\\\/ayuntamiento\\\/desvio-en-el-cruce-para-enlazar-con-la-a-31-direccion-almansa\\\/\",\"url\":\"https:\\\/\\\/www.caudete.org\\\/ayuntamiento\\\/desvio-en-el-cruce-para-enlazar-con-la-a-31-direccion-almansa\\\/\",\"name\":\"Desv\u00edo en el Cruce para enlazar con la A-31 direcci\u00f3n Almansa - MI Ayuntamiento de Caudete\",\"isPartOf\":{\"@id\":\"https:\\\/\\\/www.caudete.org\\\/ayuntamiento\\\/#website\"},\"primaryImageOfPage\":{\"@id\":\"https:\\\/\\\/www.caudete.org\\\/ayuntamiento\\\/desvio-en-el-cruce-para-enlazar-con-la-a-31-direccion-almansa\\\/#primaryimage\"},\"image\":{\"@id\":\"https:\\\/\\\/www.caudete.org\\\/ayuntamiento\\\/desvio-en-el-cruce-para-enlazar-con-la-a-31-direccion-almansa\\\/#primaryimage\"},\"thumbnailUrl\":\"https:\\\/\\\/www.caudete.org\\\/ayuntamiento\\\/wp-content\\\/uploads\\\/2021\\\/01\\\/WhatsApp-Image-2021-01-14-at-20.29.52-1.jpeg\",\"datePublished\":\"2021-01-15T13:52:17+00:00\",\"dateModified\":\"2021-01-15T13:53:07+00:00\",\"author\":{\"@id\":\"https:\\\/\\\/www.caudete.org\\\/ayuntamiento\\\/#\\\/schema\\\/person\\\/cc646da9133078ee4d8dd47457947253\"},\"description\":\"P\u00e1gina Oficial del Ayuntamiento de Caudete (Albacete)\",\"breadcrumb\":{\"@id\":\"https:\\\/\\\/www.caudete.org\\\/ayuntamiento\\\/desvio-en-el-cruce-para-enlazar-con-la-a-31-direccion-almansa\\\/#breadcrumb\"},\"inLanguage\":\"es\",\"potentialAction\":[{\"@type\":\"ReadAction\",\"target\":[\"https:\\\/\\\/www.caudete.org\\\/ayuntamiento\\\/desvio-en-el-cruce-para-enlazar-con-la-a-31-direccion-almansa\\\/\"]}]},{\"@type\":\"ImageObject\",\"inLanguage\":\"es\",\"@id\":\"https:\\\/\\\/www.caudete.org\\\/ayuntamiento\\\/desvio-en-el-cruce-para-enlazar-con-la-a-31-direccion-almansa\\\/#primaryimage\",\"url\":\"https:\\\/\\\/www.caudete.org\\\/ayuntamiento\\\/wp-content\\\/uploads\\\/2021\\\/01\\\/WhatsApp-Image-2021-01-14-at-20.29.52-1.jpeg\",\"contentUrl\":\"https:\\\/\\\/www.caudete.org\\\/ayuntamiento\\\/wp-content\\\/uploads\\\/2021\\\/01\\\/WhatsApp-Image-2021-01-14-at-20.29.52-1.jpeg\",\"width\":922,\"height\":583},{\"@type\":\"BreadcrumbList\",\"@id\":\"https:\\\/\\\/www.caudete.org\\\/ayuntamiento\\\/desvio-en-el-cruce-para-enlazar-con-la-a-31-direccion-almansa\\\/#breadcrumb\",\"itemListElement\":[{\"@type\":\"ListItem\",\"position\":1,\"name\":\"Inicio\",\"item\":\"https:\\\/\\\/www.caudete.org\\\/ayuntamiento\\\/\"},{\"@type\":\"ListItem\",\"position\":2,\"name\":\"Desv\u00edo en el Cruce para enlazar con la A-31 direcci\u00f3n Almansa\"}]},{\"@type\":\"WebSite\",\"@id\":\"https:\\\/\\\/www.caudete.org\\\/ayuntamiento\\\/#website\",\"url\":\"https:\\\/\\\/www.caudete.org\\\/ayuntamiento\\\/\",\"name\":\"MI Ayuntamiento de Caudete\",\"description\":\"P\u00e1gina Oficial del MI Ayuntamiento de Caudete\",\"potentialAction\":[{\"@type\":\"SearchAction\",\"target\":{\"@type\":\"EntryPoint\",\"urlTemplate\":\"https:\\\/\\\/www.caudete.org\\\/ayuntamiento\\\/?s={search_term_string}\"},\"query-input\":{\"@type\":\"PropertyValueSpecification\",\"valueRequired\":true,\"valueName\":\"search_term_string\"}}],\"inLanguage\":\"es\"},{\"@type\":\"Person\",\"@id\":\"https:\\\/\\\/www.caudete.org\\\/ayuntamiento\\\/#\\\/schema\\\/person\\\/cc646da9133078ee4d8dd47457947253\",\"name\":\"alcalde\",\"image\":{\"@type\":\"ImageObject\",\"inLanguage\":\"es\",\"@id\":\"https:\\\/\\\/secure.gravatar.com\\\/avatar\\\/84a817ba065b29ff08d666b215a215f5c79186a645ccb25b14a663d48a130f77?s=96&d=mm&r=g\",\"url\":\"https:\\\/\\\/secure.gravatar.com\\\/avatar\\\/84a817ba065b29ff08d666b215a215f5c79186a645ccb25b14a663d48a130f77?s=96&d=mm&r=g\",\"contentUrl\":\"https:\\\/\\\/secure.gravatar.com\\\/avatar\\\/84a817ba065b29ff08d666b215a215f5c79186a645ccb25b14a663d48a130f77?s=96&d=mm&r=g\",\"caption\":\"alcalde\"},\"url\":\"https:\\\/\\\/www.caudete.org\\\/ayuntamiento\\\/author\\\/alcalde\\\/\"}]}<\/script>\n<!-- \/ Yoast SEO plugin. -->","yoast_head_json":{"title":"Desv\u00edo en el Cruce para enlazar con la A-31 direcci\u00f3n Almansa - MI Ayuntamiento de Caudete","description":"P\u00e1gina Oficial del Ayuntamiento de Caudete (Albacete)","robots":{"index":"index","follow":"follow","max-snippet":"max-snippet:-1","max-image-preview":"max-image-preview:large","max-video-preview":"max-video-preview:-1"},"canonical":"https:\/\/www.caudete.org\/ayuntamiento\/desvio-en-el-cruce-para-enlazar-con-la-a-31-direccion-almansa\/","og_locale":"es_ES","og_type":"article","og_title":"Desv\u00edo en el Cruce para enlazar con la A-31 direcci\u00f3n Almansa - MI Ayuntamiento de Caudete","og_description":"P\u00e1gina Oficial del Ayuntamiento de Caudete (Albacete)","og_url":"https:\/\/www.caudete.org\/ayuntamiento\/desvio-en-el-cruce-para-enlazar-con-la-a-31-direccion-almansa\/","og_site_name":"MI Ayuntamiento de Caudete","article_publisher":"https:\/\/www.facebook.com\/ayuntamientocaudete\/","article_published_time":"2021-01-15T13:52:17+00:00","article_modified_time":"2021-01-15T13:53:07+00:00","og_image":[{"width":922,"height":583,"url":"https:\/\/www.caudete.org\/ayuntamiento\/wp-content\/uploads\/2021\/01\/WhatsApp-Image-2021-01-14-at-20.29.52-1.jpeg","type":"image\/jpeg"}],"author":"alcalde","twitter_card":"summary_large_image","twitter_misc":{"Escrito por":"alcalde","Tiempo de lectura":"2 minutos"},"schema":{"@context":"https:\/\/schema.org","@graph":[{"@type":"Article","@id":"https:\/\/www.caudete.org\/ayuntamiento\/desvio-en-el-cruce-para-enlazar-con-la-a-31-direccion-almansa\/#article","isPartOf":{"@id":"https:\/\/www.caudete.org\/ayuntamiento\/desvio-en-el-cruce-para-enlazar-con-la-a-31-direccion-almansa\/"},"author":{"name":"alcalde","@id":"https:\/\/www.caudete.org\/ayuntamiento\/#\/schema\/person\/cc646da9133078ee4d8dd47457947253"},"headline":"Desv\u00edo en el Cruce para enlazar con la A-31 direcci\u00f3n Almansa","datePublished":"2021-01-15T13:52:17+00:00","dateModified":"2021-01-15T13:53:07+00:00","mainEntityOfPage":{"@id":"https:\/\/www.caudete.org\/ayuntamiento\/desvio-en-el-cruce-para-enlazar-con-la-a-31-direccion-almansa\/"},"wordCount":118,"image":{"@id":"https:\/\/www.caudete.org\/ayuntamiento\/desvio-en-el-cruce-para-enlazar-con-la-a-31-direccion-almansa\/#primaryimage"},"thumbnailUrl":"https:\/\/www.caudete.org\/ayuntamiento\/wp-content\/uploads\/2021\/01\/WhatsApp-Image-2021-01-14-at-20.29.52-1.jpeg","keywords":["a31","a33","cruce","desvio","n344","Obras","obras autovia"],"articleSection":["Movilidad Urbana"],"inLanguage":"es"},{"@type":"WebPage","@id":"https:\/\/www.caudete.org\/ayuntamiento\/desvio-en-el-cruce-para-enlazar-con-la-a-31-direccion-almansa\/","url":"https:\/\/www.caudete.org\/ayuntamiento\/desvio-en-el-cruce-para-enlazar-con-la-a-31-direccion-almansa\/","name":"Desv\u00edo en el Cruce para enlazar con la A-31 direcci\u00f3n Almansa - MI Ayuntamiento de Caudete","isPartOf":{"@id":"https:\/\/www.caudete.org\/ayuntamiento\/#website"},"primaryImageOfPage":{"@id":"https:\/\/www.caudete.org\/ayuntamiento\/desvio-en-el-cruce-para-enlazar-con-la-a-31-direccion-almansa\/#primaryimage"},"image":{"@id":"https:\/\/www.caudete.org\/ayuntamiento\/desvio-en-el-cruce-para-enlazar-con-la-a-31-direccion-almansa\/#primaryimage"},"thumbnailUrl":"https:\/\/www.caudete.org\/ayuntamiento\/wp-content\/uploads\/2021\/01\/WhatsApp-Image-2021-01-14-at-20.29.52-1.jpeg","datePublished":"2021-01-15T13:52:17+00:00","dateModified":"2021-01-15T13:53:07+00:00","author":{"@id":"https:\/\/www.caudete.org\/ayuntamiento\/#\/schema\/person\/cc646da9133078ee4d8dd47457947253"},"description":"P\u00e1gina Oficial del Ayuntamiento de Caudete (Albacete)","breadcrumb":{"@id":"https:\/\/www.caudete.org\/ayuntamiento\/desvio-en-el-cruce-para-enlazar-con-la-a-31-direccion-almansa\/#breadcrumb"},"inLanguage":"es","potentialAction":[{"@type":"ReadAction","target":["https:\/\/www.caudete.org\/ayuntamiento\/desvio-en-el-cruce-para-enlazar-con-la-a-31-direccion-almansa\/"]}]},{"@type":"ImageObject","inLanguage":"es","@id":"https:\/\/www.caudete.org\/ayuntamiento\/desvio-en-el-cruce-para-enlazar-con-la-a-31-direccion-almansa\/#primaryimage","url":"https:\/\/www.caudete.org\/ayuntamiento\/wp-content\/uploads\/2021\/01\/WhatsApp-Image-2021-01-14-at-20.29.52-1.jpeg","contentUrl":"https:\/\/www.caudete.org\/ayuntamiento\/wp-content\/uploads\/2021\/01\/WhatsApp-Image-2021-01-14-at-20.29.52-1.jpeg","width":922,"height":583},{"@type":"BreadcrumbList","@id":"https:\/\/www.caudete.org\/ayuntamiento\/desvio-en-el-cruce-para-enlazar-con-la-a-31-direccion-almansa\/#breadcrumb","itemListElement":[{"@type":"ListItem","position":1,"name":"Inicio","item":"https:\/\/www.caudete.org\/ayuntamiento\/"},{"@type":"ListItem","position":2,"name":"Desv\u00edo en el Cruce para enlazar con la A-31 direcci\u00f3n Almansa"}]},{"@type":"WebSite","@id":"https:\/\/www.caudete.org\/ayuntamiento\/#website","url":"https:\/\/www.caudete.org\/ayuntamiento\/","name":"MI Ayuntamiento de Caudete","description":"P\u00e1gina Oficial del MI Ayuntamiento de Caudete","potentialAction":[{"@type":"SearchAction","target":{"@type":"EntryPoint","urlTemplate":"https:\/\/www.caudete.org\/ayuntamiento\/?s={search_term_string}"},"query-input":{"@type":"PropertyValueSpecification","valueRequired":true,"valueName":"search_term_string"}}],"inLanguage":"es"},{"@type":"Person","@id":"https:\/\/www.caudete.org\/ayuntamiento\/#\/schema\/person\/cc646da9133078ee4d8dd47457947253","name":"alcalde","image":{"@type":"ImageObject","inLanguage":"es","@id":"https:\/\/secure.gravatar.com\/avatar\/84a817ba065b29ff08d666b215a215f5c79186a645ccb25b14a663d48a130f77?s=96&d=mm&r=g","url":"https:\/\/secure.gravatar.com\/avatar\/84a817ba065b29ff08d666b215a215f5c79186a645ccb25b14a663d48a130f77?s=96&d=mm&r=g","contentUrl":"https:\/\/secure.gravatar.com\/avatar\/84a817ba065b29ff08d666b215a215f5c79186a645ccb25b14a663d48a130f77?s=96&d=mm&r=g","caption":"alcalde"},"url":"https:\/\/www.caudete.org\/ayuntamiento\/author\/alcalde\/"}]}},"_links":{"self":[{"href":"https:\/\/www.caudete.org\/ayuntamiento\/wp-json\/wp\/v2\/posts\/11587","targetHints":{"allow":["GET"]}}],"collection":[{"href":"https:\/\/www.caudete.org\/ayuntamiento\/wp-json\/wp\/v2\/posts"}],"about":[{"href":"https:\/\/www.caudete.org\/ayuntamiento\/wp-json\/wp\/v2\/types\/post"}],"author":[{"embeddable":true,"href":"https:\/\/www.caudete.org\/ayuntamiento\/wp-json\/wp\/v2\/users\/3"}],"replies":[{"embeddable":true,"href":"https:\/\/www.caudete.org\/ayuntamiento\/wp-json\/wp\/v2\/comments?post=11587"}],"version-history":[{"count":2,"href":"https:\/\/www.caudete.org\/ayuntamiento\/wp-json\/wp\/v2\/posts\/11587\/revisions"}],"predecessor-version":[{"id":11593,"href":"https:\/\/www.caudete.org\/ayuntamiento\/wp-json\/wp\/v2\/posts\/11587\/revisions\/11593"}],"wp:featuredmedia":[{"embeddable":true,"href":"https:\/\/www.caudete.org\/ayuntamiento\/wp-json\/wp\/v2\/media\/11588"}],"wp:attachment":[{"href":"https:\/\/www.caudete.org\/ayuntamiento\/wp-json\/wp\/v2\/media?parent=11587"}],"wp:term":[{"taxonomy":"category","embeddable":true,"href":"https:\/\/www.caudete.org\/ayuntamiento\/wp-json\/wp\/v2\/categories?post=11587"},{"taxonomy":"post_tag","embeddable":true,"href":"https:\/\/www.caudete.org\/ayuntamiento\/wp-json\/wp\/v2\/tags?post=11587"}],"curies":[{"name":"wp","href":"https:\/\/api.w.org\/{rel}","templated":true}]}}