{"id":11612,"date":"2021-01-17T08:18:40","date_gmt":"2021-01-17T07:18:40","guid":{"rendered":"https:\/\/www.caudete.org\/ayuntamiento\/?p=11612"},"modified":"2021-01-17T08:18:40","modified_gmt":"2021-01-17T07:18:40","slug":"la-festividad-de-san-anton-sera-retransmitida-hoy-por-la-tv-local","status":"publish","type":"post","link":"https:\/\/www.caudete.org\/ayuntamiento\/la-festividad-de-san-anton-sera-retransmitida-hoy-por-la-tv-local\/","title":{"rendered":"La Festividad de San Ant\u00f3n ser\u00e1 retransmitida hoy por la TV local"},"content":{"rendered":"<p style=\"text-align: justify;\">Hoy es el d\u00eda de la Festividad de San Antonio Abad, y como ya dio a conocer la Cofrad\u00eda y la Concejal\u00eda de Fiestas, este a\u00f1o, debido a la situaci\u00f3n sanitaria, los actos han quedado reducidos a los propiamente lit\u00fargicos o religiosos.<\/p>\n<p style=\"text-align: justify;\">De esta forma, hoy finaliza el \u00faltimo d\u00eda de Novena al Santo, que se ha venido realizando en la Iglesia de San Francisco, con la imagen de San Ant\u00f3n, que este a\u00f1o no ha tenido procesi\u00f3n.<\/p>\n<p style=\"text-align: justify;\">Y ser\u00e1 hoy, a las 11.00h cuando se celebre la Misa en su Honor, celebraci\u00f3n que va a poder ser seguida por los caudetanos que lo deseen gracias a la colaboraci\u00f3n de Alma Telecom, quien emitir\u00e1 en directo la misma a partir de las 10.45h, por medio de los siguientes: Canalimagen, TV Caudete en alta definici\u00f3n, y APP+Media para los abonados a la fibra.<\/p>\n<p style=\"text-align: justify;\">Recordamos igualmente que la Bendici\u00f3n y Procesi\u00f3n con los Animales ha sido suspendida, mientras que la venta de los tradicionales &#8220;rollicos&#8221; se har\u00e1 desde las panader\u00edas locales &#8220;Dulces Albertos&#8221;, &#8220;Panader\u00eda Any&#8221; y &#8220;Any Degust&#8221;<\/p>\n","protected":false},"excerpt":{"rendered":"<p>Hoy es el d\u00eda de la Festividad de San Antonio Abad, y como ya dio a conocer la Cofrad\u00eda y la Concejal\u00eda de Fiestas, este a\u00f1o, debido a la situaci\u00f3n sanitaria, los actos han quedado reducidos a los propiamente lit\u00fargicos o religiosos. De esta forma, hoy finaliza el \u00faltimo d\u00eda de Novena al Santo, que &hellip;<\/p>\n","protected":false},"author":3,"featured_media":11613,"comment_status":"closed","ping_status":"open","sticky":false,"template":"","format":"standard","meta":{"ngg_post_thumbnail":0,"footnotes":""},"categories":[31],"tags":[226,224,225],"class_list":["post-11612","post","type-post","status-publish","format-standard","has-post-thumbnail","hentry","category-fiestas","tag-fiestas-populares","tag-san-anton","tag-san-antonio-abad"],"yoast_head":"<!-- This site is optimized with the Yoast SEO plugin v27.5 - https:\/\/yoast.com\/product\/yoast-seo-wordpress\/ -->\n<title>La Festividad de San Ant\u00f3n ser\u00e1 retransmitida hoy por la TV local - MI Ayuntamiento de Caudete<\/title>\n<meta name=\"description\" content=\"P\u00e1gina Oficial del Ayuntamiento de Caudete (Albacete)\" \/>\n<meta name=\"robots\" content=\"index, follow, max-snippet:-1, max-image-preview:large, max-video-preview:-1\" \/>\n<link rel=\"canonical\" href=\"https:\/\/www.caudete.org\/ayuntamiento\/la-festividad-de-san-anton-sera-retransmitida-hoy-por-la-tv-local\/\" \/>\n<meta property=\"og:locale\" content=\"es_ES\" \/>\n<meta property=\"og:type\" content=\"article\" \/>\n<meta property=\"og:title\" content=\"La Festividad de San Ant\u00f3n ser\u00e1 retransmitida hoy por la TV local - MI Ayuntamiento de Caudete\" \/>\n<meta property=\"og:description\" content=\"P\u00e1gina Oficial del Ayuntamiento de Caudete (Albacete)\" \/>\n<meta property=\"og:url\" content=\"https:\/\/www.caudete.org\/ayuntamiento\/la-festividad-de-san-anton-sera-retransmitida-hoy-por-la-tv-local\/\" \/>\n<meta property=\"og:site_name\" content=\"MI Ayuntamiento de Caudete\" \/>\n<meta property=\"article:publisher\" content=\"https:\/\/www.facebook.com\/ayuntamientocaudete\/\" \/>\n<meta property=\"article:published_time\" content=\"2021-01-17T07:18:40+00:00\" \/>\n<meta property=\"og:image\" content=\"https:\/\/www.caudete.org\/ayuntamiento\/wp-content\/uploads\/2021\/01\/san_anton_caudete.jpg\" \/>\n\t<meta property=\"og:image:width\" content=\"375\" \/>\n\t<meta property=\"og:image:height\" content=\"250\" \/>\n\t<meta property=\"og:image:type\" content=\"image\/jpeg\" \/>\n<meta name=\"author\" content=\"alcalde\" \/>\n<meta name=\"twitter:card\" content=\"summary_large_image\" \/>\n<meta name=\"twitter:label1\" content=\"Escrito por\" \/>\n\t<meta name=\"twitter:data1\" content=\"alcalde\" \/>\n\t<meta name=\"twitter:label2\" content=\"Tiempo de lectura\" \/>\n\t<meta name=\"twitter:data2\" content=\"1 minuto\" \/>\n<script type=\"application\/ld+json\" class=\"yoast-schema-graph\">{\"@context\":\"https:\\\/\\\/schema.org\",\"@graph\":[{\"@type\":\"Article\",\"@id\":\"https:\\\/\\\/www.caudete.org\\\/ayuntamiento\\\/la-festividad-de-san-anton-sera-retransmitida-hoy-por-la-tv-local\\\/#article\",\"isPartOf\":{\"@id\":\"https:\\\/\\\/www.caudete.org\\\/ayuntamiento\\\/la-festividad-de-san-anton-sera-retransmitida-hoy-por-la-tv-local\\\/\"},\"author\":{\"name\":\"alcalde\",\"@id\":\"https:\\\/\\\/www.caudete.org\\\/ayuntamiento\\\/#\\\/schema\\\/person\\\/cc646da9133078ee4d8dd47457947253\"},\"headline\":\"La Festividad de San Ant\u00f3n ser\u00e1 retransmitida hoy por la TV local\",\"datePublished\":\"2021-01-17T07:18:40+00:00\",\"mainEntityOfPage\":{\"@id\":\"https:\\\/\\\/www.caudete.org\\\/ayuntamiento\\\/la-festividad-de-san-anton-sera-retransmitida-hoy-por-la-tv-local\\\/\"},\"wordCount\":207,\"image\":{\"@id\":\"https:\\\/\\\/www.caudete.org\\\/ayuntamiento\\\/la-festividad-de-san-anton-sera-retransmitida-hoy-por-la-tv-local\\\/#primaryimage\"},\"thumbnailUrl\":\"https:\\\/\\\/www.caudete.org\\\/ayuntamiento\\\/wp-content\\\/uploads\\\/2021\\\/01\\\/san_anton_caudete.jpg\",\"keywords\":[\"fiestas populares\",\"san anton\",\"san antonio abad\"],\"articleSection\":[\"Fiestas\"],\"inLanguage\":\"es\"},{\"@type\":\"WebPage\",\"@id\":\"https:\\\/\\\/www.caudete.org\\\/ayuntamiento\\\/la-festividad-de-san-anton-sera-retransmitida-hoy-por-la-tv-local\\\/\",\"url\":\"https:\\\/\\\/www.caudete.org\\\/ayuntamiento\\\/la-festividad-de-san-anton-sera-retransmitida-hoy-por-la-tv-local\\\/\",\"name\":\"La Festividad de San Ant\u00f3n ser\u00e1 retransmitida hoy por la TV local - MI Ayuntamiento de Caudete\",\"isPartOf\":{\"@id\":\"https:\\\/\\\/www.caudete.org\\\/ayuntamiento\\\/#website\"},\"primaryImageOfPage\":{\"@id\":\"https:\\\/\\\/www.caudete.org\\\/ayuntamiento\\\/la-festividad-de-san-anton-sera-retransmitida-hoy-por-la-tv-local\\\/#primaryimage\"},\"image\":{\"@id\":\"https:\\\/\\\/www.caudete.org\\\/ayuntamiento\\\/la-festividad-de-san-anton-sera-retransmitida-hoy-por-la-tv-local\\\/#primaryimage\"},\"thumbnailUrl\":\"https:\\\/\\\/www.caudete.org\\\/ayuntamiento\\\/wp-content\\\/uploads\\\/2021\\\/01\\\/san_anton_caudete.jpg\",\"datePublished\":\"2021-01-17T07:18:40+00:00\",\"author\":{\"@id\":\"https:\\\/\\\/www.caudete.org\\\/ayuntamiento\\\/#\\\/schema\\\/person\\\/cc646da9133078ee4d8dd47457947253\"},\"description\":\"P\u00e1gina Oficial del Ayuntamiento de Caudete (Albacete)\",\"breadcrumb\":{\"@id\":\"https:\\\/\\\/www.caudete.org\\\/ayuntamiento\\\/la-festividad-de-san-anton-sera-retransmitida-hoy-por-la-tv-local\\\/#breadcrumb\"},\"inLanguage\":\"es\",\"potentialAction\":[{\"@type\":\"ReadAction\",\"target\":[\"https:\\\/\\\/www.caudete.org\\\/ayuntamiento\\\/la-festividad-de-san-anton-sera-retransmitida-hoy-por-la-tv-local\\\/\"]}]},{\"@type\":\"ImageObject\",\"inLanguage\":\"es\",\"@id\":\"https:\\\/\\\/www.caudete.org\\\/ayuntamiento\\\/la-festividad-de-san-anton-sera-retransmitida-hoy-por-la-tv-local\\\/#primaryimage\",\"url\":\"https:\\\/\\\/www.caudete.org\\\/ayuntamiento\\\/wp-content\\\/uploads\\\/2021\\\/01\\\/san_anton_caudete.jpg\",\"contentUrl\":\"https:\\\/\\\/www.caudete.org\\\/ayuntamiento\\\/wp-content\\\/uploads\\\/2021\\\/01\\\/san_anton_caudete.jpg\",\"width\":375,\"height\":250},{\"@type\":\"BreadcrumbList\",\"@id\":\"https:\\\/\\\/www.caudete.org\\\/ayuntamiento\\\/la-festividad-de-san-anton-sera-retransmitida-hoy-por-la-tv-local\\\/#breadcrumb\",\"itemListElement\":[{\"@type\":\"ListItem\",\"position\":1,\"name\":\"Inicio\",\"item\":\"https:\\\/\\\/www.caudete.org\\\/ayuntamiento\\\/\"},{\"@type\":\"ListItem\",\"position\":2,\"name\":\"La Festividad de San Ant\u00f3n ser\u00e1 retransmitida hoy por la TV local\"}]},{\"@type\":\"WebSite\",\"@id\":\"https:\\\/\\\/www.caudete.org\\\/ayuntamiento\\\/#website\",\"url\":\"https:\\\/\\\/www.caudete.org\\\/ayuntamiento\\\/\",\"name\":\"MI Ayuntamiento de Caudete\",\"description\":\"P\u00e1gina Oficial del MI Ayuntamiento de Caudete\",\"potentialAction\":[{\"@type\":\"SearchAction\",\"target\":{\"@type\":\"EntryPoint\",\"urlTemplate\":\"https:\\\/\\\/www.caudete.org\\\/ayuntamiento\\\/?s={search_term_string}\"},\"query-input\":{\"@type\":\"PropertyValueSpecification\",\"valueRequired\":true,\"valueName\":\"search_term_string\"}}],\"inLanguage\":\"es\"},{\"@type\":\"Person\",\"@id\":\"https:\\\/\\\/www.caudete.org\\\/ayuntamiento\\\/#\\\/schema\\\/person\\\/cc646da9133078ee4d8dd47457947253\",\"name\":\"alcalde\",\"image\":{\"@type\":\"ImageObject\",\"inLanguage\":\"es\",\"@id\":\"https:\\\/\\\/secure.gravatar.com\\\/avatar\\\/84a817ba065b29ff08d666b215a215f5c79186a645ccb25b14a663d48a130f77?s=96&d=mm&r=g\",\"url\":\"https:\\\/\\\/secure.gravatar.com\\\/avatar\\\/84a817ba065b29ff08d666b215a215f5c79186a645ccb25b14a663d48a130f77?s=96&d=mm&r=g\",\"contentUrl\":\"https:\\\/\\\/secure.gravatar.com\\\/avatar\\\/84a817ba065b29ff08d666b215a215f5c79186a645ccb25b14a663d48a130f77?s=96&d=mm&r=g\",\"caption\":\"alcalde\"},\"url\":\"https:\\\/\\\/www.caudete.org\\\/ayuntamiento\\\/author\\\/alcalde\\\/\"}]}<\/script>\n<!-- \/ Yoast SEO plugin. -->","yoast_head_json":{"title":"La Festividad de San Ant\u00f3n ser\u00e1 retransmitida hoy por la TV local - MI Ayuntamiento de Caudete","description":"P\u00e1gina Oficial del Ayuntamiento de Caudete (Albacete)","robots":{"index":"index","follow":"follow","max-snippet":"max-snippet:-1","max-image-preview":"max-image-preview:large","max-video-preview":"max-video-preview:-1"},"canonical":"https:\/\/www.caudete.org\/ayuntamiento\/la-festividad-de-san-anton-sera-retransmitida-hoy-por-la-tv-local\/","og_locale":"es_ES","og_type":"article","og_title":"La Festividad de San Ant\u00f3n ser\u00e1 retransmitida hoy por la TV local - MI Ayuntamiento de Caudete","og_description":"P\u00e1gina Oficial del Ayuntamiento de Caudete (Albacete)","og_url":"https:\/\/www.caudete.org\/ayuntamiento\/la-festividad-de-san-anton-sera-retransmitida-hoy-por-la-tv-local\/","og_site_name":"MI Ayuntamiento de Caudete","article_publisher":"https:\/\/www.facebook.com\/ayuntamientocaudete\/","article_published_time":"2021-01-17T07:18:40+00:00","og_image":[{"width":375,"height":250,"url":"https:\/\/www.caudete.org\/ayuntamiento\/wp-content\/uploads\/2021\/01\/san_anton_caudete.jpg","type":"image\/jpeg"}],"author":"alcalde","twitter_card":"summary_large_image","twitter_misc":{"Escrito por":"alcalde","Tiempo de lectura":"1 minuto"},"schema":{"@context":"https:\/\/schema.org","@graph":[{"@type":"Article","@id":"https:\/\/www.caudete.org\/ayuntamiento\/la-festividad-de-san-anton-sera-retransmitida-hoy-por-la-tv-local\/#article","isPartOf":{"@id":"https:\/\/www.caudete.org\/ayuntamiento\/la-festividad-de-san-anton-sera-retransmitida-hoy-por-la-tv-local\/"},"author":{"name":"alcalde","@id":"https:\/\/www.caudete.org\/ayuntamiento\/#\/schema\/person\/cc646da9133078ee4d8dd47457947253"},"headline":"La Festividad de San Ant\u00f3n ser\u00e1 retransmitida hoy por la TV local","datePublished":"2021-01-17T07:18:40+00:00","mainEntityOfPage":{"@id":"https:\/\/www.caudete.org\/ayuntamiento\/la-festividad-de-san-anton-sera-retransmitida-hoy-por-la-tv-local\/"},"wordCount":207,"image":{"@id":"https:\/\/www.caudete.org\/ayuntamiento\/la-festividad-de-san-anton-sera-retransmitida-hoy-por-la-tv-local\/#primaryimage"},"thumbnailUrl":"https:\/\/www.caudete.org\/ayuntamiento\/wp-content\/uploads\/2021\/01\/san_anton_caudete.jpg","keywords":["fiestas populares","san anton","san antonio abad"],"articleSection":["Fiestas"],"inLanguage":"es"},{"@type":"WebPage","@id":"https:\/\/www.caudete.org\/ayuntamiento\/la-festividad-de-san-anton-sera-retransmitida-hoy-por-la-tv-local\/","url":"https:\/\/www.caudete.org\/ayuntamiento\/la-festividad-de-san-anton-sera-retransmitida-hoy-por-la-tv-local\/","name":"La Festividad de San Ant\u00f3n ser\u00e1 retransmitida hoy por la TV local - MI Ayuntamiento de Caudete","isPartOf":{"@id":"https:\/\/www.caudete.org\/ayuntamiento\/#website"},"primaryImageOfPage":{"@id":"https:\/\/www.caudete.org\/ayuntamiento\/la-festividad-de-san-anton-sera-retransmitida-hoy-por-la-tv-local\/#primaryimage"},"image":{"@id":"https:\/\/www.caudete.org\/ayuntamiento\/la-festividad-de-san-anton-sera-retransmitida-hoy-por-la-tv-local\/#primaryimage"},"thumbnailUrl":"https:\/\/www.caudete.org\/ayuntamiento\/wp-content\/uploads\/2021\/01\/san_anton_caudete.jpg","datePublished":"2021-01-17T07:18:40+00:00","author":{"@id":"https:\/\/www.caudete.org\/ayuntamiento\/#\/schema\/person\/cc646da9133078ee4d8dd47457947253"},"description":"P\u00e1gina Oficial del Ayuntamiento de Caudete (Albacete)","breadcrumb":{"@id":"https:\/\/www.caudete.org\/ayuntamiento\/la-festividad-de-san-anton-sera-retransmitida-hoy-por-la-tv-local\/#breadcrumb"},"inLanguage":"es","potentialAction":[{"@type":"ReadAction","target":["https:\/\/www.caudete.org\/ayuntamiento\/la-festividad-de-san-anton-sera-retransmitida-hoy-por-la-tv-local\/"]}]},{"@type":"ImageObject","inLanguage":"es","@id":"https:\/\/www.caudete.org\/ayuntamiento\/la-festividad-de-san-anton-sera-retransmitida-hoy-por-la-tv-local\/#primaryimage","url":"https:\/\/www.caudete.org\/ayuntamiento\/wp-content\/uploads\/2021\/01\/san_anton_caudete.jpg","contentUrl":"https:\/\/www.caudete.org\/ayuntamiento\/wp-content\/uploads\/2021\/01\/san_anton_caudete.jpg","width":375,"height":250},{"@type":"BreadcrumbList","@id":"https:\/\/www.caudete.org\/ayuntamiento\/la-festividad-de-san-anton-sera-retransmitida-hoy-por-la-tv-local\/#breadcrumb","itemListElement":[{"@type":"ListItem","position":1,"name":"Inicio","item":"https:\/\/www.caudete.org\/ayuntamiento\/"},{"@type":"ListItem","position":2,"name":"La Festividad de San Ant\u00f3n ser\u00e1 retransmitida hoy por la TV local"}]},{"@type":"WebSite","@id":"https:\/\/www.caudete.org\/ayuntamiento\/#website","url":"https:\/\/www.caudete.org\/ayuntamiento\/","name":"MI Ayuntamiento de Caudete","description":"P\u00e1gina Oficial del MI Ayuntamiento de Caudete","potentialAction":[{"@type":"SearchAction","target":{"@type":"EntryPoint","urlTemplate":"https:\/\/www.caudete.org\/ayuntamiento\/?s={search_term_string}"},"query-input":{"@type":"PropertyValueSpecification","valueRequired":true,"valueName":"search_term_string"}}],"inLanguage":"es"},{"@type":"Person","@id":"https:\/\/www.caudete.org\/ayuntamiento\/#\/schema\/person\/cc646da9133078ee4d8dd47457947253","name":"alcalde","image":{"@type":"ImageObject","inLanguage":"es","@id":"https:\/\/secure.gravatar.com\/avatar\/84a817ba065b29ff08d666b215a215f5c79186a645ccb25b14a663d48a130f77?s=96&d=mm&r=g","url":"https:\/\/secure.gravatar.com\/avatar\/84a817ba065b29ff08d666b215a215f5c79186a645ccb25b14a663d48a130f77?s=96&d=mm&r=g","contentUrl":"https:\/\/secure.gravatar.com\/avatar\/84a817ba065b29ff08d666b215a215f5c79186a645ccb25b14a663d48a130f77?s=96&d=mm&r=g","caption":"alcalde"},"url":"https:\/\/www.caudete.org\/ayuntamiento\/author\/alcalde\/"}]}},"_links":{"self":[{"href":"https:\/\/www.caudete.org\/ayuntamiento\/wp-json\/wp\/v2\/posts\/11612","targetHints":{"allow":["GET"]}}],"collection":[{"href":"https:\/\/www.caudete.org\/ayuntamiento\/wp-json\/wp\/v2\/posts"}],"about":[{"href":"https:\/\/www.caudete.org\/ayuntamiento\/wp-json\/wp\/v2\/types\/post"}],"author":[{"embeddable":true,"href":"https:\/\/www.caudete.org\/ayuntamiento\/wp-json\/wp\/v2\/users\/3"}],"replies":[{"embeddable":true,"href":"https:\/\/www.caudete.org\/ayuntamiento\/wp-json\/wp\/v2\/comments?post=11612"}],"version-history":[{"count":1,"href":"https:\/\/www.caudete.org\/ayuntamiento\/wp-json\/wp\/v2\/posts\/11612\/revisions"}],"predecessor-version":[{"id":11614,"href":"https:\/\/www.caudete.org\/ayuntamiento\/wp-json\/wp\/v2\/posts\/11612\/revisions\/11614"}],"wp:featuredmedia":[{"embeddable":true,"href":"https:\/\/www.caudete.org\/ayuntamiento\/wp-json\/wp\/v2\/media\/11613"}],"wp:attachment":[{"href":"https:\/\/www.caudete.org\/ayuntamiento\/wp-json\/wp\/v2\/media?parent=11612"}],"wp:term":[{"taxonomy":"category","embeddable":true,"href":"https:\/\/www.caudete.org\/ayuntamiento\/wp-json\/wp\/v2\/categories?post=11612"},{"taxonomy":"post_tag","embeddable":true,"href":"https:\/\/www.caudete.org\/ayuntamiento\/wp-json\/wp\/v2\/tags?post=11612"}],"curies":[{"name":"wp","href":"https:\/\/api.w.org\/{rel}","templated":true}]}}