{"id":11623,"date":"2021-01-18T14:11:24","date_gmt":"2021-01-18T13:11:24","guid":{"rendered":"https:\/\/www.caudete.org\/ayuntamiento\/?p=11623"},"modified":"2021-01-18T14:11:24","modified_gmt":"2021-01-18T13:11:24","slug":"mejoras-realizadas-en-el-gloria-fuertes-a-demanda-del-equipo-directivo-y-ampa","status":"publish","type":"post","link":"https:\/\/www.caudete.org\/ayuntamiento\/mejoras-realizadas-en-el-gloria-fuertes-a-demanda-del-equipo-directivo-y-ampa\/","title":{"rendered":"Mejoras realizadas en el GLORIA FUERTES a demanda del Equipo Directivo y Ampa"},"content":{"rendered":"<p style=\"text-align: justify;\">El viernes pasado los Concejales de Educaci\u00f3n y Obras, Mois\u00e9s L\u00f3pez y Marian Ballester, acompa\u00f1ados de la Concejal Egea, estuvieron visitando el Colegio Gloria Fuertes para comprobar las actuaciones de mejora que la Brigada de Obras y el Conserje del Centro han realizado, y que hab\u00edan sido solicitadas bien por el Equipo Directivo, o bien por el Ampa de dicho Centro.<\/p>\n<p style=\"text-align: justify;\">Las acciones de mayor trascendencia son dos: por un lado, la sustituci\u00f3n de todo el alumbrado del Centro a la tecnolog\u00eda LED, llevada a cabo gracias a la firma que el pasado mes de Junio efectuaba el Alcalde con Elecnor y la FEMPCLM y que inclu\u00eda al Ayuntamiento de Caudete dentro del Proyecto CLIME en su \u00faltima fase, la adjudicaci\u00f3n de los servicios. Actuaci\u00f3n que en estos momentos se encuentra en marcha en dicho Centro y se prev\u00e9 finalicen en las pr\u00f3ximas semanas, permitiendo un mayor ahorro el\u00e9ctrico y una mejora lum\u00ednica.<\/p>\n<p style=\"text-align: justify;\">Por otro lado, se trata de la actuaci\u00f3n efectuada junto al Ampa ante la situaci\u00f3n de COVID19: la colocaci\u00f3n de unos elementos sobre las ventanas que permitan la ventilaci\u00f3n sin que\u00a0 se produzca un excesivo enfriamiento, reduciendo la superficie por la que penetra el aire. Se trata pues de unas mosquiteras m\u00f3viles que en su mitad inferior para inverno se sit\u00faa una plancha de metacrilato que en verano puede retirarse para favorecer una mayor ventilaci\u00f3n. Dicha actuaci\u00f3n ha sido sufragada en partes iguales por Ayuntamiento y Ampa.<\/p>\n<p style=\"text-align: justify;\">Adem\u00e1s, en la fachada principal del Edificio de Primaria, se ha procedido al saneamiento, revestimiento y pintado del muro; en el patio de Infantil, al picado, enfoscado y picado de la pared medianera, exactamente, as\u00ed como el aporte de tierra en la zona de juegos (arenero).<\/p>\n<p style=\"text-align: justify;\">Tambi\u00e9n se ha actuado en cuestiones menores, como la adquisici\u00f3n de armarios para material de limpieza, y la sustituci\u00f3n de grifer\u00eda en ba\u00f1os.<\/p>\n","protected":false},"excerpt":{"rendered":"<p>El viernes pasado los Concejales de Educaci\u00f3n y Obras, Mois\u00e9s L\u00f3pez y Marian Ballester, acompa\u00f1ados de la Concejal Egea, estuvieron visitando el Colegio Gloria Fuertes para comprobar las actuaciones de mejora que la Brigada de Obras y el Conserje del Centro han realizado, y que hab\u00edan sido solicitadas bien por el Equipo Directivo, o bien &hellip;<\/p>\n","protected":false},"author":3,"featured_media":11627,"comment_status":"closed","ping_status":"open","sticky":false,"template":"","format":"standard","meta":{"ngg_post_thumbnail":0,"footnotes":""},"categories":[25],"tags":[267,266,268,164,265,178],"class_list":["post-11623","post","type-post","status-publish","format-standard","has-post-thumbnail","hentry","category-educacion","tag-ampa","tag-colegio","tag-equipo-directivo","tag-gloria-fuertes","tag-mejora","tag-obras"],"yoast_head":"<!-- This site is optimized with the Yoast SEO plugin v27.4 - https:\/\/yoast.com\/product\/yoast-seo-wordpress\/ -->\n<title>Mejoras realizadas en el GLORIA FUERTES a demanda del Equipo Directivo y Ampa - MI Ayuntamiento de Caudete<\/title>\n<meta name=\"description\" content=\"P\u00e1gina Oficial del Ayuntamiento de Caudete (Albacete)\" \/>\n<meta name=\"robots\" content=\"index, follow, max-snippet:-1, max-image-preview:large, max-video-preview:-1\" \/>\n<link rel=\"canonical\" href=\"https:\/\/www.caudete.org\/ayuntamiento\/mejoras-realizadas-en-el-gloria-fuertes-a-demanda-del-equipo-directivo-y-ampa\/\" \/>\n<meta property=\"og:locale\" content=\"es_ES\" \/>\n<meta property=\"og:type\" content=\"article\" \/>\n<meta property=\"og:title\" content=\"Mejoras realizadas en el GLORIA FUERTES a demanda del Equipo Directivo y Ampa - MI Ayuntamiento de Caudete\" \/>\n<meta property=\"og:description\" content=\"P\u00e1gina Oficial del Ayuntamiento de Caudete (Albacete)\" \/>\n<meta property=\"og:url\" content=\"https:\/\/www.caudete.org\/ayuntamiento\/mejoras-realizadas-en-el-gloria-fuertes-a-demanda-del-equipo-directivo-y-ampa\/\" \/>\n<meta property=\"og:site_name\" content=\"MI Ayuntamiento de Caudete\" \/>\n<meta property=\"article:publisher\" content=\"https:\/\/www.facebook.com\/ayuntamientocaudete\/\" \/>\n<meta property=\"article:published_time\" content=\"2021-01-18T13:11:24+00:00\" \/>\n<meta property=\"og:image\" content=\"https:\/\/www.caudete.org\/ayuntamiento\/wp-content\/uploads\/2021\/01\/WhatsApp-Image-2021-01-18-at-11.52.11.jpeg\" \/>\n\t<meta property=\"og:image:width\" content=\"2030\" \/>\n\t<meta property=\"og:image:height\" content=\"1340\" \/>\n\t<meta property=\"og:image:type\" content=\"image\/jpeg\" \/>\n<meta name=\"author\" content=\"alcalde\" \/>\n<meta name=\"twitter:card\" content=\"summary_large_image\" \/>\n<meta name=\"twitter:label1\" content=\"Escrito por\" \/>\n\t<meta name=\"twitter:data1\" content=\"alcalde\" \/>\n\t<meta name=\"twitter:label2\" content=\"Tiempo de lectura\" \/>\n\t<meta name=\"twitter:data2\" content=\"2 minutos\" \/>\n<script type=\"application\/ld+json\" class=\"yoast-schema-graph\">{\"@context\":\"https:\\\/\\\/schema.org\",\"@graph\":[{\"@type\":\"Article\",\"@id\":\"https:\\\/\\\/www.caudete.org\\\/ayuntamiento\\\/mejoras-realizadas-en-el-gloria-fuertes-a-demanda-del-equipo-directivo-y-ampa\\\/#article\",\"isPartOf\":{\"@id\":\"https:\\\/\\\/www.caudete.org\\\/ayuntamiento\\\/mejoras-realizadas-en-el-gloria-fuertes-a-demanda-del-equipo-directivo-y-ampa\\\/\"},\"author\":{\"name\":\"alcalde\",\"@id\":\"https:\\\/\\\/www.caudete.org\\\/ayuntamiento\\\/#\\\/schema\\\/person\\\/cc646da9133078ee4d8dd47457947253\"},\"headline\":\"Mejoras realizadas en el GLORIA FUERTES a demanda del Equipo Directivo y Ampa\",\"datePublished\":\"2021-01-18T13:11:24+00:00\",\"mainEntityOfPage\":{\"@id\":\"https:\\\/\\\/www.caudete.org\\\/ayuntamiento\\\/mejoras-realizadas-en-el-gloria-fuertes-a-demanda-del-equipo-directivo-y-ampa\\\/\"},\"wordCount\":349,\"publisher\":{\"@id\":\"https:\\\/\\\/www.caudete.org\\\/ayuntamiento\\\/#organization\"},\"image\":{\"@id\":\"https:\\\/\\\/www.caudete.org\\\/ayuntamiento\\\/mejoras-realizadas-en-el-gloria-fuertes-a-demanda-del-equipo-directivo-y-ampa\\\/#primaryimage\"},\"thumbnailUrl\":\"https:\\\/\\\/www.caudete.org\\\/ayuntamiento\\\/wp-content\\\/uploads\\\/2021\\\/01\\\/WhatsApp-Image-2021-01-18-at-11.52.11.jpeg\",\"keywords\":[\"ampa\",\"colegio\",\"equipo directivo\",\"Gloria Fuertes\",\"mejora\",\"Obras\"],\"articleSection\":[\"Educaci\u00f3n\"],\"inLanguage\":\"es\"},{\"@type\":\"WebPage\",\"@id\":\"https:\\\/\\\/www.caudete.org\\\/ayuntamiento\\\/mejoras-realizadas-en-el-gloria-fuertes-a-demanda-del-equipo-directivo-y-ampa\\\/\",\"url\":\"https:\\\/\\\/www.caudete.org\\\/ayuntamiento\\\/mejoras-realizadas-en-el-gloria-fuertes-a-demanda-del-equipo-directivo-y-ampa\\\/\",\"name\":\"Mejoras realizadas en el GLORIA FUERTES a demanda del Equipo Directivo y Ampa - MI Ayuntamiento de Caudete\",\"isPartOf\":{\"@id\":\"https:\\\/\\\/www.caudete.org\\\/ayuntamiento\\\/#website\"},\"primaryImageOfPage\":{\"@id\":\"https:\\\/\\\/www.caudete.org\\\/ayuntamiento\\\/mejoras-realizadas-en-el-gloria-fuertes-a-demanda-del-equipo-directivo-y-ampa\\\/#primaryimage\"},\"image\":{\"@id\":\"https:\\\/\\\/www.caudete.org\\\/ayuntamiento\\\/mejoras-realizadas-en-el-gloria-fuertes-a-demanda-del-equipo-directivo-y-ampa\\\/#primaryimage\"},\"thumbnailUrl\":\"https:\\\/\\\/www.caudete.org\\\/ayuntamiento\\\/wp-content\\\/uploads\\\/2021\\\/01\\\/WhatsApp-Image-2021-01-18-at-11.52.11.jpeg\",\"datePublished\":\"2021-01-18T13:11:24+00:00\",\"description\":\"P\u00e1gina Oficial del Ayuntamiento de Caudete (Albacete)\",\"breadcrumb\":{\"@id\":\"https:\\\/\\\/www.caudete.org\\\/ayuntamiento\\\/mejoras-realizadas-en-el-gloria-fuertes-a-demanda-del-equipo-directivo-y-ampa\\\/#breadcrumb\"},\"inLanguage\":\"es\",\"potentialAction\":[{\"@type\":\"ReadAction\",\"target\":[\"https:\\\/\\\/www.caudete.org\\\/ayuntamiento\\\/mejoras-realizadas-en-el-gloria-fuertes-a-demanda-del-equipo-directivo-y-ampa\\\/\"]}]},{\"@type\":\"ImageObject\",\"inLanguage\":\"es\",\"@id\":\"https:\\\/\\\/www.caudete.org\\\/ayuntamiento\\\/mejoras-realizadas-en-el-gloria-fuertes-a-demanda-del-equipo-directivo-y-ampa\\\/#primaryimage\",\"url\":\"https:\\\/\\\/www.caudete.org\\\/ayuntamiento\\\/wp-content\\\/uploads\\\/2021\\\/01\\\/WhatsApp-Image-2021-01-18-at-11.52.11.jpeg\",\"contentUrl\":\"https:\\\/\\\/www.caudete.org\\\/ayuntamiento\\\/wp-content\\\/uploads\\\/2021\\\/01\\\/WhatsApp-Image-2021-01-18-at-11.52.11.jpeg\",\"width\":2030,\"height\":1340},{\"@type\":\"BreadcrumbList\",\"@id\":\"https:\\\/\\\/www.caudete.org\\\/ayuntamiento\\\/mejoras-realizadas-en-el-gloria-fuertes-a-demanda-del-equipo-directivo-y-ampa\\\/#breadcrumb\",\"itemListElement\":[{\"@type\":\"ListItem\",\"position\":1,\"name\":\"Inicio\",\"item\":\"https:\\\/\\\/www.caudete.org\\\/ayuntamiento\\\/\"},{\"@type\":\"ListItem\",\"position\":2,\"name\":\"Mejoras realizadas en el GLORIA FUERTES a demanda del Equipo Directivo y Ampa\"}]},{\"@type\":\"WebSite\",\"@id\":\"https:\\\/\\\/www.caudete.org\\\/ayuntamiento\\\/#website\",\"url\":\"https:\\\/\\\/www.caudete.org\\\/ayuntamiento\\\/\",\"name\":\"MI Ayuntamiento de Caudete\",\"description\":\"P\u00e1gina Oficial del MI Ayuntamiento de Caudete\",\"publisher\":{\"@id\":\"https:\\\/\\\/www.caudete.org\\\/ayuntamiento\\\/#organization\"},\"potentialAction\":[{\"@type\":\"SearchAction\",\"target\":{\"@type\":\"EntryPoint\",\"urlTemplate\":\"https:\\\/\\\/www.caudete.org\\\/ayuntamiento\\\/?s={search_term_string}\"},\"query-input\":{\"@type\":\"PropertyValueSpecification\",\"valueRequired\":true,\"valueName\":\"search_term_string\"}}],\"inLanguage\":\"es\"},{\"@type\":\"Organization\",\"@id\":\"https:\\\/\\\/www.caudete.org\\\/ayuntamiento\\\/#organization\",\"name\":\"Ayuntamiento de Caudete\",\"url\":\"https:\\\/\\\/www.caudete.org\\\/ayuntamiento\\\/\",\"logo\":{\"@type\":\"ImageObject\",\"inLanguage\":\"es\",\"@id\":\"https:\\\/\\\/www.caudete.org\\\/ayuntamiento\\\/#\\\/schema\\\/logo\\\/image\\\/\",\"url\":\"https:\\\/\\\/www.caudete.org\\\/ayuntamiento\\\/wp-content\\\/uploads\\\/2020\\\/11\\\/logo_ayuntamiento_caudete.jpg\",\"contentUrl\":\"https:\\\/\\\/www.caudete.org\\\/ayuntamiento\\\/wp-content\\\/uploads\\\/2020\\\/11\\\/logo_ayuntamiento_caudete.jpg\",\"width\":600,\"height\":150,\"caption\":\"Ayuntamiento de Caudete\"},\"image\":{\"@id\":\"https:\\\/\\\/www.caudete.org\\\/ayuntamiento\\\/#\\\/schema\\\/logo\\\/image\\\/\"},\"sameAs\":[\"https:\\\/\\\/www.facebook.com\\\/ayuntamientocaudete\\\/\",\"https:\\\/\\\/www.youtube.com\\\/channel\\\/UC6VztHaooNsGpw-tNoBEFnQ\"]},{\"@type\":\"Person\",\"@id\":\"https:\\\/\\\/www.caudete.org\\\/ayuntamiento\\\/#\\\/schema\\\/person\\\/cc646da9133078ee4d8dd47457947253\",\"name\":\"alcalde\",\"image\":{\"@type\":\"ImageObject\",\"inLanguage\":\"es\",\"@id\":\"https:\\\/\\\/secure.gravatar.com\\\/avatar\\\/84a817ba065b29ff08d666b215a215f5c79186a645ccb25b14a663d48a130f77?s=96&d=mm&r=g\",\"url\":\"https:\\\/\\\/secure.gravatar.com\\\/avatar\\\/84a817ba065b29ff08d666b215a215f5c79186a645ccb25b14a663d48a130f77?s=96&d=mm&r=g\",\"contentUrl\":\"https:\\\/\\\/secure.gravatar.com\\\/avatar\\\/84a817ba065b29ff08d666b215a215f5c79186a645ccb25b14a663d48a130f77?s=96&d=mm&r=g\",\"caption\":\"alcalde\"},\"url\":\"https:\\\/\\\/www.caudete.org\\\/ayuntamiento\\\/author\\\/alcalde\\\/\"}]}<\/script>\n<!-- \/ Yoast SEO plugin. -->","yoast_head_json":{"title":"Mejoras realizadas en el GLORIA FUERTES a demanda del Equipo Directivo y Ampa - MI Ayuntamiento de Caudete","description":"P\u00e1gina Oficial del Ayuntamiento de Caudete (Albacete)","robots":{"index":"index","follow":"follow","max-snippet":"max-snippet:-1","max-image-preview":"max-image-preview:large","max-video-preview":"max-video-preview:-1"},"canonical":"https:\/\/www.caudete.org\/ayuntamiento\/mejoras-realizadas-en-el-gloria-fuertes-a-demanda-del-equipo-directivo-y-ampa\/","og_locale":"es_ES","og_type":"article","og_title":"Mejoras realizadas en el GLORIA FUERTES a demanda del Equipo Directivo y Ampa - MI Ayuntamiento de Caudete","og_description":"P\u00e1gina Oficial del Ayuntamiento de Caudete (Albacete)","og_url":"https:\/\/www.caudete.org\/ayuntamiento\/mejoras-realizadas-en-el-gloria-fuertes-a-demanda-del-equipo-directivo-y-ampa\/","og_site_name":"MI Ayuntamiento de Caudete","article_publisher":"https:\/\/www.facebook.com\/ayuntamientocaudete\/","article_published_time":"2021-01-18T13:11:24+00:00","og_image":[{"width":2030,"height":1340,"url":"https:\/\/www.caudete.org\/ayuntamiento\/wp-content\/uploads\/2021\/01\/WhatsApp-Image-2021-01-18-at-11.52.11.jpeg","type":"image\/jpeg"}],"author":"alcalde","twitter_card":"summary_large_image","twitter_misc":{"Escrito por":"alcalde","Tiempo de lectura":"2 minutos"},"schema":{"@context":"https:\/\/schema.org","@graph":[{"@type":"Article","@id":"https:\/\/www.caudete.org\/ayuntamiento\/mejoras-realizadas-en-el-gloria-fuertes-a-demanda-del-equipo-directivo-y-ampa\/#article","isPartOf":{"@id":"https:\/\/www.caudete.org\/ayuntamiento\/mejoras-realizadas-en-el-gloria-fuertes-a-demanda-del-equipo-directivo-y-ampa\/"},"author":{"name":"alcalde","@id":"https:\/\/www.caudete.org\/ayuntamiento\/#\/schema\/person\/cc646da9133078ee4d8dd47457947253"},"headline":"Mejoras realizadas en el GLORIA FUERTES a demanda del Equipo Directivo y Ampa","datePublished":"2021-01-18T13:11:24+00:00","mainEntityOfPage":{"@id":"https:\/\/www.caudete.org\/ayuntamiento\/mejoras-realizadas-en-el-gloria-fuertes-a-demanda-del-equipo-directivo-y-ampa\/"},"wordCount":349,"publisher":{"@id":"https:\/\/www.caudete.org\/ayuntamiento\/#organization"},"image":{"@id":"https:\/\/www.caudete.org\/ayuntamiento\/mejoras-realizadas-en-el-gloria-fuertes-a-demanda-del-equipo-directivo-y-ampa\/#primaryimage"},"thumbnailUrl":"https:\/\/www.caudete.org\/ayuntamiento\/wp-content\/uploads\/2021\/01\/WhatsApp-Image-2021-01-18-at-11.52.11.jpeg","keywords":["ampa","colegio","equipo directivo","Gloria Fuertes","mejora","Obras"],"articleSection":["Educaci\u00f3n"],"inLanguage":"es"},{"@type":"WebPage","@id":"https:\/\/www.caudete.org\/ayuntamiento\/mejoras-realizadas-en-el-gloria-fuertes-a-demanda-del-equipo-directivo-y-ampa\/","url":"https:\/\/www.caudete.org\/ayuntamiento\/mejoras-realizadas-en-el-gloria-fuertes-a-demanda-del-equipo-directivo-y-ampa\/","name":"Mejoras realizadas en el GLORIA FUERTES a demanda del Equipo Directivo y Ampa - MI Ayuntamiento de Caudete","isPartOf":{"@id":"https:\/\/www.caudete.org\/ayuntamiento\/#website"},"primaryImageOfPage":{"@id":"https:\/\/www.caudete.org\/ayuntamiento\/mejoras-realizadas-en-el-gloria-fuertes-a-demanda-del-equipo-directivo-y-ampa\/#primaryimage"},"image":{"@id":"https:\/\/www.caudete.org\/ayuntamiento\/mejoras-realizadas-en-el-gloria-fuertes-a-demanda-del-equipo-directivo-y-ampa\/#primaryimage"},"thumbnailUrl":"https:\/\/www.caudete.org\/ayuntamiento\/wp-content\/uploads\/2021\/01\/WhatsApp-Image-2021-01-18-at-11.52.11.jpeg","datePublished":"2021-01-18T13:11:24+00:00","description":"P\u00e1gina Oficial del Ayuntamiento de Caudete (Albacete)","breadcrumb":{"@id":"https:\/\/www.caudete.org\/ayuntamiento\/mejoras-realizadas-en-el-gloria-fuertes-a-demanda-del-equipo-directivo-y-ampa\/#breadcrumb"},"inLanguage":"es","potentialAction":[{"@type":"ReadAction","target":["https:\/\/www.caudete.org\/ayuntamiento\/mejoras-realizadas-en-el-gloria-fuertes-a-demanda-del-equipo-directivo-y-ampa\/"]}]},{"@type":"ImageObject","inLanguage":"es","@id":"https:\/\/www.caudete.org\/ayuntamiento\/mejoras-realizadas-en-el-gloria-fuertes-a-demanda-del-equipo-directivo-y-ampa\/#primaryimage","url":"https:\/\/www.caudete.org\/ayuntamiento\/wp-content\/uploads\/2021\/01\/WhatsApp-Image-2021-01-18-at-11.52.11.jpeg","contentUrl":"https:\/\/www.caudete.org\/ayuntamiento\/wp-content\/uploads\/2021\/01\/WhatsApp-Image-2021-01-18-at-11.52.11.jpeg","width":2030,"height":1340},{"@type":"BreadcrumbList","@id":"https:\/\/www.caudete.org\/ayuntamiento\/mejoras-realizadas-en-el-gloria-fuertes-a-demanda-del-equipo-directivo-y-ampa\/#breadcrumb","itemListElement":[{"@type":"ListItem","position":1,"name":"Inicio","item":"https:\/\/www.caudete.org\/ayuntamiento\/"},{"@type":"ListItem","position":2,"name":"Mejoras realizadas en el GLORIA FUERTES a demanda del Equipo Directivo y Ampa"}]},{"@type":"WebSite","@id":"https:\/\/www.caudete.org\/ayuntamiento\/#website","url":"https:\/\/www.caudete.org\/ayuntamiento\/","name":"MI Ayuntamiento de Caudete","description":"P\u00e1gina Oficial del MI Ayuntamiento de Caudete","publisher":{"@id":"https:\/\/www.caudete.org\/ayuntamiento\/#organization"},"potentialAction":[{"@type":"SearchAction","target":{"@type":"EntryPoint","urlTemplate":"https:\/\/www.caudete.org\/ayuntamiento\/?s={search_term_string}"},"query-input":{"@type":"PropertyValueSpecification","valueRequired":true,"valueName":"search_term_string"}}],"inLanguage":"es"},{"@type":"Organization","@id":"https:\/\/www.caudete.org\/ayuntamiento\/#organization","name":"Ayuntamiento de Caudete","url":"https:\/\/www.caudete.org\/ayuntamiento\/","logo":{"@type":"ImageObject","inLanguage":"es","@id":"https:\/\/www.caudete.org\/ayuntamiento\/#\/schema\/logo\/image\/","url":"https:\/\/www.caudete.org\/ayuntamiento\/wp-content\/uploads\/2020\/11\/logo_ayuntamiento_caudete.jpg","contentUrl":"https:\/\/www.caudete.org\/ayuntamiento\/wp-content\/uploads\/2020\/11\/logo_ayuntamiento_caudete.jpg","width":600,"height":150,"caption":"Ayuntamiento de Caudete"},"image":{"@id":"https:\/\/www.caudete.org\/ayuntamiento\/#\/schema\/logo\/image\/"},"sameAs":["https:\/\/www.facebook.com\/ayuntamientocaudete\/","https:\/\/www.youtube.com\/channel\/UC6VztHaooNsGpw-tNoBEFnQ"]},{"@type":"Person","@id":"https:\/\/www.caudete.org\/ayuntamiento\/#\/schema\/person\/cc646da9133078ee4d8dd47457947253","name":"alcalde","image":{"@type":"ImageObject","inLanguage":"es","@id":"https:\/\/secure.gravatar.com\/avatar\/84a817ba065b29ff08d666b215a215f5c79186a645ccb25b14a663d48a130f77?s=96&d=mm&r=g","url":"https:\/\/secure.gravatar.com\/avatar\/84a817ba065b29ff08d666b215a215f5c79186a645ccb25b14a663d48a130f77?s=96&d=mm&r=g","contentUrl":"https:\/\/secure.gravatar.com\/avatar\/84a817ba065b29ff08d666b215a215f5c79186a645ccb25b14a663d48a130f77?s=96&d=mm&r=g","caption":"alcalde"},"url":"https:\/\/www.caudete.org\/ayuntamiento\/author\/alcalde\/"}]}},"_links":{"self":[{"href":"https:\/\/www.caudete.org\/ayuntamiento\/wp-json\/wp\/v2\/posts\/11623","targetHints":{"allow":["GET"]}}],"collection":[{"href":"https:\/\/www.caudete.org\/ayuntamiento\/wp-json\/wp\/v2\/posts"}],"about":[{"href":"https:\/\/www.caudete.org\/ayuntamiento\/wp-json\/wp\/v2\/types\/post"}],"author":[{"embeddable":true,"href":"https:\/\/www.caudete.org\/ayuntamiento\/wp-json\/wp\/v2\/users\/3"}],"replies":[{"embeddable":true,"href":"https:\/\/www.caudete.org\/ayuntamiento\/wp-json\/wp\/v2\/comments?post=11623"}],"version-history":[{"count":2,"href":"https:\/\/www.caudete.org\/ayuntamiento\/wp-json\/wp\/v2\/posts\/11623\/revisions"}],"predecessor-version":[{"id":11629,"href":"https:\/\/www.caudete.org\/ayuntamiento\/wp-json\/wp\/v2\/posts\/11623\/revisions\/11629"}],"wp:featuredmedia":[{"embeddable":true,"href":"https:\/\/www.caudete.org\/ayuntamiento\/wp-json\/wp\/v2\/media\/11627"}],"wp:attachment":[{"href":"https:\/\/www.caudete.org\/ayuntamiento\/wp-json\/wp\/v2\/media?parent=11623"}],"wp:term":[{"taxonomy":"category","embeddable":true,"href":"https:\/\/www.caudete.org\/ayuntamiento\/wp-json\/wp\/v2\/categories?post=11623"},{"taxonomy":"post_tag","embeddable":true,"href":"https:\/\/www.caudete.org\/ayuntamiento\/wp-json\/wp\/v2\/tags?post=11623"}],"curies":[{"name":"wp","href":"https:\/\/api.w.org\/{rel}","templated":true}]}}