{"id":11670,"date":"2021-01-20T20:04:25","date_gmt":"2021-01-20T19:04:25","guid":{"rendered":"https:\/\/www.caudete.org\/ayuntamiento\/?p=11670"},"modified":"2021-01-30T19:50:33","modified_gmt":"2021-01-30T18:50:33","slug":"el-contenedor-marron-ya-esta-en-las-calles-de-caudete","status":"publish","type":"post","link":"https:\/\/www.caudete.org\/ayuntamiento\/el-contenedor-marron-ya-esta-en-las-calles-de-caudete\/","title":{"rendered":"El contenedor MARR\u00d3N ya est\u00e1 en las calles de Caudete"},"content":{"rendered":"<p><a href=\"https:\/\/www.caudete.org\/ayuntamiento\/wp-content\/uploads\/2021\/01\/WhatsApp-Image-2021-01-20-at-19.04.00.jpeg\" rel='prettyPhoto'><img fetchpriority=\"high\" decoding=\"async\" class=\"alignnone wp-image-11671 size-medium\" src=\"https:\/\/www.caudete.org\/ayuntamiento\/wp-content\/uploads\/2021\/01\/WhatsApp-Image-2021-01-20-at-19.04.00-300x225.jpeg\" alt=\"\" width=\"300\" height=\"225\" srcset=\"https:\/\/www.caudete.org\/ayuntamiento\/wp-content\/uploads\/2021\/01\/WhatsApp-Image-2021-01-20-at-19.04.00-300x225.jpeg 300w, https:\/\/www.caudete.org\/ayuntamiento\/wp-content\/uploads\/2021\/01\/WhatsApp-Image-2021-01-20-at-19.04.00-1024x768.jpeg 1024w, https:\/\/www.caudete.org\/ayuntamiento\/wp-content\/uploads\/2021\/01\/WhatsApp-Image-2021-01-20-at-19.04.00-768x576.jpeg 768w, https:\/\/www.caudete.org\/ayuntamiento\/wp-content\/uploads\/2021\/01\/WhatsApp-Image-2021-01-20-at-19.04.00-1536x1152.jpeg 1536w, https:\/\/www.caudete.org\/ayuntamiento\/wp-content\/uploads\/2021\/01\/WhatsApp-Image-2021-01-20-at-19.04.00.jpeg 1600w\" sizes=\"(max-width: 300px) 100vw, 300px\" \/><\/a> <a href=\"https:\/\/www.caudete.org\/ayuntamiento\/wp-content\/uploads\/2021\/01\/WhatsApp-Image-2021-01-20-at-19.04.01.jpeg\" rel='prettyPhoto'><img decoding=\"async\" class=\"alignnone wp-image-11672 size-medium\" src=\"https:\/\/www.caudete.org\/ayuntamiento\/wp-content\/uploads\/2021\/01\/WhatsApp-Image-2021-01-20-at-19.04.01-300x225.jpeg\" alt=\"\" width=\"300\" height=\"225\" srcset=\"https:\/\/www.caudete.org\/ayuntamiento\/wp-content\/uploads\/2021\/01\/WhatsApp-Image-2021-01-20-at-19.04.01-300x225.jpeg 300w, https:\/\/www.caudete.org\/ayuntamiento\/wp-content\/uploads\/2021\/01\/WhatsApp-Image-2021-01-20-at-19.04.01-1024x768.jpeg 1024w, https:\/\/www.caudete.org\/ayuntamiento\/wp-content\/uploads\/2021\/01\/WhatsApp-Image-2021-01-20-at-19.04.01-768x576.jpeg 768w, https:\/\/www.caudete.org\/ayuntamiento\/wp-content\/uploads\/2021\/01\/WhatsApp-Image-2021-01-20-at-19.04.01-1536x1152.jpeg 1536w, https:\/\/www.caudete.org\/ayuntamiento\/wp-content\/uploads\/2021\/01\/WhatsApp-Image-2021-01-20-at-19.04.01.jpeg 1600w\" sizes=\"(max-width: 300px) 100vw, 300px\" \/><\/a> <a href=\"https:\/\/www.caudete.org\/ayuntamiento\/wp-content\/uploads\/2021\/01\/WhatsApp-Image-2021-01-20-at-19.04.02-1.jpeg\" rel='prettyPhoto'><img decoding=\"async\" class=\"alignnone wp-image-11673 size-medium\" src=\"https:\/\/www.caudete.org\/ayuntamiento\/wp-content\/uploads\/2021\/01\/WhatsApp-Image-2021-01-20-at-19.04.02-1-300x225.jpeg\" alt=\"\" width=\"300\" height=\"225\" srcset=\"https:\/\/www.caudete.org\/ayuntamiento\/wp-content\/uploads\/2021\/01\/WhatsApp-Image-2021-01-20-at-19.04.02-1-300x225.jpeg 300w, https:\/\/www.caudete.org\/ayuntamiento\/wp-content\/uploads\/2021\/01\/WhatsApp-Image-2021-01-20-at-19.04.02-1-1024x768.jpeg 1024w, https:\/\/www.caudete.org\/ayuntamiento\/wp-content\/uploads\/2021\/01\/WhatsApp-Image-2021-01-20-at-19.04.02-1-768x576.jpeg 768w, https:\/\/www.caudete.org\/ayuntamiento\/wp-content\/uploads\/2021\/01\/WhatsApp-Image-2021-01-20-at-19.04.02-1-1536x1152.jpeg 1536w, https:\/\/www.caudete.org\/ayuntamiento\/wp-content\/uploads\/2021\/01\/WhatsApp-Image-2021-01-20-at-19.04.02-1.jpeg 1600w\" sizes=\"(max-width: 300px) 100vw, 300px\" \/><\/a> <a href=\"https:\/\/www.caudete.org\/ayuntamiento\/wp-content\/uploads\/2021\/01\/WhatsApp-Image-2021-01-20-at-19.09.48.jpeg\" rel='prettyPhoto'><img loading=\"lazy\" decoding=\"async\" class=\"alignnone wp-image-11676 size-medium\" src=\"https:\/\/www.caudete.org\/ayuntamiento\/wp-content\/uploads\/2021\/01\/WhatsApp-Image-2021-01-20-at-19.09.48-208x300.jpeg\" alt=\"\" width=\"208\" height=\"300\" srcset=\"https:\/\/www.caudete.org\/ayuntamiento\/wp-content\/uploads\/2021\/01\/WhatsApp-Image-2021-01-20-at-19.09.48-208x300.jpeg 208w, https:\/\/www.caudete.org\/ayuntamiento\/wp-content\/uploads\/2021\/01\/WhatsApp-Image-2021-01-20-at-19.09.48-711x1024.jpeg 711w, https:\/\/www.caudete.org\/ayuntamiento\/wp-content\/uploads\/2021\/01\/WhatsApp-Image-2021-01-20-at-19.09.48-768x1106.jpeg 768w, https:\/\/www.caudete.org\/ayuntamiento\/wp-content\/uploads\/2021\/01\/WhatsApp-Image-2021-01-20-at-19.09.48-1067x1536.jpeg 1067w, https:\/\/www.caudete.org\/ayuntamiento\/wp-content\/uploads\/2021\/01\/WhatsApp-Image-2021-01-20-at-19.09.48.jpeg 1111w\" sizes=\"(max-width: 208px) 100vw, 208px\" \/><\/a><\/p>\n<p style=\"text-align: justify;\"><span style=\"font-weight: 400;\">Desde la Concejal\u00eda de Servicios, Joaqu\u00edn Pag\u00e1n informa que a partir de este mi\u00e9rcoles 20 de enero se despliega el contenedor marr\u00f3n en Caudete, siendo el primer servicio de recogida la noche del lunes 25 de enero.<\/span><\/p>\n<p style=\"text-align: justify;\"><span style=\"font-weight: 400;\">\u00a0<\/span><span style=\"font-weight: 400;\">Adem\u00e1s, ha querido aprovechar para explicar el porqu\u00e9 de este nuevo servicio, de la presencia en las calles de un nuevo contenedor, de su funcionamiento y dem\u00e1s informaci\u00f3n de inter\u00e9s sobre esta ampliaci\u00f3n en el servicio de recogida de basuras.<\/span><\/p>\n<p><span style=\"font-weight: 400;\">\u00a0<\/span><\/p>\n<p style=\"text-align: justify;\"><span style=\"text-decoration: underline;\"><b>\u00bfQu\u00e9 es el contenedor Marr\u00f3n?<\/b><\/span><\/p>\n<p style=\"text-align: justify;\"><span style=\"font-weight: 400;\">Es el llamado 5\u00ba contenedor, puesto que ya disponemos de amarillo para envases, azul para papel, el verde par\u00e1 org\u00e1nica y el igl\u00fa verde para vidrio.<\/span><\/p>\n<p style=\"text-align: justify;\"><span style=\"font-weight: 400;\">Ahora vamos a disponer de un 5\u00ba contendor de color marr\u00f3n donde vamos a depositar solo la materia org\u00e1nica, o m\u00e1s t\u00e9cnicamente hablando los <em>biorresiduos<\/em> de origen dom\u00e9stico.<\/span><\/p>\n<p style=\"text-align: justify;\"><span style=\"font-weight: 400;\">No olvidemos que el contenedor verde continua en nuestras calles y es para todo aquello que no sea papel, envases, vidrio o materia org\u00e1nica.<\/span><\/p>\n<p><span style=\"font-weight: 400;\">\u00a0<\/span><\/p>\n<p><span style=\"text-decoration: underline;\"><b>\u00bfPor qu\u00e9 vamos a desplegar el contenedor marr\u00f3n en Caudete?<\/b><\/span><\/p>\n<p style=\"text-align: justify;\"><span style=\"font-weight: 400;\">No es un capricho sino un requisito normativo que recoge la Ley de Residuos y Suelos Contaminados de CLM, en la que se establece la recogida separada de <em>biorresiduos<\/em> de origen dom\u00e9stico para las entidades locales con m\u00e1s de 5.000 mil habitantes. Normativa que est\u00e1 condicionada por una Directiva Europea para todos los pa\u00edses que formamos la UE.<\/span><\/p>\n<p><span style=\"font-weight: 400;\">\u00a0<\/span><\/p>\n<p style=\"text-align: justify;\"><span style=\"text-decoration: underline;\"><b>\u00bfQu\u00e9 debemos echar al contenedor marr\u00f3n?<\/b><\/span><\/p>\n<p style=\"text-align: justify;\"><span style=\"font-weight: 400;\">Materia org\u00e1nica: restos de comida, peladuras, peque\u00f1os restos de poda, tapones de corcho, bolsas de infusiones, filtros de caf\u00e9, palillos, servilletas sucias, papel de cocina con restos de comida.<\/span><\/p>\n<p><span style=\"font-weight: 400;\">\u00a0<\/span><\/p>\n<p style=\"text-align: justify;\"><span style=\"text-decoration: underline;\"><b>\u00bfC\u00f3mo son los nuevos contenedores marrones ? (con LLAVE)<\/b><\/span><\/p>\n<p style=\"text-align: justify;\"><span style=\"font-weight: 400;\">La mayor\u00eda son contenedores de 800 litros y dispondremos tambi\u00e9n de contenedores de 360 litros, m\u00e1s peque\u00f1os para algunas calles m\u00e1s estrechas.<\/span><\/p>\n<p style=\"text-align: justify;\"><span style=\"font-weight: 400;\">Los contenedores marrones vienen cerrados y para depositar los restos org\u00e1nicos es necesario su apertura con una llave. Puede parecer una molestia, pero hemos tomado esta decisi\u00f3n porque esperamos que el contenedor marr\u00f3n solo contenga materia org\u00e1nica y que as\u00ed lo utilice quien est\u00e9 comprometido con el reciclaje.<\/span><\/p>\n<p><span style=\"font-weight: 400;\">\u00a0<\/span><\/p>\n<p style=\"text-align: justify;\"><span style=\"text-decoration: underline;\"><b>\u00bfC\u00f3mo depositar la materia org\u00e1nica en el contenedor marr\u00f3n?<\/b><\/span><\/p>\n<p style=\"text-align: justify;\"><span style=\"font-weight: 400;\">Igual que hasta ahora, en bolsas. M\u00e1s adelante, lo aconsejable es hacerlo en bolsas biodegradables\/compostables que se pueden adquirir en establecimientos igual que el resto de bolsas.<\/span><\/p>\n<p><span style=\"font-weight: 400;\">\u00a0<\/span><\/p>\n<p style=\"text-align: justify;\"><span style=\"text-decoration: underline;\"><b>\u00bfC\u00f3mo se va a realizar la recogida del contenedor marr\u00f3n?<\/b><\/span><\/p>\n<p style=\"text-align: justify;\"><span style=\"font-weight: 400;\">La nueva recogida del contenedor MARR\u00d3N (materia org\u00e1nica) se va a realizar los <strong>lunes, mi\u00e9rcoles y viernes<\/strong>. Para ello la empresa FOBESA, adjudicataria del servicio va a poner en circulaci\u00f3n un nuevo cami\u00f3n carrozado para evitar vertidos de l\u00edquidos.<\/span><\/p>\n<p style=\"text-align: justify;\"><span style=\"font-weight: 400;\">La recogida del contenedor verde continua de forma habitual, todos los d\u00edas.<\/span><\/p>\n<p><span style=\"font-weight: 400;\">\u00a0<\/span><\/p>\n<p style=\"text-align: justify;\"><span style=\"text-decoration: underline;\"><b>Planificaci\u00f3n en este inicio del servicio<\/b><\/span><\/p>\n<p style=\"text-align: justify;\"><span style=\"font-weight: 400;\">A lo largo de esta semana llegar\u00e1 un sobre a cada casa, con una carta informativa, un im\u00e1n que ayudar\u00e1 a recordar que debemos verter en el contenedor marr\u00f3n y una llave para abrirlo.\u00a0 Aconsejamos dejar el im\u00e1n en la puerta del frigor\u00edfico y as\u00ed nos ayuda a recordar c\u00f3mo reciclar<\/span><span style=\"font-weight: 400;\">.<\/span><\/p>\n<p style=\"text-align: justify;\"><span style=\"font-weight: 400;\">A partir del mi\u00e9rcoles iremos desplegando los contenedores marrones por toda la poblaci\u00f3n y ser\u00e1 el lunes 25 de enero el primer d\u00eda de recogida de los mismos.<\/span><\/p>\n<p style=\"text-align: justify;\"><span style=\"font-weight: 400;\">Es algo nuevo, y quiz\u00e1 necesite alg\u00fan reajuste del servicio. Iremos viendo c\u00f3mo se va aplicando e informando si hay alg\u00fan cambio.<\/span><\/p>\n<p><span style=\"font-weight: 400;\">\u00a0<\/span><\/p>\n<p style=\"text-align: justify;\"><span style=\"font-weight: 400;\">Para m\u00e1s informaci\u00f3n de como separar los residuos entra en <\/span><span style=\"font-weight: 400;\">\u00a0\u00a0<\/span><a href=\"http:\/\/www.contenedormarron.com\" target=\"_blank\" rel=\"nofollow\"><span style=\"font-weight: 400;\">www.contenedormarron.com<\/span><\/a><span style=\"font-weight: 400;\"> .<\/span><\/p>\n","protected":false},"excerpt":{"rendered":"<p>Desde la Concejal\u00eda de Servicios, Joaqu\u00edn Pag\u00e1n informa que a partir de este mi\u00e9rcoles 20 de enero se despliega el contenedor marr\u00f3n en Caudete, siendo el primer servicio de recogida la noche del lunes 25 de enero. \u00a0Adem\u00e1s, ha querido aprovechar para explicar el porqu\u00e9 de este nuevo servicio, de la presencia en las calles &hellip;<\/p>\n","protected":false},"author":3,"featured_media":11674,"comment_status":"closed","ping_status":"open","sticky":false,"template":"","format":"standard","meta":{"ngg_post_thumbnail":0,"footnotes":""},"categories":[270],"tags":[273,272,271],"class_list":["post-11670","post","type-post","status-publish","format-standard","has-post-thumbnail","hentry","category-servicios","tag-5o-contenedor","tag-contenedor-marron","tag-rsu"],"yoast_head":"<!-- This site is optimized with the Yoast SEO plugin v27.4 - https:\/\/yoast.com\/product\/yoast-seo-wordpress\/ -->\n<title>El contenedor MARR\u00d3N ya est\u00e1 en las calles de Caudete - MI Ayuntamiento de Caudete<\/title>\n<meta name=\"description\" content=\"P\u00e1gina Oficial del Ayuntamiento de Caudete (Albacete)\" \/>\n<meta name=\"robots\" content=\"index, follow, max-snippet:-1, max-image-preview:large, max-video-preview:-1\" \/>\n<link rel=\"canonical\" href=\"https:\/\/www.caudete.org\/ayuntamiento\/el-contenedor-marron-ya-esta-en-las-calles-de-caudete\/\" \/>\n<meta property=\"og:locale\" content=\"es_ES\" \/>\n<meta property=\"og:type\" content=\"article\" \/>\n<meta property=\"og:title\" content=\"El contenedor MARR\u00d3N ya est\u00e1 en las calles de Caudete - MI Ayuntamiento de Caudete\" \/>\n<meta property=\"og:description\" content=\"P\u00e1gina Oficial del Ayuntamiento de Caudete (Albacete)\" \/>\n<meta property=\"og:url\" content=\"https:\/\/www.caudete.org\/ayuntamiento\/el-contenedor-marron-ya-esta-en-las-calles-de-caudete\/\" \/>\n<meta property=\"og:site_name\" content=\"MI Ayuntamiento de Caudete\" \/>\n<meta property=\"article:publisher\" content=\"https:\/\/www.facebook.com\/ayuntamientocaudete\/\" \/>\n<meta property=\"article:published_time\" content=\"2021-01-20T19:04:25+00:00\" \/>\n<meta property=\"article:modified_time\" content=\"2021-01-30T18:50:33+00:00\" \/>\n<meta property=\"og:image\" content=\"https:\/\/www.caudete.org\/ayuntamiento\/wp-content\/uploads\/2021\/01\/WhatsApp-Image-2021-01-20-at-19.04.02.jpeg\" \/>\n\t<meta property=\"og:image:width\" content=\"1600\" \/>\n\t<meta property=\"og:image:height\" content=\"1200\" \/>\n\t<meta property=\"og:image:type\" content=\"image\/jpeg\" \/>\n<meta name=\"author\" content=\"alcalde\" \/>\n<meta name=\"twitter:card\" content=\"summary_large_image\" \/>\n<meta name=\"twitter:label1\" content=\"Escrito por\" \/>\n\t<meta name=\"twitter:data1\" content=\"alcalde\" \/>\n\t<meta name=\"twitter:label2\" content=\"Tiempo de lectura\" \/>\n\t<meta name=\"twitter:data2\" content=\"4 minutos\" \/>\n<script type=\"application\/ld+json\" class=\"yoast-schema-graph\">{\"@context\":\"https:\\\/\\\/schema.org\",\"@graph\":[{\"@type\":\"Article\",\"@id\":\"https:\\\/\\\/www.caudete.org\\\/ayuntamiento\\\/el-contenedor-marron-ya-esta-en-las-calles-de-caudete\\\/#article\",\"isPartOf\":{\"@id\":\"https:\\\/\\\/www.caudete.org\\\/ayuntamiento\\\/el-contenedor-marron-ya-esta-en-las-calles-de-caudete\\\/\"},\"author\":{\"name\":\"alcalde\",\"@id\":\"https:\\\/\\\/www.caudete.org\\\/ayuntamiento\\\/#\\\/schema\\\/person\\\/cc646da9133078ee4d8dd47457947253\"},\"headline\":\"El contenedor MARR\u00d3N ya est\u00e1 en las calles de Caudete\",\"datePublished\":\"2021-01-20T19:04:25+00:00\",\"dateModified\":\"2021-01-30T18:50:33+00:00\",\"mainEntityOfPage\":{\"@id\":\"https:\\\/\\\/www.caudete.org\\\/ayuntamiento\\\/el-contenedor-marron-ya-esta-en-las-calles-de-caudete\\\/\"},\"wordCount\":624,\"publisher\":{\"@id\":\"https:\\\/\\\/www.caudete.org\\\/ayuntamiento\\\/#organization\"},\"image\":{\"@id\":\"https:\\\/\\\/www.caudete.org\\\/ayuntamiento\\\/el-contenedor-marron-ya-esta-en-las-calles-de-caudete\\\/#primaryimage\"},\"thumbnailUrl\":\"https:\\\/\\\/www.caudete.org\\\/ayuntamiento\\\/wp-content\\\/uploads\\\/2021\\\/01\\\/WhatsApp-Image-2021-01-20-at-19.04.02.jpeg\",\"keywords\":[\"5\u00ba contenedor\",\"contenedor marron\",\"RSU\"],\"articleSection\":[\"Servicios\"],\"inLanguage\":\"es\"},{\"@type\":\"WebPage\",\"@id\":\"https:\\\/\\\/www.caudete.org\\\/ayuntamiento\\\/el-contenedor-marron-ya-esta-en-las-calles-de-caudete\\\/\",\"url\":\"https:\\\/\\\/www.caudete.org\\\/ayuntamiento\\\/el-contenedor-marron-ya-esta-en-las-calles-de-caudete\\\/\",\"name\":\"El contenedor MARR\u00d3N ya est\u00e1 en las calles de Caudete - MI Ayuntamiento de Caudete\",\"isPartOf\":{\"@id\":\"https:\\\/\\\/www.caudete.org\\\/ayuntamiento\\\/#website\"},\"primaryImageOfPage\":{\"@id\":\"https:\\\/\\\/www.caudete.org\\\/ayuntamiento\\\/el-contenedor-marron-ya-esta-en-las-calles-de-caudete\\\/#primaryimage\"},\"image\":{\"@id\":\"https:\\\/\\\/www.caudete.org\\\/ayuntamiento\\\/el-contenedor-marron-ya-esta-en-las-calles-de-caudete\\\/#primaryimage\"},\"thumbnailUrl\":\"https:\\\/\\\/www.caudete.org\\\/ayuntamiento\\\/wp-content\\\/uploads\\\/2021\\\/01\\\/WhatsApp-Image-2021-01-20-at-19.04.02.jpeg\",\"datePublished\":\"2021-01-20T19:04:25+00:00\",\"dateModified\":\"2021-01-30T18:50:33+00:00\",\"description\":\"P\u00e1gina Oficial del Ayuntamiento de Caudete (Albacete)\",\"breadcrumb\":{\"@id\":\"https:\\\/\\\/www.caudete.org\\\/ayuntamiento\\\/el-contenedor-marron-ya-esta-en-las-calles-de-caudete\\\/#breadcrumb\"},\"inLanguage\":\"es\",\"potentialAction\":[{\"@type\":\"ReadAction\",\"target\":[\"https:\\\/\\\/www.caudete.org\\\/ayuntamiento\\\/el-contenedor-marron-ya-esta-en-las-calles-de-caudete\\\/\"]}]},{\"@type\":\"ImageObject\",\"inLanguage\":\"es\",\"@id\":\"https:\\\/\\\/www.caudete.org\\\/ayuntamiento\\\/el-contenedor-marron-ya-esta-en-las-calles-de-caudete\\\/#primaryimage\",\"url\":\"https:\\\/\\\/www.caudete.org\\\/ayuntamiento\\\/wp-content\\\/uploads\\\/2021\\\/01\\\/WhatsApp-Image-2021-01-20-at-19.04.02.jpeg\",\"contentUrl\":\"https:\\\/\\\/www.caudete.org\\\/ayuntamiento\\\/wp-content\\\/uploads\\\/2021\\\/01\\\/WhatsApp-Image-2021-01-20-at-19.04.02.jpeg\",\"width\":1600,\"height\":1200},{\"@type\":\"BreadcrumbList\",\"@id\":\"https:\\\/\\\/www.caudete.org\\\/ayuntamiento\\\/el-contenedor-marron-ya-esta-en-las-calles-de-caudete\\\/#breadcrumb\",\"itemListElement\":[{\"@type\":\"ListItem\",\"position\":1,\"name\":\"Inicio\",\"item\":\"https:\\\/\\\/www.caudete.org\\\/ayuntamiento\\\/\"},{\"@type\":\"ListItem\",\"position\":2,\"name\":\"El contenedor MARR\u00d3N ya est\u00e1 en las calles de Caudete\"}]},{\"@type\":\"WebSite\",\"@id\":\"https:\\\/\\\/www.caudete.org\\\/ayuntamiento\\\/#website\",\"url\":\"https:\\\/\\\/www.caudete.org\\\/ayuntamiento\\\/\",\"name\":\"MI Ayuntamiento de Caudete\",\"description\":\"P\u00e1gina Oficial del MI Ayuntamiento de Caudete\",\"publisher\":{\"@id\":\"https:\\\/\\\/www.caudete.org\\\/ayuntamiento\\\/#organization\"},\"potentialAction\":[{\"@type\":\"SearchAction\",\"target\":{\"@type\":\"EntryPoint\",\"urlTemplate\":\"https:\\\/\\\/www.caudete.org\\\/ayuntamiento\\\/?s={search_term_string}\"},\"query-input\":{\"@type\":\"PropertyValueSpecification\",\"valueRequired\":true,\"valueName\":\"search_term_string\"}}],\"inLanguage\":\"es\"},{\"@type\":\"Organization\",\"@id\":\"https:\\\/\\\/www.caudete.org\\\/ayuntamiento\\\/#organization\",\"name\":\"Ayuntamiento de Caudete\",\"url\":\"https:\\\/\\\/www.caudete.org\\\/ayuntamiento\\\/\",\"logo\":{\"@type\":\"ImageObject\",\"inLanguage\":\"es\",\"@id\":\"https:\\\/\\\/www.caudete.org\\\/ayuntamiento\\\/#\\\/schema\\\/logo\\\/image\\\/\",\"url\":\"https:\\\/\\\/www.caudete.org\\\/ayuntamiento\\\/wp-content\\\/uploads\\\/2020\\\/11\\\/logo_ayuntamiento_caudete.jpg\",\"contentUrl\":\"https:\\\/\\\/www.caudete.org\\\/ayuntamiento\\\/wp-content\\\/uploads\\\/2020\\\/11\\\/logo_ayuntamiento_caudete.jpg\",\"width\":600,\"height\":150,\"caption\":\"Ayuntamiento de Caudete\"},\"image\":{\"@id\":\"https:\\\/\\\/www.caudete.org\\\/ayuntamiento\\\/#\\\/schema\\\/logo\\\/image\\\/\"},\"sameAs\":[\"https:\\\/\\\/www.facebook.com\\\/ayuntamientocaudete\\\/\",\"https:\\\/\\\/www.youtube.com\\\/channel\\\/UC6VztHaooNsGpw-tNoBEFnQ\"]},{\"@type\":\"Person\",\"@id\":\"https:\\\/\\\/www.caudete.org\\\/ayuntamiento\\\/#\\\/schema\\\/person\\\/cc646da9133078ee4d8dd47457947253\",\"name\":\"alcalde\",\"image\":{\"@type\":\"ImageObject\",\"inLanguage\":\"es\",\"@id\":\"https:\\\/\\\/secure.gravatar.com\\\/avatar\\\/84a817ba065b29ff08d666b215a215f5c79186a645ccb25b14a663d48a130f77?s=96&d=mm&r=g\",\"url\":\"https:\\\/\\\/secure.gravatar.com\\\/avatar\\\/84a817ba065b29ff08d666b215a215f5c79186a645ccb25b14a663d48a130f77?s=96&d=mm&r=g\",\"contentUrl\":\"https:\\\/\\\/secure.gravatar.com\\\/avatar\\\/84a817ba065b29ff08d666b215a215f5c79186a645ccb25b14a663d48a130f77?s=96&d=mm&r=g\",\"caption\":\"alcalde\"},\"url\":\"https:\\\/\\\/www.caudete.org\\\/ayuntamiento\\\/author\\\/alcalde\\\/\"}]}<\/script>\n<!-- \/ Yoast SEO plugin. -->","yoast_head_json":{"title":"El contenedor MARR\u00d3N ya est\u00e1 en las calles de Caudete - MI Ayuntamiento de Caudete","description":"P\u00e1gina Oficial del Ayuntamiento de Caudete (Albacete)","robots":{"index":"index","follow":"follow","max-snippet":"max-snippet:-1","max-image-preview":"max-image-preview:large","max-video-preview":"max-video-preview:-1"},"canonical":"https:\/\/www.caudete.org\/ayuntamiento\/el-contenedor-marron-ya-esta-en-las-calles-de-caudete\/","og_locale":"es_ES","og_type":"article","og_title":"El contenedor MARR\u00d3N ya est\u00e1 en las calles de Caudete - MI Ayuntamiento de Caudete","og_description":"P\u00e1gina Oficial del Ayuntamiento de Caudete (Albacete)","og_url":"https:\/\/www.caudete.org\/ayuntamiento\/el-contenedor-marron-ya-esta-en-las-calles-de-caudete\/","og_site_name":"MI Ayuntamiento de Caudete","article_publisher":"https:\/\/www.facebook.com\/ayuntamientocaudete\/","article_published_time":"2021-01-20T19:04:25+00:00","article_modified_time":"2021-01-30T18:50:33+00:00","og_image":[{"width":1600,"height":1200,"url":"https:\/\/www.caudete.org\/ayuntamiento\/wp-content\/uploads\/2021\/01\/WhatsApp-Image-2021-01-20-at-19.04.02.jpeg","type":"image\/jpeg"}],"author":"alcalde","twitter_card":"summary_large_image","twitter_misc":{"Escrito por":"alcalde","Tiempo de lectura":"4 minutos"},"schema":{"@context":"https:\/\/schema.org","@graph":[{"@type":"Article","@id":"https:\/\/www.caudete.org\/ayuntamiento\/el-contenedor-marron-ya-esta-en-las-calles-de-caudete\/#article","isPartOf":{"@id":"https:\/\/www.caudete.org\/ayuntamiento\/el-contenedor-marron-ya-esta-en-las-calles-de-caudete\/"},"author":{"name":"alcalde","@id":"https:\/\/www.caudete.org\/ayuntamiento\/#\/schema\/person\/cc646da9133078ee4d8dd47457947253"},"headline":"El contenedor MARR\u00d3N ya est\u00e1 en las calles de Caudete","datePublished":"2021-01-20T19:04:25+00:00","dateModified":"2021-01-30T18:50:33+00:00","mainEntityOfPage":{"@id":"https:\/\/www.caudete.org\/ayuntamiento\/el-contenedor-marron-ya-esta-en-las-calles-de-caudete\/"},"wordCount":624,"publisher":{"@id":"https:\/\/www.caudete.org\/ayuntamiento\/#organization"},"image":{"@id":"https:\/\/www.caudete.org\/ayuntamiento\/el-contenedor-marron-ya-esta-en-las-calles-de-caudete\/#primaryimage"},"thumbnailUrl":"https:\/\/www.caudete.org\/ayuntamiento\/wp-content\/uploads\/2021\/01\/WhatsApp-Image-2021-01-20-at-19.04.02.jpeg","keywords":["5\u00ba contenedor","contenedor marron","RSU"],"articleSection":["Servicios"],"inLanguage":"es"},{"@type":"WebPage","@id":"https:\/\/www.caudete.org\/ayuntamiento\/el-contenedor-marron-ya-esta-en-las-calles-de-caudete\/","url":"https:\/\/www.caudete.org\/ayuntamiento\/el-contenedor-marron-ya-esta-en-las-calles-de-caudete\/","name":"El contenedor MARR\u00d3N ya est\u00e1 en las calles de Caudete - MI Ayuntamiento de Caudete","isPartOf":{"@id":"https:\/\/www.caudete.org\/ayuntamiento\/#website"},"primaryImageOfPage":{"@id":"https:\/\/www.caudete.org\/ayuntamiento\/el-contenedor-marron-ya-esta-en-las-calles-de-caudete\/#primaryimage"},"image":{"@id":"https:\/\/www.caudete.org\/ayuntamiento\/el-contenedor-marron-ya-esta-en-las-calles-de-caudete\/#primaryimage"},"thumbnailUrl":"https:\/\/www.caudete.org\/ayuntamiento\/wp-content\/uploads\/2021\/01\/WhatsApp-Image-2021-01-20-at-19.04.02.jpeg","datePublished":"2021-01-20T19:04:25+00:00","dateModified":"2021-01-30T18:50:33+00:00","description":"P\u00e1gina Oficial del Ayuntamiento de Caudete (Albacete)","breadcrumb":{"@id":"https:\/\/www.caudete.org\/ayuntamiento\/el-contenedor-marron-ya-esta-en-las-calles-de-caudete\/#breadcrumb"},"inLanguage":"es","potentialAction":[{"@type":"ReadAction","target":["https:\/\/www.caudete.org\/ayuntamiento\/el-contenedor-marron-ya-esta-en-las-calles-de-caudete\/"]}]},{"@type":"ImageObject","inLanguage":"es","@id":"https:\/\/www.caudete.org\/ayuntamiento\/el-contenedor-marron-ya-esta-en-las-calles-de-caudete\/#primaryimage","url":"https:\/\/www.caudete.org\/ayuntamiento\/wp-content\/uploads\/2021\/01\/WhatsApp-Image-2021-01-20-at-19.04.02.jpeg","contentUrl":"https:\/\/www.caudete.org\/ayuntamiento\/wp-content\/uploads\/2021\/01\/WhatsApp-Image-2021-01-20-at-19.04.02.jpeg","width":1600,"height":1200},{"@type":"BreadcrumbList","@id":"https:\/\/www.caudete.org\/ayuntamiento\/el-contenedor-marron-ya-esta-en-las-calles-de-caudete\/#breadcrumb","itemListElement":[{"@type":"ListItem","position":1,"name":"Inicio","item":"https:\/\/www.caudete.org\/ayuntamiento\/"},{"@type":"ListItem","position":2,"name":"El contenedor MARR\u00d3N ya est\u00e1 en las calles de Caudete"}]},{"@type":"WebSite","@id":"https:\/\/www.caudete.org\/ayuntamiento\/#website","url":"https:\/\/www.caudete.org\/ayuntamiento\/","name":"MI Ayuntamiento de Caudete","description":"P\u00e1gina Oficial del MI Ayuntamiento de Caudete","publisher":{"@id":"https:\/\/www.caudete.org\/ayuntamiento\/#organization"},"potentialAction":[{"@type":"SearchAction","target":{"@type":"EntryPoint","urlTemplate":"https:\/\/www.caudete.org\/ayuntamiento\/?s={search_term_string}"},"query-input":{"@type":"PropertyValueSpecification","valueRequired":true,"valueName":"search_term_string"}}],"inLanguage":"es"},{"@type":"Organization","@id":"https:\/\/www.caudete.org\/ayuntamiento\/#organization","name":"Ayuntamiento de Caudete","url":"https:\/\/www.caudete.org\/ayuntamiento\/","logo":{"@type":"ImageObject","inLanguage":"es","@id":"https:\/\/www.caudete.org\/ayuntamiento\/#\/schema\/logo\/image\/","url":"https:\/\/www.caudete.org\/ayuntamiento\/wp-content\/uploads\/2020\/11\/logo_ayuntamiento_caudete.jpg","contentUrl":"https:\/\/www.caudete.org\/ayuntamiento\/wp-content\/uploads\/2020\/11\/logo_ayuntamiento_caudete.jpg","width":600,"height":150,"caption":"Ayuntamiento de Caudete"},"image":{"@id":"https:\/\/www.caudete.org\/ayuntamiento\/#\/schema\/logo\/image\/"},"sameAs":["https:\/\/www.facebook.com\/ayuntamientocaudete\/","https:\/\/www.youtube.com\/channel\/UC6VztHaooNsGpw-tNoBEFnQ"]},{"@type":"Person","@id":"https:\/\/www.caudete.org\/ayuntamiento\/#\/schema\/person\/cc646da9133078ee4d8dd47457947253","name":"alcalde","image":{"@type":"ImageObject","inLanguage":"es","@id":"https:\/\/secure.gravatar.com\/avatar\/84a817ba065b29ff08d666b215a215f5c79186a645ccb25b14a663d48a130f77?s=96&d=mm&r=g","url":"https:\/\/secure.gravatar.com\/avatar\/84a817ba065b29ff08d666b215a215f5c79186a645ccb25b14a663d48a130f77?s=96&d=mm&r=g","contentUrl":"https:\/\/secure.gravatar.com\/avatar\/84a817ba065b29ff08d666b215a215f5c79186a645ccb25b14a663d48a130f77?s=96&d=mm&r=g","caption":"alcalde"},"url":"https:\/\/www.caudete.org\/ayuntamiento\/author\/alcalde\/"}]}},"_links":{"self":[{"href":"https:\/\/www.caudete.org\/ayuntamiento\/wp-json\/wp\/v2\/posts\/11670","targetHints":{"allow":["GET"]}}],"collection":[{"href":"https:\/\/www.caudete.org\/ayuntamiento\/wp-json\/wp\/v2\/posts"}],"about":[{"href":"https:\/\/www.caudete.org\/ayuntamiento\/wp-json\/wp\/v2\/types\/post"}],"author":[{"embeddable":true,"href":"https:\/\/www.caudete.org\/ayuntamiento\/wp-json\/wp\/v2\/users\/3"}],"replies":[{"embeddable":true,"href":"https:\/\/www.caudete.org\/ayuntamiento\/wp-json\/wp\/v2\/comments?post=11670"}],"version-history":[{"count":3,"href":"https:\/\/www.caudete.org\/ayuntamiento\/wp-json\/wp\/v2\/posts\/11670\/revisions"}],"predecessor-version":[{"id":11869,"href":"https:\/\/www.caudete.org\/ayuntamiento\/wp-json\/wp\/v2\/posts\/11670\/revisions\/11869"}],"wp:featuredmedia":[{"embeddable":true,"href":"https:\/\/www.caudete.org\/ayuntamiento\/wp-json\/wp\/v2\/media\/11674"}],"wp:attachment":[{"href":"https:\/\/www.caudete.org\/ayuntamiento\/wp-json\/wp\/v2\/media?parent=11670"}],"wp:term":[{"taxonomy":"category","embeddable":true,"href":"https:\/\/www.caudete.org\/ayuntamiento\/wp-json\/wp\/v2\/categories?post=11670"},{"taxonomy":"post_tag","embeddable":true,"href":"https:\/\/www.caudete.org\/ayuntamiento\/wp-json\/wp\/v2\/tags?post=11670"}],"curies":[{"name":"wp","href":"https:\/\/api.w.org\/{rel}","templated":true}]}}