{"id":11685,"date":"2021-01-21T16:04:18","date_gmt":"2021-01-21T15:04:18","guid":{"rendered":"https:\/\/www.caudete.org\/ayuntamiento\/?p=11685"},"modified":"2021-01-21T16:17:05","modified_gmt":"2021-01-21T15:17:05","slug":"los-alumnos-de-artes-marciales-de-las-escuelas-deportivas-municipales-continuan-su-participacion-en-los-campeonatos-virtuales-de-kata","status":"publish","type":"post","link":"https:\/\/www.caudete.org\/ayuntamiento\/los-alumnos-de-artes-marciales-de-las-escuelas-deportivas-municipales-continuan-su-participacion-en-los-campeonatos-virtuales-de-kata\/","title":{"rendered":"Los alumnos de artes marciales de las Escuelas Deportivas Municipales contin\u00faan su participaci\u00f3n en los campeonatos virtuales de Kata."},"content":{"rendered":"<p>La actual situaci\u00f3n de crisis sanitaria no est\u00e1 permitiendo actualmente el funcionamiento presencial de las Escuelas Deportivas Municipales. Sin embargo esta situaci\u00f3n no es \u00f3bice para que los alumnos de Artes Marciales del \u00c1rea de Deportes del Ayuntamiento de Caudete participaran en el <strong>I Campeonato virtual de Kata, \u201cInter-Dojos<\/strong>\u201d. Durante la competici\u00f3n los participantes consiguieron estar a la cabeza de las m\u00e1s altas puntuaciones en el desarrollo de la competici\u00f3n, de la que se proclamaba campe\u00f3n el caudetano Daniel Lillo, que lograba hacerse con la puntuaci\u00f3n m\u00e1s alta del campeonato.<\/p>\n<p>El pr\u00f3ximo d\u00eda <strong>13 de febrero<\/strong> tendr\u00e1 lugar la segunda ronda esta vez en la modalidad <strong>&#8220;Jiju Kata&#8221;<\/strong>, en la que no s\u00f3lo se valora los aspectos t\u00e9cnicos, sino tambi\u00e9n la creatividad y desarrollo por parte del competidor.<\/p>\n<p>Todos los competidores participantes deber\u00e1n presentar la grabaci\u00f3n de su trabajo antes de las 18:00 del s\u00e1bado 13 de febrero, momento en el que tras cerrarse la recepci\u00f3n de los participantes, se efectuar\u00e1 el sorteo para la presentaci\u00f3n y puntuaci\u00f3n de cada uno de los competidores por los \u00e1rbitros de la competici\u00f3n. La mesa de arbitraje estar\u00e1 compuesta por 5 jueces qu\u00e9 emitir\u00e1n sus correspondientes puntuaciones, desestim\u00e1ndose la m\u00e1s alta y m\u00e1s baja.<\/p>\n<p>Las categor\u00edas, en las que se desarrollar\u00e1 est\u00e1 segunda ronda, ser\u00e1n en la modalidad de masculino y femenino (-12 a\u00f1os, -18 a\u00f1os y + 18 a\u00f1os).<\/p>\n<p>La entrega de trofeos tendr\u00e1 lugar cuando se regrese f\u00edsicamente a las clases de las Escuelas Deportivas Municipales.<\/p>\n<p>Desde la Concejal\u00eda de Deportes del Ayuntamiento de Caudete queremos mandar un <strong>mensaje de \u00e1nimo a todos\/as nuestros\/as alumnos\/as de las Escuelas Deportivas de Artes Marciales<\/strong>, a la vez que aprovechar para agradecer el esfuerzo y entrega de su maestro, Luis Miguel L\u00f3pez.<\/p>\n","protected":false},"excerpt":{"rendered":"<p>La actual situaci\u00f3n de crisis sanitaria no est\u00e1 permitiendo actualmente el funcionamiento presencial de las Escuelas Deportivas Municipales. Sin embargo esta situaci\u00f3n no es \u00f3bice para que los alumnos de Artes Marciales del \u00c1rea de Deportes del Ayuntamiento de Caudete participaran en el I Campeonato virtual de Kata, \u201cInter-Dojos\u201d. Durante la competici\u00f3n los participantes consiguieron &hellip;<\/p>\n","protected":false},"author":2,"featured_media":11687,"comment_status":"closed","ping_status":"open","sticky":false,"template":"","format":"standard","meta":{"ngg_post_thumbnail":0,"footnotes":""},"categories":[23],"tags":[278,279,277],"class_list":["post-11685","post","type-post","status-publish","format-standard","has-post-thumbnail","hentry","category-deportes","tag-concejalia-deportes","tag-inter-dojos","tag-jiju-kata"],"yoast_head":"<!-- This site is optimized with the Yoast SEO plugin v27.4 - https:\/\/yoast.com\/product\/yoast-seo-wordpress\/ -->\n<title>Los alumnos de artes marciales de las Escuelas Deportivas Municipales contin\u00faan su participaci\u00f3n en los campeonatos virtuales de Kata. - MI Ayuntamiento de Caudete<\/title>\n<meta name=\"description\" content=\"P\u00e1gina Oficial del Ayuntamiento de Caudete (Albacete)\" \/>\n<meta name=\"robots\" content=\"index, follow, max-snippet:-1, max-image-preview:large, max-video-preview:-1\" \/>\n<link rel=\"canonical\" href=\"https:\/\/www.caudete.org\/ayuntamiento\/los-alumnos-de-artes-marciales-de-las-escuelas-deportivas-municipales-continuan-su-participacion-en-los-campeonatos-virtuales-de-kata\/\" \/>\n<meta property=\"og:locale\" content=\"es_ES\" \/>\n<meta property=\"og:type\" content=\"article\" \/>\n<meta property=\"og:title\" content=\"Los alumnos de artes marciales de las Escuelas Deportivas Municipales contin\u00faan su participaci\u00f3n en los campeonatos virtuales de Kata. - MI Ayuntamiento de Caudete\" \/>\n<meta property=\"og:description\" content=\"P\u00e1gina Oficial del Ayuntamiento de Caudete (Albacete)\" \/>\n<meta property=\"og:url\" content=\"https:\/\/www.caudete.org\/ayuntamiento\/los-alumnos-de-artes-marciales-de-las-escuelas-deportivas-municipales-continuan-su-participacion-en-los-campeonatos-virtuales-de-kata\/\" \/>\n<meta property=\"og:site_name\" content=\"MI Ayuntamiento de Caudete\" \/>\n<meta property=\"article:publisher\" content=\"https:\/\/www.facebook.com\/ayuntamientocaudete\/\" \/>\n<meta property=\"article:published_time\" content=\"2021-01-21T15:04:18+00:00\" \/>\n<meta property=\"article:modified_time\" content=\"2021-01-21T15:17:05+00:00\" \/>\n<meta property=\"og:image\" content=\"https:\/\/www.caudete.org\/ayuntamiento\/wp-content\/uploads\/2021\/01\/CARTEL-HORIZONTAL-VIRTUAL-KATA-1.jpg\" \/>\n\t<meta property=\"og:image:width\" content=\"1920\" \/>\n\t<meta property=\"og:image:height\" content=\"958\" \/>\n\t<meta property=\"og:image:type\" content=\"image\/jpeg\" \/>\n<meta name=\"author\" content=\"Juan\" \/>\n<meta name=\"twitter:card\" content=\"summary_large_image\" \/>\n<meta name=\"twitter:label1\" content=\"Escrito por\" \/>\n\t<meta name=\"twitter:data1\" content=\"Juan\" \/>\n\t<meta name=\"twitter:label2\" content=\"Tiempo de lectura\" \/>\n\t<meta name=\"twitter:data2\" content=\"2 minutos\" \/>\n<script type=\"application\/ld+json\" class=\"yoast-schema-graph\">{\"@context\":\"https:\\\/\\\/schema.org\",\"@graph\":[{\"@type\":\"Article\",\"@id\":\"https:\\\/\\\/www.caudete.org\\\/ayuntamiento\\\/los-alumnos-de-artes-marciales-de-las-escuelas-deportivas-municipales-continuan-su-participacion-en-los-campeonatos-virtuales-de-kata\\\/#article\",\"isPartOf\":{\"@id\":\"https:\\\/\\\/www.caudete.org\\\/ayuntamiento\\\/los-alumnos-de-artes-marciales-de-las-escuelas-deportivas-municipales-continuan-su-participacion-en-los-campeonatos-virtuales-de-kata\\\/\"},\"author\":{\"name\":\"Juan\",\"@id\":\"https:\\\/\\\/www.caudete.org\\\/ayuntamiento\\\/#\\\/schema\\\/person\\\/7656a5bb58fca95b9814e940de0fda63\"},\"headline\":\"Los alumnos de artes marciales de las Escuelas Deportivas Municipales contin\u00faan su participaci\u00f3n en los campeonatos virtuales de Kata.\",\"datePublished\":\"2021-01-21T15:04:18+00:00\",\"dateModified\":\"2021-01-21T15:17:05+00:00\",\"mainEntityOfPage\":{\"@id\":\"https:\\\/\\\/www.caudete.org\\\/ayuntamiento\\\/los-alumnos-de-artes-marciales-de-las-escuelas-deportivas-municipales-continuan-su-participacion-en-los-campeonatos-virtuales-de-kata\\\/\"},\"wordCount\":338,\"publisher\":{\"@id\":\"https:\\\/\\\/www.caudete.org\\\/ayuntamiento\\\/#organization\"},\"image\":{\"@id\":\"https:\\\/\\\/www.caudete.org\\\/ayuntamiento\\\/los-alumnos-de-artes-marciales-de-las-escuelas-deportivas-municipales-continuan-su-participacion-en-los-campeonatos-virtuales-de-kata\\\/#primaryimage\"},\"thumbnailUrl\":\"https:\\\/\\\/www.caudete.org\\\/ayuntamiento\\\/wp-content\\\/uploads\\\/2021\\\/01\\\/CARTEL-HORIZONTAL-VIRTUAL-KATA-1.jpg\",\"keywords\":[\"Concejalia Deportes\",\"Inter-Dojos\",\"Jiju Kata\"],\"articleSection\":[\"Deportes\"],\"inLanguage\":\"es\"},{\"@type\":\"WebPage\",\"@id\":\"https:\\\/\\\/www.caudete.org\\\/ayuntamiento\\\/los-alumnos-de-artes-marciales-de-las-escuelas-deportivas-municipales-continuan-su-participacion-en-los-campeonatos-virtuales-de-kata\\\/\",\"url\":\"https:\\\/\\\/www.caudete.org\\\/ayuntamiento\\\/los-alumnos-de-artes-marciales-de-las-escuelas-deportivas-municipales-continuan-su-participacion-en-los-campeonatos-virtuales-de-kata\\\/\",\"name\":\"Los alumnos de artes marciales de las Escuelas Deportivas Municipales contin\u00faan su participaci\u00f3n en los campeonatos virtuales de Kata. - MI Ayuntamiento de Caudete\",\"isPartOf\":{\"@id\":\"https:\\\/\\\/www.caudete.org\\\/ayuntamiento\\\/#website\"},\"primaryImageOfPage\":{\"@id\":\"https:\\\/\\\/www.caudete.org\\\/ayuntamiento\\\/los-alumnos-de-artes-marciales-de-las-escuelas-deportivas-municipales-continuan-su-participacion-en-los-campeonatos-virtuales-de-kata\\\/#primaryimage\"},\"image\":{\"@id\":\"https:\\\/\\\/www.caudete.org\\\/ayuntamiento\\\/los-alumnos-de-artes-marciales-de-las-escuelas-deportivas-municipales-continuan-su-participacion-en-los-campeonatos-virtuales-de-kata\\\/#primaryimage\"},\"thumbnailUrl\":\"https:\\\/\\\/www.caudete.org\\\/ayuntamiento\\\/wp-content\\\/uploads\\\/2021\\\/01\\\/CARTEL-HORIZONTAL-VIRTUAL-KATA-1.jpg\",\"datePublished\":\"2021-01-21T15:04:18+00:00\",\"dateModified\":\"2021-01-21T15:17:05+00:00\",\"description\":\"P\u00e1gina Oficial del Ayuntamiento de Caudete (Albacete)\",\"breadcrumb\":{\"@id\":\"https:\\\/\\\/www.caudete.org\\\/ayuntamiento\\\/los-alumnos-de-artes-marciales-de-las-escuelas-deportivas-municipales-continuan-su-participacion-en-los-campeonatos-virtuales-de-kata\\\/#breadcrumb\"},\"inLanguage\":\"es\",\"potentialAction\":[{\"@type\":\"ReadAction\",\"target\":[\"https:\\\/\\\/www.caudete.org\\\/ayuntamiento\\\/los-alumnos-de-artes-marciales-de-las-escuelas-deportivas-municipales-continuan-su-participacion-en-los-campeonatos-virtuales-de-kata\\\/\"]}]},{\"@type\":\"ImageObject\",\"inLanguage\":\"es\",\"@id\":\"https:\\\/\\\/www.caudete.org\\\/ayuntamiento\\\/los-alumnos-de-artes-marciales-de-las-escuelas-deportivas-municipales-continuan-su-participacion-en-los-campeonatos-virtuales-de-kata\\\/#primaryimage\",\"url\":\"https:\\\/\\\/www.caudete.org\\\/ayuntamiento\\\/wp-content\\\/uploads\\\/2021\\\/01\\\/CARTEL-HORIZONTAL-VIRTUAL-KATA-1.jpg\",\"contentUrl\":\"https:\\\/\\\/www.caudete.org\\\/ayuntamiento\\\/wp-content\\\/uploads\\\/2021\\\/01\\\/CARTEL-HORIZONTAL-VIRTUAL-KATA-1.jpg\",\"width\":1920,\"height\":958},{\"@type\":\"BreadcrumbList\",\"@id\":\"https:\\\/\\\/www.caudete.org\\\/ayuntamiento\\\/los-alumnos-de-artes-marciales-de-las-escuelas-deportivas-municipales-continuan-su-participacion-en-los-campeonatos-virtuales-de-kata\\\/#breadcrumb\",\"itemListElement\":[{\"@type\":\"ListItem\",\"position\":1,\"name\":\"Inicio\",\"item\":\"https:\\\/\\\/www.caudete.org\\\/ayuntamiento\\\/\"},{\"@type\":\"ListItem\",\"position\":2,\"name\":\"Los alumnos de artes marciales de las Escuelas Deportivas Municipales contin\u00faan su participaci\u00f3n en los campeonatos virtuales de Kata.\"}]},{\"@type\":\"WebSite\",\"@id\":\"https:\\\/\\\/www.caudete.org\\\/ayuntamiento\\\/#website\",\"url\":\"https:\\\/\\\/www.caudete.org\\\/ayuntamiento\\\/\",\"name\":\"MI Ayuntamiento de Caudete\",\"description\":\"P\u00e1gina Oficial del MI Ayuntamiento de Caudete\",\"publisher\":{\"@id\":\"https:\\\/\\\/www.caudete.org\\\/ayuntamiento\\\/#organization\"},\"potentialAction\":[{\"@type\":\"SearchAction\",\"target\":{\"@type\":\"EntryPoint\",\"urlTemplate\":\"https:\\\/\\\/www.caudete.org\\\/ayuntamiento\\\/?s={search_term_string}\"},\"query-input\":{\"@type\":\"PropertyValueSpecification\",\"valueRequired\":true,\"valueName\":\"search_term_string\"}}],\"inLanguage\":\"es\"},{\"@type\":\"Organization\",\"@id\":\"https:\\\/\\\/www.caudete.org\\\/ayuntamiento\\\/#organization\",\"name\":\"Ayuntamiento de Caudete\",\"url\":\"https:\\\/\\\/www.caudete.org\\\/ayuntamiento\\\/\",\"logo\":{\"@type\":\"ImageObject\",\"inLanguage\":\"es\",\"@id\":\"https:\\\/\\\/www.caudete.org\\\/ayuntamiento\\\/#\\\/schema\\\/logo\\\/image\\\/\",\"url\":\"https:\\\/\\\/www.caudete.org\\\/ayuntamiento\\\/wp-content\\\/uploads\\\/2020\\\/11\\\/logo_ayuntamiento_caudete.jpg\",\"contentUrl\":\"https:\\\/\\\/www.caudete.org\\\/ayuntamiento\\\/wp-content\\\/uploads\\\/2020\\\/11\\\/logo_ayuntamiento_caudete.jpg\",\"width\":600,\"height\":150,\"caption\":\"Ayuntamiento de Caudete\"},\"image\":{\"@id\":\"https:\\\/\\\/www.caudete.org\\\/ayuntamiento\\\/#\\\/schema\\\/logo\\\/image\\\/\"},\"sameAs\":[\"https:\\\/\\\/www.facebook.com\\\/ayuntamientocaudete\\\/\",\"https:\\\/\\\/www.youtube.com\\\/channel\\\/UC6VztHaooNsGpw-tNoBEFnQ\"]},{\"@type\":\"Person\",\"@id\":\"https:\\\/\\\/www.caudete.org\\\/ayuntamiento\\\/#\\\/schema\\\/person\\\/7656a5bb58fca95b9814e940de0fda63\",\"name\":\"Juan\",\"image\":{\"@type\":\"ImageObject\",\"inLanguage\":\"es\",\"@id\":\"https:\\\/\\\/secure.gravatar.com\\\/avatar\\\/dd53e51c0cd6ab23f52d4f3e4f1c59730240727763de3dbbf26750b079a2c292?s=96&d=mm&r=g\",\"url\":\"https:\\\/\\\/secure.gravatar.com\\\/avatar\\\/dd53e51c0cd6ab23f52d4f3e4f1c59730240727763de3dbbf26750b079a2c292?s=96&d=mm&r=g\",\"contentUrl\":\"https:\\\/\\\/secure.gravatar.com\\\/avatar\\\/dd53e51c0cd6ab23f52d4f3e4f1c59730240727763de3dbbf26750b079a2c292?s=96&d=mm&r=g\",\"caption\":\"Juan\"},\"url\":\"https:\\\/\\\/www.caudete.org\\\/ayuntamiento\\\/author\\\/centrodeinternet\\\/\"}]}<\/script>\n<!-- \/ Yoast SEO plugin. -->","yoast_head_json":{"title":"Los alumnos de artes marciales de las Escuelas Deportivas Municipales contin\u00faan su participaci\u00f3n en los campeonatos virtuales de Kata. - MI Ayuntamiento de Caudete","description":"P\u00e1gina Oficial del Ayuntamiento de Caudete (Albacete)","robots":{"index":"index","follow":"follow","max-snippet":"max-snippet:-1","max-image-preview":"max-image-preview:large","max-video-preview":"max-video-preview:-1"},"canonical":"https:\/\/www.caudete.org\/ayuntamiento\/los-alumnos-de-artes-marciales-de-las-escuelas-deportivas-municipales-continuan-su-participacion-en-los-campeonatos-virtuales-de-kata\/","og_locale":"es_ES","og_type":"article","og_title":"Los alumnos de artes marciales de las Escuelas Deportivas Municipales contin\u00faan su participaci\u00f3n en los campeonatos virtuales de Kata. - MI Ayuntamiento de Caudete","og_description":"P\u00e1gina Oficial del Ayuntamiento de Caudete (Albacete)","og_url":"https:\/\/www.caudete.org\/ayuntamiento\/los-alumnos-de-artes-marciales-de-las-escuelas-deportivas-municipales-continuan-su-participacion-en-los-campeonatos-virtuales-de-kata\/","og_site_name":"MI Ayuntamiento de Caudete","article_publisher":"https:\/\/www.facebook.com\/ayuntamientocaudete\/","article_published_time":"2021-01-21T15:04:18+00:00","article_modified_time":"2021-01-21T15:17:05+00:00","og_image":[{"width":1920,"height":958,"url":"https:\/\/www.caudete.org\/ayuntamiento\/wp-content\/uploads\/2021\/01\/CARTEL-HORIZONTAL-VIRTUAL-KATA-1.jpg","type":"image\/jpeg"}],"author":"Juan","twitter_card":"summary_large_image","twitter_misc":{"Escrito por":"Juan","Tiempo de lectura":"2 minutos"},"schema":{"@context":"https:\/\/schema.org","@graph":[{"@type":"Article","@id":"https:\/\/www.caudete.org\/ayuntamiento\/los-alumnos-de-artes-marciales-de-las-escuelas-deportivas-municipales-continuan-su-participacion-en-los-campeonatos-virtuales-de-kata\/#article","isPartOf":{"@id":"https:\/\/www.caudete.org\/ayuntamiento\/los-alumnos-de-artes-marciales-de-las-escuelas-deportivas-municipales-continuan-su-participacion-en-los-campeonatos-virtuales-de-kata\/"},"author":{"name":"Juan","@id":"https:\/\/www.caudete.org\/ayuntamiento\/#\/schema\/person\/7656a5bb58fca95b9814e940de0fda63"},"headline":"Los alumnos de artes marciales de las Escuelas Deportivas Municipales contin\u00faan su participaci\u00f3n en los campeonatos virtuales de Kata.","datePublished":"2021-01-21T15:04:18+00:00","dateModified":"2021-01-21T15:17:05+00:00","mainEntityOfPage":{"@id":"https:\/\/www.caudete.org\/ayuntamiento\/los-alumnos-de-artes-marciales-de-las-escuelas-deportivas-municipales-continuan-su-participacion-en-los-campeonatos-virtuales-de-kata\/"},"wordCount":338,"publisher":{"@id":"https:\/\/www.caudete.org\/ayuntamiento\/#organization"},"image":{"@id":"https:\/\/www.caudete.org\/ayuntamiento\/los-alumnos-de-artes-marciales-de-las-escuelas-deportivas-municipales-continuan-su-participacion-en-los-campeonatos-virtuales-de-kata\/#primaryimage"},"thumbnailUrl":"https:\/\/www.caudete.org\/ayuntamiento\/wp-content\/uploads\/2021\/01\/CARTEL-HORIZONTAL-VIRTUAL-KATA-1.jpg","keywords":["Concejalia Deportes","Inter-Dojos","Jiju Kata"],"articleSection":["Deportes"],"inLanguage":"es"},{"@type":"WebPage","@id":"https:\/\/www.caudete.org\/ayuntamiento\/los-alumnos-de-artes-marciales-de-las-escuelas-deportivas-municipales-continuan-su-participacion-en-los-campeonatos-virtuales-de-kata\/","url":"https:\/\/www.caudete.org\/ayuntamiento\/los-alumnos-de-artes-marciales-de-las-escuelas-deportivas-municipales-continuan-su-participacion-en-los-campeonatos-virtuales-de-kata\/","name":"Los alumnos de artes marciales de las Escuelas Deportivas Municipales contin\u00faan su participaci\u00f3n en los campeonatos virtuales de Kata. - MI Ayuntamiento de Caudete","isPartOf":{"@id":"https:\/\/www.caudete.org\/ayuntamiento\/#website"},"primaryImageOfPage":{"@id":"https:\/\/www.caudete.org\/ayuntamiento\/los-alumnos-de-artes-marciales-de-las-escuelas-deportivas-municipales-continuan-su-participacion-en-los-campeonatos-virtuales-de-kata\/#primaryimage"},"image":{"@id":"https:\/\/www.caudete.org\/ayuntamiento\/los-alumnos-de-artes-marciales-de-las-escuelas-deportivas-municipales-continuan-su-participacion-en-los-campeonatos-virtuales-de-kata\/#primaryimage"},"thumbnailUrl":"https:\/\/www.caudete.org\/ayuntamiento\/wp-content\/uploads\/2021\/01\/CARTEL-HORIZONTAL-VIRTUAL-KATA-1.jpg","datePublished":"2021-01-21T15:04:18+00:00","dateModified":"2021-01-21T15:17:05+00:00","description":"P\u00e1gina Oficial del Ayuntamiento de Caudete (Albacete)","breadcrumb":{"@id":"https:\/\/www.caudete.org\/ayuntamiento\/los-alumnos-de-artes-marciales-de-las-escuelas-deportivas-municipales-continuan-su-participacion-en-los-campeonatos-virtuales-de-kata\/#breadcrumb"},"inLanguage":"es","potentialAction":[{"@type":"ReadAction","target":["https:\/\/www.caudete.org\/ayuntamiento\/los-alumnos-de-artes-marciales-de-las-escuelas-deportivas-municipales-continuan-su-participacion-en-los-campeonatos-virtuales-de-kata\/"]}]},{"@type":"ImageObject","inLanguage":"es","@id":"https:\/\/www.caudete.org\/ayuntamiento\/los-alumnos-de-artes-marciales-de-las-escuelas-deportivas-municipales-continuan-su-participacion-en-los-campeonatos-virtuales-de-kata\/#primaryimage","url":"https:\/\/www.caudete.org\/ayuntamiento\/wp-content\/uploads\/2021\/01\/CARTEL-HORIZONTAL-VIRTUAL-KATA-1.jpg","contentUrl":"https:\/\/www.caudete.org\/ayuntamiento\/wp-content\/uploads\/2021\/01\/CARTEL-HORIZONTAL-VIRTUAL-KATA-1.jpg","width":1920,"height":958},{"@type":"BreadcrumbList","@id":"https:\/\/www.caudete.org\/ayuntamiento\/los-alumnos-de-artes-marciales-de-las-escuelas-deportivas-municipales-continuan-su-participacion-en-los-campeonatos-virtuales-de-kata\/#breadcrumb","itemListElement":[{"@type":"ListItem","position":1,"name":"Inicio","item":"https:\/\/www.caudete.org\/ayuntamiento\/"},{"@type":"ListItem","position":2,"name":"Los alumnos de artes marciales de las Escuelas Deportivas Municipales contin\u00faan su participaci\u00f3n en los campeonatos virtuales de Kata."}]},{"@type":"WebSite","@id":"https:\/\/www.caudete.org\/ayuntamiento\/#website","url":"https:\/\/www.caudete.org\/ayuntamiento\/","name":"MI Ayuntamiento de Caudete","description":"P\u00e1gina Oficial del MI Ayuntamiento de Caudete","publisher":{"@id":"https:\/\/www.caudete.org\/ayuntamiento\/#organization"},"potentialAction":[{"@type":"SearchAction","target":{"@type":"EntryPoint","urlTemplate":"https:\/\/www.caudete.org\/ayuntamiento\/?s={search_term_string}"},"query-input":{"@type":"PropertyValueSpecification","valueRequired":true,"valueName":"search_term_string"}}],"inLanguage":"es"},{"@type":"Organization","@id":"https:\/\/www.caudete.org\/ayuntamiento\/#organization","name":"Ayuntamiento de Caudete","url":"https:\/\/www.caudete.org\/ayuntamiento\/","logo":{"@type":"ImageObject","inLanguage":"es","@id":"https:\/\/www.caudete.org\/ayuntamiento\/#\/schema\/logo\/image\/","url":"https:\/\/www.caudete.org\/ayuntamiento\/wp-content\/uploads\/2020\/11\/logo_ayuntamiento_caudete.jpg","contentUrl":"https:\/\/www.caudete.org\/ayuntamiento\/wp-content\/uploads\/2020\/11\/logo_ayuntamiento_caudete.jpg","width":600,"height":150,"caption":"Ayuntamiento de Caudete"},"image":{"@id":"https:\/\/www.caudete.org\/ayuntamiento\/#\/schema\/logo\/image\/"},"sameAs":["https:\/\/www.facebook.com\/ayuntamientocaudete\/","https:\/\/www.youtube.com\/channel\/UC6VztHaooNsGpw-tNoBEFnQ"]},{"@type":"Person","@id":"https:\/\/www.caudete.org\/ayuntamiento\/#\/schema\/person\/7656a5bb58fca95b9814e940de0fda63","name":"Juan","image":{"@type":"ImageObject","inLanguage":"es","@id":"https:\/\/secure.gravatar.com\/avatar\/dd53e51c0cd6ab23f52d4f3e4f1c59730240727763de3dbbf26750b079a2c292?s=96&d=mm&r=g","url":"https:\/\/secure.gravatar.com\/avatar\/dd53e51c0cd6ab23f52d4f3e4f1c59730240727763de3dbbf26750b079a2c292?s=96&d=mm&r=g","contentUrl":"https:\/\/secure.gravatar.com\/avatar\/dd53e51c0cd6ab23f52d4f3e4f1c59730240727763de3dbbf26750b079a2c292?s=96&d=mm&r=g","caption":"Juan"},"url":"https:\/\/www.caudete.org\/ayuntamiento\/author\/centrodeinternet\/"}]}},"_links":{"self":[{"href":"https:\/\/www.caudete.org\/ayuntamiento\/wp-json\/wp\/v2\/posts\/11685","targetHints":{"allow":["GET"]}}],"collection":[{"href":"https:\/\/www.caudete.org\/ayuntamiento\/wp-json\/wp\/v2\/posts"}],"about":[{"href":"https:\/\/www.caudete.org\/ayuntamiento\/wp-json\/wp\/v2\/types\/post"}],"author":[{"embeddable":true,"href":"https:\/\/www.caudete.org\/ayuntamiento\/wp-json\/wp\/v2\/users\/2"}],"replies":[{"embeddable":true,"href":"https:\/\/www.caudete.org\/ayuntamiento\/wp-json\/wp\/v2\/comments?post=11685"}],"version-history":[{"count":3,"href":"https:\/\/www.caudete.org\/ayuntamiento\/wp-json\/wp\/v2\/posts\/11685\/revisions"}],"predecessor-version":[{"id":11689,"href":"https:\/\/www.caudete.org\/ayuntamiento\/wp-json\/wp\/v2\/posts\/11685\/revisions\/11689"}],"wp:featuredmedia":[{"embeddable":true,"href":"https:\/\/www.caudete.org\/ayuntamiento\/wp-json\/wp\/v2\/media\/11687"}],"wp:attachment":[{"href":"https:\/\/www.caudete.org\/ayuntamiento\/wp-json\/wp\/v2\/media?parent=11685"}],"wp:term":[{"taxonomy":"category","embeddable":true,"href":"https:\/\/www.caudete.org\/ayuntamiento\/wp-json\/wp\/v2\/categories?post=11685"},{"taxonomy":"post_tag","embeddable":true,"href":"https:\/\/www.caudete.org\/ayuntamiento\/wp-json\/wp\/v2\/tags?post=11685"}],"curies":[{"name":"wp","href":"https:\/\/api.w.org\/{rel}","templated":true}]}}