{"id":11737,"date":"2021-01-25T19:30:57","date_gmt":"2021-01-25T18:30:57","guid":{"rendered":"https:\/\/www.caudete.org\/ayuntamiento\/?p=11737"},"modified":"2021-01-25T19:26:52","modified_gmt":"2021-01-25T18:26:52","slug":"traslado-de-farolas-eliminado-un-viejo-problema-de-accesibilidad-en-las-jornetas","status":"publish","type":"post","link":"https:\/\/www.caudete.org\/ayuntamiento\/traslado-de-farolas-eliminado-un-viejo-problema-de-accesibilidad-en-las-jornetas\/","title":{"rendered":"Solucionado un viejo problema de accesibilidad en Las Jornetas"},"content":{"rendered":"<p style=\"text-align: justify;\">La Brigada de Obras Municipal centra parte de su trabajo desde hace unos d\u00edas en ejecutar la soluci\u00f3n a un problema que desde hace varias d\u00e9cadas los caudetanos demandaban: resolver la falta de accesibilidad que la Avenida de Las Jornetas presentaba, concretamente, sobre el primer tramo, donde las farolas, situadas en la acera dificultaba el tr\u00e1nsito peatonal, poniendo en riesgo a los viandantes.<\/p>\n<p style=\"text-align: justify;\">Para ello, la Concejal\u00eda de Accesibilidad junto a la de Obras que gestionan Joaqu\u00edn Pag\u00e1n y Marian Ballester, han estado dise\u00f1ando una soluci\u00f3n integral en dicho tramo junto a los T\u00e9cnicos Municipales, trasladando las mismas hasta la acera de enfrente, donde adem\u00e1s, construir\u00e1n una zona de paso para peatones (acera) de al menos 1&#8217;80 m y todo un cord\u00f3n verde entre \u00e9sta y la zona de circulaci\u00f3n de veh\u00edculos, con 9 \u00e1rboles de sombra y arbustos que adem\u00e1s de servir como barrera protectora al peat\u00f3n, permitir\u00e1 dar continuidad al arbolado urbano existente en dicha Avenida.<\/p>\n<p style=\"text-align: justify;\">Los trabajos finalizar\u00e1n en las pr\u00f3ximas semanas hasta dejar completamente acabada la actuaci\u00f3n, siendo \u00e9ste &#8220;uno de los compromisos adquiridos por el Equipo de Gobierno Municipal con los caudetanos, dando as\u00ed soluci\u00f3n a una cuesti\u00f3n de muchos a\u00f1os demandada por los ciudadanos&#8221; remarcaba el Alcalde, agradeciendo &#8220;la gesti\u00f3n que sus ediles est\u00e1n realizando para dar respuesta y soluci\u00f3n a problemas que hasta ahora no hab\u00edan sido escuchados&#8221;, estando por tanto &#8220;satisfecho con el trabajo realizado por parte de la Brigada de Obras y de los T\u00e9cnicos Municipales&#8221;.<\/p>\n<p>&nbsp;<\/p>\n","protected":false},"excerpt":{"rendered":"<p>La Brigada de Obras Municipal centra parte de su trabajo desde hace unos d\u00edas en ejecutar la soluci\u00f3n a un problema que desde hace varias d\u00e9cadas los caudetanos demandaban: resolver la falta de accesibilidad que la Avenida de Las Jornetas presentaba, concretamente, sobre el primer tramo, donde las farolas, situadas en la acera dificultaba el &hellip;<\/p>\n","protected":false},"author":3,"featured_media":11750,"comment_status":"closed","ping_status":"open","sticky":false,"template":"","format":"standard","meta":{"ngg_post_thumbnail":0,"footnotes":""},"categories":[47],"tags":[182,290,289,288],"class_list":["post-11737","post","type-post","status-publish","format-standard","has-post-thumbnail","hentry","category-accesibilidad","tag-accesibilidad","tag-acera","tag-farolas","tag-jornetas"],"yoast_head":"<!-- This site is optimized with the Yoast SEO plugin v27.4 - https:\/\/yoast.com\/product\/yoast-seo-wordpress\/ -->\n<title>Solucionado un viejo problema de accesibilidad en Las Jornetas - MI Ayuntamiento de Caudete<\/title>\n<meta name=\"description\" content=\"P\u00e1gina Oficial del Ayuntamiento de Caudete (Albacete)\" \/>\n<meta name=\"robots\" content=\"index, follow, max-snippet:-1, max-image-preview:large, max-video-preview:-1\" \/>\n<link rel=\"canonical\" href=\"https:\/\/www.caudete.org\/ayuntamiento\/traslado-de-farolas-eliminado-un-viejo-problema-de-accesibilidad-en-las-jornetas\/\" \/>\n<meta property=\"og:locale\" content=\"es_ES\" \/>\n<meta property=\"og:type\" content=\"article\" \/>\n<meta property=\"og:title\" content=\"Solucionado un viejo problema de accesibilidad en Las Jornetas - MI Ayuntamiento de Caudete\" \/>\n<meta property=\"og:description\" content=\"P\u00e1gina Oficial del Ayuntamiento de Caudete (Albacete)\" \/>\n<meta property=\"og:url\" content=\"https:\/\/www.caudete.org\/ayuntamiento\/traslado-de-farolas-eliminado-un-viejo-problema-de-accesibilidad-en-las-jornetas\/\" \/>\n<meta property=\"og:site_name\" content=\"MI Ayuntamiento de Caudete\" \/>\n<meta property=\"article:publisher\" content=\"https:\/\/www.facebook.com\/ayuntamientocaudete\/\" \/>\n<meta property=\"article:published_time\" content=\"2021-01-25T18:30:57+00:00\" \/>\n<meta property=\"og:image\" content=\"https:\/\/www.caudete.org\/ayuntamiento\/wp-content\/uploads\/2021\/01\/WhatsApp-Image-2021-01-25-at-14.24.48.jpeg\" \/>\n\t<meta property=\"og:image:width\" content=\"1600\" \/>\n\t<meta property=\"og:image:height\" content=\"1200\" \/>\n\t<meta property=\"og:image:type\" content=\"image\/jpeg\" \/>\n<meta name=\"author\" content=\"alcalde\" \/>\n<meta name=\"twitter:card\" content=\"summary_large_image\" \/>\n<meta name=\"twitter:label1\" content=\"Escrito por\" \/>\n\t<meta name=\"twitter:data1\" content=\"alcalde\" \/>\n\t<meta name=\"twitter:label2\" content=\"Tiempo de lectura\" \/>\n\t<meta name=\"twitter:data2\" content=\"2 minutos\" \/>\n<script type=\"application\/ld+json\" class=\"yoast-schema-graph\">{\"@context\":\"https:\\\/\\\/schema.org\",\"@graph\":[{\"@type\":\"Article\",\"@id\":\"https:\\\/\\\/www.caudete.org\\\/ayuntamiento\\\/traslado-de-farolas-eliminado-un-viejo-problema-de-accesibilidad-en-las-jornetas\\\/#article\",\"isPartOf\":{\"@id\":\"https:\\\/\\\/www.caudete.org\\\/ayuntamiento\\\/traslado-de-farolas-eliminado-un-viejo-problema-de-accesibilidad-en-las-jornetas\\\/\"},\"author\":{\"name\":\"alcalde\",\"@id\":\"https:\\\/\\\/www.caudete.org\\\/ayuntamiento\\\/#\\\/schema\\\/person\\\/cc646da9133078ee4d8dd47457947253\"},\"headline\":\"Solucionado un viejo problema de accesibilidad en Las Jornetas\",\"datePublished\":\"2021-01-25T18:30:57+00:00\",\"mainEntityOfPage\":{\"@id\":\"https:\\\/\\\/www.caudete.org\\\/ayuntamiento\\\/traslado-de-farolas-eliminado-un-viejo-problema-de-accesibilidad-en-las-jornetas\\\/\"},\"wordCount\":281,\"publisher\":{\"@id\":\"https:\\\/\\\/www.caudete.org\\\/ayuntamiento\\\/#organization\"},\"image\":{\"@id\":\"https:\\\/\\\/www.caudete.org\\\/ayuntamiento\\\/traslado-de-farolas-eliminado-un-viejo-problema-de-accesibilidad-en-las-jornetas\\\/#primaryimage\"},\"thumbnailUrl\":\"https:\\\/\\\/www.caudete.org\\\/ayuntamiento\\\/wp-content\\\/uploads\\\/2021\\\/01\\\/WhatsApp-Image-2021-01-25-at-14.24.48.jpeg\",\"keywords\":[\"Accesibilidad\",\"acera\",\"farolas\",\"Jornetas\"],\"articleSection\":[\"Accesibilidad\"],\"inLanguage\":\"es\"},{\"@type\":\"WebPage\",\"@id\":\"https:\\\/\\\/www.caudete.org\\\/ayuntamiento\\\/traslado-de-farolas-eliminado-un-viejo-problema-de-accesibilidad-en-las-jornetas\\\/\",\"url\":\"https:\\\/\\\/www.caudete.org\\\/ayuntamiento\\\/traslado-de-farolas-eliminado-un-viejo-problema-de-accesibilidad-en-las-jornetas\\\/\",\"name\":\"Solucionado un viejo problema de accesibilidad en Las Jornetas - MI Ayuntamiento de Caudete\",\"isPartOf\":{\"@id\":\"https:\\\/\\\/www.caudete.org\\\/ayuntamiento\\\/#website\"},\"primaryImageOfPage\":{\"@id\":\"https:\\\/\\\/www.caudete.org\\\/ayuntamiento\\\/traslado-de-farolas-eliminado-un-viejo-problema-de-accesibilidad-en-las-jornetas\\\/#primaryimage\"},\"image\":{\"@id\":\"https:\\\/\\\/www.caudete.org\\\/ayuntamiento\\\/traslado-de-farolas-eliminado-un-viejo-problema-de-accesibilidad-en-las-jornetas\\\/#primaryimage\"},\"thumbnailUrl\":\"https:\\\/\\\/www.caudete.org\\\/ayuntamiento\\\/wp-content\\\/uploads\\\/2021\\\/01\\\/WhatsApp-Image-2021-01-25-at-14.24.48.jpeg\",\"datePublished\":\"2021-01-25T18:30:57+00:00\",\"description\":\"P\u00e1gina Oficial del Ayuntamiento de Caudete (Albacete)\",\"breadcrumb\":{\"@id\":\"https:\\\/\\\/www.caudete.org\\\/ayuntamiento\\\/traslado-de-farolas-eliminado-un-viejo-problema-de-accesibilidad-en-las-jornetas\\\/#breadcrumb\"},\"inLanguage\":\"es\",\"potentialAction\":[{\"@type\":\"ReadAction\",\"target\":[\"https:\\\/\\\/www.caudete.org\\\/ayuntamiento\\\/traslado-de-farolas-eliminado-un-viejo-problema-de-accesibilidad-en-las-jornetas\\\/\"]}]},{\"@type\":\"ImageObject\",\"inLanguage\":\"es\",\"@id\":\"https:\\\/\\\/www.caudete.org\\\/ayuntamiento\\\/traslado-de-farolas-eliminado-un-viejo-problema-de-accesibilidad-en-las-jornetas\\\/#primaryimage\",\"url\":\"https:\\\/\\\/www.caudete.org\\\/ayuntamiento\\\/wp-content\\\/uploads\\\/2021\\\/01\\\/WhatsApp-Image-2021-01-25-at-14.24.48.jpeg\",\"contentUrl\":\"https:\\\/\\\/www.caudete.org\\\/ayuntamiento\\\/wp-content\\\/uploads\\\/2021\\\/01\\\/WhatsApp-Image-2021-01-25-at-14.24.48.jpeg\",\"width\":1600,\"height\":1200},{\"@type\":\"BreadcrumbList\",\"@id\":\"https:\\\/\\\/www.caudete.org\\\/ayuntamiento\\\/traslado-de-farolas-eliminado-un-viejo-problema-de-accesibilidad-en-las-jornetas\\\/#breadcrumb\",\"itemListElement\":[{\"@type\":\"ListItem\",\"position\":1,\"name\":\"Inicio\",\"item\":\"https:\\\/\\\/www.caudete.org\\\/ayuntamiento\\\/\"},{\"@type\":\"ListItem\",\"position\":2,\"name\":\"Solucionado un viejo problema de accesibilidad en Las Jornetas\"}]},{\"@type\":\"WebSite\",\"@id\":\"https:\\\/\\\/www.caudete.org\\\/ayuntamiento\\\/#website\",\"url\":\"https:\\\/\\\/www.caudete.org\\\/ayuntamiento\\\/\",\"name\":\"MI Ayuntamiento de Caudete\",\"description\":\"P\u00e1gina Oficial del MI Ayuntamiento de Caudete\",\"publisher\":{\"@id\":\"https:\\\/\\\/www.caudete.org\\\/ayuntamiento\\\/#organization\"},\"potentialAction\":[{\"@type\":\"SearchAction\",\"target\":{\"@type\":\"EntryPoint\",\"urlTemplate\":\"https:\\\/\\\/www.caudete.org\\\/ayuntamiento\\\/?s={search_term_string}\"},\"query-input\":{\"@type\":\"PropertyValueSpecification\",\"valueRequired\":true,\"valueName\":\"search_term_string\"}}],\"inLanguage\":\"es\"},{\"@type\":\"Organization\",\"@id\":\"https:\\\/\\\/www.caudete.org\\\/ayuntamiento\\\/#organization\",\"name\":\"Ayuntamiento de Caudete\",\"url\":\"https:\\\/\\\/www.caudete.org\\\/ayuntamiento\\\/\",\"logo\":{\"@type\":\"ImageObject\",\"inLanguage\":\"es\",\"@id\":\"https:\\\/\\\/www.caudete.org\\\/ayuntamiento\\\/#\\\/schema\\\/logo\\\/image\\\/\",\"url\":\"https:\\\/\\\/www.caudete.org\\\/ayuntamiento\\\/wp-content\\\/uploads\\\/2020\\\/11\\\/logo_ayuntamiento_caudete.jpg\",\"contentUrl\":\"https:\\\/\\\/www.caudete.org\\\/ayuntamiento\\\/wp-content\\\/uploads\\\/2020\\\/11\\\/logo_ayuntamiento_caudete.jpg\",\"width\":600,\"height\":150,\"caption\":\"Ayuntamiento de Caudete\"},\"image\":{\"@id\":\"https:\\\/\\\/www.caudete.org\\\/ayuntamiento\\\/#\\\/schema\\\/logo\\\/image\\\/\"},\"sameAs\":[\"https:\\\/\\\/www.facebook.com\\\/ayuntamientocaudete\\\/\",\"https:\\\/\\\/www.youtube.com\\\/channel\\\/UC6VztHaooNsGpw-tNoBEFnQ\"]},{\"@type\":\"Person\",\"@id\":\"https:\\\/\\\/www.caudete.org\\\/ayuntamiento\\\/#\\\/schema\\\/person\\\/cc646da9133078ee4d8dd47457947253\",\"name\":\"alcalde\",\"image\":{\"@type\":\"ImageObject\",\"inLanguage\":\"es\",\"@id\":\"https:\\\/\\\/secure.gravatar.com\\\/avatar\\\/84a817ba065b29ff08d666b215a215f5c79186a645ccb25b14a663d48a130f77?s=96&d=mm&r=g\",\"url\":\"https:\\\/\\\/secure.gravatar.com\\\/avatar\\\/84a817ba065b29ff08d666b215a215f5c79186a645ccb25b14a663d48a130f77?s=96&d=mm&r=g\",\"contentUrl\":\"https:\\\/\\\/secure.gravatar.com\\\/avatar\\\/84a817ba065b29ff08d666b215a215f5c79186a645ccb25b14a663d48a130f77?s=96&d=mm&r=g\",\"caption\":\"alcalde\"},\"url\":\"https:\\\/\\\/www.caudete.org\\\/ayuntamiento\\\/author\\\/alcalde\\\/\"}]}<\/script>\n<!-- \/ Yoast SEO plugin. -->","yoast_head_json":{"title":"Solucionado un viejo problema de accesibilidad en Las Jornetas - MI Ayuntamiento de Caudete","description":"P\u00e1gina Oficial del Ayuntamiento de Caudete (Albacete)","robots":{"index":"index","follow":"follow","max-snippet":"max-snippet:-1","max-image-preview":"max-image-preview:large","max-video-preview":"max-video-preview:-1"},"canonical":"https:\/\/www.caudete.org\/ayuntamiento\/traslado-de-farolas-eliminado-un-viejo-problema-de-accesibilidad-en-las-jornetas\/","og_locale":"es_ES","og_type":"article","og_title":"Solucionado un viejo problema de accesibilidad en Las Jornetas - MI Ayuntamiento de Caudete","og_description":"P\u00e1gina Oficial del Ayuntamiento de Caudete (Albacete)","og_url":"https:\/\/www.caudete.org\/ayuntamiento\/traslado-de-farolas-eliminado-un-viejo-problema-de-accesibilidad-en-las-jornetas\/","og_site_name":"MI Ayuntamiento de Caudete","article_publisher":"https:\/\/www.facebook.com\/ayuntamientocaudete\/","article_published_time":"2021-01-25T18:30:57+00:00","og_image":[{"width":1600,"height":1200,"url":"https:\/\/www.caudete.org\/ayuntamiento\/wp-content\/uploads\/2021\/01\/WhatsApp-Image-2021-01-25-at-14.24.48.jpeg","type":"image\/jpeg"}],"author":"alcalde","twitter_card":"summary_large_image","twitter_misc":{"Escrito por":"alcalde","Tiempo de lectura":"2 minutos"},"schema":{"@context":"https:\/\/schema.org","@graph":[{"@type":"Article","@id":"https:\/\/www.caudete.org\/ayuntamiento\/traslado-de-farolas-eliminado-un-viejo-problema-de-accesibilidad-en-las-jornetas\/#article","isPartOf":{"@id":"https:\/\/www.caudete.org\/ayuntamiento\/traslado-de-farolas-eliminado-un-viejo-problema-de-accesibilidad-en-las-jornetas\/"},"author":{"name":"alcalde","@id":"https:\/\/www.caudete.org\/ayuntamiento\/#\/schema\/person\/cc646da9133078ee4d8dd47457947253"},"headline":"Solucionado un viejo problema de accesibilidad en Las Jornetas","datePublished":"2021-01-25T18:30:57+00:00","mainEntityOfPage":{"@id":"https:\/\/www.caudete.org\/ayuntamiento\/traslado-de-farolas-eliminado-un-viejo-problema-de-accesibilidad-en-las-jornetas\/"},"wordCount":281,"publisher":{"@id":"https:\/\/www.caudete.org\/ayuntamiento\/#organization"},"image":{"@id":"https:\/\/www.caudete.org\/ayuntamiento\/traslado-de-farolas-eliminado-un-viejo-problema-de-accesibilidad-en-las-jornetas\/#primaryimage"},"thumbnailUrl":"https:\/\/www.caudete.org\/ayuntamiento\/wp-content\/uploads\/2021\/01\/WhatsApp-Image-2021-01-25-at-14.24.48.jpeg","keywords":["Accesibilidad","acera","farolas","Jornetas"],"articleSection":["Accesibilidad"],"inLanguage":"es"},{"@type":"WebPage","@id":"https:\/\/www.caudete.org\/ayuntamiento\/traslado-de-farolas-eliminado-un-viejo-problema-de-accesibilidad-en-las-jornetas\/","url":"https:\/\/www.caudete.org\/ayuntamiento\/traslado-de-farolas-eliminado-un-viejo-problema-de-accesibilidad-en-las-jornetas\/","name":"Solucionado un viejo problema de accesibilidad en Las Jornetas - MI Ayuntamiento de Caudete","isPartOf":{"@id":"https:\/\/www.caudete.org\/ayuntamiento\/#website"},"primaryImageOfPage":{"@id":"https:\/\/www.caudete.org\/ayuntamiento\/traslado-de-farolas-eliminado-un-viejo-problema-de-accesibilidad-en-las-jornetas\/#primaryimage"},"image":{"@id":"https:\/\/www.caudete.org\/ayuntamiento\/traslado-de-farolas-eliminado-un-viejo-problema-de-accesibilidad-en-las-jornetas\/#primaryimage"},"thumbnailUrl":"https:\/\/www.caudete.org\/ayuntamiento\/wp-content\/uploads\/2021\/01\/WhatsApp-Image-2021-01-25-at-14.24.48.jpeg","datePublished":"2021-01-25T18:30:57+00:00","description":"P\u00e1gina Oficial del Ayuntamiento de Caudete (Albacete)","breadcrumb":{"@id":"https:\/\/www.caudete.org\/ayuntamiento\/traslado-de-farolas-eliminado-un-viejo-problema-de-accesibilidad-en-las-jornetas\/#breadcrumb"},"inLanguage":"es","potentialAction":[{"@type":"ReadAction","target":["https:\/\/www.caudete.org\/ayuntamiento\/traslado-de-farolas-eliminado-un-viejo-problema-de-accesibilidad-en-las-jornetas\/"]}]},{"@type":"ImageObject","inLanguage":"es","@id":"https:\/\/www.caudete.org\/ayuntamiento\/traslado-de-farolas-eliminado-un-viejo-problema-de-accesibilidad-en-las-jornetas\/#primaryimage","url":"https:\/\/www.caudete.org\/ayuntamiento\/wp-content\/uploads\/2021\/01\/WhatsApp-Image-2021-01-25-at-14.24.48.jpeg","contentUrl":"https:\/\/www.caudete.org\/ayuntamiento\/wp-content\/uploads\/2021\/01\/WhatsApp-Image-2021-01-25-at-14.24.48.jpeg","width":1600,"height":1200},{"@type":"BreadcrumbList","@id":"https:\/\/www.caudete.org\/ayuntamiento\/traslado-de-farolas-eliminado-un-viejo-problema-de-accesibilidad-en-las-jornetas\/#breadcrumb","itemListElement":[{"@type":"ListItem","position":1,"name":"Inicio","item":"https:\/\/www.caudete.org\/ayuntamiento\/"},{"@type":"ListItem","position":2,"name":"Solucionado un viejo problema de accesibilidad en Las Jornetas"}]},{"@type":"WebSite","@id":"https:\/\/www.caudete.org\/ayuntamiento\/#website","url":"https:\/\/www.caudete.org\/ayuntamiento\/","name":"MI Ayuntamiento de Caudete","description":"P\u00e1gina Oficial del MI Ayuntamiento de Caudete","publisher":{"@id":"https:\/\/www.caudete.org\/ayuntamiento\/#organization"},"potentialAction":[{"@type":"SearchAction","target":{"@type":"EntryPoint","urlTemplate":"https:\/\/www.caudete.org\/ayuntamiento\/?s={search_term_string}"},"query-input":{"@type":"PropertyValueSpecification","valueRequired":true,"valueName":"search_term_string"}}],"inLanguage":"es"},{"@type":"Organization","@id":"https:\/\/www.caudete.org\/ayuntamiento\/#organization","name":"Ayuntamiento de Caudete","url":"https:\/\/www.caudete.org\/ayuntamiento\/","logo":{"@type":"ImageObject","inLanguage":"es","@id":"https:\/\/www.caudete.org\/ayuntamiento\/#\/schema\/logo\/image\/","url":"https:\/\/www.caudete.org\/ayuntamiento\/wp-content\/uploads\/2020\/11\/logo_ayuntamiento_caudete.jpg","contentUrl":"https:\/\/www.caudete.org\/ayuntamiento\/wp-content\/uploads\/2020\/11\/logo_ayuntamiento_caudete.jpg","width":600,"height":150,"caption":"Ayuntamiento de Caudete"},"image":{"@id":"https:\/\/www.caudete.org\/ayuntamiento\/#\/schema\/logo\/image\/"},"sameAs":["https:\/\/www.facebook.com\/ayuntamientocaudete\/","https:\/\/www.youtube.com\/channel\/UC6VztHaooNsGpw-tNoBEFnQ"]},{"@type":"Person","@id":"https:\/\/www.caudete.org\/ayuntamiento\/#\/schema\/person\/cc646da9133078ee4d8dd47457947253","name":"alcalde","image":{"@type":"ImageObject","inLanguage":"es","@id":"https:\/\/secure.gravatar.com\/avatar\/84a817ba065b29ff08d666b215a215f5c79186a645ccb25b14a663d48a130f77?s=96&d=mm&r=g","url":"https:\/\/secure.gravatar.com\/avatar\/84a817ba065b29ff08d666b215a215f5c79186a645ccb25b14a663d48a130f77?s=96&d=mm&r=g","contentUrl":"https:\/\/secure.gravatar.com\/avatar\/84a817ba065b29ff08d666b215a215f5c79186a645ccb25b14a663d48a130f77?s=96&d=mm&r=g","caption":"alcalde"},"url":"https:\/\/www.caudete.org\/ayuntamiento\/author\/alcalde\/"}]}},"_links":{"self":[{"href":"https:\/\/www.caudete.org\/ayuntamiento\/wp-json\/wp\/v2\/posts\/11737","targetHints":{"allow":["GET"]}}],"collection":[{"href":"https:\/\/www.caudete.org\/ayuntamiento\/wp-json\/wp\/v2\/posts"}],"about":[{"href":"https:\/\/www.caudete.org\/ayuntamiento\/wp-json\/wp\/v2\/types\/post"}],"author":[{"embeddable":true,"href":"https:\/\/www.caudete.org\/ayuntamiento\/wp-json\/wp\/v2\/users\/3"}],"replies":[{"embeddable":true,"href":"https:\/\/www.caudete.org\/ayuntamiento\/wp-json\/wp\/v2\/comments?post=11737"}],"version-history":[{"count":3,"href":"https:\/\/www.caudete.org\/ayuntamiento\/wp-json\/wp\/v2\/posts\/11737\/revisions"}],"predecessor-version":[{"id":11752,"href":"https:\/\/www.caudete.org\/ayuntamiento\/wp-json\/wp\/v2\/posts\/11737\/revisions\/11752"}],"wp:featuredmedia":[{"embeddable":true,"href":"https:\/\/www.caudete.org\/ayuntamiento\/wp-json\/wp\/v2\/media\/11750"}],"wp:attachment":[{"href":"https:\/\/www.caudete.org\/ayuntamiento\/wp-json\/wp\/v2\/media?parent=11737"}],"wp:term":[{"taxonomy":"category","embeddable":true,"href":"https:\/\/www.caudete.org\/ayuntamiento\/wp-json\/wp\/v2\/categories?post=11737"},{"taxonomy":"post_tag","embeddable":true,"href":"https:\/\/www.caudete.org\/ayuntamiento\/wp-json\/wp\/v2\/tags?post=11737"}],"curies":[{"name":"wp","href":"https:\/\/api.w.org\/{rel}","templated":true}]}}