{"id":11741,"date":"2021-01-25T18:00:00","date_gmt":"2021-01-25T17:00:00","guid":{"rendered":"https:\/\/www.caudete.org\/ayuntamiento\/?p=11741"},"modified":"2021-01-25T16:45:28","modified_gmt":"2021-01-25T15:45:28","slug":"convocado-pleno-ordinario-telematico-para-el-jueves-28","status":"publish","type":"post","link":"https:\/\/www.caudete.org\/ayuntamiento\/convocado-pleno-ordinario-telematico-para-el-jueves-28\/","title":{"rendered":"Convocado Pleno Ordinario telem\u00e1tico para el Jueves 28"},"content":{"rendered":"<p style=\"text-align: justify;\">A final de la ma\u00f1ana el Alcalde emit\u00eda la Resoluci\u00f3n de Alcald\u00eda n.\u00ba 122, de 25 de enero de 2021, por la que se proced\u00eda a la\u00a0 &#8220;convocatoria sesi\u00f3n Ordinaria Pleno 28-01-2021 (sesi\u00f3n telem\u00e1tica)&#8221;, dando as\u00ed cumplimiento al acuerdo de celebrar sesiones ordinarias el \u00faltimo jueves de cada mes impar, por lo que el primero de 2021 corresponde al convocado a las 20h de este jueves. La novedad, viene marcada por el formato, que atendiendo a la situaci\u00f3n sanitaria lo ser\u00e1 telem\u00e1tico.<\/p>\n<p>La motivaci\u00f3n, viene expresada en dicha resoluci\u00f3n, y que extraemos literalmente para su conocimiento:<\/p>\n<p style=\"text-align: justify;\"><em>&#8220;Dada cuenta del Real Decreto 926\/2020, de 25 de octubre, por el que se decret\u00f3 nuevamente el Estado de Alarma en todo el Territorio Nacional para contener la propagaci\u00f3n de infecciones causadas por el SARS-CoV-2, mediante la publicaci\u00f3n en el BOE n.\u00ba 282, de 25 de octubre.<\/em><\/p>\n<p style=\"text-align: justify;\"><em>Considerando el Decreto 4\/2021, de 18 de enero, del Presidente de la Junta de Comunidades de Castilla-La Mancha, por el que se modifica el Decreto 66\/2020, de 29 de octubre, como autoridad delegada dispuesta por el Real Decreto 926\/2020, de 25 de octubre, por el que se declara el estado de alarma para contener la propagaci\u00f3n de infecciones causadas por la SARS-CoV-2, por el que se<\/em><br \/>\n<em>determinan medidas espec\u00edficas en el \u00e1mbito del estado de alarma.<\/em><\/p>\n<p style=\"text-align: justify;\">\n<em>Considerando la Resoluci\u00f3n de 18\/01\/2021, de la Consejer\u00eda de Sanidad de la Junta de Comunidades de Castilla-La Mancha, por la que se adoptan medidas de la Ley Org\u00e1nica 3\/1986, de 1 de abril, de Medidas Especiales en Materia de Salud P\u00fablica, para la contenci\u00f3n de la expansi\u00f3n del COVID-19 en el \u00e1mbito territorial de la comunidad aut\u00f3noma de Castilla-La Mancha.<\/em><\/p>\n<p style=\"text-align: justify;\">\n<em>Dada cuenta de las nuevas limitaciones de movilidad en Castilla -La Mancha desde las 22:00 a las 7:00 horas, y la restricci\u00f3n de entrada y salida de la Comunidad de CLM y en los t\u00e9rminos municipales.<\/em><\/p>\n<p style=\"text-align: justify;\">\n<em>A pesar de poder considerarse incluida como excepci\u00f3n a las limitaciones citadas, la realizaci\u00f3n de un acto institucional, como es la celebraci\u00f3n de este Pleno Ordinario, siendo conscientes de la grave situaci\u00f3n actual de expansi\u00f3n del virus y atendiendo al sentido com\u00fan y a un criterio de prudencia, esta Alcald\u00eda considera necesario que la celebraci\u00f3n de la sesi\u00f3n plenaria se realice de forma telem\u00e1tica.<\/em><\/p>\n<p style=\"text-align: justify;\">\n<em>En virtud de lo dispuesto en los art\u00edculos 80 y siguientes del Reglamento de Organizaci\u00f3n, Funcionamiento y R\u00e9gimen Jur\u00eddico de las Entidades Locales, aprobado por Real Decreto 2568\/1986, de 28 de noviembre, en el art\u00edculo 47.2 del Texto Refundido de las disposiciones legales vigentes en materia de r\u00e9gimen local aprobado por Real Decreto Legislativo 781\/1986, de 18 de abril, as\u00ed como la Disposici\u00f3n final segunda del Real Decreto-ley 11\/2020, de 31 de marzo, por el que se adoptan medidas urgentes complementarias en el \u00e1mbito social y econ\u00f3mico para hacer frente al COVID-19, modificando el art\u00edculo 46 de la Ley 7\/1985, de 2 de abril, reguladora de las bases del r\u00e9gimen local, esta Alcald\u00eda,<\/em><\/p>\n<p style=\"text-align: center;\"><strong><span style=\"text-decoration: underline;\"><em>HA RESUELTO<\/em><\/span><\/strong><\/p>\n<p><em><strong>PRIMERO.<\/strong> Convocar al Pleno en Sesi\u00f3n ordinaria el jueves, 28 de enero de 2021, a las 20:00 horas, que se celebrar\u00e1 de manera no presencial, a trav\u00e9s de videoconferencia (se realizar\u00e1 a trav\u00e9s de la aplicaci\u00f3n Zoom), actuando como Secretaria, la Secretaria del Ayuntamiento, con el siguiente<\/em><\/p>\n<p style=\"text-align: center;\"><strong><span style=\"text-decoration: underline;\"><em>ORDEN DEL D\u00cdA<\/em><\/span><\/strong><\/p>\n<p><strong><em>1\u00ba.- APROBACI\u00d3N ACTAS ANTERIORES.<\/em><\/strong><\/p>\n<p><strong><em>2\u00ba.- DACI\u00d3N DE CUENTAS. DECRETOS Y RESOLUCIONES DE ALCALD\u00cdA Y CONCEJAL\u00cdAS DELEGADAS.<\/em><\/strong><\/p>\n<p><strong><em>3\u00ba.- DACI\u00d3N DE CUENTAS. RESOLUCI\u00d3N DE ALCALD\u00cdA N.\u00ba 2334, DE 09-11-2020, ADJUDICACI\u00d3N CONTRATO COMPRAVENTA FINCA 1633, POL.15 Y UN POZO DE AGUA. <\/em><\/strong><\/p>\n<p><strong><em>4\u00ba.- DACI\u00d3N DE CUENTAS. CONVENIO CON LA DIPUTACI\u00d3N DE ALBACETE DE DELEGACI\u00d3N DE LA GESTI\u00d3N TRIBUTARIA Y RECAUDATORIA DE SUS TRIBUTOS E INGRESOS DE DERECHO P\u00daBLICO.<\/em><\/strong><\/p>\n<p><strong><em>5\u00ba.- APROBACI\u00d3N ACTUALIZACI\u00d3N INVENTARIO DE BIENES Y DERECHOS.<\/em><\/strong><\/p>\n<p><strong><em>6\u00ba.- MOCIONES PRESENTADAS SOBRE TEMAS DE INTER\u00c9S MUNICIPAL (del art. 46.e) LRBRL, de control, no resolutivas):<\/em><\/strong><br \/>\n<strong><em>\u2022 Otras que se presenten directamente en el Pleno (no de urgencia)<\/em><\/strong><\/p>\n<p><strong><em>7\u00ba.- RUEGOS Y PREGUNTAS.&#8221;<\/em><\/strong><\/p>\n","protected":false},"excerpt":{"rendered":"<p>A final de la ma\u00f1ana el Alcalde emit\u00eda la Resoluci\u00f3n de Alcald\u00eda n.\u00ba 122, de 25 de enero de 2021, por la que se proced\u00eda a la\u00a0 &#8220;convocatoria sesi\u00f3n Ordinaria Pleno 28-01-2021 (sesi\u00f3n telem\u00e1tica)&#8221;, dando as\u00ed cumplimiento al acuerdo de celebrar sesiones ordinarias el \u00faltimo jueves de cada mes impar, por lo que el primero &hellip;<\/p>\n","protected":false},"author":3,"featured_media":11742,"comment_status":"closed","ping_status":"open","sticky":false,"template":"","format":"standard","meta":{"ngg_post_thumbnail":0,"footnotes":""},"categories":[20],"tags":[287],"class_list":["post-11741","post","type-post","status-publish","format-standard","has-post-thumbnail","hentry","category-ayuntamiento","tag-pleno-ordinario"],"yoast_head":"<!-- This site is optimized with the Yoast SEO plugin v27.5 - https:\/\/yoast.com\/product\/yoast-seo-wordpress\/ -->\n<title>Convocado Pleno Ordinario telem\u00e1tico para el Jueves 28 - MI Ayuntamiento de Caudete<\/title>\n<meta name=\"description\" content=\"P\u00e1gina Oficial del Ayuntamiento de Caudete (Albacete)\" \/>\n<meta name=\"robots\" content=\"index, follow, max-snippet:-1, max-image-preview:large, max-video-preview:-1\" \/>\n<link rel=\"canonical\" href=\"https:\/\/www.caudete.org\/ayuntamiento\/convocado-pleno-ordinario-telematico-para-el-jueves-28\/\" \/>\n<meta property=\"og:locale\" content=\"es_ES\" \/>\n<meta property=\"og:type\" content=\"article\" \/>\n<meta property=\"og:title\" content=\"Convocado Pleno Ordinario telem\u00e1tico para el Jueves 28 - MI Ayuntamiento de Caudete\" \/>\n<meta property=\"og:description\" content=\"P\u00e1gina Oficial del Ayuntamiento de Caudete (Albacete)\" \/>\n<meta property=\"og:url\" content=\"https:\/\/www.caudete.org\/ayuntamiento\/convocado-pleno-ordinario-telematico-para-el-jueves-28\/\" \/>\n<meta property=\"og:site_name\" content=\"MI Ayuntamiento de Caudete\" \/>\n<meta property=\"article:publisher\" content=\"https:\/\/www.facebook.com\/ayuntamientocaudete\/\" \/>\n<meta property=\"article:published_time\" content=\"2021-01-25T17:00:00+00:00\" \/>\n<meta property=\"og:image\" content=\"https:\/\/www.caudete.org\/ayuntamiento\/wp-content\/uploads\/2021\/01\/567-original-fad8f00b2cd74d29683db76b4bd75190.jpg\" \/>\n\t<meta property=\"og:image:width\" content=\"1800\" \/>\n\t<meta property=\"og:image:height\" content=\"1011\" \/>\n\t<meta property=\"og:image:type\" content=\"image\/jpeg\" \/>\n<meta name=\"author\" content=\"alcalde\" \/>\n<meta name=\"twitter:card\" content=\"summary_large_image\" \/>\n<meta name=\"twitter:label1\" content=\"Escrito por\" \/>\n\t<meta name=\"twitter:data1\" content=\"alcalde\" \/>\n\t<meta name=\"twitter:label2\" content=\"Tiempo de lectura\" \/>\n\t<meta name=\"twitter:data2\" content=\"3 minutos\" \/>\n<script type=\"application\/ld+json\" class=\"yoast-schema-graph\">{\"@context\":\"https:\\\/\\\/schema.org\",\"@graph\":[{\"@type\":\"Article\",\"@id\":\"https:\\\/\\\/www.caudete.org\\\/ayuntamiento\\\/convocado-pleno-ordinario-telematico-para-el-jueves-28\\\/#article\",\"isPartOf\":{\"@id\":\"https:\\\/\\\/www.caudete.org\\\/ayuntamiento\\\/convocado-pleno-ordinario-telematico-para-el-jueves-28\\\/\"},\"author\":{\"name\":\"alcalde\",\"@id\":\"https:\\\/\\\/www.caudete.org\\\/ayuntamiento\\\/#\\\/schema\\\/person\\\/cc646da9133078ee4d8dd47457947253\"},\"headline\":\"Convocado Pleno Ordinario telem\u00e1tico para el Jueves 28\",\"datePublished\":\"2021-01-25T17:00:00+00:00\",\"mainEntityOfPage\":{\"@id\":\"https:\\\/\\\/www.caudete.org\\\/ayuntamiento\\\/convocado-pleno-ordinario-telematico-para-el-jueves-28\\\/\"},\"wordCount\":689,\"image\":{\"@id\":\"https:\\\/\\\/www.caudete.org\\\/ayuntamiento\\\/convocado-pleno-ordinario-telematico-para-el-jueves-28\\\/#primaryimage\"},\"thumbnailUrl\":\"https:\\\/\\\/www.caudete.org\\\/ayuntamiento\\\/wp-content\\\/uploads\\\/2021\\\/01\\\/567-original-fad8f00b2cd74d29683db76b4bd75190.jpg\",\"keywords\":[\"pleno ordinario\"],\"articleSection\":[\"Ayuntamiento\"],\"inLanguage\":\"es\"},{\"@type\":\"WebPage\",\"@id\":\"https:\\\/\\\/www.caudete.org\\\/ayuntamiento\\\/convocado-pleno-ordinario-telematico-para-el-jueves-28\\\/\",\"url\":\"https:\\\/\\\/www.caudete.org\\\/ayuntamiento\\\/convocado-pleno-ordinario-telematico-para-el-jueves-28\\\/\",\"name\":\"Convocado Pleno Ordinario telem\u00e1tico para el Jueves 28 - MI Ayuntamiento de Caudete\",\"isPartOf\":{\"@id\":\"https:\\\/\\\/www.caudete.org\\\/ayuntamiento\\\/#website\"},\"primaryImageOfPage\":{\"@id\":\"https:\\\/\\\/www.caudete.org\\\/ayuntamiento\\\/convocado-pleno-ordinario-telematico-para-el-jueves-28\\\/#primaryimage\"},\"image\":{\"@id\":\"https:\\\/\\\/www.caudete.org\\\/ayuntamiento\\\/convocado-pleno-ordinario-telematico-para-el-jueves-28\\\/#primaryimage\"},\"thumbnailUrl\":\"https:\\\/\\\/www.caudete.org\\\/ayuntamiento\\\/wp-content\\\/uploads\\\/2021\\\/01\\\/567-original-fad8f00b2cd74d29683db76b4bd75190.jpg\",\"datePublished\":\"2021-01-25T17:00:00+00:00\",\"author\":{\"@id\":\"https:\\\/\\\/www.caudete.org\\\/ayuntamiento\\\/#\\\/schema\\\/person\\\/cc646da9133078ee4d8dd47457947253\"},\"description\":\"P\u00e1gina Oficial del Ayuntamiento de Caudete (Albacete)\",\"breadcrumb\":{\"@id\":\"https:\\\/\\\/www.caudete.org\\\/ayuntamiento\\\/convocado-pleno-ordinario-telematico-para-el-jueves-28\\\/#breadcrumb\"},\"inLanguage\":\"es\",\"potentialAction\":[{\"@type\":\"ReadAction\",\"target\":[\"https:\\\/\\\/www.caudete.org\\\/ayuntamiento\\\/convocado-pleno-ordinario-telematico-para-el-jueves-28\\\/\"]}]},{\"@type\":\"ImageObject\",\"inLanguage\":\"es\",\"@id\":\"https:\\\/\\\/www.caudete.org\\\/ayuntamiento\\\/convocado-pleno-ordinario-telematico-para-el-jueves-28\\\/#primaryimage\",\"url\":\"https:\\\/\\\/www.caudete.org\\\/ayuntamiento\\\/wp-content\\\/uploads\\\/2021\\\/01\\\/567-original-fad8f00b2cd74d29683db76b4bd75190.jpg\",\"contentUrl\":\"https:\\\/\\\/www.caudete.org\\\/ayuntamiento\\\/wp-content\\\/uploads\\\/2021\\\/01\\\/567-original-fad8f00b2cd74d29683db76b4bd75190.jpg\",\"width\":1800,\"height\":1011},{\"@type\":\"BreadcrumbList\",\"@id\":\"https:\\\/\\\/www.caudete.org\\\/ayuntamiento\\\/convocado-pleno-ordinario-telematico-para-el-jueves-28\\\/#breadcrumb\",\"itemListElement\":[{\"@type\":\"ListItem\",\"position\":1,\"name\":\"Inicio\",\"item\":\"https:\\\/\\\/www.caudete.org\\\/ayuntamiento\\\/\"},{\"@type\":\"ListItem\",\"position\":2,\"name\":\"Convocado Pleno Ordinario telem\u00e1tico para el Jueves 28\"}]},{\"@type\":\"WebSite\",\"@id\":\"https:\\\/\\\/www.caudete.org\\\/ayuntamiento\\\/#website\",\"url\":\"https:\\\/\\\/www.caudete.org\\\/ayuntamiento\\\/\",\"name\":\"MI Ayuntamiento de Caudete\",\"description\":\"P\u00e1gina Oficial del MI Ayuntamiento de Caudete\",\"potentialAction\":[{\"@type\":\"SearchAction\",\"target\":{\"@type\":\"EntryPoint\",\"urlTemplate\":\"https:\\\/\\\/www.caudete.org\\\/ayuntamiento\\\/?s={search_term_string}\"},\"query-input\":{\"@type\":\"PropertyValueSpecification\",\"valueRequired\":true,\"valueName\":\"search_term_string\"}}],\"inLanguage\":\"es\"},{\"@type\":\"Person\",\"@id\":\"https:\\\/\\\/www.caudete.org\\\/ayuntamiento\\\/#\\\/schema\\\/person\\\/cc646da9133078ee4d8dd47457947253\",\"name\":\"alcalde\",\"image\":{\"@type\":\"ImageObject\",\"inLanguage\":\"es\",\"@id\":\"https:\\\/\\\/secure.gravatar.com\\\/avatar\\\/84a817ba065b29ff08d666b215a215f5c79186a645ccb25b14a663d48a130f77?s=96&d=mm&r=g\",\"url\":\"https:\\\/\\\/secure.gravatar.com\\\/avatar\\\/84a817ba065b29ff08d666b215a215f5c79186a645ccb25b14a663d48a130f77?s=96&d=mm&r=g\",\"contentUrl\":\"https:\\\/\\\/secure.gravatar.com\\\/avatar\\\/84a817ba065b29ff08d666b215a215f5c79186a645ccb25b14a663d48a130f77?s=96&d=mm&r=g\",\"caption\":\"alcalde\"},\"url\":\"https:\\\/\\\/www.caudete.org\\\/ayuntamiento\\\/author\\\/alcalde\\\/\"}]}<\/script>\n<!-- \/ Yoast SEO plugin. -->","yoast_head_json":{"title":"Convocado Pleno Ordinario telem\u00e1tico para el Jueves 28 - MI Ayuntamiento de Caudete","description":"P\u00e1gina Oficial del Ayuntamiento de Caudete (Albacete)","robots":{"index":"index","follow":"follow","max-snippet":"max-snippet:-1","max-image-preview":"max-image-preview:large","max-video-preview":"max-video-preview:-1"},"canonical":"https:\/\/www.caudete.org\/ayuntamiento\/convocado-pleno-ordinario-telematico-para-el-jueves-28\/","og_locale":"es_ES","og_type":"article","og_title":"Convocado Pleno Ordinario telem\u00e1tico para el Jueves 28 - MI Ayuntamiento de Caudete","og_description":"P\u00e1gina Oficial del Ayuntamiento de Caudete (Albacete)","og_url":"https:\/\/www.caudete.org\/ayuntamiento\/convocado-pleno-ordinario-telematico-para-el-jueves-28\/","og_site_name":"MI Ayuntamiento de Caudete","article_publisher":"https:\/\/www.facebook.com\/ayuntamientocaudete\/","article_published_time":"2021-01-25T17:00:00+00:00","og_image":[{"width":1800,"height":1011,"url":"https:\/\/www.caudete.org\/ayuntamiento\/wp-content\/uploads\/2021\/01\/567-original-fad8f00b2cd74d29683db76b4bd75190.jpg","type":"image\/jpeg"}],"author":"alcalde","twitter_card":"summary_large_image","twitter_misc":{"Escrito por":"alcalde","Tiempo de lectura":"3 minutos"},"schema":{"@context":"https:\/\/schema.org","@graph":[{"@type":"Article","@id":"https:\/\/www.caudete.org\/ayuntamiento\/convocado-pleno-ordinario-telematico-para-el-jueves-28\/#article","isPartOf":{"@id":"https:\/\/www.caudete.org\/ayuntamiento\/convocado-pleno-ordinario-telematico-para-el-jueves-28\/"},"author":{"name":"alcalde","@id":"https:\/\/www.caudete.org\/ayuntamiento\/#\/schema\/person\/cc646da9133078ee4d8dd47457947253"},"headline":"Convocado Pleno Ordinario telem\u00e1tico para el Jueves 28","datePublished":"2021-01-25T17:00:00+00:00","mainEntityOfPage":{"@id":"https:\/\/www.caudete.org\/ayuntamiento\/convocado-pleno-ordinario-telematico-para-el-jueves-28\/"},"wordCount":689,"image":{"@id":"https:\/\/www.caudete.org\/ayuntamiento\/convocado-pleno-ordinario-telematico-para-el-jueves-28\/#primaryimage"},"thumbnailUrl":"https:\/\/www.caudete.org\/ayuntamiento\/wp-content\/uploads\/2021\/01\/567-original-fad8f00b2cd74d29683db76b4bd75190.jpg","keywords":["pleno ordinario"],"articleSection":["Ayuntamiento"],"inLanguage":"es"},{"@type":"WebPage","@id":"https:\/\/www.caudete.org\/ayuntamiento\/convocado-pleno-ordinario-telematico-para-el-jueves-28\/","url":"https:\/\/www.caudete.org\/ayuntamiento\/convocado-pleno-ordinario-telematico-para-el-jueves-28\/","name":"Convocado Pleno Ordinario telem\u00e1tico para el Jueves 28 - MI Ayuntamiento de Caudete","isPartOf":{"@id":"https:\/\/www.caudete.org\/ayuntamiento\/#website"},"primaryImageOfPage":{"@id":"https:\/\/www.caudete.org\/ayuntamiento\/convocado-pleno-ordinario-telematico-para-el-jueves-28\/#primaryimage"},"image":{"@id":"https:\/\/www.caudete.org\/ayuntamiento\/convocado-pleno-ordinario-telematico-para-el-jueves-28\/#primaryimage"},"thumbnailUrl":"https:\/\/www.caudete.org\/ayuntamiento\/wp-content\/uploads\/2021\/01\/567-original-fad8f00b2cd74d29683db76b4bd75190.jpg","datePublished":"2021-01-25T17:00:00+00:00","author":{"@id":"https:\/\/www.caudete.org\/ayuntamiento\/#\/schema\/person\/cc646da9133078ee4d8dd47457947253"},"description":"P\u00e1gina Oficial del Ayuntamiento de Caudete (Albacete)","breadcrumb":{"@id":"https:\/\/www.caudete.org\/ayuntamiento\/convocado-pleno-ordinario-telematico-para-el-jueves-28\/#breadcrumb"},"inLanguage":"es","potentialAction":[{"@type":"ReadAction","target":["https:\/\/www.caudete.org\/ayuntamiento\/convocado-pleno-ordinario-telematico-para-el-jueves-28\/"]}]},{"@type":"ImageObject","inLanguage":"es","@id":"https:\/\/www.caudete.org\/ayuntamiento\/convocado-pleno-ordinario-telematico-para-el-jueves-28\/#primaryimage","url":"https:\/\/www.caudete.org\/ayuntamiento\/wp-content\/uploads\/2021\/01\/567-original-fad8f00b2cd74d29683db76b4bd75190.jpg","contentUrl":"https:\/\/www.caudete.org\/ayuntamiento\/wp-content\/uploads\/2021\/01\/567-original-fad8f00b2cd74d29683db76b4bd75190.jpg","width":1800,"height":1011},{"@type":"BreadcrumbList","@id":"https:\/\/www.caudete.org\/ayuntamiento\/convocado-pleno-ordinario-telematico-para-el-jueves-28\/#breadcrumb","itemListElement":[{"@type":"ListItem","position":1,"name":"Inicio","item":"https:\/\/www.caudete.org\/ayuntamiento\/"},{"@type":"ListItem","position":2,"name":"Convocado Pleno Ordinario telem\u00e1tico para el Jueves 28"}]},{"@type":"WebSite","@id":"https:\/\/www.caudete.org\/ayuntamiento\/#website","url":"https:\/\/www.caudete.org\/ayuntamiento\/","name":"MI Ayuntamiento de Caudete","description":"P\u00e1gina Oficial del MI Ayuntamiento de Caudete","potentialAction":[{"@type":"SearchAction","target":{"@type":"EntryPoint","urlTemplate":"https:\/\/www.caudete.org\/ayuntamiento\/?s={search_term_string}"},"query-input":{"@type":"PropertyValueSpecification","valueRequired":true,"valueName":"search_term_string"}}],"inLanguage":"es"},{"@type":"Person","@id":"https:\/\/www.caudete.org\/ayuntamiento\/#\/schema\/person\/cc646da9133078ee4d8dd47457947253","name":"alcalde","image":{"@type":"ImageObject","inLanguage":"es","@id":"https:\/\/secure.gravatar.com\/avatar\/84a817ba065b29ff08d666b215a215f5c79186a645ccb25b14a663d48a130f77?s=96&d=mm&r=g","url":"https:\/\/secure.gravatar.com\/avatar\/84a817ba065b29ff08d666b215a215f5c79186a645ccb25b14a663d48a130f77?s=96&d=mm&r=g","contentUrl":"https:\/\/secure.gravatar.com\/avatar\/84a817ba065b29ff08d666b215a215f5c79186a645ccb25b14a663d48a130f77?s=96&d=mm&r=g","caption":"alcalde"},"url":"https:\/\/www.caudete.org\/ayuntamiento\/author\/alcalde\/"}]}},"_links":{"self":[{"href":"https:\/\/www.caudete.org\/ayuntamiento\/wp-json\/wp\/v2\/posts\/11741","targetHints":{"allow":["GET"]}}],"collection":[{"href":"https:\/\/www.caudete.org\/ayuntamiento\/wp-json\/wp\/v2\/posts"}],"about":[{"href":"https:\/\/www.caudete.org\/ayuntamiento\/wp-json\/wp\/v2\/types\/post"}],"author":[{"embeddable":true,"href":"https:\/\/www.caudete.org\/ayuntamiento\/wp-json\/wp\/v2\/users\/3"}],"replies":[{"embeddable":true,"href":"https:\/\/www.caudete.org\/ayuntamiento\/wp-json\/wp\/v2\/comments?post=11741"}],"version-history":[{"count":1,"href":"https:\/\/www.caudete.org\/ayuntamiento\/wp-json\/wp\/v2\/posts\/11741\/revisions"}],"predecessor-version":[{"id":11743,"href":"https:\/\/www.caudete.org\/ayuntamiento\/wp-json\/wp\/v2\/posts\/11741\/revisions\/11743"}],"wp:featuredmedia":[{"embeddable":true,"href":"https:\/\/www.caudete.org\/ayuntamiento\/wp-json\/wp\/v2\/media\/11742"}],"wp:attachment":[{"href":"https:\/\/www.caudete.org\/ayuntamiento\/wp-json\/wp\/v2\/media?parent=11741"}],"wp:term":[{"taxonomy":"category","embeddable":true,"href":"https:\/\/www.caudete.org\/ayuntamiento\/wp-json\/wp\/v2\/categories?post=11741"},{"taxonomy":"post_tag","embeddable":true,"href":"https:\/\/www.caudete.org\/ayuntamiento\/wp-json\/wp\/v2\/tags?post=11741"}],"curies":[{"name":"wp","href":"https:\/\/api.w.org\/{rel}","templated":true}]}}