{"id":11788,"date":"2021-01-27T08:30:13","date_gmt":"2021-01-27T07:30:13","guid":{"rendered":"https:\/\/www.caudete.org\/ayuntamiento\/?p=11788"},"modified":"2021-01-26T22:31:46","modified_gmt":"2021-01-26T21:31:46","slug":"reunion-entre-gobierno-y-jefes-de-departamento-para-garantizar-salud-y-funcion-publica","status":"publish","type":"post","link":"https:\/\/www.caudete.org\/ayuntamiento\/reunion-entre-gobierno-y-jefes-de-departamento-para-garantizar-salud-y-funcion-publica\/","title":{"rendered":"Reuni\u00f3n entre Gobierno y Jefes de Departamento para garantizar Salud y Funci\u00f3n P\u00fablica"},"content":{"rendered":"<p style=\"text-align: justify;\">En la ma\u00f1ana de ayer, y convocados por el Alcalde y la Concejal de Recursos Humanos, manten\u00edan una reuni\u00f3n con todos los Jefes de Departamento del Ayuntamiento, junto al T\u00e9cnico Municipal de Prevenci\u00f3n, para dar cuenta de la situaci\u00f3n actual crisis sanitaria ocasionada por el COVID-19 y como consecuencia de la alta incidencia de contagio que est\u00e1 sufriendo nuestra poblaci\u00f3n y comarca.<\/p>\n<p style=\"text-align: justify;\">Se han tomado de forma consensuada medidas encaminadas a preservar la seguridad y salud de los empleados municipales y asegurar en todo momento la Funci\u00f3n P\u00fablica y el servicio a la ciudadan\u00eda.<\/p>\n<p style=\"text-align: justify;\">Desde este medio, aprovechamos para hacer un llamamiento a la ciudadan\u00eda para que se respeten las medidas que desde Sanidad se van indicando y \u00a0se evite en lo posible los desplazamientos y contactos no esenciales, por lo que aconsejamos que se utilice prioritariamente la v\u00eda telef\u00f3nica o telem\u00e1tica para realizar cualquier gesti\u00f3n con el Ayuntamiento siempre que sea posible.<\/p>\n<p style=\"text-align: justify;\">Para ello, recordamos que los Departamentos Municipales que prestan servicios administrativos de atenci\u00f3n p\u00fablica est\u00e1n gestionando sus servicios mediante cita previa con el fin de evitar aglomeraciones puntuales de personas en espacios peque\u00f1os y garantizar la salud de empleados y ciudadanos.<\/p>\n","protected":false},"excerpt":{"rendered":"<p>En la ma\u00f1ana de ayer, y convocados por el Alcalde y la Concejal de Recursos Humanos, manten\u00edan una reuni\u00f3n con todos los Jefes de Departamento del Ayuntamiento, junto al T\u00e9cnico Municipal de Prevenci\u00f3n, para dar cuenta de la situaci\u00f3n actual crisis sanitaria ocasionada por el COVID-19 y como consecuencia de la alta incidencia de contagio &hellip;<\/p>\n","protected":false},"author":3,"featured_media":11789,"comment_status":"closed","ping_status":"open","sticky":false,"template":"","format":"standard","meta":{"ngg_post_thumbnail":0,"footnotes":""},"categories":[33],"tags":[17,79,300,301,299],"class_list":["post-11788","post","type-post","status-publish","format-standard","has-post-thumbnail","hentry","category-recursos-humanos","tag-covid","tag-covid-19","tag-jefes-de-departamento","tag-medidas-especiales","tag-reunion"],"yoast_head":"<!-- This site is optimized with the Yoast SEO plugin v27.5 - https:\/\/yoast.com\/product\/yoast-seo-wordpress\/ -->\n<title>Reuni\u00f3n entre Gobierno y Jefes de Departamento para garantizar Salud y Funci\u00f3n P\u00fablica - MI Ayuntamiento de Caudete<\/title>\n<meta name=\"description\" content=\"P\u00e1gina Oficial del Ayuntamiento de Caudete (Albacete)\" \/>\n<meta name=\"robots\" content=\"index, follow, max-snippet:-1, max-image-preview:large, max-video-preview:-1\" \/>\n<link rel=\"canonical\" href=\"https:\/\/www.caudete.org\/ayuntamiento\/reunion-entre-gobierno-y-jefes-de-departamento-para-garantizar-salud-y-funcion-publica\/\" \/>\n<meta property=\"og:locale\" content=\"es_ES\" \/>\n<meta property=\"og:type\" content=\"article\" \/>\n<meta property=\"og:title\" content=\"Reuni\u00f3n entre Gobierno y Jefes de Departamento para garantizar Salud y Funci\u00f3n P\u00fablica - MI Ayuntamiento de Caudete\" \/>\n<meta property=\"og:description\" content=\"P\u00e1gina Oficial del Ayuntamiento de Caudete (Albacete)\" \/>\n<meta property=\"og:url\" content=\"https:\/\/www.caudete.org\/ayuntamiento\/reunion-entre-gobierno-y-jefes-de-departamento-para-garantizar-salud-y-funcion-publica\/\" \/>\n<meta property=\"og:site_name\" content=\"MI Ayuntamiento de Caudete\" \/>\n<meta property=\"article:publisher\" content=\"https:\/\/www.facebook.com\/ayuntamientocaudete\/\" \/>\n<meta property=\"article:published_time\" content=\"2021-01-27T07:30:13+00:00\" \/>\n<meta property=\"og:image\" content=\"https:\/\/www.caudete.org\/ayuntamiento\/wp-content\/uploads\/2021\/01\/sala_prensa_caudete_digital.jpg\" \/>\n\t<meta property=\"og:image:width\" content=\"640\" \/>\n\t<meta property=\"og:image:height\" content=\"324\" \/>\n\t<meta property=\"og:image:type\" content=\"image\/jpeg\" \/>\n<meta name=\"author\" content=\"alcalde\" \/>\n<meta name=\"twitter:card\" content=\"summary_large_image\" \/>\n<meta name=\"twitter:label1\" content=\"Escrito por\" \/>\n\t<meta name=\"twitter:data1\" content=\"alcalde\" \/>\n\t<meta name=\"twitter:label2\" content=\"Tiempo de lectura\" \/>\n\t<meta name=\"twitter:data2\" content=\"1 minuto\" \/>\n<script type=\"application\/ld+json\" class=\"yoast-schema-graph\">{\"@context\":\"https:\\\/\\\/schema.org\",\"@graph\":[{\"@type\":\"Article\",\"@id\":\"https:\\\/\\\/www.caudete.org\\\/ayuntamiento\\\/reunion-entre-gobierno-y-jefes-de-departamento-para-garantizar-salud-y-funcion-publica\\\/#article\",\"isPartOf\":{\"@id\":\"https:\\\/\\\/www.caudete.org\\\/ayuntamiento\\\/reunion-entre-gobierno-y-jefes-de-departamento-para-garantizar-salud-y-funcion-publica\\\/\"},\"author\":{\"name\":\"alcalde\",\"@id\":\"https:\\\/\\\/www.caudete.org\\\/ayuntamiento\\\/#\\\/schema\\\/person\\\/cc646da9133078ee4d8dd47457947253\"},\"headline\":\"Reuni\u00f3n entre Gobierno y Jefes de Departamento para garantizar Salud y Funci\u00f3n P\u00fablica\",\"datePublished\":\"2021-01-27T07:30:13+00:00\",\"mainEntityOfPage\":{\"@id\":\"https:\\\/\\\/www.caudete.org\\\/ayuntamiento\\\/reunion-entre-gobierno-y-jefes-de-departamento-para-garantizar-salud-y-funcion-publica\\\/\"},\"wordCount\":229,\"publisher\":{\"@id\":\"https:\\\/\\\/www.caudete.org\\\/ayuntamiento\\\/#organization\"},\"image\":{\"@id\":\"https:\\\/\\\/www.caudete.org\\\/ayuntamiento\\\/reunion-entre-gobierno-y-jefes-de-departamento-para-garantizar-salud-y-funcion-publica\\\/#primaryimage\"},\"thumbnailUrl\":\"https:\\\/\\\/www.caudete.org\\\/ayuntamiento\\\/wp-content\\\/uploads\\\/2021\\\/01\\\/sala_prensa_caudete_digital.jpg\",\"keywords\":[\"covid\",\"covid-19\",\"jefes de departamento\",\"medidas especiales\",\"reunion\"],\"articleSection\":[\"Recursos Humanos\"],\"inLanguage\":\"es\"},{\"@type\":\"WebPage\",\"@id\":\"https:\\\/\\\/www.caudete.org\\\/ayuntamiento\\\/reunion-entre-gobierno-y-jefes-de-departamento-para-garantizar-salud-y-funcion-publica\\\/\",\"url\":\"https:\\\/\\\/www.caudete.org\\\/ayuntamiento\\\/reunion-entre-gobierno-y-jefes-de-departamento-para-garantizar-salud-y-funcion-publica\\\/\",\"name\":\"Reuni\u00f3n entre Gobierno y Jefes de Departamento para garantizar Salud y Funci\u00f3n P\u00fablica - MI Ayuntamiento de Caudete\",\"isPartOf\":{\"@id\":\"https:\\\/\\\/www.caudete.org\\\/ayuntamiento\\\/#website\"},\"primaryImageOfPage\":{\"@id\":\"https:\\\/\\\/www.caudete.org\\\/ayuntamiento\\\/reunion-entre-gobierno-y-jefes-de-departamento-para-garantizar-salud-y-funcion-publica\\\/#primaryimage\"},\"image\":{\"@id\":\"https:\\\/\\\/www.caudete.org\\\/ayuntamiento\\\/reunion-entre-gobierno-y-jefes-de-departamento-para-garantizar-salud-y-funcion-publica\\\/#primaryimage\"},\"thumbnailUrl\":\"https:\\\/\\\/www.caudete.org\\\/ayuntamiento\\\/wp-content\\\/uploads\\\/2021\\\/01\\\/sala_prensa_caudete_digital.jpg\",\"datePublished\":\"2021-01-27T07:30:13+00:00\",\"description\":\"P\u00e1gina Oficial del Ayuntamiento de Caudete (Albacete)\",\"breadcrumb\":{\"@id\":\"https:\\\/\\\/www.caudete.org\\\/ayuntamiento\\\/reunion-entre-gobierno-y-jefes-de-departamento-para-garantizar-salud-y-funcion-publica\\\/#breadcrumb\"},\"inLanguage\":\"es\",\"potentialAction\":[{\"@type\":\"ReadAction\",\"target\":[\"https:\\\/\\\/www.caudete.org\\\/ayuntamiento\\\/reunion-entre-gobierno-y-jefes-de-departamento-para-garantizar-salud-y-funcion-publica\\\/\"]}]},{\"@type\":\"ImageObject\",\"inLanguage\":\"es\",\"@id\":\"https:\\\/\\\/www.caudete.org\\\/ayuntamiento\\\/reunion-entre-gobierno-y-jefes-de-departamento-para-garantizar-salud-y-funcion-publica\\\/#primaryimage\",\"url\":\"https:\\\/\\\/www.caudete.org\\\/ayuntamiento\\\/wp-content\\\/uploads\\\/2021\\\/01\\\/sala_prensa_caudete_digital.jpg\",\"contentUrl\":\"https:\\\/\\\/www.caudete.org\\\/ayuntamiento\\\/wp-content\\\/uploads\\\/2021\\\/01\\\/sala_prensa_caudete_digital.jpg\",\"width\":640,\"height\":324},{\"@type\":\"BreadcrumbList\",\"@id\":\"https:\\\/\\\/www.caudete.org\\\/ayuntamiento\\\/reunion-entre-gobierno-y-jefes-de-departamento-para-garantizar-salud-y-funcion-publica\\\/#breadcrumb\",\"itemListElement\":[{\"@type\":\"ListItem\",\"position\":1,\"name\":\"Inicio\",\"item\":\"https:\\\/\\\/www.caudete.org\\\/ayuntamiento\\\/\"},{\"@type\":\"ListItem\",\"position\":2,\"name\":\"Reuni\u00f3n entre Gobierno y Jefes de Departamento para garantizar Salud y Funci\u00f3n P\u00fablica\"}]},{\"@type\":\"WebSite\",\"@id\":\"https:\\\/\\\/www.caudete.org\\\/ayuntamiento\\\/#website\",\"url\":\"https:\\\/\\\/www.caudete.org\\\/ayuntamiento\\\/\",\"name\":\"MI Ayuntamiento de Caudete\",\"description\":\"P\u00e1gina Oficial del MI Ayuntamiento de Caudete\",\"publisher\":{\"@id\":\"https:\\\/\\\/www.caudete.org\\\/ayuntamiento\\\/#organization\"},\"potentialAction\":[{\"@type\":\"SearchAction\",\"target\":{\"@type\":\"EntryPoint\",\"urlTemplate\":\"https:\\\/\\\/www.caudete.org\\\/ayuntamiento\\\/?s={search_term_string}\"},\"query-input\":{\"@type\":\"PropertyValueSpecification\",\"valueRequired\":true,\"valueName\":\"search_term_string\"}}],\"inLanguage\":\"es\"},{\"@type\":\"Organization\",\"@id\":\"https:\\\/\\\/www.caudete.org\\\/ayuntamiento\\\/#organization\",\"name\":\"Ayuntamiento de Caudete\",\"url\":\"https:\\\/\\\/www.caudete.org\\\/ayuntamiento\\\/\",\"logo\":{\"@type\":\"ImageObject\",\"inLanguage\":\"es\",\"@id\":\"https:\\\/\\\/www.caudete.org\\\/ayuntamiento\\\/#\\\/schema\\\/logo\\\/image\\\/\",\"url\":\"https:\\\/\\\/www.caudete.org\\\/ayuntamiento\\\/wp-content\\\/uploads\\\/2020\\\/11\\\/logo_ayuntamiento_caudete.jpg\",\"contentUrl\":\"https:\\\/\\\/www.caudete.org\\\/ayuntamiento\\\/wp-content\\\/uploads\\\/2020\\\/11\\\/logo_ayuntamiento_caudete.jpg\",\"width\":600,\"height\":150,\"caption\":\"Ayuntamiento de Caudete\"},\"image\":{\"@id\":\"https:\\\/\\\/www.caudete.org\\\/ayuntamiento\\\/#\\\/schema\\\/logo\\\/image\\\/\"},\"sameAs\":[\"https:\\\/\\\/www.facebook.com\\\/ayuntamientocaudete\\\/\",\"https:\\\/\\\/www.youtube.com\\\/channel\\\/UC6VztHaooNsGpw-tNoBEFnQ\"]},{\"@type\":\"Person\",\"@id\":\"https:\\\/\\\/www.caudete.org\\\/ayuntamiento\\\/#\\\/schema\\\/person\\\/cc646da9133078ee4d8dd47457947253\",\"name\":\"alcalde\",\"image\":{\"@type\":\"ImageObject\",\"inLanguage\":\"es\",\"@id\":\"https:\\\/\\\/secure.gravatar.com\\\/avatar\\\/84a817ba065b29ff08d666b215a215f5c79186a645ccb25b14a663d48a130f77?s=96&d=mm&r=g\",\"url\":\"https:\\\/\\\/secure.gravatar.com\\\/avatar\\\/84a817ba065b29ff08d666b215a215f5c79186a645ccb25b14a663d48a130f77?s=96&d=mm&r=g\",\"contentUrl\":\"https:\\\/\\\/secure.gravatar.com\\\/avatar\\\/84a817ba065b29ff08d666b215a215f5c79186a645ccb25b14a663d48a130f77?s=96&d=mm&r=g\",\"caption\":\"alcalde\"},\"url\":\"https:\\\/\\\/www.caudete.org\\\/ayuntamiento\\\/author\\\/alcalde\\\/\"}]}<\/script>\n<!-- \/ Yoast SEO plugin. -->","yoast_head_json":{"title":"Reuni\u00f3n entre Gobierno y Jefes de Departamento para garantizar Salud y Funci\u00f3n P\u00fablica - MI Ayuntamiento de Caudete","description":"P\u00e1gina Oficial del Ayuntamiento de Caudete (Albacete)","robots":{"index":"index","follow":"follow","max-snippet":"max-snippet:-1","max-image-preview":"max-image-preview:large","max-video-preview":"max-video-preview:-1"},"canonical":"https:\/\/www.caudete.org\/ayuntamiento\/reunion-entre-gobierno-y-jefes-de-departamento-para-garantizar-salud-y-funcion-publica\/","og_locale":"es_ES","og_type":"article","og_title":"Reuni\u00f3n entre Gobierno y Jefes de Departamento para garantizar Salud y Funci\u00f3n P\u00fablica - MI Ayuntamiento de Caudete","og_description":"P\u00e1gina Oficial del Ayuntamiento de Caudete (Albacete)","og_url":"https:\/\/www.caudete.org\/ayuntamiento\/reunion-entre-gobierno-y-jefes-de-departamento-para-garantizar-salud-y-funcion-publica\/","og_site_name":"MI Ayuntamiento de Caudete","article_publisher":"https:\/\/www.facebook.com\/ayuntamientocaudete\/","article_published_time":"2021-01-27T07:30:13+00:00","og_image":[{"width":640,"height":324,"url":"https:\/\/www.caudete.org\/ayuntamiento\/wp-content\/uploads\/2021\/01\/sala_prensa_caudete_digital.jpg","type":"image\/jpeg"}],"author":"alcalde","twitter_card":"summary_large_image","twitter_misc":{"Escrito por":"alcalde","Tiempo de lectura":"1 minuto"},"schema":{"@context":"https:\/\/schema.org","@graph":[{"@type":"Article","@id":"https:\/\/www.caudete.org\/ayuntamiento\/reunion-entre-gobierno-y-jefes-de-departamento-para-garantizar-salud-y-funcion-publica\/#article","isPartOf":{"@id":"https:\/\/www.caudete.org\/ayuntamiento\/reunion-entre-gobierno-y-jefes-de-departamento-para-garantizar-salud-y-funcion-publica\/"},"author":{"name":"alcalde","@id":"https:\/\/www.caudete.org\/ayuntamiento\/#\/schema\/person\/cc646da9133078ee4d8dd47457947253"},"headline":"Reuni\u00f3n entre Gobierno y Jefes de Departamento para garantizar Salud y Funci\u00f3n P\u00fablica","datePublished":"2021-01-27T07:30:13+00:00","mainEntityOfPage":{"@id":"https:\/\/www.caudete.org\/ayuntamiento\/reunion-entre-gobierno-y-jefes-de-departamento-para-garantizar-salud-y-funcion-publica\/"},"wordCount":229,"publisher":{"@id":"https:\/\/www.caudete.org\/ayuntamiento\/#organization"},"image":{"@id":"https:\/\/www.caudete.org\/ayuntamiento\/reunion-entre-gobierno-y-jefes-de-departamento-para-garantizar-salud-y-funcion-publica\/#primaryimage"},"thumbnailUrl":"https:\/\/www.caudete.org\/ayuntamiento\/wp-content\/uploads\/2021\/01\/sala_prensa_caudete_digital.jpg","keywords":["covid","covid-19","jefes de departamento","medidas especiales","reunion"],"articleSection":["Recursos Humanos"],"inLanguage":"es"},{"@type":"WebPage","@id":"https:\/\/www.caudete.org\/ayuntamiento\/reunion-entre-gobierno-y-jefes-de-departamento-para-garantizar-salud-y-funcion-publica\/","url":"https:\/\/www.caudete.org\/ayuntamiento\/reunion-entre-gobierno-y-jefes-de-departamento-para-garantizar-salud-y-funcion-publica\/","name":"Reuni\u00f3n entre Gobierno y Jefes de Departamento para garantizar Salud y Funci\u00f3n P\u00fablica - MI Ayuntamiento de Caudete","isPartOf":{"@id":"https:\/\/www.caudete.org\/ayuntamiento\/#website"},"primaryImageOfPage":{"@id":"https:\/\/www.caudete.org\/ayuntamiento\/reunion-entre-gobierno-y-jefes-de-departamento-para-garantizar-salud-y-funcion-publica\/#primaryimage"},"image":{"@id":"https:\/\/www.caudete.org\/ayuntamiento\/reunion-entre-gobierno-y-jefes-de-departamento-para-garantizar-salud-y-funcion-publica\/#primaryimage"},"thumbnailUrl":"https:\/\/www.caudete.org\/ayuntamiento\/wp-content\/uploads\/2021\/01\/sala_prensa_caudete_digital.jpg","datePublished":"2021-01-27T07:30:13+00:00","description":"P\u00e1gina Oficial del Ayuntamiento de Caudete (Albacete)","breadcrumb":{"@id":"https:\/\/www.caudete.org\/ayuntamiento\/reunion-entre-gobierno-y-jefes-de-departamento-para-garantizar-salud-y-funcion-publica\/#breadcrumb"},"inLanguage":"es","potentialAction":[{"@type":"ReadAction","target":["https:\/\/www.caudete.org\/ayuntamiento\/reunion-entre-gobierno-y-jefes-de-departamento-para-garantizar-salud-y-funcion-publica\/"]}]},{"@type":"ImageObject","inLanguage":"es","@id":"https:\/\/www.caudete.org\/ayuntamiento\/reunion-entre-gobierno-y-jefes-de-departamento-para-garantizar-salud-y-funcion-publica\/#primaryimage","url":"https:\/\/www.caudete.org\/ayuntamiento\/wp-content\/uploads\/2021\/01\/sala_prensa_caudete_digital.jpg","contentUrl":"https:\/\/www.caudete.org\/ayuntamiento\/wp-content\/uploads\/2021\/01\/sala_prensa_caudete_digital.jpg","width":640,"height":324},{"@type":"BreadcrumbList","@id":"https:\/\/www.caudete.org\/ayuntamiento\/reunion-entre-gobierno-y-jefes-de-departamento-para-garantizar-salud-y-funcion-publica\/#breadcrumb","itemListElement":[{"@type":"ListItem","position":1,"name":"Inicio","item":"https:\/\/www.caudete.org\/ayuntamiento\/"},{"@type":"ListItem","position":2,"name":"Reuni\u00f3n entre Gobierno y Jefes de Departamento para garantizar Salud y Funci\u00f3n P\u00fablica"}]},{"@type":"WebSite","@id":"https:\/\/www.caudete.org\/ayuntamiento\/#website","url":"https:\/\/www.caudete.org\/ayuntamiento\/","name":"MI Ayuntamiento de Caudete","description":"P\u00e1gina Oficial del MI Ayuntamiento de Caudete","publisher":{"@id":"https:\/\/www.caudete.org\/ayuntamiento\/#organization"},"potentialAction":[{"@type":"SearchAction","target":{"@type":"EntryPoint","urlTemplate":"https:\/\/www.caudete.org\/ayuntamiento\/?s={search_term_string}"},"query-input":{"@type":"PropertyValueSpecification","valueRequired":true,"valueName":"search_term_string"}}],"inLanguage":"es"},{"@type":"Organization","@id":"https:\/\/www.caudete.org\/ayuntamiento\/#organization","name":"Ayuntamiento de Caudete","url":"https:\/\/www.caudete.org\/ayuntamiento\/","logo":{"@type":"ImageObject","inLanguage":"es","@id":"https:\/\/www.caudete.org\/ayuntamiento\/#\/schema\/logo\/image\/","url":"https:\/\/www.caudete.org\/ayuntamiento\/wp-content\/uploads\/2020\/11\/logo_ayuntamiento_caudete.jpg","contentUrl":"https:\/\/www.caudete.org\/ayuntamiento\/wp-content\/uploads\/2020\/11\/logo_ayuntamiento_caudete.jpg","width":600,"height":150,"caption":"Ayuntamiento de Caudete"},"image":{"@id":"https:\/\/www.caudete.org\/ayuntamiento\/#\/schema\/logo\/image\/"},"sameAs":["https:\/\/www.facebook.com\/ayuntamientocaudete\/","https:\/\/www.youtube.com\/channel\/UC6VztHaooNsGpw-tNoBEFnQ"]},{"@type":"Person","@id":"https:\/\/www.caudete.org\/ayuntamiento\/#\/schema\/person\/cc646da9133078ee4d8dd47457947253","name":"alcalde","image":{"@type":"ImageObject","inLanguage":"es","@id":"https:\/\/secure.gravatar.com\/avatar\/84a817ba065b29ff08d666b215a215f5c79186a645ccb25b14a663d48a130f77?s=96&d=mm&r=g","url":"https:\/\/secure.gravatar.com\/avatar\/84a817ba065b29ff08d666b215a215f5c79186a645ccb25b14a663d48a130f77?s=96&d=mm&r=g","contentUrl":"https:\/\/secure.gravatar.com\/avatar\/84a817ba065b29ff08d666b215a215f5c79186a645ccb25b14a663d48a130f77?s=96&d=mm&r=g","caption":"alcalde"},"url":"https:\/\/www.caudete.org\/ayuntamiento\/author\/alcalde\/"}]}},"_links":{"self":[{"href":"https:\/\/www.caudete.org\/ayuntamiento\/wp-json\/wp\/v2\/posts\/11788","targetHints":{"allow":["GET"]}}],"collection":[{"href":"https:\/\/www.caudete.org\/ayuntamiento\/wp-json\/wp\/v2\/posts"}],"about":[{"href":"https:\/\/www.caudete.org\/ayuntamiento\/wp-json\/wp\/v2\/types\/post"}],"author":[{"embeddable":true,"href":"https:\/\/www.caudete.org\/ayuntamiento\/wp-json\/wp\/v2\/users\/3"}],"replies":[{"embeddable":true,"href":"https:\/\/www.caudete.org\/ayuntamiento\/wp-json\/wp\/v2\/comments?post=11788"}],"version-history":[{"count":1,"href":"https:\/\/www.caudete.org\/ayuntamiento\/wp-json\/wp\/v2\/posts\/11788\/revisions"}],"predecessor-version":[{"id":11790,"href":"https:\/\/www.caudete.org\/ayuntamiento\/wp-json\/wp\/v2\/posts\/11788\/revisions\/11790"}],"wp:featuredmedia":[{"embeddable":true,"href":"https:\/\/www.caudete.org\/ayuntamiento\/wp-json\/wp\/v2\/media\/11789"}],"wp:attachment":[{"href":"https:\/\/www.caudete.org\/ayuntamiento\/wp-json\/wp\/v2\/media?parent=11788"}],"wp:term":[{"taxonomy":"category","embeddable":true,"href":"https:\/\/www.caudete.org\/ayuntamiento\/wp-json\/wp\/v2\/categories?post=11788"},{"taxonomy":"post_tag","embeddable":true,"href":"https:\/\/www.caudete.org\/ayuntamiento\/wp-json\/wp\/v2\/tags?post=11788"}],"curies":[{"name":"wp","href":"https:\/\/api.w.org\/{rel}","templated":true}]}}