{"id":11801,"date":"2021-01-27T18:04:19","date_gmt":"2021-01-27T17:04:19","guid":{"rendered":"https:\/\/www.caudete.org\/ayuntamiento\/?p=11801"},"modified":"2021-01-27T18:04:19","modified_gmt":"2021-01-27T17:04:19","slug":"apoyo-y-respaldo-del-hospital-de-almansa-a-los-profesionales-del-centro-de-salud-de-caudete","status":"publish","type":"post","link":"https:\/\/www.caudete.org\/ayuntamiento\/apoyo-y-respaldo-del-hospital-de-almansa-a-los-profesionales-del-centro-de-salud-de-caudete\/","title":{"rendered":"Apoyo y respaldo del Hospital de Almansa a los profesionales del Centro de Salud de Caudete"},"content":{"rendered":"<p style=\"text-align: justify;\">La Concejal de Sanidad del Ayuntamiento de Caudete, Inma Garc\u00eda, da traslado a los caudetanos de la nota recibida desde la Gerencia del Hospital de Almansa, tras el revuelo formado en la poblaci\u00f3n al hacer p\u00fablica la situaci\u00f3n actual del Centro de Salud de Caudete.<\/p>\n<p style=\"text-align: justify;\">Aprovecha para trasladar, en nombre de todo el Equipo de Gobierno la admiraci\u00f3n, respeto, profesionalidad y entrega que todos los profesionales del Centro de Salud demuestran y han demostrado en todo momento, especialmente en estas circunstancias duras que vivimos de Pandemia, traslad\u00e1ndoles fuerza y valent\u00eda, y \u00e1nimo en seguir luchando por la salud de todos los ciudadanos desde esa primera l\u00ednea de batalla.<\/p>\n<p>&nbsp;<\/p>\n<p style=\"text-align: justify;\"><em>&#8220;Desde la Gerencia de Atenci\u00f3n Integrada (GAI) de Almansa queremos remitir el siguiente comunicado en relaci\u00f3n a las incidencias sucedidas en el Centro de Salud de Caudete.<\/em><\/p>\n<p style=\"text-align: justify;\"><em>Con motivo de la baja de algunos profesionales m\u00e9dicos del Centro de Salud, debidas a la actual Pandemia de SARS CoV-2, acaecidas en los \u00faltimos d\u00edas, dicho centro se ha visto obligado a la suspensi\u00f3n de la actividad m\u00e9dica programada.<\/em><\/p>\n<p style=\"text-align: justify;\"><em>Desde la GAI se ha intentado sustituir a los profesionales, pero debido a la situaci\u00f3n de actual Pandemia, ha sido imposible.<\/em><\/p>\n<p style=\"text-align: justify;\"><em>La suspensi\u00f3n de esta actividad ser\u00e1 temporal a la espera de la incorporaci\u00f3n de los profesionales afectados. Este hecho no significa la desatenci\u00f3n de la poblaci\u00f3n, ya que el resto de actividad sanitaria del centro (como consultas de enfermer\u00eda, salud bucodental, matrona, etc) no se ver\u00e1 alterada.<\/em><\/p>\n<p style=\"text-align: justify;\"><em>Dicha suspensi\u00f3n de actividad, solo afectar\u00eda a la actividad m\u00e9dica programada, de manera que la atenci\u00f3n urgente, ya sea telef\u00f3nica o presencial se seguir\u00e1 llevando a cabo las 24 horas del d\u00eda.<\/em><\/p>\n<p style=\"text-align: justify;\"><em>Queremos aprovechar este comunicado para respaldar la organizaci\u00f3n del Centro de Salud de Caudete y felicitarles por la labor y el esfuerzo realizado durante toda la Pandemia.&#8221;<\/em><\/p>\n","protected":false},"excerpt":{"rendered":"<p>La Concejal de Sanidad del Ayuntamiento de Caudete, Inma Garc\u00eda, da traslado a los caudetanos de la nota recibida desde la Gerencia del Hospital de Almansa, tras el revuelo formado en la poblaci\u00f3n al hacer p\u00fablica la situaci\u00f3n actual del Centro de Salud de Caudete. Aprovecha para trasladar, en nombre de todo el Equipo de &hellip;<\/p>\n","protected":false},"author":3,"featured_media":11802,"comment_status":"closed","ping_status":"open","sticky":false,"template":"","format":"standard","meta":{"ngg_post_thumbnail":0,"footnotes":""},"categories":[16],"tags":[264,222,17,79,305,304],"class_list":["post-11801","post","type-post","status-publish","format-standard","has-post-thumbnail","hentry","category-sanidad","tag-almansa","tag-centro-salud","tag-covid","tag-covid-19","tag-gerencia","tag-hospital"],"yoast_head":"<!-- This site is optimized with the Yoast SEO plugin v27.5 - https:\/\/yoast.com\/product\/yoast-seo-wordpress\/ -->\n<title>Apoyo y respaldo del Hospital de Almansa a los profesionales del Centro de Salud de Caudete - MI Ayuntamiento de Caudete<\/title>\n<meta name=\"description\" content=\"P\u00e1gina Oficial del Ayuntamiento de Caudete (Albacete)\" \/>\n<meta name=\"robots\" content=\"index, follow, max-snippet:-1, max-image-preview:large, max-video-preview:-1\" \/>\n<link rel=\"canonical\" href=\"https:\/\/www.caudete.org\/ayuntamiento\/apoyo-y-respaldo-del-hospital-de-almansa-a-los-profesionales-del-centro-de-salud-de-caudete\/\" \/>\n<meta property=\"og:locale\" content=\"es_ES\" \/>\n<meta property=\"og:type\" content=\"article\" \/>\n<meta property=\"og:title\" content=\"Apoyo y respaldo del Hospital de Almansa a los profesionales del Centro de Salud de Caudete - MI Ayuntamiento de Caudete\" \/>\n<meta property=\"og:description\" content=\"P\u00e1gina Oficial del Ayuntamiento de Caudete (Albacete)\" \/>\n<meta property=\"og:url\" content=\"https:\/\/www.caudete.org\/ayuntamiento\/apoyo-y-respaldo-del-hospital-de-almansa-a-los-profesionales-del-centro-de-salud-de-caudete\/\" \/>\n<meta property=\"og:site_name\" content=\"MI Ayuntamiento de Caudete\" \/>\n<meta property=\"article:publisher\" content=\"https:\/\/www.facebook.com\/ayuntamientocaudete\/\" \/>\n<meta property=\"article:published_time\" content=\"2021-01-27T17:04:19+00:00\" \/>\n<meta property=\"og:image\" content=\"https:\/\/www.caudete.org\/ayuntamiento\/wp-content\/uploads\/2021\/01\/unnamed-2.jpg\" \/>\n\t<meta property=\"og:image:width\" content=\"314\" \/>\n\t<meta property=\"og:image:height\" content=\"235\" \/>\n\t<meta property=\"og:image:type\" content=\"image\/jpeg\" \/>\n<meta name=\"author\" content=\"alcalde\" \/>\n<meta name=\"twitter:card\" content=\"summary_large_image\" \/>\n<meta name=\"twitter:label1\" content=\"Escrito por\" \/>\n\t<meta name=\"twitter:data1\" content=\"alcalde\" \/>\n\t<meta name=\"twitter:label2\" content=\"Tiempo de lectura\" \/>\n\t<meta name=\"twitter:data2\" content=\"2 minutos\" \/>\n<script type=\"application\/ld+json\" class=\"yoast-schema-graph\">{\"@context\":\"https:\\\/\\\/schema.org\",\"@graph\":[{\"@type\":\"Article\",\"@id\":\"https:\\\/\\\/www.caudete.org\\\/ayuntamiento\\\/apoyo-y-respaldo-del-hospital-de-almansa-a-los-profesionales-del-centro-de-salud-de-caudete\\\/#article\",\"isPartOf\":{\"@id\":\"https:\\\/\\\/www.caudete.org\\\/ayuntamiento\\\/apoyo-y-respaldo-del-hospital-de-almansa-a-los-profesionales-del-centro-de-salud-de-caudete\\\/\"},\"author\":{\"name\":\"alcalde\",\"@id\":\"https:\\\/\\\/www.caudete.org\\\/ayuntamiento\\\/#\\\/schema\\\/person\\\/cc646da9133078ee4d8dd47457947253\"},\"headline\":\"Apoyo y respaldo del Hospital de Almansa a los profesionales del Centro de Salud de Caudete\",\"datePublished\":\"2021-01-27T17:04:19+00:00\",\"mainEntityOfPage\":{\"@id\":\"https:\\\/\\\/www.caudete.org\\\/ayuntamiento\\\/apoyo-y-respaldo-del-hospital-de-almansa-a-los-profesionales-del-centro-de-salud-de-caudete\\\/\"},\"wordCount\":345,\"publisher\":{\"@id\":\"https:\\\/\\\/www.caudete.org\\\/ayuntamiento\\\/#organization\"},\"image\":{\"@id\":\"https:\\\/\\\/www.caudete.org\\\/ayuntamiento\\\/apoyo-y-respaldo-del-hospital-de-almansa-a-los-profesionales-del-centro-de-salud-de-caudete\\\/#primaryimage\"},\"thumbnailUrl\":\"https:\\\/\\\/www.caudete.org\\\/ayuntamiento\\\/wp-content\\\/uploads\\\/2021\\\/01\\\/unnamed-2.jpg\",\"keywords\":[\"almansa\",\"centro salud\",\"covid\",\"covid-19\",\"gerencia\",\"hospital\"],\"articleSection\":[\"Sanidad\"],\"inLanguage\":\"es\"},{\"@type\":\"WebPage\",\"@id\":\"https:\\\/\\\/www.caudete.org\\\/ayuntamiento\\\/apoyo-y-respaldo-del-hospital-de-almansa-a-los-profesionales-del-centro-de-salud-de-caudete\\\/\",\"url\":\"https:\\\/\\\/www.caudete.org\\\/ayuntamiento\\\/apoyo-y-respaldo-del-hospital-de-almansa-a-los-profesionales-del-centro-de-salud-de-caudete\\\/\",\"name\":\"Apoyo y respaldo del Hospital de Almansa a los profesionales del Centro de Salud de Caudete - MI Ayuntamiento de Caudete\",\"isPartOf\":{\"@id\":\"https:\\\/\\\/www.caudete.org\\\/ayuntamiento\\\/#website\"},\"primaryImageOfPage\":{\"@id\":\"https:\\\/\\\/www.caudete.org\\\/ayuntamiento\\\/apoyo-y-respaldo-del-hospital-de-almansa-a-los-profesionales-del-centro-de-salud-de-caudete\\\/#primaryimage\"},\"image\":{\"@id\":\"https:\\\/\\\/www.caudete.org\\\/ayuntamiento\\\/apoyo-y-respaldo-del-hospital-de-almansa-a-los-profesionales-del-centro-de-salud-de-caudete\\\/#primaryimage\"},\"thumbnailUrl\":\"https:\\\/\\\/www.caudete.org\\\/ayuntamiento\\\/wp-content\\\/uploads\\\/2021\\\/01\\\/unnamed-2.jpg\",\"datePublished\":\"2021-01-27T17:04:19+00:00\",\"description\":\"P\u00e1gina Oficial del Ayuntamiento de Caudete (Albacete)\",\"breadcrumb\":{\"@id\":\"https:\\\/\\\/www.caudete.org\\\/ayuntamiento\\\/apoyo-y-respaldo-del-hospital-de-almansa-a-los-profesionales-del-centro-de-salud-de-caudete\\\/#breadcrumb\"},\"inLanguage\":\"es\",\"potentialAction\":[{\"@type\":\"ReadAction\",\"target\":[\"https:\\\/\\\/www.caudete.org\\\/ayuntamiento\\\/apoyo-y-respaldo-del-hospital-de-almansa-a-los-profesionales-del-centro-de-salud-de-caudete\\\/\"]}]},{\"@type\":\"ImageObject\",\"inLanguage\":\"es\",\"@id\":\"https:\\\/\\\/www.caudete.org\\\/ayuntamiento\\\/apoyo-y-respaldo-del-hospital-de-almansa-a-los-profesionales-del-centro-de-salud-de-caudete\\\/#primaryimage\",\"url\":\"https:\\\/\\\/www.caudete.org\\\/ayuntamiento\\\/wp-content\\\/uploads\\\/2021\\\/01\\\/unnamed-2.jpg\",\"contentUrl\":\"https:\\\/\\\/www.caudete.org\\\/ayuntamiento\\\/wp-content\\\/uploads\\\/2021\\\/01\\\/unnamed-2.jpg\",\"width\":314,\"height\":235},{\"@type\":\"BreadcrumbList\",\"@id\":\"https:\\\/\\\/www.caudete.org\\\/ayuntamiento\\\/apoyo-y-respaldo-del-hospital-de-almansa-a-los-profesionales-del-centro-de-salud-de-caudete\\\/#breadcrumb\",\"itemListElement\":[{\"@type\":\"ListItem\",\"position\":1,\"name\":\"Inicio\",\"item\":\"https:\\\/\\\/www.caudete.org\\\/ayuntamiento\\\/\"},{\"@type\":\"ListItem\",\"position\":2,\"name\":\"Apoyo y respaldo del Hospital de Almansa a los profesionales del Centro de Salud de Caudete\"}]},{\"@type\":\"WebSite\",\"@id\":\"https:\\\/\\\/www.caudete.org\\\/ayuntamiento\\\/#website\",\"url\":\"https:\\\/\\\/www.caudete.org\\\/ayuntamiento\\\/\",\"name\":\"MI Ayuntamiento de Caudete\",\"description\":\"P\u00e1gina Oficial del MI Ayuntamiento de Caudete\",\"publisher\":{\"@id\":\"https:\\\/\\\/www.caudete.org\\\/ayuntamiento\\\/#organization\"},\"potentialAction\":[{\"@type\":\"SearchAction\",\"target\":{\"@type\":\"EntryPoint\",\"urlTemplate\":\"https:\\\/\\\/www.caudete.org\\\/ayuntamiento\\\/?s={search_term_string}\"},\"query-input\":{\"@type\":\"PropertyValueSpecification\",\"valueRequired\":true,\"valueName\":\"search_term_string\"}}],\"inLanguage\":\"es\"},{\"@type\":\"Organization\",\"@id\":\"https:\\\/\\\/www.caudete.org\\\/ayuntamiento\\\/#organization\",\"name\":\"Ayuntamiento de Caudete\",\"url\":\"https:\\\/\\\/www.caudete.org\\\/ayuntamiento\\\/\",\"logo\":{\"@type\":\"ImageObject\",\"inLanguage\":\"es\",\"@id\":\"https:\\\/\\\/www.caudete.org\\\/ayuntamiento\\\/#\\\/schema\\\/logo\\\/image\\\/\",\"url\":\"https:\\\/\\\/www.caudete.org\\\/ayuntamiento\\\/wp-content\\\/uploads\\\/2020\\\/11\\\/logo_ayuntamiento_caudete.jpg\",\"contentUrl\":\"https:\\\/\\\/www.caudete.org\\\/ayuntamiento\\\/wp-content\\\/uploads\\\/2020\\\/11\\\/logo_ayuntamiento_caudete.jpg\",\"width\":600,\"height\":150,\"caption\":\"Ayuntamiento de Caudete\"},\"image\":{\"@id\":\"https:\\\/\\\/www.caudete.org\\\/ayuntamiento\\\/#\\\/schema\\\/logo\\\/image\\\/\"},\"sameAs\":[\"https:\\\/\\\/www.facebook.com\\\/ayuntamientocaudete\\\/\",\"https:\\\/\\\/www.youtube.com\\\/channel\\\/UC6VztHaooNsGpw-tNoBEFnQ\"]},{\"@type\":\"Person\",\"@id\":\"https:\\\/\\\/www.caudete.org\\\/ayuntamiento\\\/#\\\/schema\\\/person\\\/cc646da9133078ee4d8dd47457947253\",\"name\":\"alcalde\",\"image\":{\"@type\":\"ImageObject\",\"inLanguage\":\"es\",\"@id\":\"https:\\\/\\\/secure.gravatar.com\\\/avatar\\\/84a817ba065b29ff08d666b215a215f5c79186a645ccb25b14a663d48a130f77?s=96&d=mm&r=g\",\"url\":\"https:\\\/\\\/secure.gravatar.com\\\/avatar\\\/84a817ba065b29ff08d666b215a215f5c79186a645ccb25b14a663d48a130f77?s=96&d=mm&r=g\",\"contentUrl\":\"https:\\\/\\\/secure.gravatar.com\\\/avatar\\\/84a817ba065b29ff08d666b215a215f5c79186a645ccb25b14a663d48a130f77?s=96&d=mm&r=g\",\"caption\":\"alcalde\"},\"url\":\"https:\\\/\\\/www.caudete.org\\\/ayuntamiento\\\/author\\\/alcalde\\\/\"}]}<\/script>\n<!-- \/ Yoast SEO plugin. -->","yoast_head_json":{"title":"Apoyo y respaldo del Hospital de Almansa a los profesionales del Centro de Salud de Caudete - MI Ayuntamiento de Caudete","description":"P\u00e1gina Oficial del Ayuntamiento de Caudete (Albacete)","robots":{"index":"index","follow":"follow","max-snippet":"max-snippet:-1","max-image-preview":"max-image-preview:large","max-video-preview":"max-video-preview:-1"},"canonical":"https:\/\/www.caudete.org\/ayuntamiento\/apoyo-y-respaldo-del-hospital-de-almansa-a-los-profesionales-del-centro-de-salud-de-caudete\/","og_locale":"es_ES","og_type":"article","og_title":"Apoyo y respaldo del Hospital de Almansa a los profesionales del Centro de Salud de Caudete - MI Ayuntamiento de Caudete","og_description":"P\u00e1gina Oficial del Ayuntamiento de Caudete (Albacete)","og_url":"https:\/\/www.caudete.org\/ayuntamiento\/apoyo-y-respaldo-del-hospital-de-almansa-a-los-profesionales-del-centro-de-salud-de-caudete\/","og_site_name":"MI Ayuntamiento de Caudete","article_publisher":"https:\/\/www.facebook.com\/ayuntamientocaudete\/","article_published_time":"2021-01-27T17:04:19+00:00","og_image":[{"width":314,"height":235,"url":"https:\/\/www.caudete.org\/ayuntamiento\/wp-content\/uploads\/2021\/01\/unnamed-2.jpg","type":"image\/jpeg"}],"author":"alcalde","twitter_card":"summary_large_image","twitter_misc":{"Escrito por":"alcalde","Tiempo de lectura":"2 minutos"},"schema":{"@context":"https:\/\/schema.org","@graph":[{"@type":"Article","@id":"https:\/\/www.caudete.org\/ayuntamiento\/apoyo-y-respaldo-del-hospital-de-almansa-a-los-profesionales-del-centro-de-salud-de-caudete\/#article","isPartOf":{"@id":"https:\/\/www.caudete.org\/ayuntamiento\/apoyo-y-respaldo-del-hospital-de-almansa-a-los-profesionales-del-centro-de-salud-de-caudete\/"},"author":{"name":"alcalde","@id":"https:\/\/www.caudete.org\/ayuntamiento\/#\/schema\/person\/cc646da9133078ee4d8dd47457947253"},"headline":"Apoyo y respaldo del Hospital de Almansa a los profesionales del Centro de Salud de Caudete","datePublished":"2021-01-27T17:04:19+00:00","mainEntityOfPage":{"@id":"https:\/\/www.caudete.org\/ayuntamiento\/apoyo-y-respaldo-del-hospital-de-almansa-a-los-profesionales-del-centro-de-salud-de-caudete\/"},"wordCount":345,"publisher":{"@id":"https:\/\/www.caudete.org\/ayuntamiento\/#organization"},"image":{"@id":"https:\/\/www.caudete.org\/ayuntamiento\/apoyo-y-respaldo-del-hospital-de-almansa-a-los-profesionales-del-centro-de-salud-de-caudete\/#primaryimage"},"thumbnailUrl":"https:\/\/www.caudete.org\/ayuntamiento\/wp-content\/uploads\/2021\/01\/unnamed-2.jpg","keywords":["almansa","centro salud","covid","covid-19","gerencia","hospital"],"articleSection":["Sanidad"],"inLanguage":"es"},{"@type":"WebPage","@id":"https:\/\/www.caudete.org\/ayuntamiento\/apoyo-y-respaldo-del-hospital-de-almansa-a-los-profesionales-del-centro-de-salud-de-caudete\/","url":"https:\/\/www.caudete.org\/ayuntamiento\/apoyo-y-respaldo-del-hospital-de-almansa-a-los-profesionales-del-centro-de-salud-de-caudete\/","name":"Apoyo y respaldo del Hospital de Almansa a los profesionales del Centro de Salud de Caudete - MI Ayuntamiento de Caudete","isPartOf":{"@id":"https:\/\/www.caudete.org\/ayuntamiento\/#website"},"primaryImageOfPage":{"@id":"https:\/\/www.caudete.org\/ayuntamiento\/apoyo-y-respaldo-del-hospital-de-almansa-a-los-profesionales-del-centro-de-salud-de-caudete\/#primaryimage"},"image":{"@id":"https:\/\/www.caudete.org\/ayuntamiento\/apoyo-y-respaldo-del-hospital-de-almansa-a-los-profesionales-del-centro-de-salud-de-caudete\/#primaryimage"},"thumbnailUrl":"https:\/\/www.caudete.org\/ayuntamiento\/wp-content\/uploads\/2021\/01\/unnamed-2.jpg","datePublished":"2021-01-27T17:04:19+00:00","description":"P\u00e1gina Oficial del Ayuntamiento de Caudete (Albacete)","breadcrumb":{"@id":"https:\/\/www.caudete.org\/ayuntamiento\/apoyo-y-respaldo-del-hospital-de-almansa-a-los-profesionales-del-centro-de-salud-de-caudete\/#breadcrumb"},"inLanguage":"es","potentialAction":[{"@type":"ReadAction","target":["https:\/\/www.caudete.org\/ayuntamiento\/apoyo-y-respaldo-del-hospital-de-almansa-a-los-profesionales-del-centro-de-salud-de-caudete\/"]}]},{"@type":"ImageObject","inLanguage":"es","@id":"https:\/\/www.caudete.org\/ayuntamiento\/apoyo-y-respaldo-del-hospital-de-almansa-a-los-profesionales-del-centro-de-salud-de-caudete\/#primaryimage","url":"https:\/\/www.caudete.org\/ayuntamiento\/wp-content\/uploads\/2021\/01\/unnamed-2.jpg","contentUrl":"https:\/\/www.caudete.org\/ayuntamiento\/wp-content\/uploads\/2021\/01\/unnamed-2.jpg","width":314,"height":235},{"@type":"BreadcrumbList","@id":"https:\/\/www.caudete.org\/ayuntamiento\/apoyo-y-respaldo-del-hospital-de-almansa-a-los-profesionales-del-centro-de-salud-de-caudete\/#breadcrumb","itemListElement":[{"@type":"ListItem","position":1,"name":"Inicio","item":"https:\/\/www.caudete.org\/ayuntamiento\/"},{"@type":"ListItem","position":2,"name":"Apoyo y respaldo del Hospital de Almansa a los profesionales del Centro de Salud de Caudete"}]},{"@type":"WebSite","@id":"https:\/\/www.caudete.org\/ayuntamiento\/#website","url":"https:\/\/www.caudete.org\/ayuntamiento\/","name":"MI Ayuntamiento de Caudete","description":"P\u00e1gina Oficial del MI Ayuntamiento de Caudete","publisher":{"@id":"https:\/\/www.caudete.org\/ayuntamiento\/#organization"},"potentialAction":[{"@type":"SearchAction","target":{"@type":"EntryPoint","urlTemplate":"https:\/\/www.caudete.org\/ayuntamiento\/?s={search_term_string}"},"query-input":{"@type":"PropertyValueSpecification","valueRequired":true,"valueName":"search_term_string"}}],"inLanguage":"es"},{"@type":"Organization","@id":"https:\/\/www.caudete.org\/ayuntamiento\/#organization","name":"Ayuntamiento de Caudete","url":"https:\/\/www.caudete.org\/ayuntamiento\/","logo":{"@type":"ImageObject","inLanguage":"es","@id":"https:\/\/www.caudete.org\/ayuntamiento\/#\/schema\/logo\/image\/","url":"https:\/\/www.caudete.org\/ayuntamiento\/wp-content\/uploads\/2020\/11\/logo_ayuntamiento_caudete.jpg","contentUrl":"https:\/\/www.caudete.org\/ayuntamiento\/wp-content\/uploads\/2020\/11\/logo_ayuntamiento_caudete.jpg","width":600,"height":150,"caption":"Ayuntamiento de Caudete"},"image":{"@id":"https:\/\/www.caudete.org\/ayuntamiento\/#\/schema\/logo\/image\/"},"sameAs":["https:\/\/www.facebook.com\/ayuntamientocaudete\/","https:\/\/www.youtube.com\/channel\/UC6VztHaooNsGpw-tNoBEFnQ"]},{"@type":"Person","@id":"https:\/\/www.caudete.org\/ayuntamiento\/#\/schema\/person\/cc646da9133078ee4d8dd47457947253","name":"alcalde","image":{"@type":"ImageObject","inLanguage":"es","@id":"https:\/\/secure.gravatar.com\/avatar\/84a817ba065b29ff08d666b215a215f5c79186a645ccb25b14a663d48a130f77?s=96&d=mm&r=g","url":"https:\/\/secure.gravatar.com\/avatar\/84a817ba065b29ff08d666b215a215f5c79186a645ccb25b14a663d48a130f77?s=96&d=mm&r=g","contentUrl":"https:\/\/secure.gravatar.com\/avatar\/84a817ba065b29ff08d666b215a215f5c79186a645ccb25b14a663d48a130f77?s=96&d=mm&r=g","caption":"alcalde"},"url":"https:\/\/www.caudete.org\/ayuntamiento\/author\/alcalde\/"}]}},"_links":{"self":[{"href":"https:\/\/www.caudete.org\/ayuntamiento\/wp-json\/wp\/v2\/posts\/11801","targetHints":{"allow":["GET"]}}],"collection":[{"href":"https:\/\/www.caudete.org\/ayuntamiento\/wp-json\/wp\/v2\/posts"}],"about":[{"href":"https:\/\/www.caudete.org\/ayuntamiento\/wp-json\/wp\/v2\/types\/post"}],"author":[{"embeddable":true,"href":"https:\/\/www.caudete.org\/ayuntamiento\/wp-json\/wp\/v2\/users\/3"}],"replies":[{"embeddable":true,"href":"https:\/\/www.caudete.org\/ayuntamiento\/wp-json\/wp\/v2\/comments?post=11801"}],"version-history":[{"count":1,"href":"https:\/\/www.caudete.org\/ayuntamiento\/wp-json\/wp\/v2\/posts\/11801\/revisions"}],"predecessor-version":[{"id":11803,"href":"https:\/\/www.caudete.org\/ayuntamiento\/wp-json\/wp\/v2\/posts\/11801\/revisions\/11803"}],"wp:featuredmedia":[{"embeddable":true,"href":"https:\/\/www.caudete.org\/ayuntamiento\/wp-json\/wp\/v2\/media\/11802"}],"wp:attachment":[{"href":"https:\/\/www.caudete.org\/ayuntamiento\/wp-json\/wp\/v2\/media?parent=11801"}],"wp:term":[{"taxonomy":"category","embeddable":true,"href":"https:\/\/www.caudete.org\/ayuntamiento\/wp-json\/wp\/v2\/categories?post=11801"},{"taxonomy":"post_tag","embeddable":true,"href":"https:\/\/www.caudete.org\/ayuntamiento\/wp-json\/wp\/v2\/tags?post=11801"}],"curies":[{"name":"wp","href":"https:\/\/api.w.org\/{rel}","templated":true}]}}