{"id":11817,"date":"2021-01-28T08:00:33","date_gmt":"2021-01-28T07:00:33","guid":{"rendered":"https:\/\/www.caudete.org\/ayuntamiento\/?p=11817"},"modified":"2021-01-28T08:14:27","modified_gmt":"2021-01-28T07:14:27","slug":"caudete-demanda-a-aguas-de-clm-ante-el-tsj-por-el-convenio-de-la-depuradora","status":"publish","type":"post","link":"https:\/\/www.caudete.org\/ayuntamiento\/caudete-demanda-a-aguas-de-clm-ante-el-tsj-por-el-convenio-de-la-depuradora\/","title":{"rendered":"Caudete demanda a Aguas de CLM ante el TSJ por el Convenio de la Depuradora"},"content":{"rendered":"<p style=\"text-align: justify;\">El Gobierno Municipal hace p\u00fablicas las acciones que desde la Concejal\u00eda de Ciclo Integral del Agua y del Departamento de Medio Ambiente, se han estado desarrollando en torno a la Estaci\u00f3n de Depuraci\u00f3n de Aguas Residuales (EDAR) de Caudete, tras un tiempo m\u00e1s que prudencial de gestiones diplom\u00e1ticas y de b\u00fasqueda del consenso encaminadas a mejorar la gesti\u00f3n del agua en la EDAR, y por ende, a la defensa de los intereses y derechos de Caudete en materia de depuraci\u00f3n de aguas residuales.<\/p>\n<p>&nbsp;<\/p>\n<p><span style=\"text-decoration: underline;\"><strong>\u00bfC\u00f3mo funciona la EDAR?<\/strong><\/span><\/p>\n<p style=\"text-align: justify;\">La EDAR de Caudete fue construida y puesta en marcha en 2008 como soluci\u00f3n a los problemas que presentaba la anterior Estaci\u00f3n Depuradora de Aguas Residuales. El funcionamiento fue regulado en un Convenio expreso, por el cual, y a modo de resumen, el Ayuntamiento se limita a ser responsable de las aguas que entran y salen a la instalaci\u00f3n, cede la gesti\u00f3n a Aguas de Castilla La Mancha, quien a su vez adjudica a terceros la gesti\u00f3n de la misma, y el Ayuntamiento abona los costes de funcionamiento y gesti\u00f3n, as\u00ed como la amortizaci\u00f3n de la instalaci\u00f3n en la cantidad establecida en dicho momento.<\/p>\n<p>&nbsp;<\/p>\n<p><span style=\"text-decoration: underline;\"><strong>\u00bfPor qu\u00e9 se emprenden acciones legales?<\/strong><\/span><\/p>\n<p style=\"text-align: justify;\">Con la entrada en vigor de la ley 40\/2015, de R\u00e9gimen Jur\u00eddico del Sector P\u00fablico, el actual Convenio se deduce que est\u00e1 en fraude de Ley, ya que la disposici\u00f3n adicional 4\u00aa, obliga a las entidades y organismos p\u00fablicos a adaptarse a esta Ley en el plazo m\u00e1ximo de 3 a\u00f1os (habiendo finalizado en 2018 dicho plazo), estableciendo adem\u00e1s en su art.49 que &#8220;el plazo de vigencia deber\u00e1 tener una duraci\u00f3n determinada, y no podr\u00e1 ser superior a cuatro a\u00f1os&#8221;. Ese &#8220;car\u00e1cter indefinido&#8221; del Convenio y la vinculaci\u00f3n imperecedera de la EDAR de Caudete con Aguas de Castilla La Mancha son los dos principales ejes en los que centramos el Recurso.<\/p>\n<p style=\"text-align: justify;\">A todo ello, hemos de a\u00f1adir la nula transparencia sobre la amortizaci\u00f3n de la instalaci\u00f3n, la dificultad a auditar la gesti\u00f3n de la instalaci\u00f3n y sus procesos, as\u00ed como la total responsabilidad para el Ayuntamiento y nula para Aguas de Castilla La Mancha sobre la calidad del agua tratada y su vertido, lo que este Gobierno Municipal y el predecesor, se\u00f1alan como coartada la capacidad municipal que permita garantizar los intereses y derechos del conjunto de los caudetanos, y velar por la calidad medioambiental de las aguas depuradas.<\/p>\n<p>&nbsp;<\/p>\n<p><span style=\"text-decoration: underline;\"><strong>\u00bfQu\u00e9 acciones legales se han adoptado?<\/strong><\/span><\/p>\n<p>La interposici\u00f3n de un Recurso Contencioso Administrativo ante el Tribunal Superior de Justicia de Castilla La Mancha contra Aguas de Castilla La Mancha por el <em>Convenio de Colaboraci\u00f3n para la prestaci\u00f3n del servicio de Depuraci\u00f3n de Aguas Residuales<\/em> suscrito entre la entidad de Derecho P\u00fablico Aguas De Castilla La Mancha y el Ayuntamiento de Caudete el 25 de junio del a\u00f1o 2006.<\/p>\n<p>&nbsp;<\/p>\n<p><span style=\"text-decoration: underline;\"><strong>El historial de gesti\u00f3n para solucionar el problema&#8230;<\/strong><\/span><\/p>\n<p style=\"text-align: justify;\">El 28 de diciembre de 2020, el Ayuntamiento de Caudete interpone contencioso administrativo contra Infraestructuras del Agua de Castilla La Mancha de la Junta de Comunidades contra el Convenio de colaboraci\u00f3n para la prestaci\u00f3n del servicio de Depuraci\u00f3n de Aguas Residuales suscrito entre la entidad de Derecho P\u00fablico Aguas De Castilla La Mancha y el Ayuntamiento de Caudete el 25 de junio del a\u00f1o 2006. Dicha acci\u00f3n, fue ratificada por el Alcalde, mediante la Resoluci\u00f3n n\u00ba81 de fecha 21\/01\/2021, procedi\u00e9ndose adem\u00e1s a su daci\u00f3n de cuenta en la Junta de Gobierno Local de fecha 27\/01\/2021.<\/p>\n<p style=\"text-align: justify;\">Tras reuniones infructuosas mantenidas por la Concejal\u00eda de Medio Ambiente durante los a\u00f1os 2017 y 2018 con Aguas de Castilla La Mancha por quien entonces fuera Concejal de Medio Ambiente y actual Alcalde, Mois\u00e9s L\u00f3pez, y seguidas las acciones por la actual Concejal de dicha \u00e1rea y de Ciclo Integral del Agua, Marian Ballester, finalmente se opta el 11 de mayo de 2018, con el apoyo de la Junta de Gobierno Local, a proceder a la Incoaci\u00f3n de Expediente para la revisi\u00f3n del citado Convenio de colaboraci\u00f3n.<\/p>\n<p style=\"text-align: justify;\">En fecha\u00a018 de mayo de 2018, el Ayuntamiento de Caudete remite comunicaci\u00f3n a la Consejer\u00eda de Fomento, en el cual manifiesta el deseo expreso de proceder a la revisi\u00f3n del Convenio de Colaboraci\u00f3n para la prestaci\u00f3n del servicio de Depuraci\u00f3n de Aguas Residuales suscrito entre la entidad de Derecho P\u00fablico Aguas De Castilla La Mancha y el Ayuntamiento de Caudete el 25 de junio del a\u00f1o 2006.<\/p>\n<p style=\"text-align: justify;\">No obteniendo respuesta alguna a dichas comunicaciones formales, el Ayuntamiento de Caudete ante la pasividad manifiesta de las instituciones regionales en una cuesti\u00f3n tan importante para el pueblo de Caudete, se decide por dar un paso m\u00e1s, firme e irrenunciable, que pasaba por estudiar la posibilidad de llevar al Tribunal Superior de Justicia de Castilla La Mancha el caso.<\/p>\n<p style=\"text-align: justify;\">Ante ello, el 19 de noviembre de 2020 se emite Resoluci\u00f3n de Alcald\u00eda n.\u00ba 2444 de 19 de noviembre de 2020 en la que se aprueba contrataci\u00f3n de asistencia jur\u00eddica para redactar y presentar el Recurso Contencioso Administrativo contra el convenio firmado con Aguas de Castilla La Mancha, present\u00e1ndose el 28 de Diciembre de 2020 el citado Recurso.<\/p>\n","protected":false},"excerpt":{"rendered":"<p>El Gobierno Municipal hace p\u00fablicas las acciones que desde la Concejal\u00eda de Ciclo Integral del Agua y del Departamento de Medio Ambiente, se han estado desarrollando en torno a la Estaci\u00f3n de Depuraci\u00f3n de Aguas Residuales (EDAR) de Caudete, tras un tiempo m\u00e1s que prudencial de gestiones diplom\u00e1ticas y de b\u00fasqueda del consenso encaminadas a &hellip;<\/p>\n","protected":false},"author":3,"featured_media":11820,"comment_status":"closed","ping_status":"open","sticky":false,"template":"","format":"standard","meta":{"ngg_post_thumbnail":0,"footnotes":""},"categories":[49],"tags":[317,321,322,318,316,320,319],"class_list":["post-11817","post","type-post","status-publish","format-standard","has-post-thumbnail","hentry","category-ciclo-integral-del-agua","tag-aguas-clm","tag-convenio","tag-depuradora","tag-edar","tag-gestion","tag-recurso-conntencioso-administrativo","tag-tsj-clm"],"yoast_head":"<!-- This site is optimized with the Yoast SEO plugin v27.4 - https:\/\/yoast.com\/product\/yoast-seo-wordpress\/ -->\n<title>Caudete demanda a Aguas de CLM ante el TSJ por el Convenio de la Depuradora - MI Ayuntamiento de Caudete<\/title>\n<meta name=\"description\" content=\"P\u00e1gina Oficial del Ayuntamiento de Caudete (Albacete)\" \/>\n<meta name=\"robots\" content=\"index, follow, max-snippet:-1, max-image-preview:large, max-video-preview:-1\" \/>\n<link rel=\"canonical\" href=\"https:\/\/www.caudete.org\/ayuntamiento\/caudete-demanda-a-aguas-de-clm-ante-el-tsj-por-el-convenio-de-la-depuradora\/\" \/>\n<meta property=\"og:locale\" content=\"es_ES\" \/>\n<meta property=\"og:type\" content=\"article\" \/>\n<meta property=\"og:title\" content=\"Caudete demanda a Aguas de CLM ante el TSJ por el Convenio de la Depuradora - MI Ayuntamiento de Caudete\" \/>\n<meta property=\"og:description\" content=\"P\u00e1gina Oficial del Ayuntamiento de Caudete (Albacete)\" \/>\n<meta property=\"og:url\" content=\"https:\/\/www.caudete.org\/ayuntamiento\/caudete-demanda-a-aguas-de-clm-ante-el-tsj-por-el-convenio-de-la-depuradora\/\" \/>\n<meta property=\"og:site_name\" content=\"MI Ayuntamiento de Caudete\" \/>\n<meta property=\"article:publisher\" content=\"https:\/\/www.facebook.com\/ayuntamientocaudete\/\" \/>\n<meta property=\"article:published_time\" content=\"2021-01-28T07:00:33+00:00\" \/>\n<meta property=\"article:modified_time\" content=\"2021-01-28T07:14:27+00:00\" \/>\n<meta property=\"og:image\" content=\"https:\/\/www.caudete.org\/ayuntamiento\/wp-content\/uploads\/2021\/01\/detalle-depuradora-barrax.jpg\" \/>\n\t<meta property=\"og:image:width\" content=\"1180\" \/>\n\t<meta property=\"og:image:height\" content=\"647\" \/>\n\t<meta property=\"og:image:type\" content=\"image\/jpeg\" \/>\n<meta name=\"author\" content=\"alcalde\" \/>\n<meta name=\"twitter:card\" content=\"summary_large_image\" \/>\n<meta name=\"twitter:label1\" content=\"Escrito por\" \/>\n\t<meta name=\"twitter:data1\" content=\"alcalde\" \/>\n\t<meta name=\"twitter:label2\" content=\"Tiempo de lectura\" \/>\n\t<meta name=\"twitter:data2\" content=\"4 minutos\" \/>\n<script type=\"application\/ld+json\" class=\"yoast-schema-graph\">{\"@context\":\"https:\\\/\\\/schema.org\",\"@graph\":[{\"@type\":\"Article\",\"@id\":\"https:\\\/\\\/www.caudete.org\\\/ayuntamiento\\\/caudete-demanda-a-aguas-de-clm-ante-el-tsj-por-el-convenio-de-la-depuradora\\\/#article\",\"isPartOf\":{\"@id\":\"https:\\\/\\\/www.caudete.org\\\/ayuntamiento\\\/caudete-demanda-a-aguas-de-clm-ante-el-tsj-por-el-convenio-de-la-depuradora\\\/\"},\"author\":{\"name\":\"alcalde\",\"@id\":\"https:\\\/\\\/www.caudete.org\\\/ayuntamiento\\\/#\\\/schema\\\/person\\\/cc646da9133078ee4d8dd47457947253\"},\"headline\":\"Caudete demanda a Aguas de CLM ante el TSJ por el Convenio de la Depuradora\",\"datePublished\":\"2021-01-28T07:00:33+00:00\",\"dateModified\":\"2021-01-28T07:14:27+00:00\",\"mainEntityOfPage\":{\"@id\":\"https:\\\/\\\/www.caudete.org\\\/ayuntamiento\\\/caudete-demanda-a-aguas-de-clm-ante-el-tsj-por-el-convenio-de-la-depuradora\\\/\"},\"wordCount\":905,\"publisher\":{\"@id\":\"https:\\\/\\\/www.caudete.org\\\/ayuntamiento\\\/#organization\"},\"image\":{\"@id\":\"https:\\\/\\\/www.caudete.org\\\/ayuntamiento\\\/caudete-demanda-a-aguas-de-clm-ante-el-tsj-por-el-convenio-de-la-depuradora\\\/#primaryimage\"},\"thumbnailUrl\":\"https:\\\/\\\/www.caudete.org\\\/ayuntamiento\\\/wp-content\\\/uploads\\\/2021\\\/01\\\/detalle-depuradora-barrax.jpg\",\"keywords\":[\"aguas clm\",\"convenio\",\"depuradora\",\"edar\",\"gestion\",\"recurso conntencioso administrativo\",\"tsj clm\"],\"articleSection\":[\"Ciclo Integral del Agua\"],\"inLanguage\":\"es\"},{\"@type\":\"WebPage\",\"@id\":\"https:\\\/\\\/www.caudete.org\\\/ayuntamiento\\\/caudete-demanda-a-aguas-de-clm-ante-el-tsj-por-el-convenio-de-la-depuradora\\\/\",\"url\":\"https:\\\/\\\/www.caudete.org\\\/ayuntamiento\\\/caudete-demanda-a-aguas-de-clm-ante-el-tsj-por-el-convenio-de-la-depuradora\\\/\",\"name\":\"Caudete demanda a Aguas de CLM ante el TSJ por el Convenio de la Depuradora - MI Ayuntamiento de Caudete\",\"isPartOf\":{\"@id\":\"https:\\\/\\\/www.caudete.org\\\/ayuntamiento\\\/#website\"},\"primaryImageOfPage\":{\"@id\":\"https:\\\/\\\/www.caudete.org\\\/ayuntamiento\\\/caudete-demanda-a-aguas-de-clm-ante-el-tsj-por-el-convenio-de-la-depuradora\\\/#primaryimage\"},\"image\":{\"@id\":\"https:\\\/\\\/www.caudete.org\\\/ayuntamiento\\\/caudete-demanda-a-aguas-de-clm-ante-el-tsj-por-el-convenio-de-la-depuradora\\\/#primaryimage\"},\"thumbnailUrl\":\"https:\\\/\\\/www.caudete.org\\\/ayuntamiento\\\/wp-content\\\/uploads\\\/2021\\\/01\\\/detalle-depuradora-barrax.jpg\",\"datePublished\":\"2021-01-28T07:00:33+00:00\",\"dateModified\":\"2021-01-28T07:14:27+00:00\",\"description\":\"P\u00e1gina Oficial del Ayuntamiento de Caudete (Albacete)\",\"breadcrumb\":{\"@id\":\"https:\\\/\\\/www.caudete.org\\\/ayuntamiento\\\/caudete-demanda-a-aguas-de-clm-ante-el-tsj-por-el-convenio-de-la-depuradora\\\/#breadcrumb\"},\"inLanguage\":\"es\",\"potentialAction\":[{\"@type\":\"ReadAction\",\"target\":[\"https:\\\/\\\/www.caudete.org\\\/ayuntamiento\\\/caudete-demanda-a-aguas-de-clm-ante-el-tsj-por-el-convenio-de-la-depuradora\\\/\"]}]},{\"@type\":\"ImageObject\",\"inLanguage\":\"es\",\"@id\":\"https:\\\/\\\/www.caudete.org\\\/ayuntamiento\\\/caudete-demanda-a-aguas-de-clm-ante-el-tsj-por-el-convenio-de-la-depuradora\\\/#primaryimage\",\"url\":\"https:\\\/\\\/www.caudete.org\\\/ayuntamiento\\\/wp-content\\\/uploads\\\/2021\\\/01\\\/detalle-depuradora-barrax.jpg\",\"contentUrl\":\"https:\\\/\\\/www.caudete.org\\\/ayuntamiento\\\/wp-content\\\/uploads\\\/2021\\\/01\\\/detalle-depuradora-barrax.jpg\",\"width\":1180,\"height\":647},{\"@type\":\"BreadcrumbList\",\"@id\":\"https:\\\/\\\/www.caudete.org\\\/ayuntamiento\\\/caudete-demanda-a-aguas-de-clm-ante-el-tsj-por-el-convenio-de-la-depuradora\\\/#breadcrumb\",\"itemListElement\":[{\"@type\":\"ListItem\",\"position\":1,\"name\":\"Inicio\",\"item\":\"https:\\\/\\\/www.caudete.org\\\/ayuntamiento\\\/\"},{\"@type\":\"ListItem\",\"position\":2,\"name\":\"Caudete demanda a Aguas de CLM ante el TSJ por el Convenio de la Depuradora\"}]},{\"@type\":\"WebSite\",\"@id\":\"https:\\\/\\\/www.caudete.org\\\/ayuntamiento\\\/#website\",\"url\":\"https:\\\/\\\/www.caudete.org\\\/ayuntamiento\\\/\",\"name\":\"MI Ayuntamiento de Caudete\",\"description\":\"P\u00e1gina Oficial del MI Ayuntamiento de Caudete\",\"publisher\":{\"@id\":\"https:\\\/\\\/www.caudete.org\\\/ayuntamiento\\\/#organization\"},\"potentialAction\":[{\"@type\":\"SearchAction\",\"target\":{\"@type\":\"EntryPoint\",\"urlTemplate\":\"https:\\\/\\\/www.caudete.org\\\/ayuntamiento\\\/?s={search_term_string}\"},\"query-input\":{\"@type\":\"PropertyValueSpecification\",\"valueRequired\":true,\"valueName\":\"search_term_string\"}}],\"inLanguage\":\"es\"},{\"@type\":\"Organization\",\"@id\":\"https:\\\/\\\/www.caudete.org\\\/ayuntamiento\\\/#organization\",\"name\":\"Ayuntamiento de Caudete\",\"url\":\"https:\\\/\\\/www.caudete.org\\\/ayuntamiento\\\/\",\"logo\":{\"@type\":\"ImageObject\",\"inLanguage\":\"es\",\"@id\":\"https:\\\/\\\/www.caudete.org\\\/ayuntamiento\\\/#\\\/schema\\\/logo\\\/image\\\/\",\"url\":\"https:\\\/\\\/www.caudete.org\\\/ayuntamiento\\\/wp-content\\\/uploads\\\/2020\\\/11\\\/logo_ayuntamiento_caudete.jpg\",\"contentUrl\":\"https:\\\/\\\/www.caudete.org\\\/ayuntamiento\\\/wp-content\\\/uploads\\\/2020\\\/11\\\/logo_ayuntamiento_caudete.jpg\",\"width\":600,\"height\":150,\"caption\":\"Ayuntamiento de Caudete\"},\"image\":{\"@id\":\"https:\\\/\\\/www.caudete.org\\\/ayuntamiento\\\/#\\\/schema\\\/logo\\\/image\\\/\"},\"sameAs\":[\"https:\\\/\\\/www.facebook.com\\\/ayuntamientocaudete\\\/\",\"https:\\\/\\\/www.youtube.com\\\/channel\\\/UC6VztHaooNsGpw-tNoBEFnQ\"]},{\"@type\":\"Person\",\"@id\":\"https:\\\/\\\/www.caudete.org\\\/ayuntamiento\\\/#\\\/schema\\\/person\\\/cc646da9133078ee4d8dd47457947253\",\"name\":\"alcalde\",\"image\":{\"@type\":\"ImageObject\",\"inLanguage\":\"es\",\"@id\":\"https:\\\/\\\/secure.gravatar.com\\\/avatar\\\/84a817ba065b29ff08d666b215a215f5c79186a645ccb25b14a663d48a130f77?s=96&d=mm&r=g\",\"url\":\"https:\\\/\\\/secure.gravatar.com\\\/avatar\\\/84a817ba065b29ff08d666b215a215f5c79186a645ccb25b14a663d48a130f77?s=96&d=mm&r=g\",\"contentUrl\":\"https:\\\/\\\/secure.gravatar.com\\\/avatar\\\/84a817ba065b29ff08d666b215a215f5c79186a645ccb25b14a663d48a130f77?s=96&d=mm&r=g\",\"caption\":\"alcalde\"},\"url\":\"https:\\\/\\\/www.caudete.org\\\/ayuntamiento\\\/author\\\/alcalde\\\/\"}]}<\/script>\n<!-- \/ Yoast SEO plugin. -->","yoast_head_json":{"title":"Caudete demanda a Aguas de CLM ante el TSJ por el Convenio de la Depuradora - MI Ayuntamiento de Caudete","description":"P\u00e1gina Oficial del Ayuntamiento de Caudete (Albacete)","robots":{"index":"index","follow":"follow","max-snippet":"max-snippet:-1","max-image-preview":"max-image-preview:large","max-video-preview":"max-video-preview:-1"},"canonical":"https:\/\/www.caudete.org\/ayuntamiento\/caudete-demanda-a-aguas-de-clm-ante-el-tsj-por-el-convenio-de-la-depuradora\/","og_locale":"es_ES","og_type":"article","og_title":"Caudete demanda a Aguas de CLM ante el TSJ por el Convenio de la Depuradora - MI Ayuntamiento de Caudete","og_description":"P\u00e1gina Oficial del Ayuntamiento de Caudete (Albacete)","og_url":"https:\/\/www.caudete.org\/ayuntamiento\/caudete-demanda-a-aguas-de-clm-ante-el-tsj-por-el-convenio-de-la-depuradora\/","og_site_name":"MI Ayuntamiento de Caudete","article_publisher":"https:\/\/www.facebook.com\/ayuntamientocaudete\/","article_published_time":"2021-01-28T07:00:33+00:00","article_modified_time":"2021-01-28T07:14:27+00:00","og_image":[{"width":1180,"height":647,"url":"https:\/\/www.caudete.org\/ayuntamiento\/wp-content\/uploads\/2021\/01\/detalle-depuradora-barrax.jpg","type":"image\/jpeg"}],"author":"alcalde","twitter_card":"summary_large_image","twitter_misc":{"Escrito por":"alcalde","Tiempo de lectura":"4 minutos"},"schema":{"@context":"https:\/\/schema.org","@graph":[{"@type":"Article","@id":"https:\/\/www.caudete.org\/ayuntamiento\/caudete-demanda-a-aguas-de-clm-ante-el-tsj-por-el-convenio-de-la-depuradora\/#article","isPartOf":{"@id":"https:\/\/www.caudete.org\/ayuntamiento\/caudete-demanda-a-aguas-de-clm-ante-el-tsj-por-el-convenio-de-la-depuradora\/"},"author":{"name":"alcalde","@id":"https:\/\/www.caudete.org\/ayuntamiento\/#\/schema\/person\/cc646da9133078ee4d8dd47457947253"},"headline":"Caudete demanda a Aguas de CLM ante el TSJ por el Convenio de la Depuradora","datePublished":"2021-01-28T07:00:33+00:00","dateModified":"2021-01-28T07:14:27+00:00","mainEntityOfPage":{"@id":"https:\/\/www.caudete.org\/ayuntamiento\/caudete-demanda-a-aguas-de-clm-ante-el-tsj-por-el-convenio-de-la-depuradora\/"},"wordCount":905,"publisher":{"@id":"https:\/\/www.caudete.org\/ayuntamiento\/#organization"},"image":{"@id":"https:\/\/www.caudete.org\/ayuntamiento\/caudete-demanda-a-aguas-de-clm-ante-el-tsj-por-el-convenio-de-la-depuradora\/#primaryimage"},"thumbnailUrl":"https:\/\/www.caudete.org\/ayuntamiento\/wp-content\/uploads\/2021\/01\/detalle-depuradora-barrax.jpg","keywords":["aguas clm","convenio","depuradora","edar","gestion","recurso conntencioso administrativo","tsj clm"],"articleSection":["Ciclo Integral del Agua"],"inLanguage":"es"},{"@type":"WebPage","@id":"https:\/\/www.caudete.org\/ayuntamiento\/caudete-demanda-a-aguas-de-clm-ante-el-tsj-por-el-convenio-de-la-depuradora\/","url":"https:\/\/www.caudete.org\/ayuntamiento\/caudete-demanda-a-aguas-de-clm-ante-el-tsj-por-el-convenio-de-la-depuradora\/","name":"Caudete demanda a Aguas de CLM ante el TSJ por el Convenio de la Depuradora - MI Ayuntamiento de Caudete","isPartOf":{"@id":"https:\/\/www.caudete.org\/ayuntamiento\/#website"},"primaryImageOfPage":{"@id":"https:\/\/www.caudete.org\/ayuntamiento\/caudete-demanda-a-aguas-de-clm-ante-el-tsj-por-el-convenio-de-la-depuradora\/#primaryimage"},"image":{"@id":"https:\/\/www.caudete.org\/ayuntamiento\/caudete-demanda-a-aguas-de-clm-ante-el-tsj-por-el-convenio-de-la-depuradora\/#primaryimage"},"thumbnailUrl":"https:\/\/www.caudete.org\/ayuntamiento\/wp-content\/uploads\/2021\/01\/detalle-depuradora-barrax.jpg","datePublished":"2021-01-28T07:00:33+00:00","dateModified":"2021-01-28T07:14:27+00:00","description":"P\u00e1gina Oficial del Ayuntamiento de Caudete (Albacete)","breadcrumb":{"@id":"https:\/\/www.caudete.org\/ayuntamiento\/caudete-demanda-a-aguas-de-clm-ante-el-tsj-por-el-convenio-de-la-depuradora\/#breadcrumb"},"inLanguage":"es","potentialAction":[{"@type":"ReadAction","target":["https:\/\/www.caudete.org\/ayuntamiento\/caudete-demanda-a-aguas-de-clm-ante-el-tsj-por-el-convenio-de-la-depuradora\/"]}]},{"@type":"ImageObject","inLanguage":"es","@id":"https:\/\/www.caudete.org\/ayuntamiento\/caudete-demanda-a-aguas-de-clm-ante-el-tsj-por-el-convenio-de-la-depuradora\/#primaryimage","url":"https:\/\/www.caudete.org\/ayuntamiento\/wp-content\/uploads\/2021\/01\/detalle-depuradora-barrax.jpg","contentUrl":"https:\/\/www.caudete.org\/ayuntamiento\/wp-content\/uploads\/2021\/01\/detalle-depuradora-barrax.jpg","width":1180,"height":647},{"@type":"BreadcrumbList","@id":"https:\/\/www.caudete.org\/ayuntamiento\/caudete-demanda-a-aguas-de-clm-ante-el-tsj-por-el-convenio-de-la-depuradora\/#breadcrumb","itemListElement":[{"@type":"ListItem","position":1,"name":"Inicio","item":"https:\/\/www.caudete.org\/ayuntamiento\/"},{"@type":"ListItem","position":2,"name":"Caudete demanda a Aguas de CLM ante el TSJ por el Convenio de la Depuradora"}]},{"@type":"WebSite","@id":"https:\/\/www.caudete.org\/ayuntamiento\/#website","url":"https:\/\/www.caudete.org\/ayuntamiento\/","name":"MI Ayuntamiento de Caudete","description":"P\u00e1gina Oficial del MI Ayuntamiento de Caudete","publisher":{"@id":"https:\/\/www.caudete.org\/ayuntamiento\/#organization"},"potentialAction":[{"@type":"SearchAction","target":{"@type":"EntryPoint","urlTemplate":"https:\/\/www.caudete.org\/ayuntamiento\/?s={search_term_string}"},"query-input":{"@type":"PropertyValueSpecification","valueRequired":true,"valueName":"search_term_string"}}],"inLanguage":"es"},{"@type":"Organization","@id":"https:\/\/www.caudete.org\/ayuntamiento\/#organization","name":"Ayuntamiento de Caudete","url":"https:\/\/www.caudete.org\/ayuntamiento\/","logo":{"@type":"ImageObject","inLanguage":"es","@id":"https:\/\/www.caudete.org\/ayuntamiento\/#\/schema\/logo\/image\/","url":"https:\/\/www.caudete.org\/ayuntamiento\/wp-content\/uploads\/2020\/11\/logo_ayuntamiento_caudete.jpg","contentUrl":"https:\/\/www.caudete.org\/ayuntamiento\/wp-content\/uploads\/2020\/11\/logo_ayuntamiento_caudete.jpg","width":600,"height":150,"caption":"Ayuntamiento de Caudete"},"image":{"@id":"https:\/\/www.caudete.org\/ayuntamiento\/#\/schema\/logo\/image\/"},"sameAs":["https:\/\/www.facebook.com\/ayuntamientocaudete\/","https:\/\/www.youtube.com\/channel\/UC6VztHaooNsGpw-tNoBEFnQ"]},{"@type":"Person","@id":"https:\/\/www.caudete.org\/ayuntamiento\/#\/schema\/person\/cc646da9133078ee4d8dd47457947253","name":"alcalde","image":{"@type":"ImageObject","inLanguage":"es","@id":"https:\/\/secure.gravatar.com\/avatar\/84a817ba065b29ff08d666b215a215f5c79186a645ccb25b14a663d48a130f77?s=96&d=mm&r=g","url":"https:\/\/secure.gravatar.com\/avatar\/84a817ba065b29ff08d666b215a215f5c79186a645ccb25b14a663d48a130f77?s=96&d=mm&r=g","contentUrl":"https:\/\/secure.gravatar.com\/avatar\/84a817ba065b29ff08d666b215a215f5c79186a645ccb25b14a663d48a130f77?s=96&d=mm&r=g","caption":"alcalde"},"url":"https:\/\/www.caudete.org\/ayuntamiento\/author\/alcalde\/"}]}},"_links":{"self":[{"href":"https:\/\/www.caudete.org\/ayuntamiento\/wp-json\/wp\/v2\/posts\/11817","targetHints":{"allow":["GET"]}}],"collection":[{"href":"https:\/\/www.caudete.org\/ayuntamiento\/wp-json\/wp\/v2\/posts"}],"about":[{"href":"https:\/\/www.caudete.org\/ayuntamiento\/wp-json\/wp\/v2\/types\/post"}],"author":[{"embeddable":true,"href":"https:\/\/www.caudete.org\/ayuntamiento\/wp-json\/wp\/v2\/users\/3"}],"replies":[{"embeddable":true,"href":"https:\/\/www.caudete.org\/ayuntamiento\/wp-json\/wp\/v2\/comments?post=11817"}],"version-history":[{"count":3,"href":"https:\/\/www.caudete.org\/ayuntamiento\/wp-json\/wp\/v2\/posts\/11817\/revisions"}],"predecessor-version":[{"id":11827,"href":"https:\/\/www.caudete.org\/ayuntamiento\/wp-json\/wp\/v2\/posts\/11817\/revisions\/11827"}],"wp:featuredmedia":[{"embeddable":true,"href":"https:\/\/www.caudete.org\/ayuntamiento\/wp-json\/wp\/v2\/media\/11820"}],"wp:attachment":[{"href":"https:\/\/www.caudete.org\/ayuntamiento\/wp-json\/wp\/v2\/media?parent=11817"}],"wp:term":[{"taxonomy":"category","embeddable":true,"href":"https:\/\/www.caudete.org\/ayuntamiento\/wp-json\/wp\/v2\/categories?post=11817"},{"taxonomy":"post_tag","embeddable":true,"href":"https:\/\/www.caudete.org\/ayuntamiento\/wp-json\/wp\/v2\/tags?post=11817"}],"curies":[{"name":"wp","href":"https:\/\/api.w.org\/{rel}","templated":true}]}}