{"id":11822,"date":"2021-01-28T09:00:34","date_gmt":"2021-01-28T08:00:34","guid":{"rendered":"https:\/\/www.caudete.org\/ayuntamiento\/?p=11822"},"modified":"2021-01-28T08:02:09","modified_gmt":"2021-01-28T07:02:09","slug":"comienzan-las-mesas-sectoriales-del-plan-turistico-con-diferentes-colectivos-locales","status":"publish","type":"post","link":"https:\/\/www.caudete.org\/ayuntamiento\/comienzan-las-mesas-sectoriales-del-plan-turistico-con-diferentes-colectivos-locales\/","title":{"rendered":"Comienzan las Mesas Sectoriales del Plan Tur\u00edstico con diferentes colectivos locales"},"content":{"rendered":"<p><img fetchpriority=\"high\" decoding=\"async\" class=\"alignnone size-medium wp-image-11824 aligncenter\" src=\"https:\/\/www.caudete.org\/ayuntamiento\/wp-content\/uploads\/2021\/01\/123953597_1446405075555184_7059519024966991331_n-214x300.jpg\" alt=\"\" width=\"214\" height=\"300\" srcset=\"https:\/\/www.caudete.org\/ayuntamiento\/wp-content\/uploads\/2021\/01\/123953597_1446405075555184_7059519024966991331_n-214x300.jpg 214w, https:\/\/www.caudete.org\/ayuntamiento\/wp-content\/uploads\/2021\/01\/123953597_1446405075555184_7059519024966991331_n.jpg 685w\" sizes=\"(max-width: 214px) 100vw, 214px\" \/><\/p>\n<p style=\"text-align: justify;\">La Concejal\u00eda de Turismo comienza esta misma tarde la fase de &#8220;Mesas Sectoriales&#8221; que, contempladas en la estructura de trabajo del PLAN TUR\u00cdSTICO, pretende dar la voz a diferentes colectivos locales para poder dise\u00f1ar de forma conjunta la estrategia tur\u00edstica que Caudete necesita establecer para conseguir posicionarse y ser palanca en la activaci\u00f3n econ\u00f3mica que tiene como objetivo alcanzar nuestra localidad para seguir creciendo como pueblo.<\/p>\n<p style=\"text-align: justify;\">Durante al menos dos semanas, van a ser diferentes llamamientos los que el Ayuntamiento va a realizar entre los ciudadanos, para trabajar en dicho proyecto. Mediante <em>videoconferencia<\/em>, se ir\u00e1n consensuando acciones y estrategias que plasmar en un ambicioso documento en el que colectivos culturales, deportivos, hosteleros, empresariales, artesanos, festivos y sociales tendr\u00e1n la oportunidad directa de plasmar con su experiencia y asesoramiento aquellas cuestiones que se consideren \u00f3ptimas para que Caudete marque no solo una hoja de ruta a corto y medio plazo, sino tambi\u00e9n una estrategia local de la que todos los caudetanos nos sintamos parte y responsables de materializar para el desarrollo de Caudete. Adem\u00e1s, una de dichas Mesas Sectoriales estar\u00e1 dedicada a los Concejales de los diferentes Grupos Municipales, quienes tendr\u00e1n la oportunidad de participar\u00a0 como un colectivo m\u00e1s.<\/p>\n<p style=\"text-align: justify;\">Esta fase se activa una vez que empresa redactora y Gobierno Municipal han encuadrado el grueso principal tanto del an\u00e1lisis, como de las posibles acciones a establecer. No obstante, el compromiso adoptado por la Concejal\u00eda de Turismo al inicio de este proyecto, respaldado por la Concejal\u00eda de Participaci\u00f3n Ciudadana, abre la colaboraci\u00f3n del pueblo a este necesario y ambicioso proyecto.<\/p>\n<p style=\"text-align: justify;\">As\u00ed pues, anunciaban ambos Concejales, Diego Cuenca y Pilar Egea, que de forma paralela a las Mesas Sectoriales, se va a habilitar un buz\u00f3n de sugerencias para todos los ciudadanos que de forma personal y aut\u00f3noma (es decir, de forma independiente a cualquier colectivo) quieran participar con sus ideas, puedan hacerlo, canal que tambi\u00e9n estar\u00e1 disponible para aquellos colectivos cuyas propuestas piensen sean positivas para este proyecto.<\/p>\n<p style=\"text-align: justify;\">Concluido el proceso, ser\u00e1 sometido a aprobaci\u00f3n por el Pleno Municipal el citado Plan Tur\u00edstico, pretendiendo ser un documento consensuado y acordado entre la ciudadan\u00eda y la Corporaci\u00f3n, siendo por tanto hoja de ruta y estrategia un\u00e1nime de todo un pueblo que de com\u00fan acuerdo establecen para validar el conjunto de los potenciales de la localidad, estableciendo sinergias y recursos, y a partir de ello favorecer el crecimiento de la econom\u00eda local desde el \u00e1mbito Tur\u00edstico.<\/p>\n","protected":false},"excerpt":{"rendered":"<p>La Concejal\u00eda de Turismo comienza esta misma tarde la fase de &#8220;Mesas Sectoriales&#8221; que, contempladas en la estructura de trabajo del PLAN TUR\u00cdSTICO, pretende dar la voz a diferentes colectivos locales para poder dise\u00f1ar de forma conjunta la estrategia tur\u00edstica que Caudete necesita establecer para conseguir posicionarse y ser palanca en la activaci\u00f3n econ\u00f3mica que &hellip;<\/p>\n","protected":false},"author":3,"featured_media":11823,"comment_status":"closed","ping_status":"open","sticky":false,"template":"","format":"standard","meta":{"ngg_post_thumbnail":0,"footnotes":""},"categories":[43],"tags":[324,325,323],"class_list":["post-11822","post","type-post","status-publish","format-standard","has-post-thumbnail","hentry","category-turismo","tag-mesas-sectoriales","tag-participacion-ciudadana","tag-plan-turistico"],"yoast_head":"<!-- This site is optimized with the Yoast SEO plugin v27.5 - https:\/\/yoast.com\/product\/yoast-seo-wordpress\/ -->\n<title>Comienzan las Mesas Sectoriales del Plan Tur\u00edstico con diferentes colectivos locales - MI Ayuntamiento de Caudete<\/title>\n<meta name=\"description\" content=\"P\u00e1gina Oficial del Ayuntamiento de Caudete (Albacete)\" \/>\n<meta name=\"robots\" content=\"index, follow, max-snippet:-1, max-image-preview:large, max-video-preview:-1\" \/>\n<link rel=\"canonical\" href=\"https:\/\/www.caudete.org\/ayuntamiento\/comienzan-las-mesas-sectoriales-del-plan-turistico-con-diferentes-colectivos-locales\/\" \/>\n<meta property=\"og:locale\" content=\"es_ES\" \/>\n<meta property=\"og:type\" content=\"article\" \/>\n<meta property=\"og:title\" content=\"Comienzan las Mesas Sectoriales del Plan Tur\u00edstico con diferentes colectivos locales - MI Ayuntamiento de Caudete\" \/>\n<meta property=\"og:description\" content=\"P\u00e1gina Oficial del Ayuntamiento de Caudete (Albacete)\" \/>\n<meta property=\"og:url\" content=\"https:\/\/www.caudete.org\/ayuntamiento\/comienzan-las-mesas-sectoriales-del-plan-turistico-con-diferentes-colectivos-locales\/\" \/>\n<meta property=\"og:site_name\" content=\"MI Ayuntamiento de Caudete\" \/>\n<meta property=\"article:publisher\" content=\"https:\/\/www.facebook.com\/ayuntamientocaudete\/\" \/>\n<meta property=\"article:published_time\" content=\"2021-01-28T08:00:34+00:00\" \/>\n<meta property=\"og:image\" content=\"https:\/\/www.caudete.org\/ayuntamiento\/wp-content\/uploads\/2021\/01\/123920140_1446405125555179_812275127276280462_n.jpg\" \/>\n\t<meta property=\"og:image:width\" content=\"960\" \/>\n\t<meta property=\"og:image:height\" content=\"540\" \/>\n\t<meta property=\"og:image:type\" content=\"image\/jpeg\" \/>\n<meta name=\"author\" content=\"alcalde\" \/>\n<meta name=\"twitter:card\" content=\"summary_large_image\" \/>\n<meta name=\"twitter:label1\" content=\"Escrito por\" \/>\n\t<meta name=\"twitter:data1\" content=\"alcalde\" \/>\n\t<meta name=\"twitter:label2\" content=\"Tiempo de lectura\" \/>\n\t<meta name=\"twitter:data2\" content=\"2 minutos\" \/>\n<script type=\"application\/ld+json\" class=\"yoast-schema-graph\">{\"@context\":\"https:\\\/\\\/schema.org\",\"@graph\":[{\"@type\":\"Article\",\"@id\":\"https:\\\/\\\/www.caudete.org\\\/ayuntamiento\\\/comienzan-las-mesas-sectoriales-del-plan-turistico-con-diferentes-colectivos-locales\\\/#article\",\"isPartOf\":{\"@id\":\"https:\\\/\\\/www.caudete.org\\\/ayuntamiento\\\/comienzan-las-mesas-sectoriales-del-plan-turistico-con-diferentes-colectivos-locales\\\/\"},\"author\":{\"name\":\"alcalde\",\"@id\":\"https:\\\/\\\/www.caudete.org\\\/ayuntamiento\\\/#\\\/schema\\\/person\\\/cc646da9133078ee4d8dd47457947253\"},\"headline\":\"Comienzan las Mesas Sectoriales del Plan Tur\u00edstico con diferentes colectivos locales\",\"datePublished\":\"2021-01-28T08:00:34+00:00\",\"mainEntityOfPage\":{\"@id\":\"https:\\\/\\\/www.caudete.org\\\/ayuntamiento\\\/comienzan-las-mesas-sectoriales-del-plan-turistico-con-diferentes-colectivos-locales\\\/\"},\"wordCount\":441,\"image\":{\"@id\":\"https:\\\/\\\/www.caudete.org\\\/ayuntamiento\\\/comienzan-las-mesas-sectoriales-del-plan-turistico-con-diferentes-colectivos-locales\\\/#primaryimage\"},\"thumbnailUrl\":\"https:\\\/\\\/www.caudete.org\\\/ayuntamiento\\\/wp-content\\\/uploads\\\/2021\\\/01\\\/123920140_1446405125555179_812275127276280462_n.jpg\",\"keywords\":[\"mesas sectoriales\",\"participacion ciudadana\",\"plan turistico\"],\"articleSection\":[\"Turismo\"],\"inLanguage\":\"es\"},{\"@type\":\"WebPage\",\"@id\":\"https:\\\/\\\/www.caudete.org\\\/ayuntamiento\\\/comienzan-las-mesas-sectoriales-del-plan-turistico-con-diferentes-colectivos-locales\\\/\",\"url\":\"https:\\\/\\\/www.caudete.org\\\/ayuntamiento\\\/comienzan-las-mesas-sectoriales-del-plan-turistico-con-diferentes-colectivos-locales\\\/\",\"name\":\"Comienzan las Mesas Sectoriales del Plan Tur\u00edstico con diferentes colectivos locales - MI Ayuntamiento de Caudete\",\"isPartOf\":{\"@id\":\"https:\\\/\\\/www.caudete.org\\\/ayuntamiento\\\/#website\"},\"primaryImageOfPage\":{\"@id\":\"https:\\\/\\\/www.caudete.org\\\/ayuntamiento\\\/comienzan-las-mesas-sectoriales-del-plan-turistico-con-diferentes-colectivos-locales\\\/#primaryimage\"},\"image\":{\"@id\":\"https:\\\/\\\/www.caudete.org\\\/ayuntamiento\\\/comienzan-las-mesas-sectoriales-del-plan-turistico-con-diferentes-colectivos-locales\\\/#primaryimage\"},\"thumbnailUrl\":\"https:\\\/\\\/www.caudete.org\\\/ayuntamiento\\\/wp-content\\\/uploads\\\/2021\\\/01\\\/123920140_1446405125555179_812275127276280462_n.jpg\",\"datePublished\":\"2021-01-28T08:00:34+00:00\",\"author\":{\"@id\":\"https:\\\/\\\/www.caudete.org\\\/ayuntamiento\\\/#\\\/schema\\\/person\\\/cc646da9133078ee4d8dd47457947253\"},\"description\":\"P\u00e1gina Oficial del Ayuntamiento de Caudete (Albacete)\",\"breadcrumb\":{\"@id\":\"https:\\\/\\\/www.caudete.org\\\/ayuntamiento\\\/comienzan-las-mesas-sectoriales-del-plan-turistico-con-diferentes-colectivos-locales\\\/#breadcrumb\"},\"inLanguage\":\"es\",\"potentialAction\":[{\"@type\":\"ReadAction\",\"target\":[\"https:\\\/\\\/www.caudete.org\\\/ayuntamiento\\\/comienzan-las-mesas-sectoriales-del-plan-turistico-con-diferentes-colectivos-locales\\\/\"]}]},{\"@type\":\"ImageObject\",\"inLanguage\":\"es\",\"@id\":\"https:\\\/\\\/www.caudete.org\\\/ayuntamiento\\\/comienzan-las-mesas-sectoriales-del-plan-turistico-con-diferentes-colectivos-locales\\\/#primaryimage\",\"url\":\"https:\\\/\\\/www.caudete.org\\\/ayuntamiento\\\/wp-content\\\/uploads\\\/2021\\\/01\\\/123920140_1446405125555179_812275127276280462_n.jpg\",\"contentUrl\":\"https:\\\/\\\/www.caudete.org\\\/ayuntamiento\\\/wp-content\\\/uploads\\\/2021\\\/01\\\/123920140_1446405125555179_812275127276280462_n.jpg\",\"width\":960,\"height\":540},{\"@type\":\"BreadcrumbList\",\"@id\":\"https:\\\/\\\/www.caudete.org\\\/ayuntamiento\\\/comienzan-las-mesas-sectoriales-del-plan-turistico-con-diferentes-colectivos-locales\\\/#breadcrumb\",\"itemListElement\":[{\"@type\":\"ListItem\",\"position\":1,\"name\":\"Inicio\",\"item\":\"https:\\\/\\\/www.caudete.org\\\/ayuntamiento\\\/\"},{\"@type\":\"ListItem\",\"position\":2,\"name\":\"Comienzan las Mesas Sectoriales del Plan Tur\u00edstico con diferentes colectivos locales\"}]},{\"@type\":\"WebSite\",\"@id\":\"https:\\\/\\\/www.caudete.org\\\/ayuntamiento\\\/#website\",\"url\":\"https:\\\/\\\/www.caudete.org\\\/ayuntamiento\\\/\",\"name\":\"MI Ayuntamiento de Caudete\",\"description\":\"P\u00e1gina Oficial del MI Ayuntamiento de Caudete\",\"potentialAction\":[{\"@type\":\"SearchAction\",\"target\":{\"@type\":\"EntryPoint\",\"urlTemplate\":\"https:\\\/\\\/www.caudete.org\\\/ayuntamiento\\\/?s={search_term_string}\"},\"query-input\":{\"@type\":\"PropertyValueSpecification\",\"valueRequired\":true,\"valueName\":\"search_term_string\"}}],\"inLanguage\":\"es\"},{\"@type\":\"Person\",\"@id\":\"https:\\\/\\\/www.caudete.org\\\/ayuntamiento\\\/#\\\/schema\\\/person\\\/cc646da9133078ee4d8dd47457947253\",\"name\":\"alcalde\",\"image\":{\"@type\":\"ImageObject\",\"inLanguage\":\"es\",\"@id\":\"https:\\\/\\\/secure.gravatar.com\\\/avatar\\\/84a817ba065b29ff08d666b215a215f5c79186a645ccb25b14a663d48a130f77?s=96&d=mm&r=g\",\"url\":\"https:\\\/\\\/secure.gravatar.com\\\/avatar\\\/84a817ba065b29ff08d666b215a215f5c79186a645ccb25b14a663d48a130f77?s=96&d=mm&r=g\",\"contentUrl\":\"https:\\\/\\\/secure.gravatar.com\\\/avatar\\\/84a817ba065b29ff08d666b215a215f5c79186a645ccb25b14a663d48a130f77?s=96&d=mm&r=g\",\"caption\":\"alcalde\"},\"url\":\"https:\\\/\\\/www.caudete.org\\\/ayuntamiento\\\/author\\\/alcalde\\\/\"}]}<\/script>\n<!-- \/ Yoast SEO plugin. -->","yoast_head_json":{"title":"Comienzan las Mesas Sectoriales del Plan Tur\u00edstico con diferentes colectivos locales - MI Ayuntamiento de Caudete","description":"P\u00e1gina Oficial del Ayuntamiento de Caudete (Albacete)","robots":{"index":"index","follow":"follow","max-snippet":"max-snippet:-1","max-image-preview":"max-image-preview:large","max-video-preview":"max-video-preview:-1"},"canonical":"https:\/\/www.caudete.org\/ayuntamiento\/comienzan-las-mesas-sectoriales-del-plan-turistico-con-diferentes-colectivos-locales\/","og_locale":"es_ES","og_type":"article","og_title":"Comienzan las Mesas Sectoriales del Plan Tur\u00edstico con diferentes colectivos locales - MI Ayuntamiento de Caudete","og_description":"P\u00e1gina Oficial del Ayuntamiento de Caudete (Albacete)","og_url":"https:\/\/www.caudete.org\/ayuntamiento\/comienzan-las-mesas-sectoriales-del-plan-turistico-con-diferentes-colectivos-locales\/","og_site_name":"MI Ayuntamiento de Caudete","article_publisher":"https:\/\/www.facebook.com\/ayuntamientocaudete\/","article_published_time":"2021-01-28T08:00:34+00:00","og_image":[{"width":960,"height":540,"url":"https:\/\/www.caudete.org\/ayuntamiento\/wp-content\/uploads\/2021\/01\/123920140_1446405125555179_812275127276280462_n.jpg","type":"image\/jpeg"}],"author":"alcalde","twitter_card":"summary_large_image","twitter_misc":{"Escrito por":"alcalde","Tiempo de lectura":"2 minutos"},"schema":{"@context":"https:\/\/schema.org","@graph":[{"@type":"Article","@id":"https:\/\/www.caudete.org\/ayuntamiento\/comienzan-las-mesas-sectoriales-del-plan-turistico-con-diferentes-colectivos-locales\/#article","isPartOf":{"@id":"https:\/\/www.caudete.org\/ayuntamiento\/comienzan-las-mesas-sectoriales-del-plan-turistico-con-diferentes-colectivos-locales\/"},"author":{"name":"alcalde","@id":"https:\/\/www.caudete.org\/ayuntamiento\/#\/schema\/person\/cc646da9133078ee4d8dd47457947253"},"headline":"Comienzan las Mesas Sectoriales del Plan Tur\u00edstico con diferentes colectivos locales","datePublished":"2021-01-28T08:00:34+00:00","mainEntityOfPage":{"@id":"https:\/\/www.caudete.org\/ayuntamiento\/comienzan-las-mesas-sectoriales-del-plan-turistico-con-diferentes-colectivos-locales\/"},"wordCount":441,"image":{"@id":"https:\/\/www.caudete.org\/ayuntamiento\/comienzan-las-mesas-sectoriales-del-plan-turistico-con-diferentes-colectivos-locales\/#primaryimage"},"thumbnailUrl":"https:\/\/www.caudete.org\/ayuntamiento\/wp-content\/uploads\/2021\/01\/123920140_1446405125555179_812275127276280462_n.jpg","keywords":["mesas sectoriales","participacion ciudadana","plan turistico"],"articleSection":["Turismo"],"inLanguage":"es"},{"@type":"WebPage","@id":"https:\/\/www.caudete.org\/ayuntamiento\/comienzan-las-mesas-sectoriales-del-plan-turistico-con-diferentes-colectivos-locales\/","url":"https:\/\/www.caudete.org\/ayuntamiento\/comienzan-las-mesas-sectoriales-del-plan-turistico-con-diferentes-colectivos-locales\/","name":"Comienzan las Mesas Sectoriales del Plan Tur\u00edstico con diferentes colectivos locales - MI Ayuntamiento de Caudete","isPartOf":{"@id":"https:\/\/www.caudete.org\/ayuntamiento\/#website"},"primaryImageOfPage":{"@id":"https:\/\/www.caudete.org\/ayuntamiento\/comienzan-las-mesas-sectoriales-del-plan-turistico-con-diferentes-colectivos-locales\/#primaryimage"},"image":{"@id":"https:\/\/www.caudete.org\/ayuntamiento\/comienzan-las-mesas-sectoriales-del-plan-turistico-con-diferentes-colectivos-locales\/#primaryimage"},"thumbnailUrl":"https:\/\/www.caudete.org\/ayuntamiento\/wp-content\/uploads\/2021\/01\/123920140_1446405125555179_812275127276280462_n.jpg","datePublished":"2021-01-28T08:00:34+00:00","author":{"@id":"https:\/\/www.caudete.org\/ayuntamiento\/#\/schema\/person\/cc646da9133078ee4d8dd47457947253"},"description":"P\u00e1gina Oficial del Ayuntamiento de Caudete (Albacete)","breadcrumb":{"@id":"https:\/\/www.caudete.org\/ayuntamiento\/comienzan-las-mesas-sectoriales-del-plan-turistico-con-diferentes-colectivos-locales\/#breadcrumb"},"inLanguage":"es","potentialAction":[{"@type":"ReadAction","target":["https:\/\/www.caudete.org\/ayuntamiento\/comienzan-las-mesas-sectoriales-del-plan-turistico-con-diferentes-colectivos-locales\/"]}]},{"@type":"ImageObject","inLanguage":"es","@id":"https:\/\/www.caudete.org\/ayuntamiento\/comienzan-las-mesas-sectoriales-del-plan-turistico-con-diferentes-colectivos-locales\/#primaryimage","url":"https:\/\/www.caudete.org\/ayuntamiento\/wp-content\/uploads\/2021\/01\/123920140_1446405125555179_812275127276280462_n.jpg","contentUrl":"https:\/\/www.caudete.org\/ayuntamiento\/wp-content\/uploads\/2021\/01\/123920140_1446405125555179_812275127276280462_n.jpg","width":960,"height":540},{"@type":"BreadcrumbList","@id":"https:\/\/www.caudete.org\/ayuntamiento\/comienzan-las-mesas-sectoriales-del-plan-turistico-con-diferentes-colectivos-locales\/#breadcrumb","itemListElement":[{"@type":"ListItem","position":1,"name":"Inicio","item":"https:\/\/www.caudete.org\/ayuntamiento\/"},{"@type":"ListItem","position":2,"name":"Comienzan las Mesas Sectoriales del Plan Tur\u00edstico con diferentes colectivos locales"}]},{"@type":"WebSite","@id":"https:\/\/www.caudete.org\/ayuntamiento\/#website","url":"https:\/\/www.caudete.org\/ayuntamiento\/","name":"MI Ayuntamiento de Caudete","description":"P\u00e1gina Oficial del MI Ayuntamiento de Caudete","potentialAction":[{"@type":"SearchAction","target":{"@type":"EntryPoint","urlTemplate":"https:\/\/www.caudete.org\/ayuntamiento\/?s={search_term_string}"},"query-input":{"@type":"PropertyValueSpecification","valueRequired":true,"valueName":"search_term_string"}}],"inLanguage":"es"},{"@type":"Person","@id":"https:\/\/www.caudete.org\/ayuntamiento\/#\/schema\/person\/cc646da9133078ee4d8dd47457947253","name":"alcalde","image":{"@type":"ImageObject","inLanguage":"es","@id":"https:\/\/secure.gravatar.com\/avatar\/84a817ba065b29ff08d666b215a215f5c79186a645ccb25b14a663d48a130f77?s=96&d=mm&r=g","url":"https:\/\/secure.gravatar.com\/avatar\/84a817ba065b29ff08d666b215a215f5c79186a645ccb25b14a663d48a130f77?s=96&d=mm&r=g","contentUrl":"https:\/\/secure.gravatar.com\/avatar\/84a817ba065b29ff08d666b215a215f5c79186a645ccb25b14a663d48a130f77?s=96&d=mm&r=g","caption":"alcalde"},"url":"https:\/\/www.caudete.org\/ayuntamiento\/author\/alcalde\/"}]}},"_links":{"self":[{"href":"https:\/\/www.caudete.org\/ayuntamiento\/wp-json\/wp\/v2\/posts\/11822","targetHints":{"allow":["GET"]}}],"collection":[{"href":"https:\/\/www.caudete.org\/ayuntamiento\/wp-json\/wp\/v2\/posts"}],"about":[{"href":"https:\/\/www.caudete.org\/ayuntamiento\/wp-json\/wp\/v2\/types\/post"}],"author":[{"embeddable":true,"href":"https:\/\/www.caudete.org\/ayuntamiento\/wp-json\/wp\/v2\/users\/3"}],"replies":[{"embeddable":true,"href":"https:\/\/www.caudete.org\/ayuntamiento\/wp-json\/wp\/v2\/comments?post=11822"}],"version-history":[{"count":1,"href":"https:\/\/www.caudete.org\/ayuntamiento\/wp-json\/wp\/v2\/posts\/11822\/revisions"}],"predecessor-version":[{"id":11825,"href":"https:\/\/www.caudete.org\/ayuntamiento\/wp-json\/wp\/v2\/posts\/11822\/revisions\/11825"}],"wp:featuredmedia":[{"embeddable":true,"href":"https:\/\/www.caudete.org\/ayuntamiento\/wp-json\/wp\/v2\/media\/11823"}],"wp:attachment":[{"href":"https:\/\/www.caudete.org\/ayuntamiento\/wp-json\/wp\/v2\/media?parent=11822"}],"wp:term":[{"taxonomy":"category","embeddable":true,"href":"https:\/\/www.caudete.org\/ayuntamiento\/wp-json\/wp\/v2\/categories?post=11822"},{"taxonomy":"post_tag","embeddable":true,"href":"https:\/\/www.caudete.org\/ayuntamiento\/wp-json\/wp\/v2\/tags?post=11822"}],"curies":[{"name":"wp","href":"https:\/\/api.w.org\/{rel}","templated":true}]}}