{"id":11828,"date":"2021-01-29T09:00:56","date_gmt":"2021-01-29T08:00:56","guid":{"rendered":"https:\/\/www.caudete.org\/ayuntamiento\/?p=11828"},"modified":"2021-01-29T11:28:26","modified_gmt":"2021-01-29T10:28:26","slug":"clm-rechaza-la-propuesta-de-recual-2020-a-caudete","status":"publish","type":"post","link":"https:\/\/www.caudete.org\/ayuntamiento\/clm-rechaza-la-propuesta-de-recual-2020-a-caudete\/","title":{"rendered":"La Junta rechaza la propuesta de RECUAL-2020 a Caudete"},"content":{"rendered":"<p style=\"text-align: justify;\">La Concejal de Empleo y Formaci\u00f3n, M\u00aa del Mar Requena trasladaba a los caudetanos el resultado de la convocatoria 2020 del Plan de Empleo RECUAL, al que Caudete present\u00f3 una ambiciosa propuesta con la que formar y emplear a mayores de 45 a\u00f1os a la vez que la parte pr\u00e1ctica se materializar\u00eda en la ejecuci\u00f3n de obras repartidas por el casco urbano de la localidad.<\/p>\n<p style=\"text-align: justify;\">As\u00ed, la Resoluci\u00f3n emitida por la Consejer\u00eda de Econom\u00eda, Empresas y Empleo sobre la Concesi\u00f3n de Subvenciones para la realizaci\u00f3n de programas para la Recualificaci\u00f3n y el Reciclaje Profesional 2020 establece la relaci\u00f3n de propuestas seleccionadas, donde la efectuada por el Ayuntamiento de Caudete aparece como denegada, &#8220;<em>perdiendo la oportunidad de dar formaci\u00f3n y empleo durante 6 meses a 10 caudetanos<\/em>&#8220;, lamentaba M\u00aa del Mar.<\/p>\n<p style=\"text-align: justify;\">El proceso, que contaba con unos plazos muy reducidos para la presentaci\u00f3n de propuestas, finalizaba a primeros de enero con la Resoluci\u00f3n Definitiva de las citadas subvenciones. Caudete, con una puntuaci\u00f3n de 46 puntos, queda fuera del reparto con el motivo de desestimaci\u00f3n de &#8220;falta de cr\u00e9dito presupuestario&#8221;.<\/p>\n<p style=\"text-align: justify;\">La propuesta caudetana, estimada en costes en 120.565,80\u20ac (sin contar la aportaci\u00f3n municipal), estaba destinada al m\u00f3dulo <strong>&#8220;PAVIMENTOS Y ALBA\u00d1ILER\u00cdA DE URBANIZACI\u00d3N&#8221;<\/strong>, clasificado con <strong>Certificado de Profesionalidad Nivel 2<\/strong>, programa al que el Ayuntamiento de Caudete se compromet\u00eda a aportar, al menos, la cantidad de 50.000\u20ac para costes mariales de las pr\u00e1cticas, las cuales iban a desarrollarse en peque\u00f1as obras de las v\u00edas p\u00fablicas del casco antiguo en Caudete y\/o entornos hist\u00f3ricos, con la finalidad de mejorar la adecuaci\u00f3n, accesibilidad, peatonalizaci\u00f3n de las mismas y favorecer la puesta en valor del entorno del casco antiguo de Caudete y\/o elementos patrimoniales.<\/p>\n<p>&nbsp;<\/p>\n<p>El m\u00f3dulo con <strong>490h totales<\/strong>, quedaba dise\u00f1ado de la forma siguiente:<\/p>\n<p>1\u00aa ELABORAR PASTAS, MORTEROS, ADHESIVOS Y HORMIGONES<\/p>\n<p>2\u00aa PAVIMENTAR CON HORMIG\u00d3N IMPRESO Y ADOQUINADOS<\/p>\n<p>3\u00aa EJECUTAR PAVIMENTOS DE URBANIZACION<\/p>\n<p>4\u00aa EJECUTAR ELEMENTOS COMPLEMENTARIOS DE PAVIMENTOS DE URBANIZACION<\/p>\n<p>5\u00aa TENDER TUBOS DE SANEAMIENTO Y CONSTRUIR REGISTROS Y C\u00c1MARAS<\/p>\n<p>6\u00aa ORGANIZAR TRABAJOS DE ALBA\u00d1ILER\u00cdA DE URBANIZACION Y CONTROLAR A NIVEL B\u00c1SICO RIESGOS EN CONSTRUCCION<\/p>\n<p>&nbsp;<\/p>\n<p style=\"text-align: justify;\">En \u00e9l, adem\u00e1s se incorporaban como m\u00f3dulos complementarios M\u00f3dulo de perspectiva de g\u00e9nero y sensibilizaci\u00f3n ambiental (10 horas m\u00ednimo) y el de Prevenci\u00f3n de Riesgos Laborales (30 horas m\u00ednimo).<\/p>\n<p style=\"text-align: justify;\">La parte pr\u00e1ctica, se materializar\u00eda en diferentes puntos de las calles de la localidad. A modo de ejemplo, Calles como <em>El Teatro<\/em> y <em>Guzm\u00e1n<\/em> estaban previstas en la solicitud para mejorar sus firmes, adem\u00e1s de las Plazas <em>Gerardo Mates<\/em> y <em>Sacrist\u00e1n Manuel Gil<\/em>, entre otros puntos rese\u00f1ados por el Consistorio caudetano.<\/p>\n<p style=\"text-align: justify;\">No obstante, la Concejal agradec\u00eda &#8220;<em>el trabajo realizado por los diferentes Departamentos Municipales y sus respectivos T\u00e9cnicos para la realizaci\u00f3n de la citada propuesta<\/em>&#8220;, alegando que si ha sido desestimada &#8220;<em>no es por cuestiones profesionales, sino exclusivamente por criterios de la JCCM y la falta de cr\u00e9dito que poseen estos programas<\/em>&#8220;.<\/p>\n<p style=\"text-align: justify;\">As\u00ed mismo, adelantaba que la propuesta, &#8220;<em>que aglutina<\/em>&#8221; adem\u00e1s de la suya &#8220;<em>a las Concejal\u00edas de Urbanismo y Patrimonio, volver\u00e1 a ser objeto en la solicitud que efectuaremos en la siguiente convocatoria del citado programa de Empleo, al que sin duda, mejoraremos y ampliaremos en aquellas cuestiones necesarias para que tengan mayor peso, y tenga por tanto mayor valoraci\u00f3n en la fase de selecci\u00f3n<\/em>&#8220;.<\/p>\n","protected":false},"excerpt":{"rendered":"<p>La Concejal de Empleo y Formaci\u00f3n, M\u00aa del Mar Requena trasladaba a los caudetanos el resultado de la convocatoria 2020 del Plan de Empleo RECUAL, al que Caudete present\u00f3 una ambiciosa propuesta con la que formar y emplear a mayores de 45 a\u00f1os a la vez que la parte pr\u00e1ctica se materializar\u00eda en la ejecuci\u00f3n &hellip;<\/p>\n","protected":false},"author":3,"featured_media":11831,"comment_status":"closed","ping_status":"open","sticky":false,"template":"","format":"standard","meta":{"ngg_post_thumbnail":0,"footnotes":""},"categories":[37],"tags":[326,174],"class_list":["post-11828","post","type-post","status-publish","format-standard","has-post-thumbnail","hentry","category-empleo-y-formacion","tag-326","tag-recual"],"yoast_head":"<!-- This site is optimized with the Yoast SEO plugin v27.4 - https:\/\/yoast.com\/product\/yoast-seo-wordpress\/ -->\n<title>La Junta rechaza la propuesta de RECUAL-2020 a Caudete - MI Ayuntamiento de Caudete<\/title>\n<meta name=\"description\" content=\"P\u00e1gina Oficial del Ayuntamiento de Caudete (Albacete)\" \/>\n<meta name=\"robots\" content=\"index, follow, max-snippet:-1, max-image-preview:large, max-video-preview:-1\" \/>\n<link rel=\"canonical\" href=\"https:\/\/www.caudete.org\/ayuntamiento\/clm-rechaza-la-propuesta-de-recual-2020-a-caudete\/\" \/>\n<meta property=\"og:locale\" content=\"es_ES\" \/>\n<meta property=\"og:type\" content=\"article\" \/>\n<meta property=\"og:title\" content=\"La Junta rechaza la propuesta de RECUAL-2020 a Caudete - MI Ayuntamiento de Caudete\" \/>\n<meta property=\"og:description\" content=\"P\u00e1gina Oficial del Ayuntamiento de Caudete (Albacete)\" \/>\n<meta property=\"og:url\" content=\"https:\/\/www.caudete.org\/ayuntamiento\/clm-rechaza-la-propuesta-de-recual-2020-a-caudete\/\" \/>\n<meta property=\"og:site_name\" content=\"MI Ayuntamiento de Caudete\" \/>\n<meta property=\"article:publisher\" content=\"https:\/\/www.facebook.com\/ayuntamientocaudete\/\" \/>\n<meta property=\"article:published_time\" content=\"2021-01-29T08:00:56+00:00\" \/>\n<meta property=\"article:modified_time\" content=\"2021-01-29T10:28:26+00:00\" \/>\n<meta property=\"og:image\" content=\"https:\/\/www.caudete.org\/ayuntamiento\/wp-content\/uploads\/2021\/01\/p1c35ihjpjuo9qa8118j1uam1hp44.jpg\" \/>\n\t<meta property=\"og:image:width\" content=\"1230\" \/>\n\t<meta property=\"og:image:height\" content=\"820\" \/>\n\t<meta property=\"og:image:type\" content=\"image\/jpeg\" \/>\n<meta name=\"author\" content=\"alcalde\" \/>\n<meta name=\"twitter:card\" content=\"summary_large_image\" \/>\n<meta name=\"twitter:label1\" content=\"Escrito por\" \/>\n\t<meta name=\"twitter:data1\" content=\"alcalde\" \/>\n\t<meta name=\"twitter:label2\" content=\"Tiempo de lectura\" \/>\n\t<meta name=\"twitter:data2\" content=\"3 minutos\" \/>\n<script type=\"application\/ld+json\" class=\"yoast-schema-graph\">{\"@context\":\"https:\\\/\\\/schema.org\",\"@graph\":[{\"@type\":\"Article\",\"@id\":\"https:\\\/\\\/www.caudete.org\\\/ayuntamiento\\\/clm-rechaza-la-propuesta-de-recual-2020-a-caudete\\\/#article\",\"isPartOf\":{\"@id\":\"https:\\\/\\\/www.caudete.org\\\/ayuntamiento\\\/clm-rechaza-la-propuesta-de-recual-2020-a-caudete\\\/\"},\"author\":{\"name\":\"alcalde\",\"@id\":\"https:\\\/\\\/www.caudete.org\\\/ayuntamiento\\\/#\\\/schema\\\/person\\\/cc646da9133078ee4d8dd47457947253\"},\"headline\":\"La Junta rechaza la propuesta de RECUAL-2020 a Caudete\",\"datePublished\":\"2021-01-29T08:00:56+00:00\",\"dateModified\":\"2021-01-29T10:28:26+00:00\",\"mainEntityOfPage\":{\"@id\":\"https:\\\/\\\/www.caudete.org\\\/ayuntamiento\\\/clm-rechaza-la-propuesta-de-recual-2020-a-caudete\\\/\"},\"wordCount\":592,\"publisher\":{\"@id\":\"https:\\\/\\\/www.caudete.org\\\/ayuntamiento\\\/#organization\"},\"image\":{\"@id\":\"https:\\\/\\\/www.caudete.org\\\/ayuntamiento\\\/clm-rechaza-la-propuesta-de-recual-2020-a-caudete\\\/#primaryimage\"},\"thumbnailUrl\":\"https:\\\/\\\/www.caudete.org\\\/ayuntamiento\\\/wp-content\\\/uploads\\\/2021\\\/01\\\/p1c35ihjpjuo9qa8118j1uam1hp44.jpg\",\"keywords\":[\"2020\",\"RECUAL\"],\"articleSection\":[\"Empleo y Formaci\u00f3n\"],\"inLanguage\":\"es\"},{\"@type\":\"WebPage\",\"@id\":\"https:\\\/\\\/www.caudete.org\\\/ayuntamiento\\\/clm-rechaza-la-propuesta-de-recual-2020-a-caudete\\\/\",\"url\":\"https:\\\/\\\/www.caudete.org\\\/ayuntamiento\\\/clm-rechaza-la-propuesta-de-recual-2020-a-caudete\\\/\",\"name\":\"La Junta rechaza la propuesta de RECUAL-2020 a Caudete - MI Ayuntamiento de Caudete\",\"isPartOf\":{\"@id\":\"https:\\\/\\\/www.caudete.org\\\/ayuntamiento\\\/#website\"},\"primaryImageOfPage\":{\"@id\":\"https:\\\/\\\/www.caudete.org\\\/ayuntamiento\\\/clm-rechaza-la-propuesta-de-recual-2020-a-caudete\\\/#primaryimage\"},\"image\":{\"@id\":\"https:\\\/\\\/www.caudete.org\\\/ayuntamiento\\\/clm-rechaza-la-propuesta-de-recual-2020-a-caudete\\\/#primaryimage\"},\"thumbnailUrl\":\"https:\\\/\\\/www.caudete.org\\\/ayuntamiento\\\/wp-content\\\/uploads\\\/2021\\\/01\\\/p1c35ihjpjuo9qa8118j1uam1hp44.jpg\",\"datePublished\":\"2021-01-29T08:00:56+00:00\",\"dateModified\":\"2021-01-29T10:28:26+00:00\",\"description\":\"P\u00e1gina Oficial del Ayuntamiento de Caudete (Albacete)\",\"breadcrumb\":{\"@id\":\"https:\\\/\\\/www.caudete.org\\\/ayuntamiento\\\/clm-rechaza-la-propuesta-de-recual-2020-a-caudete\\\/#breadcrumb\"},\"inLanguage\":\"es\",\"potentialAction\":[{\"@type\":\"ReadAction\",\"target\":[\"https:\\\/\\\/www.caudete.org\\\/ayuntamiento\\\/clm-rechaza-la-propuesta-de-recual-2020-a-caudete\\\/\"]}]},{\"@type\":\"ImageObject\",\"inLanguage\":\"es\",\"@id\":\"https:\\\/\\\/www.caudete.org\\\/ayuntamiento\\\/clm-rechaza-la-propuesta-de-recual-2020-a-caudete\\\/#primaryimage\",\"url\":\"https:\\\/\\\/www.caudete.org\\\/ayuntamiento\\\/wp-content\\\/uploads\\\/2021\\\/01\\\/p1c35ihjpjuo9qa8118j1uam1hp44.jpg\",\"contentUrl\":\"https:\\\/\\\/www.caudete.org\\\/ayuntamiento\\\/wp-content\\\/uploads\\\/2021\\\/01\\\/p1c35ihjpjuo9qa8118j1uam1hp44.jpg\",\"width\":1230,\"height\":820},{\"@type\":\"BreadcrumbList\",\"@id\":\"https:\\\/\\\/www.caudete.org\\\/ayuntamiento\\\/clm-rechaza-la-propuesta-de-recual-2020-a-caudete\\\/#breadcrumb\",\"itemListElement\":[{\"@type\":\"ListItem\",\"position\":1,\"name\":\"Inicio\",\"item\":\"https:\\\/\\\/www.caudete.org\\\/ayuntamiento\\\/\"},{\"@type\":\"ListItem\",\"position\":2,\"name\":\"La Junta rechaza la propuesta de RECUAL-2020 a Caudete\"}]},{\"@type\":\"WebSite\",\"@id\":\"https:\\\/\\\/www.caudete.org\\\/ayuntamiento\\\/#website\",\"url\":\"https:\\\/\\\/www.caudete.org\\\/ayuntamiento\\\/\",\"name\":\"MI Ayuntamiento de Caudete\",\"description\":\"P\u00e1gina Oficial del MI Ayuntamiento de Caudete\",\"publisher\":{\"@id\":\"https:\\\/\\\/www.caudete.org\\\/ayuntamiento\\\/#organization\"},\"potentialAction\":[{\"@type\":\"SearchAction\",\"target\":{\"@type\":\"EntryPoint\",\"urlTemplate\":\"https:\\\/\\\/www.caudete.org\\\/ayuntamiento\\\/?s={search_term_string}\"},\"query-input\":{\"@type\":\"PropertyValueSpecification\",\"valueRequired\":true,\"valueName\":\"search_term_string\"}}],\"inLanguage\":\"es\"},{\"@type\":\"Organization\",\"@id\":\"https:\\\/\\\/www.caudete.org\\\/ayuntamiento\\\/#organization\",\"name\":\"Ayuntamiento de Caudete\",\"url\":\"https:\\\/\\\/www.caudete.org\\\/ayuntamiento\\\/\",\"logo\":{\"@type\":\"ImageObject\",\"inLanguage\":\"es\",\"@id\":\"https:\\\/\\\/www.caudete.org\\\/ayuntamiento\\\/#\\\/schema\\\/logo\\\/image\\\/\",\"url\":\"https:\\\/\\\/www.caudete.org\\\/ayuntamiento\\\/wp-content\\\/uploads\\\/2020\\\/11\\\/logo_ayuntamiento_caudete.jpg\",\"contentUrl\":\"https:\\\/\\\/www.caudete.org\\\/ayuntamiento\\\/wp-content\\\/uploads\\\/2020\\\/11\\\/logo_ayuntamiento_caudete.jpg\",\"width\":600,\"height\":150,\"caption\":\"Ayuntamiento de Caudete\"},\"image\":{\"@id\":\"https:\\\/\\\/www.caudete.org\\\/ayuntamiento\\\/#\\\/schema\\\/logo\\\/image\\\/\"},\"sameAs\":[\"https:\\\/\\\/www.facebook.com\\\/ayuntamientocaudete\\\/\",\"https:\\\/\\\/www.youtube.com\\\/channel\\\/UC6VztHaooNsGpw-tNoBEFnQ\"]},{\"@type\":\"Person\",\"@id\":\"https:\\\/\\\/www.caudete.org\\\/ayuntamiento\\\/#\\\/schema\\\/person\\\/cc646da9133078ee4d8dd47457947253\",\"name\":\"alcalde\",\"image\":{\"@type\":\"ImageObject\",\"inLanguage\":\"es\",\"@id\":\"https:\\\/\\\/secure.gravatar.com\\\/avatar\\\/84a817ba065b29ff08d666b215a215f5c79186a645ccb25b14a663d48a130f77?s=96&d=mm&r=g\",\"url\":\"https:\\\/\\\/secure.gravatar.com\\\/avatar\\\/84a817ba065b29ff08d666b215a215f5c79186a645ccb25b14a663d48a130f77?s=96&d=mm&r=g\",\"contentUrl\":\"https:\\\/\\\/secure.gravatar.com\\\/avatar\\\/84a817ba065b29ff08d666b215a215f5c79186a645ccb25b14a663d48a130f77?s=96&d=mm&r=g\",\"caption\":\"alcalde\"},\"url\":\"https:\\\/\\\/www.caudete.org\\\/ayuntamiento\\\/author\\\/alcalde\\\/\"}]}<\/script>\n<!-- \/ Yoast SEO plugin. -->","yoast_head_json":{"title":"La Junta rechaza la propuesta de RECUAL-2020 a Caudete - MI Ayuntamiento de Caudete","description":"P\u00e1gina Oficial del Ayuntamiento de Caudete (Albacete)","robots":{"index":"index","follow":"follow","max-snippet":"max-snippet:-1","max-image-preview":"max-image-preview:large","max-video-preview":"max-video-preview:-1"},"canonical":"https:\/\/www.caudete.org\/ayuntamiento\/clm-rechaza-la-propuesta-de-recual-2020-a-caudete\/","og_locale":"es_ES","og_type":"article","og_title":"La Junta rechaza la propuesta de RECUAL-2020 a Caudete - MI Ayuntamiento de Caudete","og_description":"P\u00e1gina Oficial del Ayuntamiento de Caudete (Albacete)","og_url":"https:\/\/www.caudete.org\/ayuntamiento\/clm-rechaza-la-propuesta-de-recual-2020-a-caudete\/","og_site_name":"MI Ayuntamiento de Caudete","article_publisher":"https:\/\/www.facebook.com\/ayuntamientocaudete\/","article_published_time":"2021-01-29T08:00:56+00:00","article_modified_time":"2021-01-29T10:28:26+00:00","og_image":[{"width":1230,"height":820,"url":"https:\/\/www.caudete.org\/ayuntamiento\/wp-content\/uploads\/2021\/01\/p1c35ihjpjuo9qa8118j1uam1hp44.jpg","type":"image\/jpeg"}],"author":"alcalde","twitter_card":"summary_large_image","twitter_misc":{"Escrito por":"alcalde","Tiempo de lectura":"3 minutos"},"schema":{"@context":"https:\/\/schema.org","@graph":[{"@type":"Article","@id":"https:\/\/www.caudete.org\/ayuntamiento\/clm-rechaza-la-propuesta-de-recual-2020-a-caudete\/#article","isPartOf":{"@id":"https:\/\/www.caudete.org\/ayuntamiento\/clm-rechaza-la-propuesta-de-recual-2020-a-caudete\/"},"author":{"name":"alcalde","@id":"https:\/\/www.caudete.org\/ayuntamiento\/#\/schema\/person\/cc646da9133078ee4d8dd47457947253"},"headline":"La Junta rechaza la propuesta de RECUAL-2020 a Caudete","datePublished":"2021-01-29T08:00:56+00:00","dateModified":"2021-01-29T10:28:26+00:00","mainEntityOfPage":{"@id":"https:\/\/www.caudete.org\/ayuntamiento\/clm-rechaza-la-propuesta-de-recual-2020-a-caudete\/"},"wordCount":592,"publisher":{"@id":"https:\/\/www.caudete.org\/ayuntamiento\/#organization"},"image":{"@id":"https:\/\/www.caudete.org\/ayuntamiento\/clm-rechaza-la-propuesta-de-recual-2020-a-caudete\/#primaryimage"},"thumbnailUrl":"https:\/\/www.caudete.org\/ayuntamiento\/wp-content\/uploads\/2021\/01\/p1c35ihjpjuo9qa8118j1uam1hp44.jpg","keywords":["2020","RECUAL"],"articleSection":["Empleo y Formaci\u00f3n"],"inLanguage":"es"},{"@type":"WebPage","@id":"https:\/\/www.caudete.org\/ayuntamiento\/clm-rechaza-la-propuesta-de-recual-2020-a-caudete\/","url":"https:\/\/www.caudete.org\/ayuntamiento\/clm-rechaza-la-propuesta-de-recual-2020-a-caudete\/","name":"La Junta rechaza la propuesta de RECUAL-2020 a Caudete - MI Ayuntamiento de Caudete","isPartOf":{"@id":"https:\/\/www.caudete.org\/ayuntamiento\/#website"},"primaryImageOfPage":{"@id":"https:\/\/www.caudete.org\/ayuntamiento\/clm-rechaza-la-propuesta-de-recual-2020-a-caudete\/#primaryimage"},"image":{"@id":"https:\/\/www.caudete.org\/ayuntamiento\/clm-rechaza-la-propuesta-de-recual-2020-a-caudete\/#primaryimage"},"thumbnailUrl":"https:\/\/www.caudete.org\/ayuntamiento\/wp-content\/uploads\/2021\/01\/p1c35ihjpjuo9qa8118j1uam1hp44.jpg","datePublished":"2021-01-29T08:00:56+00:00","dateModified":"2021-01-29T10:28:26+00:00","description":"P\u00e1gina Oficial del Ayuntamiento de Caudete (Albacete)","breadcrumb":{"@id":"https:\/\/www.caudete.org\/ayuntamiento\/clm-rechaza-la-propuesta-de-recual-2020-a-caudete\/#breadcrumb"},"inLanguage":"es","potentialAction":[{"@type":"ReadAction","target":["https:\/\/www.caudete.org\/ayuntamiento\/clm-rechaza-la-propuesta-de-recual-2020-a-caudete\/"]}]},{"@type":"ImageObject","inLanguage":"es","@id":"https:\/\/www.caudete.org\/ayuntamiento\/clm-rechaza-la-propuesta-de-recual-2020-a-caudete\/#primaryimage","url":"https:\/\/www.caudete.org\/ayuntamiento\/wp-content\/uploads\/2021\/01\/p1c35ihjpjuo9qa8118j1uam1hp44.jpg","contentUrl":"https:\/\/www.caudete.org\/ayuntamiento\/wp-content\/uploads\/2021\/01\/p1c35ihjpjuo9qa8118j1uam1hp44.jpg","width":1230,"height":820},{"@type":"BreadcrumbList","@id":"https:\/\/www.caudete.org\/ayuntamiento\/clm-rechaza-la-propuesta-de-recual-2020-a-caudete\/#breadcrumb","itemListElement":[{"@type":"ListItem","position":1,"name":"Inicio","item":"https:\/\/www.caudete.org\/ayuntamiento\/"},{"@type":"ListItem","position":2,"name":"La Junta rechaza la propuesta de RECUAL-2020 a Caudete"}]},{"@type":"WebSite","@id":"https:\/\/www.caudete.org\/ayuntamiento\/#website","url":"https:\/\/www.caudete.org\/ayuntamiento\/","name":"MI Ayuntamiento de Caudete","description":"P\u00e1gina Oficial del MI Ayuntamiento de Caudete","publisher":{"@id":"https:\/\/www.caudete.org\/ayuntamiento\/#organization"},"potentialAction":[{"@type":"SearchAction","target":{"@type":"EntryPoint","urlTemplate":"https:\/\/www.caudete.org\/ayuntamiento\/?s={search_term_string}"},"query-input":{"@type":"PropertyValueSpecification","valueRequired":true,"valueName":"search_term_string"}}],"inLanguage":"es"},{"@type":"Organization","@id":"https:\/\/www.caudete.org\/ayuntamiento\/#organization","name":"Ayuntamiento de Caudete","url":"https:\/\/www.caudete.org\/ayuntamiento\/","logo":{"@type":"ImageObject","inLanguage":"es","@id":"https:\/\/www.caudete.org\/ayuntamiento\/#\/schema\/logo\/image\/","url":"https:\/\/www.caudete.org\/ayuntamiento\/wp-content\/uploads\/2020\/11\/logo_ayuntamiento_caudete.jpg","contentUrl":"https:\/\/www.caudete.org\/ayuntamiento\/wp-content\/uploads\/2020\/11\/logo_ayuntamiento_caudete.jpg","width":600,"height":150,"caption":"Ayuntamiento de Caudete"},"image":{"@id":"https:\/\/www.caudete.org\/ayuntamiento\/#\/schema\/logo\/image\/"},"sameAs":["https:\/\/www.facebook.com\/ayuntamientocaudete\/","https:\/\/www.youtube.com\/channel\/UC6VztHaooNsGpw-tNoBEFnQ"]},{"@type":"Person","@id":"https:\/\/www.caudete.org\/ayuntamiento\/#\/schema\/person\/cc646da9133078ee4d8dd47457947253","name":"alcalde","image":{"@type":"ImageObject","inLanguage":"es","@id":"https:\/\/secure.gravatar.com\/avatar\/84a817ba065b29ff08d666b215a215f5c79186a645ccb25b14a663d48a130f77?s=96&d=mm&r=g","url":"https:\/\/secure.gravatar.com\/avatar\/84a817ba065b29ff08d666b215a215f5c79186a645ccb25b14a663d48a130f77?s=96&d=mm&r=g","contentUrl":"https:\/\/secure.gravatar.com\/avatar\/84a817ba065b29ff08d666b215a215f5c79186a645ccb25b14a663d48a130f77?s=96&d=mm&r=g","caption":"alcalde"},"url":"https:\/\/www.caudete.org\/ayuntamiento\/author\/alcalde\/"}]}},"_links":{"self":[{"href":"https:\/\/www.caudete.org\/ayuntamiento\/wp-json\/wp\/v2\/posts\/11828","targetHints":{"allow":["GET"]}}],"collection":[{"href":"https:\/\/www.caudete.org\/ayuntamiento\/wp-json\/wp\/v2\/posts"}],"about":[{"href":"https:\/\/www.caudete.org\/ayuntamiento\/wp-json\/wp\/v2\/types\/post"}],"author":[{"embeddable":true,"href":"https:\/\/www.caudete.org\/ayuntamiento\/wp-json\/wp\/v2\/users\/3"}],"replies":[{"embeddable":true,"href":"https:\/\/www.caudete.org\/ayuntamiento\/wp-json\/wp\/v2\/comments?post=11828"}],"version-history":[{"count":5,"href":"https:\/\/www.caudete.org\/ayuntamiento\/wp-json\/wp\/v2\/posts\/11828\/revisions"}],"predecessor-version":[{"id":11853,"href":"https:\/\/www.caudete.org\/ayuntamiento\/wp-json\/wp\/v2\/posts\/11828\/revisions\/11853"}],"wp:featuredmedia":[{"embeddable":true,"href":"https:\/\/www.caudete.org\/ayuntamiento\/wp-json\/wp\/v2\/media\/11831"}],"wp:attachment":[{"href":"https:\/\/www.caudete.org\/ayuntamiento\/wp-json\/wp\/v2\/media?parent=11828"}],"wp:term":[{"taxonomy":"category","embeddable":true,"href":"https:\/\/www.caudete.org\/ayuntamiento\/wp-json\/wp\/v2\/categories?post=11828"},{"taxonomy":"post_tag","embeddable":true,"href":"https:\/\/www.caudete.org\/ayuntamiento\/wp-json\/wp\/v2\/tags?post=11828"}],"curies":[{"name":"wp","href":"https:\/\/api.w.org\/{rel}","templated":true}]}}