{"id":11854,"date":"2021-01-29T11:44:11","date_gmt":"2021-01-29T10:44:11","guid":{"rendered":"https:\/\/www.caudete.org\/ayuntamiento\/?p=11854"},"modified":"2021-01-29T11:44:11","modified_gmt":"2021-01-29T10:44:11","slug":"mamar-adelanto-que-2021-aportara-a-la-policia-local-4-efectivos-mas","status":"publish","type":"post","link":"https:\/\/www.caudete.org\/ayuntamiento\/mamar-adelanto-que-2021-aportara-a-la-policia-local-4-efectivos-mas\/","title":{"rendered":"M\u00aaMar adelant\u00f3 que 2021 aportar\u00e1 a la Polic\u00eda Local 4 efectivos m\u00e1s"},"content":{"rendered":"<p style=\"text-align: justify;\">Durante el desarrollo de la Sesi\u00f3n Plenaria que anoche celebr\u00f3 la Corporaci\u00f3n, la Concejal de Interior, Mar\u00eda del Mar Requena, que gestiona la Polic\u00eda Local, adelant\u00f3 en ruegos y preguntas contestando a la oposici\u00f3n las previsiones que a nivel organizativo est\u00e1 dise\u00f1ando para la Plantilla de dicho Cuerpo.<\/p>\n<p style=\"text-align: justify;\">As\u00ed pues, para 2021 se tiene previsto convocar la <strong>plaza de Oficial<\/strong> por turno libre, y <strong>3 plazas de Agente <\/strong>por turno libre igualmente, de manera que el servicio de la Polic\u00eda se ver\u00e1 mejorado al incrementar la Plantilla.<\/p>\n<p style=\"text-align: justify;\">Igualmente, record\u00f3 que el compromiso del Equipo de Gobierno con los caudetanos es conseguir establecer una plantilla de efectivos que pueda cubrir sin problema la totalidad del servicio y permita tener refuerzo en aquellos turnos que se consideren de mayor inter\u00e9s.<\/p>\n<p style=\"text-align: justify;\">De esta forma, daba p\u00fablico conocimiento del trabajo que se est\u00e1 desarrollando desde su Concejal\u00eda junto a la Jefatura de la Polic\u00eda Local, una cuesti\u00f3n que es prioridad para el Gobierno Municipal, puesto que alcanzar cotas optimas del servicio que presta el cuerpo es imprescindible para poder garantizar la seguridad y tranquilidad de los caudetanos.<\/p>\n","protected":false},"excerpt":{"rendered":"<p>Durante el desarrollo de la Sesi\u00f3n Plenaria que anoche celebr\u00f3 la Corporaci\u00f3n, la Concejal de Interior, Mar\u00eda del Mar Requena, que gestiona la Polic\u00eda Local, adelant\u00f3 en ruegos y preguntas contestando a la oposici\u00f3n las previsiones que a nivel organizativo est\u00e1 dise\u00f1ando para la Plantilla de dicho Cuerpo. As\u00ed pues, para 2021 se tiene previsto &hellip;<\/p>\n","protected":false},"author":3,"featured_media":11855,"comment_status":"closed","ping_status":"open","sticky":false,"template":"","format":"standard","meta":{"ngg_post_thumbnail":0,"footnotes":""},"categories":[34],"tags":[330,329,328],"class_list":["post-11854","post","type-post","status-publish","format-standard","has-post-thumbnail","hentry","category-interior","tag-ampliacion-plantilla","tag-plantilla","tag-policia-local"],"yoast_head":"<!-- This site is optimized with the Yoast SEO plugin v27.5 - https:\/\/yoast.com\/product\/yoast-seo-wordpress\/ -->\n<title>M\u00aaMar adelant\u00f3 que 2021 aportar\u00e1 a la Polic\u00eda Local 4 efectivos m\u00e1s - MI Ayuntamiento de Caudete<\/title>\n<meta name=\"description\" content=\"P\u00e1gina Oficial del Ayuntamiento de Caudete (Albacete)\" \/>\n<meta name=\"robots\" content=\"index, follow, max-snippet:-1, max-image-preview:large, max-video-preview:-1\" \/>\n<link rel=\"canonical\" href=\"https:\/\/www.caudete.org\/ayuntamiento\/mamar-adelanto-que-2021-aportara-a-la-policia-local-4-efectivos-mas\/\" \/>\n<meta property=\"og:locale\" content=\"es_ES\" \/>\n<meta property=\"og:type\" content=\"article\" \/>\n<meta property=\"og:title\" content=\"M\u00aaMar adelant\u00f3 que 2021 aportar\u00e1 a la Polic\u00eda Local 4 efectivos m\u00e1s - MI Ayuntamiento de Caudete\" \/>\n<meta property=\"og:description\" content=\"P\u00e1gina Oficial del Ayuntamiento de Caudete (Albacete)\" \/>\n<meta property=\"og:url\" content=\"https:\/\/www.caudete.org\/ayuntamiento\/mamar-adelanto-que-2021-aportara-a-la-policia-local-4-efectivos-mas\/\" \/>\n<meta property=\"og:site_name\" content=\"MI Ayuntamiento de Caudete\" \/>\n<meta property=\"article:publisher\" content=\"https:\/\/www.facebook.com\/ayuntamientocaudete\/\" \/>\n<meta property=\"article:published_time\" content=\"2021-01-29T10:44:11+00:00\" \/>\n<meta property=\"og:image\" content=\"https:\/\/www.caudete.org\/ayuntamiento\/wp-content\/uploads\/2021\/01\/coche_policia1.jpg\" \/>\n\t<meta property=\"og:image:width\" content=\"600\" \/>\n\t<meta property=\"og:image:height\" content=\"359\" \/>\n\t<meta property=\"og:image:type\" content=\"image\/jpeg\" \/>\n<meta name=\"author\" content=\"alcalde\" \/>\n<meta name=\"twitter:card\" content=\"summary_large_image\" \/>\n<meta name=\"twitter:label1\" content=\"Escrito por\" \/>\n\t<meta name=\"twitter:data1\" content=\"alcalde\" \/>\n\t<meta name=\"twitter:label2\" content=\"Tiempo de lectura\" \/>\n\t<meta name=\"twitter:data2\" content=\"1 minuto\" \/>\n<script type=\"application\/ld+json\" class=\"yoast-schema-graph\">{\"@context\":\"https:\\\/\\\/schema.org\",\"@graph\":[{\"@type\":\"Article\",\"@id\":\"https:\\\/\\\/www.caudete.org\\\/ayuntamiento\\\/mamar-adelanto-que-2021-aportara-a-la-policia-local-4-efectivos-mas\\\/#article\",\"isPartOf\":{\"@id\":\"https:\\\/\\\/www.caudete.org\\\/ayuntamiento\\\/mamar-adelanto-que-2021-aportara-a-la-policia-local-4-efectivos-mas\\\/\"},\"author\":{\"name\":\"alcalde\",\"@id\":\"https:\\\/\\\/www.caudete.org\\\/ayuntamiento\\\/#\\\/schema\\\/person\\\/cc646da9133078ee4d8dd47457947253\"},\"headline\":\"M\u00aaMar adelant\u00f3 que 2021 aportar\u00e1 a la Polic\u00eda Local 4 efectivos m\u00e1s\",\"datePublished\":\"2021-01-29T10:44:11+00:00\",\"mainEntityOfPage\":{\"@id\":\"https:\\\/\\\/www.caudete.org\\\/ayuntamiento\\\/mamar-adelanto-que-2021-aportara-a-la-policia-local-4-efectivos-mas\\\/\"},\"wordCount\":206,\"image\":{\"@id\":\"https:\\\/\\\/www.caudete.org\\\/ayuntamiento\\\/mamar-adelanto-que-2021-aportara-a-la-policia-local-4-efectivos-mas\\\/#primaryimage\"},\"thumbnailUrl\":\"https:\\\/\\\/www.caudete.org\\\/ayuntamiento\\\/wp-content\\\/uploads\\\/2021\\\/01\\\/coche_policia1.jpg\",\"keywords\":[\"ampliacion plantilla\",\"plantilla\",\"policia local\"],\"articleSection\":[\"Interior\"],\"inLanguage\":\"es\"},{\"@type\":\"WebPage\",\"@id\":\"https:\\\/\\\/www.caudete.org\\\/ayuntamiento\\\/mamar-adelanto-que-2021-aportara-a-la-policia-local-4-efectivos-mas\\\/\",\"url\":\"https:\\\/\\\/www.caudete.org\\\/ayuntamiento\\\/mamar-adelanto-que-2021-aportara-a-la-policia-local-4-efectivos-mas\\\/\",\"name\":\"M\u00aaMar adelant\u00f3 que 2021 aportar\u00e1 a la Polic\u00eda Local 4 efectivos m\u00e1s - MI Ayuntamiento de Caudete\",\"isPartOf\":{\"@id\":\"https:\\\/\\\/www.caudete.org\\\/ayuntamiento\\\/#website\"},\"primaryImageOfPage\":{\"@id\":\"https:\\\/\\\/www.caudete.org\\\/ayuntamiento\\\/mamar-adelanto-que-2021-aportara-a-la-policia-local-4-efectivos-mas\\\/#primaryimage\"},\"image\":{\"@id\":\"https:\\\/\\\/www.caudete.org\\\/ayuntamiento\\\/mamar-adelanto-que-2021-aportara-a-la-policia-local-4-efectivos-mas\\\/#primaryimage\"},\"thumbnailUrl\":\"https:\\\/\\\/www.caudete.org\\\/ayuntamiento\\\/wp-content\\\/uploads\\\/2021\\\/01\\\/coche_policia1.jpg\",\"datePublished\":\"2021-01-29T10:44:11+00:00\",\"author\":{\"@id\":\"https:\\\/\\\/www.caudete.org\\\/ayuntamiento\\\/#\\\/schema\\\/person\\\/cc646da9133078ee4d8dd47457947253\"},\"description\":\"P\u00e1gina Oficial del Ayuntamiento de Caudete (Albacete)\",\"breadcrumb\":{\"@id\":\"https:\\\/\\\/www.caudete.org\\\/ayuntamiento\\\/mamar-adelanto-que-2021-aportara-a-la-policia-local-4-efectivos-mas\\\/#breadcrumb\"},\"inLanguage\":\"es\",\"potentialAction\":[{\"@type\":\"ReadAction\",\"target\":[\"https:\\\/\\\/www.caudete.org\\\/ayuntamiento\\\/mamar-adelanto-que-2021-aportara-a-la-policia-local-4-efectivos-mas\\\/\"]}]},{\"@type\":\"ImageObject\",\"inLanguage\":\"es\",\"@id\":\"https:\\\/\\\/www.caudete.org\\\/ayuntamiento\\\/mamar-adelanto-que-2021-aportara-a-la-policia-local-4-efectivos-mas\\\/#primaryimage\",\"url\":\"https:\\\/\\\/www.caudete.org\\\/ayuntamiento\\\/wp-content\\\/uploads\\\/2021\\\/01\\\/coche_policia1.jpg\",\"contentUrl\":\"https:\\\/\\\/www.caudete.org\\\/ayuntamiento\\\/wp-content\\\/uploads\\\/2021\\\/01\\\/coche_policia1.jpg\",\"width\":600,\"height\":359},{\"@type\":\"BreadcrumbList\",\"@id\":\"https:\\\/\\\/www.caudete.org\\\/ayuntamiento\\\/mamar-adelanto-que-2021-aportara-a-la-policia-local-4-efectivos-mas\\\/#breadcrumb\",\"itemListElement\":[{\"@type\":\"ListItem\",\"position\":1,\"name\":\"Inicio\",\"item\":\"https:\\\/\\\/www.caudete.org\\\/ayuntamiento\\\/\"},{\"@type\":\"ListItem\",\"position\":2,\"name\":\"M\u00aaMar adelant\u00f3 que 2021 aportar\u00e1 a la Polic\u00eda Local 4 efectivos m\u00e1s\"}]},{\"@type\":\"WebSite\",\"@id\":\"https:\\\/\\\/www.caudete.org\\\/ayuntamiento\\\/#website\",\"url\":\"https:\\\/\\\/www.caudete.org\\\/ayuntamiento\\\/\",\"name\":\"MI Ayuntamiento de Caudete\",\"description\":\"P\u00e1gina Oficial del MI Ayuntamiento de Caudete\",\"potentialAction\":[{\"@type\":\"SearchAction\",\"target\":{\"@type\":\"EntryPoint\",\"urlTemplate\":\"https:\\\/\\\/www.caudete.org\\\/ayuntamiento\\\/?s={search_term_string}\"},\"query-input\":{\"@type\":\"PropertyValueSpecification\",\"valueRequired\":true,\"valueName\":\"search_term_string\"}}],\"inLanguage\":\"es\"},{\"@type\":\"Person\",\"@id\":\"https:\\\/\\\/www.caudete.org\\\/ayuntamiento\\\/#\\\/schema\\\/person\\\/cc646da9133078ee4d8dd47457947253\",\"name\":\"alcalde\",\"image\":{\"@type\":\"ImageObject\",\"inLanguage\":\"es\",\"@id\":\"https:\\\/\\\/secure.gravatar.com\\\/avatar\\\/84a817ba065b29ff08d666b215a215f5c79186a645ccb25b14a663d48a130f77?s=96&d=mm&r=g\",\"url\":\"https:\\\/\\\/secure.gravatar.com\\\/avatar\\\/84a817ba065b29ff08d666b215a215f5c79186a645ccb25b14a663d48a130f77?s=96&d=mm&r=g\",\"contentUrl\":\"https:\\\/\\\/secure.gravatar.com\\\/avatar\\\/84a817ba065b29ff08d666b215a215f5c79186a645ccb25b14a663d48a130f77?s=96&d=mm&r=g\",\"caption\":\"alcalde\"},\"url\":\"https:\\\/\\\/www.caudete.org\\\/ayuntamiento\\\/author\\\/alcalde\\\/\"}]}<\/script>\n<!-- \/ Yoast SEO plugin. -->","yoast_head_json":{"title":"M\u00aaMar adelant\u00f3 que 2021 aportar\u00e1 a la Polic\u00eda Local 4 efectivos m\u00e1s - MI Ayuntamiento de Caudete","description":"P\u00e1gina Oficial del Ayuntamiento de Caudete (Albacete)","robots":{"index":"index","follow":"follow","max-snippet":"max-snippet:-1","max-image-preview":"max-image-preview:large","max-video-preview":"max-video-preview:-1"},"canonical":"https:\/\/www.caudete.org\/ayuntamiento\/mamar-adelanto-que-2021-aportara-a-la-policia-local-4-efectivos-mas\/","og_locale":"es_ES","og_type":"article","og_title":"M\u00aaMar adelant\u00f3 que 2021 aportar\u00e1 a la Polic\u00eda Local 4 efectivos m\u00e1s - MI Ayuntamiento de Caudete","og_description":"P\u00e1gina Oficial del Ayuntamiento de Caudete (Albacete)","og_url":"https:\/\/www.caudete.org\/ayuntamiento\/mamar-adelanto-que-2021-aportara-a-la-policia-local-4-efectivos-mas\/","og_site_name":"MI Ayuntamiento de Caudete","article_publisher":"https:\/\/www.facebook.com\/ayuntamientocaudete\/","article_published_time":"2021-01-29T10:44:11+00:00","og_image":[{"width":600,"height":359,"url":"https:\/\/www.caudete.org\/ayuntamiento\/wp-content\/uploads\/2021\/01\/coche_policia1.jpg","type":"image\/jpeg"}],"author":"alcalde","twitter_card":"summary_large_image","twitter_misc":{"Escrito por":"alcalde","Tiempo de lectura":"1 minuto"},"schema":{"@context":"https:\/\/schema.org","@graph":[{"@type":"Article","@id":"https:\/\/www.caudete.org\/ayuntamiento\/mamar-adelanto-que-2021-aportara-a-la-policia-local-4-efectivos-mas\/#article","isPartOf":{"@id":"https:\/\/www.caudete.org\/ayuntamiento\/mamar-adelanto-que-2021-aportara-a-la-policia-local-4-efectivos-mas\/"},"author":{"name":"alcalde","@id":"https:\/\/www.caudete.org\/ayuntamiento\/#\/schema\/person\/cc646da9133078ee4d8dd47457947253"},"headline":"M\u00aaMar adelant\u00f3 que 2021 aportar\u00e1 a la Polic\u00eda Local 4 efectivos m\u00e1s","datePublished":"2021-01-29T10:44:11+00:00","mainEntityOfPage":{"@id":"https:\/\/www.caudete.org\/ayuntamiento\/mamar-adelanto-que-2021-aportara-a-la-policia-local-4-efectivos-mas\/"},"wordCount":206,"image":{"@id":"https:\/\/www.caudete.org\/ayuntamiento\/mamar-adelanto-que-2021-aportara-a-la-policia-local-4-efectivos-mas\/#primaryimage"},"thumbnailUrl":"https:\/\/www.caudete.org\/ayuntamiento\/wp-content\/uploads\/2021\/01\/coche_policia1.jpg","keywords":["ampliacion plantilla","plantilla","policia local"],"articleSection":["Interior"],"inLanguage":"es"},{"@type":"WebPage","@id":"https:\/\/www.caudete.org\/ayuntamiento\/mamar-adelanto-que-2021-aportara-a-la-policia-local-4-efectivos-mas\/","url":"https:\/\/www.caudete.org\/ayuntamiento\/mamar-adelanto-que-2021-aportara-a-la-policia-local-4-efectivos-mas\/","name":"M\u00aaMar adelant\u00f3 que 2021 aportar\u00e1 a la Polic\u00eda Local 4 efectivos m\u00e1s - MI Ayuntamiento de Caudete","isPartOf":{"@id":"https:\/\/www.caudete.org\/ayuntamiento\/#website"},"primaryImageOfPage":{"@id":"https:\/\/www.caudete.org\/ayuntamiento\/mamar-adelanto-que-2021-aportara-a-la-policia-local-4-efectivos-mas\/#primaryimage"},"image":{"@id":"https:\/\/www.caudete.org\/ayuntamiento\/mamar-adelanto-que-2021-aportara-a-la-policia-local-4-efectivos-mas\/#primaryimage"},"thumbnailUrl":"https:\/\/www.caudete.org\/ayuntamiento\/wp-content\/uploads\/2021\/01\/coche_policia1.jpg","datePublished":"2021-01-29T10:44:11+00:00","author":{"@id":"https:\/\/www.caudete.org\/ayuntamiento\/#\/schema\/person\/cc646da9133078ee4d8dd47457947253"},"description":"P\u00e1gina Oficial del Ayuntamiento de Caudete (Albacete)","breadcrumb":{"@id":"https:\/\/www.caudete.org\/ayuntamiento\/mamar-adelanto-que-2021-aportara-a-la-policia-local-4-efectivos-mas\/#breadcrumb"},"inLanguage":"es","potentialAction":[{"@type":"ReadAction","target":["https:\/\/www.caudete.org\/ayuntamiento\/mamar-adelanto-que-2021-aportara-a-la-policia-local-4-efectivos-mas\/"]}]},{"@type":"ImageObject","inLanguage":"es","@id":"https:\/\/www.caudete.org\/ayuntamiento\/mamar-adelanto-que-2021-aportara-a-la-policia-local-4-efectivos-mas\/#primaryimage","url":"https:\/\/www.caudete.org\/ayuntamiento\/wp-content\/uploads\/2021\/01\/coche_policia1.jpg","contentUrl":"https:\/\/www.caudete.org\/ayuntamiento\/wp-content\/uploads\/2021\/01\/coche_policia1.jpg","width":600,"height":359},{"@type":"BreadcrumbList","@id":"https:\/\/www.caudete.org\/ayuntamiento\/mamar-adelanto-que-2021-aportara-a-la-policia-local-4-efectivos-mas\/#breadcrumb","itemListElement":[{"@type":"ListItem","position":1,"name":"Inicio","item":"https:\/\/www.caudete.org\/ayuntamiento\/"},{"@type":"ListItem","position":2,"name":"M\u00aaMar adelant\u00f3 que 2021 aportar\u00e1 a la Polic\u00eda Local 4 efectivos m\u00e1s"}]},{"@type":"WebSite","@id":"https:\/\/www.caudete.org\/ayuntamiento\/#website","url":"https:\/\/www.caudete.org\/ayuntamiento\/","name":"MI Ayuntamiento de Caudete","description":"P\u00e1gina Oficial del MI Ayuntamiento de Caudete","potentialAction":[{"@type":"SearchAction","target":{"@type":"EntryPoint","urlTemplate":"https:\/\/www.caudete.org\/ayuntamiento\/?s={search_term_string}"},"query-input":{"@type":"PropertyValueSpecification","valueRequired":true,"valueName":"search_term_string"}}],"inLanguage":"es"},{"@type":"Person","@id":"https:\/\/www.caudete.org\/ayuntamiento\/#\/schema\/person\/cc646da9133078ee4d8dd47457947253","name":"alcalde","image":{"@type":"ImageObject","inLanguage":"es","@id":"https:\/\/secure.gravatar.com\/avatar\/84a817ba065b29ff08d666b215a215f5c79186a645ccb25b14a663d48a130f77?s=96&d=mm&r=g","url":"https:\/\/secure.gravatar.com\/avatar\/84a817ba065b29ff08d666b215a215f5c79186a645ccb25b14a663d48a130f77?s=96&d=mm&r=g","contentUrl":"https:\/\/secure.gravatar.com\/avatar\/84a817ba065b29ff08d666b215a215f5c79186a645ccb25b14a663d48a130f77?s=96&d=mm&r=g","caption":"alcalde"},"url":"https:\/\/www.caudete.org\/ayuntamiento\/author\/alcalde\/"}]}},"_links":{"self":[{"href":"https:\/\/www.caudete.org\/ayuntamiento\/wp-json\/wp\/v2\/posts\/11854","targetHints":{"allow":["GET"]}}],"collection":[{"href":"https:\/\/www.caudete.org\/ayuntamiento\/wp-json\/wp\/v2\/posts"}],"about":[{"href":"https:\/\/www.caudete.org\/ayuntamiento\/wp-json\/wp\/v2\/types\/post"}],"author":[{"embeddable":true,"href":"https:\/\/www.caudete.org\/ayuntamiento\/wp-json\/wp\/v2\/users\/3"}],"replies":[{"embeddable":true,"href":"https:\/\/www.caudete.org\/ayuntamiento\/wp-json\/wp\/v2\/comments?post=11854"}],"version-history":[{"count":1,"href":"https:\/\/www.caudete.org\/ayuntamiento\/wp-json\/wp\/v2\/posts\/11854\/revisions"}],"predecessor-version":[{"id":11856,"href":"https:\/\/www.caudete.org\/ayuntamiento\/wp-json\/wp\/v2\/posts\/11854\/revisions\/11856"}],"wp:featuredmedia":[{"embeddable":true,"href":"https:\/\/www.caudete.org\/ayuntamiento\/wp-json\/wp\/v2\/media\/11855"}],"wp:attachment":[{"href":"https:\/\/www.caudete.org\/ayuntamiento\/wp-json\/wp\/v2\/media?parent=11854"}],"wp:term":[{"taxonomy":"category","embeddable":true,"href":"https:\/\/www.caudete.org\/ayuntamiento\/wp-json\/wp\/v2\/categories?post=11854"},{"taxonomy":"post_tag","embeddable":true,"href":"https:\/\/www.caudete.org\/ayuntamiento\/wp-json\/wp\/v2\/tags?post=11854"}],"curies":[{"name":"wp","href":"https:\/\/api.w.org\/{rel}","templated":true}]}}