{"id":11892,"date":"2021-02-01T08:00:29","date_gmt":"2021-02-01T07:00:29","guid":{"rendered":"https:\/\/www.caudete.org\/ayuntamiento\/?p=11892"},"modified":"2021-02-01T00:57:21","modified_gmt":"2021-01-31T23:57:21","slug":"adquirida-la-parcela-del-actual-pozo-que-por-error-se-ejecuto-en-2007-en-propiedad-privada","status":"publish","type":"post","link":"https:\/\/www.caudete.org\/ayuntamiento\/adquirida-la-parcela-del-actual-pozo-que-por-error-se-ejecuto-en-2007-en-propiedad-privada\/","title":{"rendered":"Adquirida la parcela del actual POZO que por &#8220;error&#8221; se ejecut\u00f3 en 2007 en propiedad privada"},"content":{"rendered":"<p style=\"text-align: justify;\">En el pasado Pleno Ordinario de Enero, el Alcalde inclu\u00eda en el Orden del D\u00eda la daci\u00f3n de cuenta de la adjudicaci\u00f3n de un contrato de compraventa de una finca r\u00fastica y pozo en el pol\u00edgono 15 de Caudete. Esta cuesti\u00f3n no es otra que la derivada de la ejecuci\u00f3n en el a\u00f1o 2007 de un pozo de agua, el que en la actualidad suministra agua potable a la poblaci\u00f3n, en una parcela privada situada a escasos metros de la de titularidad municipal, y que tras un tiempo, acab\u00f3 en los Tribunales.<\/p>\n<p style=\"text-align: justify;\">As\u00ed pues, la Concejal de Ciclo Integral del Agua, Marian Ballester, fue la encargada de dar cuenta del citado expediente de adjudicaci\u00f3n, momento en el que aprovech\u00f3 para dar p\u00fablico conocimiento a los caudetanos del porqu\u00e9 de esta acci\u00f3n, as\u00ed como un resumen de lo acontecido, exposici\u00f3n que pueden leer a continuaci\u00f3n:<\/p>\n<p style=\"text-align: justify;\"><em>&#8220;El 30 de Abril de 2019 el Ayuntamiento de Caudete recibi\u00f3 la Sentencia de un Recurso interpuesto en su d\u00eda por la Sociedad Canal de La Huerta de Alicante, empresa propietaria de los terrenos donde se ubic\u00f3 en 2007 el Pozo de &#8220;Santa Ana&#8221;, la tuber\u00eda de agua que baja de dicho pozo al Dep\u00f3sito y la Red El\u00e9ctrica\u00a0que lo abastece.<\/em><\/p>\n<p style=\"text-align: justify;\"><em>En la citada sentencia se nos dec\u00eda textualmente:<\/em><\/p>\n<p style=\"text-align: justify;\"><em>Condenamos al Ayuntamiento de Caudete a la desinstalaci\u00f3n de las infraestructuras existentes en la parcela 1633 del pol\u00edgono\u00a015 de Caudete, restituyendo la parcela al estado anterior a la intervenci\u00f3n\u00a0y fijamos el plazo de un a\u00f1o desde la firmeza de esta sentencia para su ejecuci\u00f3n.<\/em><\/p>\n<p style=\"text-align: justify;\"><em>Por este motivo, dado que ten\u00edamos que solucionar el abastecimiento de agua en el municipio en el plazo m\u00e1ximo\u00a0de un a\u00f1o, mantuvimos varias reuniones con la citada empresa en las que se planteaban diversas opciones.<\/em><\/p>\n<p style=\"text-align: justify;\"><em>Las opciones del Canal de La Huerta, eran:<\/em><\/p>\n<p style=\"text-align: justify;\"><em>1\u00ba- 342.104\u20ac como pago de su parcela, que consta de unos 80.000m2 seg\u00fan Catastro, parcela en la que se ubica el pozo objeto de la sentencia, que es el pozo que abastece a Caudete principalmente, y otro pozo de su propiedad, de 400m de profundidad.<\/em><\/p>\n<p style=\"text-align: justify;\"><em>2\u00ba- Restituir la parcela a su estado inicial como dictaba la Sentencia, teniendo que tapar nuestro Pozo y quitando las instalaciones de Agua y Red El\u00e9ctrica.<\/em><\/p>\n<p style=\"text-align: justify;\"><em>Las opciones que planteaba el Ayuntamiento, eran:<\/em><\/p>\n<p style=\"text-align: justify;\"><em>1\u00ba- La adquisici\u00f3n de la parte de la parcela afectada por nuestras instalaciones y nuestro Pozo.<\/em><\/p>\n<p style=\"text-align: justify;\"><em>2\u00ba- La compra de toda la parcela y su Pozo.<\/em><\/p>\n<p style=\"text-align: justify;\"><em>Finalmente llegamos a un acuerdo en el punto n\u00ba2, compramos por 200.000\u20ac su parcela, que son unos 80.000m2 (donde se ubica nuestro Pozo) y que como ya he mencionado antes, consta adem\u00e1s de otro Pozo de 400m de profundidad que pertenec\u00eda tambi\u00e9n a los propietarios de la parcela, el Canal de La Huerta, y adem\u00e1s, la adquisici\u00f3n de esta parcela nos exime de cumplir la sentencia, de desmontar toda la instalaci\u00f3n, con lo cual el Pozo de &#8220;Santa Ana&#8221; (que vuelvo a repetir, es el principal Pozo de abastecimiento de Agua Potable de Caudete) sigue funcionando a pleno rendimiento, y hemos conseguido un Pozo de Alivio de mejores caracter\u00edsticas\u00a0que el nuestro, algo que ten\u00edamos pendiente para esta Legislatura ya que lo llev\u00e1bamos en nuestro programa.&#8221;<\/em><\/p>\n<p><img fetchpriority=\"high\" decoding=\"async\" class=\"size-medium wp-image-11873 aligncenter\" src=\"https:\/\/www.caudete.org\/ayuntamiento\/wp-content\/uploads\/2021\/01\/IMG_0086-300x200.jpg\" alt=\"\" width=\"300\" height=\"200\" srcset=\"https:\/\/www.caudete.org\/ayuntamiento\/wp-content\/uploads\/2021\/01\/IMG_0086-300x200.jpg 300w, https:\/\/www.caudete.org\/ayuntamiento\/wp-content\/uploads\/2021\/01\/IMG_0086-1024x683.jpg 1024w, https:\/\/www.caudete.org\/ayuntamiento\/wp-content\/uploads\/2021\/01\/IMG_0086-768x512.jpg 768w, https:\/\/www.caudete.org\/ayuntamiento\/wp-content\/uploads\/2021\/01\/IMG_0086-1536x1024.jpg 1536w, https:\/\/www.caudete.org\/ayuntamiento\/wp-content\/uploads\/2021\/01\/IMG_0086.jpg 2048w\" sizes=\"(max-width: 300px) 100vw, 300px\" \/><\/p>\n","protected":false},"excerpt":{"rendered":"<p>En el pasado Pleno Ordinario de Enero, el Alcalde inclu\u00eda en el Orden del D\u00eda la daci\u00f3n de cuenta de la adjudicaci\u00f3n de un contrato de compraventa de una finca r\u00fastica y pozo en el pol\u00edgono 15 de Caudete. Esta cuesti\u00f3n no es otra que la derivada de la ejecuci\u00f3n en el a\u00f1o 2007 de &hellip;<\/p>\n","protected":false},"author":3,"featured_media":11872,"comment_status":"closed","ping_status":"open","sticky":false,"template":"","format":"standard","meta":{"ngg_post_thumbnail":0,"footnotes":""},"categories":[49],"tags":[336,338,335,337],"class_list":["post-11892","post","type-post","status-publish","format-standard","has-post-thumbnail","hentry","category-ciclo-integral-del-agua","tag-agua-potable","tag-canal-de-la-huerta","tag-pozo","tag-sentencia"],"yoast_head":"<!-- This site is optimized with the Yoast SEO plugin v27.4 - https:\/\/yoast.com\/product\/yoast-seo-wordpress\/ -->\n<title>Adquirida la parcela del actual POZO que por &quot;error&quot; se ejecut\u00f3 en 2007 en propiedad privada - MI Ayuntamiento de Caudete<\/title>\n<meta name=\"description\" content=\"P\u00e1gina Oficial del Ayuntamiento de Caudete (Albacete)\" \/>\n<meta name=\"robots\" content=\"index, follow, max-snippet:-1, max-image-preview:large, max-video-preview:-1\" \/>\n<link rel=\"canonical\" href=\"https:\/\/www.caudete.org\/ayuntamiento\/adquirida-la-parcela-del-actual-pozo-que-por-error-se-ejecuto-en-2007-en-propiedad-privada\/\" \/>\n<meta property=\"og:locale\" content=\"es_ES\" \/>\n<meta property=\"og:type\" content=\"article\" \/>\n<meta property=\"og:title\" content=\"Adquirida la parcela del actual POZO que por &quot;error&quot; se ejecut\u00f3 en 2007 en propiedad privada - MI Ayuntamiento de Caudete\" \/>\n<meta property=\"og:description\" content=\"P\u00e1gina Oficial del Ayuntamiento de Caudete (Albacete)\" \/>\n<meta property=\"og:url\" content=\"https:\/\/www.caudete.org\/ayuntamiento\/adquirida-la-parcela-del-actual-pozo-que-por-error-se-ejecuto-en-2007-en-propiedad-privada\/\" \/>\n<meta property=\"og:site_name\" content=\"MI Ayuntamiento de Caudete\" \/>\n<meta property=\"article:publisher\" content=\"https:\/\/www.facebook.com\/ayuntamientocaudete\/\" \/>\n<meta property=\"article:published_time\" content=\"2021-02-01T07:00:29+00:00\" \/>\n<meta property=\"og:image\" content=\"https:\/\/www.caudete.org\/ayuntamiento\/wp-content\/uploads\/2021\/01\/IMG_0084.jpg\" \/>\n\t<meta property=\"og:image:width\" content=\"2048\" \/>\n\t<meta property=\"og:image:height\" content=\"1365\" \/>\n\t<meta property=\"og:image:type\" content=\"image\/jpeg\" \/>\n<meta name=\"author\" content=\"alcalde\" \/>\n<meta name=\"twitter:card\" content=\"summary_large_image\" \/>\n<meta name=\"twitter:label1\" content=\"Escrito por\" \/>\n\t<meta name=\"twitter:data1\" content=\"alcalde\" \/>\n\t<meta name=\"twitter:label2\" content=\"Tiempo de lectura\" \/>\n\t<meta name=\"twitter:data2\" content=\"3 minutos\" \/>\n<script type=\"application\/ld+json\" class=\"yoast-schema-graph\">{\"@context\":\"https:\\\/\\\/schema.org\",\"@graph\":[{\"@type\":\"Article\",\"@id\":\"https:\\\/\\\/www.caudete.org\\\/ayuntamiento\\\/adquirida-la-parcela-del-actual-pozo-que-por-error-se-ejecuto-en-2007-en-propiedad-privada\\\/#article\",\"isPartOf\":{\"@id\":\"https:\\\/\\\/www.caudete.org\\\/ayuntamiento\\\/adquirida-la-parcela-del-actual-pozo-que-por-error-se-ejecuto-en-2007-en-propiedad-privada\\\/\"},\"author\":{\"name\":\"alcalde\",\"@id\":\"https:\\\/\\\/www.caudete.org\\\/ayuntamiento\\\/#\\\/schema\\\/person\\\/cc646da9133078ee4d8dd47457947253\"},\"headline\":\"Adquirida la parcela del actual POZO que por &#8220;error&#8221; se ejecut\u00f3 en 2007 en propiedad privada\",\"datePublished\":\"2021-02-01T07:00:29+00:00\",\"mainEntityOfPage\":{\"@id\":\"https:\\\/\\\/www.caudete.org\\\/ayuntamiento\\\/adquirida-la-parcela-del-actual-pozo-que-por-error-se-ejecuto-en-2007-en-propiedad-privada\\\/\"},\"wordCount\":580,\"publisher\":{\"@id\":\"https:\\\/\\\/www.caudete.org\\\/ayuntamiento\\\/#organization\"},\"image\":{\"@id\":\"https:\\\/\\\/www.caudete.org\\\/ayuntamiento\\\/adquirida-la-parcela-del-actual-pozo-que-por-error-se-ejecuto-en-2007-en-propiedad-privada\\\/#primaryimage\"},\"thumbnailUrl\":\"https:\\\/\\\/www.caudete.org\\\/ayuntamiento\\\/wp-content\\\/uploads\\\/2021\\\/01\\\/IMG_0084.jpg\",\"keywords\":[\"agua potable\",\"canal de la huerta\",\"pozo\",\"sentencia\"],\"articleSection\":[\"Ciclo Integral del Agua\"],\"inLanguage\":\"es\"},{\"@type\":\"WebPage\",\"@id\":\"https:\\\/\\\/www.caudete.org\\\/ayuntamiento\\\/adquirida-la-parcela-del-actual-pozo-que-por-error-se-ejecuto-en-2007-en-propiedad-privada\\\/\",\"url\":\"https:\\\/\\\/www.caudete.org\\\/ayuntamiento\\\/adquirida-la-parcela-del-actual-pozo-que-por-error-se-ejecuto-en-2007-en-propiedad-privada\\\/\",\"name\":\"Adquirida la parcela del actual POZO que por \\\"error\\\" se ejecut\u00f3 en 2007 en propiedad privada - MI Ayuntamiento de Caudete\",\"isPartOf\":{\"@id\":\"https:\\\/\\\/www.caudete.org\\\/ayuntamiento\\\/#website\"},\"primaryImageOfPage\":{\"@id\":\"https:\\\/\\\/www.caudete.org\\\/ayuntamiento\\\/adquirida-la-parcela-del-actual-pozo-que-por-error-se-ejecuto-en-2007-en-propiedad-privada\\\/#primaryimage\"},\"image\":{\"@id\":\"https:\\\/\\\/www.caudete.org\\\/ayuntamiento\\\/adquirida-la-parcela-del-actual-pozo-que-por-error-se-ejecuto-en-2007-en-propiedad-privada\\\/#primaryimage\"},\"thumbnailUrl\":\"https:\\\/\\\/www.caudete.org\\\/ayuntamiento\\\/wp-content\\\/uploads\\\/2021\\\/01\\\/IMG_0084.jpg\",\"datePublished\":\"2021-02-01T07:00:29+00:00\",\"description\":\"P\u00e1gina Oficial del Ayuntamiento de Caudete (Albacete)\",\"breadcrumb\":{\"@id\":\"https:\\\/\\\/www.caudete.org\\\/ayuntamiento\\\/adquirida-la-parcela-del-actual-pozo-que-por-error-se-ejecuto-en-2007-en-propiedad-privada\\\/#breadcrumb\"},\"inLanguage\":\"es\",\"potentialAction\":[{\"@type\":\"ReadAction\",\"target\":[\"https:\\\/\\\/www.caudete.org\\\/ayuntamiento\\\/adquirida-la-parcela-del-actual-pozo-que-por-error-se-ejecuto-en-2007-en-propiedad-privada\\\/\"]}]},{\"@type\":\"ImageObject\",\"inLanguage\":\"es\",\"@id\":\"https:\\\/\\\/www.caudete.org\\\/ayuntamiento\\\/adquirida-la-parcela-del-actual-pozo-que-por-error-se-ejecuto-en-2007-en-propiedad-privada\\\/#primaryimage\",\"url\":\"https:\\\/\\\/www.caudete.org\\\/ayuntamiento\\\/wp-content\\\/uploads\\\/2021\\\/01\\\/IMG_0084.jpg\",\"contentUrl\":\"https:\\\/\\\/www.caudete.org\\\/ayuntamiento\\\/wp-content\\\/uploads\\\/2021\\\/01\\\/IMG_0084.jpg\",\"width\":2048,\"height\":1365},{\"@type\":\"BreadcrumbList\",\"@id\":\"https:\\\/\\\/www.caudete.org\\\/ayuntamiento\\\/adquirida-la-parcela-del-actual-pozo-que-por-error-se-ejecuto-en-2007-en-propiedad-privada\\\/#breadcrumb\",\"itemListElement\":[{\"@type\":\"ListItem\",\"position\":1,\"name\":\"Inicio\",\"item\":\"https:\\\/\\\/www.caudete.org\\\/ayuntamiento\\\/\"},{\"@type\":\"ListItem\",\"position\":2,\"name\":\"Adquirida la parcela del actual POZO que por &#8220;error&#8221; se ejecut\u00f3 en 2007 en propiedad privada\"}]},{\"@type\":\"WebSite\",\"@id\":\"https:\\\/\\\/www.caudete.org\\\/ayuntamiento\\\/#website\",\"url\":\"https:\\\/\\\/www.caudete.org\\\/ayuntamiento\\\/\",\"name\":\"MI Ayuntamiento de Caudete\",\"description\":\"P\u00e1gina Oficial del MI Ayuntamiento de Caudete\",\"publisher\":{\"@id\":\"https:\\\/\\\/www.caudete.org\\\/ayuntamiento\\\/#organization\"},\"potentialAction\":[{\"@type\":\"SearchAction\",\"target\":{\"@type\":\"EntryPoint\",\"urlTemplate\":\"https:\\\/\\\/www.caudete.org\\\/ayuntamiento\\\/?s={search_term_string}\"},\"query-input\":{\"@type\":\"PropertyValueSpecification\",\"valueRequired\":true,\"valueName\":\"search_term_string\"}}],\"inLanguage\":\"es\"},{\"@type\":\"Organization\",\"@id\":\"https:\\\/\\\/www.caudete.org\\\/ayuntamiento\\\/#organization\",\"name\":\"Ayuntamiento de Caudete\",\"url\":\"https:\\\/\\\/www.caudete.org\\\/ayuntamiento\\\/\",\"logo\":{\"@type\":\"ImageObject\",\"inLanguage\":\"es\",\"@id\":\"https:\\\/\\\/www.caudete.org\\\/ayuntamiento\\\/#\\\/schema\\\/logo\\\/image\\\/\",\"url\":\"https:\\\/\\\/www.caudete.org\\\/ayuntamiento\\\/wp-content\\\/uploads\\\/2020\\\/11\\\/logo_ayuntamiento_caudete.jpg\",\"contentUrl\":\"https:\\\/\\\/www.caudete.org\\\/ayuntamiento\\\/wp-content\\\/uploads\\\/2020\\\/11\\\/logo_ayuntamiento_caudete.jpg\",\"width\":600,\"height\":150,\"caption\":\"Ayuntamiento de Caudete\"},\"image\":{\"@id\":\"https:\\\/\\\/www.caudete.org\\\/ayuntamiento\\\/#\\\/schema\\\/logo\\\/image\\\/\"},\"sameAs\":[\"https:\\\/\\\/www.facebook.com\\\/ayuntamientocaudete\\\/\",\"https:\\\/\\\/www.youtube.com\\\/channel\\\/UC6VztHaooNsGpw-tNoBEFnQ\"]},{\"@type\":\"Person\",\"@id\":\"https:\\\/\\\/www.caudete.org\\\/ayuntamiento\\\/#\\\/schema\\\/person\\\/cc646da9133078ee4d8dd47457947253\",\"name\":\"alcalde\",\"image\":{\"@type\":\"ImageObject\",\"inLanguage\":\"es\",\"@id\":\"https:\\\/\\\/secure.gravatar.com\\\/avatar\\\/84a817ba065b29ff08d666b215a215f5c79186a645ccb25b14a663d48a130f77?s=96&d=mm&r=g\",\"url\":\"https:\\\/\\\/secure.gravatar.com\\\/avatar\\\/84a817ba065b29ff08d666b215a215f5c79186a645ccb25b14a663d48a130f77?s=96&d=mm&r=g\",\"contentUrl\":\"https:\\\/\\\/secure.gravatar.com\\\/avatar\\\/84a817ba065b29ff08d666b215a215f5c79186a645ccb25b14a663d48a130f77?s=96&d=mm&r=g\",\"caption\":\"alcalde\"},\"url\":\"https:\\\/\\\/www.caudete.org\\\/ayuntamiento\\\/author\\\/alcalde\\\/\"}]}<\/script>\n<!-- \/ Yoast SEO plugin. -->","yoast_head_json":{"title":"Adquirida la parcela del actual POZO que por \"error\" se ejecut\u00f3 en 2007 en propiedad privada - MI Ayuntamiento de Caudete","description":"P\u00e1gina Oficial del Ayuntamiento de Caudete (Albacete)","robots":{"index":"index","follow":"follow","max-snippet":"max-snippet:-1","max-image-preview":"max-image-preview:large","max-video-preview":"max-video-preview:-1"},"canonical":"https:\/\/www.caudete.org\/ayuntamiento\/adquirida-la-parcela-del-actual-pozo-que-por-error-se-ejecuto-en-2007-en-propiedad-privada\/","og_locale":"es_ES","og_type":"article","og_title":"Adquirida la parcela del actual POZO que por \"error\" se ejecut\u00f3 en 2007 en propiedad privada - MI Ayuntamiento de Caudete","og_description":"P\u00e1gina Oficial del Ayuntamiento de Caudete (Albacete)","og_url":"https:\/\/www.caudete.org\/ayuntamiento\/adquirida-la-parcela-del-actual-pozo-que-por-error-se-ejecuto-en-2007-en-propiedad-privada\/","og_site_name":"MI Ayuntamiento de Caudete","article_publisher":"https:\/\/www.facebook.com\/ayuntamientocaudete\/","article_published_time":"2021-02-01T07:00:29+00:00","og_image":[{"width":2048,"height":1365,"url":"https:\/\/www.caudete.org\/ayuntamiento\/wp-content\/uploads\/2021\/01\/IMG_0084.jpg","type":"image\/jpeg"}],"author":"alcalde","twitter_card":"summary_large_image","twitter_misc":{"Escrito por":"alcalde","Tiempo de lectura":"3 minutos"},"schema":{"@context":"https:\/\/schema.org","@graph":[{"@type":"Article","@id":"https:\/\/www.caudete.org\/ayuntamiento\/adquirida-la-parcela-del-actual-pozo-que-por-error-se-ejecuto-en-2007-en-propiedad-privada\/#article","isPartOf":{"@id":"https:\/\/www.caudete.org\/ayuntamiento\/adquirida-la-parcela-del-actual-pozo-que-por-error-se-ejecuto-en-2007-en-propiedad-privada\/"},"author":{"name":"alcalde","@id":"https:\/\/www.caudete.org\/ayuntamiento\/#\/schema\/person\/cc646da9133078ee4d8dd47457947253"},"headline":"Adquirida la parcela del actual POZO que por &#8220;error&#8221; se ejecut\u00f3 en 2007 en propiedad privada","datePublished":"2021-02-01T07:00:29+00:00","mainEntityOfPage":{"@id":"https:\/\/www.caudete.org\/ayuntamiento\/adquirida-la-parcela-del-actual-pozo-que-por-error-se-ejecuto-en-2007-en-propiedad-privada\/"},"wordCount":580,"publisher":{"@id":"https:\/\/www.caudete.org\/ayuntamiento\/#organization"},"image":{"@id":"https:\/\/www.caudete.org\/ayuntamiento\/adquirida-la-parcela-del-actual-pozo-que-por-error-se-ejecuto-en-2007-en-propiedad-privada\/#primaryimage"},"thumbnailUrl":"https:\/\/www.caudete.org\/ayuntamiento\/wp-content\/uploads\/2021\/01\/IMG_0084.jpg","keywords":["agua potable","canal de la huerta","pozo","sentencia"],"articleSection":["Ciclo Integral del Agua"],"inLanguage":"es"},{"@type":"WebPage","@id":"https:\/\/www.caudete.org\/ayuntamiento\/adquirida-la-parcela-del-actual-pozo-que-por-error-se-ejecuto-en-2007-en-propiedad-privada\/","url":"https:\/\/www.caudete.org\/ayuntamiento\/adquirida-la-parcela-del-actual-pozo-que-por-error-se-ejecuto-en-2007-en-propiedad-privada\/","name":"Adquirida la parcela del actual POZO que por \"error\" se ejecut\u00f3 en 2007 en propiedad privada - MI Ayuntamiento de Caudete","isPartOf":{"@id":"https:\/\/www.caudete.org\/ayuntamiento\/#website"},"primaryImageOfPage":{"@id":"https:\/\/www.caudete.org\/ayuntamiento\/adquirida-la-parcela-del-actual-pozo-que-por-error-se-ejecuto-en-2007-en-propiedad-privada\/#primaryimage"},"image":{"@id":"https:\/\/www.caudete.org\/ayuntamiento\/adquirida-la-parcela-del-actual-pozo-que-por-error-se-ejecuto-en-2007-en-propiedad-privada\/#primaryimage"},"thumbnailUrl":"https:\/\/www.caudete.org\/ayuntamiento\/wp-content\/uploads\/2021\/01\/IMG_0084.jpg","datePublished":"2021-02-01T07:00:29+00:00","description":"P\u00e1gina Oficial del Ayuntamiento de Caudete (Albacete)","breadcrumb":{"@id":"https:\/\/www.caudete.org\/ayuntamiento\/adquirida-la-parcela-del-actual-pozo-que-por-error-se-ejecuto-en-2007-en-propiedad-privada\/#breadcrumb"},"inLanguage":"es","potentialAction":[{"@type":"ReadAction","target":["https:\/\/www.caudete.org\/ayuntamiento\/adquirida-la-parcela-del-actual-pozo-que-por-error-se-ejecuto-en-2007-en-propiedad-privada\/"]}]},{"@type":"ImageObject","inLanguage":"es","@id":"https:\/\/www.caudete.org\/ayuntamiento\/adquirida-la-parcela-del-actual-pozo-que-por-error-se-ejecuto-en-2007-en-propiedad-privada\/#primaryimage","url":"https:\/\/www.caudete.org\/ayuntamiento\/wp-content\/uploads\/2021\/01\/IMG_0084.jpg","contentUrl":"https:\/\/www.caudete.org\/ayuntamiento\/wp-content\/uploads\/2021\/01\/IMG_0084.jpg","width":2048,"height":1365},{"@type":"BreadcrumbList","@id":"https:\/\/www.caudete.org\/ayuntamiento\/adquirida-la-parcela-del-actual-pozo-que-por-error-se-ejecuto-en-2007-en-propiedad-privada\/#breadcrumb","itemListElement":[{"@type":"ListItem","position":1,"name":"Inicio","item":"https:\/\/www.caudete.org\/ayuntamiento\/"},{"@type":"ListItem","position":2,"name":"Adquirida la parcela del actual POZO que por &#8220;error&#8221; se ejecut\u00f3 en 2007 en propiedad privada"}]},{"@type":"WebSite","@id":"https:\/\/www.caudete.org\/ayuntamiento\/#website","url":"https:\/\/www.caudete.org\/ayuntamiento\/","name":"MI Ayuntamiento de Caudete","description":"P\u00e1gina Oficial del MI Ayuntamiento de Caudete","publisher":{"@id":"https:\/\/www.caudete.org\/ayuntamiento\/#organization"},"potentialAction":[{"@type":"SearchAction","target":{"@type":"EntryPoint","urlTemplate":"https:\/\/www.caudete.org\/ayuntamiento\/?s={search_term_string}"},"query-input":{"@type":"PropertyValueSpecification","valueRequired":true,"valueName":"search_term_string"}}],"inLanguage":"es"},{"@type":"Organization","@id":"https:\/\/www.caudete.org\/ayuntamiento\/#organization","name":"Ayuntamiento de Caudete","url":"https:\/\/www.caudete.org\/ayuntamiento\/","logo":{"@type":"ImageObject","inLanguage":"es","@id":"https:\/\/www.caudete.org\/ayuntamiento\/#\/schema\/logo\/image\/","url":"https:\/\/www.caudete.org\/ayuntamiento\/wp-content\/uploads\/2020\/11\/logo_ayuntamiento_caudete.jpg","contentUrl":"https:\/\/www.caudete.org\/ayuntamiento\/wp-content\/uploads\/2020\/11\/logo_ayuntamiento_caudete.jpg","width":600,"height":150,"caption":"Ayuntamiento de Caudete"},"image":{"@id":"https:\/\/www.caudete.org\/ayuntamiento\/#\/schema\/logo\/image\/"},"sameAs":["https:\/\/www.facebook.com\/ayuntamientocaudete\/","https:\/\/www.youtube.com\/channel\/UC6VztHaooNsGpw-tNoBEFnQ"]},{"@type":"Person","@id":"https:\/\/www.caudete.org\/ayuntamiento\/#\/schema\/person\/cc646da9133078ee4d8dd47457947253","name":"alcalde","image":{"@type":"ImageObject","inLanguage":"es","@id":"https:\/\/secure.gravatar.com\/avatar\/84a817ba065b29ff08d666b215a215f5c79186a645ccb25b14a663d48a130f77?s=96&d=mm&r=g","url":"https:\/\/secure.gravatar.com\/avatar\/84a817ba065b29ff08d666b215a215f5c79186a645ccb25b14a663d48a130f77?s=96&d=mm&r=g","contentUrl":"https:\/\/secure.gravatar.com\/avatar\/84a817ba065b29ff08d666b215a215f5c79186a645ccb25b14a663d48a130f77?s=96&d=mm&r=g","caption":"alcalde"},"url":"https:\/\/www.caudete.org\/ayuntamiento\/author\/alcalde\/"}]}},"_links":{"self":[{"href":"https:\/\/www.caudete.org\/ayuntamiento\/wp-json\/wp\/v2\/posts\/11892","targetHints":{"allow":["GET"]}}],"collection":[{"href":"https:\/\/www.caudete.org\/ayuntamiento\/wp-json\/wp\/v2\/posts"}],"about":[{"href":"https:\/\/www.caudete.org\/ayuntamiento\/wp-json\/wp\/v2\/types\/post"}],"author":[{"embeddable":true,"href":"https:\/\/www.caudete.org\/ayuntamiento\/wp-json\/wp\/v2\/users\/3"}],"replies":[{"embeddable":true,"href":"https:\/\/www.caudete.org\/ayuntamiento\/wp-json\/wp\/v2\/comments?post=11892"}],"version-history":[{"count":3,"href":"https:\/\/www.caudete.org\/ayuntamiento\/wp-json\/wp\/v2\/posts\/11892\/revisions"}],"predecessor-version":[{"id":11895,"href":"https:\/\/www.caudete.org\/ayuntamiento\/wp-json\/wp\/v2\/posts\/11892\/revisions\/11895"}],"wp:featuredmedia":[{"embeddable":true,"href":"https:\/\/www.caudete.org\/ayuntamiento\/wp-json\/wp\/v2\/media\/11872"}],"wp:attachment":[{"href":"https:\/\/www.caudete.org\/ayuntamiento\/wp-json\/wp\/v2\/media?parent=11892"}],"wp:term":[{"taxonomy":"category","embeddable":true,"href":"https:\/\/www.caudete.org\/ayuntamiento\/wp-json\/wp\/v2\/categories?post=11892"},{"taxonomy":"post_tag","embeddable":true,"href":"https:\/\/www.caudete.org\/ayuntamiento\/wp-json\/wp\/v2\/tags?post=11892"}],"curies":[{"name":"wp","href":"https:\/\/api.w.org\/{rel}","templated":true}]}}