{"id":11896,"date":"2021-02-01T10:00:54","date_gmt":"2021-02-01T09:00:54","guid":{"rendered":"https:\/\/www.caudete.org\/ayuntamiento\/?p=11896"},"modified":"2021-02-01T10:10:17","modified_gmt":"2021-02-01T09:10:17","slug":"2020-cierra-con-89-inhumaciones-la-menor-cifra-en-3-anos","status":"publish","type":"post","link":"https:\/\/www.caudete.org\/ayuntamiento\/2020-cierra-con-89-inhumaciones-la-menor-cifra-en-3-anos\/","title":{"rendered":"2020 cierra con 89 inhumaciones, la menor cifra en 3 a\u00f1os"},"content":{"rendered":"<p style=\"text-align: justify;\">Esta ma\u00f1ana el Alcalde, y a su vez, Concejal de Cementerio, daba a conocer un resumen de la estad\u00edstica de gesti\u00f3n del a\u00f1o 2020 realizada por el Departamento de Cementerio. Aprovechaba para realizar comparativas desde el a\u00f1o 2018, momento en el cual la actual Ordenanza Reguladora del recinto establece la ejecuci\u00f3n de estad\u00edsticas trimestrales y anuales.<\/p>\n<p style=\"text-align: justify;\">Con los datos obrantes, 2020 ha cerrado con un total de 89 inhumaciones, frente a las 97 de 2019 o las 111 de 2018. Por tanto, a pesar de la Pandemia y los fallecimientos ocasionados en la localidad (11 en total), resalta la tendencia descendente que puede darse tras el pico de 2018. En cuanto al g\u00e9nero, se producen una media de 6 defunciones m\u00e1s en hombres que en mujeres (a excepci\u00f3n de 2018, que dicha diferencia se produjo justo al rev\u00e9s).<\/p>\n<p style=\"text-align: justify;\">El descenso en inhumaciones contrasta con el incremento de cenizas a las que &#8220;<em>se dan sepultura<\/em>&#8220;, donde este a\u00f1o 2020 han llegado a ser un total de 10, siendo un total de 7 en 2018, y donde destaca 2019, a\u00f1o en el que no se produce inhumaci\u00f3n alguna de esta tipolog\u00eda.<\/p>\n<p style=\"text-align: justify;\">En cuanto a las unidades de enterramiento, se observan diferentes cuestiones:<\/p>\n<p style=\"text-align: justify;\">1\u00ba.- En 2020 se han producido 9 inhumaciones en Columbario, suponiendo un 10% del total. En 2018 se produce 1 (cabe destacar que fue la primera en producirse en estas <em>udes<\/em>), y ninguna en 2019.<\/p>\n<p style=\"text-align: justify;\">2\u00ba.- 12 inhumaciones se han producido en 2020 en Fosas y\/o Sepulturas, lo que supone un 13% del total, frente a las 15 de 2018 (15%) o 15 tambi\u00e9n de 2019 (14%).<\/p>\n<p>3\u00ba.- Las inhumaciones en Pante\u00f3n son relativamente escasas, siendo 2 en cada uno de los a\u00f1os citados (2020, 2019 y 2018).<\/p>\n<p style=\"text-align: justify;\">4\u00ba.- El pasado a\u00f1o 2020, se emplean 31 Nichos sin uso previo, frente a los 32 de 2019 o los 36 de 2018. Sin embargo, tras la aprobaci\u00f3n de la vigente Ordenanza Reguladora, se han otorgado la concesi\u00f3n de 6 Nichos para c\u00f3nyuge del finado en 2020, y 5 en 2019 (siendo \u00e9ste el momento en el que se comienzan a demandar a pesar de estar regulado desde 2018).<\/p>\n<p style=\"text-align: justify;\">En cuanto a la localizaci\u00f3n (parte antigua o nueva), se observa como en 2020 el 62% de las inhumaciones se han producido en la parte nueva, frente al 57% en 2019 o el 49% en 2018.<\/p>\n<p style=\"text-align: justify;\">Los servicios prestados por traslados de restos dentro del mismo Cementerio, realizados sin ocasi\u00f3n de un \u00f3bito han sido un total de 10 en 2020, en 2019 un total de 5 y 7 en 2018.<\/p>\n<p style=\"text-align: justify;\">Si nos referimos a las infraestructuras y medios puestos a disposici\u00f3n en 2020, cabe destacar lo siguiente:<\/p>\n<ul>\n<li style=\"text-align: justify;\">En 2020 se ha ejecutado la 2\u00aa mitad del Bloque 23, con 60 Nichos.<\/li>\n<li style=\"text-align: justify;\">Finalizaci\u00f3n de las obras de remodelaci\u00f3n de los ba\u00f1os para visitantes.<\/li>\n<li style=\"text-align: justify;\">Poda de palmeras de la parte nueva, y perfilado de cipreses exteriores, como es habitual cada cierto periodo.<\/li>\n<li style=\"text-align: justify;\">Se ha dotado con 2 nuevas escaleras de mano con ruedas para facilitar la limpieza de l\u00e1pidas o depositas flores, dando continuidad al plan de renovaci\u00f3n de medios iniciado en 2018.<\/li>\n<li style=\"text-align: justify;\">2 veleros se han adquirido para la Capilla, con el fin de facilitar la colocaci\u00f3n de velones y reducir riesgos.<\/li>\n<li style=\"text-align: justify;\">Colocaci\u00f3n de bancos en el camino de acceso y sistema de riego al arbolado de dicho margen, cuesti\u00f3n pendiente tras las obras de acerado realizadas en 2019.<\/li>\n<li style=\"text-align: justify;\">Se ha adquirido una parcela contigua, y expropiado otra, para poder llevar a cabo la ampliaci\u00f3n del recinto, proyecto en el que se lleva trabajando desde 2018.<\/li>\n<\/ul>\n<p style=\"text-align: justify;\">Por la situaci\u00f3n de Pandemia, las instalaciones estuvieron cerradas al p\u00fablico desde el 15 de Marzo y hasta el 5 de Junio, abri\u00e9ndose tan solo para Entierros. Tras su apertura, est\u00e1n presentes todas las medidas sanitarias implantadas, realiz\u00e1ndose un plan especial para la festividad de Todos Los Santos, en la que se pudo redistribuir las visitas a lo largo de la semana previa con las m\u00e1ximas garant\u00edas, y se suspendieron tanto el servicio de autob\u00fas para mayores, como la Misa de Difuntos o el Concierto-Homenaje &#8220;Recuerdo a los ausentes&#8221;.<\/p>\n","protected":false},"excerpt":{"rendered":"<p>Esta ma\u00f1ana el Alcalde, y a su vez, Concejal de Cementerio, daba a conocer un resumen de la estad\u00edstica de gesti\u00f3n del a\u00f1o 2020 realizada por el Departamento de Cementerio. Aprovechaba para realizar comparativas desde el a\u00f1o 2018, momento en el cual la actual Ordenanza Reguladora del recinto establece la ejecuci\u00f3n de estad\u00edsticas trimestrales y &hellip;<\/p>\n","protected":false},"author":3,"featured_media":11818,"comment_status":"closed","ping_status":"open","sticky":false,"template":"","format":"standard","meta":{"ngg_post_thumbnail":0,"footnotes":""},"categories":[30],"tags":[341,340,326,339],"class_list":["post-11896","post","type-post","status-publish","format-standard","has-post-thumbnail","hentry","category-cementerio","tag-341","tag-340","tag-326","tag-estadistica"],"yoast_head":"<!-- This site is optimized with the Yoast SEO plugin v27.4 - https:\/\/yoast.com\/product\/yoast-seo-wordpress\/ -->\n<title>2020 cierra con 89 inhumaciones, la menor cifra en 3 a\u00f1os - MI Ayuntamiento de Caudete<\/title>\n<meta name=\"description\" content=\"P\u00e1gina Oficial del Ayuntamiento de Caudete (Albacete)\" \/>\n<meta name=\"robots\" content=\"index, follow, max-snippet:-1, max-image-preview:large, max-video-preview:-1\" \/>\n<link rel=\"canonical\" href=\"https:\/\/www.caudete.org\/ayuntamiento\/2020-cierra-con-89-inhumaciones-la-menor-cifra-en-3-anos\/\" \/>\n<meta property=\"og:locale\" content=\"es_ES\" \/>\n<meta property=\"og:type\" content=\"article\" \/>\n<meta property=\"og:title\" content=\"2020 cierra con 89 inhumaciones, la menor cifra en 3 a\u00f1os - MI Ayuntamiento de Caudete\" \/>\n<meta property=\"og:description\" content=\"P\u00e1gina Oficial del Ayuntamiento de Caudete (Albacete)\" \/>\n<meta property=\"og:url\" content=\"https:\/\/www.caudete.org\/ayuntamiento\/2020-cierra-con-89-inhumaciones-la-menor-cifra-en-3-anos\/\" \/>\n<meta property=\"og:site_name\" content=\"MI Ayuntamiento de Caudete\" \/>\n<meta property=\"article:publisher\" content=\"https:\/\/www.facebook.com\/ayuntamientocaudete\/\" \/>\n<meta property=\"article:published_time\" content=\"2021-02-01T09:00:54+00:00\" \/>\n<meta property=\"article:modified_time\" content=\"2021-02-01T09:10:17+00:00\" \/>\n<meta property=\"og:image\" content=\"https:\/\/www.caudete.org\/ayuntamiento\/wp-content\/uploads\/2021\/01\/cementerio_trasera_caudete.jpg\" \/>\n\t<meta property=\"og:image:width\" content=\"800\" \/>\n\t<meta property=\"og:image:height\" content=\"533\" \/>\n\t<meta property=\"og:image:type\" content=\"image\/jpeg\" \/>\n<meta name=\"author\" content=\"alcalde\" \/>\n<meta name=\"twitter:card\" content=\"summary_large_image\" \/>\n<meta name=\"twitter:label1\" content=\"Escrito por\" \/>\n\t<meta name=\"twitter:data1\" content=\"alcalde\" \/>\n\t<meta name=\"twitter:label2\" content=\"Tiempo de lectura\" \/>\n\t<meta name=\"twitter:data2\" content=\"3 minutos\" \/>\n<script type=\"application\/ld+json\" class=\"yoast-schema-graph\">{\"@context\":\"https:\\\/\\\/schema.org\",\"@graph\":[{\"@type\":\"Article\",\"@id\":\"https:\\\/\\\/www.caudete.org\\\/ayuntamiento\\\/2020-cierra-con-89-inhumaciones-la-menor-cifra-en-3-anos\\\/#article\",\"isPartOf\":{\"@id\":\"https:\\\/\\\/www.caudete.org\\\/ayuntamiento\\\/2020-cierra-con-89-inhumaciones-la-menor-cifra-en-3-anos\\\/\"},\"author\":{\"name\":\"alcalde\",\"@id\":\"https:\\\/\\\/www.caudete.org\\\/ayuntamiento\\\/#\\\/schema\\\/person\\\/cc646da9133078ee4d8dd47457947253\"},\"headline\":\"2020 cierra con 89 inhumaciones, la menor cifra en 3 a\u00f1os\",\"datePublished\":\"2021-02-01T09:00:54+00:00\",\"dateModified\":\"2021-02-01T09:10:17+00:00\",\"mainEntityOfPage\":{\"@id\":\"https:\\\/\\\/www.caudete.org\\\/ayuntamiento\\\/2020-cierra-con-89-inhumaciones-la-menor-cifra-en-3-anos\\\/\"},\"wordCount\":663,\"publisher\":{\"@id\":\"https:\\\/\\\/www.caudete.org\\\/ayuntamiento\\\/#organization\"},\"image\":{\"@id\":\"https:\\\/\\\/www.caudete.org\\\/ayuntamiento\\\/2020-cierra-con-89-inhumaciones-la-menor-cifra-en-3-anos\\\/#primaryimage\"},\"thumbnailUrl\":\"https:\\\/\\\/www.caudete.org\\\/ayuntamiento\\\/wp-content\\\/uploads\\\/2021\\\/01\\\/cementerio_trasera_caudete.jpg\",\"keywords\":[\"2018\",\"2019\",\"2020\",\"estadistica\"],\"articleSection\":[\"Cementerio\"],\"inLanguage\":\"es\"},{\"@type\":\"WebPage\",\"@id\":\"https:\\\/\\\/www.caudete.org\\\/ayuntamiento\\\/2020-cierra-con-89-inhumaciones-la-menor-cifra-en-3-anos\\\/\",\"url\":\"https:\\\/\\\/www.caudete.org\\\/ayuntamiento\\\/2020-cierra-con-89-inhumaciones-la-menor-cifra-en-3-anos\\\/\",\"name\":\"2020 cierra con 89 inhumaciones, la menor cifra en 3 a\u00f1os - MI Ayuntamiento de Caudete\",\"isPartOf\":{\"@id\":\"https:\\\/\\\/www.caudete.org\\\/ayuntamiento\\\/#website\"},\"primaryImageOfPage\":{\"@id\":\"https:\\\/\\\/www.caudete.org\\\/ayuntamiento\\\/2020-cierra-con-89-inhumaciones-la-menor-cifra-en-3-anos\\\/#primaryimage\"},\"image\":{\"@id\":\"https:\\\/\\\/www.caudete.org\\\/ayuntamiento\\\/2020-cierra-con-89-inhumaciones-la-menor-cifra-en-3-anos\\\/#primaryimage\"},\"thumbnailUrl\":\"https:\\\/\\\/www.caudete.org\\\/ayuntamiento\\\/wp-content\\\/uploads\\\/2021\\\/01\\\/cementerio_trasera_caudete.jpg\",\"datePublished\":\"2021-02-01T09:00:54+00:00\",\"dateModified\":\"2021-02-01T09:10:17+00:00\",\"description\":\"P\u00e1gina Oficial del Ayuntamiento de Caudete (Albacete)\",\"breadcrumb\":{\"@id\":\"https:\\\/\\\/www.caudete.org\\\/ayuntamiento\\\/2020-cierra-con-89-inhumaciones-la-menor-cifra-en-3-anos\\\/#breadcrumb\"},\"inLanguage\":\"es\",\"potentialAction\":[{\"@type\":\"ReadAction\",\"target\":[\"https:\\\/\\\/www.caudete.org\\\/ayuntamiento\\\/2020-cierra-con-89-inhumaciones-la-menor-cifra-en-3-anos\\\/\"]}]},{\"@type\":\"ImageObject\",\"inLanguage\":\"es\",\"@id\":\"https:\\\/\\\/www.caudete.org\\\/ayuntamiento\\\/2020-cierra-con-89-inhumaciones-la-menor-cifra-en-3-anos\\\/#primaryimage\",\"url\":\"https:\\\/\\\/www.caudete.org\\\/ayuntamiento\\\/wp-content\\\/uploads\\\/2021\\\/01\\\/cementerio_trasera_caudete.jpg\",\"contentUrl\":\"https:\\\/\\\/www.caudete.org\\\/ayuntamiento\\\/wp-content\\\/uploads\\\/2021\\\/01\\\/cementerio_trasera_caudete.jpg\",\"width\":800,\"height\":533},{\"@type\":\"BreadcrumbList\",\"@id\":\"https:\\\/\\\/www.caudete.org\\\/ayuntamiento\\\/2020-cierra-con-89-inhumaciones-la-menor-cifra-en-3-anos\\\/#breadcrumb\",\"itemListElement\":[{\"@type\":\"ListItem\",\"position\":1,\"name\":\"Inicio\",\"item\":\"https:\\\/\\\/www.caudete.org\\\/ayuntamiento\\\/\"},{\"@type\":\"ListItem\",\"position\":2,\"name\":\"2020 cierra con 89 inhumaciones, la menor cifra en 3 a\u00f1os\"}]},{\"@type\":\"WebSite\",\"@id\":\"https:\\\/\\\/www.caudete.org\\\/ayuntamiento\\\/#website\",\"url\":\"https:\\\/\\\/www.caudete.org\\\/ayuntamiento\\\/\",\"name\":\"MI Ayuntamiento de Caudete\",\"description\":\"P\u00e1gina Oficial del MI Ayuntamiento de Caudete\",\"publisher\":{\"@id\":\"https:\\\/\\\/www.caudete.org\\\/ayuntamiento\\\/#organization\"},\"potentialAction\":[{\"@type\":\"SearchAction\",\"target\":{\"@type\":\"EntryPoint\",\"urlTemplate\":\"https:\\\/\\\/www.caudete.org\\\/ayuntamiento\\\/?s={search_term_string}\"},\"query-input\":{\"@type\":\"PropertyValueSpecification\",\"valueRequired\":true,\"valueName\":\"search_term_string\"}}],\"inLanguage\":\"es\"},{\"@type\":\"Organization\",\"@id\":\"https:\\\/\\\/www.caudete.org\\\/ayuntamiento\\\/#organization\",\"name\":\"Ayuntamiento de Caudete\",\"url\":\"https:\\\/\\\/www.caudete.org\\\/ayuntamiento\\\/\",\"logo\":{\"@type\":\"ImageObject\",\"inLanguage\":\"es\",\"@id\":\"https:\\\/\\\/www.caudete.org\\\/ayuntamiento\\\/#\\\/schema\\\/logo\\\/image\\\/\",\"url\":\"https:\\\/\\\/www.caudete.org\\\/ayuntamiento\\\/wp-content\\\/uploads\\\/2020\\\/11\\\/logo_ayuntamiento_caudete.jpg\",\"contentUrl\":\"https:\\\/\\\/www.caudete.org\\\/ayuntamiento\\\/wp-content\\\/uploads\\\/2020\\\/11\\\/logo_ayuntamiento_caudete.jpg\",\"width\":600,\"height\":150,\"caption\":\"Ayuntamiento de Caudete\"},\"image\":{\"@id\":\"https:\\\/\\\/www.caudete.org\\\/ayuntamiento\\\/#\\\/schema\\\/logo\\\/image\\\/\"},\"sameAs\":[\"https:\\\/\\\/www.facebook.com\\\/ayuntamientocaudete\\\/\",\"https:\\\/\\\/www.youtube.com\\\/channel\\\/UC6VztHaooNsGpw-tNoBEFnQ\"]},{\"@type\":\"Person\",\"@id\":\"https:\\\/\\\/www.caudete.org\\\/ayuntamiento\\\/#\\\/schema\\\/person\\\/cc646da9133078ee4d8dd47457947253\",\"name\":\"alcalde\",\"image\":{\"@type\":\"ImageObject\",\"inLanguage\":\"es\",\"@id\":\"https:\\\/\\\/secure.gravatar.com\\\/avatar\\\/84a817ba065b29ff08d666b215a215f5c79186a645ccb25b14a663d48a130f77?s=96&d=mm&r=g\",\"url\":\"https:\\\/\\\/secure.gravatar.com\\\/avatar\\\/84a817ba065b29ff08d666b215a215f5c79186a645ccb25b14a663d48a130f77?s=96&d=mm&r=g\",\"contentUrl\":\"https:\\\/\\\/secure.gravatar.com\\\/avatar\\\/84a817ba065b29ff08d666b215a215f5c79186a645ccb25b14a663d48a130f77?s=96&d=mm&r=g\",\"caption\":\"alcalde\"},\"url\":\"https:\\\/\\\/www.caudete.org\\\/ayuntamiento\\\/author\\\/alcalde\\\/\"}]}<\/script>\n<!-- \/ Yoast SEO plugin. -->","yoast_head_json":{"title":"2020 cierra con 89 inhumaciones, la menor cifra en 3 a\u00f1os - MI Ayuntamiento de Caudete","description":"P\u00e1gina Oficial del Ayuntamiento de Caudete (Albacete)","robots":{"index":"index","follow":"follow","max-snippet":"max-snippet:-1","max-image-preview":"max-image-preview:large","max-video-preview":"max-video-preview:-1"},"canonical":"https:\/\/www.caudete.org\/ayuntamiento\/2020-cierra-con-89-inhumaciones-la-menor-cifra-en-3-anos\/","og_locale":"es_ES","og_type":"article","og_title":"2020 cierra con 89 inhumaciones, la menor cifra en 3 a\u00f1os - MI Ayuntamiento de Caudete","og_description":"P\u00e1gina Oficial del Ayuntamiento de Caudete (Albacete)","og_url":"https:\/\/www.caudete.org\/ayuntamiento\/2020-cierra-con-89-inhumaciones-la-menor-cifra-en-3-anos\/","og_site_name":"MI Ayuntamiento de Caudete","article_publisher":"https:\/\/www.facebook.com\/ayuntamientocaudete\/","article_published_time":"2021-02-01T09:00:54+00:00","article_modified_time":"2021-02-01T09:10:17+00:00","og_image":[{"width":800,"height":533,"url":"https:\/\/www.caudete.org\/ayuntamiento\/wp-content\/uploads\/2021\/01\/cementerio_trasera_caudete.jpg","type":"image\/jpeg"}],"author":"alcalde","twitter_card":"summary_large_image","twitter_misc":{"Escrito por":"alcalde","Tiempo de lectura":"3 minutos"},"schema":{"@context":"https:\/\/schema.org","@graph":[{"@type":"Article","@id":"https:\/\/www.caudete.org\/ayuntamiento\/2020-cierra-con-89-inhumaciones-la-menor-cifra-en-3-anos\/#article","isPartOf":{"@id":"https:\/\/www.caudete.org\/ayuntamiento\/2020-cierra-con-89-inhumaciones-la-menor-cifra-en-3-anos\/"},"author":{"name":"alcalde","@id":"https:\/\/www.caudete.org\/ayuntamiento\/#\/schema\/person\/cc646da9133078ee4d8dd47457947253"},"headline":"2020 cierra con 89 inhumaciones, la menor cifra en 3 a\u00f1os","datePublished":"2021-02-01T09:00:54+00:00","dateModified":"2021-02-01T09:10:17+00:00","mainEntityOfPage":{"@id":"https:\/\/www.caudete.org\/ayuntamiento\/2020-cierra-con-89-inhumaciones-la-menor-cifra-en-3-anos\/"},"wordCount":663,"publisher":{"@id":"https:\/\/www.caudete.org\/ayuntamiento\/#organization"},"image":{"@id":"https:\/\/www.caudete.org\/ayuntamiento\/2020-cierra-con-89-inhumaciones-la-menor-cifra-en-3-anos\/#primaryimage"},"thumbnailUrl":"https:\/\/www.caudete.org\/ayuntamiento\/wp-content\/uploads\/2021\/01\/cementerio_trasera_caudete.jpg","keywords":["2018","2019","2020","estadistica"],"articleSection":["Cementerio"],"inLanguage":"es"},{"@type":"WebPage","@id":"https:\/\/www.caudete.org\/ayuntamiento\/2020-cierra-con-89-inhumaciones-la-menor-cifra-en-3-anos\/","url":"https:\/\/www.caudete.org\/ayuntamiento\/2020-cierra-con-89-inhumaciones-la-menor-cifra-en-3-anos\/","name":"2020 cierra con 89 inhumaciones, la menor cifra en 3 a\u00f1os - MI Ayuntamiento de Caudete","isPartOf":{"@id":"https:\/\/www.caudete.org\/ayuntamiento\/#website"},"primaryImageOfPage":{"@id":"https:\/\/www.caudete.org\/ayuntamiento\/2020-cierra-con-89-inhumaciones-la-menor-cifra-en-3-anos\/#primaryimage"},"image":{"@id":"https:\/\/www.caudete.org\/ayuntamiento\/2020-cierra-con-89-inhumaciones-la-menor-cifra-en-3-anos\/#primaryimage"},"thumbnailUrl":"https:\/\/www.caudete.org\/ayuntamiento\/wp-content\/uploads\/2021\/01\/cementerio_trasera_caudete.jpg","datePublished":"2021-02-01T09:00:54+00:00","dateModified":"2021-02-01T09:10:17+00:00","description":"P\u00e1gina Oficial del Ayuntamiento de Caudete (Albacete)","breadcrumb":{"@id":"https:\/\/www.caudete.org\/ayuntamiento\/2020-cierra-con-89-inhumaciones-la-menor-cifra-en-3-anos\/#breadcrumb"},"inLanguage":"es","potentialAction":[{"@type":"ReadAction","target":["https:\/\/www.caudete.org\/ayuntamiento\/2020-cierra-con-89-inhumaciones-la-menor-cifra-en-3-anos\/"]}]},{"@type":"ImageObject","inLanguage":"es","@id":"https:\/\/www.caudete.org\/ayuntamiento\/2020-cierra-con-89-inhumaciones-la-menor-cifra-en-3-anos\/#primaryimage","url":"https:\/\/www.caudete.org\/ayuntamiento\/wp-content\/uploads\/2021\/01\/cementerio_trasera_caudete.jpg","contentUrl":"https:\/\/www.caudete.org\/ayuntamiento\/wp-content\/uploads\/2021\/01\/cementerio_trasera_caudete.jpg","width":800,"height":533},{"@type":"BreadcrumbList","@id":"https:\/\/www.caudete.org\/ayuntamiento\/2020-cierra-con-89-inhumaciones-la-menor-cifra-en-3-anos\/#breadcrumb","itemListElement":[{"@type":"ListItem","position":1,"name":"Inicio","item":"https:\/\/www.caudete.org\/ayuntamiento\/"},{"@type":"ListItem","position":2,"name":"2020 cierra con 89 inhumaciones, la menor cifra en 3 a\u00f1os"}]},{"@type":"WebSite","@id":"https:\/\/www.caudete.org\/ayuntamiento\/#website","url":"https:\/\/www.caudete.org\/ayuntamiento\/","name":"MI Ayuntamiento de Caudete","description":"P\u00e1gina Oficial del MI Ayuntamiento de Caudete","publisher":{"@id":"https:\/\/www.caudete.org\/ayuntamiento\/#organization"},"potentialAction":[{"@type":"SearchAction","target":{"@type":"EntryPoint","urlTemplate":"https:\/\/www.caudete.org\/ayuntamiento\/?s={search_term_string}"},"query-input":{"@type":"PropertyValueSpecification","valueRequired":true,"valueName":"search_term_string"}}],"inLanguage":"es"},{"@type":"Organization","@id":"https:\/\/www.caudete.org\/ayuntamiento\/#organization","name":"Ayuntamiento de Caudete","url":"https:\/\/www.caudete.org\/ayuntamiento\/","logo":{"@type":"ImageObject","inLanguage":"es","@id":"https:\/\/www.caudete.org\/ayuntamiento\/#\/schema\/logo\/image\/","url":"https:\/\/www.caudete.org\/ayuntamiento\/wp-content\/uploads\/2020\/11\/logo_ayuntamiento_caudete.jpg","contentUrl":"https:\/\/www.caudete.org\/ayuntamiento\/wp-content\/uploads\/2020\/11\/logo_ayuntamiento_caudete.jpg","width":600,"height":150,"caption":"Ayuntamiento de Caudete"},"image":{"@id":"https:\/\/www.caudete.org\/ayuntamiento\/#\/schema\/logo\/image\/"},"sameAs":["https:\/\/www.facebook.com\/ayuntamientocaudete\/","https:\/\/www.youtube.com\/channel\/UC6VztHaooNsGpw-tNoBEFnQ"]},{"@type":"Person","@id":"https:\/\/www.caudete.org\/ayuntamiento\/#\/schema\/person\/cc646da9133078ee4d8dd47457947253","name":"alcalde","image":{"@type":"ImageObject","inLanguage":"es","@id":"https:\/\/secure.gravatar.com\/avatar\/84a817ba065b29ff08d666b215a215f5c79186a645ccb25b14a663d48a130f77?s=96&d=mm&r=g","url":"https:\/\/secure.gravatar.com\/avatar\/84a817ba065b29ff08d666b215a215f5c79186a645ccb25b14a663d48a130f77?s=96&d=mm&r=g","contentUrl":"https:\/\/secure.gravatar.com\/avatar\/84a817ba065b29ff08d666b215a215f5c79186a645ccb25b14a663d48a130f77?s=96&d=mm&r=g","caption":"alcalde"},"url":"https:\/\/www.caudete.org\/ayuntamiento\/author\/alcalde\/"}]}},"_links":{"self":[{"href":"https:\/\/www.caudete.org\/ayuntamiento\/wp-json\/wp\/v2\/posts\/11896","targetHints":{"allow":["GET"]}}],"collection":[{"href":"https:\/\/www.caudete.org\/ayuntamiento\/wp-json\/wp\/v2\/posts"}],"about":[{"href":"https:\/\/www.caudete.org\/ayuntamiento\/wp-json\/wp\/v2\/types\/post"}],"author":[{"embeddable":true,"href":"https:\/\/www.caudete.org\/ayuntamiento\/wp-json\/wp\/v2\/users\/3"}],"replies":[{"embeddable":true,"href":"https:\/\/www.caudete.org\/ayuntamiento\/wp-json\/wp\/v2\/comments?post=11896"}],"version-history":[{"count":5,"href":"https:\/\/www.caudete.org\/ayuntamiento\/wp-json\/wp\/v2\/posts\/11896\/revisions"}],"predecessor-version":[{"id":11909,"href":"https:\/\/www.caudete.org\/ayuntamiento\/wp-json\/wp\/v2\/posts\/11896\/revisions\/11909"}],"wp:featuredmedia":[{"embeddable":true,"href":"https:\/\/www.caudete.org\/ayuntamiento\/wp-json\/wp\/v2\/media\/11818"}],"wp:attachment":[{"href":"https:\/\/www.caudete.org\/ayuntamiento\/wp-json\/wp\/v2\/media?parent=11896"}],"wp:term":[{"taxonomy":"category","embeddable":true,"href":"https:\/\/www.caudete.org\/ayuntamiento\/wp-json\/wp\/v2\/categories?post=11896"},{"taxonomy":"post_tag","embeddable":true,"href":"https:\/\/www.caudete.org\/ayuntamiento\/wp-json\/wp\/v2\/tags?post=11896"}],"curies":[{"name":"wp","href":"https:\/\/api.w.org\/{rel}","templated":true}]}}