{"id":11910,"date":"2021-02-01T10:26:55","date_gmt":"2021-02-01T09:26:55","guid":{"rendered":"https:\/\/www.caudete.org\/ayuntamiento\/?p=11910"},"modified":"2021-02-01T10:54:19","modified_gmt":"2021-02-01T09:54:19","slug":"curso-gratuito-para-jovenes-sobre-economia-verde-y-circular","status":"publish","type":"post","link":"https:\/\/www.caudete.org\/ayuntamiento\/curso-gratuito-para-jovenes-sobre-economia-verde-y-circular\/","title":{"rendered":"Curso gratuito para j\u00f3venes sobre Econom\u00eda Verde y Circular"},"content":{"rendered":"<p style=\"text-align: justify;\">La Concejal de Empleo y Formaci\u00f3n, M\u00aa del Mar Requena, informaba del Curso &#8220;Impulsor de la Econom\u00eda Verde y Circula&#8221; que en su 3\u00aa edici\u00f3n est\u00e1 dedicado a j\u00f3venes de entre 16 y 29 a\u00f1os, inscritos y beneficiarios en el Sistema Nacional de Garant\u00eda Juvenil en el momento de solicitar el programa.<\/p>\n<p style=\"text-align: justify;\">Cofinanciado por el Fondo Social Europeo y la Junta de Comunidades de Castilla La Mancha, en formato Online, el mismo dar\u00e1 comienzo el 22 de Febrero y se extender\u00e1 hasta el mes de Abril, teniendo una duraci\u00f3n de 178 horas lectivas + tutor\u00edas de proyecto y de empleabilidad, siendo el horario del mismo de lunes a viernes de 09.00h a 11.30 y de 12.00 a 14.30 horas (las tutor\u00edas se realizar\u00e1n por las tardes).<\/p>\n<p style=\"text-align: justify;\">La Edil animaba a los j\u00f3venes emprendedores, e interesados en cuestiones de \u00e1mbito medioambiental, a invertir su tiempo en formarse en esta materia tan necesaria en nuestros tiempos. As\u00ed pues, ha facilitado el enlace de inscripci\u00f3n\u00a0<a href=\"https:\/\/www.eoi.es\/es\/curso-de-impulsor-de-la-economia-verde-y-circular-presencial-virtual-online-castilla-la-mancha-3a-edicion\" target=\"_blank\" rel=\"nofollow\">https:\/\/www.eoi.es\/es\/curso-de-impulsor-de-la-economia-verde-y-circular-presencial-virtual-online-castilla-la-mancha-3a-edicion<\/a> y aprovecha para dar informaci\u00f3n de inter\u00e9s sobre el curso.<\/p>\n<p style=\"text-align: justify;\"><span style=\"text-decoration: underline;\"><strong>\u00bfQu\u00e9 objetivos tiene el curso de <em>Impulsor de la Econom\u00eda Verde y Circular<\/em>?<\/strong><\/span><\/p>\n<ul style=\"text-align: justify;\">\n<li>Formar a los participantes en sostenibilidad y EVC atendiendo a las exigencias y responsabilidades empresariales y de \u00e1reas de negocio.<\/li>\n<li>Conocer los m\u00e9todos de an\u00e1lisis de impactos medioambientales, sistemas y procedimientos en los que se basan los principios de la EVC<\/li>\n<li>Acercar las ventajas y beneficios de la EVC para la mejora de la competitividad empresarial.<\/li>\n<li>Informar y conocer normativa y tendencias legislativas europeas en el \u00e1mbito del medio ambiente, as\u00ed como los marcos estrat\u00e9gicos pol\u00edticos e institucionales que marcan la senda hacia un planeta sostenible.<\/li>\n<li>Generar conocimientos y habilidades en la identificaci\u00f3n, evaluaci\u00f3n y cumplimiento de requisitos legales relacionados con el medio ambiente.<\/li>\n<li>Analizar ejemplos de referencia en el campo de la EVC, su origen y repercusi\u00f3n en el medio ambiente y en la calidad de vida.<\/li>\n<li>Dotar de herramientas pr\u00e1cticas que permitan a los participantes actuar en la definici\u00f3n de estrategias en relaci\u00f3n con los nuevos esquemas de certificaci\u00f3n relacionados con la sostenibilidad y la EVC.<\/li>\n<li>Formar a los participantes en dise\u00f1o y desarrollo de productos y servicios hacia el residuo cero.<\/li>\n<li>Capacitar a los participantes en el desarrollo de proyectos de EVC dentro de subsectores estrat\u00e9gicos como el Pl\u00e1stico, las Energ\u00edas Renovables o del sector El\u00e9ctrico o Electr\u00f3nico aumentando las posibilidades de acceder al mercado de trabajo en \u00e1reas de mayor demanda laboral.<\/li>\n<li>Generar perfiles profesionales especializados en EVC como dise\u00f1adores circulares, ecodise\u00f1adores, t\u00e9cnicos de responsabilidad ambiental, verificadores ambientales, etc<\/li>\n<\/ul>\n<h3 style=\"text-align: justify;\"><strong><span style=\"text-decoration: underline; font-size: 12pt;\">\u00bfQu\u00e9 contenidos se van a desarrollar durante el curso?<\/span><\/strong><\/h3>\n<p style=\"text-align: justify;\">1.\u00a0\u00a0\u00a0 Principios y fundamentos de la Econom\u00eda Verde y Circular.<\/p>\n<p style=\"text-align: justify;\">2.\u00a0\u00a0\u00a0 Retos y Oportunidades. Los agentes de la Econom\u00eda Verde y Circular.<\/p>\n<p style=\"text-align: justify;\">3.\u00a0\u00a0\u00a0 Marco legal de la EVC.<\/p>\n<p style=\"text-align: justify;\">4.\u00a0\u00a0\u00a0 Econom\u00eda Circular en el sector de las Energ\u00edas Renovables.<\/p>\n<p style=\"text-align: justify;\">5.\u00a0\u00a0\u00a0 Ecodise\u00f1o.<\/p>\n<p style=\"text-align: justify;\">6.\u00a0\u00a0\u00a0 Lean Management para la reducci\u00f3n de residuos en las empresas.<\/p>\n<p style=\"text-align: justify;\">7.\u00a0\u00a0\u00a0 Econom\u00eda Circular en el sector del pl\u00e1stico.<\/p>\n<p style=\"text-align: justify;\">8.\u00a0\u00a0\u00a0 Ciudades circulares.<\/p>\n<p style=\"text-align: justify;\">9.\u00a0\u00a0\u00a0 An\u00e1lisis del Ciclo de Vida.<\/p>\n<p style=\"text-align: justify;\">10.\u00a0 Econom\u00eda Circular en el sector el\u00e9ctrico-electr\u00f3nico.<\/p>\n<p style=\"text-align: justify;\">11. Sector textil y moda.<\/p>\n<p style=\"text-align: justify;\">12. Nuevas \u00e1reas de negocio en ECV.<\/p>\n<p style=\"text-align: justify;\">13.\u00a0 Empleabilidad.<\/p>\n<p style=\"text-align: justify;\">14.\u00a0 Presentaci\u00f3n del proyecto.<\/p>\n<p>&nbsp;<\/p>\n","protected":false},"excerpt":{"rendered":"<p>La Concejal de Empleo y Formaci\u00f3n, M\u00aa del Mar Requena, informaba del Curso &#8220;Impulsor de la Econom\u00eda Verde y Circula&#8221; que en su 3\u00aa edici\u00f3n est\u00e1 dedicado a j\u00f3venes de entre 16 y 29 a\u00f1os, inscritos y beneficiarios en el Sistema Nacional de Garant\u00eda Juvenil en el momento de solicitar el programa. Cofinanciado por el &hellip;<\/p>\n","protected":false},"author":3,"featured_media":11911,"comment_status":"closed","ping_status":"open","sticky":false,"template":"","format":"standard","meta":{"ngg_post_thumbnail":0,"footnotes":""},"categories":[37],"tags":[283,345,346,343,347,344],"class_list":["post-11910","post","type-post","status-publish","format-standard","has-post-thumbnail","hentry","category-empleo-y-formacion","tag-cursos","tag-economia-circular","tag-economia-verde","tag-gratuito","tag-impulsor","tag-joven"],"yoast_head":"<!-- This site is optimized with the Yoast SEO plugin v27.5 - https:\/\/yoast.com\/product\/yoast-seo-wordpress\/ -->\n<title>Curso gratuito para j\u00f3venes sobre Econom\u00eda Verde y Circular - MI Ayuntamiento de Caudete<\/title>\n<meta name=\"description\" content=\"P\u00e1gina Oficial del Ayuntamiento de Caudete (Albacete)\" \/>\n<meta name=\"robots\" content=\"index, follow, max-snippet:-1, max-image-preview:large, max-video-preview:-1\" \/>\n<link rel=\"canonical\" href=\"https:\/\/www.caudete.org\/ayuntamiento\/curso-gratuito-para-jovenes-sobre-economia-verde-y-circular\/\" \/>\n<meta property=\"og:locale\" content=\"es_ES\" \/>\n<meta property=\"og:type\" content=\"article\" \/>\n<meta property=\"og:title\" content=\"Curso gratuito para j\u00f3venes sobre Econom\u00eda Verde y Circular - MI Ayuntamiento de Caudete\" \/>\n<meta property=\"og:description\" content=\"P\u00e1gina Oficial del Ayuntamiento de Caudete (Albacete)\" \/>\n<meta property=\"og:url\" content=\"https:\/\/www.caudete.org\/ayuntamiento\/curso-gratuito-para-jovenes-sobre-economia-verde-y-circular\/\" \/>\n<meta property=\"og:site_name\" content=\"MI Ayuntamiento de Caudete\" \/>\n<meta property=\"article:publisher\" content=\"https:\/\/www.facebook.com\/ayuntamientocaudete\/\" \/>\n<meta property=\"article:published_time\" content=\"2021-02-01T09:26:55+00:00\" \/>\n<meta property=\"article:modified_time\" content=\"2021-02-01T09:54:19+00:00\" \/>\n<meta property=\"og:image\" content=\"https:\/\/www.caudete.org\/ayuntamiento\/wp-content\/uploads\/2021\/02\/curso-online-economia-circular.jpg\" \/>\n\t<meta property=\"og:image:width\" content=\"1400\" \/>\n\t<meta property=\"og:image:height\" content=\"934\" \/>\n\t<meta property=\"og:image:type\" content=\"image\/jpeg\" \/>\n<meta name=\"author\" content=\"alcalde\" \/>\n<meta name=\"twitter:card\" content=\"summary_large_image\" \/>\n<meta name=\"twitter:label1\" content=\"Escrito por\" \/>\n\t<meta name=\"twitter:data1\" content=\"alcalde\" \/>\n\t<meta name=\"twitter:label2\" content=\"Tiempo de lectura\" \/>\n\t<meta name=\"twitter:data2\" content=\"3 minutos\" \/>\n<script type=\"application\/ld+json\" class=\"yoast-schema-graph\">{\"@context\":\"https:\\\/\\\/schema.org\",\"@graph\":[{\"@type\":\"Article\",\"@id\":\"https:\\\/\\\/www.caudete.org\\\/ayuntamiento\\\/curso-gratuito-para-jovenes-sobre-economia-verde-y-circular\\\/#article\",\"isPartOf\":{\"@id\":\"https:\\\/\\\/www.caudete.org\\\/ayuntamiento\\\/curso-gratuito-para-jovenes-sobre-economia-verde-y-circular\\\/\"},\"author\":{\"name\":\"alcalde\",\"@id\":\"https:\\\/\\\/www.caudete.org\\\/ayuntamiento\\\/#\\\/schema\\\/person\\\/cc646da9133078ee4d8dd47457947253\"},\"headline\":\"Curso gratuito para j\u00f3venes sobre Econom\u00eda Verde y Circular\",\"datePublished\":\"2021-02-01T09:26:55+00:00\",\"dateModified\":\"2021-02-01T09:54:19+00:00\",\"mainEntityOfPage\":{\"@id\":\"https:\\\/\\\/www.caudete.org\\\/ayuntamiento\\\/curso-gratuito-para-jovenes-sobre-economia-verde-y-circular\\\/\"},\"wordCount\":564,\"image\":{\"@id\":\"https:\\\/\\\/www.caudete.org\\\/ayuntamiento\\\/curso-gratuito-para-jovenes-sobre-economia-verde-y-circular\\\/#primaryimage\"},\"thumbnailUrl\":\"https:\\\/\\\/www.caudete.org\\\/ayuntamiento\\\/wp-content\\\/uploads\\\/2021\\\/02\\\/curso-online-economia-circular.jpg\",\"keywords\":[\"Cursos\",\"economia circular\",\"economia verde\",\"gratuito\",\"impulsor\",\"joven\"],\"articleSection\":[\"Empleo y Formaci\u00f3n\"],\"inLanguage\":\"es\"},{\"@type\":\"WebPage\",\"@id\":\"https:\\\/\\\/www.caudete.org\\\/ayuntamiento\\\/curso-gratuito-para-jovenes-sobre-economia-verde-y-circular\\\/\",\"url\":\"https:\\\/\\\/www.caudete.org\\\/ayuntamiento\\\/curso-gratuito-para-jovenes-sobre-economia-verde-y-circular\\\/\",\"name\":\"Curso gratuito para j\u00f3venes sobre Econom\u00eda Verde y Circular - MI Ayuntamiento de Caudete\",\"isPartOf\":{\"@id\":\"https:\\\/\\\/www.caudete.org\\\/ayuntamiento\\\/#website\"},\"primaryImageOfPage\":{\"@id\":\"https:\\\/\\\/www.caudete.org\\\/ayuntamiento\\\/curso-gratuito-para-jovenes-sobre-economia-verde-y-circular\\\/#primaryimage\"},\"image\":{\"@id\":\"https:\\\/\\\/www.caudete.org\\\/ayuntamiento\\\/curso-gratuito-para-jovenes-sobre-economia-verde-y-circular\\\/#primaryimage\"},\"thumbnailUrl\":\"https:\\\/\\\/www.caudete.org\\\/ayuntamiento\\\/wp-content\\\/uploads\\\/2021\\\/02\\\/curso-online-economia-circular.jpg\",\"datePublished\":\"2021-02-01T09:26:55+00:00\",\"dateModified\":\"2021-02-01T09:54:19+00:00\",\"author\":{\"@id\":\"https:\\\/\\\/www.caudete.org\\\/ayuntamiento\\\/#\\\/schema\\\/person\\\/cc646da9133078ee4d8dd47457947253\"},\"description\":\"P\u00e1gina Oficial del Ayuntamiento de Caudete (Albacete)\",\"breadcrumb\":{\"@id\":\"https:\\\/\\\/www.caudete.org\\\/ayuntamiento\\\/curso-gratuito-para-jovenes-sobre-economia-verde-y-circular\\\/#breadcrumb\"},\"inLanguage\":\"es\",\"potentialAction\":[{\"@type\":\"ReadAction\",\"target\":[\"https:\\\/\\\/www.caudete.org\\\/ayuntamiento\\\/curso-gratuito-para-jovenes-sobre-economia-verde-y-circular\\\/\"]}]},{\"@type\":\"ImageObject\",\"inLanguage\":\"es\",\"@id\":\"https:\\\/\\\/www.caudete.org\\\/ayuntamiento\\\/curso-gratuito-para-jovenes-sobre-economia-verde-y-circular\\\/#primaryimage\",\"url\":\"https:\\\/\\\/www.caudete.org\\\/ayuntamiento\\\/wp-content\\\/uploads\\\/2021\\\/02\\\/curso-online-economia-circular.jpg\",\"contentUrl\":\"https:\\\/\\\/www.caudete.org\\\/ayuntamiento\\\/wp-content\\\/uploads\\\/2021\\\/02\\\/curso-online-economia-circular.jpg\",\"width\":1400,\"height\":934},{\"@type\":\"BreadcrumbList\",\"@id\":\"https:\\\/\\\/www.caudete.org\\\/ayuntamiento\\\/curso-gratuito-para-jovenes-sobre-economia-verde-y-circular\\\/#breadcrumb\",\"itemListElement\":[{\"@type\":\"ListItem\",\"position\":1,\"name\":\"Inicio\",\"item\":\"https:\\\/\\\/www.caudete.org\\\/ayuntamiento\\\/\"},{\"@type\":\"ListItem\",\"position\":2,\"name\":\"Curso gratuito para j\u00f3venes sobre Econom\u00eda Verde y Circular\"}]},{\"@type\":\"WebSite\",\"@id\":\"https:\\\/\\\/www.caudete.org\\\/ayuntamiento\\\/#website\",\"url\":\"https:\\\/\\\/www.caudete.org\\\/ayuntamiento\\\/\",\"name\":\"MI Ayuntamiento de Caudete\",\"description\":\"P\u00e1gina Oficial del MI Ayuntamiento de Caudete\",\"potentialAction\":[{\"@type\":\"SearchAction\",\"target\":{\"@type\":\"EntryPoint\",\"urlTemplate\":\"https:\\\/\\\/www.caudete.org\\\/ayuntamiento\\\/?s={search_term_string}\"},\"query-input\":{\"@type\":\"PropertyValueSpecification\",\"valueRequired\":true,\"valueName\":\"search_term_string\"}}],\"inLanguage\":\"es\"},{\"@type\":\"Person\",\"@id\":\"https:\\\/\\\/www.caudete.org\\\/ayuntamiento\\\/#\\\/schema\\\/person\\\/cc646da9133078ee4d8dd47457947253\",\"name\":\"alcalde\",\"image\":{\"@type\":\"ImageObject\",\"inLanguage\":\"es\",\"@id\":\"https:\\\/\\\/secure.gravatar.com\\\/avatar\\\/84a817ba065b29ff08d666b215a215f5c79186a645ccb25b14a663d48a130f77?s=96&d=mm&r=g\",\"url\":\"https:\\\/\\\/secure.gravatar.com\\\/avatar\\\/84a817ba065b29ff08d666b215a215f5c79186a645ccb25b14a663d48a130f77?s=96&d=mm&r=g\",\"contentUrl\":\"https:\\\/\\\/secure.gravatar.com\\\/avatar\\\/84a817ba065b29ff08d666b215a215f5c79186a645ccb25b14a663d48a130f77?s=96&d=mm&r=g\",\"caption\":\"alcalde\"},\"url\":\"https:\\\/\\\/www.caudete.org\\\/ayuntamiento\\\/author\\\/alcalde\\\/\"}]}<\/script>\n<!-- \/ Yoast SEO plugin. -->","yoast_head_json":{"title":"Curso gratuito para j\u00f3venes sobre Econom\u00eda Verde y Circular - MI Ayuntamiento de Caudete","description":"P\u00e1gina Oficial del Ayuntamiento de Caudete (Albacete)","robots":{"index":"index","follow":"follow","max-snippet":"max-snippet:-1","max-image-preview":"max-image-preview:large","max-video-preview":"max-video-preview:-1"},"canonical":"https:\/\/www.caudete.org\/ayuntamiento\/curso-gratuito-para-jovenes-sobre-economia-verde-y-circular\/","og_locale":"es_ES","og_type":"article","og_title":"Curso gratuito para j\u00f3venes sobre Econom\u00eda Verde y Circular - MI Ayuntamiento de Caudete","og_description":"P\u00e1gina Oficial del Ayuntamiento de Caudete (Albacete)","og_url":"https:\/\/www.caudete.org\/ayuntamiento\/curso-gratuito-para-jovenes-sobre-economia-verde-y-circular\/","og_site_name":"MI Ayuntamiento de Caudete","article_publisher":"https:\/\/www.facebook.com\/ayuntamientocaudete\/","article_published_time":"2021-02-01T09:26:55+00:00","article_modified_time":"2021-02-01T09:54:19+00:00","og_image":[{"width":1400,"height":934,"url":"https:\/\/www.caudete.org\/ayuntamiento\/wp-content\/uploads\/2021\/02\/curso-online-economia-circular.jpg","type":"image\/jpeg"}],"author":"alcalde","twitter_card":"summary_large_image","twitter_misc":{"Escrito por":"alcalde","Tiempo de lectura":"3 minutos"},"schema":{"@context":"https:\/\/schema.org","@graph":[{"@type":"Article","@id":"https:\/\/www.caudete.org\/ayuntamiento\/curso-gratuito-para-jovenes-sobre-economia-verde-y-circular\/#article","isPartOf":{"@id":"https:\/\/www.caudete.org\/ayuntamiento\/curso-gratuito-para-jovenes-sobre-economia-verde-y-circular\/"},"author":{"name":"alcalde","@id":"https:\/\/www.caudete.org\/ayuntamiento\/#\/schema\/person\/cc646da9133078ee4d8dd47457947253"},"headline":"Curso gratuito para j\u00f3venes sobre Econom\u00eda Verde y Circular","datePublished":"2021-02-01T09:26:55+00:00","dateModified":"2021-02-01T09:54:19+00:00","mainEntityOfPage":{"@id":"https:\/\/www.caudete.org\/ayuntamiento\/curso-gratuito-para-jovenes-sobre-economia-verde-y-circular\/"},"wordCount":564,"image":{"@id":"https:\/\/www.caudete.org\/ayuntamiento\/curso-gratuito-para-jovenes-sobre-economia-verde-y-circular\/#primaryimage"},"thumbnailUrl":"https:\/\/www.caudete.org\/ayuntamiento\/wp-content\/uploads\/2021\/02\/curso-online-economia-circular.jpg","keywords":["Cursos","economia circular","economia verde","gratuito","impulsor","joven"],"articleSection":["Empleo y Formaci\u00f3n"],"inLanguage":"es"},{"@type":"WebPage","@id":"https:\/\/www.caudete.org\/ayuntamiento\/curso-gratuito-para-jovenes-sobre-economia-verde-y-circular\/","url":"https:\/\/www.caudete.org\/ayuntamiento\/curso-gratuito-para-jovenes-sobre-economia-verde-y-circular\/","name":"Curso gratuito para j\u00f3venes sobre Econom\u00eda Verde y Circular - MI Ayuntamiento de Caudete","isPartOf":{"@id":"https:\/\/www.caudete.org\/ayuntamiento\/#website"},"primaryImageOfPage":{"@id":"https:\/\/www.caudete.org\/ayuntamiento\/curso-gratuito-para-jovenes-sobre-economia-verde-y-circular\/#primaryimage"},"image":{"@id":"https:\/\/www.caudete.org\/ayuntamiento\/curso-gratuito-para-jovenes-sobre-economia-verde-y-circular\/#primaryimage"},"thumbnailUrl":"https:\/\/www.caudete.org\/ayuntamiento\/wp-content\/uploads\/2021\/02\/curso-online-economia-circular.jpg","datePublished":"2021-02-01T09:26:55+00:00","dateModified":"2021-02-01T09:54:19+00:00","author":{"@id":"https:\/\/www.caudete.org\/ayuntamiento\/#\/schema\/person\/cc646da9133078ee4d8dd47457947253"},"description":"P\u00e1gina Oficial del Ayuntamiento de Caudete (Albacete)","breadcrumb":{"@id":"https:\/\/www.caudete.org\/ayuntamiento\/curso-gratuito-para-jovenes-sobre-economia-verde-y-circular\/#breadcrumb"},"inLanguage":"es","potentialAction":[{"@type":"ReadAction","target":["https:\/\/www.caudete.org\/ayuntamiento\/curso-gratuito-para-jovenes-sobre-economia-verde-y-circular\/"]}]},{"@type":"ImageObject","inLanguage":"es","@id":"https:\/\/www.caudete.org\/ayuntamiento\/curso-gratuito-para-jovenes-sobre-economia-verde-y-circular\/#primaryimage","url":"https:\/\/www.caudete.org\/ayuntamiento\/wp-content\/uploads\/2021\/02\/curso-online-economia-circular.jpg","contentUrl":"https:\/\/www.caudete.org\/ayuntamiento\/wp-content\/uploads\/2021\/02\/curso-online-economia-circular.jpg","width":1400,"height":934},{"@type":"BreadcrumbList","@id":"https:\/\/www.caudete.org\/ayuntamiento\/curso-gratuito-para-jovenes-sobre-economia-verde-y-circular\/#breadcrumb","itemListElement":[{"@type":"ListItem","position":1,"name":"Inicio","item":"https:\/\/www.caudete.org\/ayuntamiento\/"},{"@type":"ListItem","position":2,"name":"Curso gratuito para j\u00f3venes sobre Econom\u00eda Verde y Circular"}]},{"@type":"WebSite","@id":"https:\/\/www.caudete.org\/ayuntamiento\/#website","url":"https:\/\/www.caudete.org\/ayuntamiento\/","name":"MI Ayuntamiento de Caudete","description":"P\u00e1gina Oficial del MI Ayuntamiento de Caudete","potentialAction":[{"@type":"SearchAction","target":{"@type":"EntryPoint","urlTemplate":"https:\/\/www.caudete.org\/ayuntamiento\/?s={search_term_string}"},"query-input":{"@type":"PropertyValueSpecification","valueRequired":true,"valueName":"search_term_string"}}],"inLanguage":"es"},{"@type":"Person","@id":"https:\/\/www.caudete.org\/ayuntamiento\/#\/schema\/person\/cc646da9133078ee4d8dd47457947253","name":"alcalde","image":{"@type":"ImageObject","inLanguage":"es","@id":"https:\/\/secure.gravatar.com\/avatar\/84a817ba065b29ff08d666b215a215f5c79186a645ccb25b14a663d48a130f77?s=96&d=mm&r=g","url":"https:\/\/secure.gravatar.com\/avatar\/84a817ba065b29ff08d666b215a215f5c79186a645ccb25b14a663d48a130f77?s=96&d=mm&r=g","contentUrl":"https:\/\/secure.gravatar.com\/avatar\/84a817ba065b29ff08d666b215a215f5c79186a645ccb25b14a663d48a130f77?s=96&d=mm&r=g","caption":"alcalde"},"url":"https:\/\/www.caudete.org\/ayuntamiento\/author\/alcalde\/"}]}},"_links":{"self":[{"href":"https:\/\/www.caudete.org\/ayuntamiento\/wp-json\/wp\/v2\/posts\/11910","targetHints":{"allow":["GET"]}}],"collection":[{"href":"https:\/\/www.caudete.org\/ayuntamiento\/wp-json\/wp\/v2\/posts"}],"about":[{"href":"https:\/\/www.caudete.org\/ayuntamiento\/wp-json\/wp\/v2\/types\/post"}],"author":[{"embeddable":true,"href":"https:\/\/www.caudete.org\/ayuntamiento\/wp-json\/wp\/v2\/users\/3"}],"replies":[{"embeddable":true,"href":"https:\/\/www.caudete.org\/ayuntamiento\/wp-json\/wp\/v2\/comments?post=11910"}],"version-history":[{"count":1,"href":"https:\/\/www.caudete.org\/ayuntamiento\/wp-json\/wp\/v2\/posts\/11910\/revisions"}],"predecessor-version":[{"id":11912,"href":"https:\/\/www.caudete.org\/ayuntamiento\/wp-json\/wp\/v2\/posts\/11910\/revisions\/11912"}],"wp:featuredmedia":[{"embeddable":true,"href":"https:\/\/www.caudete.org\/ayuntamiento\/wp-json\/wp\/v2\/media\/11911"}],"wp:attachment":[{"href":"https:\/\/www.caudete.org\/ayuntamiento\/wp-json\/wp\/v2\/media?parent=11910"}],"wp:term":[{"taxonomy":"category","embeddable":true,"href":"https:\/\/www.caudete.org\/ayuntamiento\/wp-json\/wp\/v2\/categories?post=11910"},{"taxonomy":"post_tag","embeddable":true,"href":"https:\/\/www.caudete.org\/ayuntamiento\/wp-json\/wp\/v2\/tags?post=11910"}],"curies":[{"name":"wp","href":"https:\/\/api.w.org\/{rel}","templated":true}]}}