{"id":11991,"date":"2021-02-04T09:27:16","date_gmt":"2021-02-04T08:27:16","guid":{"rendered":"https:\/\/www.caudete.org\/ayuntamiento\/?p=11991"},"modified":"2021-02-04T09:29:25","modified_gmt":"2021-02-04T08:29:25","slug":"anunciado-el-proceso-para-elegir-nuevo-juez-de-paz-titular","status":"publish","type":"post","link":"https:\/\/www.caudete.org\/ayuntamiento\/anunciado-el-proceso-para-elegir-nuevo-juez-de-paz-titular\/","title":{"rendered":"Anunciado el proceso para elegir nuevo JUEZ DE PAZ TITULAR"},"content":{"rendered":"<p style=\"text-align: justify;\">Esta ma\u00f1ana el Alcalde, Mois\u00e9s L\u00f3pez, anunciaba que mediante la Resoluci\u00f3n de Alcald\u00eda n\u00ba 146, de fecha 28 de enero de 2021, se incoa expediente para dar cobertura al puesto de <strong>JUEZ DE PAZ TITULAR<\/strong> de esta localidad.<\/p>\n<p style=\"text-align: justify;\">Este procedimiento se activa tras la comunicaci\u00f3n pertinente efectuada d\u00edas atr\u00e1s al Ayuntamiento por el Poder Judicial, una vez que se ha cumplido el plazo por el cual se design\u00f3 al actual titular del cargo.<\/p>\n<p style=\"text-align: justify;\">As\u00ed, se otorga un <strong>plazo de 15 d\u00edas<\/strong> a contar desde el d\u00eda siguiente a la publicaci\u00f3n del respectivo anuncio en el Bolet\u00edn Oficial de la Provincia (BOP), pudiendo los interesados presentar las correspondientes instancias en el Registro de entrada de este M.I. Ayuntamiento o bien mediante el procedimiento que regula el art\u00edculo 16.4 de la Ley 39\/2015, de 1 de octubre, del Procedimiento Administrativo Com\u00fan de las Administraciones P\u00fablicas, alegando los m\u00e9ritos que posean para desempe\u00f1ar el cargo.<\/p>\n<p style=\"text-align: justify;\">Por tanto, remarcaba el Alcalde que <strong>los interesados tendr\u00e1n que esperar a presentar sus solicitudes a que el plazo se abra oficialmente la pr\u00f3xima semana con la publicaci\u00f3n oficial en el BOP<\/strong>, puesto que es as\u00ed como figura en la legislaci\u00f3n, momento que se anunciar\u00e1 p\u00fablicamente por este medio.<\/p>\n<p style=\"text-align: justify;\">Adem\u00e1s, enumeraba los <strong>requisitos y documentaci\u00f3n<\/strong> que los interesados han de cumplir y acompa\u00f1ar a su solicitud, en funci\u00f3n de lo establecido en la Ley Org\u00e1nica 6\/1985, de 1 de julio, del Poder Judicial:<\/p>\n<p style=\"text-align: justify;\">a) <strong>Fotocopia del DNI<\/strong>.<\/p>\n<p style=\"text-align: justify;\">b) <strong>Declaraci\u00f3n responsable<\/strong> en la que se hagan constar los siguientes extremos:<br \/>\n\u2022 Ser <strong>espa\u00f1ol<\/strong>.<br \/>\n\u2022 Ser <strong>mayor de edad<\/strong>.<br \/>\n\u2022 <strong>No estar incurso<\/strong> en ninguna de las <strong>causas de incapacidad<\/strong> que establece el art\u00edculo 303 de la Ley Org\u00e1nica del Poder Judicial,<br \/>\n\u2022 No estar incurso en ninguna de las causas de <strong>incompatibilidad y prohibici\u00f3n<\/strong> previstas en los art\u00edculos 389 a 397 de la citada Ley.<\/p>\n<p style=\"text-align: justify;\">A los efectos del ultimo apartado (incompatibilidad), ha remarcado que <strong>la legislaci\u00f3n permite compatibilizar el cargo con<\/strong>:<\/p>\n<p style=\"text-align: justify;\">\u2714 la dedicaci\u00f3n a la docencia o a la investigaci\u00f3n jur\u00eddica.<br \/>\n\u2714 el ejercicio de actividades profesionales o mercantiles que no impliquen asesoramiento jur\u00eddico de ning\u00fan tipo y que, por su naturaleza, no sean susceptibles de impedir o menoscabar su imparcialidad o independencia ni puedan interferir en el estricto cumplimiento de los deberes judiciales.<\/p>\n<p style=\"text-align: justify;\">\n","protected":false},"excerpt":{"rendered":"<p>Esta ma\u00f1ana el Alcalde, Mois\u00e9s L\u00f3pez, anunciaba que mediante la Resoluci\u00f3n de Alcald\u00eda n\u00ba 146, de fecha 28 de enero de 2021, se incoa expediente para dar cobertura al puesto de JUEZ DE PAZ TITULAR de esta localidad. Este procedimiento se activa tras la comunicaci\u00f3n pertinente efectuada d\u00edas atr\u00e1s al Ayuntamiento por el Poder Judicial, &hellip;<\/p>\n","protected":false},"author":3,"featured_media":11988,"comment_status":"closed","ping_status":"open","sticky":false,"template":"","format":"standard","meta":{"ngg_post_thumbnail":0,"footnotes":""},"categories":[20],"tags":[366],"class_list":["post-11991","post","type-post","status-publish","format-standard","has-post-thumbnail","hentry","category-ayuntamiento","tag-juez-de-paz-titular"],"yoast_head":"<!-- This site is optimized with the Yoast SEO plugin v27.5 - https:\/\/yoast.com\/product\/yoast-seo-wordpress\/ -->\n<title>Anunciado el proceso para elegir nuevo JUEZ DE PAZ TITULAR - MI Ayuntamiento de Caudete<\/title>\n<meta name=\"description\" content=\"P\u00e1gina Oficial del Ayuntamiento de Caudete (Albacete)\" \/>\n<meta name=\"robots\" content=\"index, follow, max-snippet:-1, max-image-preview:large, max-video-preview:-1\" \/>\n<link rel=\"canonical\" href=\"https:\/\/www.caudete.org\/ayuntamiento\/anunciado-el-proceso-para-elegir-nuevo-juez-de-paz-titular\/\" \/>\n<meta property=\"og:locale\" content=\"es_ES\" \/>\n<meta property=\"og:type\" content=\"article\" \/>\n<meta property=\"og:title\" content=\"Anunciado el proceso para elegir nuevo JUEZ DE PAZ TITULAR - MI Ayuntamiento de Caudete\" \/>\n<meta property=\"og:description\" content=\"P\u00e1gina Oficial del Ayuntamiento de Caudete (Albacete)\" \/>\n<meta property=\"og:url\" content=\"https:\/\/www.caudete.org\/ayuntamiento\/anunciado-el-proceso-para-elegir-nuevo-juez-de-paz-titular\/\" \/>\n<meta property=\"og:site_name\" content=\"MI Ayuntamiento de Caudete\" \/>\n<meta property=\"article:publisher\" content=\"https:\/\/www.facebook.com\/ayuntamientocaudete\/\" \/>\n<meta property=\"article:published_time\" content=\"2021-02-04T08:27:16+00:00\" \/>\n<meta property=\"article:modified_time\" content=\"2021-02-04T08:29:25+00:00\" \/>\n<meta property=\"og:image\" content=\"https:\/\/www.caudete.org\/ayuntamiento\/wp-content\/uploads\/2021\/02\/WhatsApp-Image-2021-02-03-at-11.09.40-2.jpeg\" \/>\n\t<meta property=\"og:image:width\" content=\"1600\" \/>\n\t<meta property=\"og:image:height\" content=\"1066\" \/>\n\t<meta property=\"og:image:type\" content=\"image\/jpeg\" \/>\n<meta name=\"author\" content=\"alcalde\" \/>\n<meta name=\"twitter:card\" content=\"summary_large_image\" \/>\n<meta name=\"twitter:label1\" content=\"Escrito por\" \/>\n\t<meta name=\"twitter:data1\" content=\"alcalde\" \/>\n\t<meta name=\"twitter:label2\" content=\"Tiempo de lectura\" \/>\n\t<meta name=\"twitter:data2\" content=\"2 minutos\" \/>\n<script type=\"application\/ld+json\" class=\"yoast-schema-graph\">{\"@context\":\"https:\\\/\\\/schema.org\",\"@graph\":[{\"@type\":\"Article\",\"@id\":\"https:\\\/\\\/www.caudete.org\\\/ayuntamiento\\\/anunciado-el-proceso-para-elegir-nuevo-juez-de-paz-titular\\\/#article\",\"isPartOf\":{\"@id\":\"https:\\\/\\\/www.caudete.org\\\/ayuntamiento\\\/anunciado-el-proceso-para-elegir-nuevo-juez-de-paz-titular\\\/\"},\"author\":{\"name\":\"alcalde\",\"@id\":\"https:\\\/\\\/www.caudete.org\\\/ayuntamiento\\\/#\\\/schema\\\/person\\\/cc646da9133078ee4d8dd47457947253\"},\"headline\":\"Anunciado el proceso para elegir nuevo JUEZ DE PAZ TITULAR\",\"datePublished\":\"2021-02-04T08:27:16+00:00\",\"dateModified\":\"2021-02-04T08:29:25+00:00\",\"mainEntityOfPage\":{\"@id\":\"https:\\\/\\\/www.caudete.org\\\/ayuntamiento\\\/anunciado-el-proceso-para-elegir-nuevo-juez-de-paz-titular\\\/\"},\"wordCount\":409,\"publisher\":{\"@id\":\"https:\\\/\\\/www.caudete.org\\\/ayuntamiento\\\/#organization\"},\"image\":{\"@id\":\"https:\\\/\\\/www.caudete.org\\\/ayuntamiento\\\/anunciado-el-proceso-para-elegir-nuevo-juez-de-paz-titular\\\/#primaryimage\"},\"thumbnailUrl\":\"https:\\\/\\\/www.caudete.org\\\/ayuntamiento\\\/wp-content\\\/uploads\\\/2021\\\/02\\\/WhatsApp-Image-2021-02-03-at-11.09.40-2.jpeg\",\"keywords\":[\"juez de paz titular\"],\"articleSection\":[\"Ayuntamiento\"],\"inLanguage\":\"es\"},{\"@type\":\"WebPage\",\"@id\":\"https:\\\/\\\/www.caudete.org\\\/ayuntamiento\\\/anunciado-el-proceso-para-elegir-nuevo-juez-de-paz-titular\\\/\",\"url\":\"https:\\\/\\\/www.caudete.org\\\/ayuntamiento\\\/anunciado-el-proceso-para-elegir-nuevo-juez-de-paz-titular\\\/\",\"name\":\"Anunciado el proceso para elegir nuevo JUEZ DE PAZ TITULAR - MI Ayuntamiento de Caudete\",\"isPartOf\":{\"@id\":\"https:\\\/\\\/www.caudete.org\\\/ayuntamiento\\\/#website\"},\"primaryImageOfPage\":{\"@id\":\"https:\\\/\\\/www.caudete.org\\\/ayuntamiento\\\/anunciado-el-proceso-para-elegir-nuevo-juez-de-paz-titular\\\/#primaryimage\"},\"image\":{\"@id\":\"https:\\\/\\\/www.caudete.org\\\/ayuntamiento\\\/anunciado-el-proceso-para-elegir-nuevo-juez-de-paz-titular\\\/#primaryimage\"},\"thumbnailUrl\":\"https:\\\/\\\/www.caudete.org\\\/ayuntamiento\\\/wp-content\\\/uploads\\\/2021\\\/02\\\/WhatsApp-Image-2021-02-03-at-11.09.40-2.jpeg\",\"datePublished\":\"2021-02-04T08:27:16+00:00\",\"dateModified\":\"2021-02-04T08:29:25+00:00\",\"description\":\"P\u00e1gina Oficial del Ayuntamiento de Caudete (Albacete)\",\"breadcrumb\":{\"@id\":\"https:\\\/\\\/www.caudete.org\\\/ayuntamiento\\\/anunciado-el-proceso-para-elegir-nuevo-juez-de-paz-titular\\\/#breadcrumb\"},\"inLanguage\":\"es\",\"potentialAction\":[{\"@type\":\"ReadAction\",\"target\":[\"https:\\\/\\\/www.caudete.org\\\/ayuntamiento\\\/anunciado-el-proceso-para-elegir-nuevo-juez-de-paz-titular\\\/\"]}]},{\"@type\":\"ImageObject\",\"inLanguage\":\"es\",\"@id\":\"https:\\\/\\\/www.caudete.org\\\/ayuntamiento\\\/anunciado-el-proceso-para-elegir-nuevo-juez-de-paz-titular\\\/#primaryimage\",\"url\":\"https:\\\/\\\/www.caudete.org\\\/ayuntamiento\\\/wp-content\\\/uploads\\\/2021\\\/02\\\/WhatsApp-Image-2021-02-03-at-11.09.40-2.jpeg\",\"contentUrl\":\"https:\\\/\\\/www.caudete.org\\\/ayuntamiento\\\/wp-content\\\/uploads\\\/2021\\\/02\\\/WhatsApp-Image-2021-02-03-at-11.09.40-2.jpeg\",\"width\":1600,\"height\":1066},{\"@type\":\"BreadcrumbList\",\"@id\":\"https:\\\/\\\/www.caudete.org\\\/ayuntamiento\\\/anunciado-el-proceso-para-elegir-nuevo-juez-de-paz-titular\\\/#breadcrumb\",\"itemListElement\":[{\"@type\":\"ListItem\",\"position\":1,\"name\":\"Inicio\",\"item\":\"https:\\\/\\\/www.caudete.org\\\/ayuntamiento\\\/\"},{\"@type\":\"ListItem\",\"position\":2,\"name\":\"Anunciado el proceso para elegir nuevo JUEZ DE PAZ TITULAR\"}]},{\"@type\":\"WebSite\",\"@id\":\"https:\\\/\\\/www.caudete.org\\\/ayuntamiento\\\/#website\",\"url\":\"https:\\\/\\\/www.caudete.org\\\/ayuntamiento\\\/\",\"name\":\"MI Ayuntamiento de Caudete\",\"description\":\"P\u00e1gina Oficial del MI Ayuntamiento de Caudete\",\"publisher\":{\"@id\":\"https:\\\/\\\/www.caudete.org\\\/ayuntamiento\\\/#organization\"},\"potentialAction\":[{\"@type\":\"SearchAction\",\"target\":{\"@type\":\"EntryPoint\",\"urlTemplate\":\"https:\\\/\\\/www.caudete.org\\\/ayuntamiento\\\/?s={search_term_string}\"},\"query-input\":{\"@type\":\"PropertyValueSpecification\",\"valueRequired\":true,\"valueName\":\"search_term_string\"}}],\"inLanguage\":\"es\"},{\"@type\":\"Organization\",\"@id\":\"https:\\\/\\\/www.caudete.org\\\/ayuntamiento\\\/#organization\",\"name\":\"Ayuntamiento de Caudete\",\"url\":\"https:\\\/\\\/www.caudete.org\\\/ayuntamiento\\\/\",\"logo\":{\"@type\":\"ImageObject\",\"inLanguage\":\"es\",\"@id\":\"https:\\\/\\\/www.caudete.org\\\/ayuntamiento\\\/#\\\/schema\\\/logo\\\/image\\\/\",\"url\":\"https:\\\/\\\/www.caudete.org\\\/ayuntamiento\\\/wp-content\\\/uploads\\\/2020\\\/11\\\/logo_ayuntamiento_caudete.jpg\",\"contentUrl\":\"https:\\\/\\\/www.caudete.org\\\/ayuntamiento\\\/wp-content\\\/uploads\\\/2020\\\/11\\\/logo_ayuntamiento_caudete.jpg\",\"width\":600,\"height\":150,\"caption\":\"Ayuntamiento de Caudete\"},\"image\":{\"@id\":\"https:\\\/\\\/www.caudete.org\\\/ayuntamiento\\\/#\\\/schema\\\/logo\\\/image\\\/\"},\"sameAs\":[\"https:\\\/\\\/www.facebook.com\\\/ayuntamientocaudete\\\/\",\"https:\\\/\\\/www.youtube.com\\\/channel\\\/UC6VztHaooNsGpw-tNoBEFnQ\"]},{\"@type\":\"Person\",\"@id\":\"https:\\\/\\\/www.caudete.org\\\/ayuntamiento\\\/#\\\/schema\\\/person\\\/cc646da9133078ee4d8dd47457947253\",\"name\":\"alcalde\",\"image\":{\"@type\":\"ImageObject\",\"inLanguage\":\"es\",\"@id\":\"https:\\\/\\\/secure.gravatar.com\\\/avatar\\\/84a817ba065b29ff08d666b215a215f5c79186a645ccb25b14a663d48a130f77?s=96&d=mm&r=g\",\"url\":\"https:\\\/\\\/secure.gravatar.com\\\/avatar\\\/84a817ba065b29ff08d666b215a215f5c79186a645ccb25b14a663d48a130f77?s=96&d=mm&r=g\",\"contentUrl\":\"https:\\\/\\\/secure.gravatar.com\\\/avatar\\\/84a817ba065b29ff08d666b215a215f5c79186a645ccb25b14a663d48a130f77?s=96&d=mm&r=g\",\"caption\":\"alcalde\"},\"url\":\"https:\\\/\\\/www.caudete.org\\\/ayuntamiento\\\/author\\\/alcalde\\\/\"}]}<\/script>\n<!-- \/ Yoast SEO plugin. -->","yoast_head_json":{"title":"Anunciado el proceso para elegir nuevo JUEZ DE PAZ TITULAR - MI Ayuntamiento de Caudete","description":"P\u00e1gina Oficial del Ayuntamiento de Caudete (Albacete)","robots":{"index":"index","follow":"follow","max-snippet":"max-snippet:-1","max-image-preview":"max-image-preview:large","max-video-preview":"max-video-preview:-1"},"canonical":"https:\/\/www.caudete.org\/ayuntamiento\/anunciado-el-proceso-para-elegir-nuevo-juez-de-paz-titular\/","og_locale":"es_ES","og_type":"article","og_title":"Anunciado el proceso para elegir nuevo JUEZ DE PAZ TITULAR - MI Ayuntamiento de Caudete","og_description":"P\u00e1gina Oficial del Ayuntamiento de Caudete (Albacete)","og_url":"https:\/\/www.caudete.org\/ayuntamiento\/anunciado-el-proceso-para-elegir-nuevo-juez-de-paz-titular\/","og_site_name":"MI Ayuntamiento de Caudete","article_publisher":"https:\/\/www.facebook.com\/ayuntamientocaudete\/","article_published_time":"2021-02-04T08:27:16+00:00","article_modified_time":"2021-02-04T08:29:25+00:00","og_image":[{"width":1600,"height":1066,"url":"https:\/\/www.caudete.org\/ayuntamiento\/wp-content\/uploads\/2021\/02\/WhatsApp-Image-2021-02-03-at-11.09.40-2.jpeg","type":"image\/jpeg"}],"author":"alcalde","twitter_card":"summary_large_image","twitter_misc":{"Escrito por":"alcalde","Tiempo de lectura":"2 minutos"},"schema":{"@context":"https:\/\/schema.org","@graph":[{"@type":"Article","@id":"https:\/\/www.caudete.org\/ayuntamiento\/anunciado-el-proceso-para-elegir-nuevo-juez-de-paz-titular\/#article","isPartOf":{"@id":"https:\/\/www.caudete.org\/ayuntamiento\/anunciado-el-proceso-para-elegir-nuevo-juez-de-paz-titular\/"},"author":{"name":"alcalde","@id":"https:\/\/www.caudete.org\/ayuntamiento\/#\/schema\/person\/cc646da9133078ee4d8dd47457947253"},"headline":"Anunciado el proceso para elegir nuevo JUEZ DE PAZ TITULAR","datePublished":"2021-02-04T08:27:16+00:00","dateModified":"2021-02-04T08:29:25+00:00","mainEntityOfPage":{"@id":"https:\/\/www.caudete.org\/ayuntamiento\/anunciado-el-proceso-para-elegir-nuevo-juez-de-paz-titular\/"},"wordCount":409,"publisher":{"@id":"https:\/\/www.caudete.org\/ayuntamiento\/#organization"},"image":{"@id":"https:\/\/www.caudete.org\/ayuntamiento\/anunciado-el-proceso-para-elegir-nuevo-juez-de-paz-titular\/#primaryimage"},"thumbnailUrl":"https:\/\/www.caudete.org\/ayuntamiento\/wp-content\/uploads\/2021\/02\/WhatsApp-Image-2021-02-03-at-11.09.40-2.jpeg","keywords":["juez de paz titular"],"articleSection":["Ayuntamiento"],"inLanguage":"es"},{"@type":"WebPage","@id":"https:\/\/www.caudete.org\/ayuntamiento\/anunciado-el-proceso-para-elegir-nuevo-juez-de-paz-titular\/","url":"https:\/\/www.caudete.org\/ayuntamiento\/anunciado-el-proceso-para-elegir-nuevo-juez-de-paz-titular\/","name":"Anunciado el proceso para elegir nuevo JUEZ DE PAZ TITULAR - MI Ayuntamiento de Caudete","isPartOf":{"@id":"https:\/\/www.caudete.org\/ayuntamiento\/#website"},"primaryImageOfPage":{"@id":"https:\/\/www.caudete.org\/ayuntamiento\/anunciado-el-proceso-para-elegir-nuevo-juez-de-paz-titular\/#primaryimage"},"image":{"@id":"https:\/\/www.caudete.org\/ayuntamiento\/anunciado-el-proceso-para-elegir-nuevo-juez-de-paz-titular\/#primaryimage"},"thumbnailUrl":"https:\/\/www.caudete.org\/ayuntamiento\/wp-content\/uploads\/2021\/02\/WhatsApp-Image-2021-02-03-at-11.09.40-2.jpeg","datePublished":"2021-02-04T08:27:16+00:00","dateModified":"2021-02-04T08:29:25+00:00","description":"P\u00e1gina Oficial del Ayuntamiento de Caudete (Albacete)","breadcrumb":{"@id":"https:\/\/www.caudete.org\/ayuntamiento\/anunciado-el-proceso-para-elegir-nuevo-juez-de-paz-titular\/#breadcrumb"},"inLanguage":"es","potentialAction":[{"@type":"ReadAction","target":["https:\/\/www.caudete.org\/ayuntamiento\/anunciado-el-proceso-para-elegir-nuevo-juez-de-paz-titular\/"]}]},{"@type":"ImageObject","inLanguage":"es","@id":"https:\/\/www.caudete.org\/ayuntamiento\/anunciado-el-proceso-para-elegir-nuevo-juez-de-paz-titular\/#primaryimage","url":"https:\/\/www.caudete.org\/ayuntamiento\/wp-content\/uploads\/2021\/02\/WhatsApp-Image-2021-02-03-at-11.09.40-2.jpeg","contentUrl":"https:\/\/www.caudete.org\/ayuntamiento\/wp-content\/uploads\/2021\/02\/WhatsApp-Image-2021-02-03-at-11.09.40-2.jpeg","width":1600,"height":1066},{"@type":"BreadcrumbList","@id":"https:\/\/www.caudete.org\/ayuntamiento\/anunciado-el-proceso-para-elegir-nuevo-juez-de-paz-titular\/#breadcrumb","itemListElement":[{"@type":"ListItem","position":1,"name":"Inicio","item":"https:\/\/www.caudete.org\/ayuntamiento\/"},{"@type":"ListItem","position":2,"name":"Anunciado el proceso para elegir nuevo JUEZ DE PAZ TITULAR"}]},{"@type":"WebSite","@id":"https:\/\/www.caudete.org\/ayuntamiento\/#website","url":"https:\/\/www.caudete.org\/ayuntamiento\/","name":"MI Ayuntamiento de Caudete","description":"P\u00e1gina Oficial del MI Ayuntamiento de Caudete","publisher":{"@id":"https:\/\/www.caudete.org\/ayuntamiento\/#organization"},"potentialAction":[{"@type":"SearchAction","target":{"@type":"EntryPoint","urlTemplate":"https:\/\/www.caudete.org\/ayuntamiento\/?s={search_term_string}"},"query-input":{"@type":"PropertyValueSpecification","valueRequired":true,"valueName":"search_term_string"}}],"inLanguage":"es"},{"@type":"Organization","@id":"https:\/\/www.caudete.org\/ayuntamiento\/#organization","name":"Ayuntamiento de Caudete","url":"https:\/\/www.caudete.org\/ayuntamiento\/","logo":{"@type":"ImageObject","inLanguage":"es","@id":"https:\/\/www.caudete.org\/ayuntamiento\/#\/schema\/logo\/image\/","url":"https:\/\/www.caudete.org\/ayuntamiento\/wp-content\/uploads\/2020\/11\/logo_ayuntamiento_caudete.jpg","contentUrl":"https:\/\/www.caudete.org\/ayuntamiento\/wp-content\/uploads\/2020\/11\/logo_ayuntamiento_caudete.jpg","width":600,"height":150,"caption":"Ayuntamiento de Caudete"},"image":{"@id":"https:\/\/www.caudete.org\/ayuntamiento\/#\/schema\/logo\/image\/"},"sameAs":["https:\/\/www.facebook.com\/ayuntamientocaudete\/","https:\/\/www.youtube.com\/channel\/UC6VztHaooNsGpw-tNoBEFnQ"]},{"@type":"Person","@id":"https:\/\/www.caudete.org\/ayuntamiento\/#\/schema\/person\/cc646da9133078ee4d8dd47457947253","name":"alcalde","image":{"@type":"ImageObject","inLanguage":"es","@id":"https:\/\/secure.gravatar.com\/avatar\/84a817ba065b29ff08d666b215a215f5c79186a645ccb25b14a663d48a130f77?s=96&d=mm&r=g","url":"https:\/\/secure.gravatar.com\/avatar\/84a817ba065b29ff08d666b215a215f5c79186a645ccb25b14a663d48a130f77?s=96&d=mm&r=g","contentUrl":"https:\/\/secure.gravatar.com\/avatar\/84a817ba065b29ff08d666b215a215f5c79186a645ccb25b14a663d48a130f77?s=96&d=mm&r=g","caption":"alcalde"},"url":"https:\/\/www.caudete.org\/ayuntamiento\/author\/alcalde\/"}]}},"_links":{"self":[{"href":"https:\/\/www.caudete.org\/ayuntamiento\/wp-json\/wp\/v2\/posts\/11991","targetHints":{"allow":["GET"]}}],"collection":[{"href":"https:\/\/www.caudete.org\/ayuntamiento\/wp-json\/wp\/v2\/posts"}],"about":[{"href":"https:\/\/www.caudete.org\/ayuntamiento\/wp-json\/wp\/v2\/types\/post"}],"author":[{"embeddable":true,"href":"https:\/\/www.caudete.org\/ayuntamiento\/wp-json\/wp\/v2\/users\/3"}],"replies":[{"embeddable":true,"href":"https:\/\/www.caudete.org\/ayuntamiento\/wp-json\/wp\/v2\/comments?post=11991"}],"version-history":[{"count":4,"href":"https:\/\/www.caudete.org\/ayuntamiento\/wp-json\/wp\/v2\/posts\/11991\/revisions"}],"predecessor-version":[{"id":11995,"href":"https:\/\/www.caudete.org\/ayuntamiento\/wp-json\/wp\/v2\/posts\/11991\/revisions\/11995"}],"wp:featuredmedia":[{"embeddable":true,"href":"https:\/\/www.caudete.org\/ayuntamiento\/wp-json\/wp\/v2\/media\/11988"}],"wp:attachment":[{"href":"https:\/\/www.caudete.org\/ayuntamiento\/wp-json\/wp\/v2\/media?parent=11991"}],"wp:term":[{"taxonomy":"category","embeddable":true,"href":"https:\/\/www.caudete.org\/ayuntamiento\/wp-json\/wp\/v2\/categories?post=11991"},{"taxonomy":"post_tag","embeddable":true,"href":"https:\/\/www.caudete.org\/ayuntamiento\/wp-json\/wp\/v2\/tags?post=11991"}],"curies":[{"name":"wp","href":"https:\/\/api.w.org\/{rel}","templated":true}]}}