{"id":12008,"date":"2021-02-05T10:49:46","date_gmt":"2021-02-05T09:49:46","guid":{"rendered":"https:\/\/www.caudete.org\/ayuntamiento\/?p=12008"},"modified":"2021-02-16T18:03:49","modified_gmt":"2021-02-16T17:03:49","slug":"la-concejalia-de-empleo-y-formacion-y-la-oficina-de-desarrollo-local-se-informan-del-curso-proyecto-refresh-programa-europa-creativa-programados-on-line-por-eurodesk-espana","status":"publish","type":"post","link":"https:\/\/www.caudete.org\/ayuntamiento\/la-concejalia-de-empleo-y-formacion-y-la-oficina-de-desarrollo-local-se-informan-del-curso-proyecto-refresh-programa-europa-creativa-programados-on-line-por-eurodesk-espana\/","title":{"rendered":"Desde la Concejal\u00eda de Empleo y Formaci\u00f3n y la Oficina de Desarrollo Local se informan del Curso &#8220;Proyecto Refresh Programa Europa Creativa&#8221; programados on line por Eurodesk Espa\u00f1a."},"content":{"rendered":"<p><strong>FORMACI\u00d3N PARA ARTISTAS<\/strong><br \/>\nProyecto ReFresh + (programa Europa Creativa)<\/p>\n<p><strong>CONVOCATORIA<\/strong><br \/>\nLa Universidad Cat\u00f3lica San Antonio participa en el Proyecto ReFresh +, en el marco del programa Europa Creativa, orientado a la promoci\u00f3n de j\u00f3venes artistas europeos. En este proyecto colaboran 4 pa\u00edses (Eslovenia, Croacia, Ruman\u00eda y Finlandia) con el apoyo de la Comision Europea, el objetivo es ayudar a los canditatos con grandes cualidades proporcionandoles herramientas creativas, digitales y de marketing necesarias para que puedan explotar su trabajo y convertirlo en su modo de vida.<\/p>\n<p>ReFresh + realizar\u00e1 la formaci\u00f3n de 14 artistas de diferentes disciplinas, de las nacionalidades participantes en el proyecto. La duraci\u00f3n del curso ser\u00e1 de cuatro semanas que se realizar\u00e1 a lo largo de dos a\u00f1os de duraci\u00f3n del proyecto. Adem\u00e1s se realizar\u00e1n desplazamientos a Croacia, Ruman\u00eda y Finlandia en las que los artistas ir\u00e1n a sesiones de coaching, cursos de art-marketing, y a campamentos de coproducci\u00f3n.<\/p>\n<p><strong>FECHA L\u00cdMITE<\/strong><br \/>\n10 de Febrero 2021.<\/p>\n<p>Los destinatarios son j\u00f3venes artistas de entre <strong>18 y 30 a\u00f1os<\/strong>.<\/p>\n<p><strong>ENLACES EXTERNOS:<\/strong><br \/>\n<strong>M\u00e1s informaci\u00f3n<\/strong><br \/>\n<a href=\"https:\/\/www.refresheurope.eu\/\" target=\"_blank\" rel=\"nofollow\">https:\/\/www.refresheurope.eu\/<\/a><br \/>\n<a href=\"http:\/\/www.eurodesk.es\/program\/proyecto-refresh-programa-europa-creativa\" target=\"_blank\" rel=\"nofollow\">http:\/\/www.eurodesk.es\/program\/proyecto-refresh-programa-europa-creativa<\/a><\/p>\n","protected":false},"excerpt":{"rendered":"<p>FORMACI\u00d3N PARA ARTISTAS Proyecto ReFresh + (programa Europa Creativa) CONVOCATORIA La Universidad Cat\u00f3lica San Antonio participa en el Proyecto ReFresh +, en el marco del programa Europa Creativa, orientado a la promoci\u00f3n de j\u00f3venes artistas europeos. En este proyecto colaboran 4 pa\u00edses (Eslovenia, Croacia, Ruman\u00eda y Finlandia) con el apoyo de la Comision Europea, el &hellip;<\/p>\n","protected":false},"author":2,"featured_media":12007,"comment_status":"closed","ping_status":"open","sticky":false,"template":"","format":"standard","meta":{"ngg_post_thumbnail":0,"footnotes":""},"categories":[90],"tags":[371,370],"class_list":["post-12008","post","type-post","status-publish","format-standard","has-post-thumbnail","hentry","category-tablon-informativo-desarrollo-local","tag-arte","tag-europa-creativa"],"yoast_head":"<!-- This site is optimized with the Yoast SEO plugin v27.4 - https:\/\/yoast.com\/product\/yoast-seo-wordpress\/ -->\n<title>Desde la Concejal\u00eda de Empleo y Formaci\u00f3n y la Oficina de Desarrollo Local se informan del Curso &quot;Proyecto Refresh Programa Europa Creativa&quot; programados on line por Eurodesk Espa\u00f1a. - MI Ayuntamiento de Caudete<\/title>\n<meta name=\"description\" content=\"P\u00e1gina Oficial del Ayuntamiento de Caudete (Albacete)\" \/>\n<meta name=\"robots\" content=\"index, follow, max-snippet:-1, max-image-preview:large, max-video-preview:-1\" \/>\n<link rel=\"canonical\" href=\"https:\/\/www.caudete.org\/ayuntamiento\/la-concejalia-de-empleo-y-formacion-y-la-oficina-de-desarrollo-local-se-informan-del-curso-proyecto-refresh-programa-europa-creativa-programados-on-line-por-eurodesk-espana\/\" \/>\n<meta property=\"og:locale\" content=\"es_ES\" \/>\n<meta property=\"og:type\" content=\"article\" \/>\n<meta property=\"og:title\" content=\"Desde la Concejal\u00eda de Empleo y Formaci\u00f3n y la Oficina de Desarrollo Local se informan del Curso &quot;Proyecto Refresh Programa Europa Creativa&quot; programados on line por Eurodesk Espa\u00f1a. - MI Ayuntamiento de Caudete\" \/>\n<meta property=\"og:description\" content=\"P\u00e1gina Oficial del Ayuntamiento de Caudete (Albacete)\" \/>\n<meta property=\"og:url\" content=\"https:\/\/www.caudete.org\/ayuntamiento\/la-concejalia-de-empleo-y-formacion-y-la-oficina-de-desarrollo-local-se-informan-del-curso-proyecto-refresh-programa-europa-creativa-programados-on-line-por-eurodesk-espana\/\" \/>\n<meta property=\"og:site_name\" content=\"MI Ayuntamiento de Caudete\" \/>\n<meta property=\"article:publisher\" content=\"https:\/\/www.facebook.com\/ayuntamientocaudete\/\" \/>\n<meta property=\"article:published_time\" content=\"2021-02-05T09:49:46+00:00\" \/>\n<meta property=\"article:modified_time\" content=\"2021-02-16T17:03:49+00:00\" \/>\n<meta property=\"og:image\" content=\"https:\/\/www.caudete.org\/ayuntamiento\/wp-content\/uploads\/2021\/02\/Europa-Creativa.jpg\" \/>\n\t<meta property=\"og:image:width\" content=\"1920\" \/>\n\t<meta property=\"og:image:height\" content=\"958\" \/>\n\t<meta property=\"og:image:type\" content=\"image\/jpeg\" \/>\n<meta name=\"author\" content=\"Juan\" \/>\n<meta name=\"twitter:card\" content=\"summary_large_image\" \/>\n<meta name=\"twitter:label1\" content=\"Escrito por\" \/>\n\t<meta name=\"twitter:data1\" content=\"Juan\" \/>\n\t<meta name=\"twitter:label2\" content=\"Tiempo de lectura\" \/>\n\t<meta name=\"twitter:data2\" content=\"1 minuto\" \/>\n<script type=\"application\/ld+json\" class=\"yoast-schema-graph\">{\"@context\":\"https:\\\/\\\/schema.org\",\"@graph\":[{\"@type\":\"Article\",\"@id\":\"https:\\\/\\\/www.caudete.org\\\/ayuntamiento\\\/la-concejalia-de-empleo-y-formacion-y-la-oficina-de-desarrollo-local-se-informan-del-curso-proyecto-refresh-programa-europa-creativa-programados-on-line-por-eurodesk-espana\\\/#article\",\"isPartOf\":{\"@id\":\"https:\\\/\\\/www.caudete.org\\\/ayuntamiento\\\/la-concejalia-de-empleo-y-formacion-y-la-oficina-de-desarrollo-local-se-informan-del-curso-proyecto-refresh-programa-europa-creativa-programados-on-line-por-eurodesk-espana\\\/\"},\"author\":{\"name\":\"Juan\",\"@id\":\"https:\\\/\\\/www.caudete.org\\\/ayuntamiento\\\/#\\\/schema\\\/person\\\/7656a5bb58fca95b9814e940de0fda63\"},\"headline\":\"Desde la Concejal\u00eda de Empleo y Formaci\u00f3n y la Oficina de Desarrollo Local se informan del Curso &#8220;Proyecto Refresh Programa Europa Creativa&#8221; programados on line por Eurodesk Espa\u00f1a.\",\"datePublished\":\"2021-02-05T09:49:46+00:00\",\"dateModified\":\"2021-02-16T17:03:49+00:00\",\"mainEntityOfPage\":{\"@id\":\"https:\\\/\\\/www.caudete.org\\\/ayuntamiento\\\/la-concejalia-de-empleo-y-formacion-y-la-oficina-de-desarrollo-local-se-informan-del-curso-proyecto-refresh-programa-europa-creativa-programados-on-line-por-eurodesk-espana\\\/\"},\"wordCount\":224,\"publisher\":{\"@id\":\"https:\\\/\\\/www.caudete.org\\\/ayuntamiento\\\/#organization\"},\"image\":{\"@id\":\"https:\\\/\\\/www.caudete.org\\\/ayuntamiento\\\/la-concejalia-de-empleo-y-formacion-y-la-oficina-de-desarrollo-local-se-informan-del-curso-proyecto-refresh-programa-europa-creativa-programados-on-line-por-eurodesk-espana\\\/#primaryimage\"},\"thumbnailUrl\":\"https:\\\/\\\/www.caudete.org\\\/ayuntamiento\\\/wp-content\\\/uploads\\\/2021\\\/02\\\/Europa-Creativa.jpg\",\"keywords\":[\"Arte\",\"Europa creativa\"],\"articleSection\":[\"Tabl\u00f3n informativo (Desarrollo local)\"],\"inLanguage\":\"es\"},{\"@type\":\"WebPage\",\"@id\":\"https:\\\/\\\/www.caudete.org\\\/ayuntamiento\\\/la-concejalia-de-empleo-y-formacion-y-la-oficina-de-desarrollo-local-se-informan-del-curso-proyecto-refresh-programa-europa-creativa-programados-on-line-por-eurodesk-espana\\\/\",\"url\":\"https:\\\/\\\/www.caudete.org\\\/ayuntamiento\\\/la-concejalia-de-empleo-y-formacion-y-la-oficina-de-desarrollo-local-se-informan-del-curso-proyecto-refresh-programa-europa-creativa-programados-on-line-por-eurodesk-espana\\\/\",\"name\":\"Desde la Concejal\u00eda de Empleo y Formaci\u00f3n y la Oficina de Desarrollo Local se informan del Curso \\\"Proyecto Refresh Programa Europa Creativa\\\" programados on line por Eurodesk Espa\u00f1a. - MI Ayuntamiento de Caudete\",\"isPartOf\":{\"@id\":\"https:\\\/\\\/www.caudete.org\\\/ayuntamiento\\\/#website\"},\"primaryImageOfPage\":{\"@id\":\"https:\\\/\\\/www.caudete.org\\\/ayuntamiento\\\/la-concejalia-de-empleo-y-formacion-y-la-oficina-de-desarrollo-local-se-informan-del-curso-proyecto-refresh-programa-europa-creativa-programados-on-line-por-eurodesk-espana\\\/#primaryimage\"},\"image\":{\"@id\":\"https:\\\/\\\/www.caudete.org\\\/ayuntamiento\\\/la-concejalia-de-empleo-y-formacion-y-la-oficina-de-desarrollo-local-se-informan-del-curso-proyecto-refresh-programa-europa-creativa-programados-on-line-por-eurodesk-espana\\\/#primaryimage\"},\"thumbnailUrl\":\"https:\\\/\\\/www.caudete.org\\\/ayuntamiento\\\/wp-content\\\/uploads\\\/2021\\\/02\\\/Europa-Creativa.jpg\",\"datePublished\":\"2021-02-05T09:49:46+00:00\",\"dateModified\":\"2021-02-16T17:03:49+00:00\",\"description\":\"P\u00e1gina Oficial del Ayuntamiento de Caudete (Albacete)\",\"breadcrumb\":{\"@id\":\"https:\\\/\\\/www.caudete.org\\\/ayuntamiento\\\/la-concejalia-de-empleo-y-formacion-y-la-oficina-de-desarrollo-local-se-informan-del-curso-proyecto-refresh-programa-europa-creativa-programados-on-line-por-eurodesk-espana\\\/#breadcrumb\"},\"inLanguage\":\"es\",\"potentialAction\":[{\"@type\":\"ReadAction\",\"target\":[\"https:\\\/\\\/www.caudete.org\\\/ayuntamiento\\\/la-concejalia-de-empleo-y-formacion-y-la-oficina-de-desarrollo-local-se-informan-del-curso-proyecto-refresh-programa-europa-creativa-programados-on-line-por-eurodesk-espana\\\/\"]}]},{\"@type\":\"ImageObject\",\"inLanguage\":\"es\",\"@id\":\"https:\\\/\\\/www.caudete.org\\\/ayuntamiento\\\/la-concejalia-de-empleo-y-formacion-y-la-oficina-de-desarrollo-local-se-informan-del-curso-proyecto-refresh-programa-europa-creativa-programados-on-line-por-eurodesk-espana\\\/#primaryimage\",\"url\":\"https:\\\/\\\/www.caudete.org\\\/ayuntamiento\\\/wp-content\\\/uploads\\\/2021\\\/02\\\/Europa-Creativa.jpg\",\"contentUrl\":\"https:\\\/\\\/www.caudete.org\\\/ayuntamiento\\\/wp-content\\\/uploads\\\/2021\\\/02\\\/Europa-Creativa.jpg\",\"width\":1920,\"height\":958},{\"@type\":\"BreadcrumbList\",\"@id\":\"https:\\\/\\\/www.caudete.org\\\/ayuntamiento\\\/la-concejalia-de-empleo-y-formacion-y-la-oficina-de-desarrollo-local-se-informan-del-curso-proyecto-refresh-programa-europa-creativa-programados-on-line-por-eurodesk-espana\\\/#breadcrumb\",\"itemListElement\":[{\"@type\":\"ListItem\",\"position\":1,\"name\":\"Inicio\",\"item\":\"https:\\\/\\\/www.caudete.org\\\/ayuntamiento\\\/\"},{\"@type\":\"ListItem\",\"position\":2,\"name\":\"Desde la Concejal\u00eda de Empleo y Formaci\u00f3n y la Oficina de Desarrollo Local se informan del Curso &#8220;Proyecto Refresh Programa Europa Creativa&#8221; programados on line por Eurodesk Espa\u00f1a.\"}]},{\"@type\":\"WebSite\",\"@id\":\"https:\\\/\\\/www.caudete.org\\\/ayuntamiento\\\/#website\",\"url\":\"https:\\\/\\\/www.caudete.org\\\/ayuntamiento\\\/\",\"name\":\"MI Ayuntamiento de Caudete\",\"description\":\"P\u00e1gina Oficial del MI Ayuntamiento de Caudete\",\"publisher\":{\"@id\":\"https:\\\/\\\/www.caudete.org\\\/ayuntamiento\\\/#organization\"},\"potentialAction\":[{\"@type\":\"SearchAction\",\"target\":{\"@type\":\"EntryPoint\",\"urlTemplate\":\"https:\\\/\\\/www.caudete.org\\\/ayuntamiento\\\/?s={search_term_string}\"},\"query-input\":{\"@type\":\"PropertyValueSpecification\",\"valueRequired\":true,\"valueName\":\"search_term_string\"}}],\"inLanguage\":\"es\"},{\"@type\":\"Organization\",\"@id\":\"https:\\\/\\\/www.caudete.org\\\/ayuntamiento\\\/#organization\",\"name\":\"Ayuntamiento de Caudete\",\"url\":\"https:\\\/\\\/www.caudete.org\\\/ayuntamiento\\\/\",\"logo\":{\"@type\":\"ImageObject\",\"inLanguage\":\"es\",\"@id\":\"https:\\\/\\\/www.caudete.org\\\/ayuntamiento\\\/#\\\/schema\\\/logo\\\/image\\\/\",\"url\":\"https:\\\/\\\/www.caudete.org\\\/ayuntamiento\\\/wp-content\\\/uploads\\\/2020\\\/11\\\/logo_ayuntamiento_caudete.jpg\",\"contentUrl\":\"https:\\\/\\\/www.caudete.org\\\/ayuntamiento\\\/wp-content\\\/uploads\\\/2020\\\/11\\\/logo_ayuntamiento_caudete.jpg\",\"width\":600,\"height\":150,\"caption\":\"Ayuntamiento de Caudete\"},\"image\":{\"@id\":\"https:\\\/\\\/www.caudete.org\\\/ayuntamiento\\\/#\\\/schema\\\/logo\\\/image\\\/\"},\"sameAs\":[\"https:\\\/\\\/www.facebook.com\\\/ayuntamientocaudete\\\/\",\"https:\\\/\\\/www.youtube.com\\\/channel\\\/UC6VztHaooNsGpw-tNoBEFnQ\"]},{\"@type\":\"Person\",\"@id\":\"https:\\\/\\\/www.caudete.org\\\/ayuntamiento\\\/#\\\/schema\\\/person\\\/7656a5bb58fca95b9814e940de0fda63\",\"name\":\"Juan\",\"image\":{\"@type\":\"ImageObject\",\"inLanguage\":\"es\",\"@id\":\"https:\\\/\\\/secure.gravatar.com\\\/avatar\\\/dd53e51c0cd6ab23f52d4f3e4f1c59730240727763de3dbbf26750b079a2c292?s=96&d=mm&r=g\",\"url\":\"https:\\\/\\\/secure.gravatar.com\\\/avatar\\\/dd53e51c0cd6ab23f52d4f3e4f1c59730240727763de3dbbf26750b079a2c292?s=96&d=mm&r=g\",\"contentUrl\":\"https:\\\/\\\/secure.gravatar.com\\\/avatar\\\/dd53e51c0cd6ab23f52d4f3e4f1c59730240727763de3dbbf26750b079a2c292?s=96&d=mm&r=g\",\"caption\":\"Juan\"},\"url\":\"https:\\\/\\\/www.caudete.org\\\/ayuntamiento\\\/author\\\/centrodeinternet\\\/\"}]}<\/script>\n<!-- \/ Yoast SEO plugin. -->","yoast_head_json":{"title":"Desde la Concejal\u00eda de Empleo y Formaci\u00f3n y la Oficina de Desarrollo Local se informan del Curso \"Proyecto Refresh Programa Europa Creativa\" programados on line por Eurodesk Espa\u00f1a. - MI Ayuntamiento de Caudete","description":"P\u00e1gina Oficial del Ayuntamiento de Caudete (Albacete)","robots":{"index":"index","follow":"follow","max-snippet":"max-snippet:-1","max-image-preview":"max-image-preview:large","max-video-preview":"max-video-preview:-1"},"canonical":"https:\/\/www.caudete.org\/ayuntamiento\/la-concejalia-de-empleo-y-formacion-y-la-oficina-de-desarrollo-local-se-informan-del-curso-proyecto-refresh-programa-europa-creativa-programados-on-line-por-eurodesk-espana\/","og_locale":"es_ES","og_type":"article","og_title":"Desde la Concejal\u00eda de Empleo y Formaci\u00f3n y la Oficina de Desarrollo Local se informan del Curso \"Proyecto Refresh Programa Europa Creativa\" programados on line por Eurodesk Espa\u00f1a. - MI Ayuntamiento de Caudete","og_description":"P\u00e1gina Oficial del Ayuntamiento de Caudete (Albacete)","og_url":"https:\/\/www.caudete.org\/ayuntamiento\/la-concejalia-de-empleo-y-formacion-y-la-oficina-de-desarrollo-local-se-informan-del-curso-proyecto-refresh-programa-europa-creativa-programados-on-line-por-eurodesk-espana\/","og_site_name":"MI Ayuntamiento de Caudete","article_publisher":"https:\/\/www.facebook.com\/ayuntamientocaudete\/","article_published_time":"2021-02-05T09:49:46+00:00","article_modified_time":"2021-02-16T17:03:49+00:00","og_image":[{"width":1920,"height":958,"url":"https:\/\/www.caudete.org\/ayuntamiento\/wp-content\/uploads\/2021\/02\/Europa-Creativa.jpg","type":"image\/jpeg"}],"author":"Juan","twitter_card":"summary_large_image","twitter_misc":{"Escrito por":"Juan","Tiempo de lectura":"1 minuto"},"schema":{"@context":"https:\/\/schema.org","@graph":[{"@type":"Article","@id":"https:\/\/www.caudete.org\/ayuntamiento\/la-concejalia-de-empleo-y-formacion-y-la-oficina-de-desarrollo-local-se-informan-del-curso-proyecto-refresh-programa-europa-creativa-programados-on-line-por-eurodesk-espana\/#article","isPartOf":{"@id":"https:\/\/www.caudete.org\/ayuntamiento\/la-concejalia-de-empleo-y-formacion-y-la-oficina-de-desarrollo-local-se-informan-del-curso-proyecto-refresh-programa-europa-creativa-programados-on-line-por-eurodesk-espana\/"},"author":{"name":"Juan","@id":"https:\/\/www.caudete.org\/ayuntamiento\/#\/schema\/person\/7656a5bb58fca95b9814e940de0fda63"},"headline":"Desde la Concejal\u00eda de Empleo y Formaci\u00f3n y la Oficina de Desarrollo Local se informan del Curso &#8220;Proyecto Refresh Programa Europa Creativa&#8221; programados on line por Eurodesk Espa\u00f1a.","datePublished":"2021-02-05T09:49:46+00:00","dateModified":"2021-02-16T17:03:49+00:00","mainEntityOfPage":{"@id":"https:\/\/www.caudete.org\/ayuntamiento\/la-concejalia-de-empleo-y-formacion-y-la-oficina-de-desarrollo-local-se-informan-del-curso-proyecto-refresh-programa-europa-creativa-programados-on-line-por-eurodesk-espana\/"},"wordCount":224,"publisher":{"@id":"https:\/\/www.caudete.org\/ayuntamiento\/#organization"},"image":{"@id":"https:\/\/www.caudete.org\/ayuntamiento\/la-concejalia-de-empleo-y-formacion-y-la-oficina-de-desarrollo-local-se-informan-del-curso-proyecto-refresh-programa-europa-creativa-programados-on-line-por-eurodesk-espana\/#primaryimage"},"thumbnailUrl":"https:\/\/www.caudete.org\/ayuntamiento\/wp-content\/uploads\/2021\/02\/Europa-Creativa.jpg","keywords":["Arte","Europa creativa"],"articleSection":["Tabl\u00f3n informativo (Desarrollo local)"],"inLanguage":"es"},{"@type":"WebPage","@id":"https:\/\/www.caudete.org\/ayuntamiento\/la-concejalia-de-empleo-y-formacion-y-la-oficina-de-desarrollo-local-se-informan-del-curso-proyecto-refresh-programa-europa-creativa-programados-on-line-por-eurodesk-espana\/","url":"https:\/\/www.caudete.org\/ayuntamiento\/la-concejalia-de-empleo-y-formacion-y-la-oficina-de-desarrollo-local-se-informan-del-curso-proyecto-refresh-programa-europa-creativa-programados-on-line-por-eurodesk-espana\/","name":"Desde la Concejal\u00eda de Empleo y Formaci\u00f3n y la Oficina de Desarrollo Local se informan del Curso \"Proyecto Refresh Programa Europa Creativa\" programados on line por Eurodesk Espa\u00f1a. - MI Ayuntamiento de Caudete","isPartOf":{"@id":"https:\/\/www.caudete.org\/ayuntamiento\/#website"},"primaryImageOfPage":{"@id":"https:\/\/www.caudete.org\/ayuntamiento\/la-concejalia-de-empleo-y-formacion-y-la-oficina-de-desarrollo-local-se-informan-del-curso-proyecto-refresh-programa-europa-creativa-programados-on-line-por-eurodesk-espana\/#primaryimage"},"image":{"@id":"https:\/\/www.caudete.org\/ayuntamiento\/la-concejalia-de-empleo-y-formacion-y-la-oficina-de-desarrollo-local-se-informan-del-curso-proyecto-refresh-programa-europa-creativa-programados-on-line-por-eurodesk-espana\/#primaryimage"},"thumbnailUrl":"https:\/\/www.caudete.org\/ayuntamiento\/wp-content\/uploads\/2021\/02\/Europa-Creativa.jpg","datePublished":"2021-02-05T09:49:46+00:00","dateModified":"2021-02-16T17:03:49+00:00","description":"P\u00e1gina Oficial del Ayuntamiento de Caudete (Albacete)","breadcrumb":{"@id":"https:\/\/www.caudete.org\/ayuntamiento\/la-concejalia-de-empleo-y-formacion-y-la-oficina-de-desarrollo-local-se-informan-del-curso-proyecto-refresh-programa-europa-creativa-programados-on-line-por-eurodesk-espana\/#breadcrumb"},"inLanguage":"es","potentialAction":[{"@type":"ReadAction","target":["https:\/\/www.caudete.org\/ayuntamiento\/la-concejalia-de-empleo-y-formacion-y-la-oficina-de-desarrollo-local-se-informan-del-curso-proyecto-refresh-programa-europa-creativa-programados-on-line-por-eurodesk-espana\/"]}]},{"@type":"ImageObject","inLanguage":"es","@id":"https:\/\/www.caudete.org\/ayuntamiento\/la-concejalia-de-empleo-y-formacion-y-la-oficina-de-desarrollo-local-se-informan-del-curso-proyecto-refresh-programa-europa-creativa-programados-on-line-por-eurodesk-espana\/#primaryimage","url":"https:\/\/www.caudete.org\/ayuntamiento\/wp-content\/uploads\/2021\/02\/Europa-Creativa.jpg","contentUrl":"https:\/\/www.caudete.org\/ayuntamiento\/wp-content\/uploads\/2021\/02\/Europa-Creativa.jpg","width":1920,"height":958},{"@type":"BreadcrumbList","@id":"https:\/\/www.caudete.org\/ayuntamiento\/la-concejalia-de-empleo-y-formacion-y-la-oficina-de-desarrollo-local-se-informan-del-curso-proyecto-refresh-programa-europa-creativa-programados-on-line-por-eurodesk-espana\/#breadcrumb","itemListElement":[{"@type":"ListItem","position":1,"name":"Inicio","item":"https:\/\/www.caudete.org\/ayuntamiento\/"},{"@type":"ListItem","position":2,"name":"Desde la Concejal\u00eda de Empleo y Formaci\u00f3n y la Oficina de Desarrollo Local se informan del Curso &#8220;Proyecto Refresh Programa Europa Creativa&#8221; programados on line por Eurodesk Espa\u00f1a."}]},{"@type":"WebSite","@id":"https:\/\/www.caudete.org\/ayuntamiento\/#website","url":"https:\/\/www.caudete.org\/ayuntamiento\/","name":"MI Ayuntamiento de Caudete","description":"P\u00e1gina Oficial del MI Ayuntamiento de Caudete","publisher":{"@id":"https:\/\/www.caudete.org\/ayuntamiento\/#organization"},"potentialAction":[{"@type":"SearchAction","target":{"@type":"EntryPoint","urlTemplate":"https:\/\/www.caudete.org\/ayuntamiento\/?s={search_term_string}"},"query-input":{"@type":"PropertyValueSpecification","valueRequired":true,"valueName":"search_term_string"}}],"inLanguage":"es"},{"@type":"Organization","@id":"https:\/\/www.caudete.org\/ayuntamiento\/#organization","name":"Ayuntamiento de Caudete","url":"https:\/\/www.caudete.org\/ayuntamiento\/","logo":{"@type":"ImageObject","inLanguage":"es","@id":"https:\/\/www.caudete.org\/ayuntamiento\/#\/schema\/logo\/image\/","url":"https:\/\/www.caudete.org\/ayuntamiento\/wp-content\/uploads\/2020\/11\/logo_ayuntamiento_caudete.jpg","contentUrl":"https:\/\/www.caudete.org\/ayuntamiento\/wp-content\/uploads\/2020\/11\/logo_ayuntamiento_caudete.jpg","width":600,"height":150,"caption":"Ayuntamiento de Caudete"},"image":{"@id":"https:\/\/www.caudete.org\/ayuntamiento\/#\/schema\/logo\/image\/"},"sameAs":["https:\/\/www.facebook.com\/ayuntamientocaudete\/","https:\/\/www.youtube.com\/channel\/UC6VztHaooNsGpw-tNoBEFnQ"]},{"@type":"Person","@id":"https:\/\/www.caudete.org\/ayuntamiento\/#\/schema\/person\/7656a5bb58fca95b9814e940de0fda63","name":"Juan","image":{"@type":"ImageObject","inLanguage":"es","@id":"https:\/\/secure.gravatar.com\/avatar\/dd53e51c0cd6ab23f52d4f3e4f1c59730240727763de3dbbf26750b079a2c292?s=96&d=mm&r=g","url":"https:\/\/secure.gravatar.com\/avatar\/dd53e51c0cd6ab23f52d4f3e4f1c59730240727763de3dbbf26750b079a2c292?s=96&d=mm&r=g","contentUrl":"https:\/\/secure.gravatar.com\/avatar\/dd53e51c0cd6ab23f52d4f3e4f1c59730240727763de3dbbf26750b079a2c292?s=96&d=mm&r=g","caption":"Juan"},"url":"https:\/\/www.caudete.org\/ayuntamiento\/author\/centrodeinternet\/"}]}},"_links":{"self":[{"href":"https:\/\/www.caudete.org\/ayuntamiento\/wp-json\/wp\/v2\/posts\/12008","targetHints":{"allow":["GET"]}}],"collection":[{"href":"https:\/\/www.caudete.org\/ayuntamiento\/wp-json\/wp\/v2\/posts"}],"about":[{"href":"https:\/\/www.caudete.org\/ayuntamiento\/wp-json\/wp\/v2\/types\/post"}],"author":[{"embeddable":true,"href":"https:\/\/www.caudete.org\/ayuntamiento\/wp-json\/wp\/v2\/users\/2"}],"replies":[{"embeddable":true,"href":"https:\/\/www.caudete.org\/ayuntamiento\/wp-json\/wp\/v2\/comments?post=12008"}],"version-history":[{"count":3,"href":"https:\/\/www.caudete.org\/ayuntamiento\/wp-json\/wp\/v2\/posts\/12008\/revisions"}],"predecessor-version":[{"id":12237,"href":"https:\/\/www.caudete.org\/ayuntamiento\/wp-json\/wp\/v2\/posts\/12008\/revisions\/12237"}],"wp:featuredmedia":[{"embeddable":true,"href":"https:\/\/www.caudete.org\/ayuntamiento\/wp-json\/wp\/v2\/media\/12007"}],"wp:attachment":[{"href":"https:\/\/www.caudete.org\/ayuntamiento\/wp-json\/wp\/v2\/media?parent=12008"}],"wp:term":[{"taxonomy":"category","embeddable":true,"href":"https:\/\/www.caudete.org\/ayuntamiento\/wp-json\/wp\/v2\/categories?post=12008"},{"taxonomy":"post_tag","embeddable":true,"href":"https:\/\/www.caudete.org\/ayuntamiento\/wp-json\/wp\/v2\/tags?post=12008"}],"curies":[{"name":"wp","href":"https:\/\/api.w.org\/{rel}","templated":true}]}}