{"id":12015,"date":"2021-02-05T13:57:54","date_gmt":"2021-02-05T12:57:54","guid":{"rendered":"https:\/\/www.caudete.org\/ayuntamiento\/?p=12015"},"modified":"2021-02-05T13:57:54","modified_gmt":"2021-02-05T12:57:54","slug":"el-consejo-municipal-escolar-propone-recuperar-las-clases-15-y-16-febrero-y-30-de-abril","status":"publish","type":"post","link":"https:\/\/www.caudete.org\/ayuntamiento\/el-consejo-municipal-escolar-propone-recuperar-las-clases-15-y-16-febrero-y-30-de-abril\/","title":{"rendered":"El Consejo Municipal Escolar propone recuperar las clases 15 y 16 Febrero, y 30 de Abril"},"content":{"rendered":"<p style=\"text-align: justify;\">El Consejo Municipal Escolar se reun\u00eda esta ma\u00f1ana de forma telem\u00e1tica para dar respuesta al escrito remitido por la JCCM sobre la recuperaci\u00f3n de d\u00edas lectivos en el calendario escolar 2020-21 tras la suspensi\u00f3n de los mismos (incluidas las complementarias, extraescolares y\/o servicios complementarios) de los d\u00edas 8, 11 y 12 de enero por el temporal Filomena.<\/p>\n<p style=\"text-align: justify;\">La Resoluci\u00f3n de 28\/01\/2021, de la Direcci\u00f3n General de Inclusi\u00f3n Educativa y Programas, establece en su punto primero que &#8220;<em>Con car\u00e1cter general para el conjunto de la Regi\u00f3n, se recuperar\u00e1 el retraso del comienzo del segundo trimestre mediante los d\u00edas declarados d\u00edas sin actividad docente en la Resoluci\u00f3n de 16\/06\/2020. Por ello, ser\u00e1n prioritarios los d\u00edas no lectivos anteriores al 18 de junio de 2021. \u00danicamente se podr\u00e1 recuperar tras esa fecha de no disponer de d\u00edas no lectivos suficientes con antelaci\u00f3n a la misma<\/em>&#8220;<\/p>\n<p style=\"text-align: justify;\">Tras ello, en el Consejo Escolar se han escuchado todas las voces, tanto de los Directores de los diferentes Centros Educativos (incluido Escuela de Adultos y Escuela de M\u00fasica), Ampas, Federaci\u00f3n de Ampas y representantes municipales. La t\u00f3nica general entre los Centros Educativos ha sido la disconformidad con el encorsetamiento que la Resoluci\u00f3n de la JCCM deja a los Consejos Municipales establecer propuesta, lo que ha propiciado no dejar espacio a valorar otras propuestas que podr\u00edan ser m\u00e1s viables, cuesti\u00f3n que tambi\u00e9n ha rese\u00f1ado la Federaci\u00f3n de Ampas.<\/p>\n<p style=\"text-align: justify;\">Finalmente, tras valorar la situaci\u00f3n, el Consejo Municipal Escolar de Caudete ha acordado por mayor\u00eda trasladar a Educaci\u00f3n la propuesta de recuperaci\u00f3n de clases lectivas, que comprende el 15 y 16 de Febrero, y el 30 de Abril. Adem\u00e1s, en dicho escrito se remitir\u00e1 el sentir expresado por los miembros del Consejo local a las autoridades competentes, haciendo llegar la opini\u00f3n de Claustros y Consejos Escolares, como el de las Ampas y Federaci\u00f3n.<\/p>\n","protected":false},"excerpt":{"rendered":"<p>El Consejo Municipal Escolar se reun\u00eda esta ma\u00f1ana de forma telem\u00e1tica para dar respuesta al escrito remitido por la JCCM sobre la recuperaci\u00f3n de d\u00edas lectivos en el calendario escolar 2020-21 tras la suspensi\u00f3n de los mismos (incluidas las complementarias, extraescolares y\/o servicios complementarios) de los d\u00edas 8, 11 y 12 de enero por el &hellip;<\/p>\n","protected":false},"author":3,"featured_media":12016,"comment_status":"closed","ping_status":"open","sticky":false,"template":"","format":"standard","meta":{"ngg_post_thumbnail":0,"footnotes":""},"categories":[25],"tags":[372,373,246],"class_list":["post-12015","post","type-post","status-publish","format-standard","has-post-thumbnail","hentry","category-educacion","tag-consejo-municipal-escolar","tag-recuperacion-clases-lectivas","tag-temporal-filomena"],"yoast_head":"<!-- This site is optimized with the Yoast SEO plugin v27.4 - https:\/\/yoast.com\/product\/yoast-seo-wordpress\/ -->\n<title>El Consejo Municipal Escolar propone recuperar las clases 15 y 16 Febrero, y 30 de Abril - MI Ayuntamiento de Caudete<\/title>\n<meta name=\"description\" content=\"P\u00e1gina Oficial del Ayuntamiento de Caudete (Albacete)\" \/>\n<meta name=\"robots\" content=\"index, follow, max-snippet:-1, max-image-preview:large, max-video-preview:-1\" \/>\n<link rel=\"canonical\" href=\"https:\/\/www.caudete.org\/ayuntamiento\/el-consejo-municipal-escolar-propone-recuperar-las-clases-15-y-16-febrero-y-30-de-abril\/\" \/>\n<meta property=\"og:locale\" content=\"es_ES\" \/>\n<meta property=\"og:type\" content=\"article\" \/>\n<meta property=\"og:title\" content=\"El Consejo Municipal Escolar propone recuperar las clases 15 y 16 Febrero, y 30 de Abril - MI Ayuntamiento de Caudete\" \/>\n<meta property=\"og:description\" content=\"P\u00e1gina Oficial del Ayuntamiento de Caudete (Albacete)\" \/>\n<meta property=\"og:url\" content=\"https:\/\/www.caudete.org\/ayuntamiento\/el-consejo-municipal-escolar-propone-recuperar-las-clases-15-y-16-febrero-y-30-de-abril\/\" \/>\n<meta property=\"og:site_name\" content=\"MI Ayuntamiento de Caudete\" \/>\n<meta property=\"article:publisher\" content=\"https:\/\/www.facebook.com\/ayuntamientocaudete\/\" \/>\n<meta property=\"article:published_time\" content=\"2021-02-05T12:57:54+00:00\" \/>\n<meta property=\"og:image\" content=\"https:\/\/www.caudete.org\/ayuntamiento\/wp-content\/uploads\/2021\/02\/WhatsApp-Image-2021-02-05-at-12.23.53.jpeg\" \/>\n\t<meta property=\"og:image:width\" content=\"1593\" \/>\n\t<meta property=\"og:image:height\" content=\"781\" \/>\n\t<meta property=\"og:image:type\" content=\"image\/jpeg\" \/>\n<meta name=\"author\" content=\"alcalde\" \/>\n<meta name=\"twitter:card\" content=\"summary_large_image\" \/>\n<meta name=\"twitter:label1\" content=\"Escrito por\" \/>\n\t<meta name=\"twitter:data1\" content=\"alcalde\" \/>\n\t<meta name=\"twitter:label2\" content=\"Tiempo de lectura\" \/>\n\t<meta name=\"twitter:data2\" content=\"2 minutos\" \/>\n<script type=\"application\/ld+json\" class=\"yoast-schema-graph\">{\"@context\":\"https:\\\/\\\/schema.org\",\"@graph\":[{\"@type\":\"Article\",\"@id\":\"https:\\\/\\\/www.caudete.org\\\/ayuntamiento\\\/el-consejo-municipal-escolar-propone-recuperar-las-clases-15-y-16-febrero-y-30-de-abril\\\/#article\",\"isPartOf\":{\"@id\":\"https:\\\/\\\/www.caudete.org\\\/ayuntamiento\\\/el-consejo-municipal-escolar-propone-recuperar-las-clases-15-y-16-febrero-y-30-de-abril\\\/\"},\"author\":{\"name\":\"alcalde\",\"@id\":\"https:\\\/\\\/www.caudete.org\\\/ayuntamiento\\\/#\\\/schema\\\/person\\\/cc646da9133078ee4d8dd47457947253\"},\"headline\":\"El Consejo Municipal Escolar propone recuperar las clases 15 y 16 Febrero, y 30 de Abril\",\"datePublished\":\"2021-02-05T12:57:54+00:00\",\"mainEntityOfPage\":{\"@id\":\"https:\\\/\\\/www.caudete.org\\\/ayuntamiento\\\/el-consejo-municipal-escolar-propone-recuperar-las-clases-15-y-16-febrero-y-30-de-abril\\\/\"},\"wordCount\":343,\"publisher\":{\"@id\":\"https:\\\/\\\/www.caudete.org\\\/ayuntamiento\\\/#organization\"},\"image\":{\"@id\":\"https:\\\/\\\/www.caudete.org\\\/ayuntamiento\\\/el-consejo-municipal-escolar-propone-recuperar-las-clases-15-y-16-febrero-y-30-de-abril\\\/#primaryimage\"},\"thumbnailUrl\":\"https:\\\/\\\/www.caudete.org\\\/ayuntamiento\\\/wp-content\\\/uploads\\\/2021\\\/02\\\/WhatsApp-Image-2021-02-05-at-12.23.53.jpeg\",\"keywords\":[\"consejo municipal escolar\",\"recuperacion clases lectivas\",\"temporal filomena\"],\"articleSection\":[\"Educaci\u00f3n\"],\"inLanguage\":\"es\"},{\"@type\":\"WebPage\",\"@id\":\"https:\\\/\\\/www.caudete.org\\\/ayuntamiento\\\/el-consejo-municipal-escolar-propone-recuperar-las-clases-15-y-16-febrero-y-30-de-abril\\\/\",\"url\":\"https:\\\/\\\/www.caudete.org\\\/ayuntamiento\\\/el-consejo-municipal-escolar-propone-recuperar-las-clases-15-y-16-febrero-y-30-de-abril\\\/\",\"name\":\"El Consejo Municipal Escolar propone recuperar las clases 15 y 16 Febrero, y 30 de Abril - MI Ayuntamiento de Caudete\",\"isPartOf\":{\"@id\":\"https:\\\/\\\/www.caudete.org\\\/ayuntamiento\\\/#website\"},\"primaryImageOfPage\":{\"@id\":\"https:\\\/\\\/www.caudete.org\\\/ayuntamiento\\\/el-consejo-municipal-escolar-propone-recuperar-las-clases-15-y-16-febrero-y-30-de-abril\\\/#primaryimage\"},\"image\":{\"@id\":\"https:\\\/\\\/www.caudete.org\\\/ayuntamiento\\\/el-consejo-municipal-escolar-propone-recuperar-las-clases-15-y-16-febrero-y-30-de-abril\\\/#primaryimage\"},\"thumbnailUrl\":\"https:\\\/\\\/www.caudete.org\\\/ayuntamiento\\\/wp-content\\\/uploads\\\/2021\\\/02\\\/WhatsApp-Image-2021-02-05-at-12.23.53.jpeg\",\"datePublished\":\"2021-02-05T12:57:54+00:00\",\"description\":\"P\u00e1gina Oficial del Ayuntamiento de Caudete (Albacete)\",\"breadcrumb\":{\"@id\":\"https:\\\/\\\/www.caudete.org\\\/ayuntamiento\\\/el-consejo-municipal-escolar-propone-recuperar-las-clases-15-y-16-febrero-y-30-de-abril\\\/#breadcrumb\"},\"inLanguage\":\"es\",\"potentialAction\":[{\"@type\":\"ReadAction\",\"target\":[\"https:\\\/\\\/www.caudete.org\\\/ayuntamiento\\\/el-consejo-municipal-escolar-propone-recuperar-las-clases-15-y-16-febrero-y-30-de-abril\\\/\"]}]},{\"@type\":\"ImageObject\",\"inLanguage\":\"es\",\"@id\":\"https:\\\/\\\/www.caudete.org\\\/ayuntamiento\\\/el-consejo-municipal-escolar-propone-recuperar-las-clases-15-y-16-febrero-y-30-de-abril\\\/#primaryimage\",\"url\":\"https:\\\/\\\/www.caudete.org\\\/ayuntamiento\\\/wp-content\\\/uploads\\\/2021\\\/02\\\/WhatsApp-Image-2021-02-05-at-12.23.53.jpeg\",\"contentUrl\":\"https:\\\/\\\/www.caudete.org\\\/ayuntamiento\\\/wp-content\\\/uploads\\\/2021\\\/02\\\/WhatsApp-Image-2021-02-05-at-12.23.53.jpeg\",\"width\":1593,\"height\":781},{\"@type\":\"BreadcrumbList\",\"@id\":\"https:\\\/\\\/www.caudete.org\\\/ayuntamiento\\\/el-consejo-municipal-escolar-propone-recuperar-las-clases-15-y-16-febrero-y-30-de-abril\\\/#breadcrumb\",\"itemListElement\":[{\"@type\":\"ListItem\",\"position\":1,\"name\":\"Inicio\",\"item\":\"https:\\\/\\\/www.caudete.org\\\/ayuntamiento\\\/\"},{\"@type\":\"ListItem\",\"position\":2,\"name\":\"El Consejo Municipal Escolar propone recuperar las clases 15 y 16 Febrero, y 30 de Abril\"}]},{\"@type\":\"WebSite\",\"@id\":\"https:\\\/\\\/www.caudete.org\\\/ayuntamiento\\\/#website\",\"url\":\"https:\\\/\\\/www.caudete.org\\\/ayuntamiento\\\/\",\"name\":\"MI Ayuntamiento de Caudete\",\"description\":\"P\u00e1gina Oficial del MI Ayuntamiento de Caudete\",\"publisher\":{\"@id\":\"https:\\\/\\\/www.caudete.org\\\/ayuntamiento\\\/#organization\"},\"potentialAction\":[{\"@type\":\"SearchAction\",\"target\":{\"@type\":\"EntryPoint\",\"urlTemplate\":\"https:\\\/\\\/www.caudete.org\\\/ayuntamiento\\\/?s={search_term_string}\"},\"query-input\":{\"@type\":\"PropertyValueSpecification\",\"valueRequired\":true,\"valueName\":\"search_term_string\"}}],\"inLanguage\":\"es\"},{\"@type\":\"Organization\",\"@id\":\"https:\\\/\\\/www.caudete.org\\\/ayuntamiento\\\/#organization\",\"name\":\"Ayuntamiento de Caudete\",\"url\":\"https:\\\/\\\/www.caudete.org\\\/ayuntamiento\\\/\",\"logo\":{\"@type\":\"ImageObject\",\"inLanguage\":\"es\",\"@id\":\"https:\\\/\\\/www.caudete.org\\\/ayuntamiento\\\/#\\\/schema\\\/logo\\\/image\\\/\",\"url\":\"https:\\\/\\\/www.caudete.org\\\/ayuntamiento\\\/wp-content\\\/uploads\\\/2020\\\/11\\\/logo_ayuntamiento_caudete.jpg\",\"contentUrl\":\"https:\\\/\\\/www.caudete.org\\\/ayuntamiento\\\/wp-content\\\/uploads\\\/2020\\\/11\\\/logo_ayuntamiento_caudete.jpg\",\"width\":600,\"height\":150,\"caption\":\"Ayuntamiento de Caudete\"},\"image\":{\"@id\":\"https:\\\/\\\/www.caudete.org\\\/ayuntamiento\\\/#\\\/schema\\\/logo\\\/image\\\/\"},\"sameAs\":[\"https:\\\/\\\/www.facebook.com\\\/ayuntamientocaudete\\\/\",\"https:\\\/\\\/www.youtube.com\\\/channel\\\/UC6VztHaooNsGpw-tNoBEFnQ\"]},{\"@type\":\"Person\",\"@id\":\"https:\\\/\\\/www.caudete.org\\\/ayuntamiento\\\/#\\\/schema\\\/person\\\/cc646da9133078ee4d8dd47457947253\",\"name\":\"alcalde\",\"image\":{\"@type\":\"ImageObject\",\"inLanguage\":\"es\",\"@id\":\"https:\\\/\\\/secure.gravatar.com\\\/avatar\\\/84a817ba065b29ff08d666b215a215f5c79186a645ccb25b14a663d48a130f77?s=96&d=mm&r=g\",\"url\":\"https:\\\/\\\/secure.gravatar.com\\\/avatar\\\/84a817ba065b29ff08d666b215a215f5c79186a645ccb25b14a663d48a130f77?s=96&d=mm&r=g\",\"contentUrl\":\"https:\\\/\\\/secure.gravatar.com\\\/avatar\\\/84a817ba065b29ff08d666b215a215f5c79186a645ccb25b14a663d48a130f77?s=96&d=mm&r=g\",\"caption\":\"alcalde\"},\"url\":\"https:\\\/\\\/www.caudete.org\\\/ayuntamiento\\\/author\\\/alcalde\\\/\"}]}<\/script>\n<!-- \/ Yoast SEO plugin. -->","yoast_head_json":{"title":"El Consejo Municipal Escolar propone recuperar las clases 15 y 16 Febrero, y 30 de Abril - MI Ayuntamiento de Caudete","description":"P\u00e1gina Oficial del Ayuntamiento de Caudete (Albacete)","robots":{"index":"index","follow":"follow","max-snippet":"max-snippet:-1","max-image-preview":"max-image-preview:large","max-video-preview":"max-video-preview:-1"},"canonical":"https:\/\/www.caudete.org\/ayuntamiento\/el-consejo-municipal-escolar-propone-recuperar-las-clases-15-y-16-febrero-y-30-de-abril\/","og_locale":"es_ES","og_type":"article","og_title":"El Consejo Municipal Escolar propone recuperar las clases 15 y 16 Febrero, y 30 de Abril - MI Ayuntamiento de Caudete","og_description":"P\u00e1gina Oficial del Ayuntamiento de Caudete (Albacete)","og_url":"https:\/\/www.caudete.org\/ayuntamiento\/el-consejo-municipal-escolar-propone-recuperar-las-clases-15-y-16-febrero-y-30-de-abril\/","og_site_name":"MI Ayuntamiento de Caudete","article_publisher":"https:\/\/www.facebook.com\/ayuntamientocaudete\/","article_published_time":"2021-02-05T12:57:54+00:00","og_image":[{"width":1593,"height":781,"url":"https:\/\/www.caudete.org\/ayuntamiento\/wp-content\/uploads\/2021\/02\/WhatsApp-Image-2021-02-05-at-12.23.53.jpeg","type":"image\/jpeg"}],"author":"alcalde","twitter_card":"summary_large_image","twitter_misc":{"Escrito por":"alcalde","Tiempo de lectura":"2 minutos"},"schema":{"@context":"https:\/\/schema.org","@graph":[{"@type":"Article","@id":"https:\/\/www.caudete.org\/ayuntamiento\/el-consejo-municipal-escolar-propone-recuperar-las-clases-15-y-16-febrero-y-30-de-abril\/#article","isPartOf":{"@id":"https:\/\/www.caudete.org\/ayuntamiento\/el-consejo-municipal-escolar-propone-recuperar-las-clases-15-y-16-febrero-y-30-de-abril\/"},"author":{"name":"alcalde","@id":"https:\/\/www.caudete.org\/ayuntamiento\/#\/schema\/person\/cc646da9133078ee4d8dd47457947253"},"headline":"El Consejo Municipal Escolar propone recuperar las clases 15 y 16 Febrero, y 30 de Abril","datePublished":"2021-02-05T12:57:54+00:00","mainEntityOfPage":{"@id":"https:\/\/www.caudete.org\/ayuntamiento\/el-consejo-municipal-escolar-propone-recuperar-las-clases-15-y-16-febrero-y-30-de-abril\/"},"wordCount":343,"publisher":{"@id":"https:\/\/www.caudete.org\/ayuntamiento\/#organization"},"image":{"@id":"https:\/\/www.caudete.org\/ayuntamiento\/el-consejo-municipal-escolar-propone-recuperar-las-clases-15-y-16-febrero-y-30-de-abril\/#primaryimage"},"thumbnailUrl":"https:\/\/www.caudete.org\/ayuntamiento\/wp-content\/uploads\/2021\/02\/WhatsApp-Image-2021-02-05-at-12.23.53.jpeg","keywords":["consejo municipal escolar","recuperacion clases lectivas","temporal filomena"],"articleSection":["Educaci\u00f3n"],"inLanguage":"es"},{"@type":"WebPage","@id":"https:\/\/www.caudete.org\/ayuntamiento\/el-consejo-municipal-escolar-propone-recuperar-las-clases-15-y-16-febrero-y-30-de-abril\/","url":"https:\/\/www.caudete.org\/ayuntamiento\/el-consejo-municipal-escolar-propone-recuperar-las-clases-15-y-16-febrero-y-30-de-abril\/","name":"El Consejo Municipal Escolar propone recuperar las clases 15 y 16 Febrero, y 30 de Abril - MI Ayuntamiento de Caudete","isPartOf":{"@id":"https:\/\/www.caudete.org\/ayuntamiento\/#website"},"primaryImageOfPage":{"@id":"https:\/\/www.caudete.org\/ayuntamiento\/el-consejo-municipal-escolar-propone-recuperar-las-clases-15-y-16-febrero-y-30-de-abril\/#primaryimage"},"image":{"@id":"https:\/\/www.caudete.org\/ayuntamiento\/el-consejo-municipal-escolar-propone-recuperar-las-clases-15-y-16-febrero-y-30-de-abril\/#primaryimage"},"thumbnailUrl":"https:\/\/www.caudete.org\/ayuntamiento\/wp-content\/uploads\/2021\/02\/WhatsApp-Image-2021-02-05-at-12.23.53.jpeg","datePublished":"2021-02-05T12:57:54+00:00","description":"P\u00e1gina Oficial del Ayuntamiento de Caudete (Albacete)","breadcrumb":{"@id":"https:\/\/www.caudete.org\/ayuntamiento\/el-consejo-municipal-escolar-propone-recuperar-las-clases-15-y-16-febrero-y-30-de-abril\/#breadcrumb"},"inLanguage":"es","potentialAction":[{"@type":"ReadAction","target":["https:\/\/www.caudete.org\/ayuntamiento\/el-consejo-municipal-escolar-propone-recuperar-las-clases-15-y-16-febrero-y-30-de-abril\/"]}]},{"@type":"ImageObject","inLanguage":"es","@id":"https:\/\/www.caudete.org\/ayuntamiento\/el-consejo-municipal-escolar-propone-recuperar-las-clases-15-y-16-febrero-y-30-de-abril\/#primaryimage","url":"https:\/\/www.caudete.org\/ayuntamiento\/wp-content\/uploads\/2021\/02\/WhatsApp-Image-2021-02-05-at-12.23.53.jpeg","contentUrl":"https:\/\/www.caudete.org\/ayuntamiento\/wp-content\/uploads\/2021\/02\/WhatsApp-Image-2021-02-05-at-12.23.53.jpeg","width":1593,"height":781},{"@type":"BreadcrumbList","@id":"https:\/\/www.caudete.org\/ayuntamiento\/el-consejo-municipal-escolar-propone-recuperar-las-clases-15-y-16-febrero-y-30-de-abril\/#breadcrumb","itemListElement":[{"@type":"ListItem","position":1,"name":"Inicio","item":"https:\/\/www.caudete.org\/ayuntamiento\/"},{"@type":"ListItem","position":2,"name":"El Consejo Municipal Escolar propone recuperar las clases 15 y 16 Febrero, y 30 de Abril"}]},{"@type":"WebSite","@id":"https:\/\/www.caudete.org\/ayuntamiento\/#website","url":"https:\/\/www.caudete.org\/ayuntamiento\/","name":"MI Ayuntamiento de Caudete","description":"P\u00e1gina Oficial del MI Ayuntamiento de Caudete","publisher":{"@id":"https:\/\/www.caudete.org\/ayuntamiento\/#organization"},"potentialAction":[{"@type":"SearchAction","target":{"@type":"EntryPoint","urlTemplate":"https:\/\/www.caudete.org\/ayuntamiento\/?s={search_term_string}"},"query-input":{"@type":"PropertyValueSpecification","valueRequired":true,"valueName":"search_term_string"}}],"inLanguage":"es"},{"@type":"Organization","@id":"https:\/\/www.caudete.org\/ayuntamiento\/#organization","name":"Ayuntamiento de Caudete","url":"https:\/\/www.caudete.org\/ayuntamiento\/","logo":{"@type":"ImageObject","inLanguage":"es","@id":"https:\/\/www.caudete.org\/ayuntamiento\/#\/schema\/logo\/image\/","url":"https:\/\/www.caudete.org\/ayuntamiento\/wp-content\/uploads\/2020\/11\/logo_ayuntamiento_caudete.jpg","contentUrl":"https:\/\/www.caudete.org\/ayuntamiento\/wp-content\/uploads\/2020\/11\/logo_ayuntamiento_caudete.jpg","width":600,"height":150,"caption":"Ayuntamiento de Caudete"},"image":{"@id":"https:\/\/www.caudete.org\/ayuntamiento\/#\/schema\/logo\/image\/"},"sameAs":["https:\/\/www.facebook.com\/ayuntamientocaudete\/","https:\/\/www.youtube.com\/channel\/UC6VztHaooNsGpw-tNoBEFnQ"]},{"@type":"Person","@id":"https:\/\/www.caudete.org\/ayuntamiento\/#\/schema\/person\/cc646da9133078ee4d8dd47457947253","name":"alcalde","image":{"@type":"ImageObject","inLanguage":"es","@id":"https:\/\/secure.gravatar.com\/avatar\/84a817ba065b29ff08d666b215a215f5c79186a645ccb25b14a663d48a130f77?s=96&d=mm&r=g","url":"https:\/\/secure.gravatar.com\/avatar\/84a817ba065b29ff08d666b215a215f5c79186a645ccb25b14a663d48a130f77?s=96&d=mm&r=g","contentUrl":"https:\/\/secure.gravatar.com\/avatar\/84a817ba065b29ff08d666b215a215f5c79186a645ccb25b14a663d48a130f77?s=96&d=mm&r=g","caption":"alcalde"},"url":"https:\/\/www.caudete.org\/ayuntamiento\/author\/alcalde\/"}]}},"_links":{"self":[{"href":"https:\/\/www.caudete.org\/ayuntamiento\/wp-json\/wp\/v2\/posts\/12015","targetHints":{"allow":["GET"]}}],"collection":[{"href":"https:\/\/www.caudete.org\/ayuntamiento\/wp-json\/wp\/v2\/posts"}],"about":[{"href":"https:\/\/www.caudete.org\/ayuntamiento\/wp-json\/wp\/v2\/types\/post"}],"author":[{"embeddable":true,"href":"https:\/\/www.caudete.org\/ayuntamiento\/wp-json\/wp\/v2\/users\/3"}],"replies":[{"embeddable":true,"href":"https:\/\/www.caudete.org\/ayuntamiento\/wp-json\/wp\/v2\/comments?post=12015"}],"version-history":[{"count":1,"href":"https:\/\/www.caudete.org\/ayuntamiento\/wp-json\/wp\/v2\/posts\/12015\/revisions"}],"predecessor-version":[{"id":12017,"href":"https:\/\/www.caudete.org\/ayuntamiento\/wp-json\/wp\/v2\/posts\/12015\/revisions\/12017"}],"wp:featuredmedia":[{"embeddable":true,"href":"https:\/\/www.caudete.org\/ayuntamiento\/wp-json\/wp\/v2\/media\/12016"}],"wp:attachment":[{"href":"https:\/\/www.caudete.org\/ayuntamiento\/wp-json\/wp\/v2\/media?parent=12015"}],"wp:term":[{"taxonomy":"category","embeddable":true,"href":"https:\/\/www.caudete.org\/ayuntamiento\/wp-json\/wp\/v2\/categories?post=12015"},{"taxonomy":"post_tag","embeddable":true,"href":"https:\/\/www.caudete.org\/ayuntamiento\/wp-json\/wp\/v2\/tags?post=12015"}],"curies":[{"name":"wp","href":"https:\/\/api.w.org\/{rel}","templated":true}]}}