{"id":12027,"date":"2021-02-05T09:29:30","date_gmt":"2021-02-05T08:29:30","guid":{"rendered":"https:\/\/www.caudete.org\/ayuntamiento\/?p=12027"},"modified":"2021-02-16T18:04:54","modified_gmt":"2021-02-16T17:04:54","slug":"la-concejalia-de-empleo-y-formacion-y-la-oficina-de-desarrollo-local-informa-de-practicas-vulcanus-en-japon","status":"publish","type":"post","link":"https:\/\/www.caudete.org\/ayuntamiento\/la-concejalia-de-empleo-y-formacion-y-la-oficina-de-desarrollo-local-informa-de-practicas-vulcanus-en-japon\/","title":{"rendered":"Desde la Concejal\u00eda de Empleo y Formaci\u00f3n y la Oficina de Desarrollo Local informa de pr\u00e1cticas Vulcanus en Jap\u00f3n."},"content":{"rendered":"<p><strong>CONVOCATORIA<\/strong><br \/>\nSe ofertan plazas para pr\u00e1cticas en empresas industriales japonesas. La duraci\u00f3n es la misma que la del curso acad\u00e9mico, que tendr\u00e1 lugar desde Septiembre 2021 hasta Junio 2022. Con este programa se pretende mejorar la cooperaci\u00f3n entre j\u00f3venes europeos y las empresas industriales japonesas y la creaci\u00f3n de un futuro formativo de calidad. La mec\u00e1nica del programa es una adaptaci\u00f3n de cuatro meses en un seminario para el aprendizaje del idioma y posteriormente ocho meses de pr\u00e1cticas en una empresa japonesa. La cuant\u00eda durante la duraci\u00f3n ser\u00e1 de unos 15.000 euros al cambio monetario, y se proporcionar\u00e1 alojamiento durante el seminario, curso de idioma y pr\u00e1cticas. Como criterios de selecci\u00f3n se valorar\u00e1 el expediente acad\u00e9mico, referencias de profesores, actitud de trabajo, entre otros aspectos.<\/p>\n<p><strong>SOLICITANTES<\/strong><\/p>\n<p>J\u00f3venes de estados miembros de la UE o de un pa\u00eds colaborador de COSME con los siguientes perfiles acad\u00e9micos: ingenier\u00eda mec\u00e1nica, nuclear, inform\u00e1tica, civil, electr\u00f3nica, f\u00edsica, matem\u00e1ticas. Los solicitantes deben estar al menos en el cuarto a\u00f1o de estudios y pen\u00faltimo de postgrado. Se deber\u00e1 acreditar con el justificante de matriculaci\u00f3n antes del programa.<\/p>\n<p><strong>FECHA L\u00cdMITE<\/strong><\/p>\n<p>10\/02\/2021<\/p>\n<p><strong>ENLACES EXTERNOS:<\/strong><br \/>\n<strong>M\u00e1s informaci\u00f3n<\/strong><br \/>\n<a href=\"https:\/\/programmes.eurodesk.eu\/internships#62389\" target=\"_blank\" rel=\"nofollow\">https:\/\/programmes.eurodesk.eu\/internships#62389<\/a><br \/>\n<strong>Cooperaci\u00f3n Vulcanus<\/strong><br \/>\n<a href=\"https:\/\/www.eu-japan.eu\/events\/vulcanus-japan\" target=\"_blank\" rel=\"nofollow\">https:\/\/www.eu-japan.eu\/events\/vulcanus-japan<\/a><\/p>\n","protected":false},"excerpt":{"rendered":"<p>CONVOCATORIA Se ofertan plazas para pr\u00e1cticas en empresas industriales japonesas. La duraci\u00f3n es la misma que la del curso acad\u00e9mico, que tendr\u00e1 lugar desde Septiembre 2021 hasta Junio 2022. Con este programa se pretende mejorar la cooperaci\u00f3n entre j\u00f3venes europeos y las empresas industriales japonesas y la creaci\u00f3n de un futuro formativo de calidad. La &hellip;<\/p>\n","protected":false},"author":2,"featured_media":12026,"comment_status":"closed","ping_status":"open","sticky":false,"template":"","format":"standard","meta":{"ngg_post_thumbnail":0,"footnotes":""},"categories":[90],"tags":[375,374],"class_list":["post-12027","post","type-post","status-publish","format-standard","has-post-thumbnail","hentry","category-tablon-informativo-desarrollo-local","tag-becas-en-japon","tag-practicas-en-japon"],"yoast_head":"<!-- This site is optimized with the Yoast SEO plugin v27.4 - https:\/\/yoast.com\/product\/yoast-seo-wordpress\/ -->\n<title>Desde la Concejal\u00eda de Empleo y Formaci\u00f3n y la Oficina de Desarrollo Local informa de pr\u00e1cticas Vulcanus en Jap\u00f3n. - MI Ayuntamiento de Caudete<\/title>\n<meta name=\"description\" content=\"P\u00e1gina Oficial del Ayuntamiento de Caudete (Albacete)\" \/>\n<meta name=\"robots\" content=\"index, follow, max-snippet:-1, max-image-preview:large, max-video-preview:-1\" \/>\n<link rel=\"canonical\" href=\"https:\/\/www.caudete.org\/ayuntamiento\/la-concejalia-de-empleo-y-formacion-y-la-oficina-de-desarrollo-local-informa-de-practicas-vulcanus-en-japon\/\" \/>\n<meta property=\"og:locale\" content=\"es_ES\" \/>\n<meta property=\"og:type\" content=\"article\" \/>\n<meta property=\"og:title\" content=\"Desde la Concejal\u00eda de Empleo y Formaci\u00f3n y la Oficina de Desarrollo Local informa de pr\u00e1cticas Vulcanus en Jap\u00f3n. - MI Ayuntamiento de Caudete\" \/>\n<meta property=\"og:description\" content=\"P\u00e1gina Oficial del Ayuntamiento de Caudete (Albacete)\" \/>\n<meta property=\"og:url\" content=\"https:\/\/www.caudete.org\/ayuntamiento\/la-concejalia-de-empleo-y-formacion-y-la-oficina-de-desarrollo-local-informa-de-practicas-vulcanus-en-japon\/\" \/>\n<meta property=\"og:site_name\" content=\"MI Ayuntamiento de Caudete\" \/>\n<meta property=\"article:publisher\" content=\"https:\/\/www.facebook.com\/ayuntamientocaudete\/\" \/>\n<meta property=\"article:published_time\" content=\"2021-02-05T08:29:30+00:00\" \/>\n<meta property=\"article:modified_time\" content=\"2021-02-16T17:04:54+00:00\" \/>\n<meta property=\"og:image\" content=\"https:\/\/www.caudete.org\/ayuntamiento\/wp-content\/uploads\/2021\/02\/vulcanus_tryptic_part2-1024x485-1.jpg\" \/>\n\t<meta property=\"og:image:width\" content=\"1024\" \/>\n\t<meta property=\"og:image:height\" content=\"485\" \/>\n\t<meta property=\"og:image:type\" content=\"image\/jpeg\" \/>\n<meta name=\"author\" content=\"Juan\" \/>\n<meta name=\"twitter:card\" content=\"summary_large_image\" \/>\n<meta name=\"twitter:label1\" content=\"Escrito por\" \/>\n\t<meta name=\"twitter:data1\" content=\"Juan\" \/>\n\t<meta name=\"twitter:label2\" content=\"Tiempo de lectura\" \/>\n\t<meta name=\"twitter:data2\" content=\"1 minuto\" \/>\n<script type=\"application\/ld+json\" class=\"yoast-schema-graph\">{\"@context\":\"https:\\\/\\\/schema.org\",\"@graph\":[{\"@type\":\"Article\",\"@id\":\"https:\\\/\\\/www.caudete.org\\\/ayuntamiento\\\/la-concejalia-de-empleo-y-formacion-y-la-oficina-de-desarrollo-local-informa-de-practicas-vulcanus-en-japon\\\/#article\",\"isPartOf\":{\"@id\":\"https:\\\/\\\/www.caudete.org\\\/ayuntamiento\\\/la-concejalia-de-empleo-y-formacion-y-la-oficina-de-desarrollo-local-informa-de-practicas-vulcanus-en-japon\\\/\"},\"author\":{\"name\":\"Juan\",\"@id\":\"https:\\\/\\\/www.caudete.org\\\/ayuntamiento\\\/#\\\/schema\\\/person\\\/7656a5bb58fca95b9814e940de0fda63\"},\"headline\":\"Desde la Concejal\u00eda de Empleo y Formaci\u00f3n y la Oficina de Desarrollo Local informa de pr\u00e1cticas Vulcanus en Jap\u00f3n.\",\"datePublished\":\"2021-02-05T08:29:30+00:00\",\"dateModified\":\"2021-02-16T17:04:54+00:00\",\"mainEntityOfPage\":{\"@id\":\"https:\\\/\\\/www.caudete.org\\\/ayuntamiento\\\/la-concejalia-de-empleo-y-formacion-y-la-oficina-de-desarrollo-local-informa-de-practicas-vulcanus-en-japon\\\/\"},\"wordCount\":249,\"publisher\":{\"@id\":\"https:\\\/\\\/www.caudete.org\\\/ayuntamiento\\\/#organization\"},\"image\":{\"@id\":\"https:\\\/\\\/www.caudete.org\\\/ayuntamiento\\\/la-concejalia-de-empleo-y-formacion-y-la-oficina-de-desarrollo-local-informa-de-practicas-vulcanus-en-japon\\\/#primaryimage\"},\"thumbnailUrl\":\"https:\\\/\\\/www.caudete.org\\\/ayuntamiento\\\/wp-content\\\/uploads\\\/2021\\\/02\\\/vulcanus_tryptic_part2-1024x485-1.jpg\",\"keywords\":[\"Becas en Jap\u00f3n\",\"Pr\u00e1cticas en Jap\u00f3n\"],\"articleSection\":[\"Tabl\u00f3n informativo (Desarrollo local)\"],\"inLanguage\":\"es\"},{\"@type\":\"WebPage\",\"@id\":\"https:\\\/\\\/www.caudete.org\\\/ayuntamiento\\\/la-concejalia-de-empleo-y-formacion-y-la-oficina-de-desarrollo-local-informa-de-practicas-vulcanus-en-japon\\\/\",\"url\":\"https:\\\/\\\/www.caudete.org\\\/ayuntamiento\\\/la-concejalia-de-empleo-y-formacion-y-la-oficina-de-desarrollo-local-informa-de-practicas-vulcanus-en-japon\\\/\",\"name\":\"Desde la Concejal\u00eda de Empleo y Formaci\u00f3n y la Oficina de Desarrollo Local informa de pr\u00e1cticas Vulcanus en Jap\u00f3n. - MI Ayuntamiento de Caudete\",\"isPartOf\":{\"@id\":\"https:\\\/\\\/www.caudete.org\\\/ayuntamiento\\\/#website\"},\"primaryImageOfPage\":{\"@id\":\"https:\\\/\\\/www.caudete.org\\\/ayuntamiento\\\/la-concejalia-de-empleo-y-formacion-y-la-oficina-de-desarrollo-local-informa-de-practicas-vulcanus-en-japon\\\/#primaryimage\"},\"image\":{\"@id\":\"https:\\\/\\\/www.caudete.org\\\/ayuntamiento\\\/la-concejalia-de-empleo-y-formacion-y-la-oficina-de-desarrollo-local-informa-de-practicas-vulcanus-en-japon\\\/#primaryimage\"},\"thumbnailUrl\":\"https:\\\/\\\/www.caudete.org\\\/ayuntamiento\\\/wp-content\\\/uploads\\\/2021\\\/02\\\/vulcanus_tryptic_part2-1024x485-1.jpg\",\"datePublished\":\"2021-02-05T08:29:30+00:00\",\"dateModified\":\"2021-02-16T17:04:54+00:00\",\"description\":\"P\u00e1gina Oficial del Ayuntamiento de Caudete (Albacete)\",\"breadcrumb\":{\"@id\":\"https:\\\/\\\/www.caudete.org\\\/ayuntamiento\\\/la-concejalia-de-empleo-y-formacion-y-la-oficina-de-desarrollo-local-informa-de-practicas-vulcanus-en-japon\\\/#breadcrumb\"},\"inLanguage\":\"es\",\"potentialAction\":[{\"@type\":\"ReadAction\",\"target\":[\"https:\\\/\\\/www.caudete.org\\\/ayuntamiento\\\/la-concejalia-de-empleo-y-formacion-y-la-oficina-de-desarrollo-local-informa-de-practicas-vulcanus-en-japon\\\/\"]}]},{\"@type\":\"ImageObject\",\"inLanguage\":\"es\",\"@id\":\"https:\\\/\\\/www.caudete.org\\\/ayuntamiento\\\/la-concejalia-de-empleo-y-formacion-y-la-oficina-de-desarrollo-local-informa-de-practicas-vulcanus-en-japon\\\/#primaryimage\",\"url\":\"https:\\\/\\\/www.caudete.org\\\/ayuntamiento\\\/wp-content\\\/uploads\\\/2021\\\/02\\\/vulcanus_tryptic_part2-1024x485-1.jpg\",\"contentUrl\":\"https:\\\/\\\/www.caudete.org\\\/ayuntamiento\\\/wp-content\\\/uploads\\\/2021\\\/02\\\/vulcanus_tryptic_part2-1024x485-1.jpg\",\"width\":1024,\"height\":485},{\"@type\":\"BreadcrumbList\",\"@id\":\"https:\\\/\\\/www.caudete.org\\\/ayuntamiento\\\/la-concejalia-de-empleo-y-formacion-y-la-oficina-de-desarrollo-local-informa-de-practicas-vulcanus-en-japon\\\/#breadcrumb\",\"itemListElement\":[{\"@type\":\"ListItem\",\"position\":1,\"name\":\"Inicio\",\"item\":\"https:\\\/\\\/www.caudete.org\\\/ayuntamiento\\\/\"},{\"@type\":\"ListItem\",\"position\":2,\"name\":\"Desde la Concejal\u00eda de Empleo y Formaci\u00f3n y la Oficina de Desarrollo Local informa de pr\u00e1cticas Vulcanus en Jap\u00f3n.\"}]},{\"@type\":\"WebSite\",\"@id\":\"https:\\\/\\\/www.caudete.org\\\/ayuntamiento\\\/#website\",\"url\":\"https:\\\/\\\/www.caudete.org\\\/ayuntamiento\\\/\",\"name\":\"MI Ayuntamiento de Caudete\",\"description\":\"P\u00e1gina Oficial del MI Ayuntamiento de Caudete\",\"publisher\":{\"@id\":\"https:\\\/\\\/www.caudete.org\\\/ayuntamiento\\\/#organization\"},\"potentialAction\":[{\"@type\":\"SearchAction\",\"target\":{\"@type\":\"EntryPoint\",\"urlTemplate\":\"https:\\\/\\\/www.caudete.org\\\/ayuntamiento\\\/?s={search_term_string}\"},\"query-input\":{\"@type\":\"PropertyValueSpecification\",\"valueRequired\":true,\"valueName\":\"search_term_string\"}}],\"inLanguage\":\"es\"},{\"@type\":\"Organization\",\"@id\":\"https:\\\/\\\/www.caudete.org\\\/ayuntamiento\\\/#organization\",\"name\":\"Ayuntamiento de Caudete\",\"url\":\"https:\\\/\\\/www.caudete.org\\\/ayuntamiento\\\/\",\"logo\":{\"@type\":\"ImageObject\",\"inLanguage\":\"es\",\"@id\":\"https:\\\/\\\/www.caudete.org\\\/ayuntamiento\\\/#\\\/schema\\\/logo\\\/image\\\/\",\"url\":\"https:\\\/\\\/www.caudete.org\\\/ayuntamiento\\\/wp-content\\\/uploads\\\/2020\\\/11\\\/logo_ayuntamiento_caudete.jpg\",\"contentUrl\":\"https:\\\/\\\/www.caudete.org\\\/ayuntamiento\\\/wp-content\\\/uploads\\\/2020\\\/11\\\/logo_ayuntamiento_caudete.jpg\",\"width\":600,\"height\":150,\"caption\":\"Ayuntamiento de Caudete\"},\"image\":{\"@id\":\"https:\\\/\\\/www.caudete.org\\\/ayuntamiento\\\/#\\\/schema\\\/logo\\\/image\\\/\"},\"sameAs\":[\"https:\\\/\\\/www.facebook.com\\\/ayuntamientocaudete\\\/\",\"https:\\\/\\\/www.youtube.com\\\/channel\\\/UC6VztHaooNsGpw-tNoBEFnQ\"]},{\"@type\":\"Person\",\"@id\":\"https:\\\/\\\/www.caudete.org\\\/ayuntamiento\\\/#\\\/schema\\\/person\\\/7656a5bb58fca95b9814e940de0fda63\",\"name\":\"Juan\",\"image\":{\"@type\":\"ImageObject\",\"inLanguage\":\"es\",\"@id\":\"https:\\\/\\\/secure.gravatar.com\\\/avatar\\\/dd53e51c0cd6ab23f52d4f3e4f1c59730240727763de3dbbf26750b079a2c292?s=96&d=mm&r=g\",\"url\":\"https:\\\/\\\/secure.gravatar.com\\\/avatar\\\/dd53e51c0cd6ab23f52d4f3e4f1c59730240727763de3dbbf26750b079a2c292?s=96&d=mm&r=g\",\"contentUrl\":\"https:\\\/\\\/secure.gravatar.com\\\/avatar\\\/dd53e51c0cd6ab23f52d4f3e4f1c59730240727763de3dbbf26750b079a2c292?s=96&d=mm&r=g\",\"caption\":\"Juan\"},\"url\":\"https:\\\/\\\/www.caudete.org\\\/ayuntamiento\\\/author\\\/centrodeinternet\\\/\"}]}<\/script>\n<!-- \/ Yoast SEO plugin. -->","yoast_head_json":{"title":"Desde la Concejal\u00eda de Empleo y Formaci\u00f3n y la Oficina de Desarrollo Local informa de pr\u00e1cticas Vulcanus en Jap\u00f3n. - MI Ayuntamiento de Caudete","description":"P\u00e1gina Oficial del Ayuntamiento de Caudete (Albacete)","robots":{"index":"index","follow":"follow","max-snippet":"max-snippet:-1","max-image-preview":"max-image-preview:large","max-video-preview":"max-video-preview:-1"},"canonical":"https:\/\/www.caudete.org\/ayuntamiento\/la-concejalia-de-empleo-y-formacion-y-la-oficina-de-desarrollo-local-informa-de-practicas-vulcanus-en-japon\/","og_locale":"es_ES","og_type":"article","og_title":"Desde la Concejal\u00eda de Empleo y Formaci\u00f3n y la Oficina de Desarrollo Local informa de pr\u00e1cticas Vulcanus en Jap\u00f3n. - MI Ayuntamiento de Caudete","og_description":"P\u00e1gina Oficial del Ayuntamiento de Caudete (Albacete)","og_url":"https:\/\/www.caudete.org\/ayuntamiento\/la-concejalia-de-empleo-y-formacion-y-la-oficina-de-desarrollo-local-informa-de-practicas-vulcanus-en-japon\/","og_site_name":"MI Ayuntamiento de Caudete","article_publisher":"https:\/\/www.facebook.com\/ayuntamientocaudete\/","article_published_time":"2021-02-05T08:29:30+00:00","article_modified_time":"2021-02-16T17:04:54+00:00","og_image":[{"width":1024,"height":485,"url":"https:\/\/www.caudete.org\/ayuntamiento\/wp-content\/uploads\/2021\/02\/vulcanus_tryptic_part2-1024x485-1.jpg","type":"image\/jpeg"}],"author":"Juan","twitter_card":"summary_large_image","twitter_misc":{"Escrito por":"Juan","Tiempo de lectura":"1 minuto"},"schema":{"@context":"https:\/\/schema.org","@graph":[{"@type":"Article","@id":"https:\/\/www.caudete.org\/ayuntamiento\/la-concejalia-de-empleo-y-formacion-y-la-oficina-de-desarrollo-local-informa-de-practicas-vulcanus-en-japon\/#article","isPartOf":{"@id":"https:\/\/www.caudete.org\/ayuntamiento\/la-concejalia-de-empleo-y-formacion-y-la-oficina-de-desarrollo-local-informa-de-practicas-vulcanus-en-japon\/"},"author":{"name":"Juan","@id":"https:\/\/www.caudete.org\/ayuntamiento\/#\/schema\/person\/7656a5bb58fca95b9814e940de0fda63"},"headline":"Desde la Concejal\u00eda de Empleo y Formaci\u00f3n y la Oficina de Desarrollo Local informa de pr\u00e1cticas Vulcanus en Jap\u00f3n.","datePublished":"2021-02-05T08:29:30+00:00","dateModified":"2021-02-16T17:04:54+00:00","mainEntityOfPage":{"@id":"https:\/\/www.caudete.org\/ayuntamiento\/la-concejalia-de-empleo-y-formacion-y-la-oficina-de-desarrollo-local-informa-de-practicas-vulcanus-en-japon\/"},"wordCount":249,"publisher":{"@id":"https:\/\/www.caudete.org\/ayuntamiento\/#organization"},"image":{"@id":"https:\/\/www.caudete.org\/ayuntamiento\/la-concejalia-de-empleo-y-formacion-y-la-oficina-de-desarrollo-local-informa-de-practicas-vulcanus-en-japon\/#primaryimage"},"thumbnailUrl":"https:\/\/www.caudete.org\/ayuntamiento\/wp-content\/uploads\/2021\/02\/vulcanus_tryptic_part2-1024x485-1.jpg","keywords":["Becas en Jap\u00f3n","Pr\u00e1cticas en Jap\u00f3n"],"articleSection":["Tabl\u00f3n informativo (Desarrollo local)"],"inLanguage":"es"},{"@type":"WebPage","@id":"https:\/\/www.caudete.org\/ayuntamiento\/la-concejalia-de-empleo-y-formacion-y-la-oficina-de-desarrollo-local-informa-de-practicas-vulcanus-en-japon\/","url":"https:\/\/www.caudete.org\/ayuntamiento\/la-concejalia-de-empleo-y-formacion-y-la-oficina-de-desarrollo-local-informa-de-practicas-vulcanus-en-japon\/","name":"Desde la Concejal\u00eda de Empleo y Formaci\u00f3n y la Oficina de Desarrollo Local informa de pr\u00e1cticas Vulcanus en Jap\u00f3n. - MI Ayuntamiento de Caudete","isPartOf":{"@id":"https:\/\/www.caudete.org\/ayuntamiento\/#website"},"primaryImageOfPage":{"@id":"https:\/\/www.caudete.org\/ayuntamiento\/la-concejalia-de-empleo-y-formacion-y-la-oficina-de-desarrollo-local-informa-de-practicas-vulcanus-en-japon\/#primaryimage"},"image":{"@id":"https:\/\/www.caudete.org\/ayuntamiento\/la-concejalia-de-empleo-y-formacion-y-la-oficina-de-desarrollo-local-informa-de-practicas-vulcanus-en-japon\/#primaryimage"},"thumbnailUrl":"https:\/\/www.caudete.org\/ayuntamiento\/wp-content\/uploads\/2021\/02\/vulcanus_tryptic_part2-1024x485-1.jpg","datePublished":"2021-02-05T08:29:30+00:00","dateModified":"2021-02-16T17:04:54+00:00","description":"P\u00e1gina Oficial del Ayuntamiento de Caudete (Albacete)","breadcrumb":{"@id":"https:\/\/www.caudete.org\/ayuntamiento\/la-concejalia-de-empleo-y-formacion-y-la-oficina-de-desarrollo-local-informa-de-practicas-vulcanus-en-japon\/#breadcrumb"},"inLanguage":"es","potentialAction":[{"@type":"ReadAction","target":["https:\/\/www.caudete.org\/ayuntamiento\/la-concejalia-de-empleo-y-formacion-y-la-oficina-de-desarrollo-local-informa-de-practicas-vulcanus-en-japon\/"]}]},{"@type":"ImageObject","inLanguage":"es","@id":"https:\/\/www.caudete.org\/ayuntamiento\/la-concejalia-de-empleo-y-formacion-y-la-oficina-de-desarrollo-local-informa-de-practicas-vulcanus-en-japon\/#primaryimage","url":"https:\/\/www.caudete.org\/ayuntamiento\/wp-content\/uploads\/2021\/02\/vulcanus_tryptic_part2-1024x485-1.jpg","contentUrl":"https:\/\/www.caudete.org\/ayuntamiento\/wp-content\/uploads\/2021\/02\/vulcanus_tryptic_part2-1024x485-1.jpg","width":1024,"height":485},{"@type":"BreadcrumbList","@id":"https:\/\/www.caudete.org\/ayuntamiento\/la-concejalia-de-empleo-y-formacion-y-la-oficina-de-desarrollo-local-informa-de-practicas-vulcanus-en-japon\/#breadcrumb","itemListElement":[{"@type":"ListItem","position":1,"name":"Inicio","item":"https:\/\/www.caudete.org\/ayuntamiento\/"},{"@type":"ListItem","position":2,"name":"Desde la Concejal\u00eda de Empleo y Formaci\u00f3n y la Oficina de Desarrollo Local informa de pr\u00e1cticas Vulcanus en Jap\u00f3n."}]},{"@type":"WebSite","@id":"https:\/\/www.caudete.org\/ayuntamiento\/#website","url":"https:\/\/www.caudete.org\/ayuntamiento\/","name":"MI Ayuntamiento de Caudete","description":"P\u00e1gina Oficial del MI Ayuntamiento de Caudete","publisher":{"@id":"https:\/\/www.caudete.org\/ayuntamiento\/#organization"},"potentialAction":[{"@type":"SearchAction","target":{"@type":"EntryPoint","urlTemplate":"https:\/\/www.caudete.org\/ayuntamiento\/?s={search_term_string}"},"query-input":{"@type":"PropertyValueSpecification","valueRequired":true,"valueName":"search_term_string"}}],"inLanguage":"es"},{"@type":"Organization","@id":"https:\/\/www.caudete.org\/ayuntamiento\/#organization","name":"Ayuntamiento de Caudete","url":"https:\/\/www.caudete.org\/ayuntamiento\/","logo":{"@type":"ImageObject","inLanguage":"es","@id":"https:\/\/www.caudete.org\/ayuntamiento\/#\/schema\/logo\/image\/","url":"https:\/\/www.caudete.org\/ayuntamiento\/wp-content\/uploads\/2020\/11\/logo_ayuntamiento_caudete.jpg","contentUrl":"https:\/\/www.caudete.org\/ayuntamiento\/wp-content\/uploads\/2020\/11\/logo_ayuntamiento_caudete.jpg","width":600,"height":150,"caption":"Ayuntamiento de Caudete"},"image":{"@id":"https:\/\/www.caudete.org\/ayuntamiento\/#\/schema\/logo\/image\/"},"sameAs":["https:\/\/www.facebook.com\/ayuntamientocaudete\/","https:\/\/www.youtube.com\/channel\/UC6VztHaooNsGpw-tNoBEFnQ"]},{"@type":"Person","@id":"https:\/\/www.caudete.org\/ayuntamiento\/#\/schema\/person\/7656a5bb58fca95b9814e940de0fda63","name":"Juan","image":{"@type":"ImageObject","inLanguage":"es","@id":"https:\/\/secure.gravatar.com\/avatar\/dd53e51c0cd6ab23f52d4f3e4f1c59730240727763de3dbbf26750b079a2c292?s=96&d=mm&r=g","url":"https:\/\/secure.gravatar.com\/avatar\/dd53e51c0cd6ab23f52d4f3e4f1c59730240727763de3dbbf26750b079a2c292?s=96&d=mm&r=g","contentUrl":"https:\/\/secure.gravatar.com\/avatar\/dd53e51c0cd6ab23f52d4f3e4f1c59730240727763de3dbbf26750b079a2c292?s=96&d=mm&r=g","caption":"Juan"},"url":"https:\/\/www.caudete.org\/ayuntamiento\/author\/centrodeinternet\/"}]}},"_links":{"self":[{"href":"https:\/\/www.caudete.org\/ayuntamiento\/wp-json\/wp\/v2\/posts\/12027","targetHints":{"allow":["GET"]}}],"collection":[{"href":"https:\/\/www.caudete.org\/ayuntamiento\/wp-json\/wp\/v2\/posts"}],"about":[{"href":"https:\/\/www.caudete.org\/ayuntamiento\/wp-json\/wp\/v2\/types\/post"}],"author":[{"embeddable":true,"href":"https:\/\/www.caudete.org\/ayuntamiento\/wp-json\/wp\/v2\/users\/2"}],"replies":[{"embeddable":true,"href":"https:\/\/www.caudete.org\/ayuntamiento\/wp-json\/wp\/v2\/comments?post=12027"}],"version-history":[{"count":3,"href":"https:\/\/www.caudete.org\/ayuntamiento\/wp-json\/wp\/v2\/posts\/12027\/revisions"}],"predecessor-version":[{"id":12239,"href":"https:\/\/www.caudete.org\/ayuntamiento\/wp-json\/wp\/v2\/posts\/12027\/revisions\/12239"}],"wp:featuredmedia":[{"embeddable":true,"href":"https:\/\/www.caudete.org\/ayuntamiento\/wp-json\/wp\/v2\/media\/12026"}],"wp:attachment":[{"href":"https:\/\/www.caudete.org\/ayuntamiento\/wp-json\/wp\/v2\/media?parent=12027"}],"wp:term":[{"taxonomy":"category","embeddable":true,"href":"https:\/\/www.caudete.org\/ayuntamiento\/wp-json\/wp\/v2\/categories?post=12027"},{"taxonomy":"post_tag","embeddable":true,"href":"https:\/\/www.caudete.org\/ayuntamiento\/wp-json\/wp\/v2\/tags?post=12027"}],"curies":[{"name":"wp","href":"https:\/\/api.w.org\/{rel}","templated":true}]}}