{"id":12038,"date":"2021-02-08T18:45:09","date_gmt":"2021-02-08T17:45:09","guid":{"rendered":"https:\/\/www.caudete.org\/ayuntamiento\/?p=12038"},"modified":"2021-02-09T08:35:50","modified_gmt":"2021-02-09T07:35:50","slug":"30-arboles-para-avenida-de-villena","status":"publish","type":"post","link":"https:\/\/www.caudete.org\/ayuntamiento\/30-arboles-para-avenida-de-villena\/","title":{"rendered":"M\u00e1s de 30 \u00e1rboles para Avenida de Villena"},"content":{"rendered":"<p style=\"text-align: center;\"><a href=\"https:\/\/www.caudete.org\/ayuntamiento\/wp-content\/uploads\/2021\/02\/WhatsApp-Image-2021-02-05-at-20.50.34.jpeg\" rel='prettyPhoto'><img fetchpriority=\"high\" decoding=\"async\" class=\"alignnone wp-image-12039 size-medium\" src=\"https:\/\/www.caudete.org\/ayuntamiento\/wp-content\/uploads\/2021\/02\/WhatsApp-Image-2021-02-05-at-20.50.34-300x225.jpeg\" alt=\"\" width=\"300\" height=\"225\" srcset=\"https:\/\/www.caudete.org\/ayuntamiento\/wp-content\/uploads\/2021\/02\/WhatsApp-Image-2021-02-05-at-20.50.34-300x225.jpeg 300w, https:\/\/www.caudete.org\/ayuntamiento\/wp-content\/uploads\/2021\/02\/WhatsApp-Image-2021-02-05-at-20.50.34-1024x768.jpeg 1024w, https:\/\/www.caudete.org\/ayuntamiento\/wp-content\/uploads\/2021\/02\/WhatsApp-Image-2021-02-05-at-20.50.34-768x576.jpeg 768w, https:\/\/www.caudete.org\/ayuntamiento\/wp-content\/uploads\/2021\/02\/WhatsApp-Image-2021-02-05-at-20.50.34-1536x1152.jpeg 1536w, https:\/\/www.caudete.org\/ayuntamiento\/wp-content\/uploads\/2021\/02\/WhatsApp-Image-2021-02-05-at-20.50.34.jpeg 2048w\" sizes=\"(max-width: 300px) 100vw, 300px\" \/><\/a> <a href=\"https:\/\/www.caudete.org\/ayuntamiento\/wp-content\/uploads\/2021\/02\/WhatsApp-Image-2021-02-08-at-12.00.11.jpeg\" rel='prettyPhoto'><img decoding=\"async\" class=\"alignnone wp-image-12042 size-medium\" src=\"https:\/\/www.caudete.org\/ayuntamiento\/wp-content\/uploads\/2021\/02\/WhatsApp-Image-2021-02-08-at-12.00.11-300x225.jpeg\" alt=\"\" width=\"300\" height=\"225\" srcset=\"https:\/\/www.caudete.org\/ayuntamiento\/wp-content\/uploads\/2021\/02\/WhatsApp-Image-2021-02-08-at-12.00.11-300x225.jpeg 300w, https:\/\/www.caudete.org\/ayuntamiento\/wp-content\/uploads\/2021\/02\/WhatsApp-Image-2021-02-08-at-12.00.11-1024x768.jpeg 1024w, https:\/\/www.caudete.org\/ayuntamiento\/wp-content\/uploads\/2021\/02\/WhatsApp-Image-2021-02-08-at-12.00.11-768x576.jpeg 768w, https:\/\/www.caudete.org\/ayuntamiento\/wp-content\/uploads\/2021\/02\/WhatsApp-Image-2021-02-08-at-12.00.11-1536x1152.jpeg 1536w, https:\/\/www.caudete.org\/ayuntamiento\/wp-content\/uploads\/2021\/02\/WhatsApp-Image-2021-02-08-at-12.00.11.jpeg 2048w\" sizes=\"(max-width: 300px) 100vw, 300px\" \/><\/a><\/p>\n<p style=\"text-align: justify;\">Hace unos d\u00edas, los operarios de Parques y Jardines dependientes de la Concejal\u00eda de Servicios continuaban con la plantaci\u00f3n de arbolado urbano en la Avenida de Villena. Ello, responde al proyecto iniciado en 2016 de mejora de las zonas verdes existentes, donde la reposici\u00f3n de arbolado y vegetaci\u00f3n es uno de los principales objetivos del mismo, y donde el actual Equipo de Gobierno est\u00e1 dedicando esfuerzos.<\/p>\n<p style=\"text-align: justify;\">El Concejal responsable, Joaqu\u00edn Pag\u00e1n ha remarcado que la Avenida de Villena ha sido una de las fijadas como prioritarias en las actuaciones de este proyecto, y desde finales de 2020, y una vez cubiertas las faltas del margen derecho, se trata de establecer una alineaci\u00f3n de \u00e1rboles en el margen izquierdo, dando armon\u00eda y estabilidad a esta Avenida, una de las entradas a Caudete muy concurrida.<\/p>\n<p style=\"text-align: justify;\">Un total de 5 han sido los recientemente plantados, llegando a ser hasta la fecha un total de 22 unidades en el margen izquierdo, y 31 el total de especies plantadas a lo largo de la Avenida (entre ambos m\u00e1rgenes o laterales) en algo menos de 2 meses.<\/p>\n<p style=\"text-align: justify;\">La variedad elegida en el margen izquierdo son almeces, que cuentan con un calibre (per\u00edmetro) de entre 20 y 30 cm y una antig\u00fcedad de entre 15 y 20 a\u00f1os aproximadamente. El resto de \u00e1rboles plantados, han sido <em>Fraxinus Excelsior<\/em> (Fresno), <em>Cercis Siliquastrum <\/em>(Ciclamor o \u00c1rbol de Judas), <em>Tilia Plathyphyllos<\/em> (Tilo) o <em>Hacer Negundo<\/em> (Arce)\u00a0entre otros.<\/p>\n<p>Adem\u00e1s, el Edil Pag\u00e1n adelantaba que &#8220;<em>aun quedan pendientes trabajos de plantaci\u00f3n en dicha Avenida,\u00a0 siendo aproximadamente una docena de pies (\u00e1rboles) los que han de vestir y por tanto completar la zona<\/em>&#8220;. As\u00ed mismo, mostraba su &#8220;<em>satisfacci\u00f3n con el resultado obtenido, y la buena acogida de la acci\u00f3n por la ciudadan\u00eda, siendo \u00e9ste, la reposici\u00f3n y ampliaci\u00f3n de arbolado urbano, uno de los cap\u00edtulos pendientes del Ayuntamiento, y que \u00e9ste Gobierno Municipal ha querido llevar a cabo, como continuidad del iniciado en la legislatura anterior&#8221;<\/em>.<\/p>\n","protected":false},"excerpt":{"rendered":"<p>Hace unos d\u00edas, los operarios de Parques y Jardines dependientes de la Concejal\u00eda de Servicios continuaban con la plantaci\u00f3n de arbolado urbano en la Avenida de Villena. Ello, responde al proyecto iniciado en 2016 de mejora de las zonas verdes existentes, donde la reposici\u00f3n de arbolado y vegetaci\u00f3n es uno de los principales objetivos del &hellip;<\/p>\n","protected":false},"author":3,"featured_media":12043,"comment_status":"closed","ping_status":"open","sticky":false,"template":"","format":"standard","meta":{"ngg_post_thumbnail":0,"footnotes":""},"categories":[29],"tags":[378,376,265,147,377,183],"class_list":["post-12038","post","type-post","status-publish","format-standard","has-post-thumbnail","hentry","category-medio-ambiente","tag-arbolado-urbano","tag-avenida-villena","tag-mejora","tag-plantacion-arboles","tag-reposicion-arbolado","tag-zonas-verdes"],"yoast_head":"<!-- This site is optimized with the Yoast SEO plugin v27.4 - https:\/\/yoast.com\/product\/yoast-seo-wordpress\/ -->\n<title>M\u00e1s de 30 \u00e1rboles para Avenida de Villena - MI Ayuntamiento de Caudete<\/title>\n<meta name=\"description\" content=\"P\u00e1gina Oficial del Ayuntamiento de Caudete (Albacete)\" \/>\n<meta name=\"robots\" content=\"index, follow, max-snippet:-1, max-image-preview:large, max-video-preview:-1\" \/>\n<link rel=\"canonical\" href=\"https:\/\/www.caudete.org\/ayuntamiento\/30-arboles-para-avenida-de-villena\/\" \/>\n<meta property=\"og:locale\" content=\"es_ES\" \/>\n<meta property=\"og:type\" content=\"article\" \/>\n<meta property=\"og:title\" content=\"M\u00e1s de 30 \u00e1rboles para Avenida de Villena - MI Ayuntamiento de Caudete\" \/>\n<meta property=\"og:description\" content=\"P\u00e1gina Oficial del Ayuntamiento de Caudete (Albacete)\" \/>\n<meta property=\"og:url\" content=\"https:\/\/www.caudete.org\/ayuntamiento\/30-arboles-para-avenida-de-villena\/\" \/>\n<meta property=\"og:site_name\" content=\"MI Ayuntamiento de Caudete\" \/>\n<meta property=\"article:publisher\" content=\"https:\/\/www.facebook.com\/ayuntamientocaudete\/\" \/>\n<meta property=\"article:published_time\" content=\"2021-02-08T17:45:09+00:00\" \/>\n<meta property=\"article:modified_time\" content=\"2021-02-09T07:35:50+00:00\" \/>\n<meta property=\"og:image\" content=\"https:\/\/www.caudete.org\/ayuntamiento\/wp-content\/uploads\/2021\/02\/WhatsApp-Image-2021-02-08-at-12.00.14.jpeg\" \/>\n\t<meta property=\"og:image:width\" content=\"2048\" \/>\n\t<meta property=\"og:image:height\" content=\"1536\" \/>\n\t<meta property=\"og:image:type\" content=\"image\/jpeg\" \/>\n<meta name=\"author\" content=\"alcalde\" \/>\n<meta name=\"twitter:card\" content=\"summary_large_image\" \/>\n<meta name=\"twitter:label1\" content=\"Escrito por\" \/>\n\t<meta name=\"twitter:data1\" content=\"alcalde\" \/>\n\t<meta name=\"twitter:label2\" content=\"Tiempo de lectura\" \/>\n\t<meta name=\"twitter:data2\" content=\"2 minutos\" \/>\n<script type=\"application\/ld+json\" class=\"yoast-schema-graph\">{\"@context\":\"https:\\\/\\\/schema.org\",\"@graph\":[{\"@type\":\"Article\",\"@id\":\"https:\\\/\\\/www.caudete.org\\\/ayuntamiento\\\/30-arboles-para-avenida-de-villena\\\/#article\",\"isPartOf\":{\"@id\":\"https:\\\/\\\/www.caudete.org\\\/ayuntamiento\\\/30-arboles-para-avenida-de-villena\\\/\"},\"author\":{\"name\":\"alcalde\",\"@id\":\"https:\\\/\\\/www.caudete.org\\\/ayuntamiento\\\/#\\\/schema\\\/person\\\/cc646da9133078ee4d8dd47457947253\"},\"headline\":\"M\u00e1s de 30 \u00e1rboles para Avenida de Villena\",\"datePublished\":\"2021-02-08T17:45:09+00:00\",\"dateModified\":\"2021-02-09T07:35:50+00:00\",\"mainEntityOfPage\":{\"@id\":\"https:\\\/\\\/www.caudete.org\\\/ayuntamiento\\\/30-arboles-para-avenida-de-villena\\\/\"},\"wordCount\":344,\"publisher\":{\"@id\":\"https:\\\/\\\/www.caudete.org\\\/ayuntamiento\\\/#organization\"},\"image\":{\"@id\":\"https:\\\/\\\/www.caudete.org\\\/ayuntamiento\\\/30-arboles-para-avenida-de-villena\\\/#primaryimage\"},\"thumbnailUrl\":\"https:\\\/\\\/www.caudete.org\\\/ayuntamiento\\\/wp-content\\\/uploads\\\/2021\\\/02\\\/WhatsApp-Image-2021-02-08-at-12.00.14.jpeg\",\"keywords\":[\"arbolado urbano\",\"avenida villena\",\"mejora\",\"Plantacion \u00e1rboles\",\"reposicion arbolado\",\"Zonas Verdes\"],\"articleSection\":[\"Medio Ambiente\"],\"inLanguage\":\"es\"},{\"@type\":\"WebPage\",\"@id\":\"https:\\\/\\\/www.caudete.org\\\/ayuntamiento\\\/30-arboles-para-avenida-de-villena\\\/\",\"url\":\"https:\\\/\\\/www.caudete.org\\\/ayuntamiento\\\/30-arboles-para-avenida-de-villena\\\/\",\"name\":\"M\u00e1s de 30 \u00e1rboles para Avenida de Villena - MI Ayuntamiento de Caudete\",\"isPartOf\":{\"@id\":\"https:\\\/\\\/www.caudete.org\\\/ayuntamiento\\\/#website\"},\"primaryImageOfPage\":{\"@id\":\"https:\\\/\\\/www.caudete.org\\\/ayuntamiento\\\/30-arboles-para-avenida-de-villena\\\/#primaryimage\"},\"image\":{\"@id\":\"https:\\\/\\\/www.caudete.org\\\/ayuntamiento\\\/30-arboles-para-avenida-de-villena\\\/#primaryimage\"},\"thumbnailUrl\":\"https:\\\/\\\/www.caudete.org\\\/ayuntamiento\\\/wp-content\\\/uploads\\\/2021\\\/02\\\/WhatsApp-Image-2021-02-08-at-12.00.14.jpeg\",\"datePublished\":\"2021-02-08T17:45:09+00:00\",\"dateModified\":\"2021-02-09T07:35:50+00:00\",\"description\":\"P\u00e1gina Oficial del Ayuntamiento de Caudete (Albacete)\",\"breadcrumb\":{\"@id\":\"https:\\\/\\\/www.caudete.org\\\/ayuntamiento\\\/30-arboles-para-avenida-de-villena\\\/#breadcrumb\"},\"inLanguage\":\"es\",\"potentialAction\":[{\"@type\":\"ReadAction\",\"target\":[\"https:\\\/\\\/www.caudete.org\\\/ayuntamiento\\\/30-arboles-para-avenida-de-villena\\\/\"]}]},{\"@type\":\"ImageObject\",\"inLanguage\":\"es\",\"@id\":\"https:\\\/\\\/www.caudete.org\\\/ayuntamiento\\\/30-arboles-para-avenida-de-villena\\\/#primaryimage\",\"url\":\"https:\\\/\\\/www.caudete.org\\\/ayuntamiento\\\/wp-content\\\/uploads\\\/2021\\\/02\\\/WhatsApp-Image-2021-02-08-at-12.00.14.jpeg\",\"contentUrl\":\"https:\\\/\\\/www.caudete.org\\\/ayuntamiento\\\/wp-content\\\/uploads\\\/2021\\\/02\\\/WhatsApp-Image-2021-02-08-at-12.00.14.jpeg\",\"width\":2048,\"height\":1536},{\"@type\":\"BreadcrumbList\",\"@id\":\"https:\\\/\\\/www.caudete.org\\\/ayuntamiento\\\/30-arboles-para-avenida-de-villena\\\/#breadcrumb\",\"itemListElement\":[{\"@type\":\"ListItem\",\"position\":1,\"name\":\"Inicio\",\"item\":\"https:\\\/\\\/www.caudete.org\\\/ayuntamiento\\\/\"},{\"@type\":\"ListItem\",\"position\":2,\"name\":\"M\u00e1s de 30 \u00e1rboles para Avenida de Villena\"}]},{\"@type\":\"WebSite\",\"@id\":\"https:\\\/\\\/www.caudete.org\\\/ayuntamiento\\\/#website\",\"url\":\"https:\\\/\\\/www.caudete.org\\\/ayuntamiento\\\/\",\"name\":\"MI Ayuntamiento de Caudete\",\"description\":\"P\u00e1gina Oficial del MI Ayuntamiento de Caudete\",\"publisher\":{\"@id\":\"https:\\\/\\\/www.caudete.org\\\/ayuntamiento\\\/#organization\"},\"potentialAction\":[{\"@type\":\"SearchAction\",\"target\":{\"@type\":\"EntryPoint\",\"urlTemplate\":\"https:\\\/\\\/www.caudete.org\\\/ayuntamiento\\\/?s={search_term_string}\"},\"query-input\":{\"@type\":\"PropertyValueSpecification\",\"valueRequired\":true,\"valueName\":\"search_term_string\"}}],\"inLanguage\":\"es\"},{\"@type\":\"Organization\",\"@id\":\"https:\\\/\\\/www.caudete.org\\\/ayuntamiento\\\/#organization\",\"name\":\"Ayuntamiento de Caudete\",\"url\":\"https:\\\/\\\/www.caudete.org\\\/ayuntamiento\\\/\",\"logo\":{\"@type\":\"ImageObject\",\"inLanguage\":\"es\",\"@id\":\"https:\\\/\\\/www.caudete.org\\\/ayuntamiento\\\/#\\\/schema\\\/logo\\\/image\\\/\",\"url\":\"https:\\\/\\\/www.caudete.org\\\/ayuntamiento\\\/wp-content\\\/uploads\\\/2020\\\/11\\\/logo_ayuntamiento_caudete.jpg\",\"contentUrl\":\"https:\\\/\\\/www.caudete.org\\\/ayuntamiento\\\/wp-content\\\/uploads\\\/2020\\\/11\\\/logo_ayuntamiento_caudete.jpg\",\"width\":600,\"height\":150,\"caption\":\"Ayuntamiento de Caudete\"},\"image\":{\"@id\":\"https:\\\/\\\/www.caudete.org\\\/ayuntamiento\\\/#\\\/schema\\\/logo\\\/image\\\/\"},\"sameAs\":[\"https:\\\/\\\/www.facebook.com\\\/ayuntamientocaudete\\\/\",\"https:\\\/\\\/www.youtube.com\\\/channel\\\/UC6VztHaooNsGpw-tNoBEFnQ\"]},{\"@type\":\"Person\",\"@id\":\"https:\\\/\\\/www.caudete.org\\\/ayuntamiento\\\/#\\\/schema\\\/person\\\/cc646da9133078ee4d8dd47457947253\",\"name\":\"alcalde\",\"image\":{\"@type\":\"ImageObject\",\"inLanguage\":\"es\",\"@id\":\"https:\\\/\\\/secure.gravatar.com\\\/avatar\\\/84a817ba065b29ff08d666b215a215f5c79186a645ccb25b14a663d48a130f77?s=96&d=mm&r=g\",\"url\":\"https:\\\/\\\/secure.gravatar.com\\\/avatar\\\/84a817ba065b29ff08d666b215a215f5c79186a645ccb25b14a663d48a130f77?s=96&d=mm&r=g\",\"contentUrl\":\"https:\\\/\\\/secure.gravatar.com\\\/avatar\\\/84a817ba065b29ff08d666b215a215f5c79186a645ccb25b14a663d48a130f77?s=96&d=mm&r=g\",\"caption\":\"alcalde\"},\"url\":\"https:\\\/\\\/www.caudete.org\\\/ayuntamiento\\\/author\\\/alcalde\\\/\"}]}<\/script>\n<!-- \/ Yoast SEO plugin. -->","yoast_head_json":{"title":"M\u00e1s de 30 \u00e1rboles para Avenida de Villena - MI Ayuntamiento de Caudete","description":"P\u00e1gina Oficial del Ayuntamiento de Caudete (Albacete)","robots":{"index":"index","follow":"follow","max-snippet":"max-snippet:-1","max-image-preview":"max-image-preview:large","max-video-preview":"max-video-preview:-1"},"canonical":"https:\/\/www.caudete.org\/ayuntamiento\/30-arboles-para-avenida-de-villena\/","og_locale":"es_ES","og_type":"article","og_title":"M\u00e1s de 30 \u00e1rboles para Avenida de Villena - MI Ayuntamiento de Caudete","og_description":"P\u00e1gina Oficial del Ayuntamiento de Caudete (Albacete)","og_url":"https:\/\/www.caudete.org\/ayuntamiento\/30-arboles-para-avenida-de-villena\/","og_site_name":"MI Ayuntamiento de Caudete","article_publisher":"https:\/\/www.facebook.com\/ayuntamientocaudete\/","article_published_time":"2021-02-08T17:45:09+00:00","article_modified_time":"2021-02-09T07:35:50+00:00","og_image":[{"width":2048,"height":1536,"url":"https:\/\/www.caudete.org\/ayuntamiento\/wp-content\/uploads\/2021\/02\/WhatsApp-Image-2021-02-08-at-12.00.14.jpeg","type":"image\/jpeg"}],"author":"alcalde","twitter_card":"summary_large_image","twitter_misc":{"Escrito por":"alcalde","Tiempo de lectura":"2 minutos"},"schema":{"@context":"https:\/\/schema.org","@graph":[{"@type":"Article","@id":"https:\/\/www.caudete.org\/ayuntamiento\/30-arboles-para-avenida-de-villena\/#article","isPartOf":{"@id":"https:\/\/www.caudete.org\/ayuntamiento\/30-arboles-para-avenida-de-villena\/"},"author":{"name":"alcalde","@id":"https:\/\/www.caudete.org\/ayuntamiento\/#\/schema\/person\/cc646da9133078ee4d8dd47457947253"},"headline":"M\u00e1s de 30 \u00e1rboles para Avenida de Villena","datePublished":"2021-02-08T17:45:09+00:00","dateModified":"2021-02-09T07:35:50+00:00","mainEntityOfPage":{"@id":"https:\/\/www.caudete.org\/ayuntamiento\/30-arboles-para-avenida-de-villena\/"},"wordCount":344,"publisher":{"@id":"https:\/\/www.caudete.org\/ayuntamiento\/#organization"},"image":{"@id":"https:\/\/www.caudete.org\/ayuntamiento\/30-arboles-para-avenida-de-villena\/#primaryimage"},"thumbnailUrl":"https:\/\/www.caudete.org\/ayuntamiento\/wp-content\/uploads\/2021\/02\/WhatsApp-Image-2021-02-08-at-12.00.14.jpeg","keywords":["arbolado urbano","avenida villena","mejora","Plantacion \u00e1rboles","reposicion arbolado","Zonas Verdes"],"articleSection":["Medio Ambiente"],"inLanguage":"es"},{"@type":"WebPage","@id":"https:\/\/www.caudete.org\/ayuntamiento\/30-arboles-para-avenida-de-villena\/","url":"https:\/\/www.caudete.org\/ayuntamiento\/30-arboles-para-avenida-de-villena\/","name":"M\u00e1s de 30 \u00e1rboles para Avenida de Villena - MI Ayuntamiento de Caudete","isPartOf":{"@id":"https:\/\/www.caudete.org\/ayuntamiento\/#website"},"primaryImageOfPage":{"@id":"https:\/\/www.caudete.org\/ayuntamiento\/30-arboles-para-avenida-de-villena\/#primaryimage"},"image":{"@id":"https:\/\/www.caudete.org\/ayuntamiento\/30-arboles-para-avenida-de-villena\/#primaryimage"},"thumbnailUrl":"https:\/\/www.caudete.org\/ayuntamiento\/wp-content\/uploads\/2021\/02\/WhatsApp-Image-2021-02-08-at-12.00.14.jpeg","datePublished":"2021-02-08T17:45:09+00:00","dateModified":"2021-02-09T07:35:50+00:00","description":"P\u00e1gina Oficial del Ayuntamiento de Caudete (Albacete)","breadcrumb":{"@id":"https:\/\/www.caudete.org\/ayuntamiento\/30-arboles-para-avenida-de-villena\/#breadcrumb"},"inLanguage":"es","potentialAction":[{"@type":"ReadAction","target":["https:\/\/www.caudete.org\/ayuntamiento\/30-arboles-para-avenida-de-villena\/"]}]},{"@type":"ImageObject","inLanguage":"es","@id":"https:\/\/www.caudete.org\/ayuntamiento\/30-arboles-para-avenida-de-villena\/#primaryimage","url":"https:\/\/www.caudete.org\/ayuntamiento\/wp-content\/uploads\/2021\/02\/WhatsApp-Image-2021-02-08-at-12.00.14.jpeg","contentUrl":"https:\/\/www.caudete.org\/ayuntamiento\/wp-content\/uploads\/2021\/02\/WhatsApp-Image-2021-02-08-at-12.00.14.jpeg","width":2048,"height":1536},{"@type":"BreadcrumbList","@id":"https:\/\/www.caudete.org\/ayuntamiento\/30-arboles-para-avenida-de-villena\/#breadcrumb","itemListElement":[{"@type":"ListItem","position":1,"name":"Inicio","item":"https:\/\/www.caudete.org\/ayuntamiento\/"},{"@type":"ListItem","position":2,"name":"M\u00e1s de 30 \u00e1rboles para Avenida de Villena"}]},{"@type":"WebSite","@id":"https:\/\/www.caudete.org\/ayuntamiento\/#website","url":"https:\/\/www.caudete.org\/ayuntamiento\/","name":"MI Ayuntamiento de Caudete","description":"P\u00e1gina Oficial del MI Ayuntamiento de Caudete","publisher":{"@id":"https:\/\/www.caudete.org\/ayuntamiento\/#organization"},"potentialAction":[{"@type":"SearchAction","target":{"@type":"EntryPoint","urlTemplate":"https:\/\/www.caudete.org\/ayuntamiento\/?s={search_term_string}"},"query-input":{"@type":"PropertyValueSpecification","valueRequired":true,"valueName":"search_term_string"}}],"inLanguage":"es"},{"@type":"Organization","@id":"https:\/\/www.caudete.org\/ayuntamiento\/#organization","name":"Ayuntamiento de Caudete","url":"https:\/\/www.caudete.org\/ayuntamiento\/","logo":{"@type":"ImageObject","inLanguage":"es","@id":"https:\/\/www.caudete.org\/ayuntamiento\/#\/schema\/logo\/image\/","url":"https:\/\/www.caudete.org\/ayuntamiento\/wp-content\/uploads\/2020\/11\/logo_ayuntamiento_caudete.jpg","contentUrl":"https:\/\/www.caudete.org\/ayuntamiento\/wp-content\/uploads\/2020\/11\/logo_ayuntamiento_caudete.jpg","width":600,"height":150,"caption":"Ayuntamiento de Caudete"},"image":{"@id":"https:\/\/www.caudete.org\/ayuntamiento\/#\/schema\/logo\/image\/"},"sameAs":["https:\/\/www.facebook.com\/ayuntamientocaudete\/","https:\/\/www.youtube.com\/channel\/UC6VztHaooNsGpw-tNoBEFnQ"]},{"@type":"Person","@id":"https:\/\/www.caudete.org\/ayuntamiento\/#\/schema\/person\/cc646da9133078ee4d8dd47457947253","name":"alcalde","image":{"@type":"ImageObject","inLanguage":"es","@id":"https:\/\/secure.gravatar.com\/avatar\/84a817ba065b29ff08d666b215a215f5c79186a645ccb25b14a663d48a130f77?s=96&d=mm&r=g","url":"https:\/\/secure.gravatar.com\/avatar\/84a817ba065b29ff08d666b215a215f5c79186a645ccb25b14a663d48a130f77?s=96&d=mm&r=g","contentUrl":"https:\/\/secure.gravatar.com\/avatar\/84a817ba065b29ff08d666b215a215f5c79186a645ccb25b14a663d48a130f77?s=96&d=mm&r=g","caption":"alcalde"},"url":"https:\/\/www.caudete.org\/ayuntamiento\/author\/alcalde\/"}]}},"_links":{"self":[{"href":"https:\/\/www.caudete.org\/ayuntamiento\/wp-json\/wp\/v2\/posts\/12038","targetHints":{"allow":["GET"]}}],"collection":[{"href":"https:\/\/www.caudete.org\/ayuntamiento\/wp-json\/wp\/v2\/posts"}],"about":[{"href":"https:\/\/www.caudete.org\/ayuntamiento\/wp-json\/wp\/v2\/types\/post"}],"author":[{"embeddable":true,"href":"https:\/\/www.caudete.org\/ayuntamiento\/wp-json\/wp\/v2\/users\/3"}],"replies":[{"embeddable":true,"href":"https:\/\/www.caudete.org\/ayuntamiento\/wp-json\/wp\/v2\/comments?post=12038"}],"version-history":[{"count":3,"href":"https:\/\/www.caudete.org\/ayuntamiento\/wp-json\/wp\/v2\/posts\/12038\/revisions"}],"predecessor-version":[{"id":12063,"href":"https:\/\/www.caudete.org\/ayuntamiento\/wp-json\/wp\/v2\/posts\/12038\/revisions\/12063"}],"wp:featuredmedia":[{"embeddable":true,"href":"https:\/\/www.caudete.org\/ayuntamiento\/wp-json\/wp\/v2\/media\/12043"}],"wp:attachment":[{"href":"https:\/\/www.caudete.org\/ayuntamiento\/wp-json\/wp\/v2\/media?parent=12038"}],"wp:term":[{"taxonomy":"category","embeddable":true,"href":"https:\/\/www.caudete.org\/ayuntamiento\/wp-json\/wp\/v2\/categories?post=12038"},{"taxonomy":"post_tag","embeddable":true,"href":"https:\/\/www.caudete.org\/ayuntamiento\/wp-json\/wp\/v2\/tags?post=12038"}],"curies":[{"name":"wp","href":"https:\/\/api.w.org\/{rel}","templated":true}]}}