{"id":12047,"date":"2021-02-09T09:00:14","date_gmt":"2021-02-09T08:00:14","guid":{"rendered":"https:\/\/www.caudete.org\/ayuntamiento\/?p=12047"},"modified":"2021-02-08T20:49:30","modified_gmt":"2021-02-08T19:49:30","slug":"el-ayuntamiento-solicita-174mile-de-ayudas-por-los-efectos-de-gloria-enero-2020","status":"publish","type":"post","link":"https:\/\/www.caudete.org\/ayuntamiento\/el-ayuntamiento-solicita-174mile-de-ayudas-por-los-efectos-de-gloria-enero-2020\/","title":{"rendered":"El Ayuntamiento solicita 174mil\u20ac de ayudas por los efectos de GLORIA (Enero 2020)"},"content":{"rendered":"<p style=\"text-align: justify;\">La Concejal de Obras y Urbanismo, Marian Ballester ha dado a conocer la solicitud que el Ayuntamiento de Caudete ha efectuado al Gobierno de Espa\u00f1a por los da\u00f1os ocasionados en Enero de 2020 por las nevadas del temporal Gloria.<\/p>\n<p style=\"text-align: justify;\">Un total de 174.847&#8217;77\u20ac son los que reclama el Ayuntamiento para poder subsanar los da\u00f1os que se ocasionaron en diferentes edificios municipales, al amparo de la Convocatoria de subvenciones previstas en el Real Decreto 778\/2020 de 25 de Agosto, por el que se declara la aplicaci\u00f3n de las medidas previstas en el art.9 del Real Decreto Ley 11\/2019 de 20 de Septiembre por el que se adoptan medidas urgentes para paliar los da\u00f1os causados por temporales y otras situaciones catastr\u00f3ficas, a diversas situaciones catastr\u00f3ficas acaecidas entre el 1 de Abril de 2019 y el 31 de Marzo de 2020.<\/p>\n<p style=\"text-align: justify;\">En las dos \u00faltimas Juntas de Gobierno Local celebradas por el Equipo Municipal se acord\u00f3 por unanimidad el solicitar dichas ayudas, que en caso de que el Gobierno Central tenga a bien concederlas, puede dotar con hasta el 50% de lo valorado por los T\u00e9cnicos Municipales, y que en dicho caso permitir\u00e1 actuar en los siguientes puntos:<\/p>\n<ul>\n<li style=\"text-align: justify;\">25.200&#8217;00 \u20ac para la cubierta del Centro Social &#8220;Alcalde Vicente Lillo&#8221;<\/li>\n<li style=\"text-align: justify;\">12.500&#8217;00 \u20ac para la cubierta del Bar &#8220;La Piscina&#8221;, de titularidad municipal.<\/li>\n<li style=\"text-align: justify;\">39.138&#8217;56 \u20ac para la cubierta del CEIP &#8220;Alc\u00e1zar y Serrano&#8221;.<\/li>\n<li style=\"text-align: justify;\">39.534&#8217;38 \u20ac para la cubierta del Pabell\u00f3n Polideportivo Nuevo.<\/li>\n<li style=\"text-align: justify;\">26.013&#8217;39 \u20ac para la cubierta del Centro de Adultos.<\/li>\n<li style=\"text-align: justify;\">32.461&#8217;44 \u20ac para la cubierta del Matadero Municipal.<\/li>\n<\/ul>\n<p style=\"text-align: justify;\">Una vez finalizada la presentaci\u00f3n de toda la documentaci\u00f3n requerida, es momento de revisi\u00f3n por parte de las respectivas Subdelegaciones del Gobierno para su elevaci\u00f3n a acuerdo del \u00f3rgano competente, y dictar resoluci\u00f3n de las diferentes solicitudes que se hayan presentado.<\/p>\n","protected":false},"excerpt":{"rendered":"<p>La Concejal de Obras y Urbanismo, Marian Ballester ha dado a conocer la solicitud que el Ayuntamiento de Caudete ha efectuado al Gobierno de Espa\u00f1a por los da\u00f1os ocasionados en Enero de 2020 por las nevadas del temporal Gloria. Un total de 174.847&#8217;77\u20ac son los que reclama el Ayuntamiento para poder subsanar los da\u00f1os que &hellip;<\/p>\n","protected":false},"author":3,"featured_media":11466,"comment_status":"closed","ping_status":"open","sticky":false,"template":"","format":"standard","meta":{"ngg_post_thumbnail":0,"footnotes":""},"categories":[20],"tags":[383,381,202,382],"class_list":["post-12047","post","type-post","status-publish","format-standard","has-post-thumbnail","hentry","category-ayuntamiento","tag-danos","tag-gloria","tag-temporal","tag-temporal-gloria"],"yoast_head":"<!-- This site is optimized with the Yoast SEO plugin v27.4 - https:\/\/yoast.com\/product\/yoast-seo-wordpress\/ -->\n<title>El Ayuntamiento solicita 174mil\u20ac de ayudas por los efectos de GLORIA (Enero 2020) - MI Ayuntamiento de Caudete<\/title>\n<meta name=\"description\" content=\"P\u00e1gina Oficial del Ayuntamiento de Caudete (Albacete)\" \/>\n<meta name=\"robots\" content=\"index, follow, max-snippet:-1, max-image-preview:large, max-video-preview:-1\" \/>\n<link rel=\"canonical\" href=\"https:\/\/www.caudete.org\/ayuntamiento\/el-ayuntamiento-solicita-174mile-de-ayudas-por-los-efectos-de-gloria-enero-2020\/\" \/>\n<meta property=\"og:locale\" content=\"es_ES\" \/>\n<meta property=\"og:type\" content=\"article\" \/>\n<meta property=\"og:title\" content=\"El Ayuntamiento solicita 174mil\u20ac de ayudas por los efectos de GLORIA (Enero 2020) - MI Ayuntamiento de Caudete\" \/>\n<meta property=\"og:description\" content=\"P\u00e1gina Oficial del Ayuntamiento de Caudete (Albacete)\" \/>\n<meta property=\"og:url\" content=\"https:\/\/www.caudete.org\/ayuntamiento\/el-ayuntamiento-solicita-174mile-de-ayudas-por-los-efectos-de-gloria-enero-2020\/\" \/>\n<meta property=\"og:site_name\" content=\"MI Ayuntamiento de Caudete\" \/>\n<meta property=\"article:publisher\" content=\"https:\/\/www.facebook.com\/ayuntamientocaudete\/\" \/>\n<meta property=\"article:published_time\" content=\"2021-02-09T08:00:14+00:00\" \/>\n<meta property=\"og:image\" content=\"https:\/\/www.caudete.org\/ayuntamiento\/wp-content\/uploads\/2021\/01\/fotonoticia_20200118172200_1024.jpg\" \/>\n\t<meta property=\"og:image:width\" content=\"1024\" \/>\n\t<meta property=\"og:image:height\" content=\"683\" \/>\n\t<meta property=\"og:image:type\" content=\"image\/jpeg\" \/>\n<meta name=\"author\" content=\"alcalde\" \/>\n<meta name=\"twitter:card\" content=\"summary_large_image\" \/>\n<meta name=\"twitter:label1\" content=\"Escrito por\" \/>\n\t<meta name=\"twitter:data1\" content=\"alcalde\" \/>\n\t<meta name=\"twitter:label2\" content=\"Tiempo de lectura\" \/>\n\t<meta name=\"twitter:data2\" content=\"2 minutos\" \/>\n<script type=\"application\/ld+json\" class=\"yoast-schema-graph\">{\"@context\":\"https:\\\/\\\/schema.org\",\"@graph\":[{\"@type\":\"Article\",\"@id\":\"https:\\\/\\\/www.caudete.org\\\/ayuntamiento\\\/el-ayuntamiento-solicita-174mile-de-ayudas-por-los-efectos-de-gloria-enero-2020\\\/#article\",\"isPartOf\":{\"@id\":\"https:\\\/\\\/www.caudete.org\\\/ayuntamiento\\\/el-ayuntamiento-solicita-174mile-de-ayudas-por-los-efectos-de-gloria-enero-2020\\\/\"},\"author\":{\"name\":\"alcalde\",\"@id\":\"https:\\\/\\\/www.caudete.org\\\/ayuntamiento\\\/#\\\/schema\\\/person\\\/cc646da9133078ee4d8dd47457947253\"},\"headline\":\"El Ayuntamiento solicita 174mil\u20ac de ayudas por los efectos de GLORIA (Enero 2020)\",\"datePublished\":\"2021-02-09T08:00:14+00:00\",\"mainEntityOfPage\":{\"@id\":\"https:\\\/\\\/www.caudete.org\\\/ayuntamiento\\\/el-ayuntamiento-solicita-174mile-de-ayudas-por-los-efectos-de-gloria-enero-2020\\\/\"},\"wordCount\":299,\"publisher\":{\"@id\":\"https:\\\/\\\/www.caudete.org\\\/ayuntamiento\\\/#organization\"},\"image\":{\"@id\":\"https:\\\/\\\/www.caudete.org\\\/ayuntamiento\\\/el-ayuntamiento-solicita-174mile-de-ayudas-por-los-efectos-de-gloria-enero-2020\\\/#primaryimage\"},\"thumbnailUrl\":\"https:\\\/\\\/www.caudete.org\\\/ayuntamiento\\\/wp-content\\\/uploads\\\/2021\\\/01\\\/fotonoticia_20200118172200_1024.jpg\",\"keywords\":[\"da\u00f1os\",\"gloria\",\"temporal\",\"temporal gloria\"],\"articleSection\":[\"Ayuntamiento\"],\"inLanguage\":\"es\"},{\"@type\":\"WebPage\",\"@id\":\"https:\\\/\\\/www.caudete.org\\\/ayuntamiento\\\/el-ayuntamiento-solicita-174mile-de-ayudas-por-los-efectos-de-gloria-enero-2020\\\/\",\"url\":\"https:\\\/\\\/www.caudete.org\\\/ayuntamiento\\\/el-ayuntamiento-solicita-174mile-de-ayudas-por-los-efectos-de-gloria-enero-2020\\\/\",\"name\":\"El Ayuntamiento solicita 174mil\u20ac de ayudas por los efectos de GLORIA (Enero 2020) - MI Ayuntamiento de Caudete\",\"isPartOf\":{\"@id\":\"https:\\\/\\\/www.caudete.org\\\/ayuntamiento\\\/#website\"},\"primaryImageOfPage\":{\"@id\":\"https:\\\/\\\/www.caudete.org\\\/ayuntamiento\\\/el-ayuntamiento-solicita-174mile-de-ayudas-por-los-efectos-de-gloria-enero-2020\\\/#primaryimage\"},\"image\":{\"@id\":\"https:\\\/\\\/www.caudete.org\\\/ayuntamiento\\\/el-ayuntamiento-solicita-174mile-de-ayudas-por-los-efectos-de-gloria-enero-2020\\\/#primaryimage\"},\"thumbnailUrl\":\"https:\\\/\\\/www.caudete.org\\\/ayuntamiento\\\/wp-content\\\/uploads\\\/2021\\\/01\\\/fotonoticia_20200118172200_1024.jpg\",\"datePublished\":\"2021-02-09T08:00:14+00:00\",\"description\":\"P\u00e1gina Oficial del Ayuntamiento de Caudete (Albacete)\",\"breadcrumb\":{\"@id\":\"https:\\\/\\\/www.caudete.org\\\/ayuntamiento\\\/el-ayuntamiento-solicita-174mile-de-ayudas-por-los-efectos-de-gloria-enero-2020\\\/#breadcrumb\"},\"inLanguage\":\"es\",\"potentialAction\":[{\"@type\":\"ReadAction\",\"target\":[\"https:\\\/\\\/www.caudete.org\\\/ayuntamiento\\\/el-ayuntamiento-solicita-174mile-de-ayudas-por-los-efectos-de-gloria-enero-2020\\\/\"]}]},{\"@type\":\"ImageObject\",\"inLanguage\":\"es\",\"@id\":\"https:\\\/\\\/www.caudete.org\\\/ayuntamiento\\\/el-ayuntamiento-solicita-174mile-de-ayudas-por-los-efectos-de-gloria-enero-2020\\\/#primaryimage\",\"url\":\"https:\\\/\\\/www.caudete.org\\\/ayuntamiento\\\/wp-content\\\/uploads\\\/2021\\\/01\\\/fotonoticia_20200118172200_1024.jpg\",\"contentUrl\":\"https:\\\/\\\/www.caudete.org\\\/ayuntamiento\\\/wp-content\\\/uploads\\\/2021\\\/01\\\/fotonoticia_20200118172200_1024.jpg\",\"width\":1024,\"height\":683},{\"@type\":\"BreadcrumbList\",\"@id\":\"https:\\\/\\\/www.caudete.org\\\/ayuntamiento\\\/el-ayuntamiento-solicita-174mile-de-ayudas-por-los-efectos-de-gloria-enero-2020\\\/#breadcrumb\",\"itemListElement\":[{\"@type\":\"ListItem\",\"position\":1,\"name\":\"Inicio\",\"item\":\"https:\\\/\\\/www.caudete.org\\\/ayuntamiento\\\/\"},{\"@type\":\"ListItem\",\"position\":2,\"name\":\"El Ayuntamiento solicita 174mil\u20ac de ayudas por los efectos de GLORIA (Enero 2020)\"}]},{\"@type\":\"WebSite\",\"@id\":\"https:\\\/\\\/www.caudete.org\\\/ayuntamiento\\\/#website\",\"url\":\"https:\\\/\\\/www.caudete.org\\\/ayuntamiento\\\/\",\"name\":\"MI Ayuntamiento de Caudete\",\"description\":\"P\u00e1gina Oficial del MI Ayuntamiento de Caudete\",\"publisher\":{\"@id\":\"https:\\\/\\\/www.caudete.org\\\/ayuntamiento\\\/#organization\"},\"potentialAction\":[{\"@type\":\"SearchAction\",\"target\":{\"@type\":\"EntryPoint\",\"urlTemplate\":\"https:\\\/\\\/www.caudete.org\\\/ayuntamiento\\\/?s={search_term_string}\"},\"query-input\":{\"@type\":\"PropertyValueSpecification\",\"valueRequired\":true,\"valueName\":\"search_term_string\"}}],\"inLanguage\":\"es\"},{\"@type\":\"Organization\",\"@id\":\"https:\\\/\\\/www.caudete.org\\\/ayuntamiento\\\/#organization\",\"name\":\"Ayuntamiento de Caudete\",\"url\":\"https:\\\/\\\/www.caudete.org\\\/ayuntamiento\\\/\",\"logo\":{\"@type\":\"ImageObject\",\"inLanguage\":\"es\",\"@id\":\"https:\\\/\\\/www.caudete.org\\\/ayuntamiento\\\/#\\\/schema\\\/logo\\\/image\\\/\",\"url\":\"https:\\\/\\\/www.caudete.org\\\/ayuntamiento\\\/wp-content\\\/uploads\\\/2020\\\/11\\\/logo_ayuntamiento_caudete.jpg\",\"contentUrl\":\"https:\\\/\\\/www.caudete.org\\\/ayuntamiento\\\/wp-content\\\/uploads\\\/2020\\\/11\\\/logo_ayuntamiento_caudete.jpg\",\"width\":600,\"height\":150,\"caption\":\"Ayuntamiento de Caudete\"},\"image\":{\"@id\":\"https:\\\/\\\/www.caudete.org\\\/ayuntamiento\\\/#\\\/schema\\\/logo\\\/image\\\/\"},\"sameAs\":[\"https:\\\/\\\/www.facebook.com\\\/ayuntamientocaudete\\\/\",\"https:\\\/\\\/www.youtube.com\\\/channel\\\/UC6VztHaooNsGpw-tNoBEFnQ\"]},{\"@type\":\"Person\",\"@id\":\"https:\\\/\\\/www.caudete.org\\\/ayuntamiento\\\/#\\\/schema\\\/person\\\/cc646da9133078ee4d8dd47457947253\",\"name\":\"alcalde\",\"image\":{\"@type\":\"ImageObject\",\"inLanguage\":\"es\",\"@id\":\"https:\\\/\\\/secure.gravatar.com\\\/avatar\\\/84a817ba065b29ff08d666b215a215f5c79186a645ccb25b14a663d48a130f77?s=96&d=mm&r=g\",\"url\":\"https:\\\/\\\/secure.gravatar.com\\\/avatar\\\/84a817ba065b29ff08d666b215a215f5c79186a645ccb25b14a663d48a130f77?s=96&d=mm&r=g\",\"contentUrl\":\"https:\\\/\\\/secure.gravatar.com\\\/avatar\\\/84a817ba065b29ff08d666b215a215f5c79186a645ccb25b14a663d48a130f77?s=96&d=mm&r=g\",\"caption\":\"alcalde\"},\"url\":\"https:\\\/\\\/www.caudete.org\\\/ayuntamiento\\\/author\\\/alcalde\\\/\"}]}<\/script>\n<!-- \/ Yoast SEO plugin. -->","yoast_head_json":{"title":"El Ayuntamiento solicita 174mil\u20ac de ayudas por los efectos de GLORIA (Enero 2020) - MI Ayuntamiento de Caudete","description":"P\u00e1gina Oficial del Ayuntamiento de Caudete (Albacete)","robots":{"index":"index","follow":"follow","max-snippet":"max-snippet:-1","max-image-preview":"max-image-preview:large","max-video-preview":"max-video-preview:-1"},"canonical":"https:\/\/www.caudete.org\/ayuntamiento\/el-ayuntamiento-solicita-174mile-de-ayudas-por-los-efectos-de-gloria-enero-2020\/","og_locale":"es_ES","og_type":"article","og_title":"El Ayuntamiento solicita 174mil\u20ac de ayudas por los efectos de GLORIA (Enero 2020) - MI Ayuntamiento de Caudete","og_description":"P\u00e1gina Oficial del Ayuntamiento de Caudete (Albacete)","og_url":"https:\/\/www.caudete.org\/ayuntamiento\/el-ayuntamiento-solicita-174mile-de-ayudas-por-los-efectos-de-gloria-enero-2020\/","og_site_name":"MI Ayuntamiento de Caudete","article_publisher":"https:\/\/www.facebook.com\/ayuntamientocaudete\/","article_published_time":"2021-02-09T08:00:14+00:00","og_image":[{"width":1024,"height":683,"url":"https:\/\/www.caudete.org\/ayuntamiento\/wp-content\/uploads\/2021\/01\/fotonoticia_20200118172200_1024.jpg","type":"image\/jpeg"}],"author":"alcalde","twitter_card":"summary_large_image","twitter_misc":{"Escrito por":"alcalde","Tiempo de lectura":"2 minutos"},"schema":{"@context":"https:\/\/schema.org","@graph":[{"@type":"Article","@id":"https:\/\/www.caudete.org\/ayuntamiento\/el-ayuntamiento-solicita-174mile-de-ayudas-por-los-efectos-de-gloria-enero-2020\/#article","isPartOf":{"@id":"https:\/\/www.caudete.org\/ayuntamiento\/el-ayuntamiento-solicita-174mile-de-ayudas-por-los-efectos-de-gloria-enero-2020\/"},"author":{"name":"alcalde","@id":"https:\/\/www.caudete.org\/ayuntamiento\/#\/schema\/person\/cc646da9133078ee4d8dd47457947253"},"headline":"El Ayuntamiento solicita 174mil\u20ac de ayudas por los efectos de GLORIA (Enero 2020)","datePublished":"2021-02-09T08:00:14+00:00","mainEntityOfPage":{"@id":"https:\/\/www.caudete.org\/ayuntamiento\/el-ayuntamiento-solicita-174mile-de-ayudas-por-los-efectos-de-gloria-enero-2020\/"},"wordCount":299,"publisher":{"@id":"https:\/\/www.caudete.org\/ayuntamiento\/#organization"},"image":{"@id":"https:\/\/www.caudete.org\/ayuntamiento\/el-ayuntamiento-solicita-174mile-de-ayudas-por-los-efectos-de-gloria-enero-2020\/#primaryimage"},"thumbnailUrl":"https:\/\/www.caudete.org\/ayuntamiento\/wp-content\/uploads\/2021\/01\/fotonoticia_20200118172200_1024.jpg","keywords":["da\u00f1os","gloria","temporal","temporal gloria"],"articleSection":["Ayuntamiento"],"inLanguage":"es"},{"@type":"WebPage","@id":"https:\/\/www.caudete.org\/ayuntamiento\/el-ayuntamiento-solicita-174mile-de-ayudas-por-los-efectos-de-gloria-enero-2020\/","url":"https:\/\/www.caudete.org\/ayuntamiento\/el-ayuntamiento-solicita-174mile-de-ayudas-por-los-efectos-de-gloria-enero-2020\/","name":"El Ayuntamiento solicita 174mil\u20ac de ayudas por los efectos de GLORIA (Enero 2020) - MI Ayuntamiento de Caudete","isPartOf":{"@id":"https:\/\/www.caudete.org\/ayuntamiento\/#website"},"primaryImageOfPage":{"@id":"https:\/\/www.caudete.org\/ayuntamiento\/el-ayuntamiento-solicita-174mile-de-ayudas-por-los-efectos-de-gloria-enero-2020\/#primaryimage"},"image":{"@id":"https:\/\/www.caudete.org\/ayuntamiento\/el-ayuntamiento-solicita-174mile-de-ayudas-por-los-efectos-de-gloria-enero-2020\/#primaryimage"},"thumbnailUrl":"https:\/\/www.caudete.org\/ayuntamiento\/wp-content\/uploads\/2021\/01\/fotonoticia_20200118172200_1024.jpg","datePublished":"2021-02-09T08:00:14+00:00","description":"P\u00e1gina Oficial del Ayuntamiento de Caudete (Albacete)","breadcrumb":{"@id":"https:\/\/www.caudete.org\/ayuntamiento\/el-ayuntamiento-solicita-174mile-de-ayudas-por-los-efectos-de-gloria-enero-2020\/#breadcrumb"},"inLanguage":"es","potentialAction":[{"@type":"ReadAction","target":["https:\/\/www.caudete.org\/ayuntamiento\/el-ayuntamiento-solicita-174mile-de-ayudas-por-los-efectos-de-gloria-enero-2020\/"]}]},{"@type":"ImageObject","inLanguage":"es","@id":"https:\/\/www.caudete.org\/ayuntamiento\/el-ayuntamiento-solicita-174mile-de-ayudas-por-los-efectos-de-gloria-enero-2020\/#primaryimage","url":"https:\/\/www.caudete.org\/ayuntamiento\/wp-content\/uploads\/2021\/01\/fotonoticia_20200118172200_1024.jpg","contentUrl":"https:\/\/www.caudete.org\/ayuntamiento\/wp-content\/uploads\/2021\/01\/fotonoticia_20200118172200_1024.jpg","width":1024,"height":683},{"@type":"BreadcrumbList","@id":"https:\/\/www.caudete.org\/ayuntamiento\/el-ayuntamiento-solicita-174mile-de-ayudas-por-los-efectos-de-gloria-enero-2020\/#breadcrumb","itemListElement":[{"@type":"ListItem","position":1,"name":"Inicio","item":"https:\/\/www.caudete.org\/ayuntamiento\/"},{"@type":"ListItem","position":2,"name":"El Ayuntamiento solicita 174mil\u20ac de ayudas por los efectos de GLORIA (Enero 2020)"}]},{"@type":"WebSite","@id":"https:\/\/www.caudete.org\/ayuntamiento\/#website","url":"https:\/\/www.caudete.org\/ayuntamiento\/","name":"MI Ayuntamiento de Caudete","description":"P\u00e1gina Oficial del MI Ayuntamiento de Caudete","publisher":{"@id":"https:\/\/www.caudete.org\/ayuntamiento\/#organization"},"potentialAction":[{"@type":"SearchAction","target":{"@type":"EntryPoint","urlTemplate":"https:\/\/www.caudete.org\/ayuntamiento\/?s={search_term_string}"},"query-input":{"@type":"PropertyValueSpecification","valueRequired":true,"valueName":"search_term_string"}}],"inLanguage":"es"},{"@type":"Organization","@id":"https:\/\/www.caudete.org\/ayuntamiento\/#organization","name":"Ayuntamiento de Caudete","url":"https:\/\/www.caudete.org\/ayuntamiento\/","logo":{"@type":"ImageObject","inLanguage":"es","@id":"https:\/\/www.caudete.org\/ayuntamiento\/#\/schema\/logo\/image\/","url":"https:\/\/www.caudete.org\/ayuntamiento\/wp-content\/uploads\/2020\/11\/logo_ayuntamiento_caudete.jpg","contentUrl":"https:\/\/www.caudete.org\/ayuntamiento\/wp-content\/uploads\/2020\/11\/logo_ayuntamiento_caudete.jpg","width":600,"height":150,"caption":"Ayuntamiento de Caudete"},"image":{"@id":"https:\/\/www.caudete.org\/ayuntamiento\/#\/schema\/logo\/image\/"},"sameAs":["https:\/\/www.facebook.com\/ayuntamientocaudete\/","https:\/\/www.youtube.com\/channel\/UC6VztHaooNsGpw-tNoBEFnQ"]},{"@type":"Person","@id":"https:\/\/www.caudete.org\/ayuntamiento\/#\/schema\/person\/cc646da9133078ee4d8dd47457947253","name":"alcalde","image":{"@type":"ImageObject","inLanguage":"es","@id":"https:\/\/secure.gravatar.com\/avatar\/84a817ba065b29ff08d666b215a215f5c79186a645ccb25b14a663d48a130f77?s=96&d=mm&r=g","url":"https:\/\/secure.gravatar.com\/avatar\/84a817ba065b29ff08d666b215a215f5c79186a645ccb25b14a663d48a130f77?s=96&d=mm&r=g","contentUrl":"https:\/\/secure.gravatar.com\/avatar\/84a817ba065b29ff08d666b215a215f5c79186a645ccb25b14a663d48a130f77?s=96&d=mm&r=g","caption":"alcalde"},"url":"https:\/\/www.caudete.org\/ayuntamiento\/author\/alcalde\/"}]}},"_links":{"self":[{"href":"https:\/\/www.caudete.org\/ayuntamiento\/wp-json\/wp\/v2\/posts\/12047","targetHints":{"allow":["GET"]}}],"collection":[{"href":"https:\/\/www.caudete.org\/ayuntamiento\/wp-json\/wp\/v2\/posts"}],"about":[{"href":"https:\/\/www.caudete.org\/ayuntamiento\/wp-json\/wp\/v2\/types\/post"}],"author":[{"embeddable":true,"href":"https:\/\/www.caudete.org\/ayuntamiento\/wp-json\/wp\/v2\/users\/3"}],"replies":[{"embeddable":true,"href":"https:\/\/www.caudete.org\/ayuntamiento\/wp-json\/wp\/v2\/comments?post=12047"}],"version-history":[{"count":3,"href":"https:\/\/www.caudete.org\/ayuntamiento\/wp-json\/wp\/v2\/posts\/12047\/revisions"}],"predecessor-version":[{"id":12051,"href":"https:\/\/www.caudete.org\/ayuntamiento\/wp-json\/wp\/v2\/posts\/12047\/revisions\/12051"}],"wp:featuredmedia":[{"embeddable":true,"href":"https:\/\/www.caudete.org\/ayuntamiento\/wp-json\/wp\/v2\/media\/11466"}],"wp:attachment":[{"href":"https:\/\/www.caudete.org\/ayuntamiento\/wp-json\/wp\/v2\/media?parent=12047"}],"wp:term":[{"taxonomy":"category","embeddable":true,"href":"https:\/\/www.caudete.org\/ayuntamiento\/wp-json\/wp\/v2\/categories?post=12047"},{"taxonomy":"post_tag","embeddable":true,"href":"https:\/\/www.caudete.org\/ayuntamiento\/wp-json\/wp\/v2\/tags?post=12047"}],"curies":[{"name":"wp","href":"https:\/\/api.w.org\/{rel}","templated":true}]}}