{"id":12059,"date":"2021-02-09T10:00:15","date_gmt":"2021-02-09T09:00:15","guid":{"rendered":"https:\/\/www.caudete.org\/ayuntamiento\/?p=12059"},"modified":"2021-02-09T09:49:12","modified_gmt":"2021-02-09T08:49:12","slug":"denegada-por-la-jccm-la-ayuda-para-tratamiento-selvicola-en-el-revolcador","status":"publish","type":"post","link":"https:\/\/www.caudete.org\/ayuntamiento\/denegada-por-la-jccm-la-ayuda-para-tratamiento-selvicola-en-el-revolcador\/","title":{"rendered":"Denegada por la JCCM la ayuda para tratamiento selv\u00edcola en El Revolcador"},"content":{"rendered":"<p style=\"text-align: justify;\">Esta ma\u00f1ana, la Concejal de Medio Ambiente, Marian Ballester daba a conocer que hace unos d\u00edas se registraba en el Ayuntamiento la resoluci\u00f3n definitiva de la convocatoria 2018 de la JCCM que establec\u00eda ayudas para realizar tratamientos selv\u00edcolas en el territorio castellanomanchego, y que ha resultado denegada para Caudete por &#8220;falta de cr\u00e9dito presupuestario&#8221;, como ocurr\u00eda hace una semana con la presentada para el Paraje Natural &#8220;La Toconera&#8221;.<\/p>\n<p style=\"text-align: justify;\">La propuesta y solicitud presentada por el Consistorio caudetano se efectuaba en Febrero de 2019, al amparo de la\u00a0 Orden de 20\/07\/2016, de la Consejer\u00eda de Agricultura, Medio Ambiente y Desarrollo Rural, en el marco del Programa de Desarrollo Rural de Castilla-La Mancha 2014-2020.<\/p>\n<p style=\"text-align: justify;\">La actuaci\u00f3n, se propon\u00eda en el Parque E\u00f3lico de Cerro Revolcador, el paraje \u201cCasa de Torres\u201d, \u201cLos Barracones\u201d, y \u201cEl Revolcador\u201d, sobre un total de 50 hect\u00e1reas, con el fin de establecer una mejor conservaci\u00f3n de las masas forestales a trav\u00e9s de la gesti\u00f3n forestal sostenible activa, por un importe total de 77.907&#8217;17 \u20ac m\u00e1s IVA.<\/p>\n<p style=\"text-align: justify;\">Los trabajos se divid\u00edan en dos zonas diferenciadas, con una densidad de arbolado de 2000 pies\/ha en 22,76 hect\u00e1reas, y por otro lado para la restante superficie (26,57 ha), la densidad de arbolado es de 1300 pies\/ha.<\/p>\n<p>&nbsp;<\/p>\n<p>Las diferentes fases de trabajos se establecen en:<\/p>\n<p style=\"text-align: justify;\"><strong>1\u00ba.-CLAREOS:<\/strong> Se cortar\u00e1n los pies sobrantes, cuando la densidad del arbolado sea excesiva, con el fin de disminuir la competencia por el agua y los nutrientes, favoreciendo el crecimiento y desarrollo de los mejores \u00e1rboles y consiguiendo una distribuci\u00f3n y espesura<br \/>\nadecuadas.<br \/>\nLos \u00e1rboles objeto de corta ser\u00e1n los de menor di\u00e1metro, defectuosos, enfermos, dominados, ahorquillados, respetando los de mejor porte. Nunca ser\u00e1n objeto de corta los pies aislados. Los tocones de los troncos cortados no sobresaldr\u00e1n m\u00e1s de 10 cm del suelo.<\/p>\n<p style=\"text-align: justify;\"><strong>2\u00ba.- PODAS:<\/strong> Tanto en pinos como en resalvos, la poda alcanzar\u00e1 una altura m\u00e1xima de 1\/3 de la altura total del arbolado. En cualquier caso nunca ser\u00e1 superior a 3 m.<br \/>\nCon la poda se pretende mejorar la conformaci\u00f3n del \u00e1rbol disminuyendo, asimismo, el riesgo de aparici\u00f3n y\/o propagaci\u00f3n de incendios.<\/p>\n<p style=\"text-align: justify;\"><strong>3\u00ba.- GESTI\u00d3N DE RESIDUOS:<\/strong> se har\u00e1 mediante recogida, acordonado y triturado de los restos vegetales con desbrozadora o astilladora, debiendo realizar tantas pasadas con los aperos como sean necesarias para conseguir una descomposici\u00f3n lo m\u00e1s r\u00e1pida posible. En el caso de que no se pueda triturar, quemaremos los restos.<\/p>\n<p>&nbsp;<\/p>\n","protected":false},"excerpt":{"rendered":"<p>Esta ma\u00f1ana, la Concejal de Medio Ambiente, Marian Ballester daba a conocer que hace unos d\u00edas se registraba en el Ayuntamiento la resoluci\u00f3n definitiva de la convocatoria 2018 de la JCCM que establec\u00eda ayudas para realizar tratamientos selv\u00edcolas en el territorio castellanomanchego, y que ha resultado denegada para Caudete por &#8220;falta de cr\u00e9dito presupuestario&#8221;, como &hellip;<\/p>\n","protected":false},"author":3,"featured_media":12060,"comment_status":"closed","ping_status":"open","sticky":false,"template":"","format":"standard","meta":{"ngg_post_thumbnail":0,"footnotes":""},"categories":[29],"tags":[390,389,387,391,392,327,393,386],"class_list":["post-12059","post","type-post","status-publish","format-standard","has-post-thumbnail","hentry","category-medio-ambiente","tag-clareo","tag-denegada","tag-el-revolcador","tag-pdr","tag-pdr-2014-2020","tag-poda","tag-subvencion","tag-tratamiento-selvicola"],"yoast_head":"<!-- This site is optimized with the Yoast SEO plugin v27.4 - https:\/\/yoast.com\/product\/yoast-seo-wordpress\/ -->\n<title>Denegada por la JCCM la ayuda para tratamiento selv\u00edcola en El Revolcador - MI Ayuntamiento de Caudete<\/title>\n<meta name=\"description\" content=\"P\u00e1gina Oficial del Ayuntamiento de Caudete (Albacete)\" \/>\n<meta name=\"robots\" content=\"index, follow, max-snippet:-1, max-image-preview:large, max-video-preview:-1\" \/>\n<link rel=\"canonical\" href=\"https:\/\/www.caudete.org\/ayuntamiento\/denegada-por-la-jccm-la-ayuda-para-tratamiento-selvicola-en-el-revolcador\/\" \/>\n<meta property=\"og:locale\" content=\"es_ES\" \/>\n<meta property=\"og:type\" content=\"article\" \/>\n<meta property=\"og:title\" content=\"Denegada por la JCCM la ayuda para tratamiento selv\u00edcola en El Revolcador - MI Ayuntamiento de Caudete\" \/>\n<meta property=\"og:description\" content=\"P\u00e1gina Oficial del Ayuntamiento de Caudete (Albacete)\" \/>\n<meta property=\"og:url\" content=\"https:\/\/www.caudete.org\/ayuntamiento\/denegada-por-la-jccm-la-ayuda-para-tratamiento-selvicola-en-el-revolcador\/\" \/>\n<meta property=\"og:site_name\" content=\"MI Ayuntamiento de Caudete\" \/>\n<meta property=\"article:publisher\" content=\"https:\/\/www.facebook.com\/ayuntamientocaudete\/\" \/>\n<meta property=\"article:published_time\" content=\"2021-02-09T09:00:15+00:00\" \/>\n<meta property=\"og:image\" content=\"https:\/\/www.caudete.org\/ayuntamiento\/wp-content\/uploads\/2021\/02\/2-5-scaled.jpg\" \/>\n\t<meta property=\"og:image:width\" content=\"2560\" \/>\n\t<meta property=\"og:image:height\" content=\"1440\" \/>\n\t<meta property=\"og:image:type\" content=\"image\/jpeg\" \/>\n<meta name=\"author\" content=\"alcalde\" \/>\n<meta name=\"twitter:card\" content=\"summary_large_image\" \/>\n<meta name=\"twitter:label1\" content=\"Escrito por\" \/>\n\t<meta name=\"twitter:data1\" content=\"alcalde\" \/>\n\t<meta name=\"twitter:label2\" content=\"Tiempo de lectura\" \/>\n\t<meta name=\"twitter:data2\" content=\"2 minutos\" \/>\n<script type=\"application\/ld+json\" class=\"yoast-schema-graph\">{\"@context\":\"https:\\\/\\\/schema.org\",\"@graph\":[{\"@type\":\"Article\",\"@id\":\"https:\\\/\\\/www.caudete.org\\\/ayuntamiento\\\/denegada-por-la-jccm-la-ayuda-para-tratamiento-selvicola-en-el-revolcador\\\/#article\",\"isPartOf\":{\"@id\":\"https:\\\/\\\/www.caudete.org\\\/ayuntamiento\\\/denegada-por-la-jccm-la-ayuda-para-tratamiento-selvicola-en-el-revolcador\\\/\"},\"author\":{\"name\":\"alcalde\",\"@id\":\"https:\\\/\\\/www.caudete.org\\\/ayuntamiento\\\/#\\\/schema\\\/person\\\/cc646da9133078ee4d8dd47457947253\"},\"headline\":\"Denegada por la JCCM la ayuda para tratamiento selv\u00edcola en El Revolcador\",\"datePublished\":\"2021-02-09T09:00:15+00:00\",\"mainEntityOfPage\":{\"@id\":\"https:\\\/\\\/www.caudete.org\\\/ayuntamiento\\\/denegada-por-la-jccm-la-ayuda-para-tratamiento-selvicola-en-el-revolcador\\\/\"},\"wordCount\":434,\"publisher\":{\"@id\":\"https:\\\/\\\/www.caudete.org\\\/ayuntamiento\\\/#organization\"},\"image\":{\"@id\":\"https:\\\/\\\/www.caudete.org\\\/ayuntamiento\\\/denegada-por-la-jccm-la-ayuda-para-tratamiento-selvicola-en-el-revolcador\\\/#primaryimage\"},\"thumbnailUrl\":\"https:\\\/\\\/www.caudete.org\\\/ayuntamiento\\\/wp-content\\\/uploads\\\/2021\\\/02\\\/2-5-scaled.jpg\",\"keywords\":[\"clareo\",\"denegada\",\"el revolcador\",\"PDR\",\"PDR 2014-2020\",\"poda\",\"subvencion\",\"tratamiento selvicola\"],\"articleSection\":[\"Medio Ambiente\"],\"inLanguage\":\"es\"},{\"@type\":\"WebPage\",\"@id\":\"https:\\\/\\\/www.caudete.org\\\/ayuntamiento\\\/denegada-por-la-jccm-la-ayuda-para-tratamiento-selvicola-en-el-revolcador\\\/\",\"url\":\"https:\\\/\\\/www.caudete.org\\\/ayuntamiento\\\/denegada-por-la-jccm-la-ayuda-para-tratamiento-selvicola-en-el-revolcador\\\/\",\"name\":\"Denegada por la JCCM la ayuda para tratamiento selv\u00edcola en El Revolcador - MI Ayuntamiento de Caudete\",\"isPartOf\":{\"@id\":\"https:\\\/\\\/www.caudete.org\\\/ayuntamiento\\\/#website\"},\"primaryImageOfPage\":{\"@id\":\"https:\\\/\\\/www.caudete.org\\\/ayuntamiento\\\/denegada-por-la-jccm-la-ayuda-para-tratamiento-selvicola-en-el-revolcador\\\/#primaryimage\"},\"image\":{\"@id\":\"https:\\\/\\\/www.caudete.org\\\/ayuntamiento\\\/denegada-por-la-jccm-la-ayuda-para-tratamiento-selvicola-en-el-revolcador\\\/#primaryimage\"},\"thumbnailUrl\":\"https:\\\/\\\/www.caudete.org\\\/ayuntamiento\\\/wp-content\\\/uploads\\\/2021\\\/02\\\/2-5-scaled.jpg\",\"datePublished\":\"2021-02-09T09:00:15+00:00\",\"description\":\"P\u00e1gina Oficial del Ayuntamiento de Caudete (Albacete)\",\"breadcrumb\":{\"@id\":\"https:\\\/\\\/www.caudete.org\\\/ayuntamiento\\\/denegada-por-la-jccm-la-ayuda-para-tratamiento-selvicola-en-el-revolcador\\\/#breadcrumb\"},\"inLanguage\":\"es\",\"potentialAction\":[{\"@type\":\"ReadAction\",\"target\":[\"https:\\\/\\\/www.caudete.org\\\/ayuntamiento\\\/denegada-por-la-jccm-la-ayuda-para-tratamiento-selvicola-en-el-revolcador\\\/\"]}]},{\"@type\":\"ImageObject\",\"inLanguage\":\"es\",\"@id\":\"https:\\\/\\\/www.caudete.org\\\/ayuntamiento\\\/denegada-por-la-jccm-la-ayuda-para-tratamiento-selvicola-en-el-revolcador\\\/#primaryimage\",\"url\":\"https:\\\/\\\/www.caudete.org\\\/ayuntamiento\\\/wp-content\\\/uploads\\\/2021\\\/02\\\/2-5-scaled.jpg\",\"contentUrl\":\"https:\\\/\\\/www.caudete.org\\\/ayuntamiento\\\/wp-content\\\/uploads\\\/2021\\\/02\\\/2-5-scaled.jpg\",\"width\":2560,\"height\":1440},{\"@type\":\"BreadcrumbList\",\"@id\":\"https:\\\/\\\/www.caudete.org\\\/ayuntamiento\\\/denegada-por-la-jccm-la-ayuda-para-tratamiento-selvicola-en-el-revolcador\\\/#breadcrumb\",\"itemListElement\":[{\"@type\":\"ListItem\",\"position\":1,\"name\":\"Inicio\",\"item\":\"https:\\\/\\\/www.caudete.org\\\/ayuntamiento\\\/\"},{\"@type\":\"ListItem\",\"position\":2,\"name\":\"Denegada por la JCCM la ayuda para tratamiento selv\u00edcola en El Revolcador\"}]},{\"@type\":\"WebSite\",\"@id\":\"https:\\\/\\\/www.caudete.org\\\/ayuntamiento\\\/#website\",\"url\":\"https:\\\/\\\/www.caudete.org\\\/ayuntamiento\\\/\",\"name\":\"MI Ayuntamiento de Caudete\",\"description\":\"P\u00e1gina Oficial del MI Ayuntamiento de Caudete\",\"publisher\":{\"@id\":\"https:\\\/\\\/www.caudete.org\\\/ayuntamiento\\\/#organization\"},\"potentialAction\":[{\"@type\":\"SearchAction\",\"target\":{\"@type\":\"EntryPoint\",\"urlTemplate\":\"https:\\\/\\\/www.caudete.org\\\/ayuntamiento\\\/?s={search_term_string}\"},\"query-input\":{\"@type\":\"PropertyValueSpecification\",\"valueRequired\":true,\"valueName\":\"search_term_string\"}}],\"inLanguage\":\"es\"},{\"@type\":\"Organization\",\"@id\":\"https:\\\/\\\/www.caudete.org\\\/ayuntamiento\\\/#organization\",\"name\":\"Ayuntamiento de Caudete\",\"url\":\"https:\\\/\\\/www.caudete.org\\\/ayuntamiento\\\/\",\"logo\":{\"@type\":\"ImageObject\",\"inLanguage\":\"es\",\"@id\":\"https:\\\/\\\/www.caudete.org\\\/ayuntamiento\\\/#\\\/schema\\\/logo\\\/image\\\/\",\"url\":\"https:\\\/\\\/www.caudete.org\\\/ayuntamiento\\\/wp-content\\\/uploads\\\/2020\\\/11\\\/logo_ayuntamiento_caudete.jpg\",\"contentUrl\":\"https:\\\/\\\/www.caudete.org\\\/ayuntamiento\\\/wp-content\\\/uploads\\\/2020\\\/11\\\/logo_ayuntamiento_caudete.jpg\",\"width\":600,\"height\":150,\"caption\":\"Ayuntamiento de Caudete\"},\"image\":{\"@id\":\"https:\\\/\\\/www.caudete.org\\\/ayuntamiento\\\/#\\\/schema\\\/logo\\\/image\\\/\"},\"sameAs\":[\"https:\\\/\\\/www.facebook.com\\\/ayuntamientocaudete\\\/\",\"https:\\\/\\\/www.youtube.com\\\/channel\\\/UC6VztHaooNsGpw-tNoBEFnQ\"]},{\"@type\":\"Person\",\"@id\":\"https:\\\/\\\/www.caudete.org\\\/ayuntamiento\\\/#\\\/schema\\\/person\\\/cc646da9133078ee4d8dd47457947253\",\"name\":\"alcalde\",\"image\":{\"@type\":\"ImageObject\",\"inLanguage\":\"es\",\"@id\":\"https:\\\/\\\/secure.gravatar.com\\\/avatar\\\/84a817ba065b29ff08d666b215a215f5c79186a645ccb25b14a663d48a130f77?s=96&d=mm&r=g\",\"url\":\"https:\\\/\\\/secure.gravatar.com\\\/avatar\\\/84a817ba065b29ff08d666b215a215f5c79186a645ccb25b14a663d48a130f77?s=96&d=mm&r=g\",\"contentUrl\":\"https:\\\/\\\/secure.gravatar.com\\\/avatar\\\/84a817ba065b29ff08d666b215a215f5c79186a645ccb25b14a663d48a130f77?s=96&d=mm&r=g\",\"caption\":\"alcalde\"},\"url\":\"https:\\\/\\\/www.caudete.org\\\/ayuntamiento\\\/author\\\/alcalde\\\/\"}]}<\/script>\n<!-- \/ Yoast SEO plugin. -->","yoast_head_json":{"title":"Denegada por la JCCM la ayuda para tratamiento selv\u00edcola en El Revolcador - MI Ayuntamiento de Caudete","description":"P\u00e1gina Oficial del Ayuntamiento de Caudete (Albacete)","robots":{"index":"index","follow":"follow","max-snippet":"max-snippet:-1","max-image-preview":"max-image-preview:large","max-video-preview":"max-video-preview:-1"},"canonical":"https:\/\/www.caudete.org\/ayuntamiento\/denegada-por-la-jccm-la-ayuda-para-tratamiento-selvicola-en-el-revolcador\/","og_locale":"es_ES","og_type":"article","og_title":"Denegada por la JCCM la ayuda para tratamiento selv\u00edcola en El Revolcador - MI Ayuntamiento de Caudete","og_description":"P\u00e1gina Oficial del Ayuntamiento de Caudete (Albacete)","og_url":"https:\/\/www.caudete.org\/ayuntamiento\/denegada-por-la-jccm-la-ayuda-para-tratamiento-selvicola-en-el-revolcador\/","og_site_name":"MI Ayuntamiento de Caudete","article_publisher":"https:\/\/www.facebook.com\/ayuntamientocaudete\/","article_published_time":"2021-02-09T09:00:15+00:00","og_image":[{"width":2560,"height":1440,"url":"https:\/\/www.caudete.org\/ayuntamiento\/wp-content\/uploads\/2021\/02\/2-5-scaled.jpg","type":"image\/jpeg"}],"author":"alcalde","twitter_card":"summary_large_image","twitter_misc":{"Escrito por":"alcalde","Tiempo de lectura":"2 minutos"},"schema":{"@context":"https:\/\/schema.org","@graph":[{"@type":"Article","@id":"https:\/\/www.caudete.org\/ayuntamiento\/denegada-por-la-jccm-la-ayuda-para-tratamiento-selvicola-en-el-revolcador\/#article","isPartOf":{"@id":"https:\/\/www.caudete.org\/ayuntamiento\/denegada-por-la-jccm-la-ayuda-para-tratamiento-selvicola-en-el-revolcador\/"},"author":{"name":"alcalde","@id":"https:\/\/www.caudete.org\/ayuntamiento\/#\/schema\/person\/cc646da9133078ee4d8dd47457947253"},"headline":"Denegada por la JCCM la ayuda para tratamiento selv\u00edcola en El Revolcador","datePublished":"2021-02-09T09:00:15+00:00","mainEntityOfPage":{"@id":"https:\/\/www.caudete.org\/ayuntamiento\/denegada-por-la-jccm-la-ayuda-para-tratamiento-selvicola-en-el-revolcador\/"},"wordCount":434,"publisher":{"@id":"https:\/\/www.caudete.org\/ayuntamiento\/#organization"},"image":{"@id":"https:\/\/www.caudete.org\/ayuntamiento\/denegada-por-la-jccm-la-ayuda-para-tratamiento-selvicola-en-el-revolcador\/#primaryimage"},"thumbnailUrl":"https:\/\/www.caudete.org\/ayuntamiento\/wp-content\/uploads\/2021\/02\/2-5-scaled.jpg","keywords":["clareo","denegada","el revolcador","PDR","PDR 2014-2020","poda","subvencion","tratamiento selvicola"],"articleSection":["Medio Ambiente"],"inLanguage":"es"},{"@type":"WebPage","@id":"https:\/\/www.caudete.org\/ayuntamiento\/denegada-por-la-jccm-la-ayuda-para-tratamiento-selvicola-en-el-revolcador\/","url":"https:\/\/www.caudete.org\/ayuntamiento\/denegada-por-la-jccm-la-ayuda-para-tratamiento-selvicola-en-el-revolcador\/","name":"Denegada por la JCCM la ayuda para tratamiento selv\u00edcola en El Revolcador - MI Ayuntamiento de Caudete","isPartOf":{"@id":"https:\/\/www.caudete.org\/ayuntamiento\/#website"},"primaryImageOfPage":{"@id":"https:\/\/www.caudete.org\/ayuntamiento\/denegada-por-la-jccm-la-ayuda-para-tratamiento-selvicola-en-el-revolcador\/#primaryimage"},"image":{"@id":"https:\/\/www.caudete.org\/ayuntamiento\/denegada-por-la-jccm-la-ayuda-para-tratamiento-selvicola-en-el-revolcador\/#primaryimage"},"thumbnailUrl":"https:\/\/www.caudete.org\/ayuntamiento\/wp-content\/uploads\/2021\/02\/2-5-scaled.jpg","datePublished":"2021-02-09T09:00:15+00:00","description":"P\u00e1gina Oficial del Ayuntamiento de Caudete (Albacete)","breadcrumb":{"@id":"https:\/\/www.caudete.org\/ayuntamiento\/denegada-por-la-jccm-la-ayuda-para-tratamiento-selvicola-en-el-revolcador\/#breadcrumb"},"inLanguage":"es","potentialAction":[{"@type":"ReadAction","target":["https:\/\/www.caudete.org\/ayuntamiento\/denegada-por-la-jccm-la-ayuda-para-tratamiento-selvicola-en-el-revolcador\/"]}]},{"@type":"ImageObject","inLanguage":"es","@id":"https:\/\/www.caudete.org\/ayuntamiento\/denegada-por-la-jccm-la-ayuda-para-tratamiento-selvicola-en-el-revolcador\/#primaryimage","url":"https:\/\/www.caudete.org\/ayuntamiento\/wp-content\/uploads\/2021\/02\/2-5-scaled.jpg","contentUrl":"https:\/\/www.caudete.org\/ayuntamiento\/wp-content\/uploads\/2021\/02\/2-5-scaled.jpg","width":2560,"height":1440},{"@type":"BreadcrumbList","@id":"https:\/\/www.caudete.org\/ayuntamiento\/denegada-por-la-jccm-la-ayuda-para-tratamiento-selvicola-en-el-revolcador\/#breadcrumb","itemListElement":[{"@type":"ListItem","position":1,"name":"Inicio","item":"https:\/\/www.caudete.org\/ayuntamiento\/"},{"@type":"ListItem","position":2,"name":"Denegada por la JCCM la ayuda para tratamiento selv\u00edcola en El Revolcador"}]},{"@type":"WebSite","@id":"https:\/\/www.caudete.org\/ayuntamiento\/#website","url":"https:\/\/www.caudete.org\/ayuntamiento\/","name":"MI Ayuntamiento de Caudete","description":"P\u00e1gina Oficial del MI Ayuntamiento de Caudete","publisher":{"@id":"https:\/\/www.caudete.org\/ayuntamiento\/#organization"},"potentialAction":[{"@type":"SearchAction","target":{"@type":"EntryPoint","urlTemplate":"https:\/\/www.caudete.org\/ayuntamiento\/?s={search_term_string}"},"query-input":{"@type":"PropertyValueSpecification","valueRequired":true,"valueName":"search_term_string"}}],"inLanguage":"es"},{"@type":"Organization","@id":"https:\/\/www.caudete.org\/ayuntamiento\/#organization","name":"Ayuntamiento de Caudete","url":"https:\/\/www.caudete.org\/ayuntamiento\/","logo":{"@type":"ImageObject","inLanguage":"es","@id":"https:\/\/www.caudete.org\/ayuntamiento\/#\/schema\/logo\/image\/","url":"https:\/\/www.caudete.org\/ayuntamiento\/wp-content\/uploads\/2020\/11\/logo_ayuntamiento_caudete.jpg","contentUrl":"https:\/\/www.caudete.org\/ayuntamiento\/wp-content\/uploads\/2020\/11\/logo_ayuntamiento_caudete.jpg","width":600,"height":150,"caption":"Ayuntamiento de Caudete"},"image":{"@id":"https:\/\/www.caudete.org\/ayuntamiento\/#\/schema\/logo\/image\/"},"sameAs":["https:\/\/www.facebook.com\/ayuntamientocaudete\/","https:\/\/www.youtube.com\/channel\/UC6VztHaooNsGpw-tNoBEFnQ"]},{"@type":"Person","@id":"https:\/\/www.caudete.org\/ayuntamiento\/#\/schema\/person\/cc646da9133078ee4d8dd47457947253","name":"alcalde","image":{"@type":"ImageObject","inLanguage":"es","@id":"https:\/\/secure.gravatar.com\/avatar\/84a817ba065b29ff08d666b215a215f5c79186a645ccb25b14a663d48a130f77?s=96&d=mm&r=g","url":"https:\/\/secure.gravatar.com\/avatar\/84a817ba065b29ff08d666b215a215f5c79186a645ccb25b14a663d48a130f77?s=96&d=mm&r=g","contentUrl":"https:\/\/secure.gravatar.com\/avatar\/84a817ba065b29ff08d666b215a215f5c79186a645ccb25b14a663d48a130f77?s=96&d=mm&r=g","caption":"alcalde"},"url":"https:\/\/www.caudete.org\/ayuntamiento\/author\/alcalde\/"}]}},"_links":{"self":[{"href":"https:\/\/www.caudete.org\/ayuntamiento\/wp-json\/wp\/v2\/posts\/12059","targetHints":{"allow":["GET"]}}],"collection":[{"href":"https:\/\/www.caudete.org\/ayuntamiento\/wp-json\/wp\/v2\/posts"}],"about":[{"href":"https:\/\/www.caudete.org\/ayuntamiento\/wp-json\/wp\/v2\/types\/post"}],"author":[{"embeddable":true,"href":"https:\/\/www.caudete.org\/ayuntamiento\/wp-json\/wp\/v2\/users\/3"}],"replies":[{"embeddable":true,"href":"https:\/\/www.caudete.org\/ayuntamiento\/wp-json\/wp\/v2\/comments?post=12059"}],"version-history":[{"count":1,"href":"https:\/\/www.caudete.org\/ayuntamiento\/wp-json\/wp\/v2\/posts\/12059\/revisions"}],"predecessor-version":[{"id":12061,"href":"https:\/\/www.caudete.org\/ayuntamiento\/wp-json\/wp\/v2\/posts\/12059\/revisions\/12061"}],"wp:featuredmedia":[{"embeddable":true,"href":"https:\/\/www.caudete.org\/ayuntamiento\/wp-json\/wp\/v2\/media\/12060"}],"wp:attachment":[{"href":"https:\/\/www.caudete.org\/ayuntamiento\/wp-json\/wp\/v2\/media?parent=12059"}],"wp:term":[{"taxonomy":"category","embeddable":true,"href":"https:\/\/www.caudete.org\/ayuntamiento\/wp-json\/wp\/v2\/categories?post=12059"},{"taxonomy":"post_tag","embeddable":true,"href":"https:\/\/www.caudete.org\/ayuntamiento\/wp-json\/wp\/v2\/tags?post=12059"}],"curies":[{"name":"wp","href":"https:\/\/api.w.org\/{rel}","templated":true}]}}