{"id":12075,"date":"2021-02-09T20:08:57","date_gmt":"2021-02-09T19:08:57","guid":{"rendered":"https:\/\/www.caudete.org\/ayuntamiento\/?p=12075"},"modified":"2021-02-09T20:15:45","modified_gmt":"2021-02-09T19:15:45","slug":"presupuesto-municipal-2021-dos-meses-parado-en-el-ministerio","status":"publish","type":"post","link":"https:\/\/www.caudete.org\/ayuntamiento\/presupuesto-municipal-2021-dos-meses-parado-en-el-ministerio\/","title":{"rendered":"Presupuesto Municipal 2021: dos meses parado en el Ministerio"},"content":{"rendered":"<p style=\"text-align: justify;\">El Concejal de Econom\u00eda y Hacienda, Luis Felipe Ba\u00f1\u00f3n, trasladaba a la prensa la situaci\u00f3n en la que se encuentra el Presupuesto Municipal 2021.<\/p>\n<p style=\"text-align: justify;\">Luis Felipe Ba\u00f1\u00f3n daba respuesta a la pregunta formulada al respecto durante el Pleno Ordinario del pasado 28 de Enero, pero dado que hace unos d\u00edas un Concejal de la oposici\u00f3n generaba dudas, en aras a una mayor informaci\u00f3n a los caudetanos, el titular de Econom\u00eda y Hacienda ha querido &#8220;<em>clarificar el estado de tramitaci\u00f3n, y despejar las dudas de quien estuvo presente en el Pleno pero no estuvo atento a nada<\/em>&#8220;.<\/p>\n<p style=\"text-align: justify;\">El Presupuesto Municipal 2021 qued\u00f3 finalizado el\u00a0 26 de\u00a0 Noviembre del a\u00f1o pasado, y en estos momentos se encuentra sobre la mesa del Ministerio de Econom\u00eda y Hacienda, ya que la legislaci\u00f3n vigente nos obliga a su remisi\u00f3n para ser informado por ellos, con car\u00e1cter previo y vinculante a que el Pleno del Ayuntamiento de Caudete lo debata y apruebe.<\/p>\n<p style=\"text-align: justify;\">El motivo de este tr\u00e1mite es f\u00e1cil de explicar y entender, y responde \u00fanicamente a que el Ayuntamiento de Caudete tiene aprobado un Plan de Ajuste Econ\u00f3mico-Financiero, tras acogernos al Plan de Pago a Proveedores, un pr\u00e9stamo de 3.000.000 \u20ac aprobado en el a\u00f1o 2014 destinado al abonar facturas de a\u00f1os anteriores, y que estar\u00e1 vigente hasta el a\u00f1o 2032, momento en que finalizar\u00e1 la \u00faltima cuota.<\/p>\n<p style=\"text-align: justify;\">Dicho esto, fue concretamente el d\u00eda 4 de Diciembre cuando el Ayuntamiento remiti\u00f3 al Ministerio el expediente completo de Presupuesto Municipal, y mientras que en el ejercicio anterior dicho organismo respondi\u00f3 en 10 d\u00edas con su debido Informe, nos llevamos la desagradable sorpresa que han pasado ya m\u00e1s de dos meses y no tenemos noticia alguna sobre el estado de tramitaci\u00f3n del mismo por parte del Gobierno de Espa\u00f1a, lo que est\u00e1 suponiendo un retraso en la puesta en marcha de las pol\u00edticas que quedaban establecidas en \u00e9l.<\/p>\n<p style=\"text-align: justify;\">No obstante, el 18 de Enero y desde el Departamento de Intervenci\u00f3n, se solicita informaci\u00f3n al Ministerio, para saber el estado del expediente, y poder establecer los plazos previsibles para su aprobaci\u00f3n por el Ayuntamiento de Caudete.<\/p>\n<p style=\"text-align: justify;\">La respuesta del Ministerio, se resume en que ten\u00edamos que esperar a que nos tocase el turno, ya que iban resolviendo los expedientes y emitiendo los Informes respectivos por orden de entrada.<\/p>\n<p style=\"text-align: justify;\">Toda esta informaci\u00f3n no solo se dio en el Pleno Ordinario del pasado d\u00eda 28 de Enero, sino que tambi\u00e9n lo adelant\u00f3 el Concejal Luis Felipe en la Comisi\u00f3n Informativa que de forma previa al Pleno se celebr\u00f3, por lo que no tiene explicaci\u00f3n l\u00f3gica las dudas que ha querido generar en Tv un Concejal de la Oposici\u00f3n.<\/p>\n<p style=\"text-align: justify;\">Sin embargo, Luis Felipe Ba\u00f1\u00f3n considera que las \u00fanicas prisas que tienen que estar sobre la mesa, por parte de todos los Concejales, incluida la oposici\u00f3n, es que &#8220;<em>el Informe del Ministerio llegue cuanto antes, para que a la mayor brevedad podamos continuar con la aprobaci\u00f3n del Presupuesto, y podamos aplicarlo<\/em>&#8220;.<\/p>\n<p style=\"text-align: justify;\">De esta forma, intuye el Concejal que quiz\u00e1 &#8220;<em>las prisas de la oposici\u00f3n sean por querer dar el voto favorable a los Presupuestos 2021 del Equipo de Gobierno&#8221; <\/em>aunque <em>&#8220;la experiencia es que\u00a0no han dado nunca el apoyo a los mismos<\/em>&#8220;.<\/p>\n<p style=\"text-align: justify;\">Igualmente, remarcaba que &#8220;<em>si por un lado no se enteran de nuestras contestaciones en los Plenos y por otro nos piden prisa en la presentaci\u00f3n de los presupuestos para votarlos en contra, parece todo un desprop\u00f3sito<\/em>&#8220;, aprovechando la ocasi\u00f3n para que colaboren con el Ayuntamiento para que el Ministerio agilice el Presupuesto de Caudete, que es quien ahora tiene que pronunciarse.<\/p>\n","protected":false},"excerpt":{"rendered":"<p>El Concejal de Econom\u00eda y Hacienda, Luis Felipe Ba\u00f1\u00f3n, trasladaba a la prensa la situaci\u00f3n en la que se encuentra el Presupuesto Municipal 2021. Luis Felipe Ba\u00f1\u00f3n daba respuesta a la pregunta formulada al respecto durante el Pleno Ordinario del pasado 28 de Enero, pero dado que hace unos d\u00edas un Concejal de la oposici\u00f3n &hellip;<\/p>\n","protected":false},"author":3,"featured_media":12076,"comment_status":"closed","ping_status":"open","sticky":false,"template":"","format":"standard","meta":{"ngg_post_thumbnail":0,"footnotes":""},"categories":[28],"tags":[397,396],"class_list":["post-12075","post","type-post","status-publish","format-standard","has-post-thumbnail","hentry","category-economia","tag-ministerio-de-hacienda","tag-presupuesto-2021"],"yoast_head":"<!-- This site is optimized with the Yoast SEO plugin v27.5 - https:\/\/yoast.com\/product\/yoast-seo-wordpress\/ -->\n<title>Presupuesto Municipal 2021: dos meses parado en el Ministerio - MI Ayuntamiento de Caudete<\/title>\n<meta name=\"description\" content=\"P\u00e1gina Oficial del Ayuntamiento de Caudete (Albacete)\" \/>\n<meta name=\"robots\" content=\"index, follow, max-snippet:-1, max-image-preview:large, max-video-preview:-1\" \/>\n<link rel=\"canonical\" href=\"https:\/\/www.caudete.org\/ayuntamiento\/presupuesto-municipal-2021-dos-meses-parado-en-el-ministerio\/\" \/>\n<meta property=\"og:locale\" content=\"es_ES\" \/>\n<meta property=\"og:type\" content=\"article\" \/>\n<meta property=\"og:title\" content=\"Presupuesto Municipal 2021: dos meses parado en el Ministerio - MI Ayuntamiento de Caudete\" \/>\n<meta property=\"og:description\" content=\"P\u00e1gina Oficial del Ayuntamiento de Caudete (Albacete)\" \/>\n<meta property=\"og:url\" content=\"https:\/\/www.caudete.org\/ayuntamiento\/presupuesto-municipal-2021-dos-meses-parado-en-el-ministerio\/\" \/>\n<meta property=\"og:site_name\" content=\"MI Ayuntamiento de Caudete\" \/>\n<meta property=\"article:publisher\" content=\"https:\/\/www.facebook.com\/ayuntamientocaudete\/\" \/>\n<meta property=\"article:published_time\" content=\"2021-02-09T19:08:57+00:00\" \/>\n<meta property=\"article:modified_time\" content=\"2021-02-09T19:15:45+00:00\" \/>\n<meta property=\"og:image\" content=\"https:\/\/www.caudete.org\/ayuntamiento\/wp-content\/uploads\/2021\/02\/felipe_caudete_digital.jpg\" \/>\n\t<meta property=\"og:image:width\" content=\"620\" \/>\n\t<meta property=\"og:image:height\" content=\"326\" \/>\n\t<meta property=\"og:image:type\" content=\"image\/jpeg\" \/>\n<meta name=\"author\" content=\"alcalde\" \/>\n<meta name=\"twitter:card\" content=\"summary_large_image\" \/>\n<meta name=\"twitter:label1\" content=\"Escrito por\" \/>\n\t<meta name=\"twitter:data1\" content=\"alcalde\" \/>\n\t<meta name=\"twitter:label2\" content=\"Tiempo de lectura\" \/>\n\t<meta name=\"twitter:data2\" content=\"3 minutos\" \/>\n<script type=\"application\/ld+json\" class=\"yoast-schema-graph\">{\"@context\":\"https:\\\/\\\/schema.org\",\"@graph\":[{\"@type\":\"Article\",\"@id\":\"https:\\\/\\\/www.caudete.org\\\/ayuntamiento\\\/presupuesto-municipal-2021-dos-meses-parado-en-el-ministerio\\\/#article\",\"isPartOf\":{\"@id\":\"https:\\\/\\\/www.caudete.org\\\/ayuntamiento\\\/presupuesto-municipal-2021-dos-meses-parado-en-el-ministerio\\\/\"},\"author\":{\"name\":\"alcalde\",\"@id\":\"https:\\\/\\\/www.caudete.org\\\/ayuntamiento\\\/#\\\/schema\\\/person\\\/cc646da9133078ee4d8dd47457947253\"},\"headline\":\"Presupuesto Municipal 2021: dos meses parado en el Ministerio\",\"datePublished\":\"2021-02-09T19:08:57+00:00\",\"dateModified\":\"2021-02-09T19:15:45+00:00\",\"mainEntityOfPage\":{\"@id\":\"https:\\\/\\\/www.caudete.org\\\/ayuntamiento\\\/presupuesto-municipal-2021-dos-meses-parado-en-el-ministerio\\\/\"},\"wordCount\":632,\"publisher\":{\"@id\":\"https:\\\/\\\/www.caudete.org\\\/ayuntamiento\\\/#organization\"},\"image\":{\"@id\":\"https:\\\/\\\/www.caudete.org\\\/ayuntamiento\\\/presupuesto-municipal-2021-dos-meses-parado-en-el-ministerio\\\/#primaryimage\"},\"thumbnailUrl\":\"https:\\\/\\\/www.caudete.org\\\/ayuntamiento\\\/wp-content\\\/uploads\\\/2021\\\/02\\\/felipe_caudete_digital.jpg\",\"keywords\":[\"Ministerio de Hacienda\",\"presupuesto 2021\"],\"articleSection\":[\"Econom\u00eda\"],\"inLanguage\":\"es\"},{\"@type\":\"WebPage\",\"@id\":\"https:\\\/\\\/www.caudete.org\\\/ayuntamiento\\\/presupuesto-municipal-2021-dos-meses-parado-en-el-ministerio\\\/\",\"url\":\"https:\\\/\\\/www.caudete.org\\\/ayuntamiento\\\/presupuesto-municipal-2021-dos-meses-parado-en-el-ministerio\\\/\",\"name\":\"Presupuesto Municipal 2021: dos meses parado en el Ministerio - MI Ayuntamiento de Caudete\",\"isPartOf\":{\"@id\":\"https:\\\/\\\/www.caudete.org\\\/ayuntamiento\\\/#website\"},\"primaryImageOfPage\":{\"@id\":\"https:\\\/\\\/www.caudete.org\\\/ayuntamiento\\\/presupuesto-municipal-2021-dos-meses-parado-en-el-ministerio\\\/#primaryimage\"},\"image\":{\"@id\":\"https:\\\/\\\/www.caudete.org\\\/ayuntamiento\\\/presupuesto-municipal-2021-dos-meses-parado-en-el-ministerio\\\/#primaryimage\"},\"thumbnailUrl\":\"https:\\\/\\\/www.caudete.org\\\/ayuntamiento\\\/wp-content\\\/uploads\\\/2021\\\/02\\\/felipe_caudete_digital.jpg\",\"datePublished\":\"2021-02-09T19:08:57+00:00\",\"dateModified\":\"2021-02-09T19:15:45+00:00\",\"description\":\"P\u00e1gina Oficial del Ayuntamiento de Caudete (Albacete)\",\"breadcrumb\":{\"@id\":\"https:\\\/\\\/www.caudete.org\\\/ayuntamiento\\\/presupuesto-municipal-2021-dos-meses-parado-en-el-ministerio\\\/#breadcrumb\"},\"inLanguage\":\"es\",\"potentialAction\":[{\"@type\":\"ReadAction\",\"target\":[\"https:\\\/\\\/www.caudete.org\\\/ayuntamiento\\\/presupuesto-municipal-2021-dos-meses-parado-en-el-ministerio\\\/\"]}]},{\"@type\":\"ImageObject\",\"inLanguage\":\"es\",\"@id\":\"https:\\\/\\\/www.caudete.org\\\/ayuntamiento\\\/presupuesto-municipal-2021-dos-meses-parado-en-el-ministerio\\\/#primaryimage\",\"url\":\"https:\\\/\\\/www.caudete.org\\\/ayuntamiento\\\/wp-content\\\/uploads\\\/2021\\\/02\\\/felipe_caudete_digital.jpg\",\"contentUrl\":\"https:\\\/\\\/www.caudete.org\\\/ayuntamiento\\\/wp-content\\\/uploads\\\/2021\\\/02\\\/felipe_caudete_digital.jpg\",\"width\":620,\"height\":326},{\"@type\":\"BreadcrumbList\",\"@id\":\"https:\\\/\\\/www.caudete.org\\\/ayuntamiento\\\/presupuesto-municipal-2021-dos-meses-parado-en-el-ministerio\\\/#breadcrumb\",\"itemListElement\":[{\"@type\":\"ListItem\",\"position\":1,\"name\":\"Inicio\",\"item\":\"https:\\\/\\\/www.caudete.org\\\/ayuntamiento\\\/\"},{\"@type\":\"ListItem\",\"position\":2,\"name\":\"Presupuesto Municipal 2021: dos meses parado en el Ministerio\"}]},{\"@type\":\"WebSite\",\"@id\":\"https:\\\/\\\/www.caudete.org\\\/ayuntamiento\\\/#website\",\"url\":\"https:\\\/\\\/www.caudete.org\\\/ayuntamiento\\\/\",\"name\":\"MI Ayuntamiento de Caudete\",\"description\":\"P\u00e1gina Oficial del MI Ayuntamiento de Caudete\",\"publisher\":{\"@id\":\"https:\\\/\\\/www.caudete.org\\\/ayuntamiento\\\/#organization\"},\"potentialAction\":[{\"@type\":\"SearchAction\",\"target\":{\"@type\":\"EntryPoint\",\"urlTemplate\":\"https:\\\/\\\/www.caudete.org\\\/ayuntamiento\\\/?s={search_term_string}\"},\"query-input\":{\"@type\":\"PropertyValueSpecification\",\"valueRequired\":true,\"valueName\":\"search_term_string\"}}],\"inLanguage\":\"es\"},{\"@type\":\"Organization\",\"@id\":\"https:\\\/\\\/www.caudete.org\\\/ayuntamiento\\\/#organization\",\"name\":\"Ayuntamiento de Caudete\",\"url\":\"https:\\\/\\\/www.caudete.org\\\/ayuntamiento\\\/\",\"logo\":{\"@type\":\"ImageObject\",\"inLanguage\":\"es\",\"@id\":\"https:\\\/\\\/www.caudete.org\\\/ayuntamiento\\\/#\\\/schema\\\/logo\\\/image\\\/\",\"url\":\"https:\\\/\\\/www.caudete.org\\\/ayuntamiento\\\/wp-content\\\/uploads\\\/2020\\\/11\\\/logo_ayuntamiento_caudete.jpg\",\"contentUrl\":\"https:\\\/\\\/www.caudete.org\\\/ayuntamiento\\\/wp-content\\\/uploads\\\/2020\\\/11\\\/logo_ayuntamiento_caudete.jpg\",\"width\":600,\"height\":150,\"caption\":\"Ayuntamiento de Caudete\"},\"image\":{\"@id\":\"https:\\\/\\\/www.caudete.org\\\/ayuntamiento\\\/#\\\/schema\\\/logo\\\/image\\\/\"},\"sameAs\":[\"https:\\\/\\\/www.facebook.com\\\/ayuntamientocaudete\\\/\",\"https:\\\/\\\/www.youtube.com\\\/channel\\\/UC6VztHaooNsGpw-tNoBEFnQ\"]},{\"@type\":\"Person\",\"@id\":\"https:\\\/\\\/www.caudete.org\\\/ayuntamiento\\\/#\\\/schema\\\/person\\\/cc646da9133078ee4d8dd47457947253\",\"name\":\"alcalde\",\"image\":{\"@type\":\"ImageObject\",\"inLanguage\":\"es\",\"@id\":\"https:\\\/\\\/secure.gravatar.com\\\/avatar\\\/84a817ba065b29ff08d666b215a215f5c79186a645ccb25b14a663d48a130f77?s=96&d=mm&r=g\",\"url\":\"https:\\\/\\\/secure.gravatar.com\\\/avatar\\\/84a817ba065b29ff08d666b215a215f5c79186a645ccb25b14a663d48a130f77?s=96&d=mm&r=g\",\"contentUrl\":\"https:\\\/\\\/secure.gravatar.com\\\/avatar\\\/84a817ba065b29ff08d666b215a215f5c79186a645ccb25b14a663d48a130f77?s=96&d=mm&r=g\",\"caption\":\"alcalde\"},\"url\":\"https:\\\/\\\/www.caudete.org\\\/ayuntamiento\\\/author\\\/alcalde\\\/\"}]}<\/script>\n<!-- \/ Yoast SEO plugin. -->","yoast_head_json":{"title":"Presupuesto Municipal 2021: dos meses parado en el Ministerio - MI Ayuntamiento de Caudete","description":"P\u00e1gina Oficial del Ayuntamiento de Caudete (Albacete)","robots":{"index":"index","follow":"follow","max-snippet":"max-snippet:-1","max-image-preview":"max-image-preview:large","max-video-preview":"max-video-preview:-1"},"canonical":"https:\/\/www.caudete.org\/ayuntamiento\/presupuesto-municipal-2021-dos-meses-parado-en-el-ministerio\/","og_locale":"es_ES","og_type":"article","og_title":"Presupuesto Municipal 2021: dos meses parado en el Ministerio - MI Ayuntamiento de Caudete","og_description":"P\u00e1gina Oficial del Ayuntamiento de Caudete (Albacete)","og_url":"https:\/\/www.caudete.org\/ayuntamiento\/presupuesto-municipal-2021-dos-meses-parado-en-el-ministerio\/","og_site_name":"MI Ayuntamiento de Caudete","article_publisher":"https:\/\/www.facebook.com\/ayuntamientocaudete\/","article_published_time":"2021-02-09T19:08:57+00:00","article_modified_time":"2021-02-09T19:15:45+00:00","og_image":[{"width":620,"height":326,"url":"https:\/\/www.caudete.org\/ayuntamiento\/wp-content\/uploads\/2021\/02\/felipe_caudete_digital.jpg","type":"image\/jpeg"}],"author":"alcalde","twitter_card":"summary_large_image","twitter_misc":{"Escrito por":"alcalde","Tiempo de lectura":"3 minutos"},"schema":{"@context":"https:\/\/schema.org","@graph":[{"@type":"Article","@id":"https:\/\/www.caudete.org\/ayuntamiento\/presupuesto-municipal-2021-dos-meses-parado-en-el-ministerio\/#article","isPartOf":{"@id":"https:\/\/www.caudete.org\/ayuntamiento\/presupuesto-municipal-2021-dos-meses-parado-en-el-ministerio\/"},"author":{"name":"alcalde","@id":"https:\/\/www.caudete.org\/ayuntamiento\/#\/schema\/person\/cc646da9133078ee4d8dd47457947253"},"headline":"Presupuesto Municipal 2021: dos meses parado en el Ministerio","datePublished":"2021-02-09T19:08:57+00:00","dateModified":"2021-02-09T19:15:45+00:00","mainEntityOfPage":{"@id":"https:\/\/www.caudete.org\/ayuntamiento\/presupuesto-municipal-2021-dos-meses-parado-en-el-ministerio\/"},"wordCount":632,"publisher":{"@id":"https:\/\/www.caudete.org\/ayuntamiento\/#organization"},"image":{"@id":"https:\/\/www.caudete.org\/ayuntamiento\/presupuesto-municipal-2021-dos-meses-parado-en-el-ministerio\/#primaryimage"},"thumbnailUrl":"https:\/\/www.caudete.org\/ayuntamiento\/wp-content\/uploads\/2021\/02\/felipe_caudete_digital.jpg","keywords":["Ministerio de Hacienda","presupuesto 2021"],"articleSection":["Econom\u00eda"],"inLanguage":"es"},{"@type":"WebPage","@id":"https:\/\/www.caudete.org\/ayuntamiento\/presupuesto-municipal-2021-dos-meses-parado-en-el-ministerio\/","url":"https:\/\/www.caudete.org\/ayuntamiento\/presupuesto-municipal-2021-dos-meses-parado-en-el-ministerio\/","name":"Presupuesto Municipal 2021: dos meses parado en el Ministerio - MI Ayuntamiento de Caudete","isPartOf":{"@id":"https:\/\/www.caudete.org\/ayuntamiento\/#website"},"primaryImageOfPage":{"@id":"https:\/\/www.caudete.org\/ayuntamiento\/presupuesto-municipal-2021-dos-meses-parado-en-el-ministerio\/#primaryimage"},"image":{"@id":"https:\/\/www.caudete.org\/ayuntamiento\/presupuesto-municipal-2021-dos-meses-parado-en-el-ministerio\/#primaryimage"},"thumbnailUrl":"https:\/\/www.caudete.org\/ayuntamiento\/wp-content\/uploads\/2021\/02\/felipe_caudete_digital.jpg","datePublished":"2021-02-09T19:08:57+00:00","dateModified":"2021-02-09T19:15:45+00:00","description":"P\u00e1gina Oficial del Ayuntamiento de Caudete (Albacete)","breadcrumb":{"@id":"https:\/\/www.caudete.org\/ayuntamiento\/presupuesto-municipal-2021-dos-meses-parado-en-el-ministerio\/#breadcrumb"},"inLanguage":"es","potentialAction":[{"@type":"ReadAction","target":["https:\/\/www.caudete.org\/ayuntamiento\/presupuesto-municipal-2021-dos-meses-parado-en-el-ministerio\/"]}]},{"@type":"ImageObject","inLanguage":"es","@id":"https:\/\/www.caudete.org\/ayuntamiento\/presupuesto-municipal-2021-dos-meses-parado-en-el-ministerio\/#primaryimage","url":"https:\/\/www.caudete.org\/ayuntamiento\/wp-content\/uploads\/2021\/02\/felipe_caudete_digital.jpg","contentUrl":"https:\/\/www.caudete.org\/ayuntamiento\/wp-content\/uploads\/2021\/02\/felipe_caudete_digital.jpg","width":620,"height":326},{"@type":"BreadcrumbList","@id":"https:\/\/www.caudete.org\/ayuntamiento\/presupuesto-municipal-2021-dos-meses-parado-en-el-ministerio\/#breadcrumb","itemListElement":[{"@type":"ListItem","position":1,"name":"Inicio","item":"https:\/\/www.caudete.org\/ayuntamiento\/"},{"@type":"ListItem","position":2,"name":"Presupuesto Municipal 2021: dos meses parado en el Ministerio"}]},{"@type":"WebSite","@id":"https:\/\/www.caudete.org\/ayuntamiento\/#website","url":"https:\/\/www.caudete.org\/ayuntamiento\/","name":"MI Ayuntamiento de Caudete","description":"P\u00e1gina Oficial del MI Ayuntamiento de Caudete","publisher":{"@id":"https:\/\/www.caudete.org\/ayuntamiento\/#organization"},"potentialAction":[{"@type":"SearchAction","target":{"@type":"EntryPoint","urlTemplate":"https:\/\/www.caudete.org\/ayuntamiento\/?s={search_term_string}"},"query-input":{"@type":"PropertyValueSpecification","valueRequired":true,"valueName":"search_term_string"}}],"inLanguage":"es"},{"@type":"Organization","@id":"https:\/\/www.caudete.org\/ayuntamiento\/#organization","name":"Ayuntamiento de Caudete","url":"https:\/\/www.caudete.org\/ayuntamiento\/","logo":{"@type":"ImageObject","inLanguage":"es","@id":"https:\/\/www.caudete.org\/ayuntamiento\/#\/schema\/logo\/image\/","url":"https:\/\/www.caudete.org\/ayuntamiento\/wp-content\/uploads\/2020\/11\/logo_ayuntamiento_caudete.jpg","contentUrl":"https:\/\/www.caudete.org\/ayuntamiento\/wp-content\/uploads\/2020\/11\/logo_ayuntamiento_caudete.jpg","width":600,"height":150,"caption":"Ayuntamiento de Caudete"},"image":{"@id":"https:\/\/www.caudete.org\/ayuntamiento\/#\/schema\/logo\/image\/"},"sameAs":["https:\/\/www.facebook.com\/ayuntamientocaudete\/","https:\/\/www.youtube.com\/channel\/UC6VztHaooNsGpw-tNoBEFnQ"]},{"@type":"Person","@id":"https:\/\/www.caudete.org\/ayuntamiento\/#\/schema\/person\/cc646da9133078ee4d8dd47457947253","name":"alcalde","image":{"@type":"ImageObject","inLanguage":"es","@id":"https:\/\/secure.gravatar.com\/avatar\/84a817ba065b29ff08d666b215a215f5c79186a645ccb25b14a663d48a130f77?s=96&d=mm&r=g","url":"https:\/\/secure.gravatar.com\/avatar\/84a817ba065b29ff08d666b215a215f5c79186a645ccb25b14a663d48a130f77?s=96&d=mm&r=g","contentUrl":"https:\/\/secure.gravatar.com\/avatar\/84a817ba065b29ff08d666b215a215f5c79186a645ccb25b14a663d48a130f77?s=96&d=mm&r=g","caption":"alcalde"},"url":"https:\/\/www.caudete.org\/ayuntamiento\/author\/alcalde\/"}]}},"_links":{"self":[{"href":"https:\/\/www.caudete.org\/ayuntamiento\/wp-json\/wp\/v2\/posts\/12075","targetHints":{"allow":["GET"]}}],"collection":[{"href":"https:\/\/www.caudete.org\/ayuntamiento\/wp-json\/wp\/v2\/posts"}],"about":[{"href":"https:\/\/www.caudete.org\/ayuntamiento\/wp-json\/wp\/v2\/types\/post"}],"author":[{"embeddable":true,"href":"https:\/\/www.caudete.org\/ayuntamiento\/wp-json\/wp\/v2\/users\/3"}],"replies":[{"embeddable":true,"href":"https:\/\/www.caudete.org\/ayuntamiento\/wp-json\/wp\/v2\/comments?post=12075"}],"version-history":[{"count":3,"href":"https:\/\/www.caudete.org\/ayuntamiento\/wp-json\/wp\/v2\/posts\/12075\/revisions"}],"predecessor-version":[{"id":12079,"href":"https:\/\/www.caudete.org\/ayuntamiento\/wp-json\/wp\/v2\/posts\/12075\/revisions\/12079"}],"wp:featuredmedia":[{"embeddable":true,"href":"https:\/\/www.caudete.org\/ayuntamiento\/wp-json\/wp\/v2\/media\/12076"}],"wp:attachment":[{"href":"https:\/\/www.caudete.org\/ayuntamiento\/wp-json\/wp\/v2\/media?parent=12075"}],"wp:term":[{"taxonomy":"category","embeddable":true,"href":"https:\/\/www.caudete.org\/ayuntamiento\/wp-json\/wp\/v2\/categories?post=12075"},{"taxonomy":"post_tag","embeddable":true,"href":"https:\/\/www.caudete.org\/ayuntamiento\/wp-json\/wp\/v2\/tags?post=12075"}],"curies":[{"name":"wp","href":"https:\/\/api.w.org\/{rel}","templated":true}]}}