{"id":12102,"date":"2021-02-12T09:00:05","date_gmt":"2021-02-12T08:00:05","guid":{"rendered":"https:\/\/www.caudete.org\/ayuntamiento\/?p=12102"},"modified":"2021-02-11T21:26:01","modified_gmt":"2021-02-11T20:26:01","slug":"caudete-se-suma-al-proyecto-desarrollo-de-destinos-turisticos-inteligentes","status":"publish","type":"post","link":"https:\/\/www.caudete.org\/ayuntamiento\/caudete-se-suma-al-proyecto-desarrollo-de-destinos-turisticos-inteligentes\/","title":{"rendered":"Caudete se suma al proyecto DESARROLLO DE DESTINOS TUR\u00cdSTICOS INTELIGENTES"},"content":{"rendered":"<p style=\"text-align: justify;\">El Concejal de Turismo, Diego Cuenca, ha informado del proyecto al que nuestro Ayuntamiento se ha sumado para implantar las nuevas tecnolog\u00edas en el \u00e1mbito del sector tur\u00edstico, haciendo m\u00e1s accesible la informaci\u00f3n tur\u00edstica del municipio a nuestros visitantes.<\/p>\n<p style=\"text-align: justify;\">Esta iniciativa se denomina &#8220;<em><strong>DESARROLLO DE DESTINOS TUR\u00cdSTICOS INTELIGENTES CONECTADOS A INVENTRIP&#8221;<\/strong><\/em> y est\u00e1 financiada por la Excma. Diputaci\u00f3n Provincial de Albacete, siendo el \u00e1mbito geogr\u00e1fico de actuaci\u00f3n la Comarca Monte Ib\u00e9rico-Corredor de Almansa.<\/p>\n<p style=\"text-align: justify;\">El proyecto se basa en implantar varias herramientas digitales que van a apoyar nuestra promoci\u00f3n tur\u00edstica, y que son las siguientes:<\/p>\n<p style=\"text-align: justify;\">1\u00ba.- Inclusi\u00f3n de Monte Ib\u00e9rico-Corredor de Almansa en el <strong>portal <a href=\"http:\/\/www.inventrip.com\" target=\"_blank\" rel=\"nofollow\">http:\/\/www.inventrip.com<\/a><\/strong>, lugar en el que aparecer\u00e1 toda la informaci\u00f3n tur\u00edstica de Caudete, incluyendo tambi\u00e9n establecimientos hosteleros, Bodegas o alojamientos.<\/p>\n<p>2\u00ba.- El Turista podr\u00e1 descargar la <strong>aplicaci\u00f3n m\u00f3vil de INVENTRIP<\/strong> para obtener informaci\u00f3n en destino de todos los recursos monumentales, horarios, rutas o calendario de actividades que se desarrollen en Caudete.<\/p>\n<p>3\u00ba.- Instalaci\u00f3n de dos <strong>placas inteligentes que incluyen un c\u00f3digo QR<\/strong>. Dichas placas ir\u00e1n ubicadas en una de las fachadas del Ayuntamiento, y otra en la fachada de la Oficina de Turismo. Ello implica que la informaci\u00f3n que puede demandar el visitante estar\u00e1 disponible las 24 horas al d\u00eda, los 365 d\u00edas al a\u00f1o.<\/p>\n<p>4\u00ba.- Creaci\u00f3n de una <strong><em>geobaliza<\/em> <\/strong>en nuestro municipio, que informa al visitante, a trav\u00e9s de la aplicaci\u00f3n m\u00f3vil, de toda aquella informaci\u00f3n tur\u00edstica que sea de su inter\u00e9s.<\/p>\n<p style=\"text-align: justify;\">El Edil ha a\u00f1adido que en este momento nos encontramos en el proceso de recopilaci\u00f3n de datos para la progresiva subida de los mismos a la plataforma, siendo el mes de Marzo cuando se prev\u00e9 la presentaci\u00f3n del proyecto ya finalizado y operativo para visitantes, turistas y vecinos de Caudete.<\/p>\n","protected":false},"excerpt":{"rendered":"<p>El Concejal de Turismo, Diego Cuenca, ha informado del proyecto al que nuestro Ayuntamiento se ha sumado para implantar las nuevas tecnolog\u00edas en el \u00e1mbito del sector tur\u00edstico, haciendo m\u00e1s accesible la informaci\u00f3n tur\u00edstica del municipio a nuestros visitantes. Esta iniciativa se denomina &#8220;DESARROLLO DE DESTINOS TUR\u00cdSTICOS INTELIGENTES CONECTADOS A INVENTRIP&#8221; y est\u00e1 financiada por &hellip;<\/p>\n","protected":false},"author":3,"featured_media":12109,"comment_status":"closed","ping_status":"open","sticky":false,"template":"","format":"standard","meta":{"ngg_post_thumbnail":0,"footnotes":""},"categories":[43],"tags":[411,412,409,410,413],"class_list":["post-12102","post","type-post","status-publish","format-standard","has-post-thumbnail","hentry","category-turismo","tag-dipualba","tag-geobaliza","tag-inventrip","tag-proyecto","tag-qr"],"yoast_head":"<!-- This site is optimized with the Yoast SEO plugin v27.5 - https:\/\/yoast.com\/product\/yoast-seo-wordpress\/ -->\n<title>Caudete se suma al proyecto DESARROLLO DE DESTINOS TUR\u00cdSTICOS INTELIGENTES - MI Ayuntamiento de Caudete<\/title>\n<meta name=\"description\" content=\"P\u00e1gina Oficial del Ayuntamiento de Caudete (Albacete)\" \/>\n<meta name=\"robots\" content=\"index, follow, max-snippet:-1, max-image-preview:large, max-video-preview:-1\" \/>\n<link rel=\"canonical\" href=\"https:\/\/www.caudete.org\/ayuntamiento\/caudete-se-suma-al-proyecto-desarrollo-de-destinos-turisticos-inteligentes\/\" \/>\n<meta property=\"og:locale\" content=\"es_ES\" \/>\n<meta property=\"og:type\" content=\"article\" \/>\n<meta property=\"og:title\" content=\"Caudete se suma al proyecto DESARROLLO DE DESTINOS TUR\u00cdSTICOS INTELIGENTES - MI Ayuntamiento de Caudete\" \/>\n<meta property=\"og:description\" content=\"P\u00e1gina Oficial del Ayuntamiento de Caudete (Albacete)\" \/>\n<meta property=\"og:url\" content=\"https:\/\/www.caudete.org\/ayuntamiento\/caudete-se-suma-al-proyecto-desarrollo-de-destinos-turisticos-inteligentes\/\" \/>\n<meta property=\"og:site_name\" content=\"MI Ayuntamiento de Caudete\" \/>\n<meta property=\"article:publisher\" content=\"https:\/\/www.facebook.com\/ayuntamientocaudete\/\" \/>\n<meta property=\"article:published_time\" content=\"2021-02-12T08:00:05+00:00\" \/>\n<meta property=\"og:image\" content=\"https:\/\/www.caudete.org\/ayuntamiento\/wp-content\/uploads\/2021\/02\/inventrip-beacons-turismo-peru.jpg\" \/>\n\t<meta property=\"og:image:width\" content=\"997\" \/>\n\t<meta property=\"og:image:height\" content=\"532\" \/>\n\t<meta property=\"og:image:type\" content=\"image\/jpeg\" \/>\n<meta name=\"author\" content=\"alcalde\" \/>\n<meta name=\"twitter:card\" content=\"summary_large_image\" \/>\n<meta name=\"twitter:label1\" content=\"Escrito por\" \/>\n\t<meta name=\"twitter:data1\" content=\"alcalde\" \/>\n\t<meta name=\"twitter:label2\" content=\"Tiempo de lectura\" \/>\n\t<meta name=\"twitter:data2\" content=\"2 minutos\" \/>\n<script type=\"application\/ld+json\" class=\"yoast-schema-graph\">{\"@context\":\"https:\\\/\\\/schema.org\",\"@graph\":[{\"@type\":\"Article\",\"@id\":\"https:\\\/\\\/www.caudete.org\\\/ayuntamiento\\\/caudete-se-suma-al-proyecto-desarrollo-de-destinos-turisticos-inteligentes\\\/#article\",\"isPartOf\":{\"@id\":\"https:\\\/\\\/www.caudete.org\\\/ayuntamiento\\\/caudete-se-suma-al-proyecto-desarrollo-de-destinos-turisticos-inteligentes\\\/\"},\"author\":{\"name\":\"alcalde\",\"@id\":\"https:\\\/\\\/www.caudete.org\\\/ayuntamiento\\\/#\\\/schema\\\/person\\\/cc646da9133078ee4d8dd47457947253\"},\"headline\":\"Caudete se suma al proyecto DESARROLLO DE DESTINOS TUR\u00cdSTICOS INTELIGENTES\",\"datePublished\":\"2021-02-12T08:00:05+00:00\",\"mainEntityOfPage\":{\"@id\":\"https:\\\/\\\/www.caudete.org\\\/ayuntamiento\\\/caudete-se-suma-al-proyecto-desarrollo-de-destinos-turisticos-inteligentes\\\/\"},\"wordCount\":335,\"image\":{\"@id\":\"https:\\\/\\\/www.caudete.org\\\/ayuntamiento\\\/caudete-se-suma-al-proyecto-desarrollo-de-destinos-turisticos-inteligentes\\\/#primaryimage\"},\"thumbnailUrl\":\"https:\\\/\\\/www.caudete.org\\\/ayuntamiento\\\/wp-content\\\/uploads\\\/2021\\\/02\\\/inventrip-beacons-turismo-peru.jpg\",\"keywords\":[\"dipualba\",\"geobaliza\",\"inventrip\",\"proyecto\",\"QR\"],\"articleSection\":[\"Turismo\"],\"inLanguage\":\"es\"},{\"@type\":\"WebPage\",\"@id\":\"https:\\\/\\\/www.caudete.org\\\/ayuntamiento\\\/caudete-se-suma-al-proyecto-desarrollo-de-destinos-turisticos-inteligentes\\\/\",\"url\":\"https:\\\/\\\/www.caudete.org\\\/ayuntamiento\\\/caudete-se-suma-al-proyecto-desarrollo-de-destinos-turisticos-inteligentes\\\/\",\"name\":\"Caudete se suma al proyecto DESARROLLO DE DESTINOS TUR\u00cdSTICOS INTELIGENTES - MI Ayuntamiento de Caudete\",\"isPartOf\":{\"@id\":\"https:\\\/\\\/www.caudete.org\\\/ayuntamiento\\\/#website\"},\"primaryImageOfPage\":{\"@id\":\"https:\\\/\\\/www.caudete.org\\\/ayuntamiento\\\/caudete-se-suma-al-proyecto-desarrollo-de-destinos-turisticos-inteligentes\\\/#primaryimage\"},\"image\":{\"@id\":\"https:\\\/\\\/www.caudete.org\\\/ayuntamiento\\\/caudete-se-suma-al-proyecto-desarrollo-de-destinos-turisticos-inteligentes\\\/#primaryimage\"},\"thumbnailUrl\":\"https:\\\/\\\/www.caudete.org\\\/ayuntamiento\\\/wp-content\\\/uploads\\\/2021\\\/02\\\/inventrip-beacons-turismo-peru.jpg\",\"datePublished\":\"2021-02-12T08:00:05+00:00\",\"author\":{\"@id\":\"https:\\\/\\\/www.caudete.org\\\/ayuntamiento\\\/#\\\/schema\\\/person\\\/cc646da9133078ee4d8dd47457947253\"},\"description\":\"P\u00e1gina Oficial del Ayuntamiento de Caudete (Albacete)\",\"breadcrumb\":{\"@id\":\"https:\\\/\\\/www.caudete.org\\\/ayuntamiento\\\/caudete-se-suma-al-proyecto-desarrollo-de-destinos-turisticos-inteligentes\\\/#breadcrumb\"},\"inLanguage\":\"es\",\"potentialAction\":[{\"@type\":\"ReadAction\",\"target\":[\"https:\\\/\\\/www.caudete.org\\\/ayuntamiento\\\/caudete-se-suma-al-proyecto-desarrollo-de-destinos-turisticos-inteligentes\\\/\"]}]},{\"@type\":\"ImageObject\",\"inLanguage\":\"es\",\"@id\":\"https:\\\/\\\/www.caudete.org\\\/ayuntamiento\\\/caudete-se-suma-al-proyecto-desarrollo-de-destinos-turisticos-inteligentes\\\/#primaryimage\",\"url\":\"https:\\\/\\\/www.caudete.org\\\/ayuntamiento\\\/wp-content\\\/uploads\\\/2021\\\/02\\\/inventrip-beacons-turismo-peru.jpg\",\"contentUrl\":\"https:\\\/\\\/www.caudete.org\\\/ayuntamiento\\\/wp-content\\\/uploads\\\/2021\\\/02\\\/inventrip-beacons-turismo-peru.jpg\",\"width\":997,\"height\":532},{\"@type\":\"BreadcrumbList\",\"@id\":\"https:\\\/\\\/www.caudete.org\\\/ayuntamiento\\\/caudete-se-suma-al-proyecto-desarrollo-de-destinos-turisticos-inteligentes\\\/#breadcrumb\",\"itemListElement\":[{\"@type\":\"ListItem\",\"position\":1,\"name\":\"Inicio\",\"item\":\"https:\\\/\\\/www.caudete.org\\\/ayuntamiento\\\/\"},{\"@type\":\"ListItem\",\"position\":2,\"name\":\"Caudete se suma al proyecto DESARROLLO DE DESTINOS TUR\u00cdSTICOS INTELIGENTES\"}]},{\"@type\":\"WebSite\",\"@id\":\"https:\\\/\\\/www.caudete.org\\\/ayuntamiento\\\/#website\",\"url\":\"https:\\\/\\\/www.caudete.org\\\/ayuntamiento\\\/\",\"name\":\"MI Ayuntamiento de Caudete\",\"description\":\"P\u00e1gina Oficial del MI Ayuntamiento de Caudete\",\"potentialAction\":[{\"@type\":\"SearchAction\",\"target\":{\"@type\":\"EntryPoint\",\"urlTemplate\":\"https:\\\/\\\/www.caudete.org\\\/ayuntamiento\\\/?s={search_term_string}\"},\"query-input\":{\"@type\":\"PropertyValueSpecification\",\"valueRequired\":true,\"valueName\":\"search_term_string\"}}],\"inLanguage\":\"es\"},{\"@type\":\"Person\",\"@id\":\"https:\\\/\\\/www.caudete.org\\\/ayuntamiento\\\/#\\\/schema\\\/person\\\/cc646da9133078ee4d8dd47457947253\",\"name\":\"alcalde\",\"image\":{\"@type\":\"ImageObject\",\"inLanguage\":\"es\",\"@id\":\"https:\\\/\\\/secure.gravatar.com\\\/avatar\\\/84a817ba065b29ff08d666b215a215f5c79186a645ccb25b14a663d48a130f77?s=96&d=mm&r=g\",\"url\":\"https:\\\/\\\/secure.gravatar.com\\\/avatar\\\/84a817ba065b29ff08d666b215a215f5c79186a645ccb25b14a663d48a130f77?s=96&d=mm&r=g\",\"contentUrl\":\"https:\\\/\\\/secure.gravatar.com\\\/avatar\\\/84a817ba065b29ff08d666b215a215f5c79186a645ccb25b14a663d48a130f77?s=96&d=mm&r=g\",\"caption\":\"alcalde\"},\"url\":\"https:\\\/\\\/www.caudete.org\\\/ayuntamiento\\\/author\\\/alcalde\\\/\"}]}<\/script>\n<!-- \/ Yoast SEO plugin. -->","yoast_head_json":{"title":"Caudete se suma al proyecto DESARROLLO DE DESTINOS TUR\u00cdSTICOS INTELIGENTES - MI Ayuntamiento de Caudete","description":"P\u00e1gina Oficial del Ayuntamiento de Caudete (Albacete)","robots":{"index":"index","follow":"follow","max-snippet":"max-snippet:-1","max-image-preview":"max-image-preview:large","max-video-preview":"max-video-preview:-1"},"canonical":"https:\/\/www.caudete.org\/ayuntamiento\/caudete-se-suma-al-proyecto-desarrollo-de-destinos-turisticos-inteligentes\/","og_locale":"es_ES","og_type":"article","og_title":"Caudete se suma al proyecto DESARROLLO DE DESTINOS TUR\u00cdSTICOS INTELIGENTES - MI Ayuntamiento de Caudete","og_description":"P\u00e1gina Oficial del Ayuntamiento de Caudete (Albacete)","og_url":"https:\/\/www.caudete.org\/ayuntamiento\/caudete-se-suma-al-proyecto-desarrollo-de-destinos-turisticos-inteligentes\/","og_site_name":"MI Ayuntamiento de Caudete","article_publisher":"https:\/\/www.facebook.com\/ayuntamientocaudete\/","article_published_time":"2021-02-12T08:00:05+00:00","og_image":[{"width":997,"height":532,"url":"https:\/\/www.caudete.org\/ayuntamiento\/wp-content\/uploads\/2021\/02\/inventrip-beacons-turismo-peru.jpg","type":"image\/jpeg"}],"author":"alcalde","twitter_card":"summary_large_image","twitter_misc":{"Escrito por":"alcalde","Tiempo de lectura":"2 minutos"},"schema":{"@context":"https:\/\/schema.org","@graph":[{"@type":"Article","@id":"https:\/\/www.caudete.org\/ayuntamiento\/caudete-se-suma-al-proyecto-desarrollo-de-destinos-turisticos-inteligentes\/#article","isPartOf":{"@id":"https:\/\/www.caudete.org\/ayuntamiento\/caudete-se-suma-al-proyecto-desarrollo-de-destinos-turisticos-inteligentes\/"},"author":{"name":"alcalde","@id":"https:\/\/www.caudete.org\/ayuntamiento\/#\/schema\/person\/cc646da9133078ee4d8dd47457947253"},"headline":"Caudete se suma al proyecto DESARROLLO DE DESTINOS TUR\u00cdSTICOS INTELIGENTES","datePublished":"2021-02-12T08:00:05+00:00","mainEntityOfPage":{"@id":"https:\/\/www.caudete.org\/ayuntamiento\/caudete-se-suma-al-proyecto-desarrollo-de-destinos-turisticos-inteligentes\/"},"wordCount":335,"image":{"@id":"https:\/\/www.caudete.org\/ayuntamiento\/caudete-se-suma-al-proyecto-desarrollo-de-destinos-turisticos-inteligentes\/#primaryimage"},"thumbnailUrl":"https:\/\/www.caudete.org\/ayuntamiento\/wp-content\/uploads\/2021\/02\/inventrip-beacons-turismo-peru.jpg","keywords":["dipualba","geobaliza","inventrip","proyecto","QR"],"articleSection":["Turismo"],"inLanguage":"es"},{"@type":"WebPage","@id":"https:\/\/www.caudete.org\/ayuntamiento\/caudete-se-suma-al-proyecto-desarrollo-de-destinos-turisticos-inteligentes\/","url":"https:\/\/www.caudete.org\/ayuntamiento\/caudete-se-suma-al-proyecto-desarrollo-de-destinos-turisticos-inteligentes\/","name":"Caudete se suma al proyecto DESARROLLO DE DESTINOS TUR\u00cdSTICOS INTELIGENTES - MI Ayuntamiento de Caudete","isPartOf":{"@id":"https:\/\/www.caudete.org\/ayuntamiento\/#website"},"primaryImageOfPage":{"@id":"https:\/\/www.caudete.org\/ayuntamiento\/caudete-se-suma-al-proyecto-desarrollo-de-destinos-turisticos-inteligentes\/#primaryimage"},"image":{"@id":"https:\/\/www.caudete.org\/ayuntamiento\/caudete-se-suma-al-proyecto-desarrollo-de-destinos-turisticos-inteligentes\/#primaryimage"},"thumbnailUrl":"https:\/\/www.caudete.org\/ayuntamiento\/wp-content\/uploads\/2021\/02\/inventrip-beacons-turismo-peru.jpg","datePublished":"2021-02-12T08:00:05+00:00","author":{"@id":"https:\/\/www.caudete.org\/ayuntamiento\/#\/schema\/person\/cc646da9133078ee4d8dd47457947253"},"description":"P\u00e1gina Oficial del Ayuntamiento de Caudete (Albacete)","breadcrumb":{"@id":"https:\/\/www.caudete.org\/ayuntamiento\/caudete-se-suma-al-proyecto-desarrollo-de-destinos-turisticos-inteligentes\/#breadcrumb"},"inLanguage":"es","potentialAction":[{"@type":"ReadAction","target":["https:\/\/www.caudete.org\/ayuntamiento\/caudete-se-suma-al-proyecto-desarrollo-de-destinos-turisticos-inteligentes\/"]}]},{"@type":"ImageObject","inLanguage":"es","@id":"https:\/\/www.caudete.org\/ayuntamiento\/caudete-se-suma-al-proyecto-desarrollo-de-destinos-turisticos-inteligentes\/#primaryimage","url":"https:\/\/www.caudete.org\/ayuntamiento\/wp-content\/uploads\/2021\/02\/inventrip-beacons-turismo-peru.jpg","contentUrl":"https:\/\/www.caudete.org\/ayuntamiento\/wp-content\/uploads\/2021\/02\/inventrip-beacons-turismo-peru.jpg","width":997,"height":532},{"@type":"BreadcrumbList","@id":"https:\/\/www.caudete.org\/ayuntamiento\/caudete-se-suma-al-proyecto-desarrollo-de-destinos-turisticos-inteligentes\/#breadcrumb","itemListElement":[{"@type":"ListItem","position":1,"name":"Inicio","item":"https:\/\/www.caudete.org\/ayuntamiento\/"},{"@type":"ListItem","position":2,"name":"Caudete se suma al proyecto DESARROLLO DE DESTINOS TUR\u00cdSTICOS INTELIGENTES"}]},{"@type":"WebSite","@id":"https:\/\/www.caudete.org\/ayuntamiento\/#website","url":"https:\/\/www.caudete.org\/ayuntamiento\/","name":"MI Ayuntamiento de Caudete","description":"P\u00e1gina Oficial del MI Ayuntamiento de Caudete","potentialAction":[{"@type":"SearchAction","target":{"@type":"EntryPoint","urlTemplate":"https:\/\/www.caudete.org\/ayuntamiento\/?s={search_term_string}"},"query-input":{"@type":"PropertyValueSpecification","valueRequired":true,"valueName":"search_term_string"}}],"inLanguage":"es"},{"@type":"Person","@id":"https:\/\/www.caudete.org\/ayuntamiento\/#\/schema\/person\/cc646da9133078ee4d8dd47457947253","name":"alcalde","image":{"@type":"ImageObject","inLanguage":"es","@id":"https:\/\/secure.gravatar.com\/avatar\/84a817ba065b29ff08d666b215a215f5c79186a645ccb25b14a663d48a130f77?s=96&d=mm&r=g","url":"https:\/\/secure.gravatar.com\/avatar\/84a817ba065b29ff08d666b215a215f5c79186a645ccb25b14a663d48a130f77?s=96&d=mm&r=g","contentUrl":"https:\/\/secure.gravatar.com\/avatar\/84a817ba065b29ff08d666b215a215f5c79186a645ccb25b14a663d48a130f77?s=96&d=mm&r=g","caption":"alcalde"},"url":"https:\/\/www.caudete.org\/ayuntamiento\/author\/alcalde\/"}]}},"_links":{"self":[{"href":"https:\/\/www.caudete.org\/ayuntamiento\/wp-json\/wp\/v2\/posts\/12102","targetHints":{"allow":["GET"]}}],"collection":[{"href":"https:\/\/www.caudete.org\/ayuntamiento\/wp-json\/wp\/v2\/posts"}],"about":[{"href":"https:\/\/www.caudete.org\/ayuntamiento\/wp-json\/wp\/v2\/types\/post"}],"author":[{"embeddable":true,"href":"https:\/\/www.caudete.org\/ayuntamiento\/wp-json\/wp\/v2\/users\/3"}],"replies":[{"embeddable":true,"href":"https:\/\/www.caudete.org\/ayuntamiento\/wp-json\/wp\/v2\/comments?post=12102"}],"version-history":[{"count":3,"href":"https:\/\/www.caudete.org\/ayuntamiento\/wp-json\/wp\/v2\/posts\/12102\/revisions"}],"predecessor-version":[{"id":12111,"href":"https:\/\/www.caudete.org\/ayuntamiento\/wp-json\/wp\/v2\/posts\/12102\/revisions\/12111"}],"wp:featuredmedia":[{"embeddable":true,"href":"https:\/\/www.caudete.org\/ayuntamiento\/wp-json\/wp\/v2\/media\/12109"}],"wp:attachment":[{"href":"https:\/\/www.caudete.org\/ayuntamiento\/wp-json\/wp\/v2\/media?parent=12102"}],"wp:term":[{"taxonomy":"category","embeddable":true,"href":"https:\/\/www.caudete.org\/ayuntamiento\/wp-json\/wp\/v2\/categories?post=12102"},{"taxonomy":"post_tag","embeddable":true,"href":"https:\/\/www.caudete.org\/ayuntamiento\/wp-json\/wp\/v2\/tags?post=12102"}],"curies":[{"name":"wp","href":"https:\/\/api.w.org\/{rel}","templated":true}]}}