{"id":12113,"date":"2021-02-12T09:00:18","date_gmt":"2021-02-12T08:00:18","guid":{"rendered":"https:\/\/www.caudete.org\/ayuntamiento\/?p=12113"},"modified":"2021-02-11T21:44:38","modified_gmt":"2021-02-11T20:44:38","slug":"recordatorio-del-servicio-de-recogida-de-papel-carton","status":"publish","type":"post","link":"https:\/\/www.caudete.org\/ayuntamiento\/recordatorio-del-servicio-de-recogida-de-papel-carton\/","title":{"rendered":"Recordatorio del servicio de recogida de Papel-Cart\u00f3n"},"content":{"rendered":"<p style=\"text-align: justify;\">El Concejal de Servicios, Joaqu\u00edn Pag\u00e1n, ha querido remarcar el servicio municipal de recogida de PAPEL que est\u00e1n a disposici\u00f3n de los caudetanos:<\/p>\n<ol style=\"text-align: justify;\">\n<li><b>CONTENEDORES AZULES<\/b><span style=\"font-weight: 400;\"> donde se depositan los residuos de <strong>papel y cart\u00f3n<\/strong>,\u00a0 y tiene como <strong>d\u00eda de recogida los mi\u00e9rcoles<\/strong>, destinado a todos los ciudadanos.<\/span><\/li>\n<\/ol>\n<ol start=\"2\">\n<li style=\"text-align: justify;\"><span style=\"font-weight: 400;\"> Servicio<\/span><b> ESPEC\u00cdFICO PARA COMERCIOS. <\/b><span style=\"font-weight: 400;\">El servicio consiste en una recogida extraordinaria los <strong>jueves de madrugada<\/strong>. Por lo tanto,\u00a0 los comercios que generan grandes cantidades de papel y cart\u00f3n deben depositar el cart\u00f3n\u00a0 junto a su comercio la noche del mi\u00e9rcoles. A este respecto, recuerda que si alg\u00fan comercio no se ha beneficiado de este servicio especial, y tiene inter\u00e9s en hacerlo, puede<\/span> solicitarlo al Departamento de Medio Ambiente en el tel\u00e9fono 96.582.70.00 marcando la extensi\u00f3n 305.<\/li>\n<li><b>ECOPARQUE MUNICIPAL,<\/b><span> donde puede depositar estos residuos\u00a0 de martes a s\u00e1bados en el siguiente horario:<\/span><\/li>\n<\/ol>\n<p style=\"text-align: center;\">\n<table class=\" aligncenter\" style=\"width: 56.6215%; height: 268px;\">\n<tbody>\n<tr>\n<td style=\"width: 173.226%;\" colspan=\"5\">\n<p style=\"text-align: center;\"><strong>HORARIO ECOPARQUE<\/strong><\/p>\n<\/td>\n<\/tr>\n<tr>\n<td style=\"width: 16%; text-align: center;\"><span style=\"font-weight: 400;\">\u00a0<\/span><\/td>\n<td style=\"width: 13.9775%; text-align: center;\"><strong>LUNES<\/strong><\/td>\n<td style=\"width: 25.468%; text-align: center;\"><strong>MARTES-VIERNES<\/strong><\/td>\n<td style=\"width: 24.344%; text-align: center;\"><strong>S\u00c1BADO<\/strong><\/td>\n<td style=\"width: 93.4363%; text-align: center;\"><strong>DOMINGO<\/strong><\/td>\n<\/tr>\n<tr>\n<td style=\"width: 16%; text-align: center;\"><strong>MA\u00d1ANA<\/strong><\/td>\n<td style=\"width: 13.9775%; text-align: center;\"><span style=\"font-weight: 400; color: #ff0000;\">cerrado<\/span><\/td>\n<td style=\"width: 25.468%; text-align: center;\"><strong>10:00 \u2013 13:30<\/strong><\/td>\n<td style=\"width: 24.344%; text-align: center;\"><strong>10:00 &#8211; 14:00<\/strong><\/td>\n<td style=\"width: 93.4363%; text-align: center;\"><span style=\"font-weight: 400; color: #ff0000;\">cerrado<\/span><\/td>\n<\/tr>\n<tr>\n<td style=\"width: 16%; text-align: center;\"><strong>TARDE<\/strong><\/td>\n<td style=\"width: 13.9775%; text-align: center;\"><span style=\"font-weight: 400; color: #ff0000;\">cerrado<\/span><\/td>\n<td style=\"width: 25.468%; text-align: center;\"><strong>10:00 \u2013 13:30<\/strong><\/td>\n<td style=\"width: 24.344%; text-align: center;\"><span style=\"font-weight: 400; color: #ff0000;\">cerrado<\/span><\/td>\n<td style=\"width: 93.4363%; text-align: center;\"><span style=\"font-weight: 400; color: #ff0000;\">cerrado<\/span><\/td>\n<\/tr>\n<\/tbody>\n<\/table>\n<p>&nbsp;<\/p>\n<p><span style=\"font-weight: 400;\">Le recordamos que el cart\u00f3n\u00a0 <\/span><b>NO DEBE DE DEPOSITARSE<\/b><span style=\"font-weight: 400;\"> fuera del contenedor y le rogamos que preferentemente hago uso del\u00a0 servicio espec\u00edfico para comercios\u00a0 y del Ecoparque con el fin de no saturar los contenedores azules de uso preferentemente domiciliario.<\/span><\/p>\n<p><span style=\"font-weight: 400;\">\u00a0<\/span><a href=\"https:\/\/contenedormarron.com\/los-5-contenedores\/envases-papelycarton-vidrio\/\" target=\"_blank\" rel=\"nofollow\"><span style=\"font-weight: 400;\">Envases, papel, cart\u00f3n y vidrio \u2013 Fovasa\/Fobesa (contenedormarron.com)<\/span><\/a><\/p>\n","protected":false},"excerpt":{"rendered":"<p>El Concejal de Servicios, Joaqu\u00edn Pag\u00e1n, ha querido remarcar el servicio municipal de recogida de PAPEL que est\u00e1n a disposici\u00f3n de los caudetanos: CONTENEDORES AZULES donde se depositan los residuos de papel y cart\u00f3n,\u00a0 y tiene como d\u00eda de recogida los mi\u00e9rcoles, destinado a todos los ciudadanos. Servicio ESPEC\u00cdFICO PARA COMERCIOS. El servicio consiste en &hellip;<\/p>\n","protected":false},"author":3,"featured_media":12116,"comment_status":"closed","ping_status":"open","sticky":false,"template":"","format":"standard","meta":{"ngg_post_thumbnail":0,"footnotes":""},"categories":[270],"tags":[416,414,415,418,417],"class_list":["post-12113","post","type-post","status-publish","format-standard","has-post-thumbnail","hentry","category-servicios","tag-carton","tag-contenedor-azul","tag-papel","tag-recogida","tag-servicios"],"yoast_head":"<!-- This site is optimized with the Yoast SEO plugin v27.5 - https:\/\/yoast.com\/product\/yoast-seo-wordpress\/ -->\n<title>Recordatorio del servicio de recogida de Papel-Cart\u00f3n - MI Ayuntamiento de Caudete<\/title>\n<meta name=\"description\" content=\"P\u00e1gina Oficial del Ayuntamiento de Caudete (Albacete)\" \/>\n<meta name=\"robots\" content=\"index, follow, max-snippet:-1, max-image-preview:large, max-video-preview:-1\" \/>\n<link rel=\"canonical\" href=\"https:\/\/www.caudete.org\/ayuntamiento\/recordatorio-del-servicio-de-recogida-de-papel-carton\/\" \/>\n<meta property=\"og:locale\" content=\"es_ES\" \/>\n<meta property=\"og:type\" content=\"article\" \/>\n<meta property=\"og:title\" content=\"Recordatorio del servicio de recogida de Papel-Cart\u00f3n - MI Ayuntamiento de Caudete\" \/>\n<meta property=\"og:description\" content=\"P\u00e1gina Oficial del Ayuntamiento de Caudete (Albacete)\" \/>\n<meta property=\"og:url\" content=\"https:\/\/www.caudete.org\/ayuntamiento\/recordatorio-del-servicio-de-recogida-de-papel-carton\/\" \/>\n<meta property=\"og:site_name\" content=\"MI Ayuntamiento de Caudete\" \/>\n<meta property=\"article:publisher\" content=\"https:\/\/www.facebook.com\/ayuntamientocaudete\/\" \/>\n<meta property=\"article:published_time\" content=\"2021-02-12T08:00:18+00:00\" \/>\n<meta property=\"og:image\" content=\"https:\/\/www.caudete.org\/ayuntamiento\/wp-content\/uploads\/2021\/02\/WhatsApp-Image-2021-02-11-at-21.41.44.jpeg\" \/>\n\t<meta property=\"og:image:width\" content=\"2048\" \/>\n\t<meta property=\"og:image:height\" content=\"1536\" \/>\n\t<meta property=\"og:image:type\" content=\"image\/jpeg\" \/>\n<meta name=\"author\" content=\"alcalde\" \/>\n<meta name=\"twitter:card\" content=\"summary_large_image\" \/>\n<meta name=\"twitter:label1\" content=\"Escrito por\" \/>\n\t<meta name=\"twitter:data1\" content=\"alcalde\" \/>\n\t<meta name=\"twitter:label2\" content=\"Tiempo de lectura\" \/>\n\t<meta name=\"twitter:data2\" content=\"1 minuto\" \/>\n<script type=\"application\/ld+json\" class=\"yoast-schema-graph\">{\"@context\":\"https:\\\/\\\/schema.org\",\"@graph\":[{\"@type\":\"Article\",\"@id\":\"https:\\\/\\\/www.caudete.org\\\/ayuntamiento\\\/recordatorio-del-servicio-de-recogida-de-papel-carton\\\/#article\",\"isPartOf\":{\"@id\":\"https:\\\/\\\/www.caudete.org\\\/ayuntamiento\\\/recordatorio-del-servicio-de-recogida-de-papel-carton\\\/\"},\"author\":{\"name\":\"alcalde\",\"@id\":\"https:\\\/\\\/www.caudete.org\\\/ayuntamiento\\\/#\\\/schema\\\/person\\\/cc646da9133078ee4d8dd47457947253\"},\"headline\":\"Recordatorio del servicio de recogida de Papel-Cart\u00f3n\",\"datePublished\":\"2021-02-12T08:00:18+00:00\",\"mainEntityOfPage\":{\"@id\":\"https:\\\/\\\/www.caudete.org\\\/ayuntamiento\\\/recordatorio-del-servicio-de-recogida-de-papel-carton\\\/\"},\"wordCount\":229,\"publisher\":{\"@id\":\"https:\\\/\\\/www.caudete.org\\\/ayuntamiento\\\/#organization\"},\"image\":{\"@id\":\"https:\\\/\\\/www.caudete.org\\\/ayuntamiento\\\/recordatorio-del-servicio-de-recogida-de-papel-carton\\\/#primaryimage\"},\"thumbnailUrl\":\"https:\\\/\\\/www.caudete.org\\\/ayuntamiento\\\/wp-content\\\/uploads\\\/2021\\\/02\\\/WhatsApp-Image-2021-02-11-at-21.41.44.jpeg\",\"keywords\":[\"carton\",\"contenedor azul\",\"papel\",\"recogida\",\"servicios\"],\"articleSection\":[\"Servicios\"],\"inLanguage\":\"es\"},{\"@type\":\"WebPage\",\"@id\":\"https:\\\/\\\/www.caudete.org\\\/ayuntamiento\\\/recordatorio-del-servicio-de-recogida-de-papel-carton\\\/\",\"url\":\"https:\\\/\\\/www.caudete.org\\\/ayuntamiento\\\/recordatorio-del-servicio-de-recogida-de-papel-carton\\\/\",\"name\":\"Recordatorio del servicio de recogida de Papel-Cart\u00f3n - MI Ayuntamiento de Caudete\",\"isPartOf\":{\"@id\":\"https:\\\/\\\/www.caudete.org\\\/ayuntamiento\\\/#website\"},\"primaryImageOfPage\":{\"@id\":\"https:\\\/\\\/www.caudete.org\\\/ayuntamiento\\\/recordatorio-del-servicio-de-recogida-de-papel-carton\\\/#primaryimage\"},\"image\":{\"@id\":\"https:\\\/\\\/www.caudete.org\\\/ayuntamiento\\\/recordatorio-del-servicio-de-recogida-de-papel-carton\\\/#primaryimage\"},\"thumbnailUrl\":\"https:\\\/\\\/www.caudete.org\\\/ayuntamiento\\\/wp-content\\\/uploads\\\/2021\\\/02\\\/WhatsApp-Image-2021-02-11-at-21.41.44.jpeg\",\"datePublished\":\"2021-02-12T08:00:18+00:00\",\"description\":\"P\u00e1gina Oficial del Ayuntamiento de Caudete (Albacete)\",\"breadcrumb\":{\"@id\":\"https:\\\/\\\/www.caudete.org\\\/ayuntamiento\\\/recordatorio-del-servicio-de-recogida-de-papel-carton\\\/#breadcrumb\"},\"inLanguage\":\"es\",\"potentialAction\":[{\"@type\":\"ReadAction\",\"target\":[\"https:\\\/\\\/www.caudete.org\\\/ayuntamiento\\\/recordatorio-del-servicio-de-recogida-de-papel-carton\\\/\"]}]},{\"@type\":\"ImageObject\",\"inLanguage\":\"es\",\"@id\":\"https:\\\/\\\/www.caudete.org\\\/ayuntamiento\\\/recordatorio-del-servicio-de-recogida-de-papel-carton\\\/#primaryimage\",\"url\":\"https:\\\/\\\/www.caudete.org\\\/ayuntamiento\\\/wp-content\\\/uploads\\\/2021\\\/02\\\/WhatsApp-Image-2021-02-11-at-21.41.44.jpeg\",\"contentUrl\":\"https:\\\/\\\/www.caudete.org\\\/ayuntamiento\\\/wp-content\\\/uploads\\\/2021\\\/02\\\/WhatsApp-Image-2021-02-11-at-21.41.44.jpeg\",\"width\":2048,\"height\":1536},{\"@type\":\"BreadcrumbList\",\"@id\":\"https:\\\/\\\/www.caudete.org\\\/ayuntamiento\\\/recordatorio-del-servicio-de-recogida-de-papel-carton\\\/#breadcrumb\",\"itemListElement\":[{\"@type\":\"ListItem\",\"position\":1,\"name\":\"Inicio\",\"item\":\"https:\\\/\\\/www.caudete.org\\\/ayuntamiento\\\/\"},{\"@type\":\"ListItem\",\"position\":2,\"name\":\"Recordatorio del servicio de recogida de Papel-Cart\u00f3n\"}]},{\"@type\":\"WebSite\",\"@id\":\"https:\\\/\\\/www.caudete.org\\\/ayuntamiento\\\/#website\",\"url\":\"https:\\\/\\\/www.caudete.org\\\/ayuntamiento\\\/\",\"name\":\"MI Ayuntamiento de Caudete\",\"description\":\"P\u00e1gina Oficial del MI Ayuntamiento de Caudete\",\"publisher\":{\"@id\":\"https:\\\/\\\/www.caudete.org\\\/ayuntamiento\\\/#organization\"},\"potentialAction\":[{\"@type\":\"SearchAction\",\"target\":{\"@type\":\"EntryPoint\",\"urlTemplate\":\"https:\\\/\\\/www.caudete.org\\\/ayuntamiento\\\/?s={search_term_string}\"},\"query-input\":{\"@type\":\"PropertyValueSpecification\",\"valueRequired\":true,\"valueName\":\"search_term_string\"}}],\"inLanguage\":\"es\"},{\"@type\":\"Organization\",\"@id\":\"https:\\\/\\\/www.caudete.org\\\/ayuntamiento\\\/#organization\",\"name\":\"Ayuntamiento de Caudete\",\"url\":\"https:\\\/\\\/www.caudete.org\\\/ayuntamiento\\\/\",\"logo\":{\"@type\":\"ImageObject\",\"inLanguage\":\"es\",\"@id\":\"https:\\\/\\\/www.caudete.org\\\/ayuntamiento\\\/#\\\/schema\\\/logo\\\/image\\\/\",\"url\":\"https:\\\/\\\/www.caudete.org\\\/ayuntamiento\\\/wp-content\\\/uploads\\\/2020\\\/11\\\/logo_ayuntamiento_caudete.jpg\",\"contentUrl\":\"https:\\\/\\\/www.caudete.org\\\/ayuntamiento\\\/wp-content\\\/uploads\\\/2020\\\/11\\\/logo_ayuntamiento_caudete.jpg\",\"width\":600,\"height\":150,\"caption\":\"Ayuntamiento de Caudete\"},\"image\":{\"@id\":\"https:\\\/\\\/www.caudete.org\\\/ayuntamiento\\\/#\\\/schema\\\/logo\\\/image\\\/\"},\"sameAs\":[\"https:\\\/\\\/www.facebook.com\\\/ayuntamientocaudete\\\/\",\"https:\\\/\\\/www.youtube.com\\\/channel\\\/UC6VztHaooNsGpw-tNoBEFnQ\"]},{\"@type\":\"Person\",\"@id\":\"https:\\\/\\\/www.caudete.org\\\/ayuntamiento\\\/#\\\/schema\\\/person\\\/cc646da9133078ee4d8dd47457947253\",\"name\":\"alcalde\",\"image\":{\"@type\":\"ImageObject\",\"inLanguage\":\"es\",\"@id\":\"https:\\\/\\\/secure.gravatar.com\\\/avatar\\\/84a817ba065b29ff08d666b215a215f5c79186a645ccb25b14a663d48a130f77?s=96&d=mm&r=g\",\"url\":\"https:\\\/\\\/secure.gravatar.com\\\/avatar\\\/84a817ba065b29ff08d666b215a215f5c79186a645ccb25b14a663d48a130f77?s=96&d=mm&r=g\",\"contentUrl\":\"https:\\\/\\\/secure.gravatar.com\\\/avatar\\\/84a817ba065b29ff08d666b215a215f5c79186a645ccb25b14a663d48a130f77?s=96&d=mm&r=g\",\"caption\":\"alcalde\"},\"url\":\"https:\\\/\\\/www.caudete.org\\\/ayuntamiento\\\/author\\\/alcalde\\\/\"}]}<\/script>\n<!-- \/ Yoast SEO plugin. -->","yoast_head_json":{"title":"Recordatorio del servicio de recogida de Papel-Cart\u00f3n - MI Ayuntamiento de Caudete","description":"P\u00e1gina Oficial del Ayuntamiento de Caudete (Albacete)","robots":{"index":"index","follow":"follow","max-snippet":"max-snippet:-1","max-image-preview":"max-image-preview:large","max-video-preview":"max-video-preview:-1"},"canonical":"https:\/\/www.caudete.org\/ayuntamiento\/recordatorio-del-servicio-de-recogida-de-papel-carton\/","og_locale":"es_ES","og_type":"article","og_title":"Recordatorio del servicio de recogida de Papel-Cart\u00f3n - MI Ayuntamiento de Caudete","og_description":"P\u00e1gina Oficial del Ayuntamiento de Caudete (Albacete)","og_url":"https:\/\/www.caudete.org\/ayuntamiento\/recordatorio-del-servicio-de-recogida-de-papel-carton\/","og_site_name":"MI Ayuntamiento de Caudete","article_publisher":"https:\/\/www.facebook.com\/ayuntamientocaudete\/","article_published_time":"2021-02-12T08:00:18+00:00","og_image":[{"width":2048,"height":1536,"url":"https:\/\/www.caudete.org\/ayuntamiento\/wp-content\/uploads\/2021\/02\/WhatsApp-Image-2021-02-11-at-21.41.44.jpeg","type":"image\/jpeg"}],"author":"alcalde","twitter_card":"summary_large_image","twitter_misc":{"Escrito por":"alcalde","Tiempo de lectura":"1 minuto"},"schema":{"@context":"https:\/\/schema.org","@graph":[{"@type":"Article","@id":"https:\/\/www.caudete.org\/ayuntamiento\/recordatorio-del-servicio-de-recogida-de-papel-carton\/#article","isPartOf":{"@id":"https:\/\/www.caudete.org\/ayuntamiento\/recordatorio-del-servicio-de-recogida-de-papel-carton\/"},"author":{"name":"alcalde","@id":"https:\/\/www.caudete.org\/ayuntamiento\/#\/schema\/person\/cc646da9133078ee4d8dd47457947253"},"headline":"Recordatorio del servicio de recogida de Papel-Cart\u00f3n","datePublished":"2021-02-12T08:00:18+00:00","mainEntityOfPage":{"@id":"https:\/\/www.caudete.org\/ayuntamiento\/recordatorio-del-servicio-de-recogida-de-papel-carton\/"},"wordCount":229,"publisher":{"@id":"https:\/\/www.caudete.org\/ayuntamiento\/#organization"},"image":{"@id":"https:\/\/www.caudete.org\/ayuntamiento\/recordatorio-del-servicio-de-recogida-de-papel-carton\/#primaryimage"},"thumbnailUrl":"https:\/\/www.caudete.org\/ayuntamiento\/wp-content\/uploads\/2021\/02\/WhatsApp-Image-2021-02-11-at-21.41.44.jpeg","keywords":["carton","contenedor azul","papel","recogida","servicios"],"articleSection":["Servicios"],"inLanguage":"es"},{"@type":"WebPage","@id":"https:\/\/www.caudete.org\/ayuntamiento\/recordatorio-del-servicio-de-recogida-de-papel-carton\/","url":"https:\/\/www.caudete.org\/ayuntamiento\/recordatorio-del-servicio-de-recogida-de-papel-carton\/","name":"Recordatorio del servicio de recogida de Papel-Cart\u00f3n - MI Ayuntamiento de Caudete","isPartOf":{"@id":"https:\/\/www.caudete.org\/ayuntamiento\/#website"},"primaryImageOfPage":{"@id":"https:\/\/www.caudete.org\/ayuntamiento\/recordatorio-del-servicio-de-recogida-de-papel-carton\/#primaryimage"},"image":{"@id":"https:\/\/www.caudete.org\/ayuntamiento\/recordatorio-del-servicio-de-recogida-de-papel-carton\/#primaryimage"},"thumbnailUrl":"https:\/\/www.caudete.org\/ayuntamiento\/wp-content\/uploads\/2021\/02\/WhatsApp-Image-2021-02-11-at-21.41.44.jpeg","datePublished":"2021-02-12T08:00:18+00:00","description":"P\u00e1gina Oficial del Ayuntamiento de Caudete (Albacete)","breadcrumb":{"@id":"https:\/\/www.caudete.org\/ayuntamiento\/recordatorio-del-servicio-de-recogida-de-papel-carton\/#breadcrumb"},"inLanguage":"es","potentialAction":[{"@type":"ReadAction","target":["https:\/\/www.caudete.org\/ayuntamiento\/recordatorio-del-servicio-de-recogida-de-papel-carton\/"]}]},{"@type":"ImageObject","inLanguage":"es","@id":"https:\/\/www.caudete.org\/ayuntamiento\/recordatorio-del-servicio-de-recogida-de-papel-carton\/#primaryimage","url":"https:\/\/www.caudete.org\/ayuntamiento\/wp-content\/uploads\/2021\/02\/WhatsApp-Image-2021-02-11-at-21.41.44.jpeg","contentUrl":"https:\/\/www.caudete.org\/ayuntamiento\/wp-content\/uploads\/2021\/02\/WhatsApp-Image-2021-02-11-at-21.41.44.jpeg","width":2048,"height":1536},{"@type":"BreadcrumbList","@id":"https:\/\/www.caudete.org\/ayuntamiento\/recordatorio-del-servicio-de-recogida-de-papel-carton\/#breadcrumb","itemListElement":[{"@type":"ListItem","position":1,"name":"Inicio","item":"https:\/\/www.caudete.org\/ayuntamiento\/"},{"@type":"ListItem","position":2,"name":"Recordatorio del servicio de recogida de Papel-Cart\u00f3n"}]},{"@type":"WebSite","@id":"https:\/\/www.caudete.org\/ayuntamiento\/#website","url":"https:\/\/www.caudete.org\/ayuntamiento\/","name":"MI Ayuntamiento de Caudete","description":"P\u00e1gina Oficial del MI Ayuntamiento de Caudete","publisher":{"@id":"https:\/\/www.caudete.org\/ayuntamiento\/#organization"},"potentialAction":[{"@type":"SearchAction","target":{"@type":"EntryPoint","urlTemplate":"https:\/\/www.caudete.org\/ayuntamiento\/?s={search_term_string}"},"query-input":{"@type":"PropertyValueSpecification","valueRequired":true,"valueName":"search_term_string"}}],"inLanguage":"es"},{"@type":"Organization","@id":"https:\/\/www.caudete.org\/ayuntamiento\/#organization","name":"Ayuntamiento de Caudete","url":"https:\/\/www.caudete.org\/ayuntamiento\/","logo":{"@type":"ImageObject","inLanguage":"es","@id":"https:\/\/www.caudete.org\/ayuntamiento\/#\/schema\/logo\/image\/","url":"https:\/\/www.caudete.org\/ayuntamiento\/wp-content\/uploads\/2020\/11\/logo_ayuntamiento_caudete.jpg","contentUrl":"https:\/\/www.caudete.org\/ayuntamiento\/wp-content\/uploads\/2020\/11\/logo_ayuntamiento_caudete.jpg","width":600,"height":150,"caption":"Ayuntamiento de Caudete"},"image":{"@id":"https:\/\/www.caudete.org\/ayuntamiento\/#\/schema\/logo\/image\/"},"sameAs":["https:\/\/www.facebook.com\/ayuntamientocaudete\/","https:\/\/www.youtube.com\/channel\/UC6VztHaooNsGpw-tNoBEFnQ"]},{"@type":"Person","@id":"https:\/\/www.caudete.org\/ayuntamiento\/#\/schema\/person\/cc646da9133078ee4d8dd47457947253","name":"alcalde","image":{"@type":"ImageObject","inLanguage":"es","@id":"https:\/\/secure.gravatar.com\/avatar\/84a817ba065b29ff08d666b215a215f5c79186a645ccb25b14a663d48a130f77?s=96&d=mm&r=g","url":"https:\/\/secure.gravatar.com\/avatar\/84a817ba065b29ff08d666b215a215f5c79186a645ccb25b14a663d48a130f77?s=96&d=mm&r=g","contentUrl":"https:\/\/secure.gravatar.com\/avatar\/84a817ba065b29ff08d666b215a215f5c79186a645ccb25b14a663d48a130f77?s=96&d=mm&r=g","caption":"alcalde"},"url":"https:\/\/www.caudete.org\/ayuntamiento\/author\/alcalde\/"}]}},"_links":{"self":[{"href":"https:\/\/www.caudete.org\/ayuntamiento\/wp-json\/wp\/v2\/posts\/12113","targetHints":{"allow":["GET"]}}],"collection":[{"href":"https:\/\/www.caudete.org\/ayuntamiento\/wp-json\/wp\/v2\/posts"}],"about":[{"href":"https:\/\/www.caudete.org\/ayuntamiento\/wp-json\/wp\/v2\/types\/post"}],"author":[{"embeddable":true,"href":"https:\/\/www.caudete.org\/ayuntamiento\/wp-json\/wp\/v2\/users\/3"}],"replies":[{"embeddable":true,"href":"https:\/\/www.caudete.org\/ayuntamiento\/wp-json\/wp\/v2\/comments?post=12113"}],"version-history":[{"count":2,"href":"https:\/\/www.caudete.org\/ayuntamiento\/wp-json\/wp\/v2\/posts\/12113\/revisions"}],"predecessor-version":[{"id":12122,"href":"https:\/\/www.caudete.org\/ayuntamiento\/wp-json\/wp\/v2\/posts\/12113\/revisions\/12122"}],"wp:featuredmedia":[{"embeddable":true,"href":"https:\/\/www.caudete.org\/ayuntamiento\/wp-json\/wp\/v2\/media\/12116"}],"wp:attachment":[{"href":"https:\/\/www.caudete.org\/ayuntamiento\/wp-json\/wp\/v2\/media?parent=12113"}],"wp:term":[{"taxonomy":"category","embeddable":true,"href":"https:\/\/www.caudete.org\/ayuntamiento\/wp-json\/wp\/v2\/categories?post=12113"},{"taxonomy":"post_tag","embeddable":true,"href":"https:\/\/www.caudete.org\/ayuntamiento\/wp-json\/wp\/v2\/tags?post=12113"}],"curies":[{"name":"wp","href":"https:\/\/api.w.org\/{rel}","templated":true}]}}