{"id":12119,"date":"2021-02-15T07:31:49","date_gmt":"2021-02-15T06:31:49","guid":{"rendered":"https:\/\/www.caudete.org\/ayuntamiento\/?p=12119"},"modified":"2021-02-15T07:32:09","modified_gmt":"2021-02-15T06:32:09","slug":"afectacion-del-trafico-direccion-yecla-y-poligono-a-partir-del-jueves","status":"publish","type":"post","link":"https:\/\/www.caudete.org\/ayuntamiento\/afectacion-del-trafico-direccion-yecla-y-poligono-a-partir-del-jueves\/","title":{"rendered":"Afectaci\u00f3n del tr\u00e1fico entrada y salida Caudete-Yecla a partir del JUEVES"},"content":{"rendered":"<p style=\"text-align: justify;\"><span style=\"font-weight: 400;\">El Concejal de Movilidad, Joaqu\u00edn Pag\u00e1n, traslada tanto a particulares como a empresas informaci\u00f3n concerniente a los pr\u00f3ximos trabajos sobre la autov\u00eda A-33 (Valencia-Murcia) que afectan la zona de rotondas a la salida de Caudete hacia Yecla, as\u00ed como la zona Industrial situada en el entorno.<\/span><\/p>\n<p style=\"text-align: justify;\"><span style=\"font-weight: 400;\">La empresa constructora de la Autov\u00eda va a proceder con la demolici\u00f3n de la actual glorieta y construcci\u00f3n de la nueva, cuesti\u00f3n que afecta al tr\u00e1fico de <strong>entrada y salida a Caudete desde o hacia Yecla<\/strong>. Ante ello, se realizar\u00e1 la entrada y salida a Caudete direcci\u00f3n Yecla <strong>por el acceso de las nuevas rotondas construidas en las inmediaciones de <em>Crisnova<\/em> y La Estaci\u00f3n (Pol\u00edgono Industrial &#8220;Los Villares&#8221;).<\/strong><\/span><\/p>\n<p style=\"text-align: justify;\"><span style=\"font-weight: 400;\"><strong>Para la zona Industrial localizada al inicio de la Carretera de Yecla<\/strong> (<em>Toldos Caudete, Grupo Kaudex<\/em>, etc),<strong> as\u00ed como para la zona de diseminados de San Vicente<\/strong>, el acceso se efectuar\u00e1 de <strong>forma provisional mediante <\/strong><\/span><span style=\"font-weight: 400;\"><strong>una v\u00eda efectuada al efecto que enlazar\u00e1 con un camino p\u00fablico hacia la poblaci\u00f3n<\/strong>, tal y como se muestra en el gr\u00e1fico con la l\u00ednea de trazo rojo.<\/span><\/p>\n<p style=\"text-align: justify;\"><span style=\"font-weight: 400;\">El inicio de estos desv\u00edos del tr\u00e1fico ser\u00e1n efectivos <strong>a partir del pr\u00f3ximo jueves 18 de Febrero<\/strong>, y la previsi\u00f3n es que duren hasta el 15 de Marzo,\u00a0<\/span><span style=\"font-weight: 400;\">momento en el cual la empresa constructora tiene priorizado poner en servicio esta parte de la obra.<\/span><\/p>\n","protected":false},"excerpt":{"rendered":"<p>El Concejal de Movilidad, Joaqu\u00edn Pag\u00e1n, traslada tanto a particulares como a empresas informaci\u00f3n concerniente a los pr\u00f3ximos trabajos sobre la autov\u00eda A-33 (Valencia-Murcia) que afectan la zona de rotondas a la salida de Caudete hacia Yecla, as\u00ed como la zona Industrial situada en el entorno. La empresa constructora de la Autov\u00eda va a proceder &hellip;<\/p>\n","protected":false},"author":3,"featured_media":12120,"comment_status":"closed","ping_status":"open","sticky":false,"template":"","format":"standard","meta":{"ngg_post_thumbnail":0,"footnotes":""},"categories":[46],"tags":[251,419,420,421],"class_list":["post-12119","post","type-post","status-publish","format-standard","has-post-thumbnail","hentry","category-movilidad-urbana","tag-a33","tag-accesos-caudete","tag-desvio-trafico","tag-rotonda"],"yoast_head":"<!-- This site is optimized with the Yoast SEO plugin v27.5 - https:\/\/yoast.com\/product\/yoast-seo-wordpress\/ -->\n<title>Afectaci\u00f3n del tr\u00e1fico entrada y salida Caudete-Yecla a partir del JUEVES - MI Ayuntamiento de Caudete<\/title>\n<meta name=\"description\" content=\"P\u00e1gina Oficial del Ayuntamiento de Caudete (Albacete)\" \/>\n<meta name=\"robots\" content=\"index, follow, max-snippet:-1, max-image-preview:large, max-video-preview:-1\" \/>\n<link rel=\"canonical\" href=\"https:\/\/www.caudete.org\/ayuntamiento\/afectacion-del-trafico-direccion-yecla-y-poligono-a-partir-del-jueves\/\" \/>\n<meta property=\"og:locale\" content=\"es_ES\" \/>\n<meta property=\"og:type\" content=\"article\" \/>\n<meta property=\"og:title\" content=\"Afectaci\u00f3n del tr\u00e1fico entrada y salida Caudete-Yecla a partir del JUEVES - MI Ayuntamiento de Caudete\" \/>\n<meta property=\"og:description\" content=\"P\u00e1gina Oficial del Ayuntamiento de Caudete (Albacete)\" \/>\n<meta property=\"og:url\" content=\"https:\/\/www.caudete.org\/ayuntamiento\/afectacion-del-trafico-direccion-yecla-y-poligono-a-partir-del-jueves\/\" \/>\n<meta property=\"og:site_name\" content=\"MI Ayuntamiento de Caudete\" \/>\n<meta property=\"article:publisher\" content=\"https:\/\/www.facebook.com\/ayuntamientocaudete\/\" \/>\n<meta property=\"article:published_time\" content=\"2021-02-15T06:31:49+00:00\" \/>\n<meta property=\"article:modified_time\" content=\"2021-02-15T06:32:09+00:00\" \/>\n<meta property=\"og:image\" content=\"https:\/\/www.caudete.org\/ayuntamiento\/wp-content\/uploads\/2021\/02\/WhatsApp-Image-2021-02-11-at-18.51.05.jpeg\" \/>\n\t<meta property=\"og:image:width\" content=\"1588\" \/>\n\t<meta property=\"og:image:height\" content=\"755\" \/>\n\t<meta property=\"og:image:type\" content=\"image\/jpeg\" \/>\n<meta name=\"author\" content=\"alcalde\" \/>\n<meta name=\"twitter:card\" content=\"summary_large_image\" \/>\n<meta name=\"twitter:label1\" content=\"Escrito por\" \/>\n\t<meta name=\"twitter:data1\" content=\"alcalde\" \/>\n\t<meta name=\"twitter:label2\" content=\"Tiempo de lectura\" \/>\n\t<meta name=\"twitter:data2\" content=\"1 minuto\" \/>\n<script type=\"application\/ld+json\" class=\"yoast-schema-graph\">{\"@context\":\"https:\\\/\\\/schema.org\",\"@graph\":[{\"@type\":\"Article\",\"@id\":\"https:\\\/\\\/www.caudete.org\\\/ayuntamiento\\\/afectacion-del-trafico-direccion-yecla-y-poligono-a-partir-del-jueves\\\/#article\",\"isPartOf\":{\"@id\":\"https:\\\/\\\/www.caudete.org\\\/ayuntamiento\\\/afectacion-del-trafico-direccion-yecla-y-poligono-a-partir-del-jueves\\\/\"},\"author\":{\"name\":\"alcalde\",\"@id\":\"https:\\\/\\\/www.caudete.org\\\/ayuntamiento\\\/#\\\/schema\\\/person\\\/cc646da9133078ee4d8dd47457947253\"},\"headline\":\"Afectaci\u00f3n del tr\u00e1fico entrada y salida Caudete-Yecla a partir del JUEVES\",\"datePublished\":\"2021-02-15T06:31:49+00:00\",\"dateModified\":\"2021-02-15T06:32:09+00:00\",\"mainEntityOfPage\":{\"@id\":\"https:\\\/\\\/www.caudete.org\\\/ayuntamiento\\\/afectacion-del-trafico-direccion-yecla-y-poligono-a-partir-del-jueves\\\/\"},\"wordCount\":256,\"image\":{\"@id\":\"https:\\\/\\\/www.caudete.org\\\/ayuntamiento\\\/afectacion-del-trafico-direccion-yecla-y-poligono-a-partir-del-jueves\\\/#primaryimage\"},\"thumbnailUrl\":\"https:\\\/\\\/www.caudete.org\\\/ayuntamiento\\\/wp-content\\\/uploads\\\/2021\\\/02\\\/WhatsApp-Image-2021-02-11-at-18.51.05.jpeg\",\"keywords\":[\"a33\",\"accesos caudete\",\"desvio trafico\",\"rotonda\"],\"articleSection\":[\"Movilidad Urbana\"],\"inLanguage\":\"es\"},{\"@type\":\"WebPage\",\"@id\":\"https:\\\/\\\/www.caudete.org\\\/ayuntamiento\\\/afectacion-del-trafico-direccion-yecla-y-poligono-a-partir-del-jueves\\\/\",\"url\":\"https:\\\/\\\/www.caudete.org\\\/ayuntamiento\\\/afectacion-del-trafico-direccion-yecla-y-poligono-a-partir-del-jueves\\\/\",\"name\":\"Afectaci\u00f3n del tr\u00e1fico entrada y salida Caudete-Yecla a partir del JUEVES - MI Ayuntamiento de Caudete\",\"isPartOf\":{\"@id\":\"https:\\\/\\\/www.caudete.org\\\/ayuntamiento\\\/#website\"},\"primaryImageOfPage\":{\"@id\":\"https:\\\/\\\/www.caudete.org\\\/ayuntamiento\\\/afectacion-del-trafico-direccion-yecla-y-poligono-a-partir-del-jueves\\\/#primaryimage\"},\"image\":{\"@id\":\"https:\\\/\\\/www.caudete.org\\\/ayuntamiento\\\/afectacion-del-trafico-direccion-yecla-y-poligono-a-partir-del-jueves\\\/#primaryimage\"},\"thumbnailUrl\":\"https:\\\/\\\/www.caudete.org\\\/ayuntamiento\\\/wp-content\\\/uploads\\\/2021\\\/02\\\/WhatsApp-Image-2021-02-11-at-18.51.05.jpeg\",\"datePublished\":\"2021-02-15T06:31:49+00:00\",\"dateModified\":\"2021-02-15T06:32:09+00:00\",\"author\":{\"@id\":\"https:\\\/\\\/www.caudete.org\\\/ayuntamiento\\\/#\\\/schema\\\/person\\\/cc646da9133078ee4d8dd47457947253\"},\"description\":\"P\u00e1gina Oficial del Ayuntamiento de Caudete (Albacete)\",\"breadcrumb\":{\"@id\":\"https:\\\/\\\/www.caudete.org\\\/ayuntamiento\\\/afectacion-del-trafico-direccion-yecla-y-poligono-a-partir-del-jueves\\\/#breadcrumb\"},\"inLanguage\":\"es\",\"potentialAction\":[{\"@type\":\"ReadAction\",\"target\":[\"https:\\\/\\\/www.caudete.org\\\/ayuntamiento\\\/afectacion-del-trafico-direccion-yecla-y-poligono-a-partir-del-jueves\\\/\"]}]},{\"@type\":\"ImageObject\",\"inLanguage\":\"es\",\"@id\":\"https:\\\/\\\/www.caudete.org\\\/ayuntamiento\\\/afectacion-del-trafico-direccion-yecla-y-poligono-a-partir-del-jueves\\\/#primaryimage\",\"url\":\"https:\\\/\\\/www.caudete.org\\\/ayuntamiento\\\/wp-content\\\/uploads\\\/2021\\\/02\\\/WhatsApp-Image-2021-02-11-at-18.51.05.jpeg\",\"contentUrl\":\"https:\\\/\\\/www.caudete.org\\\/ayuntamiento\\\/wp-content\\\/uploads\\\/2021\\\/02\\\/WhatsApp-Image-2021-02-11-at-18.51.05.jpeg\",\"width\":1588,\"height\":755},{\"@type\":\"BreadcrumbList\",\"@id\":\"https:\\\/\\\/www.caudete.org\\\/ayuntamiento\\\/afectacion-del-trafico-direccion-yecla-y-poligono-a-partir-del-jueves\\\/#breadcrumb\",\"itemListElement\":[{\"@type\":\"ListItem\",\"position\":1,\"name\":\"Inicio\",\"item\":\"https:\\\/\\\/www.caudete.org\\\/ayuntamiento\\\/\"},{\"@type\":\"ListItem\",\"position\":2,\"name\":\"Afectaci\u00f3n del tr\u00e1fico entrada y salida Caudete-Yecla a partir del JUEVES\"}]},{\"@type\":\"WebSite\",\"@id\":\"https:\\\/\\\/www.caudete.org\\\/ayuntamiento\\\/#website\",\"url\":\"https:\\\/\\\/www.caudete.org\\\/ayuntamiento\\\/\",\"name\":\"MI Ayuntamiento de Caudete\",\"description\":\"P\u00e1gina Oficial del MI Ayuntamiento de Caudete\",\"potentialAction\":[{\"@type\":\"SearchAction\",\"target\":{\"@type\":\"EntryPoint\",\"urlTemplate\":\"https:\\\/\\\/www.caudete.org\\\/ayuntamiento\\\/?s={search_term_string}\"},\"query-input\":{\"@type\":\"PropertyValueSpecification\",\"valueRequired\":true,\"valueName\":\"search_term_string\"}}],\"inLanguage\":\"es\"},{\"@type\":\"Person\",\"@id\":\"https:\\\/\\\/www.caudete.org\\\/ayuntamiento\\\/#\\\/schema\\\/person\\\/cc646da9133078ee4d8dd47457947253\",\"name\":\"alcalde\",\"image\":{\"@type\":\"ImageObject\",\"inLanguage\":\"es\",\"@id\":\"https:\\\/\\\/secure.gravatar.com\\\/avatar\\\/84a817ba065b29ff08d666b215a215f5c79186a645ccb25b14a663d48a130f77?s=96&d=mm&r=g\",\"url\":\"https:\\\/\\\/secure.gravatar.com\\\/avatar\\\/84a817ba065b29ff08d666b215a215f5c79186a645ccb25b14a663d48a130f77?s=96&d=mm&r=g\",\"contentUrl\":\"https:\\\/\\\/secure.gravatar.com\\\/avatar\\\/84a817ba065b29ff08d666b215a215f5c79186a645ccb25b14a663d48a130f77?s=96&d=mm&r=g\",\"caption\":\"alcalde\"},\"url\":\"https:\\\/\\\/www.caudete.org\\\/ayuntamiento\\\/author\\\/alcalde\\\/\"}]}<\/script>\n<!-- \/ Yoast SEO plugin. -->","yoast_head_json":{"title":"Afectaci\u00f3n del tr\u00e1fico entrada y salida Caudete-Yecla a partir del JUEVES - MI Ayuntamiento de Caudete","description":"P\u00e1gina Oficial del Ayuntamiento de Caudete (Albacete)","robots":{"index":"index","follow":"follow","max-snippet":"max-snippet:-1","max-image-preview":"max-image-preview:large","max-video-preview":"max-video-preview:-1"},"canonical":"https:\/\/www.caudete.org\/ayuntamiento\/afectacion-del-trafico-direccion-yecla-y-poligono-a-partir-del-jueves\/","og_locale":"es_ES","og_type":"article","og_title":"Afectaci\u00f3n del tr\u00e1fico entrada y salida Caudete-Yecla a partir del JUEVES - MI Ayuntamiento de Caudete","og_description":"P\u00e1gina Oficial del Ayuntamiento de Caudete (Albacete)","og_url":"https:\/\/www.caudete.org\/ayuntamiento\/afectacion-del-trafico-direccion-yecla-y-poligono-a-partir-del-jueves\/","og_site_name":"MI Ayuntamiento de Caudete","article_publisher":"https:\/\/www.facebook.com\/ayuntamientocaudete\/","article_published_time":"2021-02-15T06:31:49+00:00","article_modified_time":"2021-02-15T06:32:09+00:00","og_image":[{"width":1588,"height":755,"url":"https:\/\/www.caudete.org\/ayuntamiento\/wp-content\/uploads\/2021\/02\/WhatsApp-Image-2021-02-11-at-18.51.05.jpeg","type":"image\/jpeg"}],"author":"alcalde","twitter_card":"summary_large_image","twitter_misc":{"Escrito por":"alcalde","Tiempo de lectura":"1 minuto"},"schema":{"@context":"https:\/\/schema.org","@graph":[{"@type":"Article","@id":"https:\/\/www.caudete.org\/ayuntamiento\/afectacion-del-trafico-direccion-yecla-y-poligono-a-partir-del-jueves\/#article","isPartOf":{"@id":"https:\/\/www.caudete.org\/ayuntamiento\/afectacion-del-trafico-direccion-yecla-y-poligono-a-partir-del-jueves\/"},"author":{"name":"alcalde","@id":"https:\/\/www.caudete.org\/ayuntamiento\/#\/schema\/person\/cc646da9133078ee4d8dd47457947253"},"headline":"Afectaci\u00f3n del tr\u00e1fico entrada y salida Caudete-Yecla a partir del JUEVES","datePublished":"2021-02-15T06:31:49+00:00","dateModified":"2021-02-15T06:32:09+00:00","mainEntityOfPage":{"@id":"https:\/\/www.caudete.org\/ayuntamiento\/afectacion-del-trafico-direccion-yecla-y-poligono-a-partir-del-jueves\/"},"wordCount":256,"image":{"@id":"https:\/\/www.caudete.org\/ayuntamiento\/afectacion-del-trafico-direccion-yecla-y-poligono-a-partir-del-jueves\/#primaryimage"},"thumbnailUrl":"https:\/\/www.caudete.org\/ayuntamiento\/wp-content\/uploads\/2021\/02\/WhatsApp-Image-2021-02-11-at-18.51.05.jpeg","keywords":["a33","accesos caudete","desvio trafico","rotonda"],"articleSection":["Movilidad Urbana"],"inLanguage":"es"},{"@type":"WebPage","@id":"https:\/\/www.caudete.org\/ayuntamiento\/afectacion-del-trafico-direccion-yecla-y-poligono-a-partir-del-jueves\/","url":"https:\/\/www.caudete.org\/ayuntamiento\/afectacion-del-trafico-direccion-yecla-y-poligono-a-partir-del-jueves\/","name":"Afectaci\u00f3n del tr\u00e1fico entrada y salida Caudete-Yecla a partir del JUEVES - MI Ayuntamiento de Caudete","isPartOf":{"@id":"https:\/\/www.caudete.org\/ayuntamiento\/#website"},"primaryImageOfPage":{"@id":"https:\/\/www.caudete.org\/ayuntamiento\/afectacion-del-trafico-direccion-yecla-y-poligono-a-partir-del-jueves\/#primaryimage"},"image":{"@id":"https:\/\/www.caudete.org\/ayuntamiento\/afectacion-del-trafico-direccion-yecla-y-poligono-a-partir-del-jueves\/#primaryimage"},"thumbnailUrl":"https:\/\/www.caudete.org\/ayuntamiento\/wp-content\/uploads\/2021\/02\/WhatsApp-Image-2021-02-11-at-18.51.05.jpeg","datePublished":"2021-02-15T06:31:49+00:00","dateModified":"2021-02-15T06:32:09+00:00","author":{"@id":"https:\/\/www.caudete.org\/ayuntamiento\/#\/schema\/person\/cc646da9133078ee4d8dd47457947253"},"description":"P\u00e1gina Oficial del Ayuntamiento de Caudete (Albacete)","breadcrumb":{"@id":"https:\/\/www.caudete.org\/ayuntamiento\/afectacion-del-trafico-direccion-yecla-y-poligono-a-partir-del-jueves\/#breadcrumb"},"inLanguage":"es","potentialAction":[{"@type":"ReadAction","target":["https:\/\/www.caudete.org\/ayuntamiento\/afectacion-del-trafico-direccion-yecla-y-poligono-a-partir-del-jueves\/"]}]},{"@type":"ImageObject","inLanguage":"es","@id":"https:\/\/www.caudete.org\/ayuntamiento\/afectacion-del-trafico-direccion-yecla-y-poligono-a-partir-del-jueves\/#primaryimage","url":"https:\/\/www.caudete.org\/ayuntamiento\/wp-content\/uploads\/2021\/02\/WhatsApp-Image-2021-02-11-at-18.51.05.jpeg","contentUrl":"https:\/\/www.caudete.org\/ayuntamiento\/wp-content\/uploads\/2021\/02\/WhatsApp-Image-2021-02-11-at-18.51.05.jpeg","width":1588,"height":755},{"@type":"BreadcrumbList","@id":"https:\/\/www.caudete.org\/ayuntamiento\/afectacion-del-trafico-direccion-yecla-y-poligono-a-partir-del-jueves\/#breadcrumb","itemListElement":[{"@type":"ListItem","position":1,"name":"Inicio","item":"https:\/\/www.caudete.org\/ayuntamiento\/"},{"@type":"ListItem","position":2,"name":"Afectaci\u00f3n del tr\u00e1fico entrada y salida Caudete-Yecla a partir del JUEVES"}]},{"@type":"WebSite","@id":"https:\/\/www.caudete.org\/ayuntamiento\/#website","url":"https:\/\/www.caudete.org\/ayuntamiento\/","name":"MI Ayuntamiento de Caudete","description":"P\u00e1gina Oficial del MI Ayuntamiento de Caudete","potentialAction":[{"@type":"SearchAction","target":{"@type":"EntryPoint","urlTemplate":"https:\/\/www.caudete.org\/ayuntamiento\/?s={search_term_string}"},"query-input":{"@type":"PropertyValueSpecification","valueRequired":true,"valueName":"search_term_string"}}],"inLanguage":"es"},{"@type":"Person","@id":"https:\/\/www.caudete.org\/ayuntamiento\/#\/schema\/person\/cc646da9133078ee4d8dd47457947253","name":"alcalde","image":{"@type":"ImageObject","inLanguage":"es","@id":"https:\/\/secure.gravatar.com\/avatar\/84a817ba065b29ff08d666b215a215f5c79186a645ccb25b14a663d48a130f77?s=96&d=mm&r=g","url":"https:\/\/secure.gravatar.com\/avatar\/84a817ba065b29ff08d666b215a215f5c79186a645ccb25b14a663d48a130f77?s=96&d=mm&r=g","contentUrl":"https:\/\/secure.gravatar.com\/avatar\/84a817ba065b29ff08d666b215a215f5c79186a645ccb25b14a663d48a130f77?s=96&d=mm&r=g","caption":"alcalde"},"url":"https:\/\/www.caudete.org\/ayuntamiento\/author\/alcalde\/"}]}},"_links":{"self":[{"href":"https:\/\/www.caudete.org\/ayuntamiento\/wp-json\/wp\/v2\/posts\/12119","targetHints":{"allow":["GET"]}}],"collection":[{"href":"https:\/\/www.caudete.org\/ayuntamiento\/wp-json\/wp\/v2\/posts"}],"about":[{"href":"https:\/\/www.caudete.org\/ayuntamiento\/wp-json\/wp\/v2\/types\/post"}],"author":[{"embeddable":true,"href":"https:\/\/www.caudete.org\/ayuntamiento\/wp-json\/wp\/v2\/users\/3"}],"replies":[{"embeddable":true,"href":"https:\/\/www.caudete.org\/ayuntamiento\/wp-json\/wp\/v2\/comments?post=12119"}],"version-history":[{"count":4,"href":"https:\/\/www.caudete.org\/ayuntamiento\/wp-json\/wp\/v2\/posts\/12119\/revisions"}],"predecessor-version":[{"id":12163,"href":"https:\/\/www.caudete.org\/ayuntamiento\/wp-json\/wp\/v2\/posts\/12119\/revisions\/12163"}],"wp:featuredmedia":[{"embeddable":true,"href":"https:\/\/www.caudete.org\/ayuntamiento\/wp-json\/wp\/v2\/media\/12120"}],"wp:attachment":[{"href":"https:\/\/www.caudete.org\/ayuntamiento\/wp-json\/wp\/v2\/media?parent=12119"}],"wp:term":[{"taxonomy":"category","embeddable":true,"href":"https:\/\/www.caudete.org\/ayuntamiento\/wp-json\/wp\/v2\/categories?post=12119"},{"taxonomy":"post_tag","embeddable":true,"href":"https:\/\/www.caudete.org\/ayuntamiento\/wp-json\/wp\/v2\/tags?post=12119"}],"curies":[{"name":"wp","href":"https:\/\/api.w.org\/{rel}","templated":true}]}}