{"id":12195,"date":"2021-02-16T13:39:32","date_gmt":"2021-02-16T12:39:32","guid":{"rendered":"https:\/\/www.caudete.org\/ayuntamiento\/?p=12195"},"modified":"2021-02-16T15:01:33","modified_gmt":"2021-02-16T14:01:33","slug":"diego-cuenca-olivares-concejal-de-comercio-sigue-con-la-campana-de-promocion-del-comercio-local-de-proximidad-de-la-localidad","status":"publish","type":"post","link":"https:\/\/www.caudete.org\/ayuntamiento\/diego-cuenca-olivares-concejal-de-comercio-sigue-con-la-campana-de-promocion-del-comercio-local-de-proximidad-de-la-localidad\/","title":{"rendered":"Diego Cuenca, Concejal de Comercio, sigue con la campa\u00f1a de promoci\u00f3n del Comercio Local"},"content":{"rendered":"<p style=\"text-align: justify;\">Una semana m\u00e1s, la Concejal\u00eda de Comercio que dirige el Edil Diego Cuenca, contin\u00faa con\u00a0 su campa\u00f1a de visibilidad del nuevo Comercio y actividad econ\u00f3mica de proximidad, en la que uno de los objetivos es dar apoyo a los nuevos emprendedores que abren negocios en la localidad.<\/p>\n<p style=\"text-align: justify;\">Esta semana, Cuenca ha visitado a 2 de los nuevos establecimientos que han abierto sus puertas, traslad\u00e1ndoles el apoyo municipal, visibiliz\u00e1ndolos entre la ciudadan\u00eda e invit\u00e1ndoles a sumarse a las actividades que desde el Ayuntamiento se impulsan para mantener y hacer grande el comercio local.<\/p>\n<p style=\"text-align: justify;\"><strong>Lourdes Puche D\u00edaz<\/strong>\u00a0 nos abre las puertas de <strong>\u201cTierra de Yoga\u201d<\/strong> sito en C\/ Alcalde Luis Pascual 47, donde realiza sus clases de\u00a0 Yoga <em>estilo Iyengar,<\/em>\u00a0<em>Restaurativo<\/em>, <em>para ni\u00f1@s<\/em>, <em>para embarazadas<\/em>, <em>para mamas &amp; beb\u00e9s<\/em>, <em>para el c\u00e1ncer<\/em>, <em>para la ansiedad y el estr\u00e9s<\/em>, o incluso <em>para empresas y asociaciones<\/em>. Como ella misma nos explica &#8220;<em>el Yoga no es una actividad corriente, sino una experiencia que deber\u00eda abarcar todos los aspectos de la vida<\/em>&#8220;.<\/p>\n<p style=\"text-align: justify;\"><strong>Bernardo Amiorte<\/strong>, nos ense\u00f1a su nuevo negocio situado en la Calle Atleta Antonio Amor\u00f3s 59 , <strong>\u201cSouvenirs Factory \u201c<\/strong>.\u00a0 Es una empresa dedicada a la impresi\u00f3n de art\u00edculos de regalo y <em>merchandising<\/em>, utilizando para ello la tecnolog\u00eda de impresi\u00f3n directa.<\/p>\n<p style=\"text-align: justify;\">En declaraciones efectuadas a los medios, tanto Lourdes Puche como Bernardo Amiorte, nos han explicado la motivaci\u00f3n que les ha llevado a abrir sus nuevos negocios, agradeciendo\u00a0 a los ciudadanos la buena aceptaci\u00f3n que han tenido y a la Concejal\u00eda de Comercio y al Ayuntamiento su apoyo y compromiso demostrado con el Comercio Local.<\/p>\n<p style=\"text-align: justify;\">Por su parte, el Concejal les ha transmitido la cercan\u00eda del Consistorio, les ha agradecido su valent\u00eda en estos tiempos tan dif\u00edciles y que hayan apostado por Caudete y sus ciudadanos.<\/p>\n<p>&nbsp;<\/p>\n<p style=\"text-align: center;\"><strong>Aqu\u00ed os dejamos los enlaces de sus p\u00e1ginas.<\/strong><\/p>\n<p style=\"text-align: center;\"><a href=\"https:\/\/www.souvenirsfactory.com\/\" target=\"_blank\" rel=\"nofollow\">https:\/\/www.souvenirsfactory.com\/<\/a><\/p>\n<p style=\"text-align: center;\"><a href=\"https:\/\/www.facebook.com\/tierradeyogalur\/\" target=\"_blank\" rel=\"nofollow\">https:\/\/www.facebook.com\/tierradeyogalur\/<\/a><\/p>\n<p>&nbsp;<\/p>\n<p><a href=\"https:\/\/www.caudete.org\/ayuntamiento\/wp-content\/uploads\/2021\/02\/FOTO1.jpg\" rel='prettyPhoto'><img fetchpriority=\"high\" decoding=\"async\" class=\"aligncenter wp-image-12193 size-medium\" src=\"https:\/\/www.caudete.org\/ayuntamiento\/wp-content\/uploads\/2021\/02\/FOTO1-225x300.jpg\" alt=\"\" width=\"225\" height=\"300\" srcset=\"https:\/\/www.caudete.org\/ayuntamiento\/wp-content\/uploads\/2021\/02\/FOTO1-225x300.jpg 225w, https:\/\/www.caudete.org\/ayuntamiento\/wp-content\/uploads\/2021\/02\/FOTO1-768x1024.jpg 768w, https:\/\/www.caudete.org\/ayuntamiento\/wp-content\/uploads\/2021\/02\/FOTO1-1152x1536.jpg 1152w, https:\/\/www.caudete.org\/ayuntamiento\/wp-content\/uploads\/2021\/02\/FOTO1.jpg 1200w\" sizes=\"(max-width: 225px) 100vw, 225px\" \/><\/a><\/p>\n<p><a href=\"https:\/\/www.caudete.org\/ayuntamiento\/wp-content\/uploads\/2021\/02\/FOTO2.jpg\" rel='prettyPhoto'><img decoding=\"async\" class=\"aligncenter wp-image-12194 size-medium\" src=\"https:\/\/www.caudete.org\/ayuntamiento\/wp-content\/uploads\/2021\/02\/FOTO2-225x300.jpg\" alt=\"\" width=\"225\" height=\"300\" srcset=\"https:\/\/www.caudete.org\/ayuntamiento\/wp-content\/uploads\/2021\/02\/FOTO2-225x300.jpg 225w, https:\/\/www.caudete.org\/ayuntamiento\/wp-content\/uploads\/2021\/02\/FOTO2-768x1024.jpg 768w, https:\/\/www.caudete.org\/ayuntamiento\/wp-content\/uploads\/2021\/02\/FOTO2-1152x1536.jpg 1152w, https:\/\/www.caudete.org\/ayuntamiento\/wp-content\/uploads\/2021\/02\/FOTO2.jpg 1200w\" sizes=\"(max-width: 225px) 100vw, 225px\" \/><\/a><\/p>\n","protected":false},"excerpt":{"rendered":"<p>Una semana m\u00e1s, la Concejal\u00eda de Comercio que dirige el Edil Diego Cuenca, contin\u00faa con\u00a0 su campa\u00f1a de visibilidad del nuevo Comercio y actividad econ\u00f3mica de proximidad, en la que uno de los objetivos es dar apoyo a los nuevos emprendedores que abren negocios en la localidad. Esta semana, Cuenca ha visitado a 2 de &hellip;<\/p>\n","protected":false},"author":2,"featured_media":12205,"comment_status":"closed","ping_status":"open","sticky":false,"template":"","format":"standard","meta":{"ngg_post_thumbnail":0,"footnotes":""},"categories":[42],"tags":[434,208,432,431,433],"class_list":["post-12195","post","type-post","status-publish","format-standard","has-post-thumbnail","hentry","category-comercio","tag-campana","tag-comercio-local","tag-comercio-proximidad","tag-nuevos-comercios","tag-promocion"],"yoast_head":"<!-- This site is optimized with the Yoast SEO plugin v27.5 - https:\/\/yoast.com\/product\/yoast-seo-wordpress\/ -->\n<title>Diego Cuenca, Concejal de Comercio, sigue con la campa\u00f1a de promoci\u00f3n del Comercio Local - MI Ayuntamiento de Caudete<\/title>\n<meta name=\"description\" content=\"P\u00e1gina Oficial del Ayuntamiento de Caudete (Albacete)\" \/>\n<meta name=\"robots\" content=\"index, follow, max-snippet:-1, max-image-preview:large, max-video-preview:-1\" \/>\n<link rel=\"canonical\" href=\"https:\/\/www.caudete.org\/ayuntamiento\/diego-cuenca-olivares-concejal-de-comercio-sigue-con-la-campana-de-promocion-del-comercio-local-de-proximidad-de-la-localidad\/\" \/>\n<meta property=\"og:locale\" content=\"es_ES\" \/>\n<meta property=\"og:type\" content=\"article\" \/>\n<meta property=\"og:title\" content=\"Diego Cuenca, Concejal de Comercio, sigue con la campa\u00f1a de promoci\u00f3n del Comercio Local - MI Ayuntamiento de Caudete\" \/>\n<meta property=\"og:description\" content=\"P\u00e1gina Oficial del Ayuntamiento de Caudete (Albacete)\" \/>\n<meta property=\"og:url\" content=\"https:\/\/www.caudete.org\/ayuntamiento\/diego-cuenca-olivares-concejal-de-comercio-sigue-con-la-campana-de-promocion-del-comercio-local-de-proximidad-de-la-localidad\/\" \/>\n<meta property=\"og:site_name\" content=\"MI Ayuntamiento de Caudete\" \/>\n<meta property=\"article:publisher\" content=\"https:\/\/www.facebook.com\/ayuntamientocaudete\/\" \/>\n<meta property=\"article:published_time\" content=\"2021-02-16T12:39:32+00:00\" \/>\n<meta property=\"article:modified_time\" content=\"2021-02-16T14:01:33+00:00\" \/>\n<meta property=\"og:image\" content=\"https:\/\/www.caudete.org\/ayuntamiento\/wp-content\/uploads\/2021\/02\/Foto-para-portada2.jpg\" \/>\n\t<meta property=\"og:image:width\" content=\"1920\" \/>\n\t<meta property=\"og:image:height\" content=\"958\" \/>\n\t<meta property=\"og:image:type\" content=\"image\/jpeg\" \/>\n<meta name=\"author\" content=\"Juan\" \/>\n<meta name=\"twitter:card\" content=\"summary_large_image\" \/>\n<meta name=\"twitter:label1\" content=\"Escrito por\" \/>\n\t<meta name=\"twitter:data1\" content=\"Juan\" \/>\n\t<meta name=\"twitter:label2\" content=\"Tiempo de lectura\" \/>\n\t<meta name=\"twitter:data2\" content=\"2 minutos\" \/>\n<script type=\"application\/ld+json\" class=\"yoast-schema-graph\">{\"@context\":\"https:\\\/\\\/schema.org\",\"@graph\":[{\"@type\":\"Article\",\"@id\":\"https:\\\/\\\/www.caudete.org\\\/ayuntamiento\\\/diego-cuenca-olivares-concejal-de-comercio-sigue-con-la-campana-de-promocion-del-comercio-local-de-proximidad-de-la-localidad\\\/#article\",\"isPartOf\":{\"@id\":\"https:\\\/\\\/www.caudete.org\\\/ayuntamiento\\\/diego-cuenca-olivares-concejal-de-comercio-sigue-con-la-campana-de-promocion-del-comercio-local-de-proximidad-de-la-localidad\\\/\"},\"author\":{\"name\":\"Juan\",\"@id\":\"https:\\\/\\\/www.caudete.org\\\/ayuntamiento\\\/#\\\/schema\\\/person\\\/7656a5bb58fca95b9814e940de0fda63\"},\"headline\":\"Diego Cuenca, Concejal de Comercio, sigue con la campa\u00f1a de promoci\u00f3n del Comercio Local\",\"datePublished\":\"2021-02-16T12:39:32+00:00\",\"dateModified\":\"2021-02-16T14:01:33+00:00\",\"mainEntityOfPage\":{\"@id\":\"https:\\\/\\\/www.caudete.org\\\/ayuntamiento\\\/diego-cuenca-olivares-concejal-de-comercio-sigue-con-la-campana-de-promocion-del-comercio-local-de-proximidad-de-la-localidad\\\/\"},\"wordCount\":349,\"publisher\":{\"@id\":\"https:\\\/\\\/www.caudete.org\\\/ayuntamiento\\\/#organization\"},\"image\":{\"@id\":\"https:\\\/\\\/www.caudete.org\\\/ayuntamiento\\\/diego-cuenca-olivares-concejal-de-comercio-sigue-con-la-campana-de-promocion-del-comercio-local-de-proximidad-de-la-localidad\\\/#primaryimage\"},\"thumbnailUrl\":\"https:\\\/\\\/www.caudete.org\\\/ayuntamiento\\\/wp-content\\\/uploads\\\/2021\\\/02\\\/Foto-para-portada2.jpg\",\"keywords\":[\"campa\u00f1a\",\"comercio local\",\"comercio proximidad\",\"nuevos comercios\",\"promocion\"],\"articleSection\":[\"Comercio\"],\"inLanguage\":\"es\"},{\"@type\":\"WebPage\",\"@id\":\"https:\\\/\\\/www.caudete.org\\\/ayuntamiento\\\/diego-cuenca-olivares-concejal-de-comercio-sigue-con-la-campana-de-promocion-del-comercio-local-de-proximidad-de-la-localidad\\\/\",\"url\":\"https:\\\/\\\/www.caudete.org\\\/ayuntamiento\\\/diego-cuenca-olivares-concejal-de-comercio-sigue-con-la-campana-de-promocion-del-comercio-local-de-proximidad-de-la-localidad\\\/\",\"name\":\"Diego Cuenca, Concejal de Comercio, sigue con la campa\u00f1a de promoci\u00f3n del Comercio Local - MI Ayuntamiento de Caudete\",\"isPartOf\":{\"@id\":\"https:\\\/\\\/www.caudete.org\\\/ayuntamiento\\\/#website\"},\"primaryImageOfPage\":{\"@id\":\"https:\\\/\\\/www.caudete.org\\\/ayuntamiento\\\/diego-cuenca-olivares-concejal-de-comercio-sigue-con-la-campana-de-promocion-del-comercio-local-de-proximidad-de-la-localidad\\\/#primaryimage\"},\"image\":{\"@id\":\"https:\\\/\\\/www.caudete.org\\\/ayuntamiento\\\/diego-cuenca-olivares-concejal-de-comercio-sigue-con-la-campana-de-promocion-del-comercio-local-de-proximidad-de-la-localidad\\\/#primaryimage\"},\"thumbnailUrl\":\"https:\\\/\\\/www.caudete.org\\\/ayuntamiento\\\/wp-content\\\/uploads\\\/2021\\\/02\\\/Foto-para-portada2.jpg\",\"datePublished\":\"2021-02-16T12:39:32+00:00\",\"dateModified\":\"2021-02-16T14:01:33+00:00\",\"description\":\"P\u00e1gina Oficial del Ayuntamiento de Caudete (Albacete)\",\"breadcrumb\":{\"@id\":\"https:\\\/\\\/www.caudete.org\\\/ayuntamiento\\\/diego-cuenca-olivares-concejal-de-comercio-sigue-con-la-campana-de-promocion-del-comercio-local-de-proximidad-de-la-localidad\\\/#breadcrumb\"},\"inLanguage\":\"es\",\"potentialAction\":[{\"@type\":\"ReadAction\",\"target\":[\"https:\\\/\\\/www.caudete.org\\\/ayuntamiento\\\/diego-cuenca-olivares-concejal-de-comercio-sigue-con-la-campana-de-promocion-del-comercio-local-de-proximidad-de-la-localidad\\\/\"]}]},{\"@type\":\"ImageObject\",\"inLanguage\":\"es\",\"@id\":\"https:\\\/\\\/www.caudete.org\\\/ayuntamiento\\\/diego-cuenca-olivares-concejal-de-comercio-sigue-con-la-campana-de-promocion-del-comercio-local-de-proximidad-de-la-localidad\\\/#primaryimage\",\"url\":\"https:\\\/\\\/www.caudete.org\\\/ayuntamiento\\\/wp-content\\\/uploads\\\/2021\\\/02\\\/Foto-para-portada2.jpg\",\"contentUrl\":\"https:\\\/\\\/www.caudete.org\\\/ayuntamiento\\\/wp-content\\\/uploads\\\/2021\\\/02\\\/Foto-para-portada2.jpg\",\"width\":1920,\"height\":958},{\"@type\":\"BreadcrumbList\",\"@id\":\"https:\\\/\\\/www.caudete.org\\\/ayuntamiento\\\/diego-cuenca-olivares-concejal-de-comercio-sigue-con-la-campana-de-promocion-del-comercio-local-de-proximidad-de-la-localidad\\\/#breadcrumb\",\"itemListElement\":[{\"@type\":\"ListItem\",\"position\":1,\"name\":\"Inicio\",\"item\":\"https:\\\/\\\/www.caudete.org\\\/ayuntamiento\\\/\"},{\"@type\":\"ListItem\",\"position\":2,\"name\":\"Diego Cuenca, Concejal de Comercio, sigue con la campa\u00f1a de promoci\u00f3n del Comercio Local\"}]},{\"@type\":\"WebSite\",\"@id\":\"https:\\\/\\\/www.caudete.org\\\/ayuntamiento\\\/#website\",\"url\":\"https:\\\/\\\/www.caudete.org\\\/ayuntamiento\\\/\",\"name\":\"MI Ayuntamiento de Caudete\",\"description\":\"P\u00e1gina Oficial del MI Ayuntamiento de Caudete\",\"publisher\":{\"@id\":\"https:\\\/\\\/www.caudete.org\\\/ayuntamiento\\\/#organization\"},\"potentialAction\":[{\"@type\":\"SearchAction\",\"target\":{\"@type\":\"EntryPoint\",\"urlTemplate\":\"https:\\\/\\\/www.caudete.org\\\/ayuntamiento\\\/?s={search_term_string}\"},\"query-input\":{\"@type\":\"PropertyValueSpecification\",\"valueRequired\":true,\"valueName\":\"search_term_string\"}}],\"inLanguage\":\"es\"},{\"@type\":\"Organization\",\"@id\":\"https:\\\/\\\/www.caudete.org\\\/ayuntamiento\\\/#organization\",\"name\":\"Ayuntamiento de Caudete\",\"url\":\"https:\\\/\\\/www.caudete.org\\\/ayuntamiento\\\/\",\"logo\":{\"@type\":\"ImageObject\",\"inLanguage\":\"es\",\"@id\":\"https:\\\/\\\/www.caudete.org\\\/ayuntamiento\\\/#\\\/schema\\\/logo\\\/image\\\/\",\"url\":\"https:\\\/\\\/www.caudete.org\\\/ayuntamiento\\\/wp-content\\\/uploads\\\/2020\\\/11\\\/logo_ayuntamiento_caudete.jpg\",\"contentUrl\":\"https:\\\/\\\/www.caudete.org\\\/ayuntamiento\\\/wp-content\\\/uploads\\\/2020\\\/11\\\/logo_ayuntamiento_caudete.jpg\",\"width\":600,\"height\":150,\"caption\":\"Ayuntamiento de Caudete\"},\"image\":{\"@id\":\"https:\\\/\\\/www.caudete.org\\\/ayuntamiento\\\/#\\\/schema\\\/logo\\\/image\\\/\"},\"sameAs\":[\"https:\\\/\\\/www.facebook.com\\\/ayuntamientocaudete\\\/\",\"https:\\\/\\\/www.youtube.com\\\/channel\\\/UC6VztHaooNsGpw-tNoBEFnQ\"]},{\"@type\":\"Person\",\"@id\":\"https:\\\/\\\/www.caudete.org\\\/ayuntamiento\\\/#\\\/schema\\\/person\\\/7656a5bb58fca95b9814e940de0fda63\",\"name\":\"Juan\",\"image\":{\"@type\":\"ImageObject\",\"inLanguage\":\"es\",\"@id\":\"https:\\\/\\\/secure.gravatar.com\\\/avatar\\\/dd53e51c0cd6ab23f52d4f3e4f1c59730240727763de3dbbf26750b079a2c292?s=96&d=mm&r=g\",\"url\":\"https:\\\/\\\/secure.gravatar.com\\\/avatar\\\/dd53e51c0cd6ab23f52d4f3e4f1c59730240727763de3dbbf26750b079a2c292?s=96&d=mm&r=g\",\"contentUrl\":\"https:\\\/\\\/secure.gravatar.com\\\/avatar\\\/dd53e51c0cd6ab23f52d4f3e4f1c59730240727763de3dbbf26750b079a2c292?s=96&d=mm&r=g\",\"caption\":\"Juan\"},\"url\":\"https:\\\/\\\/www.caudete.org\\\/ayuntamiento\\\/author\\\/centrodeinternet\\\/\"}]}<\/script>\n<!-- \/ Yoast SEO plugin. -->","yoast_head_json":{"title":"Diego Cuenca, Concejal de Comercio, sigue con la campa\u00f1a de promoci\u00f3n del Comercio Local - MI Ayuntamiento de Caudete","description":"P\u00e1gina Oficial del Ayuntamiento de Caudete (Albacete)","robots":{"index":"index","follow":"follow","max-snippet":"max-snippet:-1","max-image-preview":"max-image-preview:large","max-video-preview":"max-video-preview:-1"},"canonical":"https:\/\/www.caudete.org\/ayuntamiento\/diego-cuenca-olivares-concejal-de-comercio-sigue-con-la-campana-de-promocion-del-comercio-local-de-proximidad-de-la-localidad\/","og_locale":"es_ES","og_type":"article","og_title":"Diego Cuenca, Concejal de Comercio, sigue con la campa\u00f1a de promoci\u00f3n del Comercio Local - MI Ayuntamiento de Caudete","og_description":"P\u00e1gina Oficial del Ayuntamiento de Caudete (Albacete)","og_url":"https:\/\/www.caudete.org\/ayuntamiento\/diego-cuenca-olivares-concejal-de-comercio-sigue-con-la-campana-de-promocion-del-comercio-local-de-proximidad-de-la-localidad\/","og_site_name":"MI Ayuntamiento de Caudete","article_publisher":"https:\/\/www.facebook.com\/ayuntamientocaudete\/","article_published_time":"2021-02-16T12:39:32+00:00","article_modified_time":"2021-02-16T14:01:33+00:00","og_image":[{"width":1920,"height":958,"url":"https:\/\/www.caudete.org\/ayuntamiento\/wp-content\/uploads\/2021\/02\/Foto-para-portada2.jpg","type":"image\/jpeg"}],"author":"Juan","twitter_card":"summary_large_image","twitter_misc":{"Escrito por":"Juan","Tiempo de lectura":"2 minutos"},"schema":{"@context":"https:\/\/schema.org","@graph":[{"@type":"Article","@id":"https:\/\/www.caudete.org\/ayuntamiento\/diego-cuenca-olivares-concejal-de-comercio-sigue-con-la-campana-de-promocion-del-comercio-local-de-proximidad-de-la-localidad\/#article","isPartOf":{"@id":"https:\/\/www.caudete.org\/ayuntamiento\/diego-cuenca-olivares-concejal-de-comercio-sigue-con-la-campana-de-promocion-del-comercio-local-de-proximidad-de-la-localidad\/"},"author":{"name":"Juan","@id":"https:\/\/www.caudete.org\/ayuntamiento\/#\/schema\/person\/7656a5bb58fca95b9814e940de0fda63"},"headline":"Diego Cuenca, Concejal de Comercio, sigue con la campa\u00f1a de promoci\u00f3n del Comercio Local","datePublished":"2021-02-16T12:39:32+00:00","dateModified":"2021-02-16T14:01:33+00:00","mainEntityOfPage":{"@id":"https:\/\/www.caudete.org\/ayuntamiento\/diego-cuenca-olivares-concejal-de-comercio-sigue-con-la-campana-de-promocion-del-comercio-local-de-proximidad-de-la-localidad\/"},"wordCount":349,"publisher":{"@id":"https:\/\/www.caudete.org\/ayuntamiento\/#organization"},"image":{"@id":"https:\/\/www.caudete.org\/ayuntamiento\/diego-cuenca-olivares-concejal-de-comercio-sigue-con-la-campana-de-promocion-del-comercio-local-de-proximidad-de-la-localidad\/#primaryimage"},"thumbnailUrl":"https:\/\/www.caudete.org\/ayuntamiento\/wp-content\/uploads\/2021\/02\/Foto-para-portada2.jpg","keywords":["campa\u00f1a","comercio local","comercio proximidad","nuevos comercios","promocion"],"articleSection":["Comercio"],"inLanguage":"es"},{"@type":"WebPage","@id":"https:\/\/www.caudete.org\/ayuntamiento\/diego-cuenca-olivares-concejal-de-comercio-sigue-con-la-campana-de-promocion-del-comercio-local-de-proximidad-de-la-localidad\/","url":"https:\/\/www.caudete.org\/ayuntamiento\/diego-cuenca-olivares-concejal-de-comercio-sigue-con-la-campana-de-promocion-del-comercio-local-de-proximidad-de-la-localidad\/","name":"Diego Cuenca, Concejal de Comercio, sigue con la campa\u00f1a de promoci\u00f3n del Comercio Local - MI Ayuntamiento de Caudete","isPartOf":{"@id":"https:\/\/www.caudete.org\/ayuntamiento\/#website"},"primaryImageOfPage":{"@id":"https:\/\/www.caudete.org\/ayuntamiento\/diego-cuenca-olivares-concejal-de-comercio-sigue-con-la-campana-de-promocion-del-comercio-local-de-proximidad-de-la-localidad\/#primaryimage"},"image":{"@id":"https:\/\/www.caudete.org\/ayuntamiento\/diego-cuenca-olivares-concejal-de-comercio-sigue-con-la-campana-de-promocion-del-comercio-local-de-proximidad-de-la-localidad\/#primaryimage"},"thumbnailUrl":"https:\/\/www.caudete.org\/ayuntamiento\/wp-content\/uploads\/2021\/02\/Foto-para-portada2.jpg","datePublished":"2021-02-16T12:39:32+00:00","dateModified":"2021-02-16T14:01:33+00:00","description":"P\u00e1gina Oficial del Ayuntamiento de Caudete (Albacete)","breadcrumb":{"@id":"https:\/\/www.caudete.org\/ayuntamiento\/diego-cuenca-olivares-concejal-de-comercio-sigue-con-la-campana-de-promocion-del-comercio-local-de-proximidad-de-la-localidad\/#breadcrumb"},"inLanguage":"es","potentialAction":[{"@type":"ReadAction","target":["https:\/\/www.caudete.org\/ayuntamiento\/diego-cuenca-olivares-concejal-de-comercio-sigue-con-la-campana-de-promocion-del-comercio-local-de-proximidad-de-la-localidad\/"]}]},{"@type":"ImageObject","inLanguage":"es","@id":"https:\/\/www.caudete.org\/ayuntamiento\/diego-cuenca-olivares-concejal-de-comercio-sigue-con-la-campana-de-promocion-del-comercio-local-de-proximidad-de-la-localidad\/#primaryimage","url":"https:\/\/www.caudete.org\/ayuntamiento\/wp-content\/uploads\/2021\/02\/Foto-para-portada2.jpg","contentUrl":"https:\/\/www.caudete.org\/ayuntamiento\/wp-content\/uploads\/2021\/02\/Foto-para-portada2.jpg","width":1920,"height":958},{"@type":"BreadcrumbList","@id":"https:\/\/www.caudete.org\/ayuntamiento\/diego-cuenca-olivares-concejal-de-comercio-sigue-con-la-campana-de-promocion-del-comercio-local-de-proximidad-de-la-localidad\/#breadcrumb","itemListElement":[{"@type":"ListItem","position":1,"name":"Inicio","item":"https:\/\/www.caudete.org\/ayuntamiento\/"},{"@type":"ListItem","position":2,"name":"Diego Cuenca, Concejal de Comercio, sigue con la campa\u00f1a de promoci\u00f3n del Comercio Local"}]},{"@type":"WebSite","@id":"https:\/\/www.caudete.org\/ayuntamiento\/#website","url":"https:\/\/www.caudete.org\/ayuntamiento\/","name":"MI Ayuntamiento de Caudete","description":"P\u00e1gina Oficial del MI Ayuntamiento de Caudete","publisher":{"@id":"https:\/\/www.caudete.org\/ayuntamiento\/#organization"},"potentialAction":[{"@type":"SearchAction","target":{"@type":"EntryPoint","urlTemplate":"https:\/\/www.caudete.org\/ayuntamiento\/?s={search_term_string}"},"query-input":{"@type":"PropertyValueSpecification","valueRequired":true,"valueName":"search_term_string"}}],"inLanguage":"es"},{"@type":"Organization","@id":"https:\/\/www.caudete.org\/ayuntamiento\/#organization","name":"Ayuntamiento de Caudete","url":"https:\/\/www.caudete.org\/ayuntamiento\/","logo":{"@type":"ImageObject","inLanguage":"es","@id":"https:\/\/www.caudete.org\/ayuntamiento\/#\/schema\/logo\/image\/","url":"https:\/\/www.caudete.org\/ayuntamiento\/wp-content\/uploads\/2020\/11\/logo_ayuntamiento_caudete.jpg","contentUrl":"https:\/\/www.caudete.org\/ayuntamiento\/wp-content\/uploads\/2020\/11\/logo_ayuntamiento_caudete.jpg","width":600,"height":150,"caption":"Ayuntamiento de Caudete"},"image":{"@id":"https:\/\/www.caudete.org\/ayuntamiento\/#\/schema\/logo\/image\/"},"sameAs":["https:\/\/www.facebook.com\/ayuntamientocaudete\/","https:\/\/www.youtube.com\/channel\/UC6VztHaooNsGpw-tNoBEFnQ"]},{"@type":"Person","@id":"https:\/\/www.caudete.org\/ayuntamiento\/#\/schema\/person\/7656a5bb58fca95b9814e940de0fda63","name":"Juan","image":{"@type":"ImageObject","inLanguage":"es","@id":"https:\/\/secure.gravatar.com\/avatar\/dd53e51c0cd6ab23f52d4f3e4f1c59730240727763de3dbbf26750b079a2c292?s=96&d=mm&r=g","url":"https:\/\/secure.gravatar.com\/avatar\/dd53e51c0cd6ab23f52d4f3e4f1c59730240727763de3dbbf26750b079a2c292?s=96&d=mm&r=g","contentUrl":"https:\/\/secure.gravatar.com\/avatar\/dd53e51c0cd6ab23f52d4f3e4f1c59730240727763de3dbbf26750b079a2c292?s=96&d=mm&r=g","caption":"Juan"},"url":"https:\/\/www.caudete.org\/ayuntamiento\/author\/centrodeinternet\/"}]}},"_links":{"self":[{"href":"https:\/\/www.caudete.org\/ayuntamiento\/wp-json\/wp\/v2\/posts\/12195","targetHints":{"allow":["GET"]}}],"collection":[{"href":"https:\/\/www.caudete.org\/ayuntamiento\/wp-json\/wp\/v2\/posts"}],"about":[{"href":"https:\/\/www.caudete.org\/ayuntamiento\/wp-json\/wp\/v2\/types\/post"}],"author":[{"embeddable":true,"href":"https:\/\/www.caudete.org\/ayuntamiento\/wp-json\/wp\/v2\/users\/2"}],"replies":[{"embeddable":true,"href":"https:\/\/www.caudete.org\/ayuntamiento\/wp-json\/wp\/v2\/comments?post=12195"}],"version-history":[{"count":6,"href":"https:\/\/www.caudete.org\/ayuntamiento\/wp-json\/wp\/v2\/posts\/12195\/revisions"}],"predecessor-version":[{"id":12210,"href":"https:\/\/www.caudete.org\/ayuntamiento\/wp-json\/wp\/v2\/posts\/12195\/revisions\/12210"}],"wp:featuredmedia":[{"embeddable":true,"href":"https:\/\/www.caudete.org\/ayuntamiento\/wp-json\/wp\/v2\/media\/12205"}],"wp:attachment":[{"href":"https:\/\/www.caudete.org\/ayuntamiento\/wp-json\/wp\/v2\/media?parent=12195"}],"wp:term":[{"taxonomy":"category","embeddable":true,"href":"https:\/\/www.caudete.org\/ayuntamiento\/wp-json\/wp\/v2\/categories?post=12195"},{"taxonomy":"post_tag","embeddable":true,"href":"https:\/\/www.caudete.org\/ayuntamiento\/wp-json\/wp\/v2\/tags?post=12195"}],"curies":[{"name":"wp","href":"https:\/\/api.w.org\/{rel}","templated":true}]}}