{"id":12212,"date":"2021-02-16T14:34:12","date_gmt":"2021-02-16T13:34:12","guid":{"rendered":"https:\/\/www.caudete.org\/ayuntamiento\/?p=12212"},"modified":"2021-02-16T16:07:55","modified_gmt":"2021-02-16T15:07:55","slug":"la-policia-local-cuenta-con-un-desfibrilador-externo","status":"publish","type":"post","link":"https:\/\/www.caudete.org\/ayuntamiento\/la-policia-local-cuenta-con-un-desfibrilador-externo\/","title":{"rendered":"La Polic\u00eda Local cuenta con un DESFIBRILADOR externo"},"content":{"rendered":"<p style=\"text-align: center;\"><a href=\"https:\/\/www.caudete.org\/ayuntamiento\/wp-content\/uploads\/2021\/02\/WhatsApp-Image-2021-02-15-at-16.18.57_-1.jpeg\" rel='prettyPhoto'><img fetchpriority=\"high\" decoding=\"async\" class=\"alignnone wp-image-12217 size-medium\" src=\"https:\/\/www.caudete.org\/ayuntamiento\/wp-content\/uploads\/2021\/02\/WhatsApp-Image-2021-02-15-at-16.18.57_-1-300x195.jpeg\" alt=\"\" width=\"300\" height=\"195\" srcset=\"https:\/\/www.caudete.org\/ayuntamiento\/wp-content\/uploads\/2021\/02\/WhatsApp-Image-2021-02-15-at-16.18.57_-1-300x195.jpeg 300w, https:\/\/www.caudete.org\/ayuntamiento\/wp-content\/uploads\/2021\/02\/WhatsApp-Image-2021-02-15-at-16.18.57_-1-768x499.jpeg 768w, https:\/\/www.caudete.org\/ayuntamiento\/wp-content\/uploads\/2021\/02\/WhatsApp-Image-2021-02-15-at-16.18.57_-1.jpeg 1006w\" sizes=\"(max-width: 300px) 100vw, 300px\" \/><\/a><\/p>\n<p style=\"text-align: justify;\">La Concejal\u00eda de Sanidad, dentro del <strong>Plan &#8220;<em>Caudete Cardioprotegido<\/em>&#8220;<\/strong> ha adquirido un desfibrilador externo (DESA) para la Polic\u00eda Local.<\/p>\n<p style=\"text-align: justify;\">Ello supone dotar de herramientas al cuerpo policial para mejorar la prestaci\u00f3n de los servicios a la ciudadan\u00eda ante una situaci\u00f3n sanitaria, mejorando por tanto la respuesta, y haci\u00e9ndola m\u00e1s r\u00e1pida y efectiva ante una situaci\u00f3n imprevista.<\/p>\n<p style=\"text-align: justify;\">Con esta acci\u00f3n, el Equipo de Gobierno da continuidad a uno de sus objetivos y compromiso adquirido con los caudetanos: hacer de Caudete un pueblo <em>Cardioprotegido<\/em>, donde los impuestos de los vecinos se inviertan en la salud de todos ellos. inversi\u00f3n ejecutada con cargo al Presupuesto 2020, que destin\u00f3 a este programa un total de 4.700\u20ac<\/p>\n<p style=\"text-align: justify;\">As\u00ed pues, <strong>el veh\u00edculo policial ya est\u00e1 equipado con un desfibrilador semiautom\u00e1tico externo<\/strong>, que permita poder proteger la salud poblacional y responder as\u00ed ante un aparada cardiorrespiratoria en cualquier punto del t\u00e9rmino al que pueda actuar la Polic\u00eda Local mientras llegan los servicios sanitarios.<\/p>\n<p style=\"text-align: justify;\">Adem\u00e1s, el cuerpo policial, ha llevado a cabo una jornada formativa para ense\u00f1ar a todos los agentes a usar de forma correcta este dispositivo. La formaci\u00f3n de los agentes de polic\u00eda ante este tipo de situaciones es fundamental para garantizar una respuesta adecuada ante imprevistos sanitarios y emergencias, pues debemos de tener presente que cuando llamamos al 112, y se movilizan las emergencias, es la Polic\u00eda Local quien en la mayor\u00eda de casos llega primero al lugar de la emergencia. Por tanto, con la formaci\u00f3n y el material adecuado pueden actuar y ayudar a asegurar la vida de los ciudadanos.<\/p>\n<p style=\"text-align: justify;\">Este nuevo DESA se suma a los dem\u00e1s desfibrilador instalados en la Ciudad Deportiva, Casa de Cultura y veh\u00edculo de Protecci\u00f3n Civil, cuyo personal ya est\u00e1 cualificado para la utilizaci\u00f3n de estos aparatos de cara a una actuaci\u00f3n urgente.<\/p>\n","protected":false},"excerpt":{"rendered":"<p>La Concejal\u00eda de Sanidad, dentro del Plan &#8220;Caudete Cardioprotegido&#8220; ha adquirido un desfibrilador externo (DESA) para la Polic\u00eda Local. Ello supone dotar de herramientas al cuerpo policial para mejorar la prestaci\u00f3n de los servicios a la ciudadan\u00eda ante una situaci\u00f3n sanitaria, mejorando por tanto la respuesta, y haci\u00e9ndola m\u00e1s r\u00e1pida y efectiva ante una situaci\u00f3n &hellip;<\/p>\n","protected":false},"author":3,"featured_media":12222,"comment_status":"closed","ping_status":"open","sticky":false,"template":"","format":"standard","meta":{"ngg_post_thumbnail":0,"footnotes":""},"categories":[16],"tags":[437,435,436,328],"class_list":["post-12212","post","type-post","status-publish","format-standard","has-post-thumbnail","hentry","category-sanidad","tag-cardioprotegido","tag-desa","tag-desfibrilador","tag-policia-local"],"yoast_head":"<!-- This site is optimized with the Yoast SEO plugin v27.5 - https:\/\/yoast.com\/product\/yoast-seo-wordpress\/ -->\n<title>La Polic\u00eda Local cuenta con un DESFIBRILADOR externo - MI Ayuntamiento de Caudete<\/title>\n<meta name=\"description\" content=\"P\u00e1gina Oficial del Ayuntamiento de Caudete (Albacete)\" \/>\n<meta name=\"robots\" content=\"index, follow, max-snippet:-1, max-image-preview:large, max-video-preview:-1\" \/>\n<link rel=\"canonical\" href=\"https:\/\/www.caudete.org\/ayuntamiento\/la-policia-local-cuenta-con-un-desfibrilador-externo\/\" \/>\n<meta property=\"og:locale\" content=\"es_ES\" \/>\n<meta property=\"og:type\" content=\"article\" \/>\n<meta property=\"og:title\" content=\"La Polic\u00eda Local cuenta con un DESFIBRILADOR externo - MI Ayuntamiento de Caudete\" \/>\n<meta property=\"og:description\" content=\"P\u00e1gina Oficial del Ayuntamiento de Caudete (Albacete)\" \/>\n<meta property=\"og:url\" content=\"https:\/\/www.caudete.org\/ayuntamiento\/la-policia-local-cuenta-con-un-desfibrilador-externo\/\" \/>\n<meta property=\"og:site_name\" content=\"MI Ayuntamiento de Caudete\" \/>\n<meta property=\"article:publisher\" content=\"https:\/\/www.facebook.com\/ayuntamientocaudete\/\" \/>\n<meta property=\"article:published_time\" content=\"2021-02-16T13:34:12+00:00\" \/>\n<meta property=\"article:modified_time\" content=\"2021-02-16T15:07:55+00:00\" \/>\n<meta property=\"og:image\" content=\"https:\/\/www.caudete.org\/ayuntamiento\/wp-content\/uploads\/2021\/02\/WhatsApp-Image-2021-02-15-at-16.18.57_RECORTADA.jpg\" \/>\n\t<meta property=\"og:image:width\" content=\"1159\" \/>\n\t<meta property=\"og:image:height\" content=\"668\" \/>\n\t<meta property=\"og:image:type\" content=\"image\/jpeg\" \/>\n<meta name=\"author\" content=\"alcalde\" \/>\n<meta name=\"twitter:card\" content=\"summary_large_image\" \/>\n<meta name=\"twitter:label1\" content=\"Escrito por\" \/>\n\t<meta name=\"twitter:data1\" content=\"alcalde\" \/>\n\t<meta name=\"twitter:label2\" content=\"Tiempo de lectura\" \/>\n\t<meta name=\"twitter:data2\" content=\"2 minutos\" \/>\n<script type=\"application\/ld+json\" class=\"yoast-schema-graph\">{\"@context\":\"https:\\\/\\\/schema.org\",\"@graph\":[{\"@type\":\"Article\",\"@id\":\"https:\\\/\\\/www.caudete.org\\\/ayuntamiento\\\/la-policia-local-cuenta-con-un-desfibrilador-externo\\\/#article\",\"isPartOf\":{\"@id\":\"https:\\\/\\\/www.caudete.org\\\/ayuntamiento\\\/la-policia-local-cuenta-con-un-desfibrilador-externo\\\/\"},\"author\":{\"name\":\"alcalde\",\"@id\":\"https:\\\/\\\/www.caudete.org\\\/ayuntamiento\\\/#\\\/schema\\\/person\\\/cc646da9133078ee4d8dd47457947253\"},\"headline\":\"La Polic\u00eda Local cuenta con un DESFIBRILADOR externo\",\"datePublished\":\"2021-02-16T13:34:12+00:00\",\"dateModified\":\"2021-02-16T15:07:55+00:00\",\"mainEntityOfPage\":{\"@id\":\"https:\\\/\\\/www.caudete.org\\\/ayuntamiento\\\/la-policia-local-cuenta-con-un-desfibrilador-externo\\\/\"},\"wordCount\":328,\"publisher\":{\"@id\":\"https:\\\/\\\/www.caudete.org\\\/ayuntamiento\\\/#organization\"},\"image\":{\"@id\":\"https:\\\/\\\/www.caudete.org\\\/ayuntamiento\\\/la-policia-local-cuenta-con-un-desfibrilador-externo\\\/#primaryimage\"},\"thumbnailUrl\":\"https:\\\/\\\/www.caudete.org\\\/ayuntamiento\\\/wp-content\\\/uploads\\\/2021\\\/02\\\/WhatsApp-Image-2021-02-15-at-16.18.57_RECORTADA.jpg\",\"keywords\":[\"cardioprotegido\",\"desa\",\"desfibrilador\",\"policia local\"],\"articleSection\":[\"Sanidad\"],\"inLanguage\":\"es\"},{\"@type\":\"WebPage\",\"@id\":\"https:\\\/\\\/www.caudete.org\\\/ayuntamiento\\\/la-policia-local-cuenta-con-un-desfibrilador-externo\\\/\",\"url\":\"https:\\\/\\\/www.caudete.org\\\/ayuntamiento\\\/la-policia-local-cuenta-con-un-desfibrilador-externo\\\/\",\"name\":\"La Polic\u00eda Local cuenta con un DESFIBRILADOR externo - MI Ayuntamiento de Caudete\",\"isPartOf\":{\"@id\":\"https:\\\/\\\/www.caudete.org\\\/ayuntamiento\\\/#website\"},\"primaryImageOfPage\":{\"@id\":\"https:\\\/\\\/www.caudete.org\\\/ayuntamiento\\\/la-policia-local-cuenta-con-un-desfibrilador-externo\\\/#primaryimage\"},\"image\":{\"@id\":\"https:\\\/\\\/www.caudete.org\\\/ayuntamiento\\\/la-policia-local-cuenta-con-un-desfibrilador-externo\\\/#primaryimage\"},\"thumbnailUrl\":\"https:\\\/\\\/www.caudete.org\\\/ayuntamiento\\\/wp-content\\\/uploads\\\/2021\\\/02\\\/WhatsApp-Image-2021-02-15-at-16.18.57_RECORTADA.jpg\",\"datePublished\":\"2021-02-16T13:34:12+00:00\",\"dateModified\":\"2021-02-16T15:07:55+00:00\",\"description\":\"P\u00e1gina Oficial del Ayuntamiento de Caudete (Albacete)\",\"breadcrumb\":{\"@id\":\"https:\\\/\\\/www.caudete.org\\\/ayuntamiento\\\/la-policia-local-cuenta-con-un-desfibrilador-externo\\\/#breadcrumb\"},\"inLanguage\":\"es\",\"potentialAction\":[{\"@type\":\"ReadAction\",\"target\":[\"https:\\\/\\\/www.caudete.org\\\/ayuntamiento\\\/la-policia-local-cuenta-con-un-desfibrilador-externo\\\/\"]}]},{\"@type\":\"ImageObject\",\"inLanguage\":\"es\",\"@id\":\"https:\\\/\\\/www.caudete.org\\\/ayuntamiento\\\/la-policia-local-cuenta-con-un-desfibrilador-externo\\\/#primaryimage\",\"url\":\"https:\\\/\\\/www.caudete.org\\\/ayuntamiento\\\/wp-content\\\/uploads\\\/2021\\\/02\\\/WhatsApp-Image-2021-02-15-at-16.18.57_RECORTADA.jpg\",\"contentUrl\":\"https:\\\/\\\/www.caudete.org\\\/ayuntamiento\\\/wp-content\\\/uploads\\\/2021\\\/02\\\/WhatsApp-Image-2021-02-15-at-16.18.57_RECORTADA.jpg\",\"width\":1159,\"height\":668},{\"@type\":\"BreadcrumbList\",\"@id\":\"https:\\\/\\\/www.caudete.org\\\/ayuntamiento\\\/la-policia-local-cuenta-con-un-desfibrilador-externo\\\/#breadcrumb\",\"itemListElement\":[{\"@type\":\"ListItem\",\"position\":1,\"name\":\"Inicio\",\"item\":\"https:\\\/\\\/www.caudete.org\\\/ayuntamiento\\\/\"},{\"@type\":\"ListItem\",\"position\":2,\"name\":\"La Polic\u00eda Local cuenta con un DESFIBRILADOR externo\"}]},{\"@type\":\"WebSite\",\"@id\":\"https:\\\/\\\/www.caudete.org\\\/ayuntamiento\\\/#website\",\"url\":\"https:\\\/\\\/www.caudete.org\\\/ayuntamiento\\\/\",\"name\":\"MI Ayuntamiento de Caudete\",\"description\":\"P\u00e1gina Oficial del MI Ayuntamiento de Caudete\",\"publisher\":{\"@id\":\"https:\\\/\\\/www.caudete.org\\\/ayuntamiento\\\/#organization\"},\"potentialAction\":[{\"@type\":\"SearchAction\",\"target\":{\"@type\":\"EntryPoint\",\"urlTemplate\":\"https:\\\/\\\/www.caudete.org\\\/ayuntamiento\\\/?s={search_term_string}\"},\"query-input\":{\"@type\":\"PropertyValueSpecification\",\"valueRequired\":true,\"valueName\":\"search_term_string\"}}],\"inLanguage\":\"es\"},{\"@type\":\"Organization\",\"@id\":\"https:\\\/\\\/www.caudete.org\\\/ayuntamiento\\\/#organization\",\"name\":\"Ayuntamiento de Caudete\",\"url\":\"https:\\\/\\\/www.caudete.org\\\/ayuntamiento\\\/\",\"logo\":{\"@type\":\"ImageObject\",\"inLanguage\":\"es\",\"@id\":\"https:\\\/\\\/www.caudete.org\\\/ayuntamiento\\\/#\\\/schema\\\/logo\\\/image\\\/\",\"url\":\"https:\\\/\\\/www.caudete.org\\\/ayuntamiento\\\/wp-content\\\/uploads\\\/2020\\\/11\\\/logo_ayuntamiento_caudete.jpg\",\"contentUrl\":\"https:\\\/\\\/www.caudete.org\\\/ayuntamiento\\\/wp-content\\\/uploads\\\/2020\\\/11\\\/logo_ayuntamiento_caudete.jpg\",\"width\":600,\"height\":150,\"caption\":\"Ayuntamiento de Caudete\"},\"image\":{\"@id\":\"https:\\\/\\\/www.caudete.org\\\/ayuntamiento\\\/#\\\/schema\\\/logo\\\/image\\\/\"},\"sameAs\":[\"https:\\\/\\\/www.facebook.com\\\/ayuntamientocaudete\\\/\",\"https:\\\/\\\/www.youtube.com\\\/channel\\\/UC6VztHaooNsGpw-tNoBEFnQ\"]},{\"@type\":\"Person\",\"@id\":\"https:\\\/\\\/www.caudete.org\\\/ayuntamiento\\\/#\\\/schema\\\/person\\\/cc646da9133078ee4d8dd47457947253\",\"name\":\"alcalde\",\"image\":{\"@type\":\"ImageObject\",\"inLanguage\":\"es\",\"@id\":\"https:\\\/\\\/secure.gravatar.com\\\/avatar\\\/84a817ba065b29ff08d666b215a215f5c79186a645ccb25b14a663d48a130f77?s=96&d=mm&r=g\",\"url\":\"https:\\\/\\\/secure.gravatar.com\\\/avatar\\\/84a817ba065b29ff08d666b215a215f5c79186a645ccb25b14a663d48a130f77?s=96&d=mm&r=g\",\"contentUrl\":\"https:\\\/\\\/secure.gravatar.com\\\/avatar\\\/84a817ba065b29ff08d666b215a215f5c79186a645ccb25b14a663d48a130f77?s=96&d=mm&r=g\",\"caption\":\"alcalde\"},\"url\":\"https:\\\/\\\/www.caudete.org\\\/ayuntamiento\\\/author\\\/alcalde\\\/\"}]}<\/script>\n<!-- \/ Yoast SEO plugin. -->","yoast_head_json":{"title":"La Polic\u00eda Local cuenta con un DESFIBRILADOR externo - MI Ayuntamiento de Caudete","description":"P\u00e1gina Oficial del Ayuntamiento de Caudete (Albacete)","robots":{"index":"index","follow":"follow","max-snippet":"max-snippet:-1","max-image-preview":"max-image-preview:large","max-video-preview":"max-video-preview:-1"},"canonical":"https:\/\/www.caudete.org\/ayuntamiento\/la-policia-local-cuenta-con-un-desfibrilador-externo\/","og_locale":"es_ES","og_type":"article","og_title":"La Polic\u00eda Local cuenta con un DESFIBRILADOR externo - MI Ayuntamiento de Caudete","og_description":"P\u00e1gina Oficial del Ayuntamiento de Caudete (Albacete)","og_url":"https:\/\/www.caudete.org\/ayuntamiento\/la-policia-local-cuenta-con-un-desfibrilador-externo\/","og_site_name":"MI Ayuntamiento de Caudete","article_publisher":"https:\/\/www.facebook.com\/ayuntamientocaudete\/","article_published_time":"2021-02-16T13:34:12+00:00","article_modified_time":"2021-02-16T15:07:55+00:00","og_image":[{"width":1159,"height":668,"url":"https:\/\/www.caudete.org\/ayuntamiento\/wp-content\/uploads\/2021\/02\/WhatsApp-Image-2021-02-15-at-16.18.57_RECORTADA.jpg","type":"image\/jpeg"}],"author":"alcalde","twitter_card":"summary_large_image","twitter_misc":{"Escrito por":"alcalde","Tiempo de lectura":"2 minutos"},"schema":{"@context":"https:\/\/schema.org","@graph":[{"@type":"Article","@id":"https:\/\/www.caudete.org\/ayuntamiento\/la-policia-local-cuenta-con-un-desfibrilador-externo\/#article","isPartOf":{"@id":"https:\/\/www.caudete.org\/ayuntamiento\/la-policia-local-cuenta-con-un-desfibrilador-externo\/"},"author":{"name":"alcalde","@id":"https:\/\/www.caudete.org\/ayuntamiento\/#\/schema\/person\/cc646da9133078ee4d8dd47457947253"},"headline":"La Polic\u00eda Local cuenta con un DESFIBRILADOR externo","datePublished":"2021-02-16T13:34:12+00:00","dateModified":"2021-02-16T15:07:55+00:00","mainEntityOfPage":{"@id":"https:\/\/www.caudete.org\/ayuntamiento\/la-policia-local-cuenta-con-un-desfibrilador-externo\/"},"wordCount":328,"publisher":{"@id":"https:\/\/www.caudete.org\/ayuntamiento\/#organization"},"image":{"@id":"https:\/\/www.caudete.org\/ayuntamiento\/la-policia-local-cuenta-con-un-desfibrilador-externo\/#primaryimage"},"thumbnailUrl":"https:\/\/www.caudete.org\/ayuntamiento\/wp-content\/uploads\/2021\/02\/WhatsApp-Image-2021-02-15-at-16.18.57_RECORTADA.jpg","keywords":["cardioprotegido","desa","desfibrilador","policia local"],"articleSection":["Sanidad"],"inLanguage":"es"},{"@type":"WebPage","@id":"https:\/\/www.caudete.org\/ayuntamiento\/la-policia-local-cuenta-con-un-desfibrilador-externo\/","url":"https:\/\/www.caudete.org\/ayuntamiento\/la-policia-local-cuenta-con-un-desfibrilador-externo\/","name":"La Polic\u00eda Local cuenta con un DESFIBRILADOR externo - MI Ayuntamiento de Caudete","isPartOf":{"@id":"https:\/\/www.caudete.org\/ayuntamiento\/#website"},"primaryImageOfPage":{"@id":"https:\/\/www.caudete.org\/ayuntamiento\/la-policia-local-cuenta-con-un-desfibrilador-externo\/#primaryimage"},"image":{"@id":"https:\/\/www.caudete.org\/ayuntamiento\/la-policia-local-cuenta-con-un-desfibrilador-externo\/#primaryimage"},"thumbnailUrl":"https:\/\/www.caudete.org\/ayuntamiento\/wp-content\/uploads\/2021\/02\/WhatsApp-Image-2021-02-15-at-16.18.57_RECORTADA.jpg","datePublished":"2021-02-16T13:34:12+00:00","dateModified":"2021-02-16T15:07:55+00:00","description":"P\u00e1gina Oficial del Ayuntamiento de Caudete (Albacete)","breadcrumb":{"@id":"https:\/\/www.caudete.org\/ayuntamiento\/la-policia-local-cuenta-con-un-desfibrilador-externo\/#breadcrumb"},"inLanguage":"es","potentialAction":[{"@type":"ReadAction","target":["https:\/\/www.caudete.org\/ayuntamiento\/la-policia-local-cuenta-con-un-desfibrilador-externo\/"]}]},{"@type":"ImageObject","inLanguage":"es","@id":"https:\/\/www.caudete.org\/ayuntamiento\/la-policia-local-cuenta-con-un-desfibrilador-externo\/#primaryimage","url":"https:\/\/www.caudete.org\/ayuntamiento\/wp-content\/uploads\/2021\/02\/WhatsApp-Image-2021-02-15-at-16.18.57_RECORTADA.jpg","contentUrl":"https:\/\/www.caudete.org\/ayuntamiento\/wp-content\/uploads\/2021\/02\/WhatsApp-Image-2021-02-15-at-16.18.57_RECORTADA.jpg","width":1159,"height":668},{"@type":"BreadcrumbList","@id":"https:\/\/www.caudete.org\/ayuntamiento\/la-policia-local-cuenta-con-un-desfibrilador-externo\/#breadcrumb","itemListElement":[{"@type":"ListItem","position":1,"name":"Inicio","item":"https:\/\/www.caudete.org\/ayuntamiento\/"},{"@type":"ListItem","position":2,"name":"La Polic\u00eda Local cuenta con un DESFIBRILADOR externo"}]},{"@type":"WebSite","@id":"https:\/\/www.caudete.org\/ayuntamiento\/#website","url":"https:\/\/www.caudete.org\/ayuntamiento\/","name":"MI Ayuntamiento de Caudete","description":"P\u00e1gina Oficial del MI Ayuntamiento de Caudete","publisher":{"@id":"https:\/\/www.caudete.org\/ayuntamiento\/#organization"},"potentialAction":[{"@type":"SearchAction","target":{"@type":"EntryPoint","urlTemplate":"https:\/\/www.caudete.org\/ayuntamiento\/?s={search_term_string}"},"query-input":{"@type":"PropertyValueSpecification","valueRequired":true,"valueName":"search_term_string"}}],"inLanguage":"es"},{"@type":"Organization","@id":"https:\/\/www.caudete.org\/ayuntamiento\/#organization","name":"Ayuntamiento de Caudete","url":"https:\/\/www.caudete.org\/ayuntamiento\/","logo":{"@type":"ImageObject","inLanguage":"es","@id":"https:\/\/www.caudete.org\/ayuntamiento\/#\/schema\/logo\/image\/","url":"https:\/\/www.caudete.org\/ayuntamiento\/wp-content\/uploads\/2020\/11\/logo_ayuntamiento_caudete.jpg","contentUrl":"https:\/\/www.caudete.org\/ayuntamiento\/wp-content\/uploads\/2020\/11\/logo_ayuntamiento_caudete.jpg","width":600,"height":150,"caption":"Ayuntamiento de Caudete"},"image":{"@id":"https:\/\/www.caudete.org\/ayuntamiento\/#\/schema\/logo\/image\/"},"sameAs":["https:\/\/www.facebook.com\/ayuntamientocaudete\/","https:\/\/www.youtube.com\/channel\/UC6VztHaooNsGpw-tNoBEFnQ"]},{"@type":"Person","@id":"https:\/\/www.caudete.org\/ayuntamiento\/#\/schema\/person\/cc646da9133078ee4d8dd47457947253","name":"alcalde","image":{"@type":"ImageObject","inLanguage":"es","@id":"https:\/\/secure.gravatar.com\/avatar\/84a817ba065b29ff08d666b215a215f5c79186a645ccb25b14a663d48a130f77?s=96&d=mm&r=g","url":"https:\/\/secure.gravatar.com\/avatar\/84a817ba065b29ff08d666b215a215f5c79186a645ccb25b14a663d48a130f77?s=96&d=mm&r=g","contentUrl":"https:\/\/secure.gravatar.com\/avatar\/84a817ba065b29ff08d666b215a215f5c79186a645ccb25b14a663d48a130f77?s=96&d=mm&r=g","caption":"alcalde"},"url":"https:\/\/www.caudete.org\/ayuntamiento\/author\/alcalde\/"}]}},"_links":{"self":[{"href":"https:\/\/www.caudete.org\/ayuntamiento\/wp-json\/wp\/v2\/posts\/12212","targetHints":{"allow":["GET"]}}],"collection":[{"href":"https:\/\/www.caudete.org\/ayuntamiento\/wp-json\/wp\/v2\/posts"}],"about":[{"href":"https:\/\/www.caudete.org\/ayuntamiento\/wp-json\/wp\/v2\/types\/post"}],"author":[{"embeddable":true,"href":"https:\/\/www.caudete.org\/ayuntamiento\/wp-json\/wp\/v2\/users\/3"}],"replies":[{"embeddable":true,"href":"https:\/\/www.caudete.org\/ayuntamiento\/wp-json\/wp\/v2\/comments?post=12212"}],"version-history":[{"count":4,"href":"https:\/\/www.caudete.org\/ayuntamiento\/wp-json\/wp\/v2\/posts\/12212\/revisions"}],"predecessor-version":[{"id":12224,"href":"https:\/\/www.caudete.org\/ayuntamiento\/wp-json\/wp\/v2\/posts\/12212\/revisions\/12224"}],"wp:featuredmedia":[{"embeddable":true,"href":"https:\/\/www.caudete.org\/ayuntamiento\/wp-json\/wp\/v2\/media\/12222"}],"wp:attachment":[{"href":"https:\/\/www.caudete.org\/ayuntamiento\/wp-json\/wp\/v2\/media?parent=12212"}],"wp:term":[{"taxonomy":"category","embeddable":true,"href":"https:\/\/www.caudete.org\/ayuntamiento\/wp-json\/wp\/v2\/categories?post=12212"},{"taxonomy":"post_tag","embeddable":true,"href":"https:\/\/www.caudete.org\/ayuntamiento\/wp-json\/wp\/v2\/tags?post=12212"}],"curies":[{"name":"wp","href":"https:\/\/api.w.org\/{rel}","templated":true}]}}